{"id":33801,"date":"2017-08-25T09:00:11","date_gmt":"2017-08-25T12:00:11","guid":{"rendered":"http:\/\/patagoniambiental.com.ar\/info\/?p=33801"},"modified":"2017-08-24T19:38:32","modified_gmt":"2017-08-24T22:38:32","slug":"el-ministro-de-ambiente-argentino-se-disfraza-de-planta","status":"publish","type":"post","link":"https:\/\/patagoniambiental.com.ar\/info\/el-ministro-de-ambiente-argentino-se-disfraza-de-planta\/","title":{"rendered":"El ministro de Ambiente argentino se disfraza de planta"},"content":{"rendered":"<p>\u201cSoy un hombre hoja que trabaja por una Argentina verde\u00a0<a href=\"https:\/\/twitter.com\/hashtag\/CambioClim%C3%A1tico?src=hash\" target=\"_blank\" rel=\"noopener\">#CambioClim\u00e1tico<\/a>\u00ab, escribi\u00f3\u00a0<a href=\"https:\/\/twitter.com\/sergiobergman\/status\/900546010858049536\" target=\"_blank\" rel=\"noopener\">en su cuenta en Twitter el rabino Sergio Bergman,<\/a>\u00a0ministro de Ambiente y Desarrollo Sustentable de Argentina. Si el mensaje encendi\u00f3 las redes no fue por el texto, evidentemente, sino por las fotos que us\u00f3 Bergman para acompa\u00f1arlo. Sucede que el ministro se convirti\u00f3 literalmente en un hombre hoja. Las fotos donde se le ve vestido de planta o camuflado entre una enredadera fueron m\u00e1s \u00abverdes\u00bb de lo que muchos consideraron oportuno, sobre todo trat\u00e1ndose de un alto cargo.<\/p>\n<article class=\"articulo articulo--nointro \">\n<div id=\"articulo_interior\" class=\"articulo__interior\">\n<div id=\"articulo_contenedor\" class=\"articulo__contenedor\">\n<div id=\"cuerpo_noticia\" class=\"articulo-cuerpo\">\n<p>El traje emulaba un jard\u00edn vertical y Bergman lo us\u00f3 para el lanzamiento de la s\u00e9ptima edici\u00f3n del\u00a0<a href=\"https:\/\/elpais.com\/internacional\/2017\/08\/24\/solo_en_argentina\/Green%20Film%20Fest\" target=\"_blank\" rel=\"noopener\">Festival Internacional de Cine Ambiental<\/a>. Si su intenci\u00f3n fue llamar la atenci\u00f3n lo logr\u00f3. \u201cLo importante es que es una movida de concientizaci\u00f3n sobre el cambio clim\u00e1tico. Usar el cine y la cultura para concientizarnos que ser sustentables es un desaf\u00edo de todos. Es una forma simp\u00e1tica y original\u201d, dijo al canal\u00a0<em>Todo Noticias<\/em>.<\/p>\n<p>Cuando le consultaron si el m\u00e9todo pudo parecer poco serio, Bergman se defendi\u00f3. \u00abM\u00e1s all\u00e1 de los simp\u00e1tico o pol\u00e9mico de discutir la foto, lo serio es el fondo de la cuesti\u00f3n que tomemos muy seriamente el cambio clim\u00e1tico y el compromiso para aportar m\u00e1s verde y naturaleza\u00bb.<\/p>\n<p>En las redes sociales no tuvieron piedad con el ministro. \u201cBergman pas\u00f3 a planta permanente\u201d, \u201cEl racimo Bergman\u201d, \u201cEl hombre lechuga\u201d o \u201cEl Rabino Bergman sali\u00f3 vestido como ensalada de r\u00facula y radicheta\u201d, fueron algunos de los mensajes que circularon en las redes.<\/p>\n<section id=\"sumario_2|html\" class=\"sumario_html centro\">\n<div class=\"sumario__interior\"><\/div>\n<div class=\"MediaCard-widthConstraint js-cspForcedStyle\">\n<div class=\"MediaCard-mediaContainer js-cspForcedStyle\"><\/div>\n<\/div>\n<\/section>\n<section id=\"sumario_3|html\" class=\"sumario_html centro\"><a name=\"sumario_3\"><\/a><\/p>\n<div class=\"sumario__interior\">\n<div class=\"sumario-texto\">\n<div class=\"SandboxRoot env-bp-350\">\n<div id=\"twitter-widget-2\" class=\"EmbeddedTweet EmbeddedTweet--edge EmbeddedTweet--mediaForward media-forward js-clickToOpenTarget js-tweetIdInfo tweet-InformationCircle-widgetParent\" lang=\"es\">\n<article class=\"MediaCard\n           MediaCard--mediaForward\n\n           customisable-border\" dir=\"ltr\"><\/p>\n<div class=\"MediaCard-mediaContainer js-cspForcedStyle\">\n<div class=\"MediaCard-mediaAsset\n                ImageGrid\n                ImageGrid--2\n                ImageGrid--roundedTop\n                \"><a class=\"ImageGrid-image\n                  ImageGrid-image-1\n                  CroppedImage\n                  CroppedImage--fillWidth\n                  \" href=\"https:\/\/twitter.com\/SePerel\/status\/900542846998130688\/photo\/1\"><img fetchpriority=\"high\" decoding=\"async\" class=\"CroppedImage-image js-cspForcedStyle\" title=\"Ver imagen en Twitter\" src=\"https:\/\/pbs.twimg.com\/media\/DH9e72QXcAA3Tap.jpg:small\" alt=\"Ver imagen en Twitter\" width=\"750\" height=\"911\" \/><\/a><\/div>\n<\/div>\n<\/article>\n<div class=\"EmbeddedTweet-tweet\"><\/div>\n<\/div>\n<\/div>\n<\/div>\n<\/div>\n<\/section>\n<section id=\"sumario_4|html\" class=\"sumario_html centro\">\n<div class=\"sumario__interior\"><\/div>\n<\/section>\n<p>No es la primera vez que Bergam queda bajo la lupa de la opini\u00f3n p\u00fablica. En octubre del a\u00f1o pasado, cuando se aproximaba el verano y con \u00e9l la temporada de incendios forestales en la Patagonia, el ministro dijo que 2017 ser\u00eda mucho mejor que el anterior en el combate contra el fuego. El problema fue que remat\u00f3 con una frase que gener\u00f3 pol\u00e9mica:\u00a0<a href=\"https:\/\/elpais.com\/internacional\/2016\/10\/13\/argentina\/1476369778_768076.html\" target=\"_blank\" rel=\"noopener\">\u201cAunque como creyente que soy, para el pr\u00f3ximo verano lo m\u00e1s \u00fatil que podemos hacer es rezar<\/a>, adem\u00e1s de trabajar\u201d.<\/p>\n<\/div>\n<\/div>\n<\/div>\n<\/article>\n<aside class=\"otros\">\n<div class=\"otros__interior\"><\/div>\n<\/aside>\n<aside><\/aside>\n<aside>Fuente:\u00a0https:\/\/elpais.com\/internacional\/2017\/08\/24\/solo_en_argentina\/1503581386_966357.html?id_externo_rsoc=TW_CC<\/aside>\n","protected":false},"excerpt":{"rendered":"<p>\u201cSoy un hombre hoja que trabaja por una Argentina verde\u00a0#CambioClim\u00e1tico\u00ab, escribi\u00f3\u00a0en su cuenta en Twitter el rabino Sergio Bergman,\u00a0ministro de [&hellip;]<\/p>\n","protected":false},"author":2,"featured_media":33802,"comment_status":"open","ping_status":"open","sticky":false,"template":"","format":"standard","meta":{"site-sidebar-layout":"default","site-content-layout":"","ast-site-content-layout":"default","site-content-style":"default","site-sidebar-style":"default","ast-global-header-display":"","ast-banner-title-visibility":"","ast-main-header-display":"","ast-hfb-above-header-display":"","ast-hfb-below-header-display":"","ast-hfb-mobile-header-display":"","site-post-title":"","ast-breadcrumbs-content":"","ast-featured-img":"","footer-sml-layout":"","ast-disable-related-posts":"","theme-transparent-header-meta":"","adv-header-id-meta":"","stick-header-meta":"","header-above-stick-meta":"","header-main-stick-meta":"","header-below-stick-meta":"","astra-migrate-meta-layouts":"default","ast-page-background-enabled":"default","ast-page-background-meta":{"desktop":{"background-color":"var(--ast-global-color-5)","background-image":"","background-repeat":"repeat","background-position":"center center","background-size":"auto","background-attachment":"scroll","background-type":"","background-media":"","overlay-type":"","overlay-color":"","overlay-opacity":"","overlay-gradient":""},"tablet":{"background-color":"","background-image":"","background-repeat":"repeat","background-position":"center center","background-size":"auto","background-attachment":"scroll","background-type":"","background-media":"","overlay-type":"","overlay-color":"","overlay-opacity":"","overlay-gradient":""},"mobile":{"background-color":"","background-image":"","background-repeat":"repeat","background-position":"center center","background-size":"auto","background-attachment":"scroll","background-type":"","background-media":"","overlay-type":"","overlay-color":"","overlay-opacity":"","overlay-gradient":""}},"ast-content-background-meta":{"desktop":{"background-color":"var(--ast-global-color-4)","background-image":"","background-repeat":"repeat","background-position":"center center","background-size":"auto","background-attachment":"scroll","background-type":"","background-media":"","overlay-type":"","overlay-color":"","overlay-opacity":"","overlay-gradient":""},"tablet":{"background-color":"var(--ast-global-color-4)","background-image":"","background-repeat":"repeat","background-position":"center center","background-size":"auto","background-attachment":"scroll","background-type":"","background-media":"","overlay-type":"","overlay-color":"","overlay-opacity":"","overlay-gradient":""},"mobile":{"background-color":"var(--ast-global-color-4)","background-image":"","background-repeat":"repeat","background-position":"center center","background-size":"auto","background-attachment":"scroll","background-type":"","background-media":"","overlay-type":"","overlay-color":"","overlay-opacity":"","overlay-gradient":""}},"footnotes":""},"categories":[1],"tags":[],"class_list":["post-33801","post","type-post","status-publish","format-standard","has-post-thumbnail","hentry","category-noticias"],"yoast_head":"<!-- This site is optimized with the Yoast SEO Premium plugin v23.0 (Yoast SEO v27.5) - https:\/\/yoast.com\/product\/yoast-seo-premium-wordpress\/ -->\n<title>El ministro de Ambiente argentino se disfraza de planta<\/title>\n<meta name=\"robots\" content=\"index, follow, max-snippet:-1, max-image-preview:large, max-video-preview:-1\" \/>\n<link rel=\"canonical\" href=\"https:\/\/patagoniambiental.com.ar\/info\/el-ministro-de-ambiente-argentino-se-disfraza-de-planta\/\" \/>\n<meta property=\"og:locale\" content=\"es_ES\" \/>\n<meta property=\"og:type\" content=\"article\" \/>\n<meta property=\"og:title\" content=\"El ministro de Ambiente argentino se disfraza de planta\" \/>\n<meta property=\"og:description\" content=\"\u201cSoy un hombre hoja que trabaja por una Argentina verde\u00a0#CambioClim\u00e1tico\u00ab, escribi\u00f3\u00a0en su cuenta en Twitter el rabino Sergio Bergman,\u00a0ministro de [&hellip;]\" \/>\n<meta property=\"og:url\" content=\"https:\/\/patagoniambiental.com.ar\/info\/el-ministro-de-ambiente-argentino-se-disfraza-de-planta\/\" \/>\n<meta property=\"og:site_name\" content=\"Patagonia Ambiental\" \/>\n<meta property=\"article:publisher\" content=\"https:\/\/www.facebook.com\/patagonia.ambiental\" \/>\n<meta property=\"article:author\" content=\"https:\/\/www.facebook.com\/share\/1C1V8Gv9BX\/?mibextid=qi2Omg\" \/>\n<meta property=\"article:published_time\" content=\"2017-08-25T12:00:11+00:00\" \/>\n<meta property=\"og:image\" content=\"https:\/\/patagoniambiental.com.ar\/info\/wp-content\/uploads\/2017\/08\/bergman-planta.jpg\" \/>\n\t<meta property=\"og:image:width\" content=\"626\" \/>\n\t<meta property=\"og:image:height\" content=\"881\" \/>\n\t<meta property=\"og:image:type\" content=\"image\/jpeg\" \/>\n<meta name=\"author\" content=\"Patagonia Ambiental\" \/>\n<meta name=\"twitter:card\" content=\"summary_large_image\" \/>\n<meta name=\"twitter:creator\" content=\"@PatAmb\" \/>\n<meta name=\"twitter:site\" content=\"@PatAmb\" \/>\n<script type=\"application\/ld+json\" class=\"yoast-schema-graph\">{\"@context\":\"https:\\\/\\\/schema.org\",\"@graph\":[{\"@type\":\"Article\",\"@id\":\"https:\\\/\\\/patagoniambiental.com.ar\\\/info\\\/el-ministro-de-ambiente-argentino-se-disfraza-de-planta\\\/#article\",\"isPartOf\":{\"@id\":\"https:\\\/\\\/patagoniambiental.com.ar\\\/info\\\/el-ministro-de-ambiente-argentino-se-disfraza-de-planta\\\/\"},\"author\":{\"name\":\"Patagonia Ambiental\",\"@id\":\"https:\\\/\\\/patagoniambiental.com.ar\\\/info\\\/#\\\/schema\\\/person\\\/db12bff64bbcbf6a253710bf0ea37b5d\"},\"headline\":\"El ministro de Ambiente argentino se disfraza de planta\",\"datePublished\":\"2017-08-25T12:00:11+00:00\",\"mainEntityOfPage\":{\"@id\":\"https:\\\/\\\/patagoniambiental.com.ar\\\/info\\\/el-ministro-de-ambiente-argentino-se-disfraza-de-planta\\\/\"},\"wordCount\":389,\"commentCount\":0,\"publisher\":{\"@id\":\"https:\\\/\\\/patagoniambiental.com.ar\\\/info\\\/#organization\"},\"image\":{\"@id\":\"https:\\\/\\\/patagoniambiental.com.ar\\\/info\\\/el-ministro-de-ambiente-argentino-se-disfraza-de-planta\\\/#primaryimage\"},\"thumbnailUrl\":\"https:\\\/\\\/patagoniambiental.com.ar\\\/info\\\/wp-content\\\/uploads\\\/2017\\\/08\\\/bergman-planta.jpg\",\"articleSection\":[\"Noticias\"],\"inLanguage\":\"es\",\"potentialAction\":[{\"@type\":\"CommentAction\",\"name\":\"Comment\",\"target\":[\"https:\\\/\\\/patagoniambiental.com.ar\\\/info\\\/el-ministro-de-ambiente-argentino-se-disfraza-de-planta\\\/#respond\"]}]},{\"@type\":\"WebPage\",\"@id\":\"https:\\\/\\\/patagoniambiental.com.ar\\\/info\\\/el-ministro-de-ambiente-argentino-se-disfraza-de-planta\\\/\",\"url\":\"https:\\\/\\\/patagoniambiental.com.ar\\\/info\\\/el-ministro-de-ambiente-argentino-se-disfraza-de-planta\\\/\",\"name\":\"El ministro de Ambiente argentino se disfraza de planta\",\"isPartOf\":{\"@id\":\"https:\\\/\\\/patagoniambiental.com.ar\\\/info\\\/#website\"},\"primaryImageOfPage\":{\"@id\":\"https:\\\/\\\/patagoniambiental.com.ar\\\/info\\\/el-ministro-de-ambiente-argentino-se-disfraza-de-planta\\\/#primaryimage\"},\"image\":{\"@id\":\"https:\\\/\\\/patagoniambiental.com.ar\\\/info\\\/el-ministro-de-ambiente-argentino-se-disfraza-de-planta\\\/#primaryimage\"},\"thumbnailUrl\":\"https:\\\/\\\/patagoniambiental.com.ar\\\/info\\\/wp-content\\\/uploads\\\/2017\\\/08\\\/bergman-planta.jpg\",\"datePublished\":\"2017-08-25T12:00:11+00:00\",\"breadcrumb\":{\"@id\":\"https:\\\/\\\/patagoniambiental.com.ar\\\/info\\\/el-ministro-de-ambiente-argentino-se-disfraza-de-planta\\\/#breadcrumb\"},\"inLanguage\":\"es\",\"potentialAction\":[{\"@type\":\"ReadAction\",\"target\":[\"https:\\\/\\\/patagoniambiental.com.ar\\\/info\\\/el-ministro-de-ambiente-argentino-se-disfraza-de-planta\\\/\"]}]},{\"@type\":\"ImageObject\",\"inLanguage\":\"es\",\"@id\":\"https:\\\/\\\/patagoniambiental.com.ar\\\/info\\\/el-ministro-de-ambiente-argentino-se-disfraza-de-planta\\\/#primaryimage\",\"url\":\"https:\\\/\\\/patagoniambiental.com.ar\\\/info\\\/wp-content\\\/uploads\\\/2017\\\/08\\\/bergman-planta.jpg\",\"contentUrl\":\"https:\\\/\\\/patagoniambiental.com.ar\\\/info\\\/wp-content\\\/uploads\\\/2017\\\/08\\\/bergman-planta.jpg\",\"width\":426,\"height\":600},{\"@type\":\"BreadcrumbList\",\"@id\":\"https:\\\/\\\/patagoniambiental.com.ar\\\/info\\\/el-ministro-de-ambiente-argentino-se-disfraza-de-planta\\\/#breadcrumb\",\"itemListElement\":[{\"@type\":\"ListItem\",\"position\":1,\"name\":\"Inicio\",\"item\":\"https:\\\/\\\/patagoniambiental.com.ar\\\/info\\\/\"},{\"@type\":\"ListItem\",\"position\":2,\"name\":\"El ministro de Ambiente argentino se disfraza de planta\"}]},{\"@type\":\"WebSite\",\"@id\":\"https:\\\/\\\/patagoniambiental.com.ar\\\/info\\\/#website\",\"url\":\"https:\\\/\\\/patagoniambiental.com.ar\\\/info\\\/\",\"name\":\"Patagonia Ambiental\",\"description\":\"Monitoreo y an\u00e1lisis de la situaci\u00f3n geopol\u00edtica en el mundo y su implicancia en la Patagonia\",\"publisher\":{\"@id\":\"https:\\\/\\\/patagoniambiental.com.ar\\\/info\\\/#organization\"},\"potentialAction\":[{\"@type\":\"SearchAction\",\"target\":{\"@type\":\"EntryPoint\",\"urlTemplate\":\"https:\\\/\\\/patagoniambiental.com.ar\\\/info\\\/?s={search_term_string}\"},\"query-input\":{\"@type\":\"PropertyValueSpecification\",\"valueRequired\":true,\"valueName\":\"search_term_string\"}}],\"inLanguage\":\"es\"},{\"@type\":\"Organization\",\"@id\":\"https:\\\/\\\/patagoniambiental.com.ar\\\/info\\\/#organization\",\"name\":\"Patagonia Ambiental\",\"url\":\"https:\\\/\\\/patagoniambiental.com.ar\\\/info\\\/\",\"logo\":{\"@type\":\"ImageObject\",\"inLanguage\":\"es\",\"@id\":\"https:\\\/\\\/patagoniambiental.com.ar\\\/info\\\/#\\\/schema\\\/logo\\\/image\\\/\",\"url\":\"https:\\\/\\\/patagoniambiental.com.ar\\\/info\\\/wp-content\\\/uploads\\\/2025\\\/05\\\/LOGO-PATAGONIA-AMBIENTAL.png\",\"contentUrl\":\"https:\\\/\\\/patagoniambiental.com.ar\\\/info\\\/wp-content\\\/uploads\\\/2025\\\/05\\\/LOGO-PATAGONIA-AMBIENTAL.png\",\"width\":433,\"height\":250,\"caption\":\"Patagonia Ambiental\"},\"image\":{\"@id\":\"https:\\\/\\\/patagoniambiental.com.ar\\\/info\\\/#\\\/schema\\\/logo\\\/image\\\/\"},\"sameAs\":[\"https:\\\/\\\/www.facebook.com\\\/patagonia.ambiental\",\"https:\\\/\\\/x.com\\\/PatAmb\"]},{\"@type\":\"Person\",\"@id\":\"https:\\\/\\\/patagoniambiental.com.ar\\\/info\\\/#\\\/schema\\\/person\\\/db12bff64bbcbf6a253710bf0ea37b5d\",\"name\":\"Patagonia Ambiental\",\"description\":\"Andr\u00e9s Nievas T\u00e9cnico en manejo ambiental, consultor Ambiental y escritor para medios locales e internacionales sobre temas de geopolitica y medio ambiente.\",\"sameAs\":[\"http:\\\/\\\/www.patagoniambiental.com.ar\",\"https:\\\/\\\/www.facebook.com\\\/share\\\/1C1V8Gv9BX\\\/?mibextid=qi2Omg\",\"@patagoniambiental\",\"https:\\\/\\\/youtube.com\\\/@patagoniaambiental2023?si=BLt58t0wuXquxlYZ\"]}]}<\/script>\n<!-- \/ Yoast SEO Premium plugin. -->","yoast_head_json":{"title":"El ministro de Ambiente argentino se disfraza de planta","robots":{"index":"index","follow":"follow","max-snippet":"max-snippet:-1","max-image-preview":"max-image-preview:large","max-video-preview":"max-video-preview:-1"},"canonical":"https:\/\/patagoniambiental.com.ar\/info\/el-ministro-de-ambiente-argentino-se-disfraza-de-planta\/","og_locale":"es_ES","og_type":"article","og_title":"El ministro de Ambiente argentino se disfraza de planta","og_description":"\u201cSoy un hombre hoja que trabaja por una Argentina verde\u00a0#CambioClim\u00e1tico\u00ab, escribi\u00f3\u00a0en su cuenta en Twitter el rabino Sergio Bergman,\u00a0ministro de [&hellip;]","og_url":"https:\/\/patagoniambiental.com.ar\/info\/el-ministro-de-ambiente-argentino-se-disfraza-de-planta\/","og_site_name":"Patagonia Ambiental","article_publisher":"https:\/\/www.facebook.com\/patagonia.ambiental","article_author":"https:\/\/www.facebook.com\/share\/1C1V8Gv9BX\/?mibextid=qi2Omg","article_published_time":"2017-08-25T12:00:11+00:00","og_image":[{"width":626,"height":881,"url":"https:\/\/patagoniambiental.com.ar\/info\/wp-content\/uploads\/2017\/08\/bergman-planta.jpg","type":"image\/jpeg"}],"author":"Patagonia Ambiental","twitter_card":"summary_large_image","twitter_creator":"@PatAmb","twitter_site":"@PatAmb","schema":{"@context":"https:\/\/schema.org","@graph":[{"@type":"Article","@id":"https:\/\/patagoniambiental.com.ar\/info\/el-ministro-de-ambiente-argentino-se-disfraza-de-planta\/#article","isPartOf":{"@id":"https:\/\/patagoniambiental.com.ar\/info\/el-ministro-de-ambiente-argentino-se-disfraza-de-planta\/"},"author":{"name":"Patagonia Ambiental","@id":"https:\/\/patagoniambiental.com.ar\/info\/#\/schema\/person\/db12bff64bbcbf6a253710bf0ea37b5d"},"headline":"El ministro de Ambiente argentino se disfraza de planta","datePublished":"2017-08-25T12:00:11+00:00","mainEntityOfPage":{"@id":"https:\/\/patagoniambiental.com.ar\/info\/el-ministro-de-ambiente-argentino-se-disfraza-de-planta\/"},"wordCount":389,"commentCount":0,"publisher":{"@id":"https:\/\/patagoniambiental.com.ar\/info\/#organization"},"image":{"@id":"https:\/\/patagoniambiental.com.ar\/info\/el-ministro-de-ambiente-argentino-se-disfraza-de-planta\/#primaryimage"},"thumbnailUrl":"https:\/\/patagoniambiental.com.ar\/info\/wp-content\/uploads\/2017\/08\/bergman-planta.jpg","articleSection":["Noticias"],"inLanguage":"es","potentialAction":[{"@type":"CommentAction","name":"Comment","target":["https:\/\/patagoniambiental.com.ar\/info\/el-ministro-de-ambiente-argentino-se-disfraza-de-planta\/#respond"]}]},{"@type":"WebPage","@id":"https:\/\/patagoniambiental.com.ar\/info\/el-ministro-de-ambiente-argentino-se-disfraza-de-planta\/","url":"https:\/\/patagoniambiental.com.ar\/info\/el-ministro-de-ambiente-argentino-se-disfraza-de-planta\/","name":"El ministro de Ambiente argentino se disfraza de planta","isPartOf":{"@id":"https:\/\/patagoniambiental.com.ar\/info\/#website"},"primaryImageOfPage":{"@id":"https:\/\/patagoniambiental.com.ar\/info\/el-ministro-de-ambiente-argentino-se-disfraza-de-planta\/#primaryimage"},"image":{"@id":"https:\/\/patagoniambiental.com.ar\/info\/el-ministro-de-ambiente-argentino-se-disfraza-de-planta\/#primaryimage"},"thumbnailUrl":"https:\/\/patagoniambiental.com.ar\/info\/wp-content\/uploads\/2017\/08\/bergman-planta.jpg","datePublished":"2017-08-25T12:00:11+00:00","breadcrumb":{"@id":"https:\/\/patagoniambiental.com.ar\/info\/el-ministro-de-ambiente-argentino-se-disfraza-de-planta\/#breadcrumb"},"inLanguage":"es","potentialAction":[{"@type":"ReadAction","target":["https:\/\/patagoniambiental.com.ar\/info\/el-ministro-de-ambiente-argentino-se-disfraza-de-planta\/"]}]},{"@type":"ImageObject","inLanguage":"es","@id":"https:\/\/patagoniambiental.com.ar\/info\/el-ministro-de-ambiente-argentino-se-disfraza-de-planta\/#primaryimage","url":"https:\/\/patagoniambiental.com.ar\/info\/wp-content\/uploads\/2017\/08\/bergman-planta.jpg","contentUrl":"https:\/\/patagoniambiental.com.ar\/info\/wp-content\/uploads\/2017\/08\/bergman-planta.jpg","width":426,"height":600},{"@type":"BreadcrumbList","@id":"https:\/\/patagoniambiental.com.ar\/info\/el-ministro-de-ambiente-argentino-se-disfraza-de-planta\/#breadcrumb","itemListElement":[{"@type":"ListItem","position":1,"name":"Inicio","item":"https:\/\/patagoniambiental.com.ar\/info\/"},{"@type":"ListItem","position":2,"name":"El ministro de Ambiente argentino se disfraza de planta"}]},{"@type":"WebSite","@id":"https:\/\/patagoniambiental.com.ar\/info\/#website","url":"https:\/\/patagoniambiental.com.ar\/info\/","name":"Patagonia Ambiental","description":"Monitoreo y an\u00e1lisis de la situaci\u00f3n geopol\u00edtica en el mundo y su implicancia en la Patagonia","publisher":{"@id":"https:\/\/patagoniambiental.com.ar\/info\/#organization"},"potentialAction":[{"@type":"SearchAction","target":{"@type":"EntryPoint","urlTemplate":"https:\/\/patagoniambiental.com.ar\/info\/?s={search_term_string}"},"query-input":{"@type":"PropertyValueSpecification","valueRequired":true,"valueName":"search_term_string"}}],"inLanguage":"es"},{"@type":"Organization","@id":"https:\/\/patagoniambiental.com.ar\/info\/#organization","name":"Patagonia Ambiental","url":"https:\/\/patagoniambiental.com.ar\/info\/","logo":{"@type":"ImageObject","inLanguage":"es","@id":"https:\/\/patagoniambiental.com.ar\/info\/#\/schema\/logo\/image\/","url":"https:\/\/patagoniambiental.com.ar\/info\/wp-content\/uploads\/2025\/05\/LOGO-PATAGONIA-AMBIENTAL.png","contentUrl":"https:\/\/patagoniambiental.com.ar\/info\/wp-content\/uploads\/2025\/05\/LOGO-PATAGONIA-AMBIENTAL.png","width":433,"height":250,"caption":"Patagonia Ambiental"},"image":{"@id":"https:\/\/patagoniambiental.com.ar\/info\/#\/schema\/logo\/image\/"},"sameAs":["https:\/\/www.facebook.com\/patagonia.ambiental","https:\/\/x.com\/PatAmb"]},{"@type":"Person","@id":"https:\/\/patagoniambiental.com.ar\/info\/#\/schema\/person\/db12bff64bbcbf6a253710bf0ea37b5d","name":"Patagonia Ambiental","description":"Andr\u00e9s Nievas T\u00e9cnico en manejo ambiental, consultor Ambiental y escritor para medios locales e internacionales sobre temas de geopolitica y medio ambiente.","sameAs":["http:\/\/www.patagoniambiental.com.ar","https:\/\/www.facebook.com\/share\/1C1V8Gv9BX\/?mibextid=qi2Omg","@patagoniambiental","https:\/\/youtube.com\/@patagoniaambiental2023?si=BLt58t0wuXquxlYZ"]}]}},"_links":{"self":[{"href":"https:\/\/patagoniambiental.com.ar\/info\/wp-json\/wp\/v2\/posts\/33801","targetHints":{"allow":["GET"]}}],"collection":[{"href":"https:\/\/patagoniambiental.com.ar\/info\/wp-json\/wp\/v2\/posts"}],"about":[{"href":"https:\/\/patagoniambiental.com.ar\/info\/wp-json\/wp\/v2\/types\/post"}],"author":[{"embeddable":true,"href":"https:\/\/patagoniambiental.com.ar\/info\/wp-json\/wp\/v2\/users\/2"}],"replies":[{"embeddable":true,"href":"https:\/\/patagoniambiental.com.ar\/info\/wp-json\/wp\/v2\/comments?post=33801"}],"version-history":[{"count":0,"href":"https:\/\/patagoniambiental.com.ar\/info\/wp-json\/wp\/v2\/posts\/33801\/revisions"}],"wp:featuredmedia":[{"embeddable":true,"href":"https:\/\/patagoniambiental.com.ar\/info\/wp-json\/wp\/v2\/media\/33802"}],"wp:attachment":[{"href":"https:\/\/patagoniambiental.com.ar\/info\/wp-json\/wp\/v2\/media?parent=33801"}],"wp:term":[{"taxonomy":"category","embeddable":true,"href":"https:\/\/patagoniambiental.com.ar\/info\/wp-json\/wp\/v2\/categories?post=33801"},{"taxonomy":"post_tag","embeddable":true,"href":"https:\/\/patagoniambiental.com.ar\/info\/wp-json\/wp\/v2\/tags?post=33801"}],"curies":[{"name":"wp","href":"https:\/\/api.w.org\/{rel}","templated":true}]}}