{"id":33804,"date":"2017-08-25T09:00:05","date_gmt":"2017-08-25T12:00:05","guid":{"rendered":"http:\/\/patagoniambiental.com.ar\/info\/?p=33804"},"modified":"2017-08-24T19:50:20","modified_gmt":"2017-08-24T22:50:20","slug":"areas-marinas-protegidas-la-iniciativa-que-crispo-a-la-pesca-nacional","status":"publish","type":"post","link":"https:\/\/patagoniambiental.com.ar\/info\/areas-marinas-protegidas-la-iniciativa-que-crispo-a-la-pesca-nacional\/","title":{"rendered":"\u00c1reas Marinas Protegidas, la iniciativa que crisp\u00f3 a la pesca nacional"},"content":{"rendered":"<p>La idea del Ministerio de Medio Ambiente y Desarrollo Sustentable de la Naci\u00f3n de establecer un sistema de\u00a0<strong>\u00c1reas Marinas Protegidas<\/strong>\u00a0(AMP) en el mar argentino crisp\u00f3 el humor de la industria pesquera y logr\u00f3 borrar todas las diferencias geogr\u00e1ficas y de intereses en la industria pesquera nacional:\u00a0<strong>fresqueros, congeladores, marplatenses, patag\u00f3nicos, todos coincidieron en criticar la iniciativ<\/strong>a.<\/p>\n<p>El \u201cSistema Nacional de Areas Marinas Protegidas\u201d, un documento que hizo circular el propio Ministerio que conduce el rabino Bergman, resume el prop\u00f3sito de la iniciativa que se enmarca en el compromiso que asumi\u00f3 Argentina, a trav\u00e9s de la \u201cEstrategia Nacional sobre la Biodiversidad\u201d, y que\u00a0<strong>implica incrementar de manera significativa la cobertura de protecci\u00f3n en zonas marinas y costeras para el a\u00f1o 2020<\/strong>.<\/p>\n<p>El Mar Argentino es un ambiente altamente productivo con una abundancia estimada de fitoplancton (indicador de productividad)<strong>\u00a0tres veces superior a la media de los oc\u00e9anos del mundo<\/strong>.<\/p>\n<p>La productividad no se distribuye en forma homog\u00e9nea sino que se concentran en las \u00e1reas frontales, y en nuestro mar se destacan los frentes productivos del Talud, Plataforma Media, Vald\u00e9s y Patagonia Austral.<\/p>\n<p>Si bien el documento refiere de varias AMP en el litoral mar\u00edtimo, desde el R\u00edo de la Plata hasta la Ant\u00e1rtida, el plan oficial confiere la creaci\u00f3n de 5 zonas:\u00a0<strong>\u201cEl Rinc\u00f3n\u201d, \u201cCorredor Chubut\u201d, \u201cAgujero Azul\u201d, \u201cTalud de Burwood\u201d y \u201cYaganes\u201d<\/strong>, en funci\u00f3n de diferentes valores de conservaci\u00f3n de aves, mam\u00edferos y diversos recursos pesqueros.<\/p>\n<p>\u201cSon \u00e1reas del mar que se destacan del resto y cuyos valores requieren de una gesti\u00f3n cuidadosa y responsable, aplicando principios de precauci\u00f3n y utilizando herramientas de manejo integrado basado en ecosistemas, como la planificaci\u00f3n marina espacial\u201d, refiere el informe de Medio Ambiente del que colabor\u00f3 en su elaboraci\u00f3n\u00a0<strong>Vida Silvestre y Fundaci\u00f3n Flora y Fauna\u00a0<\/strong>entre otras organizaciones.<\/p>\n<p>El presidente Macri avanz\u00f3 un poco m\u00e1s y en junio, por decreto, design\u00f3 como autoridad de aplicaci\u00f3n para dichas APM a la Administraci\u00f3n de Parques Nacionales. El secretario de Agricultura, Ganader\u00eda y Pesca,<strong>Ricardo Negri<\/strong>, y el subsecretario de Pesca,<strong>\u00a0Tom\u00e1s Gerpe<\/strong>,\u00a0<strong>no pueden decir que la iniciativa los sorprendi\u00f3<\/strong>. En mayo fueron puestos al tanto cuando participaron de la \u201cPrimera consulta nacional de oc\u00e9anos y sistema nacional de \u00e1reas protegidas\u201d.<\/p>\n<p>\u201cEl proceso de creaci\u00f3n y dise\u00f1o de AMP deber\u00eda ser participativo, abierto, transparente y balanceado, e involucrar a todos los diferentes usuarios y actores del medio marino desde el inicio del proceso\u201d, dice el mismo Ministerio de Medio Ambiente pero la industria pesquera se queja por no haber sido consultado.<\/p>\n<p>En el sector pesquero rechazan la iniciativa, que supone<strong>\u00a0ir hacia el cierre del 10% de la zona econ\u00f3mica exclusiva<\/strong>\u00a0(ZEE). \u201cLa implementaci\u00f3n del sistema de \u00c1reas Protegidas conforme surge del informe, sin el necesario consenso y suficientes fundamentos t\u00e9cnicos, redundar\u00e1 en la restricci\u00f3n de las zonas de pesca para los buques argentinos, en el sometimiento de las mismas a un doble programa de gesti\u00f3n y por ende a la p\u00e9rdida de rentabilidad de las empresas, ya de por si sensible\u201d, remarc\u00f3 el documento emitido por las c\u00e1maras empresarias que recibi\u00f3 el Consejo Federal Pesquero la semana pasada.<\/p>\n<p>\u201cUn estudio reciente mostr\u00f3 que las \u00c1reas Marinas Protegidas efectivas adem\u00e1s de aportar beneficios ambientales, pueden reducir la pobreza, aumentar la seguridad alimentaria, crear empleo y proteger comunidades costeras\u201d, refuta el documento del Ministerio que conduce\u00a0<strong>Bergman<\/strong>.<\/p>\n<p>En la pesca quieren tener m\u00e1s detalles del \u201cestudio\u201d, el cual estim\u00f3 que \u201cun aumento del 30% en la cobertura de las \u00c1reas Marinas Protegidas podr\u00eda generar, en el per\u00edodo 2015-2050, entre 490 mil millones de d\u00f3lares y 920 mil millones de d\u00f3lares, y entre 150.000-180.000 trabajos de jornada completa asociados al manejo de las \u00e1reas protegidas\u201d.<\/p>\n<p><strong>La pesca alineada pidi\u00f3 una reuni\u00f3n urgente con el ministro Bergman para advertir los riesgos que, suponen, implica la puesta en marcha de la iniciativa<\/strong>\u00a0en tanto cuestionaron \u201cel avasallamiento de las facultades y potestades\u201d que realiza el Ministerio de Medio Ambiente sobre las autoridades pesqueras.<\/p>\n<p><strong>Guillermo Ca\u00f1ete<\/strong>, director del Programa Marino de Vida Silvestre, asegura que con la creaci\u00f3n de las AMP \u201cse suman nuevos actores a la mesa donde se analiza la sustentabilidad de los recursos\u201d en tanto prefiere ponderar la multiplicidad de miradas a una zona clave en la conservaci\u00f3n de cientos de especies.<\/p>\n<p>Los ambientalistas afirman que hay suficiente evidencia que demuestra los beneficios de las AMP para distintos tipos de pesquer\u00edas, en distintos lugares del mundo y con diferentes reg\u00edmenes de manejo.<\/p>\n<p>\u201cLas que presentan un \u00e1reas n\u00facleo de protecci\u00f3n estricta pueden detener e incluso revertir la disminuci\u00f3n global y local de poblaciones de peces, a trav\u00e9s de la mejora de la calidad de h\u00e1bitat, reducci\u00f3n de la mortalidad, aumento del tama\u00f1o poblacional, mayor reclutamiento de especies blanco, entre otras cosas\u201d, enumera el documento difundido por el Ministerio de Medio Ambiente.<\/p>\n<p>Ca\u00f1ete aclar\u00f3 que\u00a0<strong>no se eval\u00faa prohibir la pesca de arrastre en las AMP aunque reconoci\u00f3 que habr\u00e1 distintas escalas de protecci\u00f3n<\/strong>, muchas de las cuales coinciden con las zonas de veda establecidas como medidas de manejo precautorio por parte de la administraci\u00f3n pesquera.<\/p>\n<p>Los empresarios pesqueros hab\u00edan advertido sobre un \u201cdoble sometimiento\u201d puesto que el sector ya cumple una serie de medidas que regulan la actividad que no han sido contempladas a la hora de elegir las zonas y dar cumplimiento al compromiso de Argentina de contar con el 10% de nuestro mar territorial bajo el sistema de AMP.<\/p>\n<p>\u201cReafirmamos que las empresas pesqueras son los actores protag\u00f3nicos de una pesca responsable como la que se persigue tanto en la legislaci\u00f3n nacional como en la internacional, adhiriendo y actuando conforme a los principios y normas que rigen la actividad\u201d, sostienen los actores pesqueros.<\/p>\n<p>En otra oportunidad podemos<strong>\u00a0discutir si pescar merluza sin dispositivo de selectividad, mantener el descontrol en lo que captura y procesan los buques factor\u00eda o sobredimensionar la flota que pesca langostino sin un claro plan de manejo, adhiere a pol\u00edticas precautorias<\/strong>. En el CFP eligieron atender la preocupaci\u00f3n de los administrados.<\/p>\n<p>En una de sus \u00faltimas Actas los representantes del Consejo expusieron la necesidad de llevar a cabo un an\u00e1lisis exhaustivo de los par\u00e1metros biol\u00f3gicos y los fundamentos cient\u00edficos que sustentan la definici\u00f3n de las \u00e1reas de alta vulnerabilidad, como as\u00ed tambi\u00e9n del impacto socioecon\u00f3mico que su determinaci\u00f3n provoca en el sector pesquero industrial argentino\u00bb.<\/p>\n<p>El CFP inform\u00f3 adem\u00e1s que se encuentra elaborando un documento t\u00e9cnico y cient\u00edfico, que pondr\u00e1 a disposici\u00f3n del MAyDS, a los fines de expresar su posici\u00f3n respecto de la propuesta del Sistema Nacional de \u00c1reas Marinas Protegidas.\u00a0<strong>Gerpe, el que no abri\u00f3 la boca en el mes de mayo, preside el CFP.<\/strong><\/p>\n<div class=\"notapage_sticky\">\n<div class=\"compartir_notapage compartir_notapage_fb\">Fuente:\u00a0https:\/\/www.0223.com.ar\/nota\/2017-8-24-8-6-0-areas-marinas-protegidas-la-iniciativa-que-crispo-a-la-pesca-nacional<\/div>\n<div class=\"compartir_notapage compartir_notapage_gm\"><\/div>\n<div class=\"compartir_notapage compartir_notapage_tgm compartir_tgm\"><\/div>\n<\/div>\n","protected":false},"excerpt":{"rendered":"<p>La idea del Ministerio de Medio Ambiente y Desarrollo Sustentable de la Naci\u00f3n de establecer un sistema de\u00a0\u00c1reas Marinas Protegidas\u00a0(AMP) [&hellip;]<\/p>\n","protected":false},"author":2,"featured_media":33805,"comment_status":"open","ping_status":"open","sticky":false,"template":"","format":"standard","meta":{"site-sidebar-layout":"default","site-content-layout":"","ast-site-content-layout":"default","site-content-style":"default","site-sidebar-style":"default","ast-global-header-display":"","ast-banner-title-visibility":"","ast-main-header-display":"","ast-hfb-above-header-display":"","ast-hfb-below-header-display":"","ast-hfb-mobile-header-display":"","site-post-title":"","ast-breadcrumbs-content":"","ast-featured-img":"","footer-sml-layout":"","ast-disable-related-posts":"","theme-transparent-header-meta":"","adv-header-id-meta":"","stick-header-meta":"","header-above-stick-meta":"","header-main-stick-meta":"","header-below-stick-meta":"","astra-migrate-meta-layouts":"default","ast-page-background-enabled":"default","ast-page-background-meta":{"desktop":{"background-color":"var(--ast-global-color-5)","background-image":"","background-repeat":"repeat","background-position":"center center","background-size":"auto","background-attachment":"scroll","background-type":"","background-media":"","overlay-type":"","overlay-color":"","overlay-opacity":"","overlay-gradient":""},"tablet":{"background-color":"","background-image":"","background-repeat":"repeat","background-position":"center center","background-size":"auto","background-attachment":"scroll","background-type":"","background-media":"","overlay-type":"","overlay-color":"","overlay-opacity":"","overlay-gradient":""},"mobile":{"background-color":"","background-image":"","background-repeat":"repeat","background-position":"center center","background-size":"auto","background-attachment":"scroll","background-type":"","background-media":"","overlay-type":"","overlay-color":"","overlay-opacity":"","overlay-gradient":""}},"ast-content-background-meta":{"desktop":{"background-color":"var(--ast-global-color-4)","background-image":"","background-repeat":"repeat","background-position":"center center","background-size":"auto","background-attachment":"scroll","background-type":"","background-media":"","overlay-type":"","overlay-color":"","overlay-opacity":"","overlay-gradient":""},"tablet":{"background-color":"var(--ast-global-color-4)","background-image":"","background-repeat":"repeat","background-position":"center center","background-size":"auto","background-attachment":"scroll","background-type":"","background-media":"","overlay-type":"","overlay-color":"","overlay-opacity":"","overlay-gradient":""},"mobile":{"background-color":"var(--ast-global-color-4)","background-image":"","background-repeat":"repeat","background-position":"center center","background-size":"auto","background-attachment":"scroll","background-type":"","background-media":"","overlay-type":"","overlay-color":"","overlay-opacity":"","overlay-gradient":""}},"footnotes":""},"categories":[53,1],"tags":[],"class_list":["post-33804","post","type-post","status-publish","format-standard","has-post-thumbnail","hentry","category-general","category-noticias"],"yoast_head":"<!-- This site is optimized with the Yoast SEO Premium plugin v23.0 (Yoast SEO v27.5) - https:\/\/yoast.com\/product\/yoast-seo-premium-wordpress\/ -->\n<title>\u00c1reas Marinas Protegidas, la iniciativa que crisp\u00f3 a la pesca nacional<\/title>\n<meta name=\"robots\" content=\"index, follow, max-snippet:-1, max-image-preview:large, max-video-preview:-1\" \/>\n<link rel=\"canonical\" href=\"https:\/\/patagoniambiental.com.ar\/info\/areas-marinas-protegidas-la-iniciativa-que-crispo-a-la-pesca-nacional\/\" \/>\n<meta property=\"og:locale\" content=\"es_ES\" \/>\n<meta property=\"og:type\" content=\"article\" \/>\n<meta property=\"og:title\" content=\"\u00c1reas Marinas Protegidas, la iniciativa que crisp\u00f3 a la pesca nacional\" \/>\n<meta property=\"og:description\" content=\"La idea del Ministerio de Medio Ambiente y Desarrollo Sustentable de la Naci\u00f3n de establecer un sistema de\u00a0\u00c1reas Marinas Protegidas\u00a0(AMP) [&hellip;]\" \/>\n<meta property=\"og:url\" content=\"https:\/\/patagoniambiental.com.ar\/info\/areas-marinas-protegidas-la-iniciativa-que-crispo-a-la-pesca-nacional\/\" \/>\n<meta property=\"og:site_name\" content=\"Patagonia Ambiental\" \/>\n<meta property=\"article:publisher\" content=\"https:\/\/www.facebook.com\/patagonia.ambiental\" \/>\n<meta property=\"article:author\" content=\"https:\/\/www.facebook.com\/share\/1C1V8Gv9BX\/?mibextid=qi2Omg\" \/>\n<meta property=\"article:published_time\" content=\"2017-08-25T12:00:05+00:00\" \/>\n<meta property=\"og:image\" content=\"https:\/\/patagoniambiental.com.ar\/info\/wp-content\/uploads\/2017\/08\/areas-marinas.jpg\" \/>\n\t<meta property=\"og:image:width\" content=\"583\" \/>\n\t<meta property=\"og:image:height\" content=\"355\" \/>\n\t<meta property=\"og:image:type\" content=\"image\/jpeg\" \/>\n<meta name=\"author\" content=\"Patagonia Ambiental\" \/>\n<meta name=\"twitter:card\" content=\"summary_large_image\" \/>\n<meta name=\"twitter:creator\" content=\"@PatAmb\" \/>\n<meta name=\"twitter:site\" content=\"@PatAmb\" \/>\n<script type=\"application\/ld+json\" class=\"yoast-schema-graph\">{\"@context\":\"https:\\\/\\\/schema.org\",\"@graph\":[{\"@type\":\"Article\",\"@id\":\"https:\\\/\\\/patagoniambiental.com.ar\\\/info\\\/areas-marinas-protegidas-la-iniciativa-que-crispo-a-la-pesca-nacional\\\/#article\",\"isPartOf\":{\"@id\":\"https:\\\/\\\/patagoniambiental.com.ar\\\/info\\\/areas-marinas-protegidas-la-iniciativa-que-crispo-a-la-pesca-nacional\\\/\"},\"author\":{\"name\":\"Patagonia Ambiental\",\"@id\":\"https:\\\/\\\/patagoniambiental.com.ar\\\/info\\\/#\\\/schema\\\/person\\\/db12bff64bbcbf6a253710bf0ea37b5d\"},\"headline\":\"\u00c1reas Marinas Protegidas, la iniciativa que crisp\u00f3 a la pesca nacional\",\"datePublished\":\"2017-08-25T12:00:05+00:00\",\"mainEntityOfPage\":{\"@id\":\"https:\\\/\\\/patagoniambiental.com.ar\\\/info\\\/areas-marinas-protegidas-la-iniciativa-que-crispo-a-la-pesca-nacional\\\/\"},\"wordCount\":1194,\"commentCount\":0,\"publisher\":{\"@id\":\"https:\\\/\\\/patagoniambiental.com.ar\\\/info\\\/#organization\"},\"image\":{\"@id\":\"https:\\\/\\\/patagoniambiental.com.ar\\\/info\\\/areas-marinas-protegidas-la-iniciativa-que-crispo-a-la-pesca-nacional\\\/#primaryimage\"},\"thumbnailUrl\":\"https:\\\/\\\/patagoniambiental.com.ar\\\/info\\\/wp-content\\\/uploads\\\/2017\\\/08\\\/areas-marinas.jpg\",\"articleSection\":[\"General\",\"Noticias\"],\"inLanguage\":\"es\",\"potentialAction\":[{\"@type\":\"CommentAction\",\"name\":\"Comment\",\"target\":[\"https:\\\/\\\/patagoniambiental.com.ar\\\/info\\\/areas-marinas-protegidas-la-iniciativa-que-crispo-a-la-pesca-nacional\\\/#respond\"]}]},{\"@type\":\"WebPage\",\"@id\":\"https:\\\/\\\/patagoniambiental.com.ar\\\/info\\\/areas-marinas-protegidas-la-iniciativa-que-crispo-a-la-pesca-nacional\\\/\",\"url\":\"https:\\\/\\\/patagoniambiental.com.ar\\\/info\\\/areas-marinas-protegidas-la-iniciativa-que-crispo-a-la-pesca-nacional\\\/\",\"name\":\"\u00c1reas Marinas Protegidas, la iniciativa que crisp\u00f3 a la pesca nacional\",\"isPartOf\":{\"@id\":\"https:\\\/\\\/patagoniambiental.com.ar\\\/info\\\/#website\"},\"primaryImageOfPage\":{\"@id\":\"https:\\\/\\\/patagoniambiental.com.ar\\\/info\\\/areas-marinas-protegidas-la-iniciativa-que-crispo-a-la-pesca-nacional\\\/#primaryimage\"},\"image\":{\"@id\":\"https:\\\/\\\/patagoniambiental.com.ar\\\/info\\\/areas-marinas-protegidas-la-iniciativa-que-crispo-a-la-pesca-nacional\\\/#primaryimage\"},\"thumbnailUrl\":\"https:\\\/\\\/patagoniambiental.com.ar\\\/info\\\/wp-content\\\/uploads\\\/2017\\\/08\\\/areas-marinas.jpg\",\"datePublished\":\"2017-08-25T12:00:05+00:00\",\"breadcrumb\":{\"@id\":\"https:\\\/\\\/patagoniambiental.com.ar\\\/info\\\/areas-marinas-protegidas-la-iniciativa-que-crispo-a-la-pesca-nacional\\\/#breadcrumb\"},\"inLanguage\":\"es\",\"potentialAction\":[{\"@type\":\"ReadAction\",\"target\":[\"https:\\\/\\\/patagoniambiental.com.ar\\\/info\\\/areas-marinas-protegidas-la-iniciativa-que-crispo-a-la-pesca-nacional\\\/\"]}]},{\"@type\":\"ImageObject\",\"inLanguage\":\"es\",\"@id\":\"https:\\\/\\\/patagoniambiental.com.ar\\\/info\\\/areas-marinas-protegidas-la-iniciativa-que-crispo-a-la-pesca-nacional\\\/#primaryimage\",\"url\":\"https:\\\/\\\/patagoniambiental.com.ar\\\/info\\\/wp-content\\\/uploads\\\/2017\\\/08\\\/areas-marinas.jpg\",\"contentUrl\":\"https:\\\/\\\/patagoniambiental.com.ar\\\/info\\\/wp-content\\\/uploads\\\/2017\\\/08\\\/areas-marinas.jpg\",\"width\":583,\"height\":355},{\"@type\":\"BreadcrumbList\",\"@id\":\"https:\\\/\\\/patagoniambiental.com.ar\\\/info\\\/areas-marinas-protegidas-la-iniciativa-que-crispo-a-la-pesca-nacional\\\/#breadcrumb\",\"itemListElement\":[{\"@type\":\"ListItem\",\"position\":1,\"name\":\"Inicio\",\"item\":\"https:\\\/\\\/patagoniambiental.com.ar\\\/info\\\/\"},{\"@type\":\"ListItem\",\"position\":2,\"name\":\"\u00c1reas Marinas Protegidas, la iniciativa que crisp\u00f3 a la pesca nacional\"}]},{\"@type\":\"WebSite\",\"@id\":\"https:\\\/\\\/patagoniambiental.com.ar\\\/info\\\/#website\",\"url\":\"https:\\\/\\\/patagoniambiental.com.ar\\\/info\\\/\",\"name\":\"Patagonia Ambiental\",\"description\":\"Monitoreo y an\u00e1lisis de la situaci\u00f3n geopol\u00edtica en el mundo y su implicancia en la Patagonia\",\"publisher\":{\"@id\":\"https:\\\/\\\/patagoniambiental.com.ar\\\/info\\\/#organization\"},\"potentialAction\":[{\"@type\":\"SearchAction\",\"target\":{\"@type\":\"EntryPoint\",\"urlTemplate\":\"https:\\\/\\\/patagoniambiental.com.ar\\\/info\\\/?s={search_term_string}\"},\"query-input\":{\"@type\":\"PropertyValueSpecification\",\"valueRequired\":true,\"valueName\":\"search_term_string\"}}],\"inLanguage\":\"es\"},{\"@type\":\"Organization\",\"@id\":\"https:\\\/\\\/patagoniambiental.com.ar\\\/info\\\/#organization\",\"name\":\"Patagonia Ambiental\",\"url\":\"https:\\\/\\\/patagoniambiental.com.ar\\\/info\\\/\",\"logo\":{\"@type\":\"ImageObject\",\"inLanguage\":\"es\",\"@id\":\"https:\\\/\\\/patagoniambiental.com.ar\\\/info\\\/#\\\/schema\\\/logo\\\/image\\\/\",\"url\":\"https:\\\/\\\/patagoniambiental.com.ar\\\/info\\\/wp-content\\\/uploads\\\/2025\\\/05\\\/LOGO-PATAGONIA-AMBIENTAL.png\",\"contentUrl\":\"https:\\\/\\\/patagoniambiental.com.ar\\\/info\\\/wp-content\\\/uploads\\\/2025\\\/05\\\/LOGO-PATAGONIA-AMBIENTAL.png\",\"width\":433,\"height\":250,\"caption\":\"Patagonia Ambiental\"},\"image\":{\"@id\":\"https:\\\/\\\/patagoniambiental.com.ar\\\/info\\\/#\\\/schema\\\/logo\\\/image\\\/\"},\"sameAs\":[\"https:\\\/\\\/www.facebook.com\\\/patagonia.ambiental\",\"https:\\\/\\\/x.com\\\/PatAmb\"]},{\"@type\":\"Person\",\"@id\":\"https:\\\/\\\/patagoniambiental.com.ar\\\/info\\\/#\\\/schema\\\/person\\\/db12bff64bbcbf6a253710bf0ea37b5d\",\"name\":\"Patagonia Ambiental\",\"description\":\"Andr\u00e9s Nievas T\u00e9cnico en manejo ambiental, consultor Ambiental y escritor para medios locales e internacionales sobre temas de geopolitica y medio ambiente.\",\"sameAs\":[\"http:\\\/\\\/www.patagoniambiental.com.ar\",\"https:\\\/\\\/www.facebook.com\\\/share\\\/1C1V8Gv9BX\\\/?mibextid=qi2Omg\",\"@patagoniambiental\",\"https:\\\/\\\/youtube.com\\\/@patagoniaambiental2023?si=BLt58t0wuXquxlYZ\"]}]}<\/script>\n<!-- \/ Yoast SEO Premium plugin. -->","yoast_head_json":{"title":"\u00c1reas Marinas Protegidas, la iniciativa que crisp\u00f3 a la pesca nacional","robots":{"index":"index","follow":"follow","max-snippet":"max-snippet:-1","max-image-preview":"max-image-preview:large","max-video-preview":"max-video-preview:-1"},"canonical":"https:\/\/patagoniambiental.com.ar\/info\/areas-marinas-protegidas-la-iniciativa-que-crispo-a-la-pesca-nacional\/","og_locale":"es_ES","og_type":"article","og_title":"\u00c1reas Marinas Protegidas, la iniciativa que crisp\u00f3 a la pesca nacional","og_description":"La idea del Ministerio de Medio Ambiente y Desarrollo Sustentable de la Naci\u00f3n de establecer un sistema de\u00a0\u00c1reas Marinas Protegidas\u00a0(AMP) [&hellip;]","og_url":"https:\/\/patagoniambiental.com.ar\/info\/areas-marinas-protegidas-la-iniciativa-que-crispo-a-la-pesca-nacional\/","og_site_name":"Patagonia Ambiental","article_publisher":"https:\/\/www.facebook.com\/patagonia.ambiental","article_author":"https:\/\/www.facebook.com\/share\/1C1V8Gv9BX\/?mibextid=qi2Omg","article_published_time":"2017-08-25T12:00:05+00:00","og_image":[{"width":583,"height":355,"url":"https:\/\/patagoniambiental.com.ar\/info\/wp-content\/uploads\/2017\/08\/areas-marinas.jpg","type":"image\/jpeg"}],"author":"Patagonia Ambiental","twitter_card":"summary_large_image","twitter_creator":"@PatAmb","twitter_site":"@PatAmb","schema":{"@context":"https:\/\/schema.org","@graph":[{"@type":"Article","@id":"https:\/\/patagoniambiental.com.ar\/info\/areas-marinas-protegidas-la-iniciativa-que-crispo-a-la-pesca-nacional\/#article","isPartOf":{"@id":"https:\/\/patagoniambiental.com.ar\/info\/areas-marinas-protegidas-la-iniciativa-que-crispo-a-la-pesca-nacional\/"},"author":{"name":"Patagonia Ambiental","@id":"https:\/\/patagoniambiental.com.ar\/info\/#\/schema\/person\/db12bff64bbcbf6a253710bf0ea37b5d"},"headline":"\u00c1reas Marinas Protegidas, la iniciativa que crisp\u00f3 a la pesca nacional","datePublished":"2017-08-25T12:00:05+00:00","mainEntityOfPage":{"@id":"https:\/\/patagoniambiental.com.ar\/info\/areas-marinas-protegidas-la-iniciativa-que-crispo-a-la-pesca-nacional\/"},"wordCount":1194,"commentCount":0,"publisher":{"@id":"https:\/\/patagoniambiental.com.ar\/info\/#organization"},"image":{"@id":"https:\/\/patagoniambiental.com.ar\/info\/areas-marinas-protegidas-la-iniciativa-que-crispo-a-la-pesca-nacional\/#primaryimage"},"thumbnailUrl":"https:\/\/patagoniambiental.com.ar\/info\/wp-content\/uploads\/2017\/08\/areas-marinas.jpg","articleSection":["General","Noticias"],"inLanguage":"es","potentialAction":[{"@type":"CommentAction","name":"Comment","target":["https:\/\/patagoniambiental.com.ar\/info\/areas-marinas-protegidas-la-iniciativa-que-crispo-a-la-pesca-nacional\/#respond"]}]},{"@type":"WebPage","@id":"https:\/\/patagoniambiental.com.ar\/info\/areas-marinas-protegidas-la-iniciativa-que-crispo-a-la-pesca-nacional\/","url":"https:\/\/patagoniambiental.com.ar\/info\/areas-marinas-protegidas-la-iniciativa-que-crispo-a-la-pesca-nacional\/","name":"\u00c1reas Marinas Protegidas, la iniciativa que crisp\u00f3 a la pesca nacional","isPartOf":{"@id":"https:\/\/patagoniambiental.com.ar\/info\/#website"},"primaryImageOfPage":{"@id":"https:\/\/patagoniambiental.com.ar\/info\/areas-marinas-protegidas-la-iniciativa-que-crispo-a-la-pesca-nacional\/#primaryimage"},"image":{"@id":"https:\/\/patagoniambiental.com.ar\/info\/areas-marinas-protegidas-la-iniciativa-que-crispo-a-la-pesca-nacional\/#primaryimage"},"thumbnailUrl":"https:\/\/patagoniambiental.com.ar\/info\/wp-content\/uploads\/2017\/08\/areas-marinas.jpg","datePublished":"2017-08-25T12:00:05+00:00","breadcrumb":{"@id":"https:\/\/patagoniambiental.com.ar\/info\/areas-marinas-protegidas-la-iniciativa-que-crispo-a-la-pesca-nacional\/#breadcrumb"},"inLanguage":"es","potentialAction":[{"@type":"ReadAction","target":["https:\/\/patagoniambiental.com.ar\/info\/areas-marinas-protegidas-la-iniciativa-que-crispo-a-la-pesca-nacional\/"]}]},{"@type":"ImageObject","inLanguage":"es","@id":"https:\/\/patagoniambiental.com.ar\/info\/areas-marinas-protegidas-la-iniciativa-que-crispo-a-la-pesca-nacional\/#primaryimage","url":"https:\/\/patagoniambiental.com.ar\/info\/wp-content\/uploads\/2017\/08\/areas-marinas.jpg","contentUrl":"https:\/\/patagoniambiental.com.ar\/info\/wp-content\/uploads\/2017\/08\/areas-marinas.jpg","width":583,"height":355},{"@type":"BreadcrumbList","@id":"https:\/\/patagoniambiental.com.ar\/info\/areas-marinas-protegidas-la-iniciativa-que-crispo-a-la-pesca-nacional\/#breadcrumb","itemListElement":[{"@type":"ListItem","position":1,"name":"Inicio","item":"https:\/\/patagoniambiental.com.ar\/info\/"},{"@type":"ListItem","position":2,"name":"\u00c1reas Marinas Protegidas, la iniciativa que crisp\u00f3 a la pesca nacional"}]},{"@type":"WebSite","@id":"https:\/\/patagoniambiental.com.ar\/info\/#website","url":"https:\/\/patagoniambiental.com.ar\/info\/","name":"Patagonia Ambiental","description":"Monitoreo y an\u00e1lisis de la situaci\u00f3n geopol\u00edtica en el mundo y su implicancia en la Patagonia","publisher":{"@id":"https:\/\/patagoniambiental.com.ar\/info\/#organization"},"potentialAction":[{"@type":"SearchAction","target":{"@type":"EntryPoint","urlTemplate":"https:\/\/patagoniambiental.com.ar\/info\/?s={search_term_string}"},"query-input":{"@type":"PropertyValueSpecification","valueRequired":true,"valueName":"search_term_string"}}],"inLanguage":"es"},{"@type":"Organization","@id":"https:\/\/patagoniambiental.com.ar\/info\/#organization","name":"Patagonia Ambiental","url":"https:\/\/patagoniambiental.com.ar\/info\/","logo":{"@type":"ImageObject","inLanguage":"es","@id":"https:\/\/patagoniambiental.com.ar\/info\/#\/schema\/logo\/image\/","url":"https:\/\/patagoniambiental.com.ar\/info\/wp-content\/uploads\/2025\/05\/LOGO-PATAGONIA-AMBIENTAL.png","contentUrl":"https:\/\/patagoniambiental.com.ar\/info\/wp-content\/uploads\/2025\/05\/LOGO-PATAGONIA-AMBIENTAL.png","width":433,"height":250,"caption":"Patagonia Ambiental"},"image":{"@id":"https:\/\/patagoniambiental.com.ar\/info\/#\/schema\/logo\/image\/"},"sameAs":["https:\/\/www.facebook.com\/patagonia.ambiental","https:\/\/x.com\/PatAmb"]},{"@type":"Person","@id":"https:\/\/patagoniambiental.com.ar\/info\/#\/schema\/person\/db12bff64bbcbf6a253710bf0ea37b5d","name":"Patagonia Ambiental","description":"Andr\u00e9s Nievas T\u00e9cnico en manejo ambiental, consultor Ambiental y escritor para medios locales e internacionales sobre temas de geopolitica y medio ambiente.","sameAs":["http:\/\/www.patagoniambiental.com.ar","https:\/\/www.facebook.com\/share\/1C1V8Gv9BX\/?mibextid=qi2Omg","@patagoniambiental","https:\/\/youtube.com\/@patagoniaambiental2023?si=BLt58t0wuXquxlYZ"]}]}},"_links":{"self":[{"href":"https:\/\/patagoniambiental.com.ar\/info\/wp-json\/wp\/v2\/posts\/33804","targetHints":{"allow":["GET"]}}],"collection":[{"href":"https:\/\/patagoniambiental.com.ar\/info\/wp-json\/wp\/v2\/posts"}],"about":[{"href":"https:\/\/patagoniambiental.com.ar\/info\/wp-json\/wp\/v2\/types\/post"}],"author":[{"embeddable":true,"href":"https:\/\/patagoniambiental.com.ar\/info\/wp-json\/wp\/v2\/users\/2"}],"replies":[{"embeddable":true,"href":"https:\/\/patagoniambiental.com.ar\/info\/wp-json\/wp\/v2\/comments?post=33804"}],"version-history":[{"count":0,"href":"https:\/\/patagoniambiental.com.ar\/info\/wp-json\/wp\/v2\/posts\/33804\/revisions"}],"wp:featuredmedia":[{"embeddable":true,"href":"https:\/\/patagoniambiental.com.ar\/info\/wp-json\/wp\/v2\/media\/33805"}],"wp:attachment":[{"href":"https:\/\/patagoniambiental.com.ar\/info\/wp-json\/wp\/v2\/media?parent=33804"}],"wp:term":[{"taxonomy":"category","embeddable":true,"href":"https:\/\/patagoniambiental.com.ar\/info\/wp-json\/wp\/v2\/categories?post=33804"},{"taxonomy":"post_tag","embeddable":true,"href":"https:\/\/patagoniambiental.com.ar\/info\/wp-json\/wp\/v2\/tags?post=33804"}],"curies":[{"name":"wp","href":"https:\/\/api.w.org\/{rel}","templated":true}]}}