{"id":33810,"date":"2017-08-25T09:00:57","date_gmt":"2017-08-25T12:00:57","guid":{"rendered":"http:\/\/patagoniambiental.com.ar\/info\/?p=33810"},"modified":"2017-08-24T19:54:26","modified_gmt":"2017-08-24T22:54:26","slug":"proponen-el-ordenamiento-de-balnearios-de-bariloche","status":"publish","type":"post","link":"https:\/\/patagoniambiental.com.ar\/info\/proponen-el-ordenamiento-de-balnearios-de-bariloche\/","title":{"rendered":"Proponen el ordenamiento de balnearios de Bariloche"},"content":{"rendered":"<div class=\"contenido_individual_noticia\">\n<p>BARILOCHE.- El bloque Juntos Somos Bariloche (JSB) present\u00f3 un proyecto de Ordenanza para crear un marco normativo que reglamente los servicios que se brindan a residentes y turistas que disfrutan los espejos de agua en los balnearios p\u00fablicos.<\/p>\n<p>La iniciativa de los concejales Andr\u00e9s Mart\u00ednez Infante y Julia Fern\u00e1ndez (JSB) define los balnearios p\u00fablicos municipales como aquellos delimitados por la Municipalidad cuyo acceso y utilizaci\u00f3n es libre, p\u00fablico y gratuito y donde se pueda prestar los servicios p\u00fablicos necesarios para su adecuado aprovechamiento.<\/p>\n<p>Establece que estos espacios deber\u00e1n contar con zona de balneario, de guardavidas y de sanitarios. Adem\u00e1s, de acuerdo a las aptitudes propias de cada balneario, se podr\u00e1n destinar \u00e1reas de servicio de turismo de aventura, gastron\u00f3micos, recreaci\u00f3n, estacionamiento, descenso de embarcaciones deportivas, zona para amarras y fondeos; y \u00e1reas aptas para mascotas.<\/p>\n<p>El objetivo es \u201cel ordenamiento de los balnearios municipales a fin de que los usuarios puedan contar con \u00e1reas de descanso, alternativas para la pr\u00e1ctica de deportes acu\u00e1ticos, zonas donde poder comer o comprar comestibles, la posibilidad de conseguir agua caliente para tomar mate, te o caf\u00e9, ba\u00f1os y \u00e1reas para los visitantes que concurran con sus mascotas\u201d, explicaron los autores, a\u00f1adiendo que tambi\u00e9n se busca promover nuevas fuentes de trabajo,priorizando la econom\u00eda social de esta ciudad, \u201ctodo en forma amigable con el medio ambiente\u201d.<\/p>\n<p>La comuna establecer\u00e1 con anterioridad al inicio de la temporada de verano de cada a\u00f1o, las \u00e1reas de servicios susceptibles de ser instaladas y otorgadas en concesi\u00f3n p\u00fablica en cada uno de los balnearios municipales habilitados, a trav\u00e9s de procesos de licitaci\u00f3n p\u00fablica. Los concesionarios de los servicios a brindar tendr\u00e1n la obligaci\u00f3n de mantener el \u00e1rea de incumbencia libre de contaminaci\u00f3n visual y sonora, y de afrontar los gastos de mantenimiento y limpieza del balneario, entre otros.<\/p>\n<p>El proyecto, que tomar\u00e1 estado parlamentario en la sesi\u00f3n del jueves, propone, adem\u00e1s, la prohibici\u00f3n de ruidos molestos, venta ambulante y promotores, fogones y campamentos.<\/p>\n<\/div>\n<div class=\"contenedor_share_buttons_individual_noticia\"><\/div>\n<div class=\"tags_individual_noticia\">\n<div class=\"contenedor_tags_individual_noticia\">Fuente:\u00a0http:\/\/www.barilocheopina.com\/noticias\/2017\/08\/23\/32040-proponen-el-ordenamiento-de-balnearios-municipales<\/div>\n<\/div>\n<div class=\"contenedor_general_noticias_encuestas\"><\/div>\n","protected":false},"excerpt":{"rendered":"<p>BARILOCHE.- El bloque Juntos Somos Bariloche (JSB) present\u00f3 un proyecto de Ordenanza para crear un marco normativo que reglamente los [&hellip;]<\/p>\n","protected":false},"author":2,"featured_media":33811,"comment_status":"open","ping_status":"open","sticky":false,"template":"","format":"standard","meta":{"site-sidebar-layout":"default","site-content-layout":"","ast-site-content-layout":"default","site-content-style":"default","site-sidebar-style":"default","ast-global-header-display":"","ast-banner-title-visibility":"","ast-main-header-display":"","ast-hfb-above-header-display":"","ast-hfb-below-header-display":"","ast-hfb-mobile-header-display":"","site-post-title":"","ast-breadcrumbs-content":"","ast-featured-img":"","footer-sml-layout":"","ast-disable-related-posts":"","theme-transparent-header-meta":"","adv-header-id-meta":"","stick-header-meta":"","header-above-stick-meta":"","header-main-stick-meta":"","header-below-stick-meta":"","astra-migrate-meta-layouts":"default","ast-page-background-enabled":"default","ast-page-background-meta":{"desktop":{"background-color":"var(--ast-global-color-5)","background-image":"","background-repeat":"repeat","background-position":"center center","background-size":"auto","background-attachment":"scroll","background-type":"","background-media":"","overlay-type":"","overlay-color":"","overlay-opacity":"","overlay-gradient":""},"tablet":{"background-color":"","background-image":"","background-repeat":"repeat","background-position":"center center","background-size":"auto","background-attachment":"scroll","background-type":"","background-media":"","overlay-type":"","overlay-color":"","overlay-opacity":"","overlay-gradient":""},"mobile":{"background-color":"","background-image":"","background-repeat":"repeat","background-position":"center center","background-size":"auto","background-attachment":"scroll","background-type":"","background-media":"","overlay-type":"","overlay-color":"","overlay-opacity":"","overlay-gradient":""}},"ast-content-background-meta":{"desktop":{"background-color":"var(--ast-global-color-4)","background-image":"","background-repeat":"repeat","background-position":"center center","background-size":"auto","background-attachment":"scroll","background-type":"","background-media":"","overlay-type":"","overlay-color":"","overlay-opacity":"","overlay-gradient":""},"tablet":{"background-color":"var(--ast-global-color-4)","background-image":"","background-repeat":"repeat","background-position":"center center","background-size":"auto","background-attachment":"scroll","background-type":"","background-media":"","overlay-type":"","overlay-color":"","overlay-opacity":"","overlay-gradient":""},"mobile":{"background-color":"var(--ast-global-color-4)","background-image":"","background-repeat":"repeat","background-position":"center center","background-size":"auto","background-attachment":"scroll","background-type":"","background-media":"","overlay-type":"","overlay-color":"","overlay-opacity":"","overlay-gradient":""}},"footnotes":""},"categories":[46,1],"tags":[],"class_list":["post-33810","post","type-post","status-publish","format-standard","has-post-thumbnail","hentry","category-municipios","category-noticias"],"yoast_head":"<!-- This site is optimized with the Yoast SEO Premium plugin v23.0 (Yoast SEO v27.5) - https:\/\/yoast.com\/product\/yoast-seo-premium-wordpress\/ -->\n<title>Proponen el ordenamiento de balnearios de Bariloche<\/title>\n<meta name=\"robots\" content=\"index, follow, max-snippet:-1, max-image-preview:large, max-video-preview:-1\" \/>\n<link rel=\"canonical\" href=\"https:\/\/patagoniambiental.com.ar\/info\/proponen-el-ordenamiento-de-balnearios-de-bariloche\/\" \/>\n<meta property=\"og:locale\" content=\"es_ES\" \/>\n<meta property=\"og:type\" content=\"article\" \/>\n<meta property=\"og:title\" content=\"Proponen el ordenamiento de balnearios de Bariloche\" \/>\n<meta property=\"og:description\" content=\"BARILOCHE.- El bloque Juntos Somos Bariloche (JSB) present\u00f3 un proyecto de Ordenanza para crear un marco normativo que reglamente los [&hellip;]\" \/>\n<meta property=\"og:url\" content=\"https:\/\/patagoniambiental.com.ar\/info\/proponen-el-ordenamiento-de-balnearios-de-bariloche\/\" \/>\n<meta property=\"og:site_name\" content=\"Patagonia Ambiental\" \/>\n<meta property=\"article:publisher\" content=\"https:\/\/www.facebook.com\/patagonia.ambiental\" \/>\n<meta property=\"article:author\" content=\"https:\/\/www.facebook.com\/share\/1C1V8Gv9BX\/?mibextid=qi2Omg\" \/>\n<meta property=\"article:published_time\" content=\"2017-08-25T12:00:57+00:00\" \/>\n<meta property=\"og:image\" content=\"https:\/\/patagoniambiental.com.ar\/info\/wp-content\/uploads\/2017\/08\/balneario-bariloche.jpg\" \/>\n\t<meta property=\"og:image:width\" content=\"1200\" \/>\n\t<meta property=\"og:image:height\" content=\"800\" \/>\n\t<meta property=\"og:image:type\" content=\"image\/jpeg\" \/>\n<meta name=\"author\" content=\"Patagonia Ambiental\" \/>\n<meta name=\"twitter:card\" content=\"summary_large_image\" \/>\n<meta name=\"twitter:creator\" content=\"@PatAmb\" \/>\n<meta name=\"twitter:site\" content=\"@PatAmb\" \/>\n<script type=\"application\/ld+json\" class=\"yoast-schema-graph\">{\"@context\":\"https:\\\/\\\/schema.org\",\"@graph\":[{\"@type\":\"Article\",\"@id\":\"https:\\\/\\\/patagoniambiental.com.ar\\\/info\\\/proponen-el-ordenamiento-de-balnearios-de-bariloche\\\/#article\",\"isPartOf\":{\"@id\":\"https:\\\/\\\/patagoniambiental.com.ar\\\/info\\\/proponen-el-ordenamiento-de-balnearios-de-bariloche\\\/\"},\"author\":{\"name\":\"Patagonia Ambiental\",\"@id\":\"https:\\\/\\\/patagoniambiental.com.ar\\\/info\\\/#\\\/schema\\\/person\\\/db12bff64bbcbf6a253710bf0ea37b5d\"},\"headline\":\"Proponen el ordenamiento de balnearios de Bariloche\",\"datePublished\":\"2017-08-25T12:00:57+00:00\",\"mainEntityOfPage\":{\"@id\":\"https:\\\/\\\/patagoniambiental.com.ar\\\/info\\\/proponen-el-ordenamiento-de-balnearios-de-bariloche\\\/\"},\"wordCount\":370,\"commentCount\":0,\"publisher\":{\"@id\":\"https:\\\/\\\/patagoniambiental.com.ar\\\/info\\\/#organization\"},\"image\":{\"@id\":\"https:\\\/\\\/patagoniambiental.com.ar\\\/info\\\/proponen-el-ordenamiento-de-balnearios-de-bariloche\\\/#primaryimage\"},\"thumbnailUrl\":\"https:\\\/\\\/patagoniambiental.com.ar\\\/info\\\/wp-content\\\/uploads\\\/2017\\\/08\\\/balneario-bariloche.jpg\",\"articleSection\":[\"Municipios\",\"Noticias\"],\"inLanguage\":\"es\",\"potentialAction\":[{\"@type\":\"CommentAction\",\"name\":\"Comment\",\"target\":[\"https:\\\/\\\/patagoniambiental.com.ar\\\/info\\\/proponen-el-ordenamiento-de-balnearios-de-bariloche\\\/#respond\"]}]},{\"@type\":\"WebPage\",\"@id\":\"https:\\\/\\\/patagoniambiental.com.ar\\\/info\\\/proponen-el-ordenamiento-de-balnearios-de-bariloche\\\/\",\"url\":\"https:\\\/\\\/patagoniambiental.com.ar\\\/info\\\/proponen-el-ordenamiento-de-balnearios-de-bariloche\\\/\",\"name\":\"Proponen el ordenamiento de balnearios de Bariloche\",\"isPartOf\":{\"@id\":\"https:\\\/\\\/patagoniambiental.com.ar\\\/info\\\/#website\"},\"primaryImageOfPage\":{\"@id\":\"https:\\\/\\\/patagoniambiental.com.ar\\\/info\\\/proponen-el-ordenamiento-de-balnearios-de-bariloche\\\/#primaryimage\"},\"image\":{\"@id\":\"https:\\\/\\\/patagoniambiental.com.ar\\\/info\\\/proponen-el-ordenamiento-de-balnearios-de-bariloche\\\/#primaryimage\"},\"thumbnailUrl\":\"https:\\\/\\\/patagoniambiental.com.ar\\\/info\\\/wp-content\\\/uploads\\\/2017\\\/08\\\/balneario-bariloche.jpg\",\"datePublished\":\"2017-08-25T12:00:57+00:00\",\"breadcrumb\":{\"@id\":\"https:\\\/\\\/patagoniambiental.com.ar\\\/info\\\/proponen-el-ordenamiento-de-balnearios-de-bariloche\\\/#breadcrumb\"},\"inLanguage\":\"es\",\"potentialAction\":[{\"@type\":\"ReadAction\",\"target\":[\"https:\\\/\\\/patagoniambiental.com.ar\\\/info\\\/proponen-el-ordenamiento-de-balnearios-de-bariloche\\\/\"]}]},{\"@type\":\"ImageObject\",\"inLanguage\":\"es\",\"@id\":\"https:\\\/\\\/patagoniambiental.com.ar\\\/info\\\/proponen-el-ordenamiento-de-balnearios-de-bariloche\\\/#primaryimage\",\"url\":\"https:\\\/\\\/patagoniambiental.com.ar\\\/info\\\/wp-content\\\/uploads\\\/2017\\\/08\\\/balneario-bariloche.jpg\",\"contentUrl\":\"https:\\\/\\\/patagoniambiental.com.ar\\\/info\\\/wp-content\\\/uploads\\\/2017\\\/08\\\/balneario-bariloche.jpg\",\"width\":900,\"height\":600},{\"@type\":\"BreadcrumbList\",\"@id\":\"https:\\\/\\\/patagoniambiental.com.ar\\\/info\\\/proponen-el-ordenamiento-de-balnearios-de-bariloche\\\/#breadcrumb\",\"itemListElement\":[{\"@type\":\"ListItem\",\"position\":1,\"name\":\"Inicio\",\"item\":\"https:\\\/\\\/patagoniambiental.com.ar\\\/info\\\/\"},{\"@type\":\"ListItem\",\"position\":2,\"name\":\"Proponen el ordenamiento de balnearios de Bariloche\"}]},{\"@type\":\"WebSite\",\"@id\":\"https:\\\/\\\/patagoniambiental.com.ar\\\/info\\\/#website\",\"url\":\"https:\\\/\\\/patagoniambiental.com.ar\\\/info\\\/\",\"name\":\"Patagonia Ambiental\",\"description\":\"Monitoreo y an\u00e1lisis de la situaci\u00f3n geopol\u00edtica en el mundo y su implicancia en la Patagonia\",\"publisher\":{\"@id\":\"https:\\\/\\\/patagoniambiental.com.ar\\\/info\\\/#organization\"},\"potentialAction\":[{\"@type\":\"SearchAction\",\"target\":{\"@type\":\"EntryPoint\",\"urlTemplate\":\"https:\\\/\\\/patagoniambiental.com.ar\\\/info\\\/?s={search_term_string}\"},\"query-input\":{\"@type\":\"PropertyValueSpecification\",\"valueRequired\":true,\"valueName\":\"search_term_string\"}}],\"inLanguage\":\"es\"},{\"@type\":\"Organization\",\"@id\":\"https:\\\/\\\/patagoniambiental.com.ar\\\/info\\\/#organization\",\"name\":\"Patagonia Ambiental\",\"url\":\"https:\\\/\\\/patagoniambiental.com.ar\\\/info\\\/\",\"logo\":{\"@type\":\"ImageObject\",\"inLanguage\":\"es\",\"@id\":\"https:\\\/\\\/patagoniambiental.com.ar\\\/info\\\/#\\\/schema\\\/logo\\\/image\\\/\",\"url\":\"https:\\\/\\\/patagoniambiental.com.ar\\\/info\\\/wp-content\\\/uploads\\\/2025\\\/05\\\/LOGO-PATAGONIA-AMBIENTAL.png\",\"contentUrl\":\"https:\\\/\\\/patagoniambiental.com.ar\\\/info\\\/wp-content\\\/uploads\\\/2025\\\/05\\\/LOGO-PATAGONIA-AMBIENTAL.png\",\"width\":433,\"height\":250,\"caption\":\"Patagonia Ambiental\"},\"image\":{\"@id\":\"https:\\\/\\\/patagoniambiental.com.ar\\\/info\\\/#\\\/schema\\\/logo\\\/image\\\/\"},\"sameAs\":[\"https:\\\/\\\/www.facebook.com\\\/patagonia.ambiental\",\"https:\\\/\\\/x.com\\\/PatAmb\"]},{\"@type\":\"Person\",\"@id\":\"https:\\\/\\\/patagoniambiental.com.ar\\\/info\\\/#\\\/schema\\\/person\\\/db12bff64bbcbf6a253710bf0ea37b5d\",\"name\":\"Patagonia Ambiental\",\"description\":\"Andr\u00e9s Nievas T\u00e9cnico en manejo ambiental, consultor Ambiental y escritor para medios locales e internacionales sobre temas de geopolitica y medio ambiente.\",\"sameAs\":[\"http:\\\/\\\/www.patagoniambiental.com.ar\",\"https:\\\/\\\/www.facebook.com\\\/share\\\/1C1V8Gv9BX\\\/?mibextid=qi2Omg\",\"@patagoniambiental\",\"https:\\\/\\\/youtube.com\\\/@patagoniaambiental2023?si=BLt58t0wuXquxlYZ\"]}]}<\/script>\n<!-- \/ Yoast SEO Premium plugin. -->","yoast_head_json":{"title":"Proponen el ordenamiento de balnearios de Bariloche","robots":{"index":"index","follow":"follow","max-snippet":"max-snippet:-1","max-image-preview":"max-image-preview:large","max-video-preview":"max-video-preview:-1"},"canonical":"https:\/\/patagoniambiental.com.ar\/info\/proponen-el-ordenamiento-de-balnearios-de-bariloche\/","og_locale":"es_ES","og_type":"article","og_title":"Proponen el ordenamiento de balnearios de Bariloche","og_description":"BARILOCHE.- El bloque Juntos Somos Bariloche (JSB) present\u00f3 un proyecto de Ordenanza para crear un marco normativo que reglamente los [&hellip;]","og_url":"https:\/\/patagoniambiental.com.ar\/info\/proponen-el-ordenamiento-de-balnearios-de-bariloche\/","og_site_name":"Patagonia Ambiental","article_publisher":"https:\/\/www.facebook.com\/patagonia.ambiental","article_author":"https:\/\/www.facebook.com\/share\/1C1V8Gv9BX\/?mibextid=qi2Omg","article_published_time":"2017-08-25T12:00:57+00:00","og_image":[{"width":1200,"height":800,"url":"https:\/\/patagoniambiental.com.ar\/info\/wp-content\/uploads\/2017\/08\/balneario-bariloche.jpg","type":"image\/jpeg"}],"author":"Patagonia Ambiental","twitter_card":"summary_large_image","twitter_creator":"@PatAmb","twitter_site":"@PatAmb","schema":{"@context":"https:\/\/schema.org","@graph":[{"@type":"Article","@id":"https:\/\/patagoniambiental.com.ar\/info\/proponen-el-ordenamiento-de-balnearios-de-bariloche\/#article","isPartOf":{"@id":"https:\/\/patagoniambiental.com.ar\/info\/proponen-el-ordenamiento-de-balnearios-de-bariloche\/"},"author":{"name":"Patagonia Ambiental","@id":"https:\/\/patagoniambiental.com.ar\/info\/#\/schema\/person\/db12bff64bbcbf6a253710bf0ea37b5d"},"headline":"Proponen el ordenamiento de balnearios de Bariloche","datePublished":"2017-08-25T12:00:57+00:00","mainEntityOfPage":{"@id":"https:\/\/patagoniambiental.com.ar\/info\/proponen-el-ordenamiento-de-balnearios-de-bariloche\/"},"wordCount":370,"commentCount":0,"publisher":{"@id":"https:\/\/patagoniambiental.com.ar\/info\/#organization"},"image":{"@id":"https:\/\/patagoniambiental.com.ar\/info\/proponen-el-ordenamiento-de-balnearios-de-bariloche\/#primaryimage"},"thumbnailUrl":"https:\/\/patagoniambiental.com.ar\/info\/wp-content\/uploads\/2017\/08\/balneario-bariloche.jpg","articleSection":["Municipios","Noticias"],"inLanguage":"es","potentialAction":[{"@type":"CommentAction","name":"Comment","target":["https:\/\/patagoniambiental.com.ar\/info\/proponen-el-ordenamiento-de-balnearios-de-bariloche\/#respond"]}]},{"@type":"WebPage","@id":"https:\/\/patagoniambiental.com.ar\/info\/proponen-el-ordenamiento-de-balnearios-de-bariloche\/","url":"https:\/\/patagoniambiental.com.ar\/info\/proponen-el-ordenamiento-de-balnearios-de-bariloche\/","name":"Proponen el ordenamiento de balnearios de Bariloche","isPartOf":{"@id":"https:\/\/patagoniambiental.com.ar\/info\/#website"},"primaryImageOfPage":{"@id":"https:\/\/patagoniambiental.com.ar\/info\/proponen-el-ordenamiento-de-balnearios-de-bariloche\/#primaryimage"},"image":{"@id":"https:\/\/patagoniambiental.com.ar\/info\/proponen-el-ordenamiento-de-balnearios-de-bariloche\/#primaryimage"},"thumbnailUrl":"https:\/\/patagoniambiental.com.ar\/info\/wp-content\/uploads\/2017\/08\/balneario-bariloche.jpg","datePublished":"2017-08-25T12:00:57+00:00","breadcrumb":{"@id":"https:\/\/patagoniambiental.com.ar\/info\/proponen-el-ordenamiento-de-balnearios-de-bariloche\/#breadcrumb"},"inLanguage":"es","potentialAction":[{"@type":"ReadAction","target":["https:\/\/patagoniambiental.com.ar\/info\/proponen-el-ordenamiento-de-balnearios-de-bariloche\/"]}]},{"@type":"ImageObject","inLanguage":"es","@id":"https:\/\/patagoniambiental.com.ar\/info\/proponen-el-ordenamiento-de-balnearios-de-bariloche\/#primaryimage","url":"https:\/\/patagoniambiental.com.ar\/info\/wp-content\/uploads\/2017\/08\/balneario-bariloche.jpg","contentUrl":"https:\/\/patagoniambiental.com.ar\/info\/wp-content\/uploads\/2017\/08\/balneario-bariloche.jpg","width":900,"height":600},{"@type":"BreadcrumbList","@id":"https:\/\/patagoniambiental.com.ar\/info\/proponen-el-ordenamiento-de-balnearios-de-bariloche\/#breadcrumb","itemListElement":[{"@type":"ListItem","position":1,"name":"Inicio","item":"https:\/\/patagoniambiental.com.ar\/info\/"},{"@type":"ListItem","position":2,"name":"Proponen el ordenamiento de balnearios de Bariloche"}]},{"@type":"WebSite","@id":"https:\/\/patagoniambiental.com.ar\/info\/#website","url":"https:\/\/patagoniambiental.com.ar\/info\/","name":"Patagonia Ambiental","description":"Monitoreo y an\u00e1lisis de la situaci\u00f3n geopol\u00edtica en el mundo y su implicancia en la Patagonia","publisher":{"@id":"https:\/\/patagoniambiental.com.ar\/info\/#organization"},"potentialAction":[{"@type":"SearchAction","target":{"@type":"EntryPoint","urlTemplate":"https:\/\/patagoniambiental.com.ar\/info\/?s={search_term_string}"},"query-input":{"@type":"PropertyValueSpecification","valueRequired":true,"valueName":"search_term_string"}}],"inLanguage":"es"},{"@type":"Organization","@id":"https:\/\/patagoniambiental.com.ar\/info\/#organization","name":"Patagonia Ambiental","url":"https:\/\/patagoniambiental.com.ar\/info\/","logo":{"@type":"ImageObject","inLanguage":"es","@id":"https:\/\/patagoniambiental.com.ar\/info\/#\/schema\/logo\/image\/","url":"https:\/\/patagoniambiental.com.ar\/info\/wp-content\/uploads\/2025\/05\/LOGO-PATAGONIA-AMBIENTAL.png","contentUrl":"https:\/\/patagoniambiental.com.ar\/info\/wp-content\/uploads\/2025\/05\/LOGO-PATAGONIA-AMBIENTAL.png","width":433,"height":250,"caption":"Patagonia Ambiental"},"image":{"@id":"https:\/\/patagoniambiental.com.ar\/info\/#\/schema\/logo\/image\/"},"sameAs":["https:\/\/www.facebook.com\/patagonia.ambiental","https:\/\/x.com\/PatAmb"]},{"@type":"Person","@id":"https:\/\/patagoniambiental.com.ar\/info\/#\/schema\/person\/db12bff64bbcbf6a253710bf0ea37b5d","name":"Patagonia Ambiental","description":"Andr\u00e9s Nievas T\u00e9cnico en manejo ambiental, consultor Ambiental y escritor para medios locales e internacionales sobre temas de geopolitica y medio ambiente.","sameAs":["http:\/\/www.patagoniambiental.com.ar","https:\/\/www.facebook.com\/share\/1C1V8Gv9BX\/?mibextid=qi2Omg","@patagoniambiental","https:\/\/youtube.com\/@patagoniaambiental2023?si=BLt58t0wuXquxlYZ"]}]}},"_links":{"self":[{"href":"https:\/\/patagoniambiental.com.ar\/info\/wp-json\/wp\/v2\/posts\/33810","targetHints":{"allow":["GET"]}}],"collection":[{"href":"https:\/\/patagoniambiental.com.ar\/info\/wp-json\/wp\/v2\/posts"}],"about":[{"href":"https:\/\/patagoniambiental.com.ar\/info\/wp-json\/wp\/v2\/types\/post"}],"author":[{"embeddable":true,"href":"https:\/\/patagoniambiental.com.ar\/info\/wp-json\/wp\/v2\/users\/2"}],"replies":[{"embeddable":true,"href":"https:\/\/patagoniambiental.com.ar\/info\/wp-json\/wp\/v2\/comments?post=33810"}],"version-history":[{"count":0,"href":"https:\/\/patagoniambiental.com.ar\/info\/wp-json\/wp\/v2\/posts\/33810\/revisions"}],"wp:featuredmedia":[{"embeddable":true,"href":"https:\/\/patagoniambiental.com.ar\/info\/wp-json\/wp\/v2\/media\/33811"}],"wp:attachment":[{"href":"https:\/\/patagoniambiental.com.ar\/info\/wp-json\/wp\/v2\/media?parent=33810"}],"wp:term":[{"taxonomy":"category","embeddable":true,"href":"https:\/\/patagoniambiental.com.ar\/info\/wp-json\/wp\/v2\/categories?post=33810"},{"taxonomy":"post_tag","embeddable":true,"href":"https:\/\/patagoniambiental.com.ar\/info\/wp-json\/wp\/v2\/tags?post=33810"}],"curies":[{"name":"wp","href":"https:\/\/api.w.org\/{rel}","templated":true}]}}