{"id":33817,"date":"2017-08-25T09:00:48","date_gmt":"2017-08-25T12:00:48","guid":{"rendered":"http:\/\/patagoniambiental.com.ar\/info\/?p=33817"},"modified":"2017-08-24T20:01:46","modified_gmt":"2017-08-24T23:01:46","slug":"comenzo-la-i-jornada-provincial-de-energias-alternativas","status":"publish","type":"post","link":"https:\/\/patagoniambiental.com.ar\/info\/comenzo-la-i-jornada-provincial-de-energias-alternativas\/","title":{"rendered":"Chubut: Comenz\u00f3 la \u00abI Jornada Provincial de Energ\u00edas Alternativas\u00bb"},"content":{"rendered":"<div>\n<div id=\"notapage_texto\" class=\"notapage_cuerpo\">\n<p>CHUBUT.- Ayer en horas de la ma\u00f1ana se realiz\u00f3 en la sede local de la Universidad de Chubut en nuestra ciudad la apertura oficial de las Primeras Jornadas Provinciales de Energ\u00eda Alternativa que organiza la Secretar\u00eda de Ecolog\u00eda y Protecci\u00f3n Ambiental (SEPA), con acompa\u00f1amiento del Ministerio de Medio Ambiente de la Provincia de Chubut, y de la Universidad de Chubut.<\/p>\n<p>El acto fue encabezado por el Ministro Ambiente y Control del Desarrollo Sustentable de Chubut, Ignacio Agulleiro;\u00a0el Secretario de Ecolog\u00eda de la Municipalidad, Facundo Ursino; y la Rectora de la Casa de Altos Estudios de la Provincia, Dra. Graciela Di Perna; adem\u00e1s de concejales y diversos funcionarios Municipales y de la Provincia.<\/p>\n<p>La idea de buscar una manera eficiente de colaborar de manera activa a disminuir la contaminaci\u00f3n y combatir el calentamiento global, priorizar la necesidad de garantizar el acceso a servicios modernos de energ\u00eda y la necesidad de avanzar en modos alternativos de producci\u00f3n de energ\u00eda que minimicen el impacto negativo sobre el medio ambiente, merecen un tratamiento especial tanto en el \u00e1mbito estatal como privado.<\/p>\n<p>Es por eso que el objetivo principal de esta primera jornada provincial de energ\u00edas alternativas es reunir a todos los actores cient\u00edficos y de gesti\u00f3n, p\u00fablicos y privados, que actualmente desarrollan proyectos relacionados con la tem\u00e1tica, apuntando a compartir experiencias y propiciar interacciones para aunar esfuerzos en pos del desarrollo de este tipo de energ\u00edas.<\/p>\n<p>El gobierno de la Provincia del Chubut y la ciudad de Puerto Madryn promueven la preservaci\u00f3n del ambiente, el desarrollo sustentable y la promoci\u00f3n de los valores de responsabilidad y compromiso. el desarrollo de energ\u00edas renovables es primordial en la provincia, por ser limpias, inagotables y crecientemente competitivas.<\/p>\n<p>Si son utilizadas con compromiso y sensatez, pueden traer otro tipo de beneficios tales como nuevas oportunidades de trabajo en \u00e1reas tanto rurales como urbanas y el desarrollo de tecnolog\u00edas locales.<\/p>\n<\/div>\n<\/div>\n<div class=\"ppp ppp_P6 ppp_desktop\">\u00a0Fuente:\u00a0http:\/\/www.elchubut.com.ar\/nota\/2017-8-24-16-5-30-comenzo-la-i-jornada-provincial-de-energias-alternativas<\/div>\n","protected":false},"excerpt":{"rendered":"<p>CHUBUT.- Ayer en horas de la ma\u00f1ana se realiz\u00f3 en la sede local de la Universidad de Chubut en nuestra [&hellip;]<\/p>\n","protected":false},"author":2,"featured_media":33818,"comment_status":"open","ping_status":"open","sticky":false,"template":"","format":"standard","meta":{"site-sidebar-layout":"default","site-content-layout":"","ast-site-content-layout":"default","site-content-style":"default","site-sidebar-style":"default","ast-global-header-display":"","ast-banner-title-visibility":"","ast-main-header-display":"","ast-hfb-above-header-display":"","ast-hfb-below-header-display":"","ast-hfb-mobile-header-display":"","site-post-title":"","ast-breadcrumbs-content":"","ast-featured-img":"","footer-sml-layout":"","ast-disable-related-posts":"","theme-transparent-header-meta":"","adv-header-id-meta":"","stick-header-meta":"","header-above-stick-meta":"","header-main-stick-meta":"","header-below-stick-meta":"","astra-migrate-meta-layouts":"default","ast-page-background-enabled":"default","ast-page-background-meta":{"desktop":{"background-color":"var(--ast-global-color-5)","background-image":"","background-repeat":"repeat","background-position":"center center","background-size":"auto","background-attachment":"scroll","background-type":"","background-media":"","overlay-type":"","overlay-color":"","overlay-opacity":"","overlay-gradient":""},"tablet":{"background-color":"","background-image":"","background-repeat":"repeat","background-position":"center center","background-size":"auto","background-attachment":"scroll","background-type":"","background-media":"","overlay-type":"","overlay-color":"","overlay-opacity":"","overlay-gradient":""},"mobile":{"background-color":"","background-image":"","background-repeat":"repeat","background-position":"center center","background-size":"auto","background-attachment":"scroll","background-type":"","background-media":"","overlay-type":"","overlay-color":"","overlay-opacity":"","overlay-gradient":""}},"ast-content-background-meta":{"desktop":{"background-color":"var(--ast-global-color-4)","background-image":"","background-repeat":"repeat","background-position":"center center","background-size":"auto","background-attachment":"scroll","background-type":"","background-media":"","overlay-type":"","overlay-color":"","overlay-opacity":"","overlay-gradient":""},"tablet":{"background-color":"var(--ast-global-color-4)","background-image":"","background-repeat":"repeat","background-position":"center center","background-size":"auto","background-attachment":"scroll","background-type":"","background-media":"","overlay-type":"","overlay-color":"","overlay-opacity":"","overlay-gradient":""},"mobile":{"background-color":"var(--ast-global-color-4)","background-image":"","background-repeat":"repeat","background-position":"center center","background-size":"auto","background-attachment":"scroll","background-type":"","background-media":"","overlay-type":"","overlay-color":"","overlay-opacity":"","overlay-gradient":""}},"footnotes":""},"categories":[26,1],"tags":[],"class_list":["post-33817","post","type-post","status-publish","format-standard","has-post-thumbnail","hentry","category-chubut","category-noticias"],"yoast_head":"<!-- This site is optimized with the Yoast SEO Premium plugin v23.0 (Yoast SEO v27.5) - https:\/\/yoast.com\/product\/yoast-seo-premium-wordpress\/ -->\n<title>Chubut: Comenz\u00f3 la &quot;I Jornada Provincial de Energ\u00edas Alternativas&quot;<\/title>\n<meta name=\"robots\" content=\"index, follow, max-snippet:-1, max-image-preview:large, max-video-preview:-1\" \/>\n<link rel=\"canonical\" href=\"https:\/\/patagoniambiental.com.ar\/info\/comenzo-la-i-jornada-provincial-de-energias-alternativas\/\" \/>\n<meta property=\"og:locale\" content=\"es_ES\" \/>\n<meta property=\"og:type\" content=\"article\" \/>\n<meta property=\"og:title\" content=\"Chubut: Comenz\u00f3 la &quot;I Jornada Provincial de Energ\u00edas Alternativas&quot;\" \/>\n<meta property=\"og:description\" content=\"CHUBUT.- Ayer en horas de la ma\u00f1ana se realiz\u00f3 en la sede local de la Universidad de Chubut en nuestra [&hellip;]\" \/>\n<meta property=\"og:url\" content=\"https:\/\/patagoniambiental.com.ar\/info\/comenzo-la-i-jornada-provincial-de-energias-alternativas\/\" \/>\n<meta property=\"og:site_name\" content=\"Patagonia Ambiental\" \/>\n<meta property=\"article:publisher\" content=\"https:\/\/www.facebook.com\/patagonia.ambiental\" \/>\n<meta property=\"article:author\" content=\"https:\/\/www.facebook.com\/share\/1C1V8Gv9BX\/?mibextid=qi2Omg\" \/>\n<meta property=\"article:published_time\" content=\"2017-08-25T12:00:48+00:00\" \/>\n<meta property=\"og:image\" content=\"https:\/\/patagoniambiental.com.ar\/info\/wp-content\/uploads\/2017\/08\/jornadas-chubut.jpeg\" \/>\n\t<meta property=\"og:image:width\" content=\"1024\" \/>\n\t<meta property=\"og:image:height\" content=\"624\" \/>\n\t<meta property=\"og:image:type\" content=\"image\/jpeg\" \/>\n<meta name=\"author\" content=\"Patagonia Ambiental\" \/>\n<meta name=\"twitter:card\" content=\"summary_large_image\" \/>\n<meta name=\"twitter:creator\" content=\"@PatAmb\" \/>\n<meta name=\"twitter:site\" content=\"@PatAmb\" \/>\n<script type=\"application\/ld+json\" class=\"yoast-schema-graph\">{\"@context\":\"https:\\\/\\\/schema.org\",\"@graph\":[{\"@type\":\"Article\",\"@id\":\"https:\\\/\\\/patagoniambiental.com.ar\\\/info\\\/comenzo-la-i-jornada-provincial-de-energias-alternativas\\\/#article\",\"isPartOf\":{\"@id\":\"https:\\\/\\\/patagoniambiental.com.ar\\\/info\\\/comenzo-la-i-jornada-provincial-de-energias-alternativas\\\/\"},\"author\":{\"name\":\"Patagonia Ambiental\",\"@id\":\"https:\\\/\\\/patagoniambiental.com.ar\\\/info\\\/#\\\/schema\\\/person\\\/db12bff64bbcbf6a253710bf0ea37b5d\"},\"headline\":\"Chubut: Comenz\u00f3 la \u00abI Jornada Provincial de Energ\u00edas Alternativas\u00bb\",\"datePublished\":\"2017-08-25T12:00:48+00:00\",\"mainEntityOfPage\":{\"@id\":\"https:\\\/\\\/patagoniambiental.com.ar\\\/info\\\/comenzo-la-i-jornada-provincial-de-energias-alternativas\\\/\"},\"wordCount\":358,\"commentCount\":0,\"publisher\":{\"@id\":\"https:\\\/\\\/patagoniambiental.com.ar\\\/info\\\/#organization\"},\"image\":{\"@id\":\"https:\\\/\\\/patagoniambiental.com.ar\\\/info\\\/comenzo-la-i-jornada-provincial-de-energias-alternativas\\\/#primaryimage\"},\"thumbnailUrl\":\"https:\\\/\\\/patagoniambiental.com.ar\\\/info\\\/wp-content\\\/uploads\\\/2017\\\/08\\\/jornadas-chubut.jpeg\",\"articleSection\":[\"Chubut\",\"Noticias\"],\"inLanguage\":\"es\",\"potentialAction\":[{\"@type\":\"CommentAction\",\"name\":\"Comment\",\"target\":[\"https:\\\/\\\/patagoniambiental.com.ar\\\/info\\\/comenzo-la-i-jornada-provincial-de-energias-alternativas\\\/#respond\"]}]},{\"@type\":\"WebPage\",\"@id\":\"https:\\\/\\\/patagoniambiental.com.ar\\\/info\\\/comenzo-la-i-jornada-provincial-de-energias-alternativas\\\/\",\"url\":\"https:\\\/\\\/patagoniambiental.com.ar\\\/info\\\/comenzo-la-i-jornada-provincial-de-energias-alternativas\\\/\",\"name\":\"Chubut: Comenz\u00f3 la \\\"I Jornada Provincial de Energ\u00edas Alternativas\\\"\",\"isPartOf\":{\"@id\":\"https:\\\/\\\/patagoniambiental.com.ar\\\/info\\\/#website\"},\"primaryImageOfPage\":{\"@id\":\"https:\\\/\\\/patagoniambiental.com.ar\\\/info\\\/comenzo-la-i-jornada-provincial-de-energias-alternativas\\\/#primaryimage\"},\"image\":{\"@id\":\"https:\\\/\\\/patagoniambiental.com.ar\\\/info\\\/comenzo-la-i-jornada-provincial-de-energias-alternativas\\\/#primaryimage\"},\"thumbnailUrl\":\"https:\\\/\\\/patagoniambiental.com.ar\\\/info\\\/wp-content\\\/uploads\\\/2017\\\/08\\\/jornadas-chubut.jpeg\",\"datePublished\":\"2017-08-25T12:00:48+00:00\",\"breadcrumb\":{\"@id\":\"https:\\\/\\\/patagoniambiental.com.ar\\\/info\\\/comenzo-la-i-jornada-provincial-de-energias-alternativas\\\/#breadcrumb\"},\"inLanguage\":\"es\",\"potentialAction\":[{\"@type\":\"ReadAction\",\"target\":[\"https:\\\/\\\/patagoniambiental.com.ar\\\/info\\\/comenzo-la-i-jornada-provincial-de-energias-alternativas\\\/\"]}]},{\"@type\":\"ImageObject\",\"inLanguage\":\"es\",\"@id\":\"https:\\\/\\\/patagoniambiental.com.ar\\\/info\\\/comenzo-la-i-jornada-provincial-de-energias-alternativas\\\/#primaryimage\",\"url\":\"https:\\\/\\\/patagoniambiental.com.ar\\\/info\\\/wp-content\\\/uploads\\\/2017\\\/08\\\/jornadas-chubut.jpeg\",\"contentUrl\":\"https:\\\/\\\/patagoniambiental.com.ar\\\/info\\\/wp-content\\\/uploads\\\/2017\\\/08\\\/jornadas-chubut.jpeg\",\"width\":985,\"height\":600},{\"@type\":\"BreadcrumbList\",\"@id\":\"https:\\\/\\\/patagoniambiental.com.ar\\\/info\\\/comenzo-la-i-jornada-provincial-de-energias-alternativas\\\/#breadcrumb\",\"itemListElement\":[{\"@type\":\"ListItem\",\"position\":1,\"name\":\"Inicio\",\"item\":\"https:\\\/\\\/patagoniambiental.com.ar\\\/info\\\/\"},{\"@type\":\"ListItem\",\"position\":2,\"name\":\"Chubut: Comenz\u00f3 la \u00abI Jornada Provincial de Energ\u00edas Alternativas\u00bb\"}]},{\"@type\":\"WebSite\",\"@id\":\"https:\\\/\\\/patagoniambiental.com.ar\\\/info\\\/#website\",\"url\":\"https:\\\/\\\/patagoniambiental.com.ar\\\/info\\\/\",\"name\":\"Patagonia Ambiental\",\"description\":\"Monitoreo y an\u00e1lisis de la situaci\u00f3n geopol\u00edtica en el mundo y su implicancia en la Patagonia\",\"publisher\":{\"@id\":\"https:\\\/\\\/patagoniambiental.com.ar\\\/info\\\/#organization\"},\"potentialAction\":[{\"@type\":\"SearchAction\",\"target\":{\"@type\":\"EntryPoint\",\"urlTemplate\":\"https:\\\/\\\/patagoniambiental.com.ar\\\/info\\\/?s={search_term_string}\"},\"query-input\":{\"@type\":\"PropertyValueSpecification\",\"valueRequired\":true,\"valueName\":\"search_term_string\"}}],\"inLanguage\":\"es\"},{\"@type\":\"Organization\",\"@id\":\"https:\\\/\\\/patagoniambiental.com.ar\\\/info\\\/#organization\",\"name\":\"Patagonia Ambiental\",\"url\":\"https:\\\/\\\/patagoniambiental.com.ar\\\/info\\\/\",\"logo\":{\"@type\":\"ImageObject\",\"inLanguage\":\"es\",\"@id\":\"https:\\\/\\\/patagoniambiental.com.ar\\\/info\\\/#\\\/schema\\\/logo\\\/image\\\/\",\"url\":\"https:\\\/\\\/patagoniambiental.com.ar\\\/info\\\/wp-content\\\/uploads\\\/2025\\\/05\\\/LOGO-PATAGONIA-AMBIENTAL.png\",\"contentUrl\":\"https:\\\/\\\/patagoniambiental.com.ar\\\/info\\\/wp-content\\\/uploads\\\/2025\\\/05\\\/LOGO-PATAGONIA-AMBIENTAL.png\",\"width\":433,\"height\":250,\"caption\":\"Patagonia Ambiental\"},\"image\":{\"@id\":\"https:\\\/\\\/patagoniambiental.com.ar\\\/info\\\/#\\\/schema\\\/logo\\\/image\\\/\"},\"sameAs\":[\"https:\\\/\\\/www.facebook.com\\\/patagonia.ambiental\",\"https:\\\/\\\/x.com\\\/PatAmb\"]},{\"@type\":\"Person\",\"@id\":\"https:\\\/\\\/patagoniambiental.com.ar\\\/info\\\/#\\\/schema\\\/person\\\/db12bff64bbcbf6a253710bf0ea37b5d\",\"name\":\"Patagonia Ambiental\",\"description\":\"Andr\u00e9s Nievas T\u00e9cnico en manejo ambiental, consultor Ambiental y escritor para medios locales e internacionales sobre temas de geopolitica y medio ambiente.\",\"sameAs\":[\"http:\\\/\\\/www.patagoniambiental.com.ar\",\"https:\\\/\\\/www.facebook.com\\\/share\\\/1C1V8Gv9BX\\\/?mibextid=qi2Omg\",\"@patagoniambiental\",\"https:\\\/\\\/youtube.com\\\/@patagoniaambiental2023?si=BLt58t0wuXquxlYZ\"]}]}<\/script>\n<!-- \/ Yoast SEO Premium plugin. -->","yoast_head_json":{"title":"Chubut: Comenz\u00f3 la \"I Jornada Provincial de Energ\u00edas Alternativas\"","robots":{"index":"index","follow":"follow","max-snippet":"max-snippet:-1","max-image-preview":"max-image-preview:large","max-video-preview":"max-video-preview:-1"},"canonical":"https:\/\/patagoniambiental.com.ar\/info\/comenzo-la-i-jornada-provincial-de-energias-alternativas\/","og_locale":"es_ES","og_type":"article","og_title":"Chubut: Comenz\u00f3 la \"I Jornada Provincial de Energ\u00edas Alternativas\"","og_description":"CHUBUT.- Ayer en horas de la ma\u00f1ana se realiz\u00f3 en la sede local de la Universidad de Chubut en nuestra [&hellip;]","og_url":"https:\/\/patagoniambiental.com.ar\/info\/comenzo-la-i-jornada-provincial-de-energias-alternativas\/","og_site_name":"Patagonia Ambiental","article_publisher":"https:\/\/www.facebook.com\/patagonia.ambiental","article_author":"https:\/\/www.facebook.com\/share\/1C1V8Gv9BX\/?mibextid=qi2Omg","article_published_time":"2017-08-25T12:00:48+00:00","og_image":[{"width":1024,"height":624,"url":"https:\/\/patagoniambiental.com.ar\/info\/wp-content\/uploads\/2017\/08\/jornadas-chubut.jpeg","type":"image\/jpeg"}],"author":"Patagonia Ambiental","twitter_card":"summary_large_image","twitter_creator":"@PatAmb","twitter_site":"@PatAmb","schema":{"@context":"https:\/\/schema.org","@graph":[{"@type":"Article","@id":"https:\/\/patagoniambiental.com.ar\/info\/comenzo-la-i-jornada-provincial-de-energias-alternativas\/#article","isPartOf":{"@id":"https:\/\/patagoniambiental.com.ar\/info\/comenzo-la-i-jornada-provincial-de-energias-alternativas\/"},"author":{"name":"Patagonia Ambiental","@id":"https:\/\/patagoniambiental.com.ar\/info\/#\/schema\/person\/db12bff64bbcbf6a253710bf0ea37b5d"},"headline":"Chubut: Comenz\u00f3 la \u00abI Jornada Provincial de Energ\u00edas Alternativas\u00bb","datePublished":"2017-08-25T12:00:48+00:00","mainEntityOfPage":{"@id":"https:\/\/patagoniambiental.com.ar\/info\/comenzo-la-i-jornada-provincial-de-energias-alternativas\/"},"wordCount":358,"commentCount":0,"publisher":{"@id":"https:\/\/patagoniambiental.com.ar\/info\/#organization"},"image":{"@id":"https:\/\/patagoniambiental.com.ar\/info\/comenzo-la-i-jornada-provincial-de-energias-alternativas\/#primaryimage"},"thumbnailUrl":"https:\/\/patagoniambiental.com.ar\/info\/wp-content\/uploads\/2017\/08\/jornadas-chubut.jpeg","articleSection":["Chubut","Noticias"],"inLanguage":"es","potentialAction":[{"@type":"CommentAction","name":"Comment","target":["https:\/\/patagoniambiental.com.ar\/info\/comenzo-la-i-jornada-provincial-de-energias-alternativas\/#respond"]}]},{"@type":"WebPage","@id":"https:\/\/patagoniambiental.com.ar\/info\/comenzo-la-i-jornada-provincial-de-energias-alternativas\/","url":"https:\/\/patagoniambiental.com.ar\/info\/comenzo-la-i-jornada-provincial-de-energias-alternativas\/","name":"Chubut: Comenz\u00f3 la \"I Jornada Provincial de Energ\u00edas Alternativas\"","isPartOf":{"@id":"https:\/\/patagoniambiental.com.ar\/info\/#website"},"primaryImageOfPage":{"@id":"https:\/\/patagoniambiental.com.ar\/info\/comenzo-la-i-jornada-provincial-de-energias-alternativas\/#primaryimage"},"image":{"@id":"https:\/\/patagoniambiental.com.ar\/info\/comenzo-la-i-jornada-provincial-de-energias-alternativas\/#primaryimage"},"thumbnailUrl":"https:\/\/patagoniambiental.com.ar\/info\/wp-content\/uploads\/2017\/08\/jornadas-chubut.jpeg","datePublished":"2017-08-25T12:00:48+00:00","breadcrumb":{"@id":"https:\/\/patagoniambiental.com.ar\/info\/comenzo-la-i-jornada-provincial-de-energias-alternativas\/#breadcrumb"},"inLanguage":"es","potentialAction":[{"@type":"ReadAction","target":["https:\/\/patagoniambiental.com.ar\/info\/comenzo-la-i-jornada-provincial-de-energias-alternativas\/"]}]},{"@type":"ImageObject","inLanguage":"es","@id":"https:\/\/patagoniambiental.com.ar\/info\/comenzo-la-i-jornada-provincial-de-energias-alternativas\/#primaryimage","url":"https:\/\/patagoniambiental.com.ar\/info\/wp-content\/uploads\/2017\/08\/jornadas-chubut.jpeg","contentUrl":"https:\/\/patagoniambiental.com.ar\/info\/wp-content\/uploads\/2017\/08\/jornadas-chubut.jpeg","width":985,"height":600},{"@type":"BreadcrumbList","@id":"https:\/\/patagoniambiental.com.ar\/info\/comenzo-la-i-jornada-provincial-de-energias-alternativas\/#breadcrumb","itemListElement":[{"@type":"ListItem","position":1,"name":"Inicio","item":"https:\/\/patagoniambiental.com.ar\/info\/"},{"@type":"ListItem","position":2,"name":"Chubut: Comenz\u00f3 la \u00abI Jornada Provincial de Energ\u00edas Alternativas\u00bb"}]},{"@type":"WebSite","@id":"https:\/\/patagoniambiental.com.ar\/info\/#website","url":"https:\/\/patagoniambiental.com.ar\/info\/","name":"Patagonia Ambiental","description":"Monitoreo y an\u00e1lisis de la situaci\u00f3n geopol\u00edtica en el mundo y su implicancia en la Patagonia","publisher":{"@id":"https:\/\/patagoniambiental.com.ar\/info\/#organization"},"potentialAction":[{"@type":"SearchAction","target":{"@type":"EntryPoint","urlTemplate":"https:\/\/patagoniambiental.com.ar\/info\/?s={search_term_string}"},"query-input":{"@type":"PropertyValueSpecification","valueRequired":true,"valueName":"search_term_string"}}],"inLanguage":"es"},{"@type":"Organization","@id":"https:\/\/patagoniambiental.com.ar\/info\/#organization","name":"Patagonia Ambiental","url":"https:\/\/patagoniambiental.com.ar\/info\/","logo":{"@type":"ImageObject","inLanguage":"es","@id":"https:\/\/patagoniambiental.com.ar\/info\/#\/schema\/logo\/image\/","url":"https:\/\/patagoniambiental.com.ar\/info\/wp-content\/uploads\/2025\/05\/LOGO-PATAGONIA-AMBIENTAL.png","contentUrl":"https:\/\/patagoniambiental.com.ar\/info\/wp-content\/uploads\/2025\/05\/LOGO-PATAGONIA-AMBIENTAL.png","width":433,"height":250,"caption":"Patagonia Ambiental"},"image":{"@id":"https:\/\/patagoniambiental.com.ar\/info\/#\/schema\/logo\/image\/"},"sameAs":["https:\/\/www.facebook.com\/patagonia.ambiental","https:\/\/x.com\/PatAmb"]},{"@type":"Person","@id":"https:\/\/patagoniambiental.com.ar\/info\/#\/schema\/person\/db12bff64bbcbf6a253710bf0ea37b5d","name":"Patagonia Ambiental","description":"Andr\u00e9s Nievas T\u00e9cnico en manejo ambiental, consultor Ambiental y escritor para medios locales e internacionales sobre temas de geopolitica y medio ambiente.","sameAs":["http:\/\/www.patagoniambiental.com.ar","https:\/\/www.facebook.com\/share\/1C1V8Gv9BX\/?mibextid=qi2Omg","@patagoniambiental","https:\/\/youtube.com\/@patagoniaambiental2023?si=BLt58t0wuXquxlYZ"]}]}},"_links":{"self":[{"href":"https:\/\/patagoniambiental.com.ar\/info\/wp-json\/wp\/v2\/posts\/33817","targetHints":{"allow":["GET"]}}],"collection":[{"href":"https:\/\/patagoniambiental.com.ar\/info\/wp-json\/wp\/v2\/posts"}],"about":[{"href":"https:\/\/patagoniambiental.com.ar\/info\/wp-json\/wp\/v2\/types\/post"}],"author":[{"embeddable":true,"href":"https:\/\/patagoniambiental.com.ar\/info\/wp-json\/wp\/v2\/users\/2"}],"replies":[{"embeddable":true,"href":"https:\/\/patagoniambiental.com.ar\/info\/wp-json\/wp\/v2\/comments?post=33817"}],"version-history":[{"count":0,"href":"https:\/\/patagoniambiental.com.ar\/info\/wp-json\/wp\/v2\/posts\/33817\/revisions"}],"wp:featuredmedia":[{"embeddable":true,"href":"https:\/\/patagoniambiental.com.ar\/info\/wp-json\/wp\/v2\/media\/33818"}],"wp:attachment":[{"href":"https:\/\/patagoniambiental.com.ar\/info\/wp-json\/wp\/v2\/media?parent=33817"}],"wp:term":[{"taxonomy":"category","embeddable":true,"href":"https:\/\/patagoniambiental.com.ar\/info\/wp-json\/wp\/v2\/categories?post=33817"},{"taxonomy":"post_tag","embeddable":true,"href":"https:\/\/patagoniambiental.com.ar\/info\/wp-json\/wp\/v2\/tags?post=33817"}],"curies":[{"name":"wp","href":"https:\/\/api.w.org\/{rel}","templated":true}]}}