{"id":33838,"date":"2017-08-25T19:00:29","date_gmt":"2017-08-25T22:00:29","guid":{"rendered":"http:\/\/patagoniambiental.com.ar\/info\/?p=33838"},"modified":"2017-08-25T09:58:57","modified_gmt":"2017-08-25T12:58:57","slug":"temporal-de-viento-el-dia-despues-johnston-esta-vez-estuvimos-mejor-preparados","status":"publish","type":"post","link":"https:\/\/patagoniambiental.com.ar\/info\/temporal-de-viento-el-dia-despues-johnston-esta-vez-estuvimos-mejor-preparados\/","title":{"rendered":"Temporal de viento, el d\u00eda despu\u00e9s. Johnston: \u201cEsta vez estuvimos mejor preparados\u201d"},"content":{"rendered":"<div class=\"td-post-header\">Catriel.- Debido al intenso viento que azot\u00f3 este martes a toda la regi\u00f3n, la municipalidad local diagram\u00f3 un plan de contingencias; el intendente declar\u00f3 la emergencia y se dispuso dos mesas de atenci\u00f3n a reclamo de vecinos.<\/div>\n<div class=\"td-post-sharing td-post-sharing-top td-with-like\">\n<div><!--more--><\/div>\n<div><\/div>\n<div class=\"td-default-sharing\">El fen\u00f3meno clim\u00e1tico que super\u00f3 los 130 kms\/hra afect\u00f3 a\u00a0alrededor de 45 viviendas con voladura de techos, hubo familias evacuadas y una persona con fractura al caerse de un techo.<i class=\"td-icon-pinterest\"><\/i><\/div>\n<div class=\"td-classic-sharing\"><\/div>\n<\/div>\n<p>&nbsp;<\/p>\n<div class=\"td-post-content\">\n<div class=\"td-post-featured-image\"><a class=\"td-modal-image\" href=\"https:\/\/i2.wp.com\/catriel25noticias.com\/new\/wp-content\/uploads\/2017\/08\/viento-ramas.jpg?fit=750%2C398&amp;ssl=1\" data-caption=\"\"><img fetchpriority=\"high\" decoding=\"async\" class=\"entry-thumb td-animation-stack-type1-1\" title=\"viento ramas\" src=\"https:\/\/i0.wp.com\/catriel25noticias.com\/new\/wp-content\/uploads\/2017\/08\/viento-ramas.jpg?resize=750%2C398&amp;ssl=1\" sizes=\"(max-width: 750px) 100vw, 750px\" srcset=\"https:\/\/i0.wp.com\/catriel25noticias.com\/new\/wp-content\/uploads\/2017\/08\/viento-ramas.jpg?w=750&amp;ssl=1 750w, https:\/\/i2.wp.com\/catriel25noticias.com\/new\/wp-content\/uploads\/2017\/08\/viento-ramas.jpg?resize=300%2C159&amp;ssl=1 300w, https:\/\/i2.wp.com\/catriel25noticias.com\/new\/wp-content\/uploads\/2017\/08\/viento-ramas.jpg?resize=696%2C369&amp;ssl=1 696w\" alt=\"viento ramas\" width=\"750\" height=\"398\" \/><\/a><\/div>\n<p>&nbsp;<\/p>\n<p>Con el alerta meteorol\u00f3gico anunciado sobre vientos intensos en la regi\u00f3n para este martes, el municipio trabajo d\u00edas\u00a0antes en la comisi\u00f3n de evacuaci\u00f3n y comisi\u00f3n de trabajo, con la colaboraci\u00f3n de salud, bomberos, defensa civil y Comisar\u00eda 9\u00b0.<\/p>\n<p>&nbsp;<\/p>\n<p>El viento en la ciudad provoc\u00f3 un sinn\u00famero de incidentes, voladura de techos, ca\u00edda de \u00e1rboles, familias evacuadas y problemas en los servicios de luz y cable, con la ca\u00edda de postes o cortes de tendido de cables.<\/p>\n<p>&nbsp;<\/p>\n<p>La red de trabajo comenz\u00f3 a realizar tareas a media ma\u00f1ana del martes, con los primeros vientos y continuaron hasta horas de la madrugada de este mi\u00e9rcoles. \u00a0Cuatro cuadrillas recorren la ciudad, reparando techos, sacando \u00e1rboles, limpiando la ciudad.<\/p>\n<p>&nbsp;<\/p>\n<p>El Intendente municipal Carlos Johnston habl\u00f3 esta ma\u00f1ana con radio \u201cAlas\u201d desde Viedma (donde particip\u00f3 de una reuni\u00f3n con el gobernador por este y otros temas). \u00a0\u201cQuiero\u00a0felicitar a todas las instituciones, a bomberos, polic\u00eda, defensa civil, salud p\u00fablica, a la municipalidad, secretarios, direcciones, empleados que han trabajado incansablemente para que la situaci\u00f3n fuera m\u00e1s leve\u201d.<\/p>\n<p>&nbsp;<\/p>\n<p>\u201cGracias a dios no hemos tenido que lamentar ninguna v\u00edctima fatal, como ha sucedido en otras ciudades\u201d.<\/p>\n<p>&nbsp;<\/p>\n<p>\u201cCada vez estamos mejor preparados para este tipo de contingencias, que se queden tranquilos que los vamos a ayudar a todos, ya por resoluci\u00f3n est\u00e1 declarada la emergencia, la cual ser\u00e1 refrendada por la legislatura municipal\u201d.<\/p>\n<p>&nbsp;<\/p>\n<p>&nbsp;<\/p>\n<p>Uno de los problemas m\u00e1s graves, adem\u00e1s de la voladura de techos, tuvo que ver con la ca\u00edda de \u00e1rboles de gran porte en diversos puntos de la ciudad. \u201cCuando nos criticaban que nosotros quer\u00edamos podar los eucaliptos, era por esto, los \u00e1rboles no hay que dejarlos crecer tanto, sino a una altura m\u00e1xima de cinco metros, sino traen estos inconvenientes, porque sabemos que en esta zona hay vientos, de esta envergadura\u201d sostuvo el intendente.<\/p>\n<p>&nbsp;<\/p>\n<p>&nbsp;<\/p>\n<p>&nbsp;<\/p>\n<p>DEFENSA CIVIL<\/p>\n<p>&nbsp;<\/p>\n<p>El referente del \u00e1rea, Marcos Molina, dio detalles de c\u00f3mo impact\u00f3 el viento en la ciudad, \u201caproximadamente entre 40 y 45 viviendas afectadas, tres familias evacuadas en el sal\u00f3n de usos m\u00faltiples, una persona con lesiones que estaba trabajando arriba del techo, con el viento cay\u00f3 y sufri\u00f3 una fractura\u201d.<\/p>\n<p>&nbsp;<\/p>\n<p>\u201cTenemos cuadrillas municipales trabajando en los barrios, se hizo una mesa de reclamos en la municipalidad\u201d.<\/p>\n<p>&nbsp;<\/p>\n<p>\u201cAyer se hizo una tanda para trabajar con el tema de los \u00e1rboles ca\u00eddos, dos cuadrillas exclusivas\u201d indic\u00f3 Molina.<\/p>\n<p>&nbsp;<\/p>\n<p>&nbsp;<\/p>\n<p>&nbsp;<\/p>\n<p>\u201cQUEREMOS LLEVAR TRANQUILIDAD A LOS VECINOS\u201d<\/p>\n<p>&nbsp;<\/p>\n<p>As\u00ed lo manifest\u00f3 Elizabeth\u00a0Cofr\u00e9, Secretaria de Gobierno, \u201cquisiera transmitir a la comunidad que tenga tranquilidad, estamos trabajando en eso, llegando a cada uno de los lugares\u201d.<\/p>\n<p>&nbsp;<\/p>\n<p>\u201cEstamos coordinando las tareas para que las personas se sientan asistidas por el estado. No hay casos graves, si bien son cuestiones materiales, pero\u00a0se pueden arreglar\u201d.<\/p>\n<p>&nbsp;<\/p>\n<p>\u201cTenemos habilitado un plan de contingencia, por eso se dispuso una mesa de entrada en el municipio y en pol\u00edticas sociales, para hacer un relevamiento, un diagn\u00f3stico de todos los casos, para llevar las soluciones\u201d concluy\u00f3 Cofr\u00e9.<\/p>\n<p>Fuente:\u00a0https:\/\/catriel25noticias.com\/new\/temporal-viento-dia-despues-johnston-esta-vez-estuvimos-mejor-preaparados\/?utm_source=feedburner&amp;utm_medium=email&amp;utm_campaign=Feed%3A+catriel25n+%28Catriel+25+Noticias.+Diario+de+Catriel%2C+Rio+Negro%29<\/p>\n<\/div>\n","protected":false},"excerpt":{"rendered":"<p>Catriel.- Debido al intenso viento que azot\u00f3 este martes a toda la regi\u00f3n, la municipalidad local diagram\u00f3 un plan de [&hellip;]<\/p>\n","protected":false},"author":2,"featured_media":33839,"comment_status":"open","ping_status":"open","sticky":false,"template":"","format":"standard","meta":{"site-sidebar-layout":"default","site-content-layout":"","ast-site-content-layout":"default","site-content-style":"default","site-sidebar-style":"default","ast-global-header-display":"","ast-banner-title-visibility":"","ast-main-header-display":"","ast-hfb-above-header-display":"","ast-hfb-below-header-display":"","ast-hfb-mobile-header-display":"","site-post-title":"","ast-breadcrumbs-content":"","ast-featured-img":"","footer-sml-layout":"","ast-disable-related-posts":"","theme-transparent-header-meta":"","adv-header-id-meta":"","stick-header-meta":"","header-above-stick-meta":"","header-main-stick-meta":"","header-below-stick-meta":"","astra-migrate-meta-layouts":"default","ast-page-background-enabled":"default","ast-page-background-meta":{"desktop":{"background-color":"var(--ast-global-color-5)","background-image":"","background-repeat":"repeat","background-position":"center center","background-size":"auto","background-attachment":"scroll","background-type":"","background-media":"","overlay-type":"","overlay-color":"","overlay-opacity":"","overlay-gradient":""},"tablet":{"background-color":"","background-image":"","background-repeat":"repeat","background-position":"center center","background-size":"auto","background-attachment":"scroll","background-type":"","background-media":"","overlay-type":"","overlay-color":"","overlay-opacity":"","overlay-gradient":""},"mobile":{"background-color":"","background-image":"","background-repeat":"repeat","background-position":"center center","background-size":"auto","background-attachment":"scroll","background-type":"","background-media":"","overlay-type":"","overlay-color":"","overlay-opacity":"","overlay-gradient":""}},"ast-content-background-meta":{"desktop":{"background-color":"var(--ast-global-color-4)","background-image":"","background-repeat":"repeat","background-position":"center center","background-size":"auto","background-attachment":"scroll","background-type":"","background-media":"","overlay-type":"","overlay-color":"","overlay-opacity":"","overlay-gradient":""},"tablet":{"background-color":"var(--ast-global-color-4)","background-image":"","background-repeat":"repeat","background-position":"center center","background-size":"auto","background-attachment":"scroll","background-type":"","background-media":"","overlay-type":"","overlay-color":"","overlay-opacity":"","overlay-gradient":""},"mobile":{"background-color":"var(--ast-global-color-4)","background-image":"","background-repeat":"repeat","background-position":"center center","background-size":"auto","background-attachment":"scroll","background-type":"","background-media":"","overlay-type":"","overlay-color":"","overlay-opacity":"","overlay-gradient":""}},"footnotes":""},"categories":[16,1],"tags":[],"class_list":["post-33838","post","type-post","status-publish","format-standard","has-post-thumbnail","hentry","category-municipales","category-noticias"],"yoast_head":"<!-- This site is optimized with the Yoast SEO Premium plugin v23.0 (Yoast SEO v27.4) - https:\/\/yoast.com\/product\/yoast-seo-premium-wordpress\/ -->\n<title>Temporal de viento, el d\u00eda despu\u00e9s. Johnston: \u201cEsta vez estuvimos mejor preparados\u201d<\/title>\n<meta name=\"robots\" content=\"index, follow, max-snippet:-1, max-image-preview:large, max-video-preview:-1\" \/>\n<link rel=\"canonical\" href=\"https:\/\/patagoniambiental.com.ar\/info\/temporal-de-viento-el-dia-despues-johnston-esta-vez-estuvimos-mejor-preparados\/\" \/>\n<meta property=\"og:locale\" content=\"es_ES\" \/>\n<meta property=\"og:type\" content=\"article\" \/>\n<meta property=\"og:title\" content=\"Temporal de viento, el d\u00eda despu\u00e9s. Johnston: \u201cEsta vez estuvimos mejor preparados\u201d\" \/>\n<meta property=\"og:description\" content=\"Catriel.- Debido al intenso viento que azot\u00f3 este martes a toda la regi\u00f3n, la municipalidad local diagram\u00f3 un plan de [&hellip;]\" \/>\n<meta property=\"og:url\" content=\"https:\/\/patagoniambiental.com.ar\/info\/temporal-de-viento-el-dia-despues-johnston-esta-vez-estuvimos-mejor-preparados\/\" \/>\n<meta property=\"og:site_name\" content=\"Patagonia Ambiental\" \/>\n<meta property=\"article:publisher\" content=\"https:\/\/www.facebook.com\/patagonia.ambiental\" \/>\n<meta property=\"article:author\" content=\"https:\/\/www.facebook.com\/share\/1C1V8Gv9BX\/?mibextid=qi2Omg\" \/>\n<meta property=\"article:published_time\" content=\"2017-08-25T22:00:29+00:00\" \/>\n<meta property=\"og:image\" content=\"https:\/\/patagoniambiental.com.ar\/info\/wp-content\/uploads\/2017\/08\/viento-ramas.jpg\" \/>\n\t<meta property=\"og:image:width\" content=\"750\" \/>\n\t<meta property=\"og:image:height\" content=\"398\" \/>\n\t<meta property=\"og:image:type\" content=\"image\/jpeg\" \/>\n<meta name=\"author\" content=\"Patagonia Ambiental\" \/>\n<meta name=\"twitter:card\" content=\"summary_large_image\" \/>\n<meta name=\"twitter:creator\" content=\"@PatAmb\" \/>\n<meta name=\"twitter:site\" content=\"@PatAmb\" \/>\n<script type=\"application\/ld+json\" class=\"yoast-schema-graph\">{\"@context\":\"https:\\\/\\\/schema.org\",\"@graph\":[{\"@type\":\"Article\",\"@id\":\"https:\\\/\\\/patagoniambiental.com.ar\\\/info\\\/temporal-de-viento-el-dia-despues-johnston-esta-vez-estuvimos-mejor-preparados\\\/#article\",\"isPartOf\":{\"@id\":\"https:\\\/\\\/patagoniambiental.com.ar\\\/info\\\/temporal-de-viento-el-dia-despues-johnston-esta-vez-estuvimos-mejor-preparados\\\/\"},\"author\":{\"name\":\"Patagonia Ambiental\",\"@id\":\"https:\\\/\\\/patagoniambiental.com.ar\\\/info\\\/#\\\/schema\\\/person\\\/db12bff64bbcbf6a253710bf0ea37b5d\"},\"headline\":\"Temporal de viento, el d\u00eda despu\u00e9s. Johnston: \u201cEsta vez estuvimos mejor preparados\u201d\",\"datePublished\":\"2017-08-25T22:00:29+00:00\",\"mainEntityOfPage\":{\"@id\":\"https:\\\/\\\/patagoniambiental.com.ar\\\/info\\\/temporal-de-viento-el-dia-despues-johnston-esta-vez-estuvimos-mejor-preparados\\\/\"},\"wordCount\":649,\"commentCount\":0,\"publisher\":{\"@id\":\"https:\\\/\\\/patagoniambiental.com.ar\\\/info\\\/#organization\"},\"image\":{\"@id\":\"https:\\\/\\\/patagoniambiental.com.ar\\\/info\\\/temporal-de-viento-el-dia-despues-johnston-esta-vez-estuvimos-mejor-preparados\\\/#primaryimage\"},\"thumbnailUrl\":\"https:\\\/\\\/patagoniambiental.com.ar\\\/info\\\/wp-content\\\/uploads\\\/2017\\\/08\\\/viento-ramas.jpg\",\"articleSection\":[\"Municipales\",\"Noticias\"],\"inLanguage\":\"es\",\"potentialAction\":[{\"@type\":\"CommentAction\",\"name\":\"Comment\",\"target\":[\"https:\\\/\\\/patagoniambiental.com.ar\\\/info\\\/temporal-de-viento-el-dia-despues-johnston-esta-vez-estuvimos-mejor-preparados\\\/#respond\"]}]},{\"@type\":\"WebPage\",\"@id\":\"https:\\\/\\\/patagoniambiental.com.ar\\\/info\\\/temporal-de-viento-el-dia-despues-johnston-esta-vez-estuvimos-mejor-preparados\\\/\",\"url\":\"https:\\\/\\\/patagoniambiental.com.ar\\\/info\\\/temporal-de-viento-el-dia-despues-johnston-esta-vez-estuvimos-mejor-preparados\\\/\",\"name\":\"Temporal de viento, el d\u00eda despu\u00e9s. Johnston: \u201cEsta vez estuvimos mejor preparados\u201d\",\"isPartOf\":{\"@id\":\"https:\\\/\\\/patagoniambiental.com.ar\\\/info\\\/#website\"},\"primaryImageOfPage\":{\"@id\":\"https:\\\/\\\/patagoniambiental.com.ar\\\/info\\\/temporal-de-viento-el-dia-despues-johnston-esta-vez-estuvimos-mejor-preparados\\\/#primaryimage\"},\"image\":{\"@id\":\"https:\\\/\\\/patagoniambiental.com.ar\\\/info\\\/temporal-de-viento-el-dia-despues-johnston-esta-vez-estuvimos-mejor-preparados\\\/#primaryimage\"},\"thumbnailUrl\":\"https:\\\/\\\/patagoniambiental.com.ar\\\/info\\\/wp-content\\\/uploads\\\/2017\\\/08\\\/viento-ramas.jpg\",\"datePublished\":\"2017-08-25T22:00:29+00:00\",\"breadcrumb\":{\"@id\":\"https:\\\/\\\/patagoniambiental.com.ar\\\/info\\\/temporal-de-viento-el-dia-despues-johnston-esta-vez-estuvimos-mejor-preparados\\\/#breadcrumb\"},\"inLanguage\":\"es\",\"potentialAction\":[{\"@type\":\"ReadAction\",\"target\":[\"https:\\\/\\\/patagoniambiental.com.ar\\\/info\\\/temporal-de-viento-el-dia-despues-johnston-esta-vez-estuvimos-mejor-preparados\\\/\"]}]},{\"@type\":\"ImageObject\",\"inLanguage\":\"es\",\"@id\":\"https:\\\/\\\/patagoniambiental.com.ar\\\/info\\\/temporal-de-viento-el-dia-despues-johnston-esta-vez-estuvimos-mejor-preparados\\\/#primaryimage\",\"url\":\"https:\\\/\\\/patagoniambiental.com.ar\\\/info\\\/wp-content\\\/uploads\\\/2017\\\/08\\\/viento-ramas.jpg\",\"contentUrl\":\"https:\\\/\\\/patagoniambiental.com.ar\\\/info\\\/wp-content\\\/uploads\\\/2017\\\/08\\\/viento-ramas.jpg\",\"width\":750,\"height\":398},{\"@type\":\"BreadcrumbList\",\"@id\":\"https:\\\/\\\/patagoniambiental.com.ar\\\/info\\\/temporal-de-viento-el-dia-despues-johnston-esta-vez-estuvimos-mejor-preparados\\\/#breadcrumb\",\"itemListElement\":[{\"@type\":\"ListItem\",\"position\":1,\"name\":\"Inicio\",\"item\":\"https:\\\/\\\/patagoniambiental.com.ar\\\/info\\\/\"},{\"@type\":\"ListItem\",\"position\":2,\"name\":\"Temporal de viento, el d\u00eda despu\u00e9s. Johnston: \u201cEsta vez estuvimos mejor preparados\u201d\"}]},{\"@type\":\"WebSite\",\"@id\":\"https:\\\/\\\/patagoniambiental.com.ar\\\/info\\\/#website\",\"url\":\"https:\\\/\\\/patagoniambiental.com.ar\\\/info\\\/\",\"name\":\"Patagonia Ambiental\",\"description\":\"Monitoreo y an\u00e1lisis de la situaci\u00f3n geopol\u00edtica en el mundo y su implicancia en la Patagonia\",\"publisher\":{\"@id\":\"https:\\\/\\\/patagoniambiental.com.ar\\\/info\\\/#organization\"},\"potentialAction\":[{\"@type\":\"SearchAction\",\"target\":{\"@type\":\"EntryPoint\",\"urlTemplate\":\"https:\\\/\\\/patagoniambiental.com.ar\\\/info\\\/?s={search_term_string}\"},\"query-input\":{\"@type\":\"PropertyValueSpecification\",\"valueRequired\":true,\"valueName\":\"search_term_string\"}}],\"inLanguage\":\"es\"},{\"@type\":\"Organization\",\"@id\":\"https:\\\/\\\/patagoniambiental.com.ar\\\/info\\\/#organization\",\"name\":\"Patagonia Ambiental\",\"url\":\"https:\\\/\\\/patagoniambiental.com.ar\\\/info\\\/\",\"logo\":{\"@type\":\"ImageObject\",\"inLanguage\":\"es\",\"@id\":\"https:\\\/\\\/patagoniambiental.com.ar\\\/info\\\/#\\\/schema\\\/logo\\\/image\\\/\",\"url\":\"https:\\\/\\\/patagoniambiental.com.ar\\\/info\\\/wp-content\\\/uploads\\\/2025\\\/05\\\/LOGO-PATAGONIA-AMBIENTAL.png\",\"contentUrl\":\"https:\\\/\\\/patagoniambiental.com.ar\\\/info\\\/wp-content\\\/uploads\\\/2025\\\/05\\\/LOGO-PATAGONIA-AMBIENTAL.png\",\"width\":433,\"height\":250,\"caption\":\"Patagonia Ambiental\"},\"image\":{\"@id\":\"https:\\\/\\\/patagoniambiental.com.ar\\\/info\\\/#\\\/schema\\\/logo\\\/image\\\/\"},\"sameAs\":[\"https:\\\/\\\/www.facebook.com\\\/patagonia.ambiental\",\"https:\\\/\\\/x.com\\\/PatAmb\"]},{\"@type\":\"Person\",\"@id\":\"https:\\\/\\\/patagoniambiental.com.ar\\\/info\\\/#\\\/schema\\\/person\\\/db12bff64bbcbf6a253710bf0ea37b5d\",\"name\":\"Patagonia Ambiental\",\"description\":\"Andr\u00e9s Nievas T\u00e9cnico en manejo ambiental, consultor Ambiental y escritor para medios locales e internacionales sobre temas de geopolitica y medio ambiente.\",\"sameAs\":[\"http:\\\/\\\/www.patagoniambiental.com.ar\",\"https:\\\/\\\/www.facebook.com\\\/share\\\/1C1V8Gv9BX\\\/?mibextid=qi2Omg\",\"@patagoniambiental\",\"https:\\\/\\\/youtube.com\\\/@patagoniaambiental2023?si=BLt58t0wuXquxlYZ\"]}]}<\/script>\n<!-- \/ Yoast SEO Premium plugin. -->","yoast_head_json":{"title":"Temporal de viento, el d\u00eda despu\u00e9s. Johnston: \u201cEsta vez estuvimos mejor preparados\u201d","robots":{"index":"index","follow":"follow","max-snippet":"max-snippet:-1","max-image-preview":"max-image-preview:large","max-video-preview":"max-video-preview:-1"},"canonical":"https:\/\/patagoniambiental.com.ar\/info\/temporal-de-viento-el-dia-despues-johnston-esta-vez-estuvimos-mejor-preparados\/","og_locale":"es_ES","og_type":"article","og_title":"Temporal de viento, el d\u00eda despu\u00e9s. Johnston: \u201cEsta vez estuvimos mejor preparados\u201d","og_description":"Catriel.- Debido al intenso viento que azot\u00f3 este martes a toda la regi\u00f3n, la municipalidad local diagram\u00f3 un plan de [&hellip;]","og_url":"https:\/\/patagoniambiental.com.ar\/info\/temporal-de-viento-el-dia-despues-johnston-esta-vez-estuvimos-mejor-preparados\/","og_site_name":"Patagonia Ambiental","article_publisher":"https:\/\/www.facebook.com\/patagonia.ambiental","article_author":"https:\/\/www.facebook.com\/share\/1C1V8Gv9BX\/?mibextid=qi2Omg","article_published_time":"2017-08-25T22:00:29+00:00","og_image":[{"width":750,"height":398,"url":"https:\/\/patagoniambiental.com.ar\/info\/wp-content\/uploads\/2017\/08\/viento-ramas.jpg","type":"image\/jpeg"}],"author":"Patagonia Ambiental","twitter_card":"summary_large_image","twitter_creator":"@PatAmb","twitter_site":"@PatAmb","schema":{"@context":"https:\/\/schema.org","@graph":[{"@type":"Article","@id":"https:\/\/patagoniambiental.com.ar\/info\/temporal-de-viento-el-dia-despues-johnston-esta-vez-estuvimos-mejor-preparados\/#article","isPartOf":{"@id":"https:\/\/patagoniambiental.com.ar\/info\/temporal-de-viento-el-dia-despues-johnston-esta-vez-estuvimos-mejor-preparados\/"},"author":{"name":"Patagonia Ambiental","@id":"https:\/\/patagoniambiental.com.ar\/info\/#\/schema\/person\/db12bff64bbcbf6a253710bf0ea37b5d"},"headline":"Temporal de viento, el d\u00eda despu\u00e9s. Johnston: \u201cEsta vez estuvimos mejor preparados\u201d","datePublished":"2017-08-25T22:00:29+00:00","mainEntityOfPage":{"@id":"https:\/\/patagoniambiental.com.ar\/info\/temporal-de-viento-el-dia-despues-johnston-esta-vez-estuvimos-mejor-preparados\/"},"wordCount":649,"commentCount":0,"publisher":{"@id":"https:\/\/patagoniambiental.com.ar\/info\/#organization"},"image":{"@id":"https:\/\/patagoniambiental.com.ar\/info\/temporal-de-viento-el-dia-despues-johnston-esta-vez-estuvimos-mejor-preparados\/#primaryimage"},"thumbnailUrl":"https:\/\/patagoniambiental.com.ar\/info\/wp-content\/uploads\/2017\/08\/viento-ramas.jpg","articleSection":["Municipales","Noticias"],"inLanguage":"es","potentialAction":[{"@type":"CommentAction","name":"Comment","target":["https:\/\/patagoniambiental.com.ar\/info\/temporal-de-viento-el-dia-despues-johnston-esta-vez-estuvimos-mejor-preparados\/#respond"]}]},{"@type":"WebPage","@id":"https:\/\/patagoniambiental.com.ar\/info\/temporal-de-viento-el-dia-despues-johnston-esta-vez-estuvimos-mejor-preparados\/","url":"https:\/\/patagoniambiental.com.ar\/info\/temporal-de-viento-el-dia-despues-johnston-esta-vez-estuvimos-mejor-preparados\/","name":"Temporal de viento, el d\u00eda despu\u00e9s. Johnston: \u201cEsta vez estuvimos mejor preparados\u201d","isPartOf":{"@id":"https:\/\/patagoniambiental.com.ar\/info\/#website"},"primaryImageOfPage":{"@id":"https:\/\/patagoniambiental.com.ar\/info\/temporal-de-viento-el-dia-despues-johnston-esta-vez-estuvimos-mejor-preparados\/#primaryimage"},"image":{"@id":"https:\/\/patagoniambiental.com.ar\/info\/temporal-de-viento-el-dia-despues-johnston-esta-vez-estuvimos-mejor-preparados\/#primaryimage"},"thumbnailUrl":"https:\/\/patagoniambiental.com.ar\/info\/wp-content\/uploads\/2017\/08\/viento-ramas.jpg","datePublished":"2017-08-25T22:00:29+00:00","breadcrumb":{"@id":"https:\/\/patagoniambiental.com.ar\/info\/temporal-de-viento-el-dia-despues-johnston-esta-vez-estuvimos-mejor-preparados\/#breadcrumb"},"inLanguage":"es","potentialAction":[{"@type":"ReadAction","target":["https:\/\/patagoniambiental.com.ar\/info\/temporal-de-viento-el-dia-despues-johnston-esta-vez-estuvimos-mejor-preparados\/"]}]},{"@type":"ImageObject","inLanguage":"es","@id":"https:\/\/patagoniambiental.com.ar\/info\/temporal-de-viento-el-dia-despues-johnston-esta-vez-estuvimos-mejor-preparados\/#primaryimage","url":"https:\/\/patagoniambiental.com.ar\/info\/wp-content\/uploads\/2017\/08\/viento-ramas.jpg","contentUrl":"https:\/\/patagoniambiental.com.ar\/info\/wp-content\/uploads\/2017\/08\/viento-ramas.jpg","width":750,"height":398},{"@type":"BreadcrumbList","@id":"https:\/\/patagoniambiental.com.ar\/info\/temporal-de-viento-el-dia-despues-johnston-esta-vez-estuvimos-mejor-preparados\/#breadcrumb","itemListElement":[{"@type":"ListItem","position":1,"name":"Inicio","item":"https:\/\/patagoniambiental.com.ar\/info\/"},{"@type":"ListItem","position":2,"name":"Temporal de viento, el d\u00eda despu\u00e9s. Johnston: \u201cEsta vez estuvimos mejor preparados\u201d"}]},{"@type":"WebSite","@id":"https:\/\/patagoniambiental.com.ar\/info\/#website","url":"https:\/\/patagoniambiental.com.ar\/info\/","name":"Patagonia Ambiental","description":"Monitoreo y an\u00e1lisis de la situaci\u00f3n geopol\u00edtica en el mundo y su implicancia en la Patagonia","publisher":{"@id":"https:\/\/patagoniambiental.com.ar\/info\/#organization"},"potentialAction":[{"@type":"SearchAction","target":{"@type":"EntryPoint","urlTemplate":"https:\/\/patagoniambiental.com.ar\/info\/?s={search_term_string}"},"query-input":{"@type":"PropertyValueSpecification","valueRequired":true,"valueName":"search_term_string"}}],"inLanguage":"es"},{"@type":"Organization","@id":"https:\/\/patagoniambiental.com.ar\/info\/#organization","name":"Patagonia Ambiental","url":"https:\/\/patagoniambiental.com.ar\/info\/","logo":{"@type":"ImageObject","inLanguage":"es","@id":"https:\/\/patagoniambiental.com.ar\/info\/#\/schema\/logo\/image\/","url":"https:\/\/patagoniambiental.com.ar\/info\/wp-content\/uploads\/2025\/05\/LOGO-PATAGONIA-AMBIENTAL.png","contentUrl":"https:\/\/patagoniambiental.com.ar\/info\/wp-content\/uploads\/2025\/05\/LOGO-PATAGONIA-AMBIENTAL.png","width":433,"height":250,"caption":"Patagonia Ambiental"},"image":{"@id":"https:\/\/patagoniambiental.com.ar\/info\/#\/schema\/logo\/image\/"},"sameAs":["https:\/\/www.facebook.com\/patagonia.ambiental","https:\/\/x.com\/PatAmb"]},{"@type":"Person","@id":"https:\/\/patagoniambiental.com.ar\/info\/#\/schema\/person\/db12bff64bbcbf6a253710bf0ea37b5d","name":"Patagonia Ambiental","description":"Andr\u00e9s Nievas T\u00e9cnico en manejo ambiental, consultor Ambiental y escritor para medios locales e internacionales sobre temas de geopolitica y medio ambiente.","sameAs":["http:\/\/www.patagoniambiental.com.ar","https:\/\/www.facebook.com\/share\/1C1V8Gv9BX\/?mibextid=qi2Omg","@patagoniambiental","https:\/\/youtube.com\/@patagoniaambiental2023?si=BLt58t0wuXquxlYZ"]}]}},"_links":{"self":[{"href":"https:\/\/patagoniambiental.com.ar\/info\/wp-json\/wp\/v2\/posts\/33838","targetHints":{"allow":["GET"]}}],"collection":[{"href":"https:\/\/patagoniambiental.com.ar\/info\/wp-json\/wp\/v2\/posts"}],"about":[{"href":"https:\/\/patagoniambiental.com.ar\/info\/wp-json\/wp\/v2\/types\/post"}],"author":[{"embeddable":true,"href":"https:\/\/patagoniambiental.com.ar\/info\/wp-json\/wp\/v2\/users\/2"}],"replies":[{"embeddable":true,"href":"https:\/\/patagoniambiental.com.ar\/info\/wp-json\/wp\/v2\/comments?post=33838"}],"version-history":[{"count":0,"href":"https:\/\/patagoniambiental.com.ar\/info\/wp-json\/wp\/v2\/posts\/33838\/revisions"}],"wp:featuredmedia":[{"embeddable":true,"href":"https:\/\/patagoniambiental.com.ar\/info\/wp-json\/wp\/v2\/media\/33839"}],"wp:attachment":[{"href":"https:\/\/patagoniambiental.com.ar\/info\/wp-json\/wp\/v2\/media?parent=33838"}],"wp:term":[{"taxonomy":"category","embeddable":true,"href":"https:\/\/patagoniambiental.com.ar\/info\/wp-json\/wp\/v2\/categories?post=33838"},{"taxonomy":"post_tag","embeddable":true,"href":"https:\/\/patagoniambiental.com.ar\/info\/wp-json\/wp\/v2\/tags?post=33838"}],"curies":[{"name":"wp","href":"https:\/\/api.w.org\/{rel}","templated":true}]}}