{"id":33858,"date":"2017-08-26T09:00:51","date_gmt":"2017-08-26T12:00:51","guid":{"rendered":"http:\/\/patagoniambiental.com.ar\/info\/?p=33858"},"modified":"2017-08-25T19:28:59","modified_gmt":"2017-08-25T22:28:59","slug":"especialistas-debatieron-sobre-energias-renovables-en-puerto-madryn","status":"publish","type":"post","link":"https:\/\/patagoniambiental.com.ar\/info\/especialistas-debatieron-sobre-energias-renovables-en-puerto-madryn\/","title":{"rendered":"Especialistas debatieron sobre energ\u00edas renovables en Puerto Madryn"},"content":{"rendered":"<p>PUERTO MADRYN.- En las instalaciones de la Universidad del Chubut tuvo lugar la Primera Jornada Provincial de Energ\u00edas Renovables, que cont\u00f3 con la participaci\u00f3n de especialistas en dicha tem\u00e1tica, adem\u00e1s de autoridades de la Casa de Altos Estudios como el delegado local, Marcelo Bertolotti y el director de Extensi\u00f3n y Bienestar Universitario, doctor Marcelo Ramos Vel\u00e1zquez; el director de Unidad Acad\u00e9mica, Ambiente y Desarrollo Sustentable, Fernando Menchi, y funcionarios provinciales y locales.<br \/>\nLa idea del evento fue \u201cbuscar una manera eficiente para colaborar de manera activa, disminuir la contaminaci\u00f3n y combatir el calentamiento global; priorizar la necesidad de garantizar el acceso a servicios modernos de energ\u00eda y la necesidad de avanzar en modos alternativos de producci\u00f3n de energ\u00eda que minimicen el impacto negativo sobre el medio ambiente\u201d, cuestiones que \u201cmerecen un tratamiento especial, tanto en el \u00e1mbito estatal como as\u00ed tambi\u00e9n, en el privado\u201d, destacaron desde la organizaci\u00f3n.<br \/>\nConsecuentemente, \u201cel objetivo principal de esta Primera Jornada es reunir a todos los actores cient\u00edficos, de gesti\u00f3n p\u00fablica y privada, que actualmente desarrollan proyectos relacionados con la tem\u00e1tica, apuntando a compartir experiencias y propiciar interacciones para aunar esfuerzos en pos del desarrollo de este tipo de energ\u00edas\u201d, agregaron.<\/p>\n<p><strong>Metas provinciales y nacionales<\/strong><\/p>\n<p>Durante la apertura de la Jornada, la rectora de la Universidad del Chubut, Graciela Di Perna, puso en relieve que \u201cestamos muy satisfechos, desde la universidad provincial, de abrir nuestra Casa de Estudios en servicio de la sociedad para la defensa del cuidado del medio ambiente, y el progreso y avance de las tecnolog\u00edas, de las cuales estas jornadas ser\u00e1n un \u00e1mbito de debate sumamente interesante\u201d.<br \/>\nEn este sentido, record\u00f3 que \u201cfue a partir del primer evento, por decisi\u00f3n pol\u00edtica del Gobierno Provincial y del gobernador Mario Das Neves, la primera Cumbre Ambiental que se desarroll\u00f3 en nuestra provincia en mayo, que nuestra universidad particip\u00f3 junto con muchas otras instituciones de la provincia, en la firma de compromisos indelegables para la sociedad chubutense, como lo son la protecci\u00f3n del ambiente y, fundamentalmente, el cuidado del agua\u201d.<br \/>\nEn esta l\u00ednea, precis\u00f3 que \u201ceste compromiso va en l\u00ednea con los objetivos fundacionales de nuestra Casa de Estudios, que nos han permitido llevar adelante nuestro proyecto institucional, el dise\u00f1o de una unidad acad\u00e9mica de Producci\u00f3n, Ambiente y Desarrollo Sostenible, donde se dictan ofertas relacionadas con el ambiente, la tecnolog\u00eda y el tema energ\u00e9tico, en esta y otras sedes de nuestra universidad; sabemos y conocemos los temas que son centrales para nuestra provincia y pa\u00eds, y tal vez para el mundo, en lo relacionado con lo ambiental\u201d.<br \/>\nSobre esto \u00faltimo, destac\u00f3 el objetivo de \u201cque nuestro pa\u00eds logre el autoabastecimiento energ\u00e9tico, en segundo lugar, que haya una disminuci\u00f3n de las emisiones de CO2, con lo cual nos acerquemos al cumplimiento del Protocolo de Kyoto, y en tercer lugar, lograr la utilizaci\u00f3n de las energ\u00edas limpias para la industria y, de esta manera, generar trabajo\u201d.<\/p>\n<p><strong>Cuidado de recursos<\/strong><\/p>\n<p>Al respecto, el ministro de Ambiente del Chubut, Ignacio Agulleiro, sostuvo que \u201centendemos que se trata de gente de mucha experiencia y conocimiento en los temas, y nos parece muy interesante la repercusi\u00f3n en la comunidad de Puerto Madryn\u201d y agreg\u00f3 que \u201cestuvimos recorriendo algunas escuelas, promocionando estas jornadas, as\u00ed como tambi\u00e9n otras acciones que tenemos desde el Gobierno, y realmente nos llena de satisfacci\u00f3n que vengan y puedan aprovechar lo que el Estado Provincial les est\u00e1 ofreciendo, como una herramienta para que todos tengamos conocimiento de lo que hablamos y que no nos dejemos llevar por falsas promesas o por falsos riesgos y situaciones peligrosas, que por ah\u00ed no existen\u201d.<br \/>\nEn lo referido al cuidado de las energ\u00edas y la necesidad de reducir el impacto ambiental, manifest\u00f3 que \u201csiempre hacemos hincapi\u00e9 en que todos los recursos naturales se deben cuidar, hay que hacer una buena gesti\u00f3n de la energ\u00eda a nivel domiciliario, y a nivel p\u00fablico, hay que lograr fuentes de abastecimiento energ\u00e9tico que sean sustentables, sin riesgo, que sean limpias y, adem\u00e1s, rentables o con un buen valor de la energ\u00eda\u201d.<\/p>\n<p><strong>Veinte proyectos en carpeta<\/strong><\/p>\n<p>Sobre esta l\u00ednea, remarc\u00f3 que \u201ctodo esto que estamos diciendo se basa en que la tecnolog\u00eda desarrolle y produzca energ\u00eda de bajo costo; porque, si efectivamente el mundo tuviera que desarrollarse en base a energ\u00edas de alto costo, ser\u00eda muy dif\u00edcil avanzar, y en esto nos hacemos fuertes porque la energ\u00eda e\u00f3lica es una de las de m\u00e1s desarrollo a nivel tecnol\u00f3gico, actualmente, y tiene un costo inferior a lo que es la energ\u00eda t\u00e9rmica, producida por la quema de hidrocarburos, o bien a la energ\u00eda nuclear, de la que tanto hablamos\u201d.<br \/>\nEn este contexto y en relaci\u00f3n a la energ\u00eda e\u00f3lica, Agulleiro puso en relieve que \u201cnosotros tenemos m\u00e1s de 20 proyectos en carpeta, al d\u00eda de hoy, de privados, para hacer parques e\u00f3licos; creemos que es muy importante que se desarrollen, ser\u00eda muy interesante para la provincia y para el pa\u00eds, ya que inyectar\u00e1n dentro del sistema energ\u00eda de bajo costo, y esto permitir\u00eda un desarrollo industrial, claramente\u201d.<\/p>\n<p><strong>Faltan l\u00edneas de transporte<\/strong><\/p>\n<p>Por otro lado, sostuvo que \u201cel Gobierno Nacional llev\u00f3 adelante una normativa que tambi\u00e9n ayuda y apoya esto, y es que todos aquellos grandes consumidores de energ\u00eda, tienen la obligaci\u00f3n, para el a\u00f1o 2020, de tener un 8 por ciento de energ\u00edas renovables en su utilizaci\u00f3n, y es por eso que vemos que hoy, YPF y Aluar, est\u00e1n avanzando en parques e\u00f3licos, ya que entienden que de lo contrario tendr\u00e1n que salir a comprar esta energ\u00eda y saldr\u00e1 mucho m\u00e1s caro que si la producen ellos; realmente, creemos que estamos avanzando en esto y que a\u00fan le falta mucho al pa\u00eds para poder llevar adelante todos los proyectos, ya que, efectivamente, de estos 20 proyectos, solamente cuatro tienen contrato con Cammesa para venderle energ\u00eda\u201d.<br \/>\nEsto \u00faltimo \u201cradica en que no tenemos l\u00edneas de transporte de energ\u00eda; las mismas son limitadas y escasas, entonces, hay que reclamarle al Gobierno Nacional que haga l\u00edneas de transporte de energ\u00eda para, justamente, poder desarrollar los objetivos y transportar nuestra energ\u00eda\u201d.<\/p>\n<p><strong>Menos costosa que la energ\u00eda nuclear<\/strong><\/p>\n<p>Sobre los beneficios de las energ\u00edas renovables y la posici\u00f3n del Gobierno Nacional de fomentar la utilizaci\u00f3n de energ\u00eda nuclear, el Ministro de Ambiente expres\u00f3 que \u201cnosotros estamos completamente en desacuerdo; creemos que la energ\u00eda nuclear no le viene a traer ning\u00fan beneficio a la zona, y que el Gobierno Nacional utilice esos 8 mil millones de d\u00f3lares que piensa invertir en energ\u00eda nuclear, con ellos podr\u00eda desarrollar la infraestructura para estos proyectos de parques e\u00f3licos que generar\u00edan energ\u00eda m\u00e1s barata, m\u00e1s limpia y m\u00e1s r\u00e1pidamente, ya que la energ\u00eda nuclear, reci\u00e9n dentro de 10 a\u00f1os estar\u00e1 en condiciones de inyectar energ\u00eda en la red, mientras que la e\u00f3lica, si efectivamente tuvi\u00e9ramos capacidad de transporte, r\u00e1pidamente los parques e\u00f3licos se instalar\u00edan, se ensamblar\u00edan y podr\u00edan aportar energ\u00eda a la red\u201d y concluy\u00f3 que \u201cse trata de una energ\u00eda que no llega a la mitad de lo que vale la nuclear; por eso, estrat\u00e9gicamente, creemos que no es una buena para nuestra zona y a nivel nacional; nos oponemos porque hay un riesgo, esto nadie lo discute, y si el mismo es bajo o alto hay que verlo en concreto, pero lo que est\u00e1 claro es que no hay ning\u00fan beneficio, por lo que tampoco tendr\u00eda beneficio alguno tomar el riesgo\u201d.<\/p>\n<p><strong>Compromiso con el medio ambiente<\/strong><\/p>\n<p>Por su parte, la rectora de la Universidad del Chubut, Graciela Di Perna, mencion\u00f3 que \u201cla universidad provincial, en la primera Cumbre Ambiental que se llev\u00f3 adelante en el mes de mayo, en Rawson, firm\u00f3, como muchas otras instituciones, el compromiso con el tema ambiental, y el trabajar fuertemente en ello, en la defensa del ambiente, en la producci\u00f3n de energ\u00edas limpias para nuestra provincia\u201d y valor\u00f3 que \u201cestamos participando con las instalaciones y, tambi\u00e9n, con el dise\u00f1o de carreras orientadas a estas tem\u00e1ticas; algunas se est\u00e1n dictando ya y otras comenzar\u00e1n en poco tiempo\u201d.<br \/>\nSobre la variedad en materia acad\u00e9mica de la Casa de Altos Estudios, adelant\u00f3 que \u201cvamos a anunciar la oferta completa para el a\u00f1o 2018, seguramente a finales del mes de septiembre; estamos trabajando en ello y haci\u00e9ndolo de manera muy responsable, fijando cu\u00e1les son las prioridades; los requerimientos son muchos y nuestra universidad es muy joven, que est\u00e1 creciendo paso a paso, aunque cumpliendo los objetivos\u201d.<\/p>\n<p><strong>\u201cNo queremos energ\u00eda nuclear en la Patagonia\u201d<\/strong><\/p>\n<p>Preguntada respecto de la naturaleza del encuentro y el abordaje respecto de, por ejemplo, la postura provincial frente a la energ\u00eda nuclear, Di Perna manifest\u00f3 que \u201chay formas de energ\u00eda en nuestra provincia, las cuales pueden desarrollarse y son much\u00edsimo m\u00e1s seguras y superadoras que este otro tipo de energ\u00eda (por la nuclear), donde ya ha quedado de manifiesto que hay cuestiones que se van del alcance y que pueden producir situaciones de contaminaci\u00f3n y de riesgo alt\u00edsimo, como ha ocurrido en Jap\u00f3n (por la Central Fukushima) y en Chernobyl, que ha quedado demostrado\u201d y agreg\u00f3 que \u201cno queremos eso para la Patagonia\u201d.<br \/>\nA su vez, anticip\u00f3, en el marco del evento, la presencia de la Universidad como motor de ideas y debate, frente a distintas problem\u00e1ticas y t\u00f3picos de \u00edndole regional: \u201cAqu\u00ed, y en otros lugares de la Provincia, la universidad es parte de todo esto, junto al Ministerio de Ambienta, otras \u00e1reas del Gobierno Provincial y otro tipo de instituciones, y tiene que ser una pol\u00edtica de Estado; para ello, toda la sociedad tiene que estar comprometida\u201d.<\/p>\n<div class=\"sharedaddy sd-sharing-enabled\">\u00a0Fuente:\u00a0http:\/\/eldiariodemadryn.com\/2017\/08\/especialistas-debatieron-energias-renovables-en-puerto-madryn-2\/<\/div>\n","protected":false},"excerpt":{"rendered":"<p>PUERTO MADRYN.- En las instalaciones de la Universidad del Chubut tuvo lugar la Primera Jornada Provincial de Energ\u00edas Renovables, que [&hellip;]<\/p>\n","protected":false},"author":2,"featured_media":33859,"comment_status":"open","ping_status":"open","sticky":false,"template":"","format":"standard","meta":{"site-sidebar-layout":"default","site-content-layout":"","ast-site-content-layout":"default","site-content-style":"default","site-sidebar-style":"default","ast-global-header-display":"","ast-banner-title-visibility":"","ast-main-header-display":"","ast-hfb-above-header-display":"","ast-hfb-below-header-display":"","ast-hfb-mobile-header-display":"","site-post-title":"","ast-breadcrumbs-content":"","ast-featured-img":"","footer-sml-layout":"","ast-disable-related-posts":"","theme-transparent-header-meta":"","adv-header-id-meta":"","stick-header-meta":"","header-above-stick-meta":"","header-main-stick-meta":"","header-below-stick-meta":"","astra-migrate-meta-layouts":"default","ast-page-background-enabled":"default","ast-page-background-meta":{"desktop":{"background-color":"var(--ast-global-color-5)","background-image":"","background-repeat":"repeat","background-position":"center center","background-size":"auto","background-attachment":"scroll","background-type":"","background-media":"","overlay-type":"","overlay-color":"","overlay-opacity":"","overlay-gradient":""},"tablet":{"background-color":"","background-image":"","background-repeat":"repeat","background-position":"center center","background-size":"auto","background-attachment":"scroll","background-type":"","background-media":"","overlay-type":"","overlay-color":"","overlay-opacity":"","overlay-gradient":""},"mobile":{"background-color":"","background-image":"","background-repeat":"repeat","background-position":"center center","background-size":"auto","background-attachment":"scroll","background-type":"","background-media":"","overlay-type":"","overlay-color":"","overlay-opacity":"","overlay-gradient":""}},"ast-content-background-meta":{"desktop":{"background-color":"var(--ast-global-color-4)","background-image":"","background-repeat":"repeat","background-position":"center center","background-size":"auto","background-attachment":"scroll","background-type":"","background-media":"","overlay-type":"","overlay-color":"","overlay-opacity":"","overlay-gradient":""},"tablet":{"background-color":"var(--ast-global-color-4)","background-image":"","background-repeat":"repeat","background-position":"center center","background-size":"auto","background-attachment":"scroll","background-type":"","background-media":"","overlay-type":"","overlay-color":"","overlay-opacity":"","overlay-gradient":""},"mobile":{"background-color":"var(--ast-global-color-4)","background-image":"","background-repeat":"repeat","background-position":"center center","background-size":"auto","background-attachment":"scroll","background-type":"","background-media":"","overlay-type":"","overlay-color":"","overlay-opacity":"","overlay-gradient":""}},"footnotes":""},"categories":[46,1,10],"tags":[],"class_list":["post-33858","post","type-post","status-publish","format-standard","has-post-thumbnail","hentry","category-municipios","category-noticias","category-rotador"],"yoast_head":"<!-- This site is optimized with the Yoast SEO Premium plugin v23.0 (Yoast SEO v27.5) - https:\/\/yoast.com\/product\/yoast-seo-premium-wordpress\/ -->\n<title>Especialistas debatieron sobre energ\u00edas renovables en Puerto Madryn<\/title>\n<meta name=\"robots\" content=\"index, follow, max-snippet:-1, max-image-preview:large, max-video-preview:-1\" \/>\n<link rel=\"canonical\" href=\"https:\/\/patagoniambiental.com.ar\/info\/especialistas-debatieron-sobre-energias-renovables-en-puerto-madryn\/\" \/>\n<meta property=\"og:locale\" content=\"es_ES\" \/>\n<meta property=\"og:type\" content=\"article\" \/>\n<meta property=\"og:title\" content=\"Especialistas debatieron sobre energ\u00edas renovables en Puerto Madryn\" \/>\n<meta property=\"og:description\" content=\"PUERTO MADRYN.- En las instalaciones de la Universidad del Chubut tuvo lugar la Primera Jornada Provincial de Energ\u00edas Renovables, que [&hellip;]\" \/>\n<meta property=\"og:url\" content=\"https:\/\/patagoniambiental.com.ar\/info\/especialistas-debatieron-sobre-energias-renovables-en-puerto-madryn\/\" \/>\n<meta property=\"og:site_name\" content=\"Patagonia Ambiental\" \/>\n<meta property=\"article:publisher\" content=\"https:\/\/www.facebook.com\/patagonia.ambiental\" \/>\n<meta property=\"article:author\" content=\"https:\/\/www.facebook.com\/share\/1C1V8Gv9BX\/?mibextid=qi2Omg\" \/>\n<meta property=\"article:published_time\" content=\"2017-08-26T12:00:51+00:00\" \/>\n<meta property=\"og:image\" content=\"https:\/\/patagoniambiental.com.ar\/info\/wp-content\/uploads\/2017\/08\/puerto-madryn-charla.jpeg\" \/>\n\t<meta property=\"og:image:width\" content=\"400\" \/>\n\t<meta property=\"og:image:height\" content=\"225\" \/>\n\t<meta property=\"og:image:type\" content=\"image\/jpeg\" \/>\n<meta name=\"author\" content=\"Patagonia Ambiental\" \/>\n<meta name=\"twitter:card\" content=\"summary_large_image\" \/>\n<meta name=\"twitter:creator\" content=\"@PatAmb\" \/>\n<meta name=\"twitter:site\" content=\"@PatAmb\" \/>\n<script type=\"application\/ld+json\" class=\"yoast-schema-graph\">{\"@context\":\"https:\\\/\\\/schema.org\",\"@graph\":[{\"@type\":\"Article\",\"@id\":\"https:\\\/\\\/patagoniambiental.com.ar\\\/info\\\/especialistas-debatieron-sobre-energias-renovables-en-puerto-madryn\\\/#article\",\"isPartOf\":{\"@id\":\"https:\\\/\\\/patagoniambiental.com.ar\\\/info\\\/especialistas-debatieron-sobre-energias-renovables-en-puerto-madryn\\\/\"},\"author\":{\"name\":\"Patagonia Ambiental\",\"@id\":\"https:\\\/\\\/patagoniambiental.com.ar\\\/info\\\/#\\\/schema\\\/person\\\/db12bff64bbcbf6a253710bf0ea37b5d\"},\"headline\":\"Especialistas debatieron sobre energ\u00edas renovables en Puerto Madryn\",\"datePublished\":\"2017-08-26T12:00:51+00:00\",\"mainEntityOfPage\":{\"@id\":\"https:\\\/\\\/patagoniambiental.com.ar\\\/info\\\/especialistas-debatieron-sobre-energias-renovables-en-puerto-madryn\\\/\"},\"wordCount\":1722,\"commentCount\":0,\"publisher\":{\"@id\":\"https:\\\/\\\/patagoniambiental.com.ar\\\/info\\\/#organization\"},\"image\":{\"@id\":\"https:\\\/\\\/patagoniambiental.com.ar\\\/info\\\/especialistas-debatieron-sobre-energias-renovables-en-puerto-madryn\\\/#primaryimage\"},\"thumbnailUrl\":\"https:\\\/\\\/patagoniambiental.com.ar\\\/info\\\/wp-content\\\/uploads\\\/2017\\\/08\\\/puerto-madryn-charla.jpeg\",\"articleSection\":[\"Municipios\",\"Noticias\",\"Rotador\"],\"inLanguage\":\"es\",\"potentialAction\":[{\"@type\":\"CommentAction\",\"name\":\"Comment\",\"target\":[\"https:\\\/\\\/patagoniambiental.com.ar\\\/info\\\/especialistas-debatieron-sobre-energias-renovables-en-puerto-madryn\\\/#respond\"]}]},{\"@type\":\"WebPage\",\"@id\":\"https:\\\/\\\/patagoniambiental.com.ar\\\/info\\\/especialistas-debatieron-sobre-energias-renovables-en-puerto-madryn\\\/\",\"url\":\"https:\\\/\\\/patagoniambiental.com.ar\\\/info\\\/especialistas-debatieron-sobre-energias-renovables-en-puerto-madryn\\\/\",\"name\":\"Especialistas debatieron sobre energ\u00edas renovables en Puerto Madryn\",\"isPartOf\":{\"@id\":\"https:\\\/\\\/patagoniambiental.com.ar\\\/info\\\/#website\"},\"primaryImageOfPage\":{\"@id\":\"https:\\\/\\\/patagoniambiental.com.ar\\\/info\\\/especialistas-debatieron-sobre-energias-renovables-en-puerto-madryn\\\/#primaryimage\"},\"image\":{\"@id\":\"https:\\\/\\\/patagoniambiental.com.ar\\\/info\\\/especialistas-debatieron-sobre-energias-renovables-en-puerto-madryn\\\/#primaryimage\"},\"thumbnailUrl\":\"https:\\\/\\\/patagoniambiental.com.ar\\\/info\\\/wp-content\\\/uploads\\\/2017\\\/08\\\/puerto-madryn-charla.jpeg\",\"datePublished\":\"2017-08-26T12:00:51+00:00\",\"breadcrumb\":{\"@id\":\"https:\\\/\\\/patagoniambiental.com.ar\\\/info\\\/especialistas-debatieron-sobre-energias-renovables-en-puerto-madryn\\\/#breadcrumb\"},\"inLanguage\":\"es\",\"potentialAction\":[{\"@type\":\"ReadAction\",\"target\":[\"https:\\\/\\\/patagoniambiental.com.ar\\\/info\\\/especialistas-debatieron-sobre-energias-renovables-en-puerto-madryn\\\/\"]}]},{\"@type\":\"ImageObject\",\"inLanguage\":\"es\",\"@id\":\"https:\\\/\\\/patagoniambiental.com.ar\\\/info\\\/especialistas-debatieron-sobre-energias-renovables-en-puerto-madryn\\\/#primaryimage\",\"url\":\"https:\\\/\\\/patagoniambiental.com.ar\\\/info\\\/wp-content\\\/uploads\\\/2017\\\/08\\\/puerto-madryn-charla.jpeg\",\"contentUrl\":\"https:\\\/\\\/patagoniambiental.com.ar\\\/info\\\/wp-content\\\/uploads\\\/2017\\\/08\\\/puerto-madryn-charla.jpeg\",\"width\":400,\"height\":225},{\"@type\":\"BreadcrumbList\",\"@id\":\"https:\\\/\\\/patagoniambiental.com.ar\\\/info\\\/especialistas-debatieron-sobre-energias-renovables-en-puerto-madryn\\\/#breadcrumb\",\"itemListElement\":[{\"@type\":\"ListItem\",\"position\":1,\"name\":\"Inicio\",\"item\":\"https:\\\/\\\/patagoniambiental.com.ar\\\/info\\\/\"},{\"@type\":\"ListItem\",\"position\":2,\"name\":\"Especialistas debatieron sobre energ\u00edas renovables en Puerto Madryn\"}]},{\"@type\":\"WebSite\",\"@id\":\"https:\\\/\\\/patagoniambiental.com.ar\\\/info\\\/#website\",\"url\":\"https:\\\/\\\/patagoniambiental.com.ar\\\/info\\\/\",\"name\":\"Patagonia Ambiental\",\"description\":\"Monitoreo y an\u00e1lisis de la situaci\u00f3n geopol\u00edtica en el mundo y su implicancia en la Patagonia\",\"publisher\":{\"@id\":\"https:\\\/\\\/patagoniambiental.com.ar\\\/info\\\/#organization\"},\"potentialAction\":[{\"@type\":\"SearchAction\",\"target\":{\"@type\":\"EntryPoint\",\"urlTemplate\":\"https:\\\/\\\/patagoniambiental.com.ar\\\/info\\\/?s={search_term_string}\"},\"query-input\":{\"@type\":\"PropertyValueSpecification\",\"valueRequired\":true,\"valueName\":\"search_term_string\"}}],\"inLanguage\":\"es\"},{\"@type\":\"Organization\",\"@id\":\"https:\\\/\\\/patagoniambiental.com.ar\\\/info\\\/#organization\",\"name\":\"Patagonia Ambiental\",\"url\":\"https:\\\/\\\/patagoniambiental.com.ar\\\/info\\\/\",\"logo\":{\"@type\":\"ImageObject\",\"inLanguage\":\"es\",\"@id\":\"https:\\\/\\\/patagoniambiental.com.ar\\\/info\\\/#\\\/schema\\\/logo\\\/image\\\/\",\"url\":\"https:\\\/\\\/patagoniambiental.com.ar\\\/info\\\/wp-content\\\/uploads\\\/2025\\\/05\\\/LOGO-PATAGONIA-AMBIENTAL.png\",\"contentUrl\":\"https:\\\/\\\/patagoniambiental.com.ar\\\/info\\\/wp-content\\\/uploads\\\/2025\\\/05\\\/LOGO-PATAGONIA-AMBIENTAL.png\",\"width\":433,\"height\":250,\"caption\":\"Patagonia Ambiental\"},\"image\":{\"@id\":\"https:\\\/\\\/patagoniambiental.com.ar\\\/info\\\/#\\\/schema\\\/logo\\\/image\\\/\"},\"sameAs\":[\"https:\\\/\\\/www.facebook.com\\\/patagonia.ambiental\",\"https:\\\/\\\/x.com\\\/PatAmb\"]},{\"@type\":\"Person\",\"@id\":\"https:\\\/\\\/patagoniambiental.com.ar\\\/info\\\/#\\\/schema\\\/person\\\/db12bff64bbcbf6a253710bf0ea37b5d\",\"name\":\"Patagonia Ambiental\",\"description\":\"Andr\u00e9s Nievas T\u00e9cnico en manejo ambiental, consultor Ambiental y escritor para medios locales e internacionales sobre temas de geopolitica y medio ambiente.\",\"sameAs\":[\"http:\\\/\\\/www.patagoniambiental.com.ar\",\"https:\\\/\\\/www.facebook.com\\\/share\\\/1C1V8Gv9BX\\\/?mibextid=qi2Omg\",\"@patagoniambiental\",\"https:\\\/\\\/youtube.com\\\/@patagoniaambiental2023?si=BLt58t0wuXquxlYZ\"]}]}<\/script>\n<!-- \/ Yoast SEO Premium plugin. -->","yoast_head_json":{"title":"Especialistas debatieron sobre energ\u00edas renovables en Puerto Madryn","robots":{"index":"index","follow":"follow","max-snippet":"max-snippet:-1","max-image-preview":"max-image-preview:large","max-video-preview":"max-video-preview:-1"},"canonical":"https:\/\/patagoniambiental.com.ar\/info\/especialistas-debatieron-sobre-energias-renovables-en-puerto-madryn\/","og_locale":"es_ES","og_type":"article","og_title":"Especialistas debatieron sobre energ\u00edas renovables en Puerto Madryn","og_description":"PUERTO MADRYN.- En las instalaciones de la Universidad del Chubut tuvo lugar la Primera Jornada Provincial de Energ\u00edas Renovables, que [&hellip;]","og_url":"https:\/\/patagoniambiental.com.ar\/info\/especialistas-debatieron-sobre-energias-renovables-en-puerto-madryn\/","og_site_name":"Patagonia Ambiental","article_publisher":"https:\/\/www.facebook.com\/patagonia.ambiental","article_author":"https:\/\/www.facebook.com\/share\/1C1V8Gv9BX\/?mibextid=qi2Omg","article_published_time":"2017-08-26T12:00:51+00:00","og_image":[{"width":400,"height":225,"url":"https:\/\/patagoniambiental.com.ar\/info\/wp-content\/uploads\/2017\/08\/puerto-madryn-charla.jpeg","type":"image\/jpeg"}],"author":"Patagonia Ambiental","twitter_card":"summary_large_image","twitter_creator":"@PatAmb","twitter_site":"@PatAmb","schema":{"@context":"https:\/\/schema.org","@graph":[{"@type":"Article","@id":"https:\/\/patagoniambiental.com.ar\/info\/especialistas-debatieron-sobre-energias-renovables-en-puerto-madryn\/#article","isPartOf":{"@id":"https:\/\/patagoniambiental.com.ar\/info\/especialistas-debatieron-sobre-energias-renovables-en-puerto-madryn\/"},"author":{"name":"Patagonia Ambiental","@id":"https:\/\/patagoniambiental.com.ar\/info\/#\/schema\/person\/db12bff64bbcbf6a253710bf0ea37b5d"},"headline":"Especialistas debatieron sobre energ\u00edas renovables en Puerto Madryn","datePublished":"2017-08-26T12:00:51+00:00","mainEntityOfPage":{"@id":"https:\/\/patagoniambiental.com.ar\/info\/especialistas-debatieron-sobre-energias-renovables-en-puerto-madryn\/"},"wordCount":1722,"commentCount":0,"publisher":{"@id":"https:\/\/patagoniambiental.com.ar\/info\/#organization"},"image":{"@id":"https:\/\/patagoniambiental.com.ar\/info\/especialistas-debatieron-sobre-energias-renovables-en-puerto-madryn\/#primaryimage"},"thumbnailUrl":"https:\/\/patagoniambiental.com.ar\/info\/wp-content\/uploads\/2017\/08\/puerto-madryn-charla.jpeg","articleSection":["Municipios","Noticias","Rotador"],"inLanguage":"es","potentialAction":[{"@type":"CommentAction","name":"Comment","target":["https:\/\/patagoniambiental.com.ar\/info\/especialistas-debatieron-sobre-energias-renovables-en-puerto-madryn\/#respond"]}]},{"@type":"WebPage","@id":"https:\/\/patagoniambiental.com.ar\/info\/especialistas-debatieron-sobre-energias-renovables-en-puerto-madryn\/","url":"https:\/\/patagoniambiental.com.ar\/info\/especialistas-debatieron-sobre-energias-renovables-en-puerto-madryn\/","name":"Especialistas debatieron sobre energ\u00edas renovables en Puerto Madryn","isPartOf":{"@id":"https:\/\/patagoniambiental.com.ar\/info\/#website"},"primaryImageOfPage":{"@id":"https:\/\/patagoniambiental.com.ar\/info\/especialistas-debatieron-sobre-energias-renovables-en-puerto-madryn\/#primaryimage"},"image":{"@id":"https:\/\/patagoniambiental.com.ar\/info\/especialistas-debatieron-sobre-energias-renovables-en-puerto-madryn\/#primaryimage"},"thumbnailUrl":"https:\/\/patagoniambiental.com.ar\/info\/wp-content\/uploads\/2017\/08\/puerto-madryn-charla.jpeg","datePublished":"2017-08-26T12:00:51+00:00","breadcrumb":{"@id":"https:\/\/patagoniambiental.com.ar\/info\/especialistas-debatieron-sobre-energias-renovables-en-puerto-madryn\/#breadcrumb"},"inLanguage":"es","potentialAction":[{"@type":"ReadAction","target":["https:\/\/patagoniambiental.com.ar\/info\/especialistas-debatieron-sobre-energias-renovables-en-puerto-madryn\/"]}]},{"@type":"ImageObject","inLanguage":"es","@id":"https:\/\/patagoniambiental.com.ar\/info\/especialistas-debatieron-sobre-energias-renovables-en-puerto-madryn\/#primaryimage","url":"https:\/\/patagoniambiental.com.ar\/info\/wp-content\/uploads\/2017\/08\/puerto-madryn-charla.jpeg","contentUrl":"https:\/\/patagoniambiental.com.ar\/info\/wp-content\/uploads\/2017\/08\/puerto-madryn-charla.jpeg","width":400,"height":225},{"@type":"BreadcrumbList","@id":"https:\/\/patagoniambiental.com.ar\/info\/especialistas-debatieron-sobre-energias-renovables-en-puerto-madryn\/#breadcrumb","itemListElement":[{"@type":"ListItem","position":1,"name":"Inicio","item":"https:\/\/patagoniambiental.com.ar\/info\/"},{"@type":"ListItem","position":2,"name":"Especialistas debatieron sobre energ\u00edas renovables en Puerto Madryn"}]},{"@type":"WebSite","@id":"https:\/\/patagoniambiental.com.ar\/info\/#website","url":"https:\/\/patagoniambiental.com.ar\/info\/","name":"Patagonia Ambiental","description":"Monitoreo y an\u00e1lisis de la situaci\u00f3n geopol\u00edtica en el mundo y su implicancia en la Patagonia","publisher":{"@id":"https:\/\/patagoniambiental.com.ar\/info\/#organization"},"potentialAction":[{"@type":"SearchAction","target":{"@type":"EntryPoint","urlTemplate":"https:\/\/patagoniambiental.com.ar\/info\/?s={search_term_string}"},"query-input":{"@type":"PropertyValueSpecification","valueRequired":true,"valueName":"search_term_string"}}],"inLanguage":"es"},{"@type":"Organization","@id":"https:\/\/patagoniambiental.com.ar\/info\/#organization","name":"Patagonia Ambiental","url":"https:\/\/patagoniambiental.com.ar\/info\/","logo":{"@type":"ImageObject","inLanguage":"es","@id":"https:\/\/patagoniambiental.com.ar\/info\/#\/schema\/logo\/image\/","url":"https:\/\/patagoniambiental.com.ar\/info\/wp-content\/uploads\/2025\/05\/LOGO-PATAGONIA-AMBIENTAL.png","contentUrl":"https:\/\/patagoniambiental.com.ar\/info\/wp-content\/uploads\/2025\/05\/LOGO-PATAGONIA-AMBIENTAL.png","width":433,"height":250,"caption":"Patagonia Ambiental"},"image":{"@id":"https:\/\/patagoniambiental.com.ar\/info\/#\/schema\/logo\/image\/"},"sameAs":["https:\/\/www.facebook.com\/patagonia.ambiental","https:\/\/x.com\/PatAmb"]},{"@type":"Person","@id":"https:\/\/patagoniambiental.com.ar\/info\/#\/schema\/person\/db12bff64bbcbf6a253710bf0ea37b5d","name":"Patagonia Ambiental","description":"Andr\u00e9s Nievas T\u00e9cnico en manejo ambiental, consultor Ambiental y escritor para medios locales e internacionales sobre temas de geopolitica y medio ambiente.","sameAs":["http:\/\/www.patagoniambiental.com.ar","https:\/\/www.facebook.com\/share\/1C1V8Gv9BX\/?mibextid=qi2Omg","@patagoniambiental","https:\/\/youtube.com\/@patagoniaambiental2023?si=BLt58t0wuXquxlYZ"]}]}},"_links":{"self":[{"href":"https:\/\/patagoniambiental.com.ar\/info\/wp-json\/wp\/v2\/posts\/33858","targetHints":{"allow":["GET"]}}],"collection":[{"href":"https:\/\/patagoniambiental.com.ar\/info\/wp-json\/wp\/v2\/posts"}],"about":[{"href":"https:\/\/patagoniambiental.com.ar\/info\/wp-json\/wp\/v2\/types\/post"}],"author":[{"embeddable":true,"href":"https:\/\/patagoniambiental.com.ar\/info\/wp-json\/wp\/v2\/users\/2"}],"replies":[{"embeddable":true,"href":"https:\/\/patagoniambiental.com.ar\/info\/wp-json\/wp\/v2\/comments?post=33858"}],"version-history":[{"count":0,"href":"https:\/\/patagoniambiental.com.ar\/info\/wp-json\/wp\/v2\/posts\/33858\/revisions"}],"wp:featuredmedia":[{"embeddable":true,"href":"https:\/\/patagoniambiental.com.ar\/info\/wp-json\/wp\/v2\/media\/33859"}],"wp:attachment":[{"href":"https:\/\/patagoniambiental.com.ar\/info\/wp-json\/wp\/v2\/media?parent=33858"}],"wp:term":[{"taxonomy":"category","embeddable":true,"href":"https:\/\/patagoniambiental.com.ar\/info\/wp-json\/wp\/v2\/categories?post=33858"},{"taxonomy":"post_tag","embeddable":true,"href":"https:\/\/patagoniambiental.com.ar\/info\/wp-json\/wp\/v2\/tags?post=33858"}],"curies":[{"name":"wp","href":"https:\/\/api.w.org\/{rel}","templated":true}]}}