{"id":33896,"date":"2017-08-28T09:00:33","date_gmt":"2017-08-28T12:00:33","guid":{"rendered":"http:\/\/patagoniambiental.com.ar\/info\/?p=33896"},"modified":"2017-08-28T07:26:32","modified_gmt":"2017-08-28T10:26:32","slug":"inauguraron-en-chaco-el-parque-nacional-el-impenetrable","status":"publish","type":"post","link":"https:\/\/patagoniambiental.com.ar\/info\/inauguraron-en-chaco-el-parque-nacional-el-impenetrable\/","title":{"rendered":"Inauguraron en Chaco el Parque Nacional El Impenetrable"},"content":{"rendered":"<p><span style=\"font-family: 'Times New Roman', Times, serif\"><strong>CHACO.- <\/strong>El jefe de Gabinete de Ministros de la Naci\u00f3n, Marcos Pe\u00f1a, y el ministro de Ambiente y Desarrollo Sustentable, Sergio Bergman, inauguraron formalmente el Parque Nacional El Impenetrable, que estar\u00e1 a cargo de la Administraci\u00f3n de Parques Nacionales (APN). El acto se realiz\u00f3 en el paraje La Armon\u00eda, Chaco, con la presencia del gobernador de esa provincia, Domingo Peppo; el ministro de Turismo de la Naci\u00f3n, Gustavo Santos; y el vicepresidente de APN, Emiliano Ezcurra; entre otros referentes provinciales y municipales, representantes de entes de turismo, distintas ONG y vecinos de la zona.<\/span><\/p>\n<p><span style=\"font-family: 'Times New Roman', Times, serif\">Pe\u00f1a destac\u00f3 que esto se inscribe en el marco del compromiso que asumi\u00f3 el presidente Mauricio Macri de \u201cduplicar las superficies de \u00e1reas protegidas en este mandato de cuatro a\u00f1os\u201d. \u201cEsto refleja una visi\u00f3n de desarrollo, de la tierra, de la sustentabilidad, de querer y amar a nuestra patria de verdad, cuid\u00e1ndola, y al mismo tiempo integr\u00e1ndola y d\u00e1ndole oportunidad a todos los argentinos, nazcan donde nazcan\u201d, agreg\u00f3.<\/span><\/p>\n<p><span style=\"font-family: 'Times New Roman', Times, serif\">\u201cEl ambiente es totalmente transversal, multidisciplinario, federal. Es para trabajar en equipos y juntos, con nuestras diferencias y nuestros aportes\u201d, destac\u00f3 a su turno Bergman. En relaci\u00f3n a la importancia de los parques nacionales, asegur\u00f3 que \u201cno es conservar para excluir sino que es integrar para abrir e incluir, para generar una pol\u00edtica de ambiente y desarrollo sustentable\u201d y tambi\u00e9n \u201cpara poder desarrollar actividades productivas que satisfagan necesidades actuales pero tambi\u00e9n un deber de preservarlo para las pr\u00f3ximas generaciones\u201d.<\/span><\/p>\n<p><span style=\"font-family: 'Times New Roman', Times, serif\">Las autoridades llevaron a cabo el corte de cinta inaugural y recorrieron un sector del nuevo Parque Nacional, que fue creado por ley en octubre de 2014 y posee aproximadamente 130.000 hect\u00e1reas con un alto valor de conservaci\u00f3n de flora y fauna, lo que lo convierte en un potencial atractivo tur\u00edstico.<\/span><\/p>\n<p><span style=\"font-family: 'Times New Roman', Times, serif\">El Impenetrable es el h\u00e1bitat de especies emblem\u00e1ticas de la zona como el oso hormiguero, tapir, pecar\u00ed, tat\u00fa carreta y yaguaret\u00e9, como as\u00ed tambi\u00e9n de una enorme variedad de aves. Adem\u00e1s, es un \u00e1rea de gran relevancia para la conservaci\u00f3n que permitir\u00e1 investigar y resguardar el mayor remanente natural del bosque chaque\u00f1o.<\/span><\/p>\n<p><span style=\"font-family: 'Times New Roman', Times, serif\">\u201cQueremos agradecer a todas las personas que hicieron posible primero este parque provincial y luego el parque nacional, con una concepci\u00f3n de pa\u00eds, desde la Naci\u00f3n, la Provincia y los municipios\u201d, dijo el gobernador Peppo. Y agreg\u00f3: \u201cTener en esta zona de nuestro Chaco cerca de 130 mil hect\u00e1reas que son naturaleza virgen pr\u00e1cticamente es el deber y la responsabilidad de mantenerlas, entender que esto es para todos, cada una de las etnias que son parte de nuestra historia ancestral de pertenencia, esta diversidad que expresa lo que somos\u201d.\u00a0<\/span><\/p>\n<p><span style=\"font-family: 'Times New Roman', Times, serif\">Por su parte, el ministro de Turismo, Gustavo Santos, sostuvo que \u201choy comienza a construirse una oportunidad de vida y una esperanza\u201d, y dijo que \u201ceste es el pa\u00eds que todos queremos, donde todos tengamos oportunidades y podamos so\u00f1ar con un futuro mejor\u201d.<\/span><\/p>\n<p><span style=\"font-family: 'Times New Roman', Times, serif\">\u201cLos argentinos debemos creer en nosotros mismos\u201d, asegur\u00f3 Ezcurra. \u201cEl Estado tiene que generar las oportunidades pero es clave lo que vemos ac\u00e1, en Castelli, en esa escultura en la que est\u00e1n los pueblos originarios, los gauchos y los inmigrantes europeos juntos. Todos desde el emprendedurismo, desde la cultura nativa, desde la tradici\u00f3n, tienen algo que aportar para el porvenir de este lugar que necesita crecer en empleo, que es lo que se viene. Quiero que esta tierra se convierta en un destino tur\u00edstico internacional para que finalmente el Impenetrable se suba al mapa como un nuevo destino\u201d, finaliz\u00f3 el vicepresidente de APN.\u00a0<\/span><\/p>\n<p><span style=\"font-family: 'Times New Roman', Times, serif\">El Parque Nacional El Impenetrable fue creado por suscripci\u00f3n p\u00fablica. A trav\u00e9s de una ley, el gobierno del Chaco estableci\u00f3 un sistema que permiti\u00f3 a los ciudadanos hacer aportes econ\u00f3micos, sin importar el monto de los mismos, para ser parte del proceso de creaci\u00f3n del Parque Nacional. As\u00ed, El Impenetrable fue creado gracias a la participaci\u00f3n de grandes donantes y tambi\u00e9n de habitantes, pymes, parroquias, escuelas, voluntarios de diferentes ONG, entre otros sectores contribuyentes. \u00a0<\/span><\/p>\n<p><span style=\"font-family: 'Times New Roman', Times, serif\">En el acto tambi\u00e9n estuvieron presentes el secretario de Coordinaci\u00f3n Interjurisdiccional del Ministerio de Ambiente Lucas Figueras; el \u00a0responsable del Parque Nacional El Impenetrable \u00a0Leonardo Juber; y autoridades de los municipios de Miraflores, Castelli, Nueva Pompeya, Fuerte Esperanza y Sauzalito; administradores y guardaparques de \u00e1reas protegidas vecinas, nacionales y provinciales; Gendarmer\u00eda Nacional; Polic\u00eda de la provincia y Vialidad provincial.<br \/>\n<\/span><\/p>\n<p>&nbsp;<\/p>\n<p>Fuente: Ambiente Nacion<\/p>\n","protected":false},"excerpt":{"rendered":"<p>CHACO.- El jefe de Gabinete de Ministros de la Naci\u00f3n, Marcos Pe\u00f1a, y el ministro de Ambiente y Desarrollo Sustentable, [&hellip;]<\/p>\n","protected":false},"author":2,"featured_media":33897,"comment_status":"open","ping_status":"open","sticky":false,"template":"","format":"standard","meta":{"site-sidebar-layout":"default","site-content-layout":"","ast-site-content-layout":"default","site-content-style":"default","site-sidebar-style":"default","ast-global-header-display":"","ast-banner-title-visibility":"","ast-main-header-display":"","ast-hfb-above-header-display":"","ast-hfb-below-header-display":"","ast-hfb-mobile-header-display":"","site-post-title":"","ast-breadcrumbs-content":"","ast-featured-img":"","footer-sml-layout":"","ast-disable-related-posts":"","theme-transparent-header-meta":"","adv-header-id-meta":"","stick-header-meta":"","header-above-stick-meta":"","header-main-stick-meta":"","header-below-stick-meta":"","astra-migrate-meta-layouts":"default","ast-page-background-enabled":"default","ast-page-background-meta":{"desktop":{"background-color":"var(--ast-global-color-5)","background-image":"","background-repeat":"repeat","background-position":"center center","background-size":"auto","background-attachment":"scroll","background-type":"","background-media":"","overlay-type":"","overlay-color":"","overlay-opacity":"","overlay-gradient":""},"tablet":{"background-color":"","background-image":"","background-repeat":"repeat","background-position":"center center","background-size":"auto","background-attachment":"scroll","background-type":"","background-media":"","overlay-type":"","overlay-color":"","overlay-opacity":"","overlay-gradient":""},"mobile":{"background-color":"","background-image":"","background-repeat":"repeat","background-position":"center center","background-size":"auto","background-attachment":"scroll","background-type":"","background-media":"","overlay-type":"","overlay-color":"","overlay-opacity":"","overlay-gradient":""}},"ast-content-background-meta":{"desktop":{"background-color":"var(--ast-global-color-4)","background-image":"","background-repeat":"repeat","background-position":"center center","background-size":"auto","background-attachment":"scroll","background-type":"","background-media":"","overlay-type":"","overlay-color":"","overlay-opacity":"","overlay-gradient":""},"tablet":{"background-color":"var(--ast-global-color-4)","background-image":"","background-repeat":"repeat","background-position":"center center","background-size":"auto","background-attachment":"scroll","background-type":"","background-media":"","overlay-type":"","overlay-color":"","overlay-opacity":"","overlay-gradient":""},"mobile":{"background-color":"var(--ast-global-color-4)","background-image":"","background-repeat":"repeat","background-position":"center center","background-size":"auto","background-attachment":"scroll","background-type":"","background-media":"","overlay-type":"","overlay-color":"","overlay-opacity":"","overlay-gradient":""}},"footnotes":""},"categories":[1],"tags":[],"class_list":["post-33896","post","type-post","status-publish","format-standard","has-post-thumbnail","hentry","category-noticias"],"yoast_head":"<!-- This site is optimized with the Yoast SEO Premium plugin v23.0 (Yoast SEO v27.5) - https:\/\/yoast.com\/product\/yoast-seo-premium-wordpress\/ -->\n<title>Inauguraron en Chaco el Parque Nacional El Impenetrable<\/title>\n<meta name=\"robots\" content=\"index, follow, max-snippet:-1, max-image-preview:large, max-video-preview:-1\" \/>\n<link rel=\"canonical\" href=\"https:\/\/patagoniambiental.com.ar\/info\/inauguraron-en-chaco-el-parque-nacional-el-impenetrable\/\" \/>\n<meta property=\"og:locale\" content=\"es_ES\" \/>\n<meta property=\"og:type\" content=\"article\" \/>\n<meta property=\"og:title\" content=\"Inauguraron en Chaco el Parque Nacional El Impenetrable\" \/>\n<meta property=\"og:description\" content=\"CHACO.- El jefe de Gabinete de Ministros de la Naci\u00f3n, Marcos Pe\u00f1a, y el ministro de Ambiente y Desarrollo Sustentable, [&hellip;]\" \/>\n<meta property=\"og:url\" content=\"https:\/\/patagoniambiental.com.ar\/info\/inauguraron-en-chaco-el-parque-nacional-el-impenetrable\/\" \/>\n<meta property=\"og:site_name\" content=\"Patagonia Ambiental\" \/>\n<meta property=\"article:publisher\" content=\"https:\/\/www.facebook.com\/patagonia.ambiental\" \/>\n<meta property=\"article:author\" content=\"https:\/\/www.facebook.com\/share\/1C1V8Gv9BX\/?mibextid=qi2Omg\" \/>\n<meta property=\"article:published_time\" content=\"2017-08-28T12:00:33+00:00\" \/>\n<meta property=\"og:image\" content=\"https:\/\/patagoniambiental.com.ar\/info\/wp-content\/uploads\/2017\/08\/parque-impenetrable.jpg\" \/>\n\t<meta property=\"og:image:width\" content=\"4240\" \/>\n\t<meta property=\"og:image:height\" content=\"2173\" \/>\n\t<meta property=\"og:image:type\" content=\"image\/jpeg\" \/>\n<meta name=\"author\" content=\"Patagonia Ambiental\" \/>\n<meta name=\"twitter:card\" content=\"summary_large_image\" \/>\n<meta name=\"twitter:creator\" content=\"@PatAmb\" \/>\n<meta name=\"twitter:site\" content=\"@PatAmb\" \/>\n<script type=\"application\/ld+json\" class=\"yoast-schema-graph\">{\"@context\":\"https:\\\/\\\/schema.org\",\"@graph\":[{\"@type\":\"Article\",\"@id\":\"https:\\\/\\\/patagoniambiental.com.ar\\\/info\\\/inauguraron-en-chaco-el-parque-nacional-el-impenetrable\\\/#article\",\"isPartOf\":{\"@id\":\"https:\\\/\\\/patagoniambiental.com.ar\\\/info\\\/inauguraron-en-chaco-el-parque-nacional-el-impenetrable\\\/\"},\"author\":{\"name\":\"Patagonia Ambiental\",\"@id\":\"https:\\\/\\\/patagoniambiental.com.ar\\\/info\\\/#\\\/schema\\\/person\\\/db12bff64bbcbf6a253710bf0ea37b5d\"},\"headline\":\"Inauguraron en Chaco el Parque Nacional El Impenetrable\",\"datePublished\":\"2017-08-28T12:00:33+00:00\",\"mainEntityOfPage\":{\"@id\":\"https:\\\/\\\/patagoniambiental.com.ar\\\/info\\\/inauguraron-en-chaco-el-parque-nacional-el-impenetrable\\\/\"},\"wordCount\":768,\"commentCount\":0,\"publisher\":{\"@id\":\"https:\\\/\\\/patagoniambiental.com.ar\\\/info\\\/#organization\"},\"image\":{\"@id\":\"https:\\\/\\\/patagoniambiental.com.ar\\\/info\\\/inauguraron-en-chaco-el-parque-nacional-el-impenetrable\\\/#primaryimage\"},\"thumbnailUrl\":\"https:\\\/\\\/patagoniambiental.com.ar\\\/info\\\/wp-content\\\/uploads\\\/2017\\\/08\\\/parque-impenetrable.jpg\",\"articleSection\":[\"Noticias\"],\"inLanguage\":\"es\",\"potentialAction\":[{\"@type\":\"CommentAction\",\"name\":\"Comment\",\"target\":[\"https:\\\/\\\/patagoniambiental.com.ar\\\/info\\\/inauguraron-en-chaco-el-parque-nacional-el-impenetrable\\\/#respond\"]}]},{\"@type\":\"WebPage\",\"@id\":\"https:\\\/\\\/patagoniambiental.com.ar\\\/info\\\/inauguraron-en-chaco-el-parque-nacional-el-impenetrable\\\/\",\"url\":\"https:\\\/\\\/patagoniambiental.com.ar\\\/info\\\/inauguraron-en-chaco-el-parque-nacional-el-impenetrable\\\/\",\"name\":\"Inauguraron en Chaco el Parque Nacional El Impenetrable\",\"isPartOf\":{\"@id\":\"https:\\\/\\\/patagoniambiental.com.ar\\\/info\\\/#website\"},\"primaryImageOfPage\":{\"@id\":\"https:\\\/\\\/patagoniambiental.com.ar\\\/info\\\/inauguraron-en-chaco-el-parque-nacional-el-impenetrable\\\/#primaryimage\"},\"image\":{\"@id\":\"https:\\\/\\\/patagoniambiental.com.ar\\\/info\\\/inauguraron-en-chaco-el-parque-nacional-el-impenetrable\\\/#primaryimage\"},\"thumbnailUrl\":\"https:\\\/\\\/patagoniambiental.com.ar\\\/info\\\/wp-content\\\/uploads\\\/2017\\\/08\\\/parque-impenetrable.jpg\",\"datePublished\":\"2017-08-28T12:00:33+00:00\",\"breadcrumb\":{\"@id\":\"https:\\\/\\\/patagoniambiental.com.ar\\\/info\\\/inauguraron-en-chaco-el-parque-nacional-el-impenetrable\\\/#breadcrumb\"},\"inLanguage\":\"es\",\"potentialAction\":[{\"@type\":\"ReadAction\",\"target\":[\"https:\\\/\\\/patagoniambiental.com.ar\\\/info\\\/inauguraron-en-chaco-el-parque-nacional-el-impenetrable\\\/\"]}]},{\"@type\":\"ImageObject\",\"inLanguage\":\"es\",\"@id\":\"https:\\\/\\\/patagoniambiental.com.ar\\\/info\\\/inauguraron-en-chaco-el-parque-nacional-el-impenetrable\\\/#primaryimage\",\"url\":\"https:\\\/\\\/patagoniambiental.com.ar\\\/info\\\/wp-content\\\/uploads\\\/2017\\\/08\\\/parque-impenetrable.jpg\",\"contentUrl\":\"https:\\\/\\\/patagoniambiental.com.ar\\\/info\\\/wp-content\\\/uploads\\\/2017\\\/08\\\/parque-impenetrable.jpg\",\"width\":1171,\"height\":600},{\"@type\":\"BreadcrumbList\",\"@id\":\"https:\\\/\\\/patagoniambiental.com.ar\\\/info\\\/inauguraron-en-chaco-el-parque-nacional-el-impenetrable\\\/#breadcrumb\",\"itemListElement\":[{\"@type\":\"ListItem\",\"position\":1,\"name\":\"Inicio\",\"item\":\"https:\\\/\\\/patagoniambiental.com.ar\\\/info\\\/\"},{\"@type\":\"ListItem\",\"position\":2,\"name\":\"Inauguraron en Chaco el Parque Nacional El Impenetrable\"}]},{\"@type\":\"WebSite\",\"@id\":\"https:\\\/\\\/patagoniambiental.com.ar\\\/info\\\/#website\",\"url\":\"https:\\\/\\\/patagoniambiental.com.ar\\\/info\\\/\",\"name\":\"Patagonia Ambiental\",\"description\":\"Monitoreo y an\u00e1lisis de la situaci\u00f3n geopol\u00edtica en el mundo y su implicancia en la Patagonia\",\"publisher\":{\"@id\":\"https:\\\/\\\/patagoniambiental.com.ar\\\/info\\\/#organization\"},\"potentialAction\":[{\"@type\":\"SearchAction\",\"target\":{\"@type\":\"EntryPoint\",\"urlTemplate\":\"https:\\\/\\\/patagoniambiental.com.ar\\\/info\\\/?s={search_term_string}\"},\"query-input\":{\"@type\":\"PropertyValueSpecification\",\"valueRequired\":true,\"valueName\":\"search_term_string\"}}],\"inLanguage\":\"es\"},{\"@type\":\"Organization\",\"@id\":\"https:\\\/\\\/patagoniambiental.com.ar\\\/info\\\/#organization\",\"name\":\"Patagonia Ambiental\",\"url\":\"https:\\\/\\\/patagoniambiental.com.ar\\\/info\\\/\",\"logo\":{\"@type\":\"ImageObject\",\"inLanguage\":\"es\",\"@id\":\"https:\\\/\\\/patagoniambiental.com.ar\\\/info\\\/#\\\/schema\\\/logo\\\/image\\\/\",\"url\":\"https:\\\/\\\/patagoniambiental.com.ar\\\/info\\\/wp-content\\\/uploads\\\/2025\\\/05\\\/LOGO-PATAGONIA-AMBIENTAL.png\",\"contentUrl\":\"https:\\\/\\\/patagoniambiental.com.ar\\\/info\\\/wp-content\\\/uploads\\\/2025\\\/05\\\/LOGO-PATAGONIA-AMBIENTAL.png\",\"width\":433,\"height\":250,\"caption\":\"Patagonia Ambiental\"},\"image\":{\"@id\":\"https:\\\/\\\/patagoniambiental.com.ar\\\/info\\\/#\\\/schema\\\/logo\\\/image\\\/\"},\"sameAs\":[\"https:\\\/\\\/www.facebook.com\\\/patagonia.ambiental\",\"https:\\\/\\\/x.com\\\/PatAmb\"]},{\"@type\":\"Person\",\"@id\":\"https:\\\/\\\/patagoniambiental.com.ar\\\/info\\\/#\\\/schema\\\/person\\\/db12bff64bbcbf6a253710bf0ea37b5d\",\"name\":\"Patagonia Ambiental\",\"description\":\"Andr\u00e9s Nievas T\u00e9cnico en manejo ambiental, consultor Ambiental y escritor para medios locales e internacionales sobre temas de geopolitica y medio ambiente.\",\"sameAs\":[\"http:\\\/\\\/www.patagoniambiental.com.ar\",\"https:\\\/\\\/www.facebook.com\\\/share\\\/1C1V8Gv9BX\\\/?mibextid=qi2Omg\",\"@patagoniambiental\",\"https:\\\/\\\/youtube.com\\\/@patagoniaambiental2023?si=BLt58t0wuXquxlYZ\"]}]}<\/script>\n<!-- \/ Yoast SEO Premium plugin. -->","yoast_head_json":{"title":"Inauguraron en Chaco el Parque Nacional El Impenetrable","robots":{"index":"index","follow":"follow","max-snippet":"max-snippet:-1","max-image-preview":"max-image-preview:large","max-video-preview":"max-video-preview:-1"},"canonical":"https:\/\/patagoniambiental.com.ar\/info\/inauguraron-en-chaco-el-parque-nacional-el-impenetrable\/","og_locale":"es_ES","og_type":"article","og_title":"Inauguraron en Chaco el Parque Nacional El Impenetrable","og_description":"CHACO.- El jefe de Gabinete de Ministros de la Naci\u00f3n, Marcos Pe\u00f1a, y el ministro de Ambiente y Desarrollo Sustentable, [&hellip;]","og_url":"https:\/\/patagoniambiental.com.ar\/info\/inauguraron-en-chaco-el-parque-nacional-el-impenetrable\/","og_site_name":"Patagonia Ambiental","article_publisher":"https:\/\/www.facebook.com\/patagonia.ambiental","article_author":"https:\/\/www.facebook.com\/share\/1C1V8Gv9BX\/?mibextid=qi2Omg","article_published_time":"2017-08-28T12:00:33+00:00","og_image":[{"width":4240,"height":2173,"url":"https:\/\/patagoniambiental.com.ar\/info\/wp-content\/uploads\/2017\/08\/parque-impenetrable.jpg","type":"image\/jpeg"}],"author":"Patagonia Ambiental","twitter_card":"summary_large_image","twitter_creator":"@PatAmb","twitter_site":"@PatAmb","schema":{"@context":"https:\/\/schema.org","@graph":[{"@type":"Article","@id":"https:\/\/patagoniambiental.com.ar\/info\/inauguraron-en-chaco-el-parque-nacional-el-impenetrable\/#article","isPartOf":{"@id":"https:\/\/patagoniambiental.com.ar\/info\/inauguraron-en-chaco-el-parque-nacional-el-impenetrable\/"},"author":{"name":"Patagonia Ambiental","@id":"https:\/\/patagoniambiental.com.ar\/info\/#\/schema\/person\/db12bff64bbcbf6a253710bf0ea37b5d"},"headline":"Inauguraron en Chaco el Parque Nacional El Impenetrable","datePublished":"2017-08-28T12:00:33+00:00","mainEntityOfPage":{"@id":"https:\/\/patagoniambiental.com.ar\/info\/inauguraron-en-chaco-el-parque-nacional-el-impenetrable\/"},"wordCount":768,"commentCount":0,"publisher":{"@id":"https:\/\/patagoniambiental.com.ar\/info\/#organization"},"image":{"@id":"https:\/\/patagoniambiental.com.ar\/info\/inauguraron-en-chaco-el-parque-nacional-el-impenetrable\/#primaryimage"},"thumbnailUrl":"https:\/\/patagoniambiental.com.ar\/info\/wp-content\/uploads\/2017\/08\/parque-impenetrable.jpg","articleSection":["Noticias"],"inLanguage":"es","potentialAction":[{"@type":"CommentAction","name":"Comment","target":["https:\/\/patagoniambiental.com.ar\/info\/inauguraron-en-chaco-el-parque-nacional-el-impenetrable\/#respond"]}]},{"@type":"WebPage","@id":"https:\/\/patagoniambiental.com.ar\/info\/inauguraron-en-chaco-el-parque-nacional-el-impenetrable\/","url":"https:\/\/patagoniambiental.com.ar\/info\/inauguraron-en-chaco-el-parque-nacional-el-impenetrable\/","name":"Inauguraron en Chaco el Parque Nacional El Impenetrable","isPartOf":{"@id":"https:\/\/patagoniambiental.com.ar\/info\/#website"},"primaryImageOfPage":{"@id":"https:\/\/patagoniambiental.com.ar\/info\/inauguraron-en-chaco-el-parque-nacional-el-impenetrable\/#primaryimage"},"image":{"@id":"https:\/\/patagoniambiental.com.ar\/info\/inauguraron-en-chaco-el-parque-nacional-el-impenetrable\/#primaryimage"},"thumbnailUrl":"https:\/\/patagoniambiental.com.ar\/info\/wp-content\/uploads\/2017\/08\/parque-impenetrable.jpg","datePublished":"2017-08-28T12:00:33+00:00","breadcrumb":{"@id":"https:\/\/patagoniambiental.com.ar\/info\/inauguraron-en-chaco-el-parque-nacional-el-impenetrable\/#breadcrumb"},"inLanguage":"es","potentialAction":[{"@type":"ReadAction","target":["https:\/\/patagoniambiental.com.ar\/info\/inauguraron-en-chaco-el-parque-nacional-el-impenetrable\/"]}]},{"@type":"ImageObject","inLanguage":"es","@id":"https:\/\/patagoniambiental.com.ar\/info\/inauguraron-en-chaco-el-parque-nacional-el-impenetrable\/#primaryimage","url":"https:\/\/patagoniambiental.com.ar\/info\/wp-content\/uploads\/2017\/08\/parque-impenetrable.jpg","contentUrl":"https:\/\/patagoniambiental.com.ar\/info\/wp-content\/uploads\/2017\/08\/parque-impenetrable.jpg","width":1171,"height":600},{"@type":"BreadcrumbList","@id":"https:\/\/patagoniambiental.com.ar\/info\/inauguraron-en-chaco-el-parque-nacional-el-impenetrable\/#breadcrumb","itemListElement":[{"@type":"ListItem","position":1,"name":"Inicio","item":"https:\/\/patagoniambiental.com.ar\/info\/"},{"@type":"ListItem","position":2,"name":"Inauguraron en Chaco el Parque Nacional El Impenetrable"}]},{"@type":"WebSite","@id":"https:\/\/patagoniambiental.com.ar\/info\/#website","url":"https:\/\/patagoniambiental.com.ar\/info\/","name":"Patagonia Ambiental","description":"Monitoreo y an\u00e1lisis de la situaci\u00f3n geopol\u00edtica en el mundo y su implicancia en la Patagonia","publisher":{"@id":"https:\/\/patagoniambiental.com.ar\/info\/#organization"},"potentialAction":[{"@type":"SearchAction","target":{"@type":"EntryPoint","urlTemplate":"https:\/\/patagoniambiental.com.ar\/info\/?s={search_term_string}"},"query-input":{"@type":"PropertyValueSpecification","valueRequired":true,"valueName":"search_term_string"}}],"inLanguage":"es"},{"@type":"Organization","@id":"https:\/\/patagoniambiental.com.ar\/info\/#organization","name":"Patagonia Ambiental","url":"https:\/\/patagoniambiental.com.ar\/info\/","logo":{"@type":"ImageObject","inLanguage":"es","@id":"https:\/\/patagoniambiental.com.ar\/info\/#\/schema\/logo\/image\/","url":"https:\/\/patagoniambiental.com.ar\/info\/wp-content\/uploads\/2025\/05\/LOGO-PATAGONIA-AMBIENTAL.png","contentUrl":"https:\/\/patagoniambiental.com.ar\/info\/wp-content\/uploads\/2025\/05\/LOGO-PATAGONIA-AMBIENTAL.png","width":433,"height":250,"caption":"Patagonia Ambiental"},"image":{"@id":"https:\/\/patagoniambiental.com.ar\/info\/#\/schema\/logo\/image\/"},"sameAs":["https:\/\/www.facebook.com\/patagonia.ambiental","https:\/\/x.com\/PatAmb"]},{"@type":"Person","@id":"https:\/\/patagoniambiental.com.ar\/info\/#\/schema\/person\/db12bff64bbcbf6a253710bf0ea37b5d","name":"Patagonia Ambiental","description":"Andr\u00e9s Nievas T\u00e9cnico en manejo ambiental, consultor Ambiental y escritor para medios locales e internacionales sobre temas de geopolitica y medio ambiente.","sameAs":["http:\/\/www.patagoniambiental.com.ar","https:\/\/www.facebook.com\/share\/1C1V8Gv9BX\/?mibextid=qi2Omg","@patagoniambiental","https:\/\/youtube.com\/@patagoniaambiental2023?si=BLt58t0wuXquxlYZ"]}]}},"_links":{"self":[{"href":"https:\/\/patagoniambiental.com.ar\/info\/wp-json\/wp\/v2\/posts\/33896","targetHints":{"allow":["GET"]}}],"collection":[{"href":"https:\/\/patagoniambiental.com.ar\/info\/wp-json\/wp\/v2\/posts"}],"about":[{"href":"https:\/\/patagoniambiental.com.ar\/info\/wp-json\/wp\/v2\/types\/post"}],"author":[{"embeddable":true,"href":"https:\/\/patagoniambiental.com.ar\/info\/wp-json\/wp\/v2\/users\/2"}],"replies":[{"embeddable":true,"href":"https:\/\/patagoniambiental.com.ar\/info\/wp-json\/wp\/v2\/comments?post=33896"}],"version-history":[{"count":0,"href":"https:\/\/patagoniambiental.com.ar\/info\/wp-json\/wp\/v2\/posts\/33896\/revisions"}],"wp:featuredmedia":[{"embeddable":true,"href":"https:\/\/patagoniambiental.com.ar\/info\/wp-json\/wp\/v2\/media\/33897"}],"wp:attachment":[{"href":"https:\/\/patagoniambiental.com.ar\/info\/wp-json\/wp\/v2\/media?parent=33896"}],"wp:term":[{"taxonomy":"category","embeddable":true,"href":"https:\/\/patagoniambiental.com.ar\/info\/wp-json\/wp\/v2\/categories?post=33896"},{"taxonomy":"post_tag","embeddable":true,"href":"https:\/\/patagoniambiental.com.ar\/info\/wp-json\/wp\/v2\/tags?post=33896"}],"curies":[{"name":"wp","href":"https:\/\/api.w.org\/{rel}","templated":true}]}}