{"id":33899,"date":"2017-08-28T09:00:25","date_gmt":"2017-08-28T12:00:25","guid":{"rendered":"http:\/\/patagoniambiental.com.ar\/info\/?p=33899"},"modified":"2017-08-28T07:29:12","modified_gmt":"2017-08-28T10:29:12","slug":"bariloche-solicitaran-informe-sobre-licitacion-de-la-planta-depuradora-y-el-colector-costanero","status":"publish","type":"post","link":"https:\/\/patagoniambiental.com.ar\/info\/bariloche-solicitaran-informe-sobre-licitacion-de-la-planta-depuradora-y-el-colector-costanero\/","title":{"rendered":"Bariloche: Solicitar\u00e1n informe sobre licitaci\u00f3n de la planta depuradora y el colector costanero"},"content":{"rendered":"<div class=\"intro\">\n<p>BARILOCHE.- Se aprob\u00f3 en sesi\u00f3n el proyecto de comunicaci\u00f3n al ENHOSA, en el que se requiere un informe detallado de los presupuestos de las obras, \u201cya que hay diferencias entre lo anunciado, lo licitado y lo que efectivamente se va a invertir\u201d, se\u00f1alan desde el Frente para la Victoria. El bloque de Juntos Somos Bariloche acompa\u00f1\u00f3 la iniciativa, aunque aclara no estar de acuerdo con las afirmaciones brindadas a la prensa por dicho bloque.<\/p>\n<\/div>\n<figure class=\"fullImageBox\"><img decoding=\"async\" class=\"au-target\" src=\"https:\/\/cdn.bariloche2000.com\/uploads\/images\/2017\/08\/75ae1bfd-06c1-5581-9c7b-99f1efa3f54e_mid.jpg\" alt=\"image\" \/><figcaption>\n<div class=\"imgAuthor\"><i class=\"fa fa-user\"><\/i>\u00a0Cooperativa de Electricidad Bariloche<\/div>\n<\/figcaption><\/figure>\n<p>Se\u00f1ala el concejal Daniel Natapof que el Ente Nacional de Obras H\u00eddricas de Saneamiento, el d\u00eda 13 de julio inform\u00f3 que las obras \u201cPlanta depuradora \u2013 ampliaci\u00f3n segundo m\u00f3dulo\u201d y \u201cNuevo Colector Costanero\u201d, tienen un presupuesto $297.922.544,40 y $189.288.508,35, respectivamente. Monto que dista del presupuesto que se fij\u00f3 en el pliego para la ampliaci\u00f3n de la Planta ($402.695.992), por lo que el Concejo solicitar\u00e1 precisiones.<\/p>\n<p>Juntos Somos Bariloche solicit\u00f3\u00a0la modificaci\u00f3n del proyecto, sugiriendo sea dirigido al ENOHSA (Ente Nacional de Obras H\u00eddricas de Saneamiento) en lugar del Ministerio de Obras y Servicios P\u00fablicos de la Provincia de R\u00edo Negro, en tanto ese error conceptual implicaba desconocer al organismo nacional como el responsable de la obra en cuesti\u00f3n.<br \/>\nAsimismo, aport\u00f3 informaci\u00f3n sobre los expedientes de adjudicaci\u00f3n de cada una de las ofertas por parte del ENOHSA.<\/p>\n<p>Si bien esta informaci\u00f3n, de acceso p\u00fablico, \u00abresulta a las claras suficiente para entender y conocer cabalmente el desarrollo licitatorio, se acord\u00f3 acompa\u00f1ar igual el proyecto. La diferencia del 20% respecto de lo presupuestado a lo adjudicado es tomado como un aspecto t\u00e9cnico y no un argumento para difundir como algo negativo sobre la obra, con un alto grado de desinformaci\u00f3n\u00bb, expresan.<\/p>\n<p>El concejal Gerardo \u00c1vila, en nombre de todo el bloque de JSB, incorpor\u00f3 en sesi\u00f3n las modificaciones y manifest\u00f3: \u201cAcompa\u00f1amos el pedido de informe porque creemos que, ante la importancia de estas obras, ninguna duda puede opacar los resultados que obtendr\u00e1 la poblaci\u00f3n, aunque es necesario, no obstante, en el ejercicio de nuestras funciones, ser objetivos y brindar a nuestros vecinos informaci\u00f3n y no conjeturas, m\u00e1s a\u00fan en el marco de un proceso de inversi\u00f3n de tal relevancia\u201d.<\/p>\n<p>\u201cEl reproducir dudas o miedos se debe suplantar con el aporte de informaci\u00f3n a la poblaci\u00f3n, dando cuenta de la normativa y documentaci\u00f3n aplicable al caso. Aun entendiendo que se contaba con la informaci\u00f3n necesaria, para clarificar a\u00fan m\u00e1s la situaci\u00f3n, correspond\u00eda nuestro acompa\u00f1amiento como bloque\u201d, agrega el concejal.<\/p>\n<p>Finalmente expresaron desde el bloque que: \u201cSon obras hist\u00f3ricas que colaboran en la preservaci\u00f3n del medio ambiente y que brindar\u00e1n el acceso a un servicio esencial como las cloacas, no s\u00f3lo a los barilochenses que habitan hoy nuestra ciudad, sino tambi\u00e9n a todos aquellos que elijan hacerlo en el futuro, y es por ello que esperamos su correcta resoluci\u00f3n y lograr as\u00ed los resultados tan esperados.\u201d<\/p>\n<div class=\"leftCol\">\u00a0Fuente: bariloche 2000<\/div>\n","protected":false},"excerpt":{"rendered":"<p>BARILOCHE.- Se aprob\u00f3 en sesi\u00f3n el proyecto de comunicaci\u00f3n al ENHOSA, en el que se requiere un informe detallado de [&hellip;]<\/p>\n","protected":false},"author":2,"featured_media":33900,"comment_status":"open","ping_status":"open","sticky":false,"template":"","format":"standard","meta":{"site-sidebar-layout":"default","site-content-layout":"","ast-site-content-layout":"default","site-content-style":"default","site-sidebar-style":"default","ast-global-header-display":"","ast-banner-title-visibility":"","ast-main-header-display":"","ast-hfb-above-header-display":"","ast-hfb-below-header-display":"","ast-hfb-mobile-header-display":"","site-post-title":"","ast-breadcrumbs-content":"","ast-featured-img":"","footer-sml-layout":"","ast-disable-related-posts":"","theme-transparent-header-meta":"","adv-header-id-meta":"","stick-header-meta":"","header-above-stick-meta":"","header-main-stick-meta":"","header-below-stick-meta":"","astra-migrate-meta-layouts":"default","ast-page-background-enabled":"default","ast-page-background-meta":{"desktop":{"background-color":"var(--ast-global-color-5)","background-image":"","background-repeat":"repeat","background-position":"center center","background-size":"auto","background-attachment":"scroll","background-type":"","background-media":"","overlay-type":"","overlay-color":"","overlay-opacity":"","overlay-gradient":""},"tablet":{"background-color":"","background-image":"","background-repeat":"repeat","background-position":"center center","background-size":"auto","background-attachment":"scroll","background-type":"","background-media":"","overlay-type":"","overlay-color":"","overlay-opacity":"","overlay-gradient":""},"mobile":{"background-color":"","background-image":"","background-repeat":"repeat","background-position":"center center","background-size":"auto","background-attachment":"scroll","background-type":"","background-media":"","overlay-type":"","overlay-color":"","overlay-opacity":"","overlay-gradient":""}},"ast-content-background-meta":{"desktop":{"background-color":"var(--ast-global-color-4)","background-image":"","background-repeat":"repeat","background-position":"center center","background-size":"auto","background-attachment":"scroll","background-type":"","background-media":"","overlay-type":"","overlay-color":"","overlay-opacity":"","overlay-gradient":""},"tablet":{"background-color":"var(--ast-global-color-4)","background-image":"","background-repeat":"repeat","background-position":"center center","background-size":"auto","background-attachment":"scroll","background-type":"","background-media":"","overlay-type":"","overlay-color":"","overlay-opacity":"","overlay-gradient":""},"mobile":{"background-color":"var(--ast-global-color-4)","background-image":"","background-repeat":"repeat","background-position":"center center","background-size":"auto","background-attachment":"scroll","background-type":"","background-media":"","overlay-type":"","overlay-color":"","overlay-opacity":"","overlay-gradient":""}},"footnotes":""},"categories":[46,1],"tags":[],"class_list":["post-33899","post","type-post","status-publish","format-standard","has-post-thumbnail","hentry","category-municipios","category-noticias"],"yoast_head":"<!-- This site is optimized with the Yoast SEO Premium plugin v23.0 (Yoast SEO v27.5) - https:\/\/yoast.com\/product\/yoast-seo-premium-wordpress\/ -->\n<title>Bariloche: Solicitar\u00e1n informe sobre licitaci\u00f3n de la planta depuradora y el colector costanero<\/title>\n<meta name=\"robots\" content=\"index, follow, max-snippet:-1, max-image-preview:large, max-video-preview:-1\" \/>\n<link rel=\"canonical\" href=\"https:\/\/patagoniambiental.com.ar\/info\/bariloche-solicitaran-informe-sobre-licitacion-de-la-planta-depuradora-y-el-colector-costanero\/\" \/>\n<meta property=\"og:locale\" content=\"es_ES\" \/>\n<meta property=\"og:type\" content=\"article\" \/>\n<meta property=\"og:title\" content=\"Bariloche: Solicitar\u00e1n informe sobre licitaci\u00f3n de la planta depuradora y el colector costanero\" \/>\n<meta property=\"og:description\" content=\"BARILOCHE.- Se aprob\u00f3 en sesi\u00f3n el proyecto de comunicaci\u00f3n al ENHOSA, en el que se requiere un informe detallado de [&hellip;]\" \/>\n<meta property=\"og:url\" content=\"https:\/\/patagoniambiental.com.ar\/info\/bariloche-solicitaran-informe-sobre-licitacion-de-la-planta-depuradora-y-el-colector-costanero\/\" \/>\n<meta property=\"og:site_name\" content=\"Patagonia Ambiental\" \/>\n<meta property=\"article:publisher\" content=\"https:\/\/www.facebook.com\/patagonia.ambiental\" \/>\n<meta property=\"article:author\" content=\"https:\/\/www.facebook.com\/share\/1C1V8Gv9BX\/?mibextid=qi2Omg\" \/>\n<meta property=\"article:published_time\" content=\"2017-08-28T12:00:25+00:00\" \/>\n<meta property=\"og:image\" content=\"https:\/\/patagoniambiental.com.ar\/info\/wp-content\/uploads\/2017\/08\/sedimentador.jpg\" \/>\n\t<meta property=\"og:image:width\" content=\"1200\" \/>\n\t<meta property=\"og:image:height\" content=\"900\" \/>\n\t<meta property=\"og:image:type\" content=\"image\/jpeg\" \/>\n<meta name=\"author\" content=\"Patagonia Ambiental\" \/>\n<meta name=\"twitter:card\" content=\"summary_large_image\" \/>\n<meta name=\"twitter:creator\" content=\"@PatAmb\" \/>\n<meta name=\"twitter:site\" content=\"@PatAmb\" \/>\n<script type=\"application\/ld+json\" class=\"yoast-schema-graph\">{\"@context\":\"https:\\\/\\\/schema.org\",\"@graph\":[{\"@type\":\"Article\",\"@id\":\"https:\\\/\\\/patagoniambiental.com.ar\\\/info\\\/bariloche-solicitaran-informe-sobre-licitacion-de-la-planta-depuradora-y-el-colector-costanero\\\/#article\",\"isPartOf\":{\"@id\":\"https:\\\/\\\/patagoniambiental.com.ar\\\/info\\\/bariloche-solicitaran-informe-sobre-licitacion-de-la-planta-depuradora-y-el-colector-costanero\\\/\"},\"author\":{\"name\":\"Patagonia Ambiental\",\"@id\":\"https:\\\/\\\/patagoniambiental.com.ar\\\/info\\\/#\\\/schema\\\/person\\\/db12bff64bbcbf6a253710bf0ea37b5d\"},\"headline\":\"Bariloche: Solicitar\u00e1n informe sobre licitaci\u00f3n de la planta depuradora y el colector costanero\",\"datePublished\":\"2017-08-28T12:00:25+00:00\",\"mainEntityOfPage\":{\"@id\":\"https:\\\/\\\/patagoniambiental.com.ar\\\/info\\\/bariloche-solicitaran-informe-sobre-licitacion-de-la-planta-depuradora-y-el-colector-costanero\\\/\"},\"wordCount\":524,\"commentCount\":0,\"publisher\":{\"@id\":\"https:\\\/\\\/patagoniambiental.com.ar\\\/info\\\/#organization\"},\"image\":{\"@id\":\"https:\\\/\\\/patagoniambiental.com.ar\\\/info\\\/bariloche-solicitaran-informe-sobre-licitacion-de-la-planta-depuradora-y-el-colector-costanero\\\/#primaryimage\"},\"thumbnailUrl\":\"https:\\\/\\\/patagoniambiental.com.ar\\\/info\\\/wp-content\\\/uploads\\\/2017\\\/08\\\/sedimentador.jpg\",\"articleSection\":[\"Municipios\",\"Noticias\"],\"inLanguage\":\"es\",\"potentialAction\":[{\"@type\":\"CommentAction\",\"name\":\"Comment\",\"target\":[\"https:\\\/\\\/patagoniambiental.com.ar\\\/info\\\/bariloche-solicitaran-informe-sobre-licitacion-de-la-planta-depuradora-y-el-colector-costanero\\\/#respond\"]}]},{\"@type\":\"WebPage\",\"@id\":\"https:\\\/\\\/patagoniambiental.com.ar\\\/info\\\/bariloche-solicitaran-informe-sobre-licitacion-de-la-planta-depuradora-y-el-colector-costanero\\\/\",\"url\":\"https:\\\/\\\/patagoniambiental.com.ar\\\/info\\\/bariloche-solicitaran-informe-sobre-licitacion-de-la-planta-depuradora-y-el-colector-costanero\\\/\",\"name\":\"Bariloche: Solicitar\u00e1n informe sobre licitaci\u00f3n de la planta depuradora y el colector costanero\",\"isPartOf\":{\"@id\":\"https:\\\/\\\/patagoniambiental.com.ar\\\/info\\\/#website\"},\"primaryImageOfPage\":{\"@id\":\"https:\\\/\\\/patagoniambiental.com.ar\\\/info\\\/bariloche-solicitaran-informe-sobre-licitacion-de-la-planta-depuradora-y-el-colector-costanero\\\/#primaryimage\"},\"image\":{\"@id\":\"https:\\\/\\\/patagoniambiental.com.ar\\\/info\\\/bariloche-solicitaran-informe-sobre-licitacion-de-la-planta-depuradora-y-el-colector-costanero\\\/#primaryimage\"},\"thumbnailUrl\":\"https:\\\/\\\/patagoniambiental.com.ar\\\/info\\\/wp-content\\\/uploads\\\/2017\\\/08\\\/sedimentador.jpg\",\"datePublished\":\"2017-08-28T12:00:25+00:00\",\"breadcrumb\":{\"@id\":\"https:\\\/\\\/patagoniambiental.com.ar\\\/info\\\/bariloche-solicitaran-informe-sobre-licitacion-de-la-planta-depuradora-y-el-colector-costanero\\\/#breadcrumb\"},\"inLanguage\":\"es\",\"potentialAction\":[{\"@type\":\"ReadAction\",\"target\":[\"https:\\\/\\\/patagoniambiental.com.ar\\\/info\\\/bariloche-solicitaran-informe-sobre-licitacion-de-la-planta-depuradora-y-el-colector-costanero\\\/\"]}]},{\"@type\":\"ImageObject\",\"inLanguage\":\"es\",\"@id\":\"https:\\\/\\\/patagoniambiental.com.ar\\\/info\\\/bariloche-solicitaran-informe-sobre-licitacion-de-la-planta-depuradora-y-el-colector-costanero\\\/#primaryimage\",\"url\":\"https:\\\/\\\/patagoniambiental.com.ar\\\/info\\\/wp-content\\\/uploads\\\/2017\\\/08\\\/sedimentador.jpg\",\"contentUrl\":\"https:\\\/\\\/patagoniambiental.com.ar\\\/info\\\/wp-content\\\/uploads\\\/2017\\\/08\\\/sedimentador.jpg\",\"width\":800,\"height\":600},{\"@type\":\"BreadcrumbList\",\"@id\":\"https:\\\/\\\/patagoniambiental.com.ar\\\/info\\\/bariloche-solicitaran-informe-sobre-licitacion-de-la-planta-depuradora-y-el-colector-costanero\\\/#breadcrumb\",\"itemListElement\":[{\"@type\":\"ListItem\",\"position\":1,\"name\":\"Inicio\",\"item\":\"https:\\\/\\\/patagoniambiental.com.ar\\\/info\\\/\"},{\"@type\":\"ListItem\",\"position\":2,\"name\":\"Bariloche: Solicitar\u00e1n informe sobre licitaci\u00f3n de la planta depuradora y el colector costanero\"}]},{\"@type\":\"WebSite\",\"@id\":\"https:\\\/\\\/patagoniambiental.com.ar\\\/info\\\/#website\",\"url\":\"https:\\\/\\\/patagoniambiental.com.ar\\\/info\\\/\",\"name\":\"Patagonia Ambiental\",\"description\":\"Monitoreo y an\u00e1lisis de la situaci\u00f3n geopol\u00edtica en el mundo y su implicancia en la Patagonia\",\"publisher\":{\"@id\":\"https:\\\/\\\/patagoniambiental.com.ar\\\/info\\\/#organization\"},\"potentialAction\":[{\"@type\":\"SearchAction\",\"target\":{\"@type\":\"EntryPoint\",\"urlTemplate\":\"https:\\\/\\\/patagoniambiental.com.ar\\\/info\\\/?s={search_term_string}\"},\"query-input\":{\"@type\":\"PropertyValueSpecification\",\"valueRequired\":true,\"valueName\":\"search_term_string\"}}],\"inLanguage\":\"es\"},{\"@type\":\"Organization\",\"@id\":\"https:\\\/\\\/patagoniambiental.com.ar\\\/info\\\/#organization\",\"name\":\"Patagonia Ambiental\",\"url\":\"https:\\\/\\\/patagoniambiental.com.ar\\\/info\\\/\",\"logo\":{\"@type\":\"ImageObject\",\"inLanguage\":\"es\",\"@id\":\"https:\\\/\\\/patagoniambiental.com.ar\\\/info\\\/#\\\/schema\\\/logo\\\/image\\\/\",\"url\":\"https:\\\/\\\/patagoniambiental.com.ar\\\/info\\\/wp-content\\\/uploads\\\/2025\\\/05\\\/LOGO-PATAGONIA-AMBIENTAL.png\",\"contentUrl\":\"https:\\\/\\\/patagoniambiental.com.ar\\\/info\\\/wp-content\\\/uploads\\\/2025\\\/05\\\/LOGO-PATAGONIA-AMBIENTAL.png\",\"width\":433,\"height\":250,\"caption\":\"Patagonia Ambiental\"},\"image\":{\"@id\":\"https:\\\/\\\/patagoniambiental.com.ar\\\/info\\\/#\\\/schema\\\/logo\\\/image\\\/\"},\"sameAs\":[\"https:\\\/\\\/www.facebook.com\\\/patagonia.ambiental\",\"https:\\\/\\\/x.com\\\/PatAmb\"]},{\"@type\":\"Person\",\"@id\":\"https:\\\/\\\/patagoniambiental.com.ar\\\/info\\\/#\\\/schema\\\/person\\\/db12bff64bbcbf6a253710bf0ea37b5d\",\"name\":\"Patagonia Ambiental\",\"description\":\"Andr\u00e9s Nievas T\u00e9cnico en manejo ambiental, consultor Ambiental y escritor para medios locales e internacionales sobre temas de geopolitica y medio ambiente.\",\"sameAs\":[\"http:\\\/\\\/www.patagoniambiental.com.ar\",\"https:\\\/\\\/www.facebook.com\\\/share\\\/1C1V8Gv9BX\\\/?mibextid=qi2Omg\",\"@patagoniambiental\",\"https:\\\/\\\/youtube.com\\\/@patagoniaambiental2023?si=BLt58t0wuXquxlYZ\"]}]}<\/script>\n<!-- \/ Yoast SEO Premium plugin. -->","yoast_head_json":{"title":"Bariloche: Solicitar\u00e1n informe sobre licitaci\u00f3n de la planta depuradora y el colector costanero","robots":{"index":"index","follow":"follow","max-snippet":"max-snippet:-1","max-image-preview":"max-image-preview:large","max-video-preview":"max-video-preview:-1"},"canonical":"https:\/\/patagoniambiental.com.ar\/info\/bariloche-solicitaran-informe-sobre-licitacion-de-la-planta-depuradora-y-el-colector-costanero\/","og_locale":"es_ES","og_type":"article","og_title":"Bariloche: Solicitar\u00e1n informe sobre licitaci\u00f3n de la planta depuradora y el colector costanero","og_description":"BARILOCHE.- Se aprob\u00f3 en sesi\u00f3n el proyecto de comunicaci\u00f3n al ENHOSA, en el que se requiere un informe detallado de [&hellip;]","og_url":"https:\/\/patagoniambiental.com.ar\/info\/bariloche-solicitaran-informe-sobre-licitacion-de-la-planta-depuradora-y-el-colector-costanero\/","og_site_name":"Patagonia Ambiental","article_publisher":"https:\/\/www.facebook.com\/patagonia.ambiental","article_author":"https:\/\/www.facebook.com\/share\/1C1V8Gv9BX\/?mibextid=qi2Omg","article_published_time":"2017-08-28T12:00:25+00:00","og_image":[{"width":1200,"height":900,"url":"https:\/\/patagoniambiental.com.ar\/info\/wp-content\/uploads\/2017\/08\/sedimentador.jpg","type":"image\/jpeg"}],"author":"Patagonia Ambiental","twitter_card":"summary_large_image","twitter_creator":"@PatAmb","twitter_site":"@PatAmb","schema":{"@context":"https:\/\/schema.org","@graph":[{"@type":"Article","@id":"https:\/\/patagoniambiental.com.ar\/info\/bariloche-solicitaran-informe-sobre-licitacion-de-la-planta-depuradora-y-el-colector-costanero\/#article","isPartOf":{"@id":"https:\/\/patagoniambiental.com.ar\/info\/bariloche-solicitaran-informe-sobre-licitacion-de-la-planta-depuradora-y-el-colector-costanero\/"},"author":{"name":"Patagonia Ambiental","@id":"https:\/\/patagoniambiental.com.ar\/info\/#\/schema\/person\/db12bff64bbcbf6a253710bf0ea37b5d"},"headline":"Bariloche: Solicitar\u00e1n informe sobre licitaci\u00f3n de la planta depuradora y el colector costanero","datePublished":"2017-08-28T12:00:25+00:00","mainEntityOfPage":{"@id":"https:\/\/patagoniambiental.com.ar\/info\/bariloche-solicitaran-informe-sobre-licitacion-de-la-planta-depuradora-y-el-colector-costanero\/"},"wordCount":524,"commentCount":0,"publisher":{"@id":"https:\/\/patagoniambiental.com.ar\/info\/#organization"},"image":{"@id":"https:\/\/patagoniambiental.com.ar\/info\/bariloche-solicitaran-informe-sobre-licitacion-de-la-planta-depuradora-y-el-colector-costanero\/#primaryimage"},"thumbnailUrl":"https:\/\/patagoniambiental.com.ar\/info\/wp-content\/uploads\/2017\/08\/sedimentador.jpg","articleSection":["Municipios","Noticias"],"inLanguage":"es","potentialAction":[{"@type":"CommentAction","name":"Comment","target":["https:\/\/patagoniambiental.com.ar\/info\/bariloche-solicitaran-informe-sobre-licitacion-de-la-planta-depuradora-y-el-colector-costanero\/#respond"]}]},{"@type":"WebPage","@id":"https:\/\/patagoniambiental.com.ar\/info\/bariloche-solicitaran-informe-sobre-licitacion-de-la-planta-depuradora-y-el-colector-costanero\/","url":"https:\/\/patagoniambiental.com.ar\/info\/bariloche-solicitaran-informe-sobre-licitacion-de-la-planta-depuradora-y-el-colector-costanero\/","name":"Bariloche: Solicitar\u00e1n informe sobre licitaci\u00f3n de la planta depuradora y el colector costanero","isPartOf":{"@id":"https:\/\/patagoniambiental.com.ar\/info\/#website"},"primaryImageOfPage":{"@id":"https:\/\/patagoniambiental.com.ar\/info\/bariloche-solicitaran-informe-sobre-licitacion-de-la-planta-depuradora-y-el-colector-costanero\/#primaryimage"},"image":{"@id":"https:\/\/patagoniambiental.com.ar\/info\/bariloche-solicitaran-informe-sobre-licitacion-de-la-planta-depuradora-y-el-colector-costanero\/#primaryimage"},"thumbnailUrl":"https:\/\/patagoniambiental.com.ar\/info\/wp-content\/uploads\/2017\/08\/sedimentador.jpg","datePublished":"2017-08-28T12:00:25+00:00","breadcrumb":{"@id":"https:\/\/patagoniambiental.com.ar\/info\/bariloche-solicitaran-informe-sobre-licitacion-de-la-planta-depuradora-y-el-colector-costanero\/#breadcrumb"},"inLanguage":"es","potentialAction":[{"@type":"ReadAction","target":["https:\/\/patagoniambiental.com.ar\/info\/bariloche-solicitaran-informe-sobre-licitacion-de-la-planta-depuradora-y-el-colector-costanero\/"]}]},{"@type":"ImageObject","inLanguage":"es","@id":"https:\/\/patagoniambiental.com.ar\/info\/bariloche-solicitaran-informe-sobre-licitacion-de-la-planta-depuradora-y-el-colector-costanero\/#primaryimage","url":"https:\/\/patagoniambiental.com.ar\/info\/wp-content\/uploads\/2017\/08\/sedimentador.jpg","contentUrl":"https:\/\/patagoniambiental.com.ar\/info\/wp-content\/uploads\/2017\/08\/sedimentador.jpg","width":800,"height":600},{"@type":"BreadcrumbList","@id":"https:\/\/patagoniambiental.com.ar\/info\/bariloche-solicitaran-informe-sobre-licitacion-de-la-planta-depuradora-y-el-colector-costanero\/#breadcrumb","itemListElement":[{"@type":"ListItem","position":1,"name":"Inicio","item":"https:\/\/patagoniambiental.com.ar\/info\/"},{"@type":"ListItem","position":2,"name":"Bariloche: Solicitar\u00e1n informe sobre licitaci\u00f3n de la planta depuradora y el colector costanero"}]},{"@type":"WebSite","@id":"https:\/\/patagoniambiental.com.ar\/info\/#website","url":"https:\/\/patagoniambiental.com.ar\/info\/","name":"Patagonia Ambiental","description":"Monitoreo y an\u00e1lisis de la situaci\u00f3n geopol\u00edtica en el mundo y su implicancia en la Patagonia","publisher":{"@id":"https:\/\/patagoniambiental.com.ar\/info\/#organization"},"potentialAction":[{"@type":"SearchAction","target":{"@type":"EntryPoint","urlTemplate":"https:\/\/patagoniambiental.com.ar\/info\/?s={search_term_string}"},"query-input":{"@type":"PropertyValueSpecification","valueRequired":true,"valueName":"search_term_string"}}],"inLanguage":"es"},{"@type":"Organization","@id":"https:\/\/patagoniambiental.com.ar\/info\/#organization","name":"Patagonia Ambiental","url":"https:\/\/patagoniambiental.com.ar\/info\/","logo":{"@type":"ImageObject","inLanguage":"es","@id":"https:\/\/patagoniambiental.com.ar\/info\/#\/schema\/logo\/image\/","url":"https:\/\/patagoniambiental.com.ar\/info\/wp-content\/uploads\/2025\/05\/LOGO-PATAGONIA-AMBIENTAL.png","contentUrl":"https:\/\/patagoniambiental.com.ar\/info\/wp-content\/uploads\/2025\/05\/LOGO-PATAGONIA-AMBIENTAL.png","width":433,"height":250,"caption":"Patagonia Ambiental"},"image":{"@id":"https:\/\/patagoniambiental.com.ar\/info\/#\/schema\/logo\/image\/"},"sameAs":["https:\/\/www.facebook.com\/patagonia.ambiental","https:\/\/x.com\/PatAmb"]},{"@type":"Person","@id":"https:\/\/patagoniambiental.com.ar\/info\/#\/schema\/person\/db12bff64bbcbf6a253710bf0ea37b5d","name":"Patagonia Ambiental","description":"Andr\u00e9s Nievas T\u00e9cnico en manejo ambiental, consultor Ambiental y escritor para medios locales e internacionales sobre temas de geopolitica y medio ambiente.","sameAs":["http:\/\/www.patagoniambiental.com.ar","https:\/\/www.facebook.com\/share\/1C1V8Gv9BX\/?mibextid=qi2Omg","@patagoniambiental","https:\/\/youtube.com\/@patagoniaambiental2023?si=BLt58t0wuXquxlYZ"]}]}},"_links":{"self":[{"href":"https:\/\/patagoniambiental.com.ar\/info\/wp-json\/wp\/v2\/posts\/33899","targetHints":{"allow":["GET"]}}],"collection":[{"href":"https:\/\/patagoniambiental.com.ar\/info\/wp-json\/wp\/v2\/posts"}],"about":[{"href":"https:\/\/patagoniambiental.com.ar\/info\/wp-json\/wp\/v2\/types\/post"}],"author":[{"embeddable":true,"href":"https:\/\/patagoniambiental.com.ar\/info\/wp-json\/wp\/v2\/users\/2"}],"replies":[{"embeddable":true,"href":"https:\/\/patagoniambiental.com.ar\/info\/wp-json\/wp\/v2\/comments?post=33899"}],"version-history":[{"count":0,"href":"https:\/\/patagoniambiental.com.ar\/info\/wp-json\/wp\/v2\/posts\/33899\/revisions"}],"wp:featuredmedia":[{"embeddable":true,"href":"https:\/\/patagoniambiental.com.ar\/info\/wp-json\/wp\/v2\/media\/33900"}],"wp:attachment":[{"href":"https:\/\/patagoniambiental.com.ar\/info\/wp-json\/wp\/v2\/media?parent=33899"}],"wp:term":[{"taxonomy":"category","embeddable":true,"href":"https:\/\/patagoniambiental.com.ar\/info\/wp-json\/wp\/v2\/categories?post=33899"},{"taxonomy":"post_tag","embeddable":true,"href":"https:\/\/patagoniambiental.com.ar\/info\/wp-json\/wp\/v2\/tags?post=33899"}],"curies":[{"name":"wp","href":"https:\/\/api.w.org\/{rel}","templated":true}]}}