{"id":33911,"date":"2017-08-28T09:00:54","date_gmt":"2017-08-28T12:00:54","guid":{"rendered":"http:\/\/patagoniambiental.com.ar\/info\/?p=33911"},"modified":"2017-08-28T07:41:01","modified_gmt":"2017-08-28T10:41:01","slug":"atraviesan-el-pais-caminando-para-concientizar-por-el-medio-ambiente-y-malvinas","status":"publish","type":"post","link":"https:\/\/patagoniambiental.com.ar\/info\/atraviesan-el-pais-caminando-para-concientizar-por-el-medio-ambiente-y-malvinas\/","title":{"rendered":"Atraviesan el pa\u00eds caminando para concientizar por el medio ambiente y Malvinas"},"content":{"rendered":"<article id=\"\" class=\"note-detail\">\n<div class=\"note-body newDetailTextChange clearfix\">\n<p>Un empresario y un excombatiente de Malvinas de Tierra del Fuego quieren atravesar el pa\u00eds caminando y recorrer 4.200 kil\u00f3metros desde La Quiaca hasta la provincia del sur del pa\u00eds para concientizar sobre el cuidado del medio ambiente, por la causa Malvinas y para recordar al prestigioso m\u00e9dico, Ren\u00e9 Favaloro. Se trata de Emilio Saez un empresario panadero de 62 a\u00f1os que reside en la localidad de Tolhuin y del excombatiente, Rodolfo Eduardo Antunez, de 59 a\u00f1os, quien vive en Ushuaia. El pasado 7 de este mes los hombres emprendieron el desaf\u00edo desde la provincia juje\u00f1a. El jueves pasado los caminantes llegaron a San Jos\u00e9 de Met\u00e1n, donde fueron recibidos por el intendente, Fernando Romeri, en su despacho. El desaf\u00edo es llegar a Tolhuin en Tierra del Fuego, por eso caminan alrededor de 25 kil\u00f3metros por d\u00eda. Pero en el trayecto van a recorrer escuelas e instituciones para concientizar a las comunidades sobre el problema de la basura que arrojan vecinos desaprensivos en cualquier lugar.<\/p>\n<p>A eso lo vienen observando en el camino a la vera de los pueblos y rutas nacionales y provinciales. \u201cEs un gran desaf\u00edo el que tenemos. En un principio es personal, de liderazgo, para demostrarme que hay vida despu\u00e9s de los 60, por eso voy a cruzar toda la Argentina caminando por causas nacionales, entre ellas est\u00e1 Malvinas, pero tambi\u00e9n lo hacemos para concientizar sobre la basura porque lamentablemente parece que las rutas han sido destinadas a ser basurales a cielo abierto. Venimos desde La Quiaca, llevamos unos 500 kil\u00f3metros y vamos observando este problema que vemos en Tierra del Fuego y en todas las provincias\u201d, dijo Saez a El Tribuno.<\/p>\n<p>\u201cTambi\u00e9n caminamos por Ren\u00e9 Favaloro, porque necesitamos reflexionar sobre lo que pas\u00f3, que fue una verg\u00fcenza nacional. Es un hombre que hizo lo que debe hacer un buen argentino. Se recibi\u00f3, luego descubri\u00f3 el by pass y salv\u00f3 a millones de personas en el mundo. Luego hizo una fundaci\u00f3n y dijo que las personas pod\u00edan vivir hasta los 100 a\u00f1os sin tener dinero, no merec\u00eda terminar como ocurri\u00f3\u201d, remarc\u00f3.<\/p>\n<p><strong>\u201cNo hay que olvidar\u201d<\/strong><\/p>\n<p>\u201cTambi\u00e9n caminamos por la historia reciente de la Argentina que es Malvinas. Esto ha pasado un poco caso al olvido. Solamente en algunos lugares el 2 de abril se recuerda lo ocurrido y lo toman como un feriado. Hay que concientizar a los m\u00e1s chicos para que sepan lo que ocurri\u00f3 porque quedaron 649 soldados que dieron sus vidas por la patria, que est\u00e1n custodiando aquellas islas\u201d, dijo Antunez, quien es excombatiente. \u201cPor eso aprovechamos esta caminata para poder concientizar en las escuelas, en las calles e instituciones sobre esta causa. En La Quiaca ya hemos tenido la oportunidad de hablar en los colegios y lo vamos a ir haciendo en este largo recorrido\u201d, destac\u00f3. \u201cPensamos llegar el 2 de abril. Yo particularmente voy acompa\u00f1ando a Saez hasta Tucum\u00e1n, de ah\u00ed lo voy a dejar por unos d\u00edas por compromisos y nos volvemos a juntar en C\u00f3rdoba\u201d, concluy\u00f3 Antunez.<\/p>\n<\/div>\n<\/article>\n<div id=\"Object_75219_64349\" class=\"hidden-print extras box que-te-parecio object-reactions\">\u00a0Fuente:\u00a0http:\/\/www.eltribuno.info\/salta\/nota\/2017-8-27-17-49-32-atraviesan-el-pais-caminando-para-concientizar-por-el-medio-ambiente-y-malvinas<\/div>\n","protected":false},"excerpt":{"rendered":"<p>Un empresario y un excombatiente de Malvinas de Tierra del Fuego quieren atravesar el pa\u00eds caminando y recorrer 4.200 kil\u00f3metros [&hellip;]<\/p>\n","protected":false},"author":2,"featured_media":33912,"comment_status":"open","ping_status":"open","sticky":false,"template":"","format":"standard","meta":{"site-sidebar-layout":"default","site-content-layout":"","ast-site-content-layout":"default","site-content-style":"default","site-sidebar-style":"default","ast-global-header-display":"","ast-banner-title-visibility":"","ast-main-header-display":"","ast-hfb-above-header-display":"","ast-hfb-below-header-display":"","ast-hfb-mobile-header-display":"","site-post-title":"","ast-breadcrumbs-content":"","ast-featured-img":"","footer-sml-layout":"","ast-disable-related-posts":"","theme-transparent-header-meta":"","adv-header-id-meta":"","stick-header-meta":"","header-above-stick-meta":"","header-main-stick-meta":"","header-below-stick-meta":"","astra-migrate-meta-layouts":"default","ast-page-background-enabled":"default","ast-page-background-meta":{"desktop":{"background-color":"var(--ast-global-color-5)","background-image":"","background-repeat":"repeat","background-position":"center center","background-size":"auto","background-attachment":"scroll","background-type":"","background-media":"","overlay-type":"","overlay-color":"","overlay-opacity":"","overlay-gradient":""},"tablet":{"background-color":"","background-image":"","background-repeat":"repeat","background-position":"center center","background-size":"auto","background-attachment":"scroll","background-type":"","background-media":"","overlay-type":"","overlay-color":"","overlay-opacity":"","overlay-gradient":""},"mobile":{"background-color":"","background-image":"","background-repeat":"repeat","background-position":"center center","background-size":"auto","background-attachment":"scroll","background-type":"","background-media":"","overlay-type":"","overlay-color":"","overlay-opacity":"","overlay-gradient":""}},"ast-content-background-meta":{"desktop":{"background-color":"var(--ast-global-color-4)","background-image":"","background-repeat":"repeat","background-position":"center center","background-size":"auto","background-attachment":"scroll","background-type":"","background-media":"","overlay-type":"","overlay-color":"","overlay-opacity":"","overlay-gradient":""},"tablet":{"background-color":"var(--ast-global-color-4)","background-image":"","background-repeat":"repeat","background-position":"center center","background-size":"auto","background-attachment":"scroll","background-type":"","background-media":"","overlay-type":"","overlay-color":"","overlay-opacity":"","overlay-gradient":""},"mobile":{"background-color":"var(--ast-global-color-4)","background-image":"","background-repeat":"repeat","background-position":"center center","background-size":"auto","background-attachment":"scroll","background-type":"","background-media":"","overlay-type":"","overlay-color":"","overlay-opacity":"","overlay-gradient":""}},"footnotes":""},"categories":[1],"tags":[],"class_list":["post-33911","post","type-post","status-publish","format-standard","has-post-thumbnail","hentry","category-noticias"],"yoast_head":"<!-- This site is optimized with the Yoast SEO Premium plugin v23.0 (Yoast SEO v27.5) - https:\/\/yoast.com\/product\/yoast-seo-premium-wordpress\/ -->\n<title>Atraviesan el pa\u00eds caminando para concientizar por el medio ambiente y Malvinas<\/title>\n<meta name=\"robots\" content=\"index, follow, max-snippet:-1, max-image-preview:large, max-video-preview:-1\" \/>\n<link rel=\"canonical\" href=\"https:\/\/patagoniambiental.com.ar\/info\/atraviesan-el-pais-caminando-para-concientizar-por-el-medio-ambiente-y-malvinas\/\" \/>\n<meta property=\"og:locale\" content=\"es_ES\" \/>\n<meta property=\"og:type\" content=\"article\" \/>\n<meta property=\"og:title\" content=\"Atraviesan el pa\u00eds caminando para concientizar por el medio ambiente y Malvinas\" \/>\n<meta property=\"og:description\" content=\"Un empresario y un excombatiente de Malvinas de Tierra del Fuego quieren atravesar el pa\u00eds caminando y recorrer 4.200 kil\u00f3metros [&hellip;]\" \/>\n<meta property=\"og:url\" content=\"https:\/\/patagoniambiental.com.ar\/info\/atraviesan-el-pais-caminando-para-concientizar-por-el-medio-ambiente-y-malvinas\/\" \/>\n<meta property=\"og:site_name\" content=\"Patagonia Ambiental\" \/>\n<meta property=\"article:publisher\" content=\"https:\/\/www.facebook.com\/patagonia.ambiental\" \/>\n<meta property=\"article:author\" content=\"https:\/\/www.facebook.com\/share\/1C1V8Gv9BX\/?mibextid=qi2Omg\" \/>\n<meta property=\"article:published_time\" content=\"2017-08-28T12:00:54+00:00\" \/>\n<meta property=\"og:image\" content=\"https:\/\/patagoniambiental.com.ar\/info\/wp-content\/uploads\/2017\/08\/caminta-por-medio-ambiente.jpg\" \/>\n\t<meta property=\"og:image:width\" content=\"719\" \/>\n\t<meta property=\"og:image:height\" content=\"411\" \/>\n\t<meta property=\"og:image:type\" content=\"image\/jpeg\" \/>\n<meta name=\"author\" content=\"Patagonia Ambiental\" \/>\n<meta name=\"twitter:card\" content=\"summary_large_image\" \/>\n<meta name=\"twitter:creator\" content=\"@PatAmb\" \/>\n<meta name=\"twitter:site\" content=\"@PatAmb\" \/>\n<script type=\"application\/ld+json\" class=\"yoast-schema-graph\">{\"@context\":\"https:\\\/\\\/schema.org\",\"@graph\":[{\"@type\":\"Article\",\"@id\":\"https:\\\/\\\/patagoniambiental.com.ar\\\/info\\\/atraviesan-el-pais-caminando-para-concientizar-por-el-medio-ambiente-y-malvinas\\\/#article\",\"isPartOf\":{\"@id\":\"https:\\\/\\\/patagoniambiental.com.ar\\\/info\\\/atraviesan-el-pais-caminando-para-concientizar-por-el-medio-ambiente-y-malvinas\\\/\"},\"author\":{\"name\":\"Patagonia Ambiental\",\"@id\":\"https:\\\/\\\/patagoniambiental.com.ar\\\/info\\\/#\\\/schema\\\/person\\\/db12bff64bbcbf6a253710bf0ea37b5d\"},\"headline\":\"Atraviesan el pa\u00eds caminando para concientizar por el medio ambiente y Malvinas\",\"datePublished\":\"2017-08-28T12:00:54+00:00\",\"mainEntityOfPage\":{\"@id\":\"https:\\\/\\\/patagoniambiental.com.ar\\\/info\\\/atraviesan-el-pais-caminando-para-concientizar-por-el-medio-ambiente-y-malvinas\\\/\"},\"wordCount\":542,\"commentCount\":0,\"publisher\":{\"@id\":\"https:\\\/\\\/patagoniambiental.com.ar\\\/info\\\/#organization\"},\"image\":{\"@id\":\"https:\\\/\\\/patagoniambiental.com.ar\\\/info\\\/atraviesan-el-pais-caminando-para-concientizar-por-el-medio-ambiente-y-malvinas\\\/#primaryimage\"},\"thumbnailUrl\":\"https:\\\/\\\/patagoniambiental.com.ar\\\/info\\\/wp-content\\\/uploads\\\/2017\\\/08\\\/caminta-por-medio-ambiente.jpg\",\"articleSection\":[\"Noticias\"],\"inLanguage\":\"es\",\"potentialAction\":[{\"@type\":\"CommentAction\",\"name\":\"Comment\",\"target\":[\"https:\\\/\\\/patagoniambiental.com.ar\\\/info\\\/atraviesan-el-pais-caminando-para-concientizar-por-el-medio-ambiente-y-malvinas\\\/#respond\"]}]},{\"@type\":\"WebPage\",\"@id\":\"https:\\\/\\\/patagoniambiental.com.ar\\\/info\\\/atraviesan-el-pais-caminando-para-concientizar-por-el-medio-ambiente-y-malvinas\\\/\",\"url\":\"https:\\\/\\\/patagoniambiental.com.ar\\\/info\\\/atraviesan-el-pais-caminando-para-concientizar-por-el-medio-ambiente-y-malvinas\\\/\",\"name\":\"Atraviesan el pa\u00eds caminando para concientizar por el medio ambiente y Malvinas\",\"isPartOf\":{\"@id\":\"https:\\\/\\\/patagoniambiental.com.ar\\\/info\\\/#website\"},\"primaryImageOfPage\":{\"@id\":\"https:\\\/\\\/patagoniambiental.com.ar\\\/info\\\/atraviesan-el-pais-caminando-para-concientizar-por-el-medio-ambiente-y-malvinas\\\/#primaryimage\"},\"image\":{\"@id\":\"https:\\\/\\\/patagoniambiental.com.ar\\\/info\\\/atraviesan-el-pais-caminando-para-concientizar-por-el-medio-ambiente-y-malvinas\\\/#primaryimage\"},\"thumbnailUrl\":\"https:\\\/\\\/patagoniambiental.com.ar\\\/info\\\/wp-content\\\/uploads\\\/2017\\\/08\\\/caminta-por-medio-ambiente.jpg\",\"datePublished\":\"2017-08-28T12:00:54+00:00\",\"breadcrumb\":{\"@id\":\"https:\\\/\\\/patagoniambiental.com.ar\\\/info\\\/atraviesan-el-pais-caminando-para-concientizar-por-el-medio-ambiente-y-malvinas\\\/#breadcrumb\"},\"inLanguage\":\"es\",\"potentialAction\":[{\"@type\":\"ReadAction\",\"target\":[\"https:\\\/\\\/patagoniambiental.com.ar\\\/info\\\/atraviesan-el-pais-caminando-para-concientizar-por-el-medio-ambiente-y-malvinas\\\/\"]}]},{\"@type\":\"ImageObject\",\"inLanguage\":\"es\",\"@id\":\"https:\\\/\\\/patagoniambiental.com.ar\\\/info\\\/atraviesan-el-pais-caminando-para-concientizar-por-el-medio-ambiente-y-malvinas\\\/#primaryimage\",\"url\":\"https:\\\/\\\/patagoniambiental.com.ar\\\/info\\\/wp-content\\\/uploads\\\/2017\\\/08\\\/caminta-por-medio-ambiente.jpg\",\"contentUrl\":\"https:\\\/\\\/patagoniambiental.com.ar\\\/info\\\/wp-content\\\/uploads\\\/2017\\\/08\\\/caminta-por-medio-ambiente.jpg\",\"width\":719,\"height\":411},{\"@type\":\"BreadcrumbList\",\"@id\":\"https:\\\/\\\/patagoniambiental.com.ar\\\/info\\\/atraviesan-el-pais-caminando-para-concientizar-por-el-medio-ambiente-y-malvinas\\\/#breadcrumb\",\"itemListElement\":[{\"@type\":\"ListItem\",\"position\":1,\"name\":\"Inicio\",\"item\":\"https:\\\/\\\/patagoniambiental.com.ar\\\/info\\\/\"},{\"@type\":\"ListItem\",\"position\":2,\"name\":\"Atraviesan el pa\u00eds caminando para concientizar por el medio ambiente y Malvinas\"}]},{\"@type\":\"WebSite\",\"@id\":\"https:\\\/\\\/patagoniambiental.com.ar\\\/info\\\/#website\",\"url\":\"https:\\\/\\\/patagoniambiental.com.ar\\\/info\\\/\",\"name\":\"Patagonia Ambiental\",\"description\":\"Monitoreo y an\u00e1lisis de la situaci\u00f3n geopol\u00edtica en el mundo y su implicancia en la Patagonia\",\"publisher\":{\"@id\":\"https:\\\/\\\/patagoniambiental.com.ar\\\/info\\\/#organization\"},\"potentialAction\":[{\"@type\":\"SearchAction\",\"target\":{\"@type\":\"EntryPoint\",\"urlTemplate\":\"https:\\\/\\\/patagoniambiental.com.ar\\\/info\\\/?s={search_term_string}\"},\"query-input\":{\"@type\":\"PropertyValueSpecification\",\"valueRequired\":true,\"valueName\":\"search_term_string\"}}],\"inLanguage\":\"es\"},{\"@type\":\"Organization\",\"@id\":\"https:\\\/\\\/patagoniambiental.com.ar\\\/info\\\/#organization\",\"name\":\"Patagonia Ambiental\",\"url\":\"https:\\\/\\\/patagoniambiental.com.ar\\\/info\\\/\",\"logo\":{\"@type\":\"ImageObject\",\"inLanguage\":\"es\",\"@id\":\"https:\\\/\\\/patagoniambiental.com.ar\\\/info\\\/#\\\/schema\\\/logo\\\/image\\\/\",\"url\":\"https:\\\/\\\/patagoniambiental.com.ar\\\/info\\\/wp-content\\\/uploads\\\/2025\\\/05\\\/LOGO-PATAGONIA-AMBIENTAL.png\",\"contentUrl\":\"https:\\\/\\\/patagoniambiental.com.ar\\\/info\\\/wp-content\\\/uploads\\\/2025\\\/05\\\/LOGO-PATAGONIA-AMBIENTAL.png\",\"width\":433,\"height\":250,\"caption\":\"Patagonia Ambiental\"},\"image\":{\"@id\":\"https:\\\/\\\/patagoniambiental.com.ar\\\/info\\\/#\\\/schema\\\/logo\\\/image\\\/\"},\"sameAs\":[\"https:\\\/\\\/www.facebook.com\\\/patagonia.ambiental\",\"https:\\\/\\\/x.com\\\/PatAmb\"]},{\"@type\":\"Person\",\"@id\":\"https:\\\/\\\/patagoniambiental.com.ar\\\/info\\\/#\\\/schema\\\/person\\\/db12bff64bbcbf6a253710bf0ea37b5d\",\"name\":\"Patagonia Ambiental\",\"description\":\"Andr\u00e9s Nievas T\u00e9cnico en manejo ambiental, consultor Ambiental y escritor para medios locales e internacionales sobre temas de geopolitica y medio ambiente.\",\"sameAs\":[\"http:\\\/\\\/www.patagoniambiental.com.ar\",\"https:\\\/\\\/www.facebook.com\\\/share\\\/1C1V8Gv9BX\\\/?mibextid=qi2Omg\",\"@patagoniambiental\",\"https:\\\/\\\/youtube.com\\\/@patagoniaambiental2023?si=BLt58t0wuXquxlYZ\"]}]}<\/script>\n<!-- \/ Yoast SEO Premium plugin. -->","yoast_head_json":{"title":"Atraviesan el pa\u00eds caminando para concientizar por el medio ambiente y Malvinas","robots":{"index":"index","follow":"follow","max-snippet":"max-snippet:-1","max-image-preview":"max-image-preview:large","max-video-preview":"max-video-preview:-1"},"canonical":"https:\/\/patagoniambiental.com.ar\/info\/atraviesan-el-pais-caminando-para-concientizar-por-el-medio-ambiente-y-malvinas\/","og_locale":"es_ES","og_type":"article","og_title":"Atraviesan el pa\u00eds caminando para concientizar por el medio ambiente y Malvinas","og_description":"Un empresario y un excombatiente de Malvinas de Tierra del Fuego quieren atravesar el pa\u00eds caminando y recorrer 4.200 kil\u00f3metros [&hellip;]","og_url":"https:\/\/patagoniambiental.com.ar\/info\/atraviesan-el-pais-caminando-para-concientizar-por-el-medio-ambiente-y-malvinas\/","og_site_name":"Patagonia Ambiental","article_publisher":"https:\/\/www.facebook.com\/patagonia.ambiental","article_author":"https:\/\/www.facebook.com\/share\/1C1V8Gv9BX\/?mibextid=qi2Omg","article_published_time":"2017-08-28T12:00:54+00:00","og_image":[{"width":719,"height":411,"url":"https:\/\/patagoniambiental.com.ar\/info\/wp-content\/uploads\/2017\/08\/caminta-por-medio-ambiente.jpg","type":"image\/jpeg"}],"author":"Patagonia Ambiental","twitter_card":"summary_large_image","twitter_creator":"@PatAmb","twitter_site":"@PatAmb","schema":{"@context":"https:\/\/schema.org","@graph":[{"@type":"Article","@id":"https:\/\/patagoniambiental.com.ar\/info\/atraviesan-el-pais-caminando-para-concientizar-por-el-medio-ambiente-y-malvinas\/#article","isPartOf":{"@id":"https:\/\/patagoniambiental.com.ar\/info\/atraviesan-el-pais-caminando-para-concientizar-por-el-medio-ambiente-y-malvinas\/"},"author":{"name":"Patagonia Ambiental","@id":"https:\/\/patagoniambiental.com.ar\/info\/#\/schema\/person\/db12bff64bbcbf6a253710bf0ea37b5d"},"headline":"Atraviesan el pa\u00eds caminando para concientizar por el medio ambiente y Malvinas","datePublished":"2017-08-28T12:00:54+00:00","mainEntityOfPage":{"@id":"https:\/\/patagoniambiental.com.ar\/info\/atraviesan-el-pais-caminando-para-concientizar-por-el-medio-ambiente-y-malvinas\/"},"wordCount":542,"commentCount":0,"publisher":{"@id":"https:\/\/patagoniambiental.com.ar\/info\/#organization"},"image":{"@id":"https:\/\/patagoniambiental.com.ar\/info\/atraviesan-el-pais-caminando-para-concientizar-por-el-medio-ambiente-y-malvinas\/#primaryimage"},"thumbnailUrl":"https:\/\/patagoniambiental.com.ar\/info\/wp-content\/uploads\/2017\/08\/caminta-por-medio-ambiente.jpg","articleSection":["Noticias"],"inLanguage":"es","potentialAction":[{"@type":"CommentAction","name":"Comment","target":["https:\/\/patagoniambiental.com.ar\/info\/atraviesan-el-pais-caminando-para-concientizar-por-el-medio-ambiente-y-malvinas\/#respond"]}]},{"@type":"WebPage","@id":"https:\/\/patagoniambiental.com.ar\/info\/atraviesan-el-pais-caminando-para-concientizar-por-el-medio-ambiente-y-malvinas\/","url":"https:\/\/patagoniambiental.com.ar\/info\/atraviesan-el-pais-caminando-para-concientizar-por-el-medio-ambiente-y-malvinas\/","name":"Atraviesan el pa\u00eds caminando para concientizar por el medio ambiente y Malvinas","isPartOf":{"@id":"https:\/\/patagoniambiental.com.ar\/info\/#website"},"primaryImageOfPage":{"@id":"https:\/\/patagoniambiental.com.ar\/info\/atraviesan-el-pais-caminando-para-concientizar-por-el-medio-ambiente-y-malvinas\/#primaryimage"},"image":{"@id":"https:\/\/patagoniambiental.com.ar\/info\/atraviesan-el-pais-caminando-para-concientizar-por-el-medio-ambiente-y-malvinas\/#primaryimage"},"thumbnailUrl":"https:\/\/patagoniambiental.com.ar\/info\/wp-content\/uploads\/2017\/08\/caminta-por-medio-ambiente.jpg","datePublished":"2017-08-28T12:00:54+00:00","breadcrumb":{"@id":"https:\/\/patagoniambiental.com.ar\/info\/atraviesan-el-pais-caminando-para-concientizar-por-el-medio-ambiente-y-malvinas\/#breadcrumb"},"inLanguage":"es","potentialAction":[{"@type":"ReadAction","target":["https:\/\/patagoniambiental.com.ar\/info\/atraviesan-el-pais-caminando-para-concientizar-por-el-medio-ambiente-y-malvinas\/"]}]},{"@type":"ImageObject","inLanguage":"es","@id":"https:\/\/patagoniambiental.com.ar\/info\/atraviesan-el-pais-caminando-para-concientizar-por-el-medio-ambiente-y-malvinas\/#primaryimage","url":"https:\/\/patagoniambiental.com.ar\/info\/wp-content\/uploads\/2017\/08\/caminta-por-medio-ambiente.jpg","contentUrl":"https:\/\/patagoniambiental.com.ar\/info\/wp-content\/uploads\/2017\/08\/caminta-por-medio-ambiente.jpg","width":719,"height":411},{"@type":"BreadcrumbList","@id":"https:\/\/patagoniambiental.com.ar\/info\/atraviesan-el-pais-caminando-para-concientizar-por-el-medio-ambiente-y-malvinas\/#breadcrumb","itemListElement":[{"@type":"ListItem","position":1,"name":"Inicio","item":"https:\/\/patagoniambiental.com.ar\/info\/"},{"@type":"ListItem","position":2,"name":"Atraviesan el pa\u00eds caminando para concientizar por el medio ambiente y Malvinas"}]},{"@type":"WebSite","@id":"https:\/\/patagoniambiental.com.ar\/info\/#website","url":"https:\/\/patagoniambiental.com.ar\/info\/","name":"Patagonia Ambiental","description":"Monitoreo y an\u00e1lisis de la situaci\u00f3n geopol\u00edtica en el mundo y su implicancia en la Patagonia","publisher":{"@id":"https:\/\/patagoniambiental.com.ar\/info\/#organization"},"potentialAction":[{"@type":"SearchAction","target":{"@type":"EntryPoint","urlTemplate":"https:\/\/patagoniambiental.com.ar\/info\/?s={search_term_string}"},"query-input":{"@type":"PropertyValueSpecification","valueRequired":true,"valueName":"search_term_string"}}],"inLanguage":"es"},{"@type":"Organization","@id":"https:\/\/patagoniambiental.com.ar\/info\/#organization","name":"Patagonia Ambiental","url":"https:\/\/patagoniambiental.com.ar\/info\/","logo":{"@type":"ImageObject","inLanguage":"es","@id":"https:\/\/patagoniambiental.com.ar\/info\/#\/schema\/logo\/image\/","url":"https:\/\/patagoniambiental.com.ar\/info\/wp-content\/uploads\/2025\/05\/LOGO-PATAGONIA-AMBIENTAL.png","contentUrl":"https:\/\/patagoniambiental.com.ar\/info\/wp-content\/uploads\/2025\/05\/LOGO-PATAGONIA-AMBIENTAL.png","width":433,"height":250,"caption":"Patagonia Ambiental"},"image":{"@id":"https:\/\/patagoniambiental.com.ar\/info\/#\/schema\/logo\/image\/"},"sameAs":["https:\/\/www.facebook.com\/patagonia.ambiental","https:\/\/x.com\/PatAmb"]},{"@type":"Person","@id":"https:\/\/patagoniambiental.com.ar\/info\/#\/schema\/person\/db12bff64bbcbf6a253710bf0ea37b5d","name":"Patagonia Ambiental","description":"Andr\u00e9s Nievas T\u00e9cnico en manejo ambiental, consultor Ambiental y escritor para medios locales e internacionales sobre temas de geopolitica y medio ambiente.","sameAs":["http:\/\/www.patagoniambiental.com.ar","https:\/\/www.facebook.com\/share\/1C1V8Gv9BX\/?mibextid=qi2Omg","@patagoniambiental","https:\/\/youtube.com\/@patagoniaambiental2023?si=BLt58t0wuXquxlYZ"]}]}},"_links":{"self":[{"href":"https:\/\/patagoniambiental.com.ar\/info\/wp-json\/wp\/v2\/posts\/33911","targetHints":{"allow":["GET"]}}],"collection":[{"href":"https:\/\/patagoniambiental.com.ar\/info\/wp-json\/wp\/v2\/posts"}],"about":[{"href":"https:\/\/patagoniambiental.com.ar\/info\/wp-json\/wp\/v2\/types\/post"}],"author":[{"embeddable":true,"href":"https:\/\/patagoniambiental.com.ar\/info\/wp-json\/wp\/v2\/users\/2"}],"replies":[{"embeddable":true,"href":"https:\/\/patagoniambiental.com.ar\/info\/wp-json\/wp\/v2\/comments?post=33911"}],"version-history":[{"count":0,"href":"https:\/\/patagoniambiental.com.ar\/info\/wp-json\/wp\/v2\/posts\/33911\/revisions"}],"wp:featuredmedia":[{"embeddable":true,"href":"https:\/\/patagoniambiental.com.ar\/info\/wp-json\/wp\/v2\/media\/33912"}],"wp:attachment":[{"href":"https:\/\/patagoniambiental.com.ar\/info\/wp-json\/wp\/v2\/media?parent=33911"}],"wp:term":[{"taxonomy":"category","embeddable":true,"href":"https:\/\/patagoniambiental.com.ar\/info\/wp-json\/wp\/v2\/categories?post=33911"},{"taxonomy":"post_tag","embeddable":true,"href":"https:\/\/patagoniambiental.com.ar\/info\/wp-json\/wp\/v2\/tags?post=33911"}],"curies":[{"name":"wp","href":"https:\/\/api.w.org\/{rel}","templated":true}]}}