{"id":33922,"date":"2017-08-28T19:00:23","date_gmt":"2017-08-28T22:00:23","guid":{"rendered":"http:\/\/patagoniambiental.com.ar\/info\/?p=33922"},"modified":"2017-08-28T10:09:37","modified_gmt":"2017-08-28T13:09:37","slug":"preven-que-durante-septiembre-comience-el-traslado-de-los-desechos-de-langostinos-2","status":"publish","type":"post","link":"https:\/\/patagoniambiental.com.ar\/info\/preven-que-durante-septiembre-comience-el-traslado-de-los-desechos-de-langostinos-2\/","title":{"rendered":"Prev\u00e9n que durante septiembre comience el traslado de los desechos de langostinos"},"content":{"rendered":"<div class=\"np_titulo\">\n<div id=\"main_body\" class=\"central no-item central_interior rawson,puerto-madryn,regionales\">\n<p id=\"title\">Puerto Madryn.-En septiembre comienzar\u00e1\u00a0el traslado de los desechos de langostinos a la planta de Puerto Madryn. El convenio firmado entre el municipio, la Provincia y las empresas est\u00e1 en etapa de implementaci\u00f3n.<\/p>\n<\/div>\n<\/div>\n<p><!--more--><\/p>\n<div id=\"main_body\" class=\"central no-item central_interior rawson,puerto-madryn,regionales\">\n<div id=\"notas\">\n<div class=\"tapa_contenedort_imagen\">\n<div class=\"tapa_imagen\">\n<div class=\"videoWrapper\"><a class=\"imagenLink\" href=\"http:\/\/www.elchubut.com.ar\/nota\/2017-8-27-15-48-6-preven-que-durante-septiembre-comience-el-traslado-de-los-desechos-de-langostinos\" data-gallery=\"\"><img decoding=\"async\" class=\"panel_imagen\" src=\"http:\/\/pxb.cdn.elchubut.com.ar\/chubut\/082017\/1503859688158.jpg\" \/><\/a><\/div>\n<div class=\"epigrafe\"><\/div>\n<\/div>\n<\/div>\n<div id=\"notapage_texto\" class=\"notapage_cuerpo\">\n<p>\u201cUna vez funcionando la empresa Harinas Patag\u00f3nicas, en septiembre es la idea que veamos camiones llev\u00e1ndose los desechos fuera del ejido municipal de Rawson\u201d, dijo Julio Ib\u00e1\u00f1ez, director general de Medio Ambiente,\u00a0indic\u00f3 que la Municipalidad realiza los tr\u00e1mites pertinentes con el Ministerio de Ambiente de la Provincia y las empresas para que el mes pr\u00f3ximo comience el traslado de los desechos de langostinos a la planta Harinas Patag\u00f3nicas de Puerto Madryn, dando inicio as\u00ed a la implementaci\u00f3n del convenio para que los residuos de las pesqueras dejen de ser depositados en las cavas que se encuentran en el ejido de la capital provincial.<\/p>\n<p>\u201cVenimos trabajando muy fuerte desde el \u00e1rea de Producci\u00f3n y Ambiente de la Municipalidad de Rawson con el Ministerio de Ambiente de la Provincia y las empresas pesqueras de la ciudad para la prohibici\u00f3n del enterramiento de residuos\u201d, dijo Ib\u00e1\u00f1ez consultado por la prensa.<\/p>\n<p>Agreg\u00f3 que \u201cdesde que se firm\u00f3 el convenio, el 31 de julio, se est\u00e1 en una etapa de protocolizaci\u00f3n y otro tipo de cuestiones internas para que las empresas puedan hacer el dep\u00f3sito al que se comprometieron para que pueda funcionar la empresa Harinas Patag\u00f3nicas en Puerto Madryn\u201d.<\/p>\n<p>\u201cEs una etapa que se est\u00e1 cumplimentando -asegur\u00f3- y estimamos que la semana pr\u00f3xima deber\u00edamos empezar a coordinar para que esta empresa venga y busque estos residuos en cada una de las plantas y se lleve los langostinos, como dice la ordenanza, fuera del ejido de Rawson\u201d.<\/p>\n<p>Ib\u00e1\u00f1ez mencion\u00f3 que \u201cel olor de los \u00faltimos d\u00edas es porque el langostino r\u00e1pidamente genera malos olores que percibe la poblaci\u00f3n y, a pesar de que el volumen depositado en las cavas se tap\u00f3, esto marca la necesidad imperiosa de resolver el problema de ra\u00edz, que es que no se puede enterrar este tipo de residuos\u201d.<\/p>\n<p>\u201cPor eso -continu\u00f3- valoramos la importancia estrat\u00e9gica de articular entre el sector p\u00fablico y el sector privado para que lo que nosotros consideramos un desecho se transforme r\u00e1pidamente en un recurso para otra industria, que en este caso es la industria de las harinas\u201d.<\/p>\n<p>En este contexto agreg\u00f3: \u201cQueremos darle tranquilidad al vecino de Rawson de que las im\u00e1genes que quiz\u00e1s vieron en las redes sociales en los \u00faltimos d\u00edas son del lugar donde se tiran y luego se tapan los langostinos, y no era de otro predio en el que las empresas estuvieran tirando de manera clandestina, ni nada parecido. Es el lugar autorizado que por cuestiones operativas no se lleg\u00f3 a tapar en dos d\u00edas del fin de semana anterior, pero que luego se tap\u00f3\u201d.<\/p>\n<p>Precis\u00f3 que \u201ccerca del 50% del langostino es desecho y, si uno considera que en 6 meses de este a\u00f1o ya estamos llegando casi a las 40 mil toneladas, que fue el volumen total del a\u00f1o pasado, claramente son vol\u00famenes muy grandes que es complejo y altamente costoso enterrar. Por eso es interesante pensarlo no como basura sino como insumo para otra industria\u201d.<\/p>\n<p>\u201cHay que asumir que esto que es un desecho podr\u00eda tener otras alternativas mucho m\u00e1s rentables, pero eso ya no depende del sector p\u00fablico sino del sector privado y de la vocaci\u00f3n de hacer inversiones en el territorio\u201d, consider\u00f3.<\/p>\n<p>\u201cNosotros saludamos que esto se pueda transformar en un insumo como harina en la planta de Puerto Madryn. Ser\u00eda deseable que los inversores locales de Rawson empiecen a pensarlo como un potencial generador de inversi\u00f3n para otro tipo de industrias rentables que son posibles, porque en el mundo desde la d\u00e9cada del \u201870 se trabaja con desechos de langostinos y se hacen productos de alto valor agregado. Ac\u00e1 estamos en estado inicial, y pensamos que es la mejor decisi\u00f3n posible que podemos articular\u201d, a\u00f1adi\u00f3.<\/p>\n<p>Y finaliz\u00f3: \u201cLas empresas saben que la ordenanza de prohibici\u00f3n empieza a regir a mediados de septiembre, entonces saben que la Municipalidad les ha dado las concesiones necesarias para que desde el sector privado ajusten las condiciones para este tema. Una vez funcionando la empresa Harinas Patag\u00f3nicas, en septiembre es la idea que veamos camiones llev\u00e1ndose los desechos de langostinos fuera del ejido municipal de Rawson\u201d.<\/p>\n<p>Fuente: El Chubut\n<\/p><\/div>\n<\/div>\n<\/div>\n","protected":false},"excerpt":{"rendered":"<p>Puerto Madryn.-En septiembre comienzar\u00e1\u00a0el traslado de los desechos de langostinos a la planta de Puerto Madryn. El convenio firmado entre [&hellip;]<\/p>\n","protected":false},"author":2,"featured_media":33923,"comment_status":"open","ping_status":"open","sticky":false,"template":"","format":"standard","meta":{"site-sidebar-layout":"default","site-content-layout":"","ast-site-content-layout":"default","site-content-style":"default","site-sidebar-style":"default","ast-global-header-display":"","ast-banner-title-visibility":"","ast-main-header-display":"","ast-hfb-above-header-display":"","ast-hfb-below-header-display":"","ast-hfb-mobile-header-display":"","site-post-title":"","ast-breadcrumbs-content":"","ast-featured-img":"","footer-sml-layout":"","ast-disable-related-posts":"","theme-transparent-header-meta":"","adv-header-id-meta":"","stick-header-meta":"","header-above-stick-meta":"","header-main-stick-meta":"","header-below-stick-meta":"","astra-migrate-meta-layouts":"default","ast-page-background-enabled":"default","ast-page-background-meta":{"desktop":{"background-color":"var(--ast-global-color-5)","background-image":"","background-repeat":"repeat","background-position":"center center","background-size":"auto","background-attachment":"scroll","background-type":"","background-media":"","overlay-type":"","overlay-color":"","overlay-opacity":"","overlay-gradient":""},"tablet":{"background-color":"","background-image":"","background-repeat":"repeat","background-position":"center center","background-size":"auto","background-attachment":"scroll","background-type":"","background-media":"","overlay-type":"","overlay-color":"","overlay-opacity":"","overlay-gradient":""},"mobile":{"background-color":"","background-image":"","background-repeat":"repeat","background-position":"center center","background-size":"auto","background-attachment":"scroll","background-type":"","background-media":"","overlay-type":"","overlay-color":"","overlay-opacity":"","overlay-gradient":""}},"ast-content-background-meta":{"desktop":{"background-color":"var(--ast-global-color-4)","background-image":"","background-repeat":"repeat","background-position":"center center","background-size":"auto","background-attachment":"scroll","background-type":"","background-media":"","overlay-type":"","overlay-color":"","overlay-opacity":"","overlay-gradient":""},"tablet":{"background-color":"var(--ast-global-color-4)","background-image":"","background-repeat":"repeat","background-position":"center center","background-size":"auto","background-attachment":"scroll","background-type":"","background-media":"","overlay-type":"","overlay-color":"","overlay-opacity":"","overlay-gradient":""},"mobile":{"background-color":"var(--ast-global-color-4)","background-image":"","background-repeat":"repeat","background-position":"center center","background-size":"auto","background-attachment":"scroll","background-type":"","background-media":"","overlay-type":"","overlay-color":"","overlay-opacity":"","overlay-gradient":""}},"footnotes":""},"categories":[16,1],"tags":[],"class_list":["post-33922","post","type-post","status-publish","format-standard","has-post-thumbnail","hentry","category-municipales","category-noticias"],"yoast_head":"<!-- This site is optimized with the Yoast SEO Premium plugin v23.0 (Yoast SEO v27.4) - https:\/\/yoast.com\/product\/yoast-seo-premium-wordpress\/ -->\n<title>Prev\u00e9n que durante septiembre comience el traslado de los desechos de langostinos<\/title>\n<meta name=\"robots\" content=\"index, follow, max-snippet:-1, max-image-preview:large, max-video-preview:-1\" \/>\n<link rel=\"canonical\" href=\"https:\/\/patagoniambiental.com.ar\/info\/preven-que-durante-septiembre-comience-el-traslado-de-los-desechos-de-langostinos-2\/\" \/>\n<meta property=\"og:locale\" content=\"es_ES\" \/>\n<meta property=\"og:type\" content=\"article\" \/>\n<meta property=\"og:title\" content=\"Prev\u00e9n que durante septiembre comience el traslado de los desechos de langostinos\" \/>\n<meta property=\"og:description\" content=\"Puerto Madryn.-En septiembre comienzar\u00e1\u00a0el traslado de los desechos de langostinos a la planta de Puerto Madryn. El convenio firmado entre [&hellip;]\" \/>\n<meta property=\"og:url\" content=\"https:\/\/patagoniambiental.com.ar\/info\/preven-que-durante-septiembre-comience-el-traslado-de-los-desechos-de-langostinos-2\/\" \/>\n<meta property=\"og:site_name\" content=\"Patagonia Ambiental\" \/>\n<meta property=\"article:publisher\" content=\"https:\/\/www.facebook.com\/patagonia.ambiental\" \/>\n<meta property=\"article:author\" content=\"https:\/\/www.facebook.com\/share\/1C1V8Gv9BX\/?mibextid=qi2Omg\" \/>\n<meta property=\"article:published_time\" content=\"2017-08-28T22:00:23+00:00\" \/>\n<meta property=\"og:image\" content=\"https:\/\/patagoniambiental.com.ar\/info\/wp-content\/uploads\/2017\/08\/1503859688158.jpg\" \/>\n\t<meta property=\"og:image:width\" content=\"720\" \/>\n\t<meta property=\"og:image:height\" content=\"439\" \/>\n\t<meta property=\"og:image:type\" content=\"image\/jpeg\" \/>\n<meta name=\"author\" content=\"Patagonia Ambiental\" \/>\n<meta name=\"twitter:card\" content=\"summary_large_image\" \/>\n<meta name=\"twitter:creator\" content=\"@PatAmb\" \/>\n<meta name=\"twitter:site\" content=\"@PatAmb\" \/>\n<script type=\"application\/ld+json\" class=\"yoast-schema-graph\">{\"@context\":\"https:\\\/\\\/schema.org\",\"@graph\":[{\"@type\":\"Article\",\"@id\":\"https:\\\/\\\/patagoniambiental.com.ar\\\/info\\\/preven-que-durante-septiembre-comience-el-traslado-de-los-desechos-de-langostinos-2\\\/#article\",\"isPartOf\":{\"@id\":\"https:\\\/\\\/patagoniambiental.com.ar\\\/info\\\/preven-que-durante-septiembre-comience-el-traslado-de-los-desechos-de-langostinos-2\\\/\"},\"author\":{\"name\":\"Patagonia Ambiental\",\"@id\":\"https:\\\/\\\/patagoniambiental.com.ar\\\/info\\\/#\\\/schema\\\/person\\\/db12bff64bbcbf6a253710bf0ea37b5d\"},\"headline\":\"Prev\u00e9n que durante septiembre comience el traslado de los desechos de langostinos\",\"datePublished\":\"2017-08-28T22:00:23+00:00\",\"mainEntityOfPage\":{\"@id\":\"https:\\\/\\\/patagoniambiental.com.ar\\\/info\\\/preven-que-durante-septiembre-comience-el-traslado-de-los-desechos-de-langostinos-2\\\/\"},\"wordCount\":768,\"commentCount\":0,\"publisher\":{\"@id\":\"https:\\\/\\\/patagoniambiental.com.ar\\\/info\\\/#organization\"},\"image\":{\"@id\":\"https:\\\/\\\/patagoniambiental.com.ar\\\/info\\\/preven-que-durante-septiembre-comience-el-traslado-de-los-desechos-de-langostinos-2\\\/#primaryimage\"},\"thumbnailUrl\":\"https:\\\/\\\/patagoniambiental.com.ar\\\/info\\\/wp-content\\\/uploads\\\/2017\\\/08\\\/1503859688158.jpg\",\"articleSection\":[\"Municipales\",\"Noticias\"],\"inLanguage\":\"es\",\"potentialAction\":[{\"@type\":\"CommentAction\",\"name\":\"Comment\",\"target\":[\"https:\\\/\\\/patagoniambiental.com.ar\\\/info\\\/preven-que-durante-septiembre-comience-el-traslado-de-los-desechos-de-langostinos-2\\\/#respond\"]}]},{\"@type\":\"WebPage\",\"@id\":\"https:\\\/\\\/patagoniambiental.com.ar\\\/info\\\/preven-que-durante-septiembre-comience-el-traslado-de-los-desechos-de-langostinos-2\\\/\",\"url\":\"https:\\\/\\\/patagoniambiental.com.ar\\\/info\\\/preven-que-durante-septiembre-comience-el-traslado-de-los-desechos-de-langostinos-2\\\/\",\"name\":\"Prev\u00e9n que durante septiembre comience el traslado de los desechos de langostinos\",\"isPartOf\":{\"@id\":\"https:\\\/\\\/patagoniambiental.com.ar\\\/info\\\/#website\"},\"primaryImageOfPage\":{\"@id\":\"https:\\\/\\\/patagoniambiental.com.ar\\\/info\\\/preven-que-durante-septiembre-comience-el-traslado-de-los-desechos-de-langostinos-2\\\/#primaryimage\"},\"image\":{\"@id\":\"https:\\\/\\\/patagoniambiental.com.ar\\\/info\\\/preven-que-durante-septiembre-comience-el-traslado-de-los-desechos-de-langostinos-2\\\/#primaryimage\"},\"thumbnailUrl\":\"https:\\\/\\\/patagoniambiental.com.ar\\\/info\\\/wp-content\\\/uploads\\\/2017\\\/08\\\/1503859688158.jpg\",\"datePublished\":\"2017-08-28T22:00:23+00:00\",\"breadcrumb\":{\"@id\":\"https:\\\/\\\/patagoniambiental.com.ar\\\/info\\\/preven-que-durante-septiembre-comience-el-traslado-de-los-desechos-de-langostinos-2\\\/#breadcrumb\"},\"inLanguage\":\"es\",\"potentialAction\":[{\"@type\":\"ReadAction\",\"target\":[\"https:\\\/\\\/patagoniambiental.com.ar\\\/info\\\/preven-que-durante-septiembre-comience-el-traslado-de-los-desechos-de-langostinos-2\\\/\"]}]},{\"@type\":\"ImageObject\",\"inLanguage\":\"es\",\"@id\":\"https:\\\/\\\/patagoniambiental.com.ar\\\/info\\\/preven-que-durante-septiembre-comience-el-traslado-de-los-desechos-de-langostinos-2\\\/#primaryimage\",\"url\":\"https:\\\/\\\/patagoniambiental.com.ar\\\/info\\\/wp-content\\\/uploads\\\/2017\\\/08\\\/1503859688158.jpg\",\"contentUrl\":\"https:\\\/\\\/patagoniambiental.com.ar\\\/info\\\/wp-content\\\/uploads\\\/2017\\\/08\\\/1503859688158.jpg\",\"width\":720,\"height\":439},{\"@type\":\"BreadcrumbList\",\"@id\":\"https:\\\/\\\/patagoniambiental.com.ar\\\/info\\\/preven-que-durante-septiembre-comience-el-traslado-de-los-desechos-de-langostinos-2\\\/#breadcrumb\",\"itemListElement\":[{\"@type\":\"ListItem\",\"position\":1,\"name\":\"Inicio\",\"item\":\"https:\\\/\\\/patagoniambiental.com.ar\\\/info\\\/\"},{\"@type\":\"ListItem\",\"position\":2,\"name\":\"Prev\u00e9n que durante septiembre comience el traslado de los desechos de langostinos\"}]},{\"@type\":\"WebSite\",\"@id\":\"https:\\\/\\\/patagoniambiental.com.ar\\\/info\\\/#website\",\"url\":\"https:\\\/\\\/patagoniambiental.com.ar\\\/info\\\/\",\"name\":\"Patagonia Ambiental\",\"description\":\"Monitoreo y an\u00e1lisis de la situaci\u00f3n geopol\u00edtica en el mundo y su implicancia en la Patagonia\",\"publisher\":{\"@id\":\"https:\\\/\\\/patagoniambiental.com.ar\\\/info\\\/#organization\"},\"potentialAction\":[{\"@type\":\"SearchAction\",\"target\":{\"@type\":\"EntryPoint\",\"urlTemplate\":\"https:\\\/\\\/patagoniambiental.com.ar\\\/info\\\/?s={search_term_string}\"},\"query-input\":{\"@type\":\"PropertyValueSpecification\",\"valueRequired\":true,\"valueName\":\"search_term_string\"}}],\"inLanguage\":\"es\"},{\"@type\":\"Organization\",\"@id\":\"https:\\\/\\\/patagoniambiental.com.ar\\\/info\\\/#organization\",\"name\":\"Patagonia Ambiental\",\"url\":\"https:\\\/\\\/patagoniambiental.com.ar\\\/info\\\/\",\"logo\":{\"@type\":\"ImageObject\",\"inLanguage\":\"es\",\"@id\":\"https:\\\/\\\/patagoniambiental.com.ar\\\/info\\\/#\\\/schema\\\/logo\\\/image\\\/\",\"url\":\"https:\\\/\\\/patagoniambiental.com.ar\\\/info\\\/wp-content\\\/uploads\\\/2025\\\/05\\\/LOGO-PATAGONIA-AMBIENTAL.png\",\"contentUrl\":\"https:\\\/\\\/patagoniambiental.com.ar\\\/info\\\/wp-content\\\/uploads\\\/2025\\\/05\\\/LOGO-PATAGONIA-AMBIENTAL.png\",\"width\":433,\"height\":250,\"caption\":\"Patagonia Ambiental\"},\"image\":{\"@id\":\"https:\\\/\\\/patagoniambiental.com.ar\\\/info\\\/#\\\/schema\\\/logo\\\/image\\\/\"},\"sameAs\":[\"https:\\\/\\\/www.facebook.com\\\/patagonia.ambiental\",\"https:\\\/\\\/x.com\\\/PatAmb\"]},{\"@type\":\"Person\",\"@id\":\"https:\\\/\\\/patagoniambiental.com.ar\\\/info\\\/#\\\/schema\\\/person\\\/db12bff64bbcbf6a253710bf0ea37b5d\",\"name\":\"Patagonia Ambiental\",\"description\":\"Andr\u00e9s Nievas T\u00e9cnico en manejo ambiental, consultor Ambiental y escritor para medios locales e internacionales sobre temas de geopolitica y medio ambiente.\",\"sameAs\":[\"http:\\\/\\\/www.patagoniambiental.com.ar\",\"https:\\\/\\\/www.facebook.com\\\/share\\\/1C1V8Gv9BX\\\/?mibextid=qi2Omg\",\"@patagoniambiental\",\"https:\\\/\\\/youtube.com\\\/@patagoniaambiental2023?si=BLt58t0wuXquxlYZ\"]}]}<\/script>\n<!-- \/ Yoast SEO Premium plugin. -->","yoast_head_json":{"title":"Prev\u00e9n que durante septiembre comience el traslado de los desechos de langostinos","robots":{"index":"index","follow":"follow","max-snippet":"max-snippet:-1","max-image-preview":"max-image-preview:large","max-video-preview":"max-video-preview:-1"},"canonical":"https:\/\/patagoniambiental.com.ar\/info\/preven-que-durante-septiembre-comience-el-traslado-de-los-desechos-de-langostinos-2\/","og_locale":"es_ES","og_type":"article","og_title":"Prev\u00e9n que durante septiembre comience el traslado de los desechos de langostinos","og_description":"Puerto Madryn.-En septiembre comienzar\u00e1\u00a0el traslado de los desechos de langostinos a la planta de Puerto Madryn. El convenio firmado entre [&hellip;]","og_url":"https:\/\/patagoniambiental.com.ar\/info\/preven-que-durante-septiembre-comience-el-traslado-de-los-desechos-de-langostinos-2\/","og_site_name":"Patagonia Ambiental","article_publisher":"https:\/\/www.facebook.com\/patagonia.ambiental","article_author":"https:\/\/www.facebook.com\/share\/1C1V8Gv9BX\/?mibextid=qi2Omg","article_published_time":"2017-08-28T22:00:23+00:00","og_image":[{"width":720,"height":439,"url":"https:\/\/patagoniambiental.com.ar\/info\/wp-content\/uploads\/2017\/08\/1503859688158.jpg","type":"image\/jpeg"}],"author":"Patagonia Ambiental","twitter_card":"summary_large_image","twitter_creator":"@PatAmb","twitter_site":"@PatAmb","schema":{"@context":"https:\/\/schema.org","@graph":[{"@type":"Article","@id":"https:\/\/patagoniambiental.com.ar\/info\/preven-que-durante-septiembre-comience-el-traslado-de-los-desechos-de-langostinos-2\/#article","isPartOf":{"@id":"https:\/\/patagoniambiental.com.ar\/info\/preven-que-durante-septiembre-comience-el-traslado-de-los-desechos-de-langostinos-2\/"},"author":{"name":"Patagonia Ambiental","@id":"https:\/\/patagoniambiental.com.ar\/info\/#\/schema\/person\/db12bff64bbcbf6a253710bf0ea37b5d"},"headline":"Prev\u00e9n que durante septiembre comience el traslado de los desechos de langostinos","datePublished":"2017-08-28T22:00:23+00:00","mainEntityOfPage":{"@id":"https:\/\/patagoniambiental.com.ar\/info\/preven-que-durante-septiembre-comience-el-traslado-de-los-desechos-de-langostinos-2\/"},"wordCount":768,"commentCount":0,"publisher":{"@id":"https:\/\/patagoniambiental.com.ar\/info\/#organization"},"image":{"@id":"https:\/\/patagoniambiental.com.ar\/info\/preven-que-durante-septiembre-comience-el-traslado-de-los-desechos-de-langostinos-2\/#primaryimage"},"thumbnailUrl":"https:\/\/patagoniambiental.com.ar\/info\/wp-content\/uploads\/2017\/08\/1503859688158.jpg","articleSection":["Municipales","Noticias"],"inLanguage":"es","potentialAction":[{"@type":"CommentAction","name":"Comment","target":["https:\/\/patagoniambiental.com.ar\/info\/preven-que-durante-septiembre-comience-el-traslado-de-los-desechos-de-langostinos-2\/#respond"]}]},{"@type":"WebPage","@id":"https:\/\/patagoniambiental.com.ar\/info\/preven-que-durante-septiembre-comience-el-traslado-de-los-desechos-de-langostinos-2\/","url":"https:\/\/patagoniambiental.com.ar\/info\/preven-que-durante-septiembre-comience-el-traslado-de-los-desechos-de-langostinos-2\/","name":"Prev\u00e9n que durante septiembre comience el traslado de los desechos de langostinos","isPartOf":{"@id":"https:\/\/patagoniambiental.com.ar\/info\/#website"},"primaryImageOfPage":{"@id":"https:\/\/patagoniambiental.com.ar\/info\/preven-que-durante-septiembre-comience-el-traslado-de-los-desechos-de-langostinos-2\/#primaryimage"},"image":{"@id":"https:\/\/patagoniambiental.com.ar\/info\/preven-que-durante-septiembre-comience-el-traslado-de-los-desechos-de-langostinos-2\/#primaryimage"},"thumbnailUrl":"https:\/\/patagoniambiental.com.ar\/info\/wp-content\/uploads\/2017\/08\/1503859688158.jpg","datePublished":"2017-08-28T22:00:23+00:00","breadcrumb":{"@id":"https:\/\/patagoniambiental.com.ar\/info\/preven-que-durante-septiembre-comience-el-traslado-de-los-desechos-de-langostinos-2\/#breadcrumb"},"inLanguage":"es","potentialAction":[{"@type":"ReadAction","target":["https:\/\/patagoniambiental.com.ar\/info\/preven-que-durante-septiembre-comience-el-traslado-de-los-desechos-de-langostinos-2\/"]}]},{"@type":"ImageObject","inLanguage":"es","@id":"https:\/\/patagoniambiental.com.ar\/info\/preven-que-durante-septiembre-comience-el-traslado-de-los-desechos-de-langostinos-2\/#primaryimage","url":"https:\/\/patagoniambiental.com.ar\/info\/wp-content\/uploads\/2017\/08\/1503859688158.jpg","contentUrl":"https:\/\/patagoniambiental.com.ar\/info\/wp-content\/uploads\/2017\/08\/1503859688158.jpg","width":720,"height":439},{"@type":"BreadcrumbList","@id":"https:\/\/patagoniambiental.com.ar\/info\/preven-que-durante-septiembre-comience-el-traslado-de-los-desechos-de-langostinos-2\/#breadcrumb","itemListElement":[{"@type":"ListItem","position":1,"name":"Inicio","item":"https:\/\/patagoniambiental.com.ar\/info\/"},{"@type":"ListItem","position":2,"name":"Prev\u00e9n que durante septiembre comience el traslado de los desechos de langostinos"}]},{"@type":"WebSite","@id":"https:\/\/patagoniambiental.com.ar\/info\/#website","url":"https:\/\/patagoniambiental.com.ar\/info\/","name":"Patagonia Ambiental","description":"Monitoreo y an\u00e1lisis de la situaci\u00f3n geopol\u00edtica en el mundo y su implicancia en la Patagonia","publisher":{"@id":"https:\/\/patagoniambiental.com.ar\/info\/#organization"},"potentialAction":[{"@type":"SearchAction","target":{"@type":"EntryPoint","urlTemplate":"https:\/\/patagoniambiental.com.ar\/info\/?s={search_term_string}"},"query-input":{"@type":"PropertyValueSpecification","valueRequired":true,"valueName":"search_term_string"}}],"inLanguage":"es"},{"@type":"Organization","@id":"https:\/\/patagoniambiental.com.ar\/info\/#organization","name":"Patagonia Ambiental","url":"https:\/\/patagoniambiental.com.ar\/info\/","logo":{"@type":"ImageObject","inLanguage":"es","@id":"https:\/\/patagoniambiental.com.ar\/info\/#\/schema\/logo\/image\/","url":"https:\/\/patagoniambiental.com.ar\/info\/wp-content\/uploads\/2025\/05\/LOGO-PATAGONIA-AMBIENTAL.png","contentUrl":"https:\/\/patagoniambiental.com.ar\/info\/wp-content\/uploads\/2025\/05\/LOGO-PATAGONIA-AMBIENTAL.png","width":433,"height":250,"caption":"Patagonia Ambiental"},"image":{"@id":"https:\/\/patagoniambiental.com.ar\/info\/#\/schema\/logo\/image\/"},"sameAs":["https:\/\/www.facebook.com\/patagonia.ambiental","https:\/\/x.com\/PatAmb"]},{"@type":"Person","@id":"https:\/\/patagoniambiental.com.ar\/info\/#\/schema\/person\/db12bff64bbcbf6a253710bf0ea37b5d","name":"Patagonia Ambiental","description":"Andr\u00e9s Nievas T\u00e9cnico en manejo ambiental, consultor Ambiental y escritor para medios locales e internacionales sobre temas de geopolitica y medio ambiente.","sameAs":["http:\/\/www.patagoniambiental.com.ar","https:\/\/www.facebook.com\/share\/1C1V8Gv9BX\/?mibextid=qi2Omg","@patagoniambiental","https:\/\/youtube.com\/@patagoniaambiental2023?si=BLt58t0wuXquxlYZ"]}]}},"_links":{"self":[{"href":"https:\/\/patagoniambiental.com.ar\/info\/wp-json\/wp\/v2\/posts\/33922","targetHints":{"allow":["GET"]}}],"collection":[{"href":"https:\/\/patagoniambiental.com.ar\/info\/wp-json\/wp\/v2\/posts"}],"about":[{"href":"https:\/\/patagoniambiental.com.ar\/info\/wp-json\/wp\/v2\/types\/post"}],"author":[{"embeddable":true,"href":"https:\/\/patagoniambiental.com.ar\/info\/wp-json\/wp\/v2\/users\/2"}],"replies":[{"embeddable":true,"href":"https:\/\/patagoniambiental.com.ar\/info\/wp-json\/wp\/v2\/comments?post=33922"}],"version-history":[{"count":0,"href":"https:\/\/patagoniambiental.com.ar\/info\/wp-json\/wp\/v2\/posts\/33922\/revisions"}],"wp:featuredmedia":[{"embeddable":true,"href":"https:\/\/patagoniambiental.com.ar\/info\/wp-json\/wp\/v2\/media\/33923"}],"wp:attachment":[{"href":"https:\/\/patagoniambiental.com.ar\/info\/wp-json\/wp\/v2\/media?parent=33922"}],"wp:term":[{"taxonomy":"category","embeddable":true,"href":"https:\/\/patagoniambiental.com.ar\/info\/wp-json\/wp\/v2\/categories?post=33922"},{"taxonomy":"post_tag","embeddable":true,"href":"https:\/\/patagoniambiental.com.ar\/info\/wp-json\/wp\/v2\/tags?post=33922"}],"curies":[{"name":"wp","href":"https:\/\/api.w.org\/{rel}","templated":true}]}}