{"id":33927,"date":"2017-08-28T19:00:30","date_gmt":"2017-08-28T22:00:30","guid":{"rendered":"http:\/\/patagoniambiental.com.ar\/info\/?p=33927"},"modified":"2017-08-28T15:47:31","modified_gmt":"2017-08-28T18:47:31","slug":"luego-del-temporal-el-gobernador-anuncio-la-construccion-de-viviendas-para-las-victimas-del-incendio-en-cipolletti","status":"publish","type":"post","link":"https:\/\/patagoniambiental.com.ar\/info\/luego-del-temporal-el-gobernador-anuncio-la-construccion-de-viviendas-para-las-victimas-del-incendio-en-cipolletti\/","title":{"rendered":"Luego del temporal  El Gobernador anunci\u00f3 la construcci\u00f3n de viviendas para las v\u00edctimas del incendio en Cipolletti"},"content":{"rendered":"<p class=\"x_MsoNormal\"><i>Cipolletti.-Tras recorrer el lugar y dialogar con las familias afectadas, el gobernador Alberto Weretilneck asegur\u00f3 la asistencia de la Provincia para la reconstrucci\u00f3n de las nueve viviendas que quedaron destruidas y la reposici\u00f3n de los animales perdidos.<\/i><br \/>\n<!--more--><\/p>\n<p class=\"x_MsoNormal\">El Mandatario realiz\u00f3 el recorrido junto al ministro de Agricultura, Ganader\u00eda y Pesca, Alberto Diomedi y la secretaria de Promoci\u00f3n y Protecci\u00f3n de Derechos Sociales, Patricia Fern\u00e1ndez.<\/p>\n<p class=\"x_MsoNormal\">El fen\u00f3meno clim\u00e1tico del martes pasado fue muy duro con las familias asentadas en la zona rural de Santa Elena, ubicada al norte de Cipolletti. El viento (que al momento de desatarse el incendio promediaba los 100 km\/h), empuj\u00f3 las llamas r\u00e1pidamente y no tuvieron tiempo de nada. Los pobladores apenas pudieron salir con lo puesto y las p\u00e9rdidas fueron totales: las viviendas, herramientas de trabajo, animales.<\/p>\n<p class=\"x_MsoNormal\">Weretilneck anunci\u00f3 la construcci\u00f3n de nueve viviendas para quienes sufrieron esta contingencia y prometi\u00f3 que los tr\u00e1ileres (equipados con cocinas, heladeras, ba\u00f1os y dormitorios) permanecer\u00e1n en el lugar hasta que las casas est\u00e9n terminadas.<\/p>\n<p class=\"x_MsoNormal\">El principal sustento de las familias era la ganader\u00eda en peque\u00f1a escala, por lo que el Gobernador dio instrucciones a Diomedi para que tramite la entrega de animales (ovejas, chivos, cerdos), y alimentos para que puedan retomar su actividad en el menor tiempo posible. Tambi\u00e9n habr\u00e1 asistencia para la reconstrucci\u00f3n de los corrales y los predios de crianza. Y requiri\u00f3 a Desarrollo Social subsidios de emergencia que permitan a estas nueve familias cubrir sus necesidades.<\/p>\n<p class=\"x_MsoNormal\">Tambi\u00e9n particip\u00f3 de la recorrida el delegado del Departamento Provincial de Aguas, Claudio Celis, quien se comprometi\u00f3 a mejorar la distribuci\u00f3n de agua potable en el sector; y los responsables del Registro Civil, quienes hicieron el relevamiento para tramitar la documentaci\u00f3n que se perdi\u00f3 entre las llamas.<\/p>\n<p><b><span lang=\"ES-AR\">Fuente: GOBIERNO DE R\u00cdO NEGRO<\/span><\/b><\/p>\n","protected":false},"excerpt":{"rendered":"<p>Cipolletti.-Tras recorrer el lugar y dialogar con las familias afectadas, el gobernador Alberto Weretilneck asegur\u00f3 la asistencia de la Provincia [&hellip;]<\/p>\n","protected":false},"author":2,"featured_media":33928,"comment_status":"open","ping_status":"open","sticky":false,"template":"","format":"standard","meta":{"site-sidebar-layout":"default","site-content-layout":"","ast-site-content-layout":"default","site-content-style":"default","site-sidebar-style":"default","ast-global-header-display":"","ast-banner-title-visibility":"","ast-main-header-display":"","ast-hfb-above-header-display":"","ast-hfb-below-header-display":"","ast-hfb-mobile-header-display":"","site-post-title":"","ast-breadcrumbs-content":"","ast-featured-img":"","footer-sml-layout":"","ast-disable-related-posts":"","theme-transparent-header-meta":"","adv-header-id-meta":"","stick-header-meta":"","header-above-stick-meta":"","header-main-stick-meta":"","header-below-stick-meta":"","astra-migrate-meta-layouts":"default","ast-page-background-enabled":"default","ast-page-background-meta":{"desktop":{"background-color":"var(--ast-global-color-5)","background-image":"","background-repeat":"repeat","background-position":"center center","background-size":"auto","background-attachment":"scroll","background-type":"","background-media":"","overlay-type":"","overlay-color":"","overlay-opacity":"","overlay-gradient":""},"tablet":{"background-color":"","background-image":"","background-repeat":"repeat","background-position":"center center","background-size":"auto","background-attachment":"scroll","background-type":"","background-media":"","overlay-type":"","overlay-color":"","overlay-opacity":"","overlay-gradient":""},"mobile":{"background-color":"","background-image":"","background-repeat":"repeat","background-position":"center center","background-size":"auto","background-attachment":"scroll","background-type":"","background-media":"","overlay-type":"","overlay-color":"","overlay-opacity":"","overlay-gradient":""}},"ast-content-background-meta":{"desktop":{"background-color":"var(--ast-global-color-4)","background-image":"","background-repeat":"repeat","background-position":"center center","background-size":"auto","background-attachment":"scroll","background-type":"","background-media":"","overlay-type":"","overlay-color":"","overlay-opacity":"","overlay-gradient":""},"tablet":{"background-color":"var(--ast-global-color-4)","background-image":"","background-repeat":"repeat","background-position":"center center","background-size":"auto","background-attachment":"scroll","background-type":"","background-media":"","overlay-type":"","overlay-color":"","overlay-opacity":"","overlay-gradient":""},"mobile":{"background-color":"var(--ast-global-color-4)","background-image":"","background-repeat":"repeat","background-position":"center center","background-size":"auto","background-attachment":"scroll","background-type":"","background-media":"","overlay-type":"","overlay-color":"","overlay-opacity":"","overlay-gradient":""}},"footnotes":""},"categories":[1,13,14],"tags":[],"class_list":["post-33927","post","type-post","status-publish","format-standard","has-post-thumbnail","hentry","category-noticias","category-provinciales","category-rio-negro"],"yoast_head":"<!-- This site is optimized with the Yoast SEO Premium plugin v23.0 (Yoast SEO v27.5) - https:\/\/yoast.com\/product\/yoast-seo-premium-wordpress\/ -->\n<title>Luego del temporal El Gobernador anunci\u00f3 la construcci\u00f3n de viviendas para las v\u00edctimas del incendio en Cipolletti<\/title>\n<meta name=\"robots\" content=\"index, follow, max-snippet:-1, max-image-preview:large, max-video-preview:-1\" \/>\n<link rel=\"canonical\" href=\"https:\/\/patagoniambiental.com.ar\/info\/luego-del-temporal-el-gobernador-anuncio-la-construccion-de-viviendas-para-las-victimas-del-incendio-en-cipolletti\/\" \/>\n<meta property=\"og:locale\" content=\"es_ES\" \/>\n<meta property=\"og:type\" content=\"article\" \/>\n<meta property=\"og:title\" content=\"Luego del temporal El Gobernador anunci\u00f3 la construcci\u00f3n de viviendas para las v\u00edctimas del incendio en Cipolletti\" \/>\n<meta property=\"og:description\" content=\"Cipolletti.-Tras recorrer el lugar y dialogar con las familias afectadas, el gobernador Alberto Weretilneck asegur\u00f3 la asistencia de la Provincia [&hellip;]\" \/>\n<meta property=\"og:url\" content=\"https:\/\/patagoniambiental.com.ar\/info\/luego-del-temporal-el-gobernador-anuncio-la-construccion-de-viviendas-para-las-victimas-del-incendio-en-cipolletti\/\" \/>\n<meta property=\"og:site_name\" content=\"Patagonia Ambiental\" \/>\n<meta property=\"article:publisher\" content=\"https:\/\/www.facebook.com\/patagonia.ambiental\" \/>\n<meta property=\"article:author\" content=\"https:\/\/www.facebook.com\/share\/1C1V8Gv9BX\/?mibextid=qi2Omg\" \/>\n<meta property=\"article:published_time\" content=\"2017-08-28T22:00:30+00:00\" \/>\n<meta property=\"og:image\" content=\"https:\/\/patagoniambiental.com.ar\/info\/wp-content\/uploads\/2017\/08\/00030071.jpg\" \/>\n\t<meta property=\"og:image:width\" content=\"924\" \/>\n\t<meta property=\"og:image:height\" content=\"616\" \/>\n\t<meta property=\"og:image:type\" content=\"image\/jpeg\" \/>\n<meta name=\"author\" content=\"Patagonia Ambiental\" \/>\n<meta name=\"twitter:card\" content=\"summary_large_image\" \/>\n<meta name=\"twitter:creator\" content=\"@PatAmb\" \/>\n<meta name=\"twitter:site\" content=\"@PatAmb\" \/>\n<script type=\"application\/ld+json\" class=\"yoast-schema-graph\">{\"@context\":\"https:\\\/\\\/schema.org\",\"@graph\":[{\"@type\":\"Article\",\"@id\":\"https:\\\/\\\/patagoniambiental.com.ar\\\/info\\\/luego-del-temporal-el-gobernador-anuncio-la-construccion-de-viviendas-para-las-victimas-del-incendio-en-cipolletti\\\/#article\",\"isPartOf\":{\"@id\":\"https:\\\/\\\/patagoniambiental.com.ar\\\/info\\\/luego-del-temporal-el-gobernador-anuncio-la-construccion-de-viviendas-para-las-victimas-del-incendio-en-cipolletti\\\/\"},\"author\":{\"name\":\"Patagonia Ambiental\",\"@id\":\"https:\\\/\\\/patagoniambiental.com.ar\\\/info\\\/#\\\/schema\\\/person\\\/db12bff64bbcbf6a253710bf0ea37b5d\"},\"headline\":\"Luego del temporal El Gobernador anunci\u00f3 la construcci\u00f3n de viviendas para las v\u00edctimas del incendio en Cipolletti\",\"datePublished\":\"2017-08-28T22:00:30+00:00\",\"mainEntityOfPage\":{\"@id\":\"https:\\\/\\\/patagoniambiental.com.ar\\\/info\\\/luego-del-temporal-el-gobernador-anuncio-la-construccion-de-viviendas-para-las-victimas-del-incendio-en-cipolletti\\\/\"},\"wordCount\":335,\"commentCount\":0,\"publisher\":{\"@id\":\"https:\\\/\\\/patagoniambiental.com.ar\\\/info\\\/#organization\"},\"image\":{\"@id\":\"https:\\\/\\\/patagoniambiental.com.ar\\\/info\\\/luego-del-temporal-el-gobernador-anuncio-la-construccion-de-viviendas-para-las-victimas-del-incendio-en-cipolletti\\\/#primaryimage\"},\"thumbnailUrl\":\"https:\\\/\\\/patagoniambiental.com.ar\\\/info\\\/wp-content\\\/uploads\\\/2017\\\/08\\\/00030071.jpg\",\"articleSection\":[\"Noticias\",\"Provinciales\",\"R\u00edo Negro\"],\"inLanguage\":\"es\",\"potentialAction\":[{\"@type\":\"CommentAction\",\"name\":\"Comment\",\"target\":[\"https:\\\/\\\/patagoniambiental.com.ar\\\/info\\\/luego-del-temporal-el-gobernador-anuncio-la-construccion-de-viviendas-para-las-victimas-del-incendio-en-cipolletti\\\/#respond\"]}]},{\"@type\":\"WebPage\",\"@id\":\"https:\\\/\\\/patagoniambiental.com.ar\\\/info\\\/luego-del-temporal-el-gobernador-anuncio-la-construccion-de-viviendas-para-las-victimas-del-incendio-en-cipolletti\\\/\",\"url\":\"https:\\\/\\\/patagoniambiental.com.ar\\\/info\\\/luego-del-temporal-el-gobernador-anuncio-la-construccion-de-viviendas-para-las-victimas-del-incendio-en-cipolletti\\\/\",\"name\":\"Luego del temporal El Gobernador anunci\u00f3 la construcci\u00f3n de viviendas para las v\u00edctimas del incendio en Cipolletti\",\"isPartOf\":{\"@id\":\"https:\\\/\\\/patagoniambiental.com.ar\\\/info\\\/#website\"},\"primaryImageOfPage\":{\"@id\":\"https:\\\/\\\/patagoniambiental.com.ar\\\/info\\\/luego-del-temporal-el-gobernador-anuncio-la-construccion-de-viviendas-para-las-victimas-del-incendio-en-cipolletti\\\/#primaryimage\"},\"image\":{\"@id\":\"https:\\\/\\\/patagoniambiental.com.ar\\\/info\\\/luego-del-temporal-el-gobernador-anuncio-la-construccion-de-viviendas-para-las-victimas-del-incendio-en-cipolletti\\\/#primaryimage\"},\"thumbnailUrl\":\"https:\\\/\\\/patagoniambiental.com.ar\\\/info\\\/wp-content\\\/uploads\\\/2017\\\/08\\\/00030071.jpg\",\"datePublished\":\"2017-08-28T22:00:30+00:00\",\"breadcrumb\":{\"@id\":\"https:\\\/\\\/patagoniambiental.com.ar\\\/info\\\/luego-del-temporal-el-gobernador-anuncio-la-construccion-de-viviendas-para-las-victimas-del-incendio-en-cipolletti\\\/#breadcrumb\"},\"inLanguage\":\"es\",\"potentialAction\":[{\"@type\":\"ReadAction\",\"target\":[\"https:\\\/\\\/patagoniambiental.com.ar\\\/info\\\/luego-del-temporal-el-gobernador-anuncio-la-construccion-de-viviendas-para-las-victimas-del-incendio-en-cipolletti\\\/\"]}]},{\"@type\":\"ImageObject\",\"inLanguage\":\"es\",\"@id\":\"https:\\\/\\\/patagoniambiental.com.ar\\\/info\\\/luego-del-temporal-el-gobernador-anuncio-la-construccion-de-viviendas-para-las-victimas-del-incendio-en-cipolletti\\\/#primaryimage\",\"url\":\"https:\\\/\\\/patagoniambiental.com.ar\\\/info\\\/wp-content\\\/uploads\\\/2017\\\/08\\\/00030071.jpg\",\"contentUrl\":\"https:\\\/\\\/patagoniambiental.com.ar\\\/info\\\/wp-content\\\/uploads\\\/2017\\\/08\\\/00030071.jpg\",\"width\":900,\"height\":600},{\"@type\":\"BreadcrumbList\",\"@id\":\"https:\\\/\\\/patagoniambiental.com.ar\\\/info\\\/luego-del-temporal-el-gobernador-anuncio-la-construccion-de-viviendas-para-las-victimas-del-incendio-en-cipolletti\\\/#breadcrumb\",\"itemListElement\":[{\"@type\":\"ListItem\",\"position\":1,\"name\":\"Inicio\",\"item\":\"https:\\\/\\\/patagoniambiental.com.ar\\\/info\\\/\"},{\"@type\":\"ListItem\",\"position\":2,\"name\":\"Luego del temporal El Gobernador anunci\u00f3 la construcci\u00f3n de viviendas para las v\u00edctimas del incendio en Cipolletti\"}]},{\"@type\":\"WebSite\",\"@id\":\"https:\\\/\\\/patagoniambiental.com.ar\\\/info\\\/#website\",\"url\":\"https:\\\/\\\/patagoniambiental.com.ar\\\/info\\\/\",\"name\":\"Patagonia Ambiental\",\"description\":\"Monitoreo y an\u00e1lisis de la situaci\u00f3n geopol\u00edtica en el mundo y su implicancia en la Patagonia\",\"publisher\":{\"@id\":\"https:\\\/\\\/patagoniambiental.com.ar\\\/info\\\/#organization\"},\"potentialAction\":[{\"@type\":\"SearchAction\",\"target\":{\"@type\":\"EntryPoint\",\"urlTemplate\":\"https:\\\/\\\/patagoniambiental.com.ar\\\/info\\\/?s={search_term_string}\"},\"query-input\":{\"@type\":\"PropertyValueSpecification\",\"valueRequired\":true,\"valueName\":\"search_term_string\"}}],\"inLanguage\":\"es\"},{\"@type\":\"Organization\",\"@id\":\"https:\\\/\\\/patagoniambiental.com.ar\\\/info\\\/#organization\",\"name\":\"Patagonia Ambiental\",\"url\":\"https:\\\/\\\/patagoniambiental.com.ar\\\/info\\\/\",\"logo\":{\"@type\":\"ImageObject\",\"inLanguage\":\"es\",\"@id\":\"https:\\\/\\\/patagoniambiental.com.ar\\\/info\\\/#\\\/schema\\\/logo\\\/image\\\/\",\"url\":\"https:\\\/\\\/patagoniambiental.com.ar\\\/info\\\/wp-content\\\/uploads\\\/2025\\\/05\\\/LOGO-PATAGONIA-AMBIENTAL.png\",\"contentUrl\":\"https:\\\/\\\/patagoniambiental.com.ar\\\/info\\\/wp-content\\\/uploads\\\/2025\\\/05\\\/LOGO-PATAGONIA-AMBIENTAL.png\",\"width\":433,\"height\":250,\"caption\":\"Patagonia Ambiental\"},\"image\":{\"@id\":\"https:\\\/\\\/patagoniambiental.com.ar\\\/info\\\/#\\\/schema\\\/logo\\\/image\\\/\"},\"sameAs\":[\"https:\\\/\\\/www.facebook.com\\\/patagonia.ambiental\",\"https:\\\/\\\/x.com\\\/PatAmb\"]},{\"@type\":\"Person\",\"@id\":\"https:\\\/\\\/patagoniambiental.com.ar\\\/info\\\/#\\\/schema\\\/person\\\/db12bff64bbcbf6a253710bf0ea37b5d\",\"name\":\"Patagonia Ambiental\",\"description\":\"Andr\u00e9s Nievas T\u00e9cnico en manejo ambiental, consultor Ambiental y escritor para medios locales e internacionales sobre temas de geopolitica y medio ambiente.\",\"sameAs\":[\"http:\\\/\\\/www.patagoniambiental.com.ar\",\"https:\\\/\\\/www.facebook.com\\\/share\\\/1C1V8Gv9BX\\\/?mibextid=qi2Omg\",\"@patagoniambiental\",\"https:\\\/\\\/youtube.com\\\/@patagoniaambiental2023?si=BLt58t0wuXquxlYZ\"]}]}<\/script>\n<!-- \/ Yoast SEO Premium plugin. -->","yoast_head_json":{"title":"Luego del temporal El Gobernador anunci\u00f3 la construcci\u00f3n de viviendas para las v\u00edctimas del incendio en Cipolletti","robots":{"index":"index","follow":"follow","max-snippet":"max-snippet:-1","max-image-preview":"max-image-preview:large","max-video-preview":"max-video-preview:-1"},"canonical":"https:\/\/patagoniambiental.com.ar\/info\/luego-del-temporal-el-gobernador-anuncio-la-construccion-de-viviendas-para-las-victimas-del-incendio-en-cipolletti\/","og_locale":"es_ES","og_type":"article","og_title":"Luego del temporal El Gobernador anunci\u00f3 la construcci\u00f3n de viviendas para las v\u00edctimas del incendio en Cipolletti","og_description":"Cipolletti.-Tras recorrer el lugar y dialogar con las familias afectadas, el gobernador Alberto Weretilneck asegur\u00f3 la asistencia de la Provincia [&hellip;]","og_url":"https:\/\/patagoniambiental.com.ar\/info\/luego-del-temporal-el-gobernador-anuncio-la-construccion-de-viviendas-para-las-victimas-del-incendio-en-cipolletti\/","og_site_name":"Patagonia Ambiental","article_publisher":"https:\/\/www.facebook.com\/patagonia.ambiental","article_author":"https:\/\/www.facebook.com\/share\/1C1V8Gv9BX\/?mibextid=qi2Omg","article_published_time":"2017-08-28T22:00:30+00:00","og_image":[{"width":924,"height":616,"url":"https:\/\/patagoniambiental.com.ar\/info\/wp-content\/uploads\/2017\/08\/00030071.jpg","type":"image\/jpeg"}],"author":"Patagonia Ambiental","twitter_card":"summary_large_image","twitter_creator":"@PatAmb","twitter_site":"@PatAmb","schema":{"@context":"https:\/\/schema.org","@graph":[{"@type":"Article","@id":"https:\/\/patagoniambiental.com.ar\/info\/luego-del-temporal-el-gobernador-anuncio-la-construccion-de-viviendas-para-las-victimas-del-incendio-en-cipolletti\/#article","isPartOf":{"@id":"https:\/\/patagoniambiental.com.ar\/info\/luego-del-temporal-el-gobernador-anuncio-la-construccion-de-viviendas-para-las-victimas-del-incendio-en-cipolletti\/"},"author":{"name":"Patagonia Ambiental","@id":"https:\/\/patagoniambiental.com.ar\/info\/#\/schema\/person\/db12bff64bbcbf6a253710bf0ea37b5d"},"headline":"Luego del temporal El Gobernador anunci\u00f3 la construcci\u00f3n de viviendas para las v\u00edctimas del incendio en Cipolletti","datePublished":"2017-08-28T22:00:30+00:00","mainEntityOfPage":{"@id":"https:\/\/patagoniambiental.com.ar\/info\/luego-del-temporal-el-gobernador-anuncio-la-construccion-de-viviendas-para-las-victimas-del-incendio-en-cipolletti\/"},"wordCount":335,"commentCount":0,"publisher":{"@id":"https:\/\/patagoniambiental.com.ar\/info\/#organization"},"image":{"@id":"https:\/\/patagoniambiental.com.ar\/info\/luego-del-temporal-el-gobernador-anuncio-la-construccion-de-viviendas-para-las-victimas-del-incendio-en-cipolletti\/#primaryimage"},"thumbnailUrl":"https:\/\/patagoniambiental.com.ar\/info\/wp-content\/uploads\/2017\/08\/00030071.jpg","articleSection":["Noticias","Provinciales","R\u00edo Negro"],"inLanguage":"es","potentialAction":[{"@type":"CommentAction","name":"Comment","target":["https:\/\/patagoniambiental.com.ar\/info\/luego-del-temporal-el-gobernador-anuncio-la-construccion-de-viviendas-para-las-victimas-del-incendio-en-cipolletti\/#respond"]}]},{"@type":"WebPage","@id":"https:\/\/patagoniambiental.com.ar\/info\/luego-del-temporal-el-gobernador-anuncio-la-construccion-de-viviendas-para-las-victimas-del-incendio-en-cipolletti\/","url":"https:\/\/patagoniambiental.com.ar\/info\/luego-del-temporal-el-gobernador-anuncio-la-construccion-de-viviendas-para-las-victimas-del-incendio-en-cipolletti\/","name":"Luego del temporal El Gobernador anunci\u00f3 la construcci\u00f3n de viviendas para las v\u00edctimas del incendio en Cipolletti","isPartOf":{"@id":"https:\/\/patagoniambiental.com.ar\/info\/#website"},"primaryImageOfPage":{"@id":"https:\/\/patagoniambiental.com.ar\/info\/luego-del-temporal-el-gobernador-anuncio-la-construccion-de-viviendas-para-las-victimas-del-incendio-en-cipolletti\/#primaryimage"},"image":{"@id":"https:\/\/patagoniambiental.com.ar\/info\/luego-del-temporal-el-gobernador-anuncio-la-construccion-de-viviendas-para-las-victimas-del-incendio-en-cipolletti\/#primaryimage"},"thumbnailUrl":"https:\/\/patagoniambiental.com.ar\/info\/wp-content\/uploads\/2017\/08\/00030071.jpg","datePublished":"2017-08-28T22:00:30+00:00","breadcrumb":{"@id":"https:\/\/patagoniambiental.com.ar\/info\/luego-del-temporal-el-gobernador-anuncio-la-construccion-de-viviendas-para-las-victimas-del-incendio-en-cipolletti\/#breadcrumb"},"inLanguage":"es","potentialAction":[{"@type":"ReadAction","target":["https:\/\/patagoniambiental.com.ar\/info\/luego-del-temporal-el-gobernador-anuncio-la-construccion-de-viviendas-para-las-victimas-del-incendio-en-cipolletti\/"]}]},{"@type":"ImageObject","inLanguage":"es","@id":"https:\/\/patagoniambiental.com.ar\/info\/luego-del-temporal-el-gobernador-anuncio-la-construccion-de-viviendas-para-las-victimas-del-incendio-en-cipolletti\/#primaryimage","url":"https:\/\/patagoniambiental.com.ar\/info\/wp-content\/uploads\/2017\/08\/00030071.jpg","contentUrl":"https:\/\/patagoniambiental.com.ar\/info\/wp-content\/uploads\/2017\/08\/00030071.jpg","width":900,"height":600},{"@type":"BreadcrumbList","@id":"https:\/\/patagoniambiental.com.ar\/info\/luego-del-temporal-el-gobernador-anuncio-la-construccion-de-viviendas-para-las-victimas-del-incendio-en-cipolletti\/#breadcrumb","itemListElement":[{"@type":"ListItem","position":1,"name":"Inicio","item":"https:\/\/patagoniambiental.com.ar\/info\/"},{"@type":"ListItem","position":2,"name":"Luego del temporal El Gobernador anunci\u00f3 la construcci\u00f3n de viviendas para las v\u00edctimas del incendio en Cipolletti"}]},{"@type":"WebSite","@id":"https:\/\/patagoniambiental.com.ar\/info\/#website","url":"https:\/\/patagoniambiental.com.ar\/info\/","name":"Patagonia Ambiental","description":"Monitoreo y an\u00e1lisis de la situaci\u00f3n geopol\u00edtica en el mundo y su implicancia en la Patagonia","publisher":{"@id":"https:\/\/patagoniambiental.com.ar\/info\/#organization"},"potentialAction":[{"@type":"SearchAction","target":{"@type":"EntryPoint","urlTemplate":"https:\/\/patagoniambiental.com.ar\/info\/?s={search_term_string}"},"query-input":{"@type":"PropertyValueSpecification","valueRequired":true,"valueName":"search_term_string"}}],"inLanguage":"es"},{"@type":"Organization","@id":"https:\/\/patagoniambiental.com.ar\/info\/#organization","name":"Patagonia Ambiental","url":"https:\/\/patagoniambiental.com.ar\/info\/","logo":{"@type":"ImageObject","inLanguage":"es","@id":"https:\/\/patagoniambiental.com.ar\/info\/#\/schema\/logo\/image\/","url":"https:\/\/patagoniambiental.com.ar\/info\/wp-content\/uploads\/2025\/05\/LOGO-PATAGONIA-AMBIENTAL.png","contentUrl":"https:\/\/patagoniambiental.com.ar\/info\/wp-content\/uploads\/2025\/05\/LOGO-PATAGONIA-AMBIENTAL.png","width":433,"height":250,"caption":"Patagonia Ambiental"},"image":{"@id":"https:\/\/patagoniambiental.com.ar\/info\/#\/schema\/logo\/image\/"},"sameAs":["https:\/\/www.facebook.com\/patagonia.ambiental","https:\/\/x.com\/PatAmb"]},{"@type":"Person","@id":"https:\/\/patagoniambiental.com.ar\/info\/#\/schema\/person\/db12bff64bbcbf6a253710bf0ea37b5d","name":"Patagonia Ambiental","description":"Andr\u00e9s Nievas T\u00e9cnico en manejo ambiental, consultor Ambiental y escritor para medios locales e internacionales sobre temas de geopolitica y medio ambiente.","sameAs":["http:\/\/www.patagoniambiental.com.ar","https:\/\/www.facebook.com\/share\/1C1V8Gv9BX\/?mibextid=qi2Omg","@patagoniambiental","https:\/\/youtube.com\/@patagoniaambiental2023?si=BLt58t0wuXquxlYZ"]}]}},"_links":{"self":[{"href":"https:\/\/patagoniambiental.com.ar\/info\/wp-json\/wp\/v2\/posts\/33927","targetHints":{"allow":["GET"]}}],"collection":[{"href":"https:\/\/patagoniambiental.com.ar\/info\/wp-json\/wp\/v2\/posts"}],"about":[{"href":"https:\/\/patagoniambiental.com.ar\/info\/wp-json\/wp\/v2\/types\/post"}],"author":[{"embeddable":true,"href":"https:\/\/patagoniambiental.com.ar\/info\/wp-json\/wp\/v2\/users\/2"}],"replies":[{"embeddable":true,"href":"https:\/\/patagoniambiental.com.ar\/info\/wp-json\/wp\/v2\/comments?post=33927"}],"version-history":[{"count":0,"href":"https:\/\/patagoniambiental.com.ar\/info\/wp-json\/wp\/v2\/posts\/33927\/revisions"}],"wp:featuredmedia":[{"embeddable":true,"href":"https:\/\/patagoniambiental.com.ar\/info\/wp-json\/wp\/v2\/media\/33928"}],"wp:attachment":[{"href":"https:\/\/patagoniambiental.com.ar\/info\/wp-json\/wp\/v2\/media?parent=33927"}],"wp:term":[{"taxonomy":"category","embeddable":true,"href":"https:\/\/patagoniambiental.com.ar\/info\/wp-json\/wp\/v2\/categories?post=33927"},{"taxonomy":"post_tag","embeddable":true,"href":"https:\/\/patagoniambiental.com.ar\/info\/wp-json\/wp\/v2\/tags?post=33927"}],"curies":[{"name":"wp","href":"https:\/\/api.w.org\/{rel}","templated":true}]}}