{"id":33946,"date":"2017-08-28T18:30:01","date_gmt":"2017-08-28T21:30:01","guid":{"rendered":"http:\/\/patagoniambiental.com.ar\/info\/?p=33946"},"modified":"2017-08-28T18:45:08","modified_gmt":"2017-08-28T21:45:08","slug":"el-cruce-entre-jorge-lanata-y-el-lider-mapuche-jones-huala","status":"publish","type":"post","link":"https:\/\/patagoniambiental.com.ar\/info\/el-cruce-entre-jorge-lanata-y-el-lider-mapuche-jones-huala\/","title":{"rendered":"El cruce entre Jorge Lanata y el l\u00edder mapuche Jones Huala"},"content":{"rendered":"<div id=\"precontent\" data-region=\"precontent\" data-id=\"42\" data-m=\"{&quot;i&quot;:42,&quot;n&quot;:&quot;precontent&quot;,&quot;y&quot;:6}\"><strong>Esquel.-El l\u00edder mapuche Jones Huala se encontr\u00f3 con\u00a0<\/strong><a href=\"http:\/\/www.lanacion.com.ar\/-t46766\" target=\"_blank\" rel=\"noopener\" data-id=\"134\" data-m=\"{&quot;i&quot;:134,&quot;p&quot;:81,&quot;n&quot;:&quot;partnerLink&quot;,&quot;y&quot;:24,&quot;o&quot;:5}\"><strong>Jorge Lanata<\/strong><\/a><strong>\u00a0en la c\u00e1rcel de Esquel y manifest\u00f3 su enojo con la primera entrevista que le dio al programa Periodismo Para Todos:<\/strong><\/div>\n<div id=\"maincontent\">\n<div id=\"content\" class=\"content\">\n<div class=\"paddle previous loaded\" data-aop=\"paddles_prev\" data-id=\"82\" data-m=\"{&quot;i&quot;:82,&quot;p&quot;:81,&quot;n&quot;:&quot;HeadlineItemViewModel&quot;,&quot;y&quot;:13,&quot;l&quot;:&quot;AAqPYfU&quot;,&quot;h&quot;:1,&quot;v&quot;:&quot;entertainment&quot;,&quot;c&quot;:&quot;celebrity&quot;,&quot;o&quot;:1}\">\n<div class=\"headline \">\n<div><!--more--><\/div>\n<div><\/div>\n<div class=\"truncate\"><strong>\u00abLas cosas no fueron como se dijo y fui muy recordado\u00bb. Ante esto, Lanata dispar\u00f3: \u00abNo necesito desvirtuarla si vos dec\u00eds cada barbaridad que no hace falta desvirtuarla\u00bb, y m\u00e1s adelante le reproch\u00f3: \u00ab\u00bfQui\u00e9n te cre\u00e9s? \u00bfSartre hermano? \u00bfPor qu\u00e9 tengo que hacer una hora [de entrevista] con vos?\u00bb. Y dirigi\u00e9ndose a su audiencia describi\u00f3 de \u00abpat\u00e9tica\u00bb la situaci\u00f3n.<\/strong><\/div>\n<\/div>\n<\/div>\n<article class=\"articlecontent loaded\" tabindex=\"0\" data-aop=\"article\">\n<section class=\"articlebody\" data-aop=\"articlebody\"><span class=\"storyimage fullwidth inlineimage\" data-aop=\"image\"><span class=\"image\" data-attrib=\"\" data-caption=\"\" data-id=\"84\" data-m=\"{&quot;i&quot;:84,&quot;p&quot;:81,&quot;n&quot;:&quot;openModal&quot;,&quot;t&quot;:&quot;articleImages&quot;,&quot;o&quot;:3}\"><img decoding=\"async\" class=\"loaded\" src=\"http:\/\/img-s-msn-com.akamaized.net\/tenant\/amp\/entityid\/AAqRmiX.img?h=485&amp;w=728&amp;m=6&amp;q=60&amp;o=f&amp;l=f&amp;x=403&amp;y=354\" alt=\"\" data-src=\"{&quot;default&quot;:{&quot;load&quot;:&quot;default&quot;,&quot;w&quot;:&quot;73&quot;,&quot;h&quot;:&quot;48&quot;,&quot;src&quot;:&quot;\/\/img-s-msn-com.akamaized.net\/tenant\/amp\/entityid\/AAqRmiX.img?h=485&amp;w=728&amp;m=6&amp;q=60&amp;o=f&amp;l=f&amp;x=403&amp;y=354&quot;},&quot;size3column&quot;:{&quot;load&quot;:&quot;default&quot;,&quot;w&quot;:&quot;62&quot;,&quot;h&quot;:&quot;42&quot;,&quot;src&quot;:&quot;\/\/img-s-msn-com.akamaized.net\/tenant\/amp\/entityid\/AAqRmiX.img?h=415&amp;w=624&amp;m=6&amp;q=60&amp;o=f&amp;l=f&amp;x=403&amp;y=354&quot;},&quot;size2column&quot;:{&quot;load&quot;:&quot;default&quot;,&quot;w&quot;:&quot;62&quot;,&quot;h&quot;:&quot;42&quot;,&quot;src&quot;:&quot;\/\/img-s-msn-com.akamaized.net\/tenant\/amp\/entityid\/AAqRmiX.img?h=415&amp;w=624&amp;m=6&amp;q=60&amp;o=f&amp;l=f&amp;x=403&amp;y=354&quot;}}\" \/><\/span><\/span>&nbsp;<\/p>\n<p>Durante la entrevista, Lanata le dijo a Huala que su discurso no es popular. \u00ab<strong>Yo no veo ac\u00e1 a los tipos en la puerta pidiendo tu liberaci\u00f3n<\/strong>. No veo a nadie\u00bb. A lo que Huala respondi\u00f3: \u00abEl otro d\u00eda estaba mi abuela, hab\u00edan 20 personas&#8230;\u00bb.<\/p>\n<p>En cuanto a la problem\u00e1tica territorial, el referente ind\u00edgena reconoci\u00f3 que es \u00abconservador\u00bb porque dijo que quer\u00edan recuperar las tierras que robaron los ingleses. \u00ab\u00bfQui\u00e9n le dio la tierra a los ingleses? La familia de Bullrich\u00bb, se\u00f1al\u00f3. Huala destac\u00f3 entonces que su objetivo es plantear \u00abque se vaya Benneton del territorio Mapuche\u00bb y aleg\u00f3: \u00abLa propiedad privada est\u00e1 en contra de nosotros (&#8230;) Existimos antes que el Estado\u00bb.<\/p>\n<p>En ese sentido, Lanata se remiti\u00f3 al comunicado que difundi\u00f3 el grupo jihadista Estado Isl\u00e1mico tras el atentado en Barcelona, Espa\u00f1a, y dijo: \u00abVas a ver que est\u00e1s de acuerdo con el ISIS (o Estado Isl\u00e1mico)&#8230; El ISIS dice &#8216;queremos volver a recuperar Andaluc\u00eda, que estuvo en manos de los \u00e1rabes durante ocho siglos'\u00bb.<\/p>\n<p><iframe src=\"http:\/\/www.lanacion.com.ar\/herramientas\/modal-video\/-multimedio_id=108635\" width=\"100%\" height=\"650\" data-mce-fragment=\"1\"><\/iframe><\/p>\n<p>Adem\u00e1s, Lanata critic\u00f3 que\u00a0<strong>\u00abhubo 77 atentados en los \u00faltimos a\u00f1os\u00bb<\/strong>\u00a0y Huala justific\u00f3 que no hubo muertos. \u00abLos atentados no son solo con muertos, no s\u00e9 si Maldonado es uno de los muertos\u00bb, destac\u00f3 el periodista.<\/p>\n<p>En cuanto a la situaci\u00f3n pol\u00edtica Huala record\u00f3: \u00abEstuvimos muri\u00e9ndonos de hambre en el 2001 y ahora pasa lo mismo. Aqu\u00ed hay un Estado ausente hace muchos a\u00f1os, ahora aparecen porque hay resistencia porque no queremos que nos sigan matando\u00bb.<\/p>\n<p>En respuesta a las cr\u00edticas al sistema y al deseo de Huala de que la Argentina se convierta en un estado plurinacional, Lanata le sugiri\u00f3 que se presente en las elecciones y el mapuche respondi\u00f3: \u00abNosotros no vamos a las elecciones burguesas. Si las elecciones cambiaran algo, estar\u00edan prohibidas\u00bb.<\/p>\n<p><span class=\"storyimage fullwidth inlineimage\" data-aop=\"image\"><span class=\"image\" data-attrib=\"Mauro V. Rizzi \/ Enviado especialMauro V. Rizzi \/ Enviado especial\" data-caption=\"Jones Huala asegur\u00f3 que no conoc\u00eda a Santiago Maldonado\" data-id=\"85\" data-m=\"{&quot;i&quot;:85,&quot;p&quot;:81,&quot;n&quot;:&quot;openModal&quot;,&quot;t&quot;:&quot;articleImages&quot;,&quot;o&quot;:4}\"><img decoding=\"async\" class=\"loaded\" src=\"http:\/\/img-s-msn-com.akamaized.net\/tenant\/amp\/entityid\/AAqASvP.img?h=410&amp;w=728&amp;m=6&amp;q=60&amp;o=f&amp;l=f\" alt=\"Jones Huala asegur\u00f3 que no conoc\u00eda a Santiago Maldonado\" data-src=\"{&quot;default&quot;:{&quot;load&quot;:&quot;default&quot;,&quot;w&quot;:&quot;73&quot;,&quot;h&quot;:&quot;41&quot;,&quot;src&quot;:&quot;\/\/img-s-msn-com.akamaized.net\/tenant\/amp\/entityid\/AAqASvP.img?h=410&amp;w=728&amp;m=6&amp;q=60&amp;o=f&amp;l=f&quot;},&quot;size3column&quot;:{&quot;load&quot;:&quot;default&quot;,&quot;w&quot;:&quot;62&quot;,&quot;h&quot;:&quot;35&quot;,&quot;src&quot;:&quot;\/\/img-s-msn-com.akamaized.net\/tenant\/amp\/entityid\/AAqASvP.img?h=351&amp;w=624&amp;m=6&amp;q=60&amp;o=f&amp;l=f&quot;},&quot;size2column&quot;:{&quot;load&quot;:&quot;default&quot;,&quot;w&quot;:&quot;62&quot;,&quot;h&quot;:&quot;35&quot;,&quot;src&quot;:&quot;\/\/img-s-msn-com.akamaized.net\/tenant\/amp\/entityid\/AAqASvP.img?h=351&amp;w=624&amp;m=6&amp;q=60&amp;o=f&amp;l=f&quot;}}\" \/><\/span><span class=\"caption truncate\"><span class=\"attribution\">\u00a9 Mauro V. Rizzi \/ Enviado especialMauro V. Rizzi \/ Enviado especial<\/span>\u00a0Jones Huala asegur\u00f3 que no conoc\u00eda a Santiago Maldonado<\/span><\/span>\u00abEso es un eslogan, cari\u00f1o, decime lo que pens\u00e1s\u00bb, lanz\u00f3 el periodista.<\/p>\n<p>Huala continu\u00f3 con la tensa entrevista y dijo que hay \u00abterrorismo de Estado\u00bb y que el \u00abcreci\u00f3 torturado\u00bb. Ante esto, el periodista dispar\u00f3: \u00ab<strong>Hermano no seas tan fr\u00edvolo<\/strong>, terrorismo de Estado era la ESMA (&#8230;) No me vengas a correr. Me habl\u00e1s como si tuviera 14 a\u00f1os y tengo 54&#8243;.<\/p>\n<p>\u00abMe habla como si yo fuera su empleado y yo no soy su empleado. Sus empleados son como nosotros: indios y pobres\u00bb, respondi\u00f3 el l\u00edder mapuche.<\/p>\n<p>Fuente:http:\/\/www.msn.com\/es-ar\/noticias\/nacional\/el-cruce-entre-jorge-lanata-y-el-l%C3%ADder-mapuche-jones-huala\/ar-AAqODpx?li=AAggPN3&amp;ocid=ieslice<\/p>\n<\/section>\n<\/article>\n<\/div>\n<\/div>\n<p>&nbsp;<\/p>\n","protected":false},"excerpt":{"rendered":"<p>Esquel.-El l\u00edder mapuche Jones Huala se encontr\u00f3 con\u00a0Jorge Lanata\u00a0en la c\u00e1rcel de Esquel y manifest\u00f3 su enojo con la primera [&hellip;]<\/p>\n","protected":false},"author":2,"featured_media":33947,"comment_status":"open","ping_status":"open","sticky":false,"template":"","format":"standard","meta":{"site-sidebar-layout":"default","site-content-layout":"","ast-site-content-layout":"default","site-content-style":"default","site-sidebar-style":"default","ast-global-header-display":"","ast-banner-title-visibility":"","ast-main-header-display":"","ast-hfb-above-header-display":"","ast-hfb-below-header-display":"","ast-hfb-mobile-header-display":"","site-post-title":"","ast-breadcrumbs-content":"","ast-featured-img":"","footer-sml-layout":"","ast-disable-related-posts":"","theme-transparent-header-meta":"","adv-header-id-meta":"","stick-header-meta":"","header-above-stick-meta":"","header-main-stick-meta":"","header-below-stick-meta":"","astra-migrate-meta-layouts":"default","ast-page-background-enabled":"default","ast-page-background-meta":{"desktop":{"background-color":"var(--ast-global-color-5)","background-image":"","background-repeat":"repeat","background-position":"center center","background-size":"auto","background-attachment":"scroll","background-type":"","background-media":"","overlay-type":"","overlay-color":"","overlay-opacity":"","overlay-gradient":""},"tablet":{"background-color":"","background-image":"","background-repeat":"repeat","background-position":"center center","background-size":"auto","background-attachment":"scroll","background-type":"","background-media":"","overlay-type":"","overlay-color":"","overlay-opacity":"","overlay-gradient":""},"mobile":{"background-color":"","background-image":"","background-repeat":"repeat","background-position":"center center","background-size":"auto","background-attachment":"scroll","background-type":"","background-media":"","overlay-type":"","overlay-color":"","overlay-opacity":"","overlay-gradient":""}},"ast-content-background-meta":{"desktop":{"background-color":"var(--ast-global-color-4)","background-image":"","background-repeat":"repeat","background-position":"center center","background-size":"auto","background-attachment":"scroll","background-type":"","background-media":"","overlay-type":"","overlay-color":"","overlay-opacity":"","overlay-gradient":""},"tablet":{"background-color":"var(--ast-global-color-4)","background-image":"","background-repeat":"repeat","background-position":"center center","background-size":"auto","background-attachment":"scroll","background-type":"","background-media":"","overlay-type":"","overlay-color":"","overlay-opacity":"","overlay-gradient":""},"mobile":{"background-color":"var(--ast-global-color-4)","background-image":"","background-repeat":"repeat","background-position":"center center","background-size":"auto","background-attachment":"scroll","background-type":"","background-media":"","overlay-type":"","overlay-color":"","overlay-opacity":"","overlay-gradient":""}},"footnotes":""},"categories":[23,1],"tags":[],"class_list":["post-33946","post","type-post","status-publish","format-standard","has-post-thumbnail","hentry","category-internacionales","category-noticias"],"yoast_head":"<!-- This site is optimized with the Yoast SEO Premium plugin v23.0 (Yoast SEO v27.4) - https:\/\/yoast.com\/product\/yoast-seo-premium-wordpress\/ -->\n<title>El cruce entre Jorge Lanata y el l\u00edder mapuche Jones Huala<\/title>\n<meta name=\"robots\" content=\"index, follow, max-snippet:-1, max-image-preview:large, max-video-preview:-1\" \/>\n<link rel=\"canonical\" href=\"https:\/\/patagoniambiental.com.ar\/info\/el-cruce-entre-jorge-lanata-y-el-lider-mapuche-jones-huala\/\" \/>\n<meta property=\"og:locale\" content=\"es_ES\" \/>\n<meta property=\"og:type\" content=\"article\" \/>\n<meta property=\"og:title\" content=\"El cruce entre Jorge Lanata y el l\u00edder mapuche Jones Huala\" \/>\n<meta property=\"og:description\" content=\"Esquel.-El l\u00edder mapuche Jones Huala se encontr\u00f3 con\u00a0Jorge Lanata\u00a0en la c\u00e1rcel de Esquel y manifest\u00f3 su enojo con la primera [&hellip;]\" \/>\n<meta property=\"og:url\" content=\"https:\/\/patagoniambiental.com.ar\/info\/el-cruce-entre-jorge-lanata-y-el-lider-mapuche-jones-huala\/\" \/>\n<meta property=\"og:site_name\" content=\"Patagonia Ambiental\" \/>\n<meta property=\"article:publisher\" content=\"https:\/\/www.facebook.com\/patagonia.ambiental\" \/>\n<meta property=\"article:author\" content=\"https:\/\/www.facebook.com\/share\/1C1V8Gv9BX\/?mibextid=qi2Omg\" \/>\n<meta property=\"article:published_time\" content=\"2017-08-28T21:30:01+00:00\" \/>\n<meta property=\"article:modified_time\" content=\"2017-08-28T21:45:08+00:00\" \/>\n<meta property=\"og:image\" content=\"https:\/\/patagoniambiental.com.ar\/info\/wp-content\/uploads\/2017\/08\/AAqRmiX.jpg\" \/>\n\t<meta property=\"og:image:width\" content=\"728\" \/>\n\t<meta property=\"og:image:height\" content=\"484\" \/>\n\t<meta property=\"og:image:type\" content=\"image\/jpeg\" \/>\n<meta name=\"author\" content=\"Patagonia Ambiental\" \/>\n<meta name=\"twitter:card\" content=\"summary_large_image\" \/>\n<meta name=\"twitter:creator\" content=\"@PatAmb\" \/>\n<meta name=\"twitter:site\" content=\"@PatAmb\" \/>\n<script type=\"application\/ld+json\" class=\"yoast-schema-graph\">{\"@context\":\"https:\\\/\\\/schema.org\",\"@graph\":[{\"@type\":\"Article\",\"@id\":\"https:\\\/\\\/patagoniambiental.com.ar\\\/info\\\/el-cruce-entre-jorge-lanata-y-el-lider-mapuche-jones-huala\\\/#article\",\"isPartOf\":{\"@id\":\"https:\\\/\\\/patagoniambiental.com.ar\\\/info\\\/el-cruce-entre-jorge-lanata-y-el-lider-mapuche-jones-huala\\\/\"},\"author\":{\"name\":\"Patagonia Ambiental\",\"@id\":\"https:\\\/\\\/patagoniambiental.com.ar\\\/info\\\/#\\\/schema\\\/person\\\/db12bff64bbcbf6a253710bf0ea37b5d\"},\"headline\":\"El cruce entre Jorge Lanata y el l\u00edder mapuche Jones Huala\",\"datePublished\":\"2017-08-28T21:30:01+00:00\",\"dateModified\":\"2017-08-28T21:45:08+00:00\",\"mainEntityOfPage\":{\"@id\":\"https:\\\/\\\/patagoniambiental.com.ar\\\/info\\\/el-cruce-entre-jorge-lanata-y-el-lider-mapuche-jones-huala\\\/\"},\"wordCount\":551,\"commentCount\":0,\"publisher\":{\"@id\":\"https:\\\/\\\/patagoniambiental.com.ar\\\/info\\\/#organization\"},\"image\":{\"@id\":\"https:\\\/\\\/patagoniambiental.com.ar\\\/info\\\/el-cruce-entre-jorge-lanata-y-el-lider-mapuche-jones-huala\\\/#primaryimage\"},\"thumbnailUrl\":\"https:\\\/\\\/patagoniambiental.com.ar\\\/info\\\/wp-content\\\/uploads\\\/2017\\\/08\\\/AAqRmiX.jpg\",\"articleSection\":[\"Internacionales\",\"Noticias\"],\"inLanguage\":\"es\",\"potentialAction\":[{\"@type\":\"CommentAction\",\"name\":\"Comment\",\"target\":[\"https:\\\/\\\/patagoniambiental.com.ar\\\/info\\\/el-cruce-entre-jorge-lanata-y-el-lider-mapuche-jones-huala\\\/#respond\"]}]},{\"@type\":\"WebPage\",\"@id\":\"https:\\\/\\\/patagoniambiental.com.ar\\\/info\\\/el-cruce-entre-jorge-lanata-y-el-lider-mapuche-jones-huala\\\/\",\"url\":\"https:\\\/\\\/patagoniambiental.com.ar\\\/info\\\/el-cruce-entre-jorge-lanata-y-el-lider-mapuche-jones-huala\\\/\",\"name\":\"El cruce entre Jorge Lanata y el l\u00edder mapuche Jones Huala\",\"isPartOf\":{\"@id\":\"https:\\\/\\\/patagoniambiental.com.ar\\\/info\\\/#website\"},\"primaryImageOfPage\":{\"@id\":\"https:\\\/\\\/patagoniambiental.com.ar\\\/info\\\/el-cruce-entre-jorge-lanata-y-el-lider-mapuche-jones-huala\\\/#primaryimage\"},\"image\":{\"@id\":\"https:\\\/\\\/patagoniambiental.com.ar\\\/info\\\/el-cruce-entre-jorge-lanata-y-el-lider-mapuche-jones-huala\\\/#primaryimage\"},\"thumbnailUrl\":\"https:\\\/\\\/patagoniambiental.com.ar\\\/info\\\/wp-content\\\/uploads\\\/2017\\\/08\\\/AAqRmiX.jpg\",\"datePublished\":\"2017-08-28T21:30:01+00:00\",\"dateModified\":\"2017-08-28T21:45:08+00:00\",\"breadcrumb\":{\"@id\":\"https:\\\/\\\/patagoniambiental.com.ar\\\/info\\\/el-cruce-entre-jorge-lanata-y-el-lider-mapuche-jones-huala\\\/#breadcrumb\"},\"inLanguage\":\"es\",\"potentialAction\":[{\"@type\":\"ReadAction\",\"target\":[\"https:\\\/\\\/patagoniambiental.com.ar\\\/info\\\/el-cruce-entre-jorge-lanata-y-el-lider-mapuche-jones-huala\\\/\"]}]},{\"@type\":\"ImageObject\",\"inLanguage\":\"es\",\"@id\":\"https:\\\/\\\/patagoniambiental.com.ar\\\/info\\\/el-cruce-entre-jorge-lanata-y-el-lider-mapuche-jones-huala\\\/#primaryimage\",\"url\":\"https:\\\/\\\/patagoniambiental.com.ar\\\/info\\\/wp-content\\\/uploads\\\/2017\\\/08\\\/AAqRmiX.jpg\",\"contentUrl\":\"https:\\\/\\\/patagoniambiental.com.ar\\\/info\\\/wp-content\\\/uploads\\\/2017\\\/08\\\/AAqRmiX.jpg\",\"width\":728,\"height\":484},{\"@type\":\"BreadcrumbList\",\"@id\":\"https:\\\/\\\/patagoniambiental.com.ar\\\/info\\\/el-cruce-entre-jorge-lanata-y-el-lider-mapuche-jones-huala\\\/#breadcrumb\",\"itemListElement\":[{\"@type\":\"ListItem\",\"position\":1,\"name\":\"Inicio\",\"item\":\"https:\\\/\\\/patagoniambiental.com.ar\\\/info\\\/\"},{\"@type\":\"ListItem\",\"position\":2,\"name\":\"El cruce entre Jorge Lanata y el l\u00edder mapuche Jones Huala\"}]},{\"@type\":\"WebSite\",\"@id\":\"https:\\\/\\\/patagoniambiental.com.ar\\\/info\\\/#website\",\"url\":\"https:\\\/\\\/patagoniambiental.com.ar\\\/info\\\/\",\"name\":\"Patagonia Ambiental\",\"description\":\"Monitoreo y an\u00e1lisis de la situaci\u00f3n geopol\u00edtica en el mundo y su implicancia en la Patagonia\",\"publisher\":{\"@id\":\"https:\\\/\\\/patagoniambiental.com.ar\\\/info\\\/#organization\"},\"potentialAction\":[{\"@type\":\"SearchAction\",\"target\":{\"@type\":\"EntryPoint\",\"urlTemplate\":\"https:\\\/\\\/patagoniambiental.com.ar\\\/info\\\/?s={search_term_string}\"},\"query-input\":{\"@type\":\"PropertyValueSpecification\",\"valueRequired\":true,\"valueName\":\"search_term_string\"}}],\"inLanguage\":\"es\"},{\"@type\":\"Organization\",\"@id\":\"https:\\\/\\\/patagoniambiental.com.ar\\\/info\\\/#organization\",\"name\":\"Patagonia Ambiental\",\"url\":\"https:\\\/\\\/patagoniambiental.com.ar\\\/info\\\/\",\"logo\":{\"@type\":\"ImageObject\",\"inLanguage\":\"es\",\"@id\":\"https:\\\/\\\/patagoniambiental.com.ar\\\/info\\\/#\\\/schema\\\/logo\\\/image\\\/\",\"url\":\"https:\\\/\\\/patagoniambiental.com.ar\\\/info\\\/wp-content\\\/uploads\\\/2025\\\/05\\\/LOGO-PATAGONIA-AMBIENTAL.png\",\"contentUrl\":\"https:\\\/\\\/patagoniambiental.com.ar\\\/info\\\/wp-content\\\/uploads\\\/2025\\\/05\\\/LOGO-PATAGONIA-AMBIENTAL.png\",\"width\":433,\"height\":250,\"caption\":\"Patagonia Ambiental\"},\"image\":{\"@id\":\"https:\\\/\\\/patagoniambiental.com.ar\\\/info\\\/#\\\/schema\\\/logo\\\/image\\\/\"},\"sameAs\":[\"https:\\\/\\\/www.facebook.com\\\/patagonia.ambiental\",\"https:\\\/\\\/x.com\\\/PatAmb\"]},{\"@type\":\"Person\",\"@id\":\"https:\\\/\\\/patagoniambiental.com.ar\\\/info\\\/#\\\/schema\\\/person\\\/db12bff64bbcbf6a253710bf0ea37b5d\",\"name\":\"Patagonia Ambiental\",\"description\":\"Andr\u00e9s Nievas T\u00e9cnico en manejo ambiental, consultor Ambiental y escritor para medios locales e internacionales sobre temas de geopolitica y medio ambiente.\",\"sameAs\":[\"http:\\\/\\\/www.patagoniambiental.com.ar\",\"https:\\\/\\\/www.facebook.com\\\/share\\\/1C1V8Gv9BX\\\/?mibextid=qi2Omg\",\"@patagoniambiental\",\"https:\\\/\\\/youtube.com\\\/@patagoniaambiental2023?si=BLt58t0wuXquxlYZ\"]}]}<\/script>\n<!-- \/ Yoast SEO Premium plugin. -->","yoast_head_json":{"title":"El cruce entre Jorge Lanata y el l\u00edder mapuche Jones Huala","robots":{"index":"index","follow":"follow","max-snippet":"max-snippet:-1","max-image-preview":"max-image-preview:large","max-video-preview":"max-video-preview:-1"},"canonical":"https:\/\/patagoniambiental.com.ar\/info\/el-cruce-entre-jorge-lanata-y-el-lider-mapuche-jones-huala\/","og_locale":"es_ES","og_type":"article","og_title":"El cruce entre Jorge Lanata y el l\u00edder mapuche Jones Huala","og_description":"Esquel.-El l\u00edder mapuche Jones Huala se encontr\u00f3 con\u00a0Jorge Lanata\u00a0en la c\u00e1rcel de Esquel y manifest\u00f3 su enojo con la primera [&hellip;]","og_url":"https:\/\/patagoniambiental.com.ar\/info\/el-cruce-entre-jorge-lanata-y-el-lider-mapuche-jones-huala\/","og_site_name":"Patagonia Ambiental","article_publisher":"https:\/\/www.facebook.com\/patagonia.ambiental","article_author":"https:\/\/www.facebook.com\/share\/1C1V8Gv9BX\/?mibextid=qi2Omg","article_published_time":"2017-08-28T21:30:01+00:00","article_modified_time":"2017-08-28T21:45:08+00:00","og_image":[{"width":728,"height":484,"url":"https:\/\/patagoniambiental.com.ar\/info\/wp-content\/uploads\/2017\/08\/AAqRmiX.jpg","type":"image\/jpeg"}],"author":"Patagonia Ambiental","twitter_card":"summary_large_image","twitter_creator":"@PatAmb","twitter_site":"@PatAmb","schema":{"@context":"https:\/\/schema.org","@graph":[{"@type":"Article","@id":"https:\/\/patagoniambiental.com.ar\/info\/el-cruce-entre-jorge-lanata-y-el-lider-mapuche-jones-huala\/#article","isPartOf":{"@id":"https:\/\/patagoniambiental.com.ar\/info\/el-cruce-entre-jorge-lanata-y-el-lider-mapuche-jones-huala\/"},"author":{"name":"Patagonia Ambiental","@id":"https:\/\/patagoniambiental.com.ar\/info\/#\/schema\/person\/db12bff64bbcbf6a253710bf0ea37b5d"},"headline":"El cruce entre Jorge Lanata y el l\u00edder mapuche Jones Huala","datePublished":"2017-08-28T21:30:01+00:00","dateModified":"2017-08-28T21:45:08+00:00","mainEntityOfPage":{"@id":"https:\/\/patagoniambiental.com.ar\/info\/el-cruce-entre-jorge-lanata-y-el-lider-mapuche-jones-huala\/"},"wordCount":551,"commentCount":0,"publisher":{"@id":"https:\/\/patagoniambiental.com.ar\/info\/#organization"},"image":{"@id":"https:\/\/patagoniambiental.com.ar\/info\/el-cruce-entre-jorge-lanata-y-el-lider-mapuche-jones-huala\/#primaryimage"},"thumbnailUrl":"https:\/\/patagoniambiental.com.ar\/info\/wp-content\/uploads\/2017\/08\/AAqRmiX.jpg","articleSection":["Internacionales","Noticias"],"inLanguage":"es","potentialAction":[{"@type":"CommentAction","name":"Comment","target":["https:\/\/patagoniambiental.com.ar\/info\/el-cruce-entre-jorge-lanata-y-el-lider-mapuche-jones-huala\/#respond"]}]},{"@type":"WebPage","@id":"https:\/\/patagoniambiental.com.ar\/info\/el-cruce-entre-jorge-lanata-y-el-lider-mapuche-jones-huala\/","url":"https:\/\/patagoniambiental.com.ar\/info\/el-cruce-entre-jorge-lanata-y-el-lider-mapuche-jones-huala\/","name":"El cruce entre Jorge Lanata y el l\u00edder mapuche Jones Huala","isPartOf":{"@id":"https:\/\/patagoniambiental.com.ar\/info\/#website"},"primaryImageOfPage":{"@id":"https:\/\/patagoniambiental.com.ar\/info\/el-cruce-entre-jorge-lanata-y-el-lider-mapuche-jones-huala\/#primaryimage"},"image":{"@id":"https:\/\/patagoniambiental.com.ar\/info\/el-cruce-entre-jorge-lanata-y-el-lider-mapuche-jones-huala\/#primaryimage"},"thumbnailUrl":"https:\/\/patagoniambiental.com.ar\/info\/wp-content\/uploads\/2017\/08\/AAqRmiX.jpg","datePublished":"2017-08-28T21:30:01+00:00","dateModified":"2017-08-28T21:45:08+00:00","breadcrumb":{"@id":"https:\/\/patagoniambiental.com.ar\/info\/el-cruce-entre-jorge-lanata-y-el-lider-mapuche-jones-huala\/#breadcrumb"},"inLanguage":"es","potentialAction":[{"@type":"ReadAction","target":["https:\/\/patagoniambiental.com.ar\/info\/el-cruce-entre-jorge-lanata-y-el-lider-mapuche-jones-huala\/"]}]},{"@type":"ImageObject","inLanguage":"es","@id":"https:\/\/patagoniambiental.com.ar\/info\/el-cruce-entre-jorge-lanata-y-el-lider-mapuche-jones-huala\/#primaryimage","url":"https:\/\/patagoniambiental.com.ar\/info\/wp-content\/uploads\/2017\/08\/AAqRmiX.jpg","contentUrl":"https:\/\/patagoniambiental.com.ar\/info\/wp-content\/uploads\/2017\/08\/AAqRmiX.jpg","width":728,"height":484},{"@type":"BreadcrumbList","@id":"https:\/\/patagoniambiental.com.ar\/info\/el-cruce-entre-jorge-lanata-y-el-lider-mapuche-jones-huala\/#breadcrumb","itemListElement":[{"@type":"ListItem","position":1,"name":"Inicio","item":"https:\/\/patagoniambiental.com.ar\/info\/"},{"@type":"ListItem","position":2,"name":"El cruce entre Jorge Lanata y el l\u00edder mapuche Jones Huala"}]},{"@type":"WebSite","@id":"https:\/\/patagoniambiental.com.ar\/info\/#website","url":"https:\/\/patagoniambiental.com.ar\/info\/","name":"Patagonia Ambiental","description":"Monitoreo y an\u00e1lisis de la situaci\u00f3n geopol\u00edtica en el mundo y su implicancia en la Patagonia","publisher":{"@id":"https:\/\/patagoniambiental.com.ar\/info\/#organization"},"potentialAction":[{"@type":"SearchAction","target":{"@type":"EntryPoint","urlTemplate":"https:\/\/patagoniambiental.com.ar\/info\/?s={search_term_string}"},"query-input":{"@type":"PropertyValueSpecification","valueRequired":true,"valueName":"search_term_string"}}],"inLanguage":"es"},{"@type":"Organization","@id":"https:\/\/patagoniambiental.com.ar\/info\/#organization","name":"Patagonia Ambiental","url":"https:\/\/patagoniambiental.com.ar\/info\/","logo":{"@type":"ImageObject","inLanguage":"es","@id":"https:\/\/patagoniambiental.com.ar\/info\/#\/schema\/logo\/image\/","url":"https:\/\/patagoniambiental.com.ar\/info\/wp-content\/uploads\/2025\/05\/LOGO-PATAGONIA-AMBIENTAL.png","contentUrl":"https:\/\/patagoniambiental.com.ar\/info\/wp-content\/uploads\/2025\/05\/LOGO-PATAGONIA-AMBIENTAL.png","width":433,"height":250,"caption":"Patagonia Ambiental"},"image":{"@id":"https:\/\/patagoniambiental.com.ar\/info\/#\/schema\/logo\/image\/"},"sameAs":["https:\/\/www.facebook.com\/patagonia.ambiental","https:\/\/x.com\/PatAmb"]},{"@type":"Person","@id":"https:\/\/patagoniambiental.com.ar\/info\/#\/schema\/person\/db12bff64bbcbf6a253710bf0ea37b5d","name":"Patagonia Ambiental","description":"Andr\u00e9s Nievas T\u00e9cnico en manejo ambiental, consultor Ambiental y escritor para medios locales e internacionales sobre temas de geopolitica y medio ambiente.","sameAs":["http:\/\/www.patagoniambiental.com.ar","https:\/\/www.facebook.com\/share\/1C1V8Gv9BX\/?mibextid=qi2Omg","@patagoniambiental","https:\/\/youtube.com\/@patagoniaambiental2023?si=BLt58t0wuXquxlYZ"]}]}},"_links":{"self":[{"href":"https:\/\/patagoniambiental.com.ar\/info\/wp-json\/wp\/v2\/posts\/33946","targetHints":{"allow":["GET"]}}],"collection":[{"href":"https:\/\/patagoniambiental.com.ar\/info\/wp-json\/wp\/v2\/posts"}],"about":[{"href":"https:\/\/patagoniambiental.com.ar\/info\/wp-json\/wp\/v2\/types\/post"}],"author":[{"embeddable":true,"href":"https:\/\/patagoniambiental.com.ar\/info\/wp-json\/wp\/v2\/users\/2"}],"replies":[{"embeddable":true,"href":"https:\/\/patagoniambiental.com.ar\/info\/wp-json\/wp\/v2\/comments?post=33946"}],"version-history":[{"count":0,"href":"https:\/\/patagoniambiental.com.ar\/info\/wp-json\/wp\/v2\/posts\/33946\/revisions"}],"wp:featuredmedia":[{"embeddable":true,"href":"https:\/\/patagoniambiental.com.ar\/info\/wp-json\/wp\/v2\/media\/33947"}],"wp:attachment":[{"href":"https:\/\/patagoniambiental.com.ar\/info\/wp-json\/wp\/v2\/media?parent=33946"}],"wp:term":[{"taxonomy":"category","embeddable":true,"href":"https:\/\/patagoniambiental.com.ar\/info\/wp-json\/wp\/v2\/categories?post=33946"},{"taxonomy":"post_tag","embeddable":true,"href":"https:\/\/patagoniambiental.com.ar\/info\/wp-json\/wp\/v2\/tags?post=33946"}],"curies":[{"name":"wp","href":"https:\/\/api.w.org\/{rel}","templated":true}]}}