{"id":33965,"date":"2017-08-29T09:00:33","date_gmt":"2017-08-29T12:00:33","guid":{"rendered":"http:\/\/patagoniambiental.com.ar\/info\/?p=33965"},"modified":"2017-08-28T20:27:27","modified_gmt":"2017-08-28T23:27:27","slug":"buscan-poner-en-valor-el-predio-de-aquavida-en-playa-union","status":"publish","type":"post","link":"https:\/\/patagoniambiental.com.ar\/info\/buscan-poner-en-valor-el-predio-de-aquavida-en-playa-union\/","title":{"rendered":"Buscan poner en valor el predio de Aquavida en Playa Uni\u00f3n"},"content":{"rendered":"<p>PLAYA UNI\u00d3N.- La Municipalidad de Rawson delinea un proyecto para poner en valor el predio del Centro de Interpretaci\u00f3n Aquavida que incluye la conversi\u00f3n de las hist\u00f3ricas canchas de paddle, actualmente en desuso, en un espacio de esparcimiento frente a la costa. En este marco, funcionarios municipales encabezados por el secretario de Gobierno y Coordinaci\u00f3n de Gabinete, Jorge Aleua, recorrieron las instalaciones de Aquavida para dialogar con el personal que trabaja all\u00ed y conocer las necesidades actuales para avanzar en soluciones.<br \/>\nAleua estuvo acompa\u00f1ado en la recorrida por la secretaria de Producci\u00f3n y Medio Ambiente, Ana Amato, el subsecretario de Gobierno, Mario Pazos, y el director de Servicios P\u00fablicos, Edgar Gort.<br \/>\n\u201cAquavida, en lo personal, fue un desaf\u00edo en mi anterior estad\u00eda en el municipio como secretario de Producci\u00f3n y Medio Ambiente. En aquel momento se logr\u00f3 financiamiento a trav\u00e9s de la Fundaci\u00f3n Aquavida para que se repararan los techos, las aberturas. Ha cambiado y queremos realmente ponerlo en valor\u201d, dijo Aleua luego de la recorrida.<br \/>\n\u201cEs un lugar que la comunidad tiene que conocer, los colectivos que vienen en tr\u00e1nsito con turismo tienen que pasar por este lugar. Tenemos que acompa\u00f1arlo con mucha promoci\u00f3n y adem\u00e1s con el valor agregado de profesionales que est\u00e1n trabajando en el lugar a los que hay que escuchar y hay que entender que necesitan este tipo de apoyo de los funcionarios\u201d, a\u00f1adi\u00f3.<\/p>\n<p><strong>Proyecto integral<\/strong><\/p>\n<p>La puesta en valor \u201cla vamos a lograr a trav\u00e9s de la integraci\u00f3n de un proyecto que ya est\u00e1 en marcha, que incluye la reparaci\u00f3n de las canchas hist\u00f3ricas que no pueden continuar de esta manera\u201d, dijo el funcionario municipal y adelant\u00f3 que el proyecto prev\u00e9 \u201cintegrar el sector de Aquavida, la biblioteca (Asencio Abeij\u00f3n) que est\u00e1 muy linda, recuperada, y las actuales canchas que van a ser un lugar de esparcimiento para el p\u00fablico\u201d.<br \/>\nAleua precis\u00f3 que \u201cla idea es rellenarlas y hacer un lugar de encuentro para j\u00f3venes y familia, con vista al mar, con bancos, un parque. Est\u00e1 pr\u00e1cticamente terminado el proyecto y seguramente la intendenta Rossana Artero en los pr\u00f3ximos d\u00edas estar\u00e1 en condiciones de mostrarlo ante la comunidad como un hecho que para la pr\u00f3xima temporada tiene que estar terminado\u201d.<br \/>\nPor su parte, Marcos Garraza, miembro del equipo de Aquavida, consider\u00f3 \u201cimportante y necesario que los funcionarios vean en qu\u00e9 estamos trabajando. Por suerte hay muy buena predisposici\u00f3n para trabajar\u201d. Valor\u00f3 en este sentido que \u201csiempre es muy positivo que venga gente que ya nos conoce y que vea que de a poco y con lo que se puede, se progresa, que de la mano de la Universidad y de la Municipalidad esto va para adelante\u201d.<br \/>\nMaterial nuevo<br \/>\nGarraza mencion\u00f3 la existencia de material nuevo, como el caso de \u201cel cr\u00e1neo de una orca que encontramos en la segunda fila, para el que estamos planificando el inmueble para contenerlo\u201d.<br \/>\nEl cr\u00e1neo de la orca fue encontrado hace cerca de dos meses y se trata de \u201cun caso llamativo por el lugar. Encontrar una cabeza de una orca donde hoy hay un estacionamiento, habla de que hace m\u00e1s de 80 a\u00f1os el animal muri\u00f3 en el lugar y qued\u00f3 enterrado cerca de dos metros debajo de la superficie. Es un caso muy particular porque es una animal que visit\u00f3 Playa Uni\u00f3n antes de que Playa Uni\u00f3n tuviera ese nombre\u201d.<br \/>\nComent\u00f3 acerca de la actividad del lugar que \u201cel movimiento habitual tiene que ver con las escuelas sobre todo, no as\u00ed en verano e invierno cuando hay mucho turismo. Este a\u00f1o hemos tenido visitas hasta de coreanos, tuvimos espa\u00f1oles y franceses, porque la Patagonia es un lugar muy atractivo para todo el mundo. Y necesitamos todos que Playa Uni\u00f3n est\u00e9 realmente preparado para recibir gente\u201d.<\/p>\n<div class=\"sharedaddy sd-sharing-enabled\">\u00a0Fuente:\u00a0http:\/\/eldiariodemadryn.com\/2017\/08\/buscan-poner-en-valor-el-predio-de-aquavida-en-playa-union\/<\/div>\n","protected":false},"excerpt":{"rendered":"<p>PLAYA UNI\u00d3N.- La Municipalidad de Rawson delinea un proyecto para poner en valor el predio del Centro de Interpretaci\u00f3n Aquavida [&hellip;]<\/p>\n","protected":false},"author":2,"featured_media":33966,"comment_status":"open","ping_status":"open","sticky":false,"template":"","format":"standard","meta":{"site-sidebar-layout":"default","site-content-layout":"","ast-site-content-layout":"default","site-content-style":"default","site-sidebar-style":"default","ast-global-header-display":"","ast-banner-title-visibility":"","ast-main-header-display":"","ast-hfb-above-header-display":"","ast-hfb-below-header-display":"","ast-hfb-mobile-header-display":"","site-post-title":"","ast-breadcrumbs-content":"","ast-featured-img":"","footer-sml-layout":"","ast-disable-related-posts":"","theme-transparent-header-meta":"","adv-header-id-meta":"","stick-header-meta":"","header-above-stick-meta":"","header-main-stick-meta":"","header-below-stick-meta":"","astra-migrate-meta-layouts":"default","ast-page-background-enabled":"default","ast-page-background-meta":{"desktop":{"background-color":"var(--ast-global-color-5)","background-image":"","background-repeat":"repeat","background-position":"center center","background-size":"auto","background-attachment":"scroll","background-type":"","background-media":"","overlay-type":"","overlay-color":"","overlay-opacity":"","overlay-gradient":""},"tablet":{"background-color":"","background-image":"","background-repeat":"repeat","background-position":"center center","background-size":"auto","background-attachment":"scroll","background-type":"","background-media":"","overlay-type":"","overlay-color":"","overlay-opacity":"","overlay-gradient":""},"mobile":{"background-color":"","background-image":"","background-repeat":"repeat","background-position":"center center","background-size":"auto","background-attachment":"scroll","background-type":"","background-media":"","overlay-type":"","overlay-color":"","overlay-opacity":"","overlay-gradient":""}},"ast-content-background-meta":{"desktop":{"background-color":"var(--ast-global-color-4)","background-image":"","background-repeat":"repeat","background-position":"center center","background-size":"auto","background-attachment":"scroll","background-type":"","background-media":"","overlay-type":"","overlay-color":"","overlay-opacity":"","overlay-gradient":""},"tablet":{"background-color":"var(--ast-global-color-4)","background-image":"","background-repeat":"repeat","background-position":"center center","background-size":"auto","background-attachment":"scroll","background-type":"","background-media":"","overlay-type":"","overlay-color":"","overlay-opacity":"","overlay-gradient":""},"mobile":{"background-color":"var(--ast-global-color-4)","background-image":"","background-repeat":"repeat","background-position":"center center","background-size":"auto","background-attachment":"scroll","background-type":"","background-media":"","overlay-type":"","overlay-color":"","overlay-opacity":"","overlay-gradient":""}},"footnotes":""},"categories":[46,1],"tags":[],"class_list":["post-33965","post","type-post","status-publish","format-standard","has-post-thumbnail","hentry","category-municipios","category-noticias"],"yoast_head":"<!-- This site is optimized with the Yoast SEO Premium plugin v23.0 (Yoast SEO v27.5) - https:\/\/yoast.com\/product\/yoast-seo-premium-wordpress\/ -->\n<title>Buscan poner en valor el predio de Aquavida en Playa Uni\u00f3n<\/title>\n<meta name=\"robots\" content=\"index, follow, max-snippet:-1, max-image-preview:large, max-video-preview:-1\" \/>\n<link rel=\"canonical\" href=\"https:\/\/patagoniambiental.com.ar\/info\/buscan-poner-en-valor-el-predio-de-aquavida-en-playa-union\/\" \/>\n<meta property=\"og:locale\" content=\"es_ES\" \/>\n<meta property=\"og:type\" content=\"article\" \/>\n<meta property=\"og:title\" content=\"Buscan poner en valor el predio de Aquavida en Playa Uni\u00f3n\" \/>\n<meta property=\"og:description\" content=\"PLAYA UNI\u00d3N.- La Municipalidad de Rawson delinea un proyecto para poner en valor el predio del Centro de Interpretaci\u00f3n Aquavida [&hellip;]\" \/>\n<meta property=\"og:url\" content=\"https:\/\/patagoniambiental.com.ar\/info\/buscan-poner-en-valor-el-predio-de-aquavida-en-playa-union\/\" \/>\n<meta property=\"og:site_name\" content=\"Patagonia Ambiental\" \/>\n<meta property=\"article:publisher\" content=\"https:\/\/www.facebook.com\/patagonia.ambiental\" \/>\n<meta property=\"article:author\" content=\"https:\/\/www.facebook.com\/share\/1C1V8Gv9BX\/?mibextid=qi2Omg\" \/>\n<meta property=\"article:published_time\" content=\"2017-08-29T12:00:33+00:00\" \/>\n<meta property=\"og:image\" content=\"https:\/\/patagoniambiental.com.ar\/info\/wp-content\/uploads\/2017\/08\/playa-uni\u00f3n.jpg\" \/>\n\t<meta property=\"og:image:width\" content=\"400\" \/>\n\t<meta property=\"og:image:height\" content=\"225\" \/>\n\t<meta property=\"og:image:type\" content=\"image\/jpeg\" \/>\n<meta name=\"author\" content=\"Patagonia Ambiental\" \/>\n<meta name=\"twitter:card\" content=\"summary_large_image\" \/>\n<meta name=\"twitter:creator\" content=\"@PatAmb\" \/>\n<meta name=\"twitter:site\" content=\"@PatAmb\" \/>\n<script type=\"application\/ld+json\" class=\"yoast-schema-graph\">{\"@context\":\"https:\\\/\\\/schema.org\",\"@graph\":[{\"@type\":\"Article\",\"@id\":\"https:\\\/\\\/patagoniambiental.com.ar\\\/info\\\/buscan-poner-en-valor-el-predio-de-aquavida-en-playa-union\\\/#article\",\"isPartOf\":{\"@id\":\"https:\\\/\\\/patagoniambiental.com.ar\\\/info\\\/buscan-poner-en-valor-el-predio-de-aquavida-en-playa-union\\\/\"},\"author\":{\"name\":\"Patagonia Ambiental\",\"@id\":\"https:\\\/\\\/patagoniambiental.com.ar\\\/info\\\/#\\\/schema\\\/person\\\/db12bff64bbcbf6a253710bf0ea37b5d\"},\"headline\":\"Buscan poner en valor el predio de Aquavida en Playa Uni\u00f3n\",\"datePublished\":\"2017-08-29T12:00:33+00:00\",\"mainEntityOfPage\":{\"@id\":\"https:\\\/\\\/patagoniambiental.com.ar\\\/info\\\/buscan-poner-en-valor-el-predio-de-aquavida-en-playa-union\\\/\"},\"wordCount\":676,\"commentCount\":0,\"publisher\":{\"@id\":\"https:\\\/\\\/patagoniambiental.com.ar\\\/info\\\/#organization\"},\"image\":{\"@id\":\"https:\\\/\\\/patagoniambiental.com.ar\\\/info\\\/buscan-poner-en-valor-el-predio-de-aquavida-en-playa-union\\\/#primaryimage\"},\"thumbnailUrl\":\"https:\\\/\\\/patagoniambiental.com.ar\\\/info\\\/wp-content\\\/uploads\\\/2017\\\/08\\\/playa-uni\u00f3n.jpg\",\"articleSection\":[\"Municipios\",\"Noticias\"],\"inLanguage\":\"es\",\"potentialAction\":[{\"@type\":\"CommentAction\",\"name\":\"Comment\",\"target\":[\"https:\\\/\\\/patagoniambiental.com.ar\\\/info\\\/buscan-poner-en-valor-el-predio-de-aquavida-en-playa-union\\\/#respond\"]}]},{\"@type\":\"WebPage\",\"@id\":\"https:\\\/\\\/patagoniambiental.com.ar\\\/info\\\/buscan-poner-en-valor-el-predio-de-aquavida-en-playa-union\\\/\",\"url\":\"https:\\\/\\\/patagoniambiental.com.ar\\\/info\\\/buscan-poner-en-valor-el-predio-de-aquavida-en-playa-union\\\/\",\"name\":\"Buscan poner en valor el predio de Aquavida en Playa Uni\u00f3n\",\"isPartOf\":{\"@id\":\"https:\\\/\\\/patagoniambiental.com.ar\\\/info\\\/#website\"},\"primaryImageOfPage\":{\"@id\":\"https:\\\/\\\/patagoniambiental.com.ar\\\/info\\\/buscan-poner-en-valor-el-predio-de-aquavida-en-playa-union\\\/#primaryimage\"},\"image\":{\"@id\":\"https:\\\/\\\/patagoniambiental.com.ar\\\/info\\\/buscan-poner-en-valor-el-predio-de-aquavida-en-playa-union\\\/#primaryimage\"},\"thumbnailUrl\":\"https:\\\/\\\/patagoniambiental.com.ar\\\/info\\\/wp-content\\\/uploads\\\/2017\\\/08\\\/playa-uni\u00f3n.jpg\",\"datePublished\":\"2017-08-29T12:00:33+00:00\",\"breadcrumb\":{\"@id\":\"https:\\\/\\\/patagoniambiental.com.ar\\\/info\\\/buscan-poner-en-valor-el-predio-de-aquavida-en-playa-union\\\/#breadcrumb\"},\"inLanguage\":\"es\",\"potentialAction\":[{\"@type\":\"ReadAction\",\"target\":[\"https:\\\/\\\/patagoniambiental.com.ar\\\/info\\\/buscan-poner-en-valor-el-predio-de-aquavida-en-playa-union\\\/\"]}]},{\"@type\":\"ImageObject\",\"inLanguage\":\"es\",\"@id\":\"https:\\\/\\\/patagoniambiental.com.ar\\\/info\\\/buscan-poner-en-valor-el-predio-de-aquavida-en-playa-union\\\/#primaryimage\",\"url\":\"https:\\\/\\\/patagoniambiental.com.ar\\\/info\\\/wp-content\\\/uploads\\\/2017\\\/08\\\/playa-uni\u00f3n.jpg\",\"contentUrl\":\"https:\\\/\\\/patagoniambiental.com.ar\\\/info\\\/wp-content\\\/uploads\\\/2017\\\/08\\\/playa-uni\u00f3n.jpg\",\"width\":400,\"height\":225},{\"@type\":\"BreadcrumbList\",\"@id\":\"https:\\\/\\\/patagoniambiental.com.ar\\\/info\\\/buscan-poner-en-valor-el-predio-de-aquavida-en-playa-union\\\/#breadcrumb\",\"itemListElement\":[{\"@type\":\"ListItem\",\"position\":1,\"name\":\"Inicio\",\"item\":\"https:\\\/\\\/patagoniambiental.com.ar\\\/info\\\/\"},{\"@type\":\"ListItem\",\"position\":2,\"name\":\"Buscan poner en valor el predio de Aquavida en Playa Uni\u00f3n\"}]},{\"@type\":\"WebSite\",\"@id\":\"https:\\\/\\\/patagoniambiental.com.ar\\\/info\\\/#website\",\"url\":\"https:\\\/\\\/patagoniambiental.com.ar\\\/info\\\/\",\"name\":\"Patagonia Ambiental\",\"description\":\"Monitoreo y an\u00e1lisis de la situaci\u00f3n geopol\u00edtica en el mundo y su implicancia en la Patagonia\",\"publisher\":{\"@id\":\"https:\\\/\\\/patagoniambiental.com.ar\\\/info\\\/#organization\"},\"potentialAction\":[{\"@type\":\"SearchAction\",\"target\":{\"@type\":\"EntryPoint\",\"urlTemplate\":\"https:\\\/\\\/patagoniambiental.com.ar\\\/info\\\/?s={search_term_string}\"},\"query-input\":{\"@type\":\"PropertyValueSpecification\",\"valueRequired\":true,\"valueName\":\"search_term_string\"}}],\"inLanguage\":\"es\"},{\"@type\":\"Organization\",\"@id\":\"https:\\\/\\\/patagoniambiental.com.ar\\\/info\\\/#organization\",\"name\":\"Patagonia Ambiental\",\"url\":\"https:\\\/\\\/patagoniambiental.com.ar\\\/info\\\/\",\"logo\":{\"@type\":\"ImageObject\",\"inLanguage\":\"es\",\"@id\":\"https:\\\/\\\/patagoniambiental.com.ar\\\/info\\\/#\\\/schema\\\/logo\\\/image\\\/\",\"url\":\"https:\\\/\\\/patagoniambiental.com.ar\\\/info\\\/wp-content\\\/uploads\\\/2025\\\/05\\\/LOGO-PATAGONIA-AMBIENTAL.png\",\"contentUrl\":\"https:\\\/\\\/patagoniambiental.com.ar\\\/info\\\/wp-content\\\/uploads\\\/2025\\\/05\\\/LOGO-PATAGONIA-AMBIENTAL.png\",\"width\":433,\"height\":250,\"caption\":\"Patagonia Ambiental\"},\"image\":{\"@id\":\"https:\\\/\\\/patagoniambiental.com.ar\\\/info\\\/#\\\/schema\\\/logo\\\/image\\\/\"},\"sameAs\":[\"https:\\\/\\\/www.facebook.com\\\/patagonia.ambiental\",\"https:\\\/\\\/x.com\\\/PatAmb\"]},{\"@type\":\"Person\",\"@id\":\"https:\\\/\\\/patagoniambiental.com.ar\\\/info\\\/#\\\/schema\\\/person\\\/db12bff64bbcbf6a253710bf0ea37b5d\",\"name\":\"Patagonia Ambiental\",\"description\":\"Andr\u00e9s Nievas T\u00e9cnico en manejo ambiental, consultor Ambiental y escritor para medios locales e internacionales sobre temas de geopolitica y medio ambiente.\",\"sameAs\":[\"http:\\\/\\\/www.patagoniambiental.com.ar\",\"https:\\\/\\\/www.facebook.com\\\/share\\\/1C1V8Gv9BX\\\/?mibextid=qi2Omg\",\"@patagoniambiental\",\"https:\\\/\\\/youtube.com\\\/@patagoniaambiental2023?si=BLt58t0wuXquxlYZ\"]}]}<\/script>\n<!-- \/ Yoast SEO Premium plugin. -->","yoast_head_json":{"title":"Buscan poner en valor el predio de Aquavida en Playa Uni\u00f3n","robots":{"index":"index","follow":"follow","max-snippet":"max-snippet:-1","max-image-preview":"max-image-preview:large","max-video-preview":"max-video-preview:-1"},"canonical":"https:\/\/patagoniambiental.com.ar\/info\/buscan-poner-en-valor-el-predio-de-aquavida-en-playa-union\/","og_locale":"es_ES","og_type":"article","og_title":"Buscan poner en valor el predio de Aquavida en Playa Uni\u00f3n","og_description":"PLAYA UNI\u00d3N.- La Municipalidad de Rawson delinea un proyecto para poner en valor el predio del Centro de Interpretaci\u00f3n Aquavida [&hellip;]","og_url":"https:\/\/patagoniambiental.com.ar\/info\/buscan-poner-en-valor-el-predio-de-aquavida-en-playa-union\/","og_site_name":"Patagonia Ambiental","article_publisher":"https:\/\/www.facebook.com\/patagonia.ambiental","article_author":"https:\/\/www.facebook.com\/share\/1C1V8Gv9BX\/?mibextid=qi2Omg","article_published_time":"2017-08-29T12:00:33+00:00","og_image":[{"width":400,"height":225,"url":"https:\/\/patagoniambiental.com.ar\/info\/wp-content\/uploads\/2017\/08\/playa-uni\u00f3n.jpg","type":"image\/jpeg"}],"author":"Patagonia Ambiental","twitter_card":"summary_large_image","twitter_creator":"@PatAmb","twitter_site":"@PatAmb","schema":{"@context":"https:\/\/schema.org","@graph":[{"@type":"Article","@id":"https:\/\/patagoniambiental.com.ar\/info\/buscan-poner-en-valor-el-predio-de-aquavida-en-playa-union\/#article","isPartOf":{"@id":"https:\/\/patagoniambiental.com.ar\/info\/buscan-poner-en-valor-el-predio-de-aquavida-en-playa-union\/"},"author":{"name":"Patagonia Ambiental","@id":"https:\/\/patagoniambiental.com.ar\/info\/#\/schema\/person\/db12bff64bbcbf6a253710bf0ea37b5d"},"headline":"Buscan poner en valor el predio de Aquavida en Playa Uni\u00f3n","datePublished":"2017-08-29T12:00:33+00:00","mainEntityOfPage":{"@id":"https:\/\/patagoniambiental.com.ar\/info\/buscan-poner-en-valor-el-predio-de-aquavida-en-playa-union\/"},"wordCount":676,"commentCount":0,"publisher":{"@id":"https:\/\/patagoniambiental.com.ar\/info\/#organization"},"image":{"@id":"https:\/\/patagoniambiental.com.ar\/info\/buscan-poner-en-valor-el-predio-de-aquavida-en-playa-union\/#primaryimage"},"thumbnailUrl":"https:\/\/patagoniambiental.com.ar\/info\/wp-content\/uploads\/2017\/08\/playa-uni\u00f3n.jpg","articleSection":["Municipios","Noticias"],"inLanguage":"es","potentialAction":[{"@type":"CommentAction","name":"Comment","target":["https:\/\/patagoniambiental.com.ar\/info\/buscan-poner-en-valor-el-predio-de-aquavida-en-playa-union\/#respond"]}]},{"@type":"WebPage","@id":"https:\/\/patagoniambiental.com.ar\/info\/buscan-poner-en-valor-el-predio-de-aquavida-en-playa-union\/","url":"https:\/\/patagoniambiental.com.ar\/info\/buscan-poner-en-valor-el-predio-de-aquavida-en-playa-union\/","name":"Buscan poner en valor el predio de Aquavida en Playa Uni\u00f3n","isPartOf":{"@id":"https:\/\/patagoniambiental.com.ar\/info\/#website"},"primaryImageOfPage":{"@id":"https:\/\/patagoniambiental.com.ar\/info\/buscan-poner-en-valor-el-predio-de-aquavida-en-playa-union\/#primaryimage"},"image":{"@id":"https:\/\/patagoniambiental.com.ar\/info\/buscan-poner-en-valor-el-predio-de-aquavida-en-playa-union\/#primaryimage"},"thumbnailUrl":"https:\/\/patagoniambiental.com.ar\/info\/wp-content\/uploads\/2017\/08\/playa-uni\u00f3n.jpg","datePublished":"2017-08-29T12:00:33+00:00","breadcrumb":{"@id":"https:\/\/patagoniambiental.com.ar\/info\/buscan-poner-en-valor-el-predio-de-aquavida-en-playa-union\/#breadcrumb"},"inLanguage":"es","potentialAction":[{"@type":"ReadAction","target":["https:\/\/patagoniambiental.com.ar\/info\/buscan-poner-en-valor-el-predio-de-aquavida-en-playa-union\/"]}]},{"@type":"ImageObject","inLanguage":"es","@id":"https:\/\/patagoniambiental.com.ar\/info\/buscan-poner-en-valor-el-predio-de-aquavida-en-playa-union\/#primaryimage","url":"https:\/\/patagoniambiental.com.ar\/info\/wp-content\/uploads\/2017\/08\/playa-uni\u00f3n.jpg","contentUrl":"https:\/\/patagoniambiental.com.ar\/info\/wp-content\/uploads\/2017\/08\/playa-uni\u00f3n.jpg","width":400,"height":225},{"@type":"BreadcrumbList","@id":"https:\/\/patagoniambiental.com.ar\/info\/buscan-poner-en-valor-el-predio-de-aquavida-en-playa-union\/#breadcrumb","itemListElement":[{"@type":"ListItem","position":1,"name":"Inicio","item":"https:\/\/patagoniambiental.com.ar\/info\/"},{"@type":"ListItem","position":2,"name":"Buscan poner en valor el predio de Aquavida en Playa Uni\u00f3n"}]},{"@type":"WebSite","@id":"https:\/\/patagoniambiental.com.ar\/info\/#website","url":"https:\/\/patagoniambiental.com.ar\/info\/","name":"Patagonia Ambiental","description":"Monitoreo y an\u00e1lisis de la situaci\u00f3n geopol\u00edtica en el mundo y su implicancia en la Patagonia","publisher":{"@id":"https:\/\/patagoniambiental.com.ar\/info\/#organization"},"potentialAction":[{"@type":"SearchAction","target":{"@type":"EntryPoint","urlTemplate":"https:\/\/patagoniambiental.com.ar\/info\/?s={search_term_string}"},"query-input":{"@type":"PropertyValueSpecification","valueRequired":true,"valueName":"search_term_string"}}],"inLanguage":"es"},{"@type":"Organization","@id":"https:\/\/patagoniambiental.com.ar\/info\/#organization","name":"Patagonia Ambiental","url":"https:\/\/patagoniambiental.com.ar\/info\/","logo":{"@type":"ImageObject","inLanguage":"es","@id":"https:\/\/patagoniambiental.com.ar\/info\/#\/schema\/logo\/image\/","url":"https:\/\/patagoniambiental.com.ar\/info\/wp-content\/uploads\/2025\/05\/LOGO-PATAGONIA-AMBIENTAL.png","contentUrl":"https:\/\/patagoniambiental.com.ar\/info\/wp-content\/uploads\/2025\/05\/LOGO-PATAGONIA-AMBIENTAL.png","width":433,"height":250,"caption":"Patagonia Ambiental"},"image":{"@id":"https:\/\/patagoniambiental.com.ar\/info\/#\/schema\/logo\/image\/"},"sameAs":["https:\/\/www.facebook.com\/patagonia.ambiental","https:\/\/x.com\/PatAmb"]},{"@type":"Person","@id":"https:\/\/patagoniambiental.com.ar\/info\/#\/schema\/person\/db12bff64bbcbf6a253710bf0ea37b5d","name":"Patagonia Ambiental","description":"Andr\u00e9s Nievas T\u00e9cnico en manejo ambiental, consultor Ambiental y escritor para medios locales e internacionales sobre temas de geopolitica y medio ambiente.","sameAs":["http:\/\/www.patagoniambiental.com.ar","https:\/\/www.facebook.com\/share\/1C1V8Gv9BX\/?mibextid=qi2Omg","@patagoniambiental","https:\/\/youtube.com\/@patagoniaambiental2023?si=BLt58t0wuXquxlYZ"]}]}},"_links":{"self":[{"href":"https:\/\/patagoniambiental.com.ar\/info\/wp-json\/wp\/v2\/posts\/33965","targetHints":{"allow":["GET"]}}],"collection":[{"href":"https:\/\/patagoniambiental.com.ar\/info\/wp-json\/wp\/v2\/posts"}],"about":[{"href":"https:\/\/patagoniambiental.com.ar\/info\/wp-json\/wp\/v2\/types\/post"}],"author":[{"embeddable":true,"href":"https:\/\/patagoniambiental.com.ar\/info\/wp-json\/wp\/v2\/users\/2"}],"replies":[{"embeddable":true,"href":"https:\/\/patagoniambiental.com.ar\/info\/wp-json\/wp\/v2\/comments?post=33965"}],"version-history":[{"count":0,"href":"https:\/\/patagoniambiental.com.ar\/info\/wp-json\/wp\/v2\/posts\/33965\/revisions"}],"wp:featuredmedia":[{"embeddable":true,"href":"https:\/\/patagoniambiental.com.ar\/info\/wp-json\/wp\/v2\/media\/33966"}],"wp:attachment":[{"href":"https:\/\/patagoniambiental.com.ar\/info\/wp-json\/wp\/v2\/media?parent=33965"}],"wp:term":[{"taxonomy":"category","embeddable":true,"href":"https:\/\/patagoniambiental.com.ar\/info\/wp-json\/wp\/v2\/categories?post=33965"},{"taxonomy":"post_tag","embeddable":true,"href":"https:\/\/patagoniambiental.com.ar\/info\/wp-json\/wp\/v2\/tags?post=33965"}],"curies":[{"name":"wp","href":"https:\/\/api.w.org\/{rel}","templated":true}]}}