{"id":33968,"date":"2017-08-29T09:00:58","date_gmt":"2017-08-29T12:00:58","guid":{"rendered":"http:\/\/patagoniambiental.com.ar\/info\/?p=33968"},"modified":"2017-08-28T20:32:38","modified_gmt":"2017-08-28T23:32:38","slug":"el-gobierno-aprobo-la-construccion-de-las-represas-sobre-el-rio-santa-cruz","status":"publish","type":"post","link":"https:\/\/patagoniambiental.com.ar\/info\/el-gobierno-aprobo-la-construccion-de-las-represas-sobre-el-rio-santa-cruz\/","title":{"rendered":"El Gobierno aprob\u00f3 la construcci\u00f3n de las represas sobre el r\u00edo Santa Cruz"},"content":{"rendered":"<p>El Gobierno nacional aprob\u00f3 la construcci\u00f3n de las represas Presidente N\u00e9stor Kirchner y Gobernador Jorge Cepernic sobre el r\u00edo Santa Cruz, mediante una resoluci\u00f3n conjunta de los ministerios de Energ\u00eda y Miner\u00eda, y de Ambiente y Desarrollo Sustentable que adem\u00e1s dispone que se adopten las recomendaciones del informe de impacto ambiental aprobado en audiencias p\u00fablicas.<\/p>\n<p>El freno en el complejo santacruce\u00f1o<strong><a href=\"https:\/\/www.cronista.com\/economiapolitica\/Buscan-levantar-cautelar-para-destrabar-creditos-chinos-por-us-20.000-millones-20170720-0016.html\">\u00a0gener\u00f3 malestar en las autoridades chinas<\/a><\/strong>\u00a0que ya hab\u00edan aportaron u$s 800 millones sobre un total de u$s 4730 millones y no observaban\u00a0resultados ni avances en la construcci\u00f3n.<\/p>\n<p>Las autoridades asi\u00e1ticas le\u00a0hicieron saber a Macri ese malestar en la gira de mayo pasado, cuando dejaron en stand by la posibilidad de aprobar cr\u00e9ditos por m\u00e1s de u$s 20.000 millones para obras de infraestructura<\/p>\n<p>La norma se publica en el Bolet\u00edn Oficial con las firmas de los ministros Juan Jos\u00e9 Aranguren y Sergio Bergman, y destaca el cumplimiento de lo ordenado por la Corte Suprema de Justicia de la Naci\u00f3n, que supedit\u00f3 el inicio de los trabajos de ambas represas a la realizaci\u00f3n de dicha audiencia.<\/p>\n<p>\u201cLa evaluaci\u00f3n de las consecuencias ambientales de las obras es una pol\u00edtica nacional que el Estado ejercita y fomenta tanto en proyectos privados como p\u00fablicos, como garante del derecho a gozar de un ambiente sano, equilibrado, apto para el desarrollo humano y sustentable\u201d, indica la resoluci\u00f3n conjunta 3-E 2017.<\/p>\n<p>Agrega que \u201cde los informes recibidos de los senadores y diputados de la Naci\u00f3n se desprende el muy amplio consenso pol\u00edtico\u201d sobre el estudio de impacto ambiental y se\u00f1ala que los funcionarios intervinientes en el an\u00e1lisis de factibilidad de las obras \u201cpresentaron argumentos s\u00f3lidos\u201d que avalan su ejecuci\u00f3n.<\/p>\n<p>La resoluci\u00f3n se\u00f1ala adem\u00e1s que las organizaciones no gubernamentales ambientalistas y los ciudadanos que participaron de la audiencia p\u00fablica aportaron \u201celementos de juicio relevantes\u201d, en particular sobre los aspectos del desacople hidr\u00e1ulico entre la represa Kirchner y el Lago Argentino; los posibles impactos sobre los glaciares; el estudio espec\u00edfico de impacto ambiental sobre la l\u00ednea de alta tensi\u00f3n que conectar\u00e1 a las represas con el Sistema Argentino de Interconexi\u00f3n (SADI); y la necesidad de di\u00e1logo con las comunidades abor\u00edgenes, entre otros.<\/p>\n<p>En uno de sus dos anexos, la resoluci\u00f3n recuerda que<strong>\u00a0los aprovechamientos implican incorporar al parque de generaci\u00f3n el\u00e9ctrica del pa\u00eds 1.310 Mw de capacidad hidroel\u00e9ctrica<\/strong>, que representan aproximadamente un 5% de la capacidad disponible de generaci\u00f3n existente.<\/p>\n<p>La generaci\u00f3n hidroel\u00e9ctrica prevista se estima en un promedio de 5.171 GWh de energ\u00eda firme, que representa tambi\u00e9n un 5% de la demanda el\u00e9ctrica del pa\u00eds, y es \u201cde car\u00e1cter eminentemente renovable que, por definici\u00f3n, resulta energ\u00eda producida a partir de un recurso que no se agota por su utilizaci\u00f3n\u201d.<\/p>\n<p>\u201cDesde el punto de vista de la matriz energ\u00e9tica del pa\u00eds, las obras mencionadas contribuyen a la diversificaci\u00f3n, reemplazando una parte de lo producido a partir de combustibles f\u00f3siles que, en la actualidad, representa el 87% de la energ\u00eda primaria consumida\u201d, agrega la resoluci\u00f3n.<\/p>\n<p>De este modo se contribuir\u00e1 a \u201cgenerar condiciones \u00f3ptimas para incorporar al Sistema Argentino de Interconexi\u00f3n otras fuentes de generaci\u00f3n energ\u00e9ticas renovables, tales como la e\u00f3lica, que requieren la existencia de fuentes de generaci\u00f3n continua que otorgue estabilidad y confiabilidad al sistema\u201d.<\/p>\n<p>La resoluci\u00f3n estima que los aprovechamientos sobre el r\u00edo Santa Cruz permitir\u00e1n la incorporaci\u00f3n de unos 2.200 GWh de energ\u00eda media anual adicional de origen e\u00f3lico y compensar\u00e1 su oferta, de car\u00e1cter intermitente.<\/p>\n<p>A la vez, la medida de las carteras de Energ\u00eda y Ambiente resalta que la no utilizaci\u00f3n de combustibles f\u00f3siles para le generaci\u00f3n de energ\u00eda el\u00e9ctrica evitar\u00e1 la emisi\u00f3n de aproximadamente 2,5 millones de toneladas de gases de efecto invernadero y permitir\u00e1 dar cumplimiento a los compromisos asumidos en el Acuerdo de Par\u00eds sobre el cambio clim\u00e1tico.<\/p>\n<div>\u00a0Fuente. EL Cronista<\/div>\n","protected":false},"excerpt":{"rendered":"<p>El Gobierno nacional aprob\u00f3 la construcci\u00f3n de las represas Presidente N\u00e9stor Kirchner y Gobernador Jorge Cepernic sobre el r\u00edo Santa [&hellip;]<\/p>\n","protected":false},"author":2,"featured_media":33969,"comment_status":"open","ping_status":"open","sticky":false,"template":"","format":"standard","meta":{"site-sidebar-layout":"default","site-content-layout":"","ast-site-content-layout":"default","site-content-style":"default","site-sidebar-style":"default","ast-global-header-display":"","ast-banner-title-visibility":"","ast-main-header-display":"","ast-hfb-above-header-display":"","ast-hfb-below-header-display":"","ast-hfb-mobile-header-display":"","site-post-title":"","ast-breadcrumbs-content":"","ast-featured-img":"","footer-sml-layout":"","ast-disable-related-posts":"","theme-transparent-header-meta":"","adv-header-id-meta":"","stick-header-meta":"","header-above-stick-meta":"","header-main-stick-meta":"","header-below-stick-meta":"","astra-migrate-meta-layouts":"default","ast-page-background-enabled":"default","ast-page-background-meta":{"desktop":{"background-color":"var(--ast-global-color-5)","background-image":"","background-repeat":"repeat","background-position":"center center","background-size":"auto","background-attachment":"scroll","background-type":"","background-media":"","overlay-type":"","overlay-color":"","overlay-opacity":"","overlay-gradient":""},"tablet":{"background-color":"","background-image":"","background-repeat":"repeat","background-position":"center center","background-size":"auto","background-attachment":"scroll","background-type":"","background-media":"","overlay-type":"","overlay-color":"","overlay-opacity":"","overlay-gradient":""},"mobile":{"background-color":"","background-image":"","background-repeat":"repeat","background-position":"center center","background-size":"auto","background-attachment":"scroll","background-type":"","background-media":"","overlay-type":"","overlay-color":"","overlay-opacity":"","overlay-gradient":""}},"ast-content-background-meta":{"desktop":{"background-color":"var(--ast-global-color-4)","background-image":"","background-repeat":"repeat","background-position":"center center","background-size":"auto","background-attachment":"scroll","background-type":"","background-media":"","overlay-type":"","overlay-color":"","overlay-opacity":"","overlay-gradient":""},"tablet":{"background-color":"var(--ast-global-color-4)","background-image":"","background-repeat":"repeat","background-position":"center center","background-size":"auto","background-attachment":"scroll","background-type":"","background-media":"","overlay-type":"","overlay-color":"","overlay-opacity":"","overlay-gradient":""},"mobile":{"background-color":"var(--ast-global-color-4)","background-image":"","background-repeat":"repeat","background-position":"center center","background-size":"auto","background-attachment":"scroll","background-type":"","background-media":"","overlay-type":"","overlay-color":"","overlay-opacity":"","overlay-gradient":""}},"footnotes":""},"categories":[26,1,10],"tags":[],"class_list":["post-33968","post","type-post","status-publish","format-standard","has-post-thumbnail","hentry","category-chubut","category-noticias","category-rotador"],"yoast_head":"<!-- This site is optimized with the Yoast SEO Premium plugin v23.0 (Yoast SEO v27.5) - https:\/\/yoast.com\/product\/yoast-seo-premium-wordpress\/ -->\n<title>El Gobierno aprob\u00f3 la construcci\u00f3n de las represas sobre el r\u00edo Santa Cruz<\/title>\n<meta name=\"robots\" content=\"index, follow, max-snippet:-1, max-image-preview:large, max-video-preview:-1\" \/>\n<link rel=\"canonical\" href=\"https:\/\/patagoniambiental.com.ar\/info\/el-gobierno-aprobo-la-construccion-de-las-represas-sobre-el-rio-santa-cruz\/\" \/>\n<meta property=\"og:locale\" content=\"es_ES\" \/>\n<meta property=\"og:type\" content=\"article\" \/>\n<meta property=\"og:title\" content=\"El Gobierno aprob\u00f3 la construcci\u00f3n de las represas sobre el r\u00edo Santa Cruz\" \/>\n<meta property=\"og:description\" content=\"El Gobierno nacional aprob\u00f3 la construcci\u00f3n de las represas Presidente N\u00e9stor Kirchner y Gobernador Jorge Cepernic sobre el r\u00edo Santa [&hellip;]\" \/>\n<meta property=\"og:url\" content=\"https:\/\/patagoniambiental.com.ar\/info\/el-gobierno-aprobo-la-construccion-de-las-represas-sobre-el-rio-santa-cruz\/\" \/>\n<meta property=\"og:site_name\" content=\"Patagonia Ambiental\" \/>\n<meta property=\"article:publisher\" content=\"https:\/\/www.facebook.com\/patagonia.ambiental\" \/>\n<meta property=\"article:author\" content=\"https:\/\/www.facebook.com\/share\/1C1V8Gv9BX\/?mibextid=qi2Omg\" \/>\n<meta property=\"article:published_time\" content=\"2017-08-29T12:00:58+00:00\" \/>\n<meta property=\"og:image\" content=\"https:\/\/patagoniambiental.com.ar\/info\/wp-content\/uploads\/2017\/08\/represas_kirchner_cepernic.jpg_258117318.jpg\" \/>\n\t<meta property=\"og:image:width\" content=\"829\" \/>\n\t<meta property=\"og:image:height\" content=\"466\" \/>\n\t<meta property=\"og:image:type\" content=\"image\/jpeg\" \/>\n<meta name=\"author\" content=\"Patagonia Ambiental\" \/>\n<meta name=\"twitter:card\" content=\"summary_large_image\" \/>\n<meta name=\"twitter:creator\" content=\"@PatAmb\" \/>\n<meta name=\"twitter:site\" content=\"@PatAmb\" \/>\n<script type=\"application\/ld+json\" class=\"yoast-schema-graph\">{\"@context\":\"https:\\\/\\\/schema.org\",\"@graph\":[{\"@type\":\"Article\",\"@id\":\"https:\\\/\\\/patagoniambiental.com.ar\\\/info\\\/el-gobierno-aprobo-la-construccion-de-las-represas-sobre-el-rio-santa-cruz\\\/#article\",\"isPartOf\":{\"@id\":\"https:\\\/\\\/patagoniambiental.com.ar\\\/info\\\/el-gobierno-aprobo-la-construccion-de-las-represas-sobre-el-rio-santa-cruz\\\/\"},\"author\":{\"name\":\"Patagonia Ambiental\",\"@id\":\"https:\\\/\\\/patagoniambiental.com.ar\\\/info\\\/#\\\/schema\\\/person\\\/db12bff64bbcbf6a253710bf0ea37b5d\"},\"headline\":\"El Gobierno aprob\u00f3 la construcci\u00f3n de las represas sobre el r\u00edo Santa Cruz\",\"datePublished\":\"2017-08-29T12:00:58+00:00\",\"mainEntityOfPage\":{\"@id\":\"https:\\\/\\\/patagoniambiental.com.ar\\\/info\\\/el-gobierno-aprobo-la-construccion-de-las-represas-sobre-el-rio-santa-cruz\\\/\"},\"wordCount\":711,\"commentCount\":0,\"publisher\":{\"@id\":\"https:\\\/\\\/patagoniambiental.com.ar\\\/info\\\/#organization\"},\"image\":{\"@id\":\"https:\\\/\\\/patagoniambiental.com.ar\\\/info\\\/el-gobierno-aprobo-la-construccion-de-las-represas-sobre-el-rio-santa-cruz\\\/#primaryimage\"},\"thumbnailUrl\":\"https:\\\/\\\/patagoniambiental.com.ar\\\/info\\\/wp-content\\\/uploads\\\/2017\\\/08\\\/represas_kirchner_cepernic.jpg_258117318.jpg\",\"articleSection\":[\"Chubut\",\"Noticias\",\"Rotador\"],\"inLanguage\":\"es\",\"potentialAction\":[{\"@type\":\"CommentAction\",\"name\":\"Comment\",\"target\":[\"https:\\\/\\\/patagoniambiental.com.ar\\\/info\\\/el-gobierno-aprobo-la-construccion-de-las-represas-sobre-el-rio-santa-cruz\\\/#respond\"]}]},{\"@type\":\"WebPage\",\"@id\":\"https:\\\/\\\/patagoniambiental.com.ar\\\/info\\\/el-gobierno-aprobo-la-construccion-de-las-represas-sobre-el-rio-santa-cruz\\\/\",\"url\":\"https:\\\/\\\/patagoniambiental.com.ar\\\/info\\\/el-gobierno-aprobo-la-construccion-de-las-represas-sobre-el-rio-santa-cruz\\\/\",\"name\":\"El Gobierno aprob\u00f3 la construcci\u00f3n de las represas sobre el r\u00edo Santa Cruz\",\"isPartOf\":{\"@id\":\"https:\\\/\\\/patagoniambiental.com.ar\\\/info\\\/#website\"},\"primaryImageOfPage\":{\"@id\":\"https:\\\/\\\/patagoniambiental.com.ar\\\/info\\\/el-gobierno-aprobo-la-construccion-de-las-represas-sobre-el-rio-santa-cruz\\\/#primaryimage\"},\"image\":{\"@id\":\"https:\\\/\\\/patagoniambiental.com.ar\\\/info\\\/el-gobierno-aprobo-la-construccion-de-las-represas-sobre-el-rio-santa-cruz\\\/#primaryimage\"},\"thumbnailUrl\":\"https:\\\/\\\/patagoniambiental.com.ar\\\/info\\\/wp-content\\\/uploads\\\/2017\\\/08\\\/represas_kirchner_cepernic.jpg_258117318.jpg\",\"datePublished\":\"2017-08-29T12:00:58+00:00\",\"breadcrumb\":{\"@id\":\"https:\\\/\\\/patagoniambiental.com.ar\\\/info\\\/el-gobierno-aprobo-la-construccion-de-las-represas-sobre-el-rio-santa-cruz\\\/#breadcrumb\"},\"inLanguage\":\"es\",\"potentialAction\":[{\"@type\":\"ReadAction\",\"target\":[\"https:\\\/\\\/patagoniambiental.com.ar\\\/info\\\/el-gobierno-aprobo-la-construccion-de-las-represas-sobre-el-rio-santa-cruz\\\/\"]}]},{\"@type\":\"ImageObject\",\"inLanguage\":\"es\",\"@id\":\"https:\\\/\\\/patagoniambiental.com.ar\\\/info\\\/el-gobierno-aprobo-la-construccion-de-las-represas-sobre-el-rio-santa-cruz\\\/#primaryimage\",\"url\":\"https:\\\/\\\/patagoniambiental.com.ar\\\/info\\\/wp-content\\\/uploads\\\/2017\\\/08\\\/represas_kirchner_cepernic.jpg_258117318.jpg\",\"contentUrl\":\"https:\\\/\\\/patagoniambiental.com.ar\\\/info\\\/wp-content\\\/uploads\\\/2017\\\/08\\\/represas_kirchner_cepernic.jpg_258117318.jpg\",\"width\":829,\"height\":466},{\"@type\":\"BreadcrumbList\",\"@id\":\"https:\\\/\\\/patagoniambiental.com.ar\\\/info\\\/el-gobierno-aprobo-la-construccion-de-las-represas-sobre-el-rio-santa-cruz\\\/#breadcrumb\",\"itemListElement\":[{\"@type\":\"ListItem\",\"position\":1,\"name\":\"Inicio\",\"item\":\"https:\\\/\\\/patagoniambiental.com.ar\\\/info\\\/\"},{\"@type\":\"ListItem\",\"position\":2,\"name\":\"El Gobierno aprob\u00f3 la construcci\u00f3n de las represas sobre el r\u00edo Santa Cruz\"}]},{\"@type\":\"WebSite\",\"@id\":\"https:\\\/\\\/patagoniambiental.com.ar\\\/info\\\/#website\",\"url\":\"https:\\\/\\\/patagoniambiental.com.ar\\\/info\\\/\",\"name\":\"Patagonia Ambiental\",\"description\":\"Monitoreo y an\u00e1lisis de la situaci\u00f3n geopol\u00edtica en el mundo y su implicancia en la Patagonia\",\"publisher\":{\"@id\":\"https:\\\/\\\/patagoniambiental.com.ar\\\/info\\\/#organization\"},\"potentialAction\":[{\"@type\":\"SearchAction\",\"target\":{\"@type\":\"EntryPoint\",\"urlTemplate\":\"https:\\\/\\\/patagoniambiental.com.ar\\\/info\\\/?s={search_term_string}\"},\"query-input\":{\"@type\":\"PropertyValueSpecification\",\"valueRequired\":true,\"valueName\":\"search_term_string\"}}],\"inLanguage\":\"es\"},{\"@type\":\"Organization\",\"@id\":\"https:\\\/\\\/patagoniambiental.com.ar\\\/info\\\/#organization\",\"name\":\"Patagonia Ambiental\",\"url\":\"https:\\\/\\\/patagoniambiental.com.ar\\\/info\\\/\",\"logo\":{\"@type\":\"ImageObject\",\"inLanguage\":\"es\",\"@id\":\"https:\\\/\\\/patagoniambiental.com.ar\\\/info\\\/#\\\/schema\\\/logo\\\/image\\\/\",\"url\":\"https:\\\/\\\/patagoniambiental.com.ar\\\/info\\\/wp-content\\\/uploads\\\/2025\\\/05\\\/LOGO-PATAGONIA-AMBIENTAL.png\",\"contentUrl\":\"https:\\\/\\\/patagoniambiental.com.ar\\\/info\\\/wp-content\\\/uploads\\\/2025\\\/05\\\/LOGO-PATAGONIA-AMBIENTAL.png\",\"width\":433,\"height\":250,\"caption\":\"Patagonia Ambiental\"},\"image\":{\"@id\":\"https:\\\/\\\/patagoniambiental.com.ar\\\/info\\\/#\\\/schema\\\/logo\\\/image\\\/\"},\"sameAs\":[\"https:\\\/\\\/www.facebook.com\\\/patagonia.ambiental\",\"https:\\\/\\\/x.com\\\/PatAmb\"]},{\"@type\":\"Person\",\"@id\":\"https:\\\/\\\/patagoniambiental.com.ar\\\/info\\\/#\\\/schema\\\/person\\\/db12bff64bbcbf6a253710bf0ea37b5d\",\"name\":\"Patagonia Ambiental\",\"description\":\"Andr\u00e9s Nievas T\u00e9cnico en manejo ambiental, consultor Ambiental y escritor para medios locales e internacionales sobre temas de geopolitica y medio ambiente.\",\"sameAs\":[\"http:\\\/\\\/www.patagoniambiental.com.ar\",\"https:\\\/\\\/www.facebook.com\\\/share\\\/1C1V8Gv9BX\\\/?mibextid=qi2Omg\",\"@patagoniambiental\",\"https:\\\/\\\/youtube.com\\\/@patagoniaambiental2023?si=BLt58t0wuXquxlYZ\"]}]}<\/script>\n<!-- \/ Yoast SEO Premium plugin. -->","yoast_head_json":{"title":"El Gobierno aprob\u00f3 la construcci\u00f3n de las represas sobre el r\u00edo Santa Cruz","robots":{"index":"index","follow":"follow","max-snippet":"max-snippet:-1","max-image-preview":"max-image-preview:large","max-video-preview":"max-video-preview:-1"},"canonical":"https:\/\/patagoniambiental.com.ar\/info\/el-gobierno-aprobo-la-construccion-de-las-represas-sobre-el-rio-santa-cruz\/","og_locale":"es_ES","og_type":"article","og_title":"El Gobierno aprob\u00f3 la construcci\u00f3n de las represas sobre el r\u00edo Santa Cruz","og_description":"El Gobierno nacional aprob\u00f3 la construcci\u00f3n de las represas Presidente N\u00e9stor Kirchner y Gobernador Jorge Cepernic sobre el r\u00edo Santa [&hellip;]","og_url":"https:\/\/patagoniambiental.com.ar\/info\/el-gobierno-aprobo-la-construccion-de-las-represas-sobre-el-rio-santa-cruz\/","og_site_name":"Patagonia Ambiental","article_publisher":"https:\/\/www.facebook.com\/patagonia.ambiental","article_author":"https:\/\/www.facebook.com\/share\/1C1V8Gv9BX\/?mibextid=qi2Omg","article_published_time":"2017-08-29T12:00:58+00:00","og_image":[{"width":829,"height":466,"url":"https:\/\/patagoniambiental.com.ar\/info\/wp-content\/uploads\/2017\/08\/represas_kirchner_cepernic.jpg_258117318.jpg","type":"image\/jpeg"}],"author":"Patagonia Ambiental","twitter_card":"summary_large_image","twitter_creator":"@PatAmb","twitter_site":"@PatAmb","schema":{"@context":"https:\/\/schema.org","@graph":[{"@type":"Article","@id":"https:\/\/patagoniambiental.com.ar\/info\/el-gobierno-aprobo-la-construccion-de-las-represas-sobre-el-rio-santa-cruz\/#article","isPartOf":{"@id":"https:\/\/patagoniambiental.com.ar\/info\/el-gobierno-aprobo-la-construccion-de-las-represas-sobre-el-rio-santa-cruz\/"},"author":{"name":"Patagonia Ambiental","@id":"https:\/\/patagoniambiental.com.ar\/info\/#\/schema\/person\/db12bff64bbcbf6a253710bf0ea37b5d"},"headline":"El Gobierno aprob\u00f3 la construcci\u00f3n de las represas sobre el r\u00edo Santa Cruz","datePublished":"2017-08-29T12:00:58+00:00","mainEntityOfPage":{"@id":"https:\/\/patagoniambiental.com.ar\/info\/el-gobierno-aprobo-la-construccion-de-las-represas-sobre-el-rio-santa-cruz\/"},"wordCount":711,"commentCount":0,"publisher":{"@id":"https:\/\/patagoniambiental.com.ar\/info\/#organization"},"image":{"@id":"https:\/\/patagoniambiental.com.ar\/info\/el-gobierno-aprobo-la-construccion-de-las-represas-sobre-el-rio-santa-cruz\/#primaryimage"},"thumbnailUrl":"https:\/\/patagoniambiental.com.ar\/info\/wp-content\/uploads\/2017\/08\/represas_kirchner_cepernic.jpg_258117318.jpg","articleSection":["Chubut","Noticias","Rotador"],"inLanguage":"es","potentialAction":[{"@type":"CommentAction","name":"Comment","target":["https:\/\/patagoniambiental.com.ar\/info\/el-gobierno-aprobo-la-construccion-de-las-represas-sobre-el-rio-santa-cruz\/#respond"]}]},{"@type":"WebPage","@id":"https:\/\/patagoniambiental.com.ar\/info\/el-gobierno-aprobo-la-construccion-de-las-represas-sobre-el-rio-santa-cruz\/","url":"https:\/\/patagoniambiental.com.ar\/info\/el-gobierno-aprobo-la-construccion-de-las-represas-sobre-el-rio-santa-cruz\/","name":"El Gobierno aprob\u00f3 la construcci\u00f3n de las represas sobre el r\u00edo Santa Cruz","isPartOf":{"@id":"https:\/\/patagoniambiental.com.ar\/info\/#website"},"primaryImageOfPage":{"@id":"https:\/\/patagoniambiental.com.ar\/info\/el-gobierno-aprobo-la-construccion-de-las-represas-sobre-el-rio-santa-cruz\/#primaryimage"},"image":{"@id":"https:\/\/patagoniambiental.com.ar\/info\/el-gobierno-aprobo-la-construccion-de-las-represas-sobre-el-rio-santa-cruz\/#primaryimage"},"thumbnailUrl":"https:\/\/patagoniambiental.com.ar\/info\/wp-content\/uploads\/2017\/08\/represas_kirchner_cepernic.jpg_258117318.jpg","datePublished":"2017-08-29T12:00:58+00:00","breadcrumb":{"@id":"https:\/\/patagoniambiental.com.ar\/info\/el-gobierno-aprobo-la-construccion-de-las-represas-sobre-el-rio-santa-cruz\/#breadcrumb"},"inLanguage":"es","potentialAction":[{"@type":"ReadAction","target":["https:\/\/patagoniambiental.com.ar\/info\/el-gobierno-aprobo-la-construccion-de-las-represas-sobre-el-rio-santa-cruz\/"]}]},{"@type":"ImageObject","inLanguage":"es","@id":"https:\/\/patagoniambiental.com.ar\/info\/el-gobierno-aprobo-la-construccion-de-las-represas-sobre-el-rio-santa-cruz\/#primaryimage","url":"https:\/\/patagoniambiental.com.ar\/info\/wp-content\/uploads\/2017\/08\/represas_kirchner_cepernic.jpg_258117318.jpg","contentUrl":"https:\/\/patagoniambiental.com.ar\/info\/wp-content\/uploads\/2017\/08\/represas_kirchner_cepernic.jpg_258117318.jpg","width":829,"height":466},{"@type":"BreadcrumbList","@id":"https:\/\/patagoniambiental.com.ar\/info\/el-gobierno-aprobo-la-construccion-de-las-represas-sobre-el-rio-santa-cruz\/#breadcrumb","itemListElement":[{"@type":"ListItem","position":1,"name":"Inicio","item":"https:\/\/patagoniambiental.com.ar\/info\/"},{"@type":"ListItem","position":2,"name":"El Gobierno aprob\u00f3 la construcci\u00f3n de las represas sobre el r\u00edo Santa Cruz"}]},{"@type":"WebSite","@id":"https:\/\/patagoniambiental.com.ar\/info\/#website","url":"https:\/\/patagoniambiental.com.ar\/info\/","name":"Patagonia Ambiental","description":"Monitoreo y an\u00e1lisis de la situaci\u00f3n geopol\u00edtica en el mundo y su implicancia en la Patagonia","publisher":{"@id":"https:\/\/patagoniambiental.com.ar\/info\/#organization"},"potentialAction":[{"@type":"SearchAction","target":{"@type":"EntryPoint","urlTemplate":"https:\/\/patagoniambiental.com.ar\/info\/?s={search_term_string}"},"query-input":{"@type":"PropertyValueSpecification","valueRequired":true,"valueName":"search_term_string"}}],"inLanguage":"es"},{"@type":"Organization","@id":"https:\/\/patagoniambiental.com.ar\/info\/#organization","name":"Patagonia Ambiental","url":"https:\/\/patagoniambiental.com.ar\/info\/","logo":{"@type":"ImageObject","inLanguage":"es","@id":"https:\/\/patagoniambiental.com.ar\/info\/#\/schema\/logo\/image\/","url":"https:\/\/patagoniambiental.com.ar\/info\/wp-content\/uploads\/2025\/05\/LOGO-PATAGONIA-AMBIENTAL.png","contentUrl":"https:\/\/patagoniambiental.com.ar\/info\/wp-content\/uploads\/2025\/05\/LOGO-PATAGONIA-AMBIENTAL.png","width":433,"height":250,"caption":"Patagonia Ambiental"},"image":{"@id":"https:\/\/patagoniambiental.com.ar\/info\/#\/schema\/logo\/image\/"},"sameAs":["https:\/\/www.facebook.com\/patagonia.ambiental","https:\/\/x.com\/PatAmb"]},{"@type":"Person","@id":"https:\/\/patagoniambiental.com.ar\/info\/#\/schema\/person\/db12bff64bbcbf6a253710bf0ea37b5d","name":"Patagonia Ambiental","description":"Andr\u00e9s Nievas T\u00e9cnico en manejo ambiental, consultor Ambiental y escritor para medios locales e internacionales sobre temas de geopolitica y medio ambiente.","sameAs":["http:\/\/www.patagoniambiental.com.ar","https:\/\/www.facebook.com\/share\/1C1V8Gv9BX\/?mibextid=qi2Omg","@patagoniambiental","https:\/\/youtube.com\/@patagoniaambiental2023?si=BLt58t0wuXquxlYZ"]}]}},"_links":{"self":[{"href":"https:\/\/patagoniambiental.com.ar\/info\/wp-json\/wp\/v2\/posts\/33968","targetHints":{"allow":["GET"]}}],"collection":[{"href":"https:\/\/patagoniambiental.com.ar\/info\/wp-json\/wp\/v2\/posts"}],"about":[{"href":"https:\/\/patagoniambiental.com.ar\/info\/wp-json\/wp\/v2\/types\/post"}],"author":[{"embeddable":true,"href":"https:\/\/patagoniambiental.com.ar\/info\/wp-json\/wp\/v2\/users\/2"}],"replies":[{"embeddable":true,"href":"https:\/\/patagoniambiental.com.ar\/info\/wp-json\/wp\/v2\/comments?post=33968"}],"version-history":[{"count":0,"href":"https:\/\/patagoniambiental.com.ar\/info\/wp-json\/wp\/v2\/posts\/33968\/revisions"}],"wp:featuredmedia":[{"embeddable":true,"href":"https:\/\/patagoniambiental.com.ar\/info\/wp-json\/wp\/v2\/media\/33969"}],"wp:attachment":[{"href":"https:\/\/patagoniambiental.com.ar\/info\/wp-json\/wp\/v2\/media?parent=33968"}],"wp:term":[{"taxonomy":"category","embeddable":true,"href":"https:\/\/patagoniambiental.com.ar\/info\/wp-json\/wp\/v2\/categories?post=33968"},{"taxonomy":"post_tag","embeddable":true,"href":"https:\/\/patagoniambiental.com.ar\/info\/wp-json\/wp\/v2\/tags?post=33968"}],"curies":[{"name":"wp","href":"https:\/\/api.w.org\/{rel}","templated":true}]}}