{"id":33999,"date":"2017-08-29T19:00:28","date_gmt":"2017-08-29T22:00:28","guid":{"rendered":"http:\/\/patagoniambiental.com.ar\/info\/?p=33999"},"modified":"2017-08-29T11:32:36","modified_gmt":"2017-08-29T14:32:36","slug":"la-legisladora-larralde-cuestiono-a-la-dirigencia-de-cambiemos-por-la-planta-nuclear","status":"publish","type":"post","link":"https:\/\/patagoniambiental.com.ar\/info\/la-legisladora-larralde-cuestiono-a-la-dirigencia-de-cambiemos-por-la-planta-nuclear\/","title":{"rendered":"La legisladora Larralde cuestion\u00f3 a la dirigencia de Cambiemos por la planta nuclear"},"content":{"rendered":"<p>Viedma.-La legisladora Silvana Larralde (Juntos) defendi\u00f3 la decisi\u00f3n de negar la autorizaci\u00f3n a la planta nuclear en la provincia, afirmando que \u201cen esta etapa no se puede imponer un modelo rechazado por la gran mayor\u00eda de la poblaci\u00f3n\u201d.<!--more--><\/p>\n<p>Tambi\u00e9n cuestion\u00f3 las amenazas realizadas por el diputado nacional de Cambiemos Sergio Wisky: \u201cEst\u00e1 en su derecho de defender su proyecto pol\u00edtico pero tendr\u00eda que interpretar mejor los deseos del pueblo rionegrino\u201d.<\/p>\n<p>Opin\u00f3 que el diputado nacional tiene que \u201cdejar de descalificar a los que pensamos distinto, bajar su ofuscaci\u00f3n y escuchar a la sociedad\u201d cuando se manifiesta contra la planta nuclear. \u201cEn democracia, un gobierno tiene que tener un proyecto pero tambi\u00e9n tiene que saber escuchar y adecuarse a lo que esa sociedad le est\u00e1 requiriendo\u201d, dijo. Y a\u00f1adi\u00f3: \u201cUn gobernante no puede comportarse como un ni\u00f1o caprichoso\u201d.<\/p>\n<p>Larralde destac\u00f3 que el gobernador Alberto Weretilneck \u201ctuvo la valent\u00eda de saber escuchar el mensaje que nos estaba enviando la sociedad rionegrina. Y tiene que ver con la democracia, con los futuros deseados. Los rionegrinos dijeron que la planta nuclear no entraba en ese futuro. Los que no lo entienden son los integrantes de Cambiemos, que est\u00e1n demostrando un pensamiento autoritario y centralista\u201d.<\/p>\n<p>\u201cEs f\u00e1cil y c\u00f3modo criticar desde la posici\u00f3n del que siente afuera, que es lo que hace Wisky. Critica mucho y aporta poco. Si todo estaba tan claro hubiera opinado antes, pero prefiri\u00f3 mantenerse al margen, calladito y protegido\u201d, remarc\u00f3.<\/p>\n<p>Para Larralde, las amenazas y las presiones del legislador \u201cnos muestran a un pol\u00edtico enojado porque la realidad no coincide con sus par\u00e1metros, que se comporta como un embajador de Buenos Aires m\u00e1s que como un Diputado Nacional elegido por los rionegrinos y sensible por las decisiones de su sociedad\u201d.<\/p>\n<p>Agreg\u00f3 luego que \u00absi baja el tono de su enojo y aprende a escuchar\u201d podr\u00e1 darse cuenta de que \u201cla decisi\u00f3n del gobernador no tiene nada que ver con las cuestiones de seguridad y las medidas de control que se pueden ejercer sobre una planta nuclear. Tienen que ver con su responsabilidad para con la sociedad rionegrina. La gran mayor\u00eda de la poblaci\u00f3n, especialmente su juventud, viene diciendo que no quiere energ\u00eda nuclear en su territorio, que prefiere otro tipo de desarrollo. \u00bfQu\u00e9 hacer? Un gobernador democr\u00e1tico tiene otras obligaciones. Saber escuchar, tomar decisiones, construir junto a la comunidad, tener un proyecto compartido con los rionegrinos. Ese es el camino que hemos elegido\u201d.<\/p>\n<p>\u201cEs una l\u00e1stima que Wisky y Cambiemos hayan preferido otro. El de la obediencia debida al poder central, que les nubla la visi\u00f3n de lo que quieren los rionegrinos\u201d, concluy\u00f3 la legisladora de Juntos.<br \/>\n<b><\/b><\/p>\n<p>Fuente:<\/p>\n<p><b>\u00c1rea de Comunicaci\u00f3n y Prensa<br \/>\nBloque de Legisladores<br \/>\nJuntos\u00a0Somos R\u00edo Negro<\/b><\/p>\n","protected":false},"excerpt":{"rendered":"<p>Viedma.-La legisladora Silvana Larralde (Juntos) defendi\u00f3 la decisi\u00f3n de negar la autorizaci\u00f3n a la planta nuclear en la provincia, afirmando [&hellip;]<\/p>\n","protected":false},"author":2,"featured_media":34000,"comment_status":"open","ping_status":"open","sticky":false,"template":"","format":"standard","meta":{"site-sidebar-layout":"default","site-content-layout":"","ast-site-content-layout":"default","site-content-style":"default","site-sidebar-style":"default","ast-global-header-display":"","ast-banner-title-visibility":"","ast-main-header-display":"","ast-hfb-above-header-display":"","ast-hfb-below-header-display":"","ast-hfb-mobile-header-display":"","site-post-title":"","ast-breadcrumbs-content":"","ast-featured-img":"","footer-sml-layout":"","ast-disable-related-posts":"","theme-transparent-header-meta":"","adv-header-id-meta":"","stick-header-meta":"","header-above-stick-meta":"","header-main-stick-meta":"","header-below-stick-meta":"","astra-migrate-meta-layouts":"default","ast-page-background-enabled":"default","ast-page-background-meta":{"desktop":{"background-color":"var(--ast-global-color-5)","background-image":"","background-repeat":"repeat","background-position":"center center","background-size":"auto","background-attachment":"scroll","background-type":"","background-media":"","overlay-type":"","overlay-color":"","overlay-opacity":"","overlay-gradient":""},"tablet":{"background-color":"","background-image":"","background-repeat":"repeat","background-position":"center center","background-size":"auto","background-attachment":"scroll","background-type":"","background-media":"","overlay-type":"","overlay-color":"","overlay-opacity":"","overlay-gradient":""},"mobile":{"background-color":"","background-image":"","background-repeat":"repeat","background-position":"center center","background-size":"auto","background-attachment":"scroll","background-type":"","background-media":"","overlay-type":"","overlay-color":"","overlay-opacity":"","overlay-gradient":""}},"ast-content-background-meta":{"desktop":{"background-color":"var(--ast-global-color-4)","background-image":"","background-repeat":"repeat","background-position":"center center","background-size":"auto","background-attachment":"scroll","background-type":"","background-media":"","overlay-type":"","overlay-color":"","overlay-opacity":"","overlay-gradient":""},"tablet":{"background-color":"var(--ast-global-color-4)","background-image":"","background-repeat":"repeat","background-position":"center center","background-size":"auto","background-attachment":"scroll","background-type":"","background-media":"","overlay-type":"","overlay-color":"","overlay-opacity":"","overlay-gradient":""},"mobile":{"background-color":"var(--ast-global-color-4)","background-image":"","background-repeat":"repeat","background-position":"center center","background-size":"auto","background-attachment":"scroll","background-type":"","background-media":"","overlay-type":"","overlay-color":"","overlay-opacity":"","overlay-gradient":""}},"footnotes":""},"categories":[1,13,14],"tags":[],"class_list":["post-33999","post","type-post","status-publish","format-standard","has-post-thumbnail","hentry","category-noticias","category-provinciales","category-rio-negro"],"yoast_head":"<!-- This site is optimized with the Yoast SEO Premium plugin v23.0 (Yoast SEO v27.5) - https:\/\/yoast.com\/product\/yoast-seo-premium-wordpress\/ -->\n<title>La legisladora Larralde cuestion\u00f3 a la dirigencia de Cambiemos por la planta nuclear<\/title>\n<meta name=\"robots\" content=\"index, follow, max-snippet:-1, max-image-preview:large, max-video-preview:-1\" \/>\n<link rel=\"canonical\" href=\"https:\/\/patagoniambiental.com.ar\/info\/la-legisladora-larralde-cuestiono-a-la-dirigencia-de-cambiemos-por-la-planta-nuclear\/\" \/>\n<meta property=\"og:locale\" content=\"es_ES\" \/>\n<meta property=\"og:type\" content=\"article\" \/>\n<meta property=\"og:title\" content=\"La legisladora Larralde cuestion\u00f3 a la dirigencia de Cambiemos por la planta nuclear\" \/>\n<meta property=\"og:description\" content=\"Viedma.-La legisladora Silvana Larralde (Juntos) defendi\u00f3 la decisi\u00f3n de negar la autorizaci\u00f3n a la planta nuclear en la provincia, afirmando [&hellip;]\" \/>\n<meta property=\"og:url\" content=\"https:\/\/patagoniambiental.com.ar\/info\/la-legisladora-larralde-cuestiono-a-la-dirigencia-de-cambiemos-por-la-planta-nuclear\/\" \/>\n<meta property=\"og:site_name\" content=\"Patagonia Ambiental\" \/>\n<meta property=\"article:publisher\" content=\"https:\/\/www.facebook.com\/patagonia.ambiental\" \/>\n<meta property=\"article:author\" content=\"https:\/\/www.facebook.com\/share\/1C1V8Gv9BX\/?mibextid=qi2Omg\" \/>\n<meta property=\"article:published_time\" content=\"2017-08-29T22:00:28+00:00\" \/>\n<meta property=\"og:image\" content=\"https:\/\/patagoniambiental.com.ar\/info\/wp-content\/uploads\/2017\/08\/larralde.jpg\" \/>\n\t<meta property=\"og:image:width\" content=\"1200\" \/>\n\t<meta property=\"og:image:height\" content=\"840\" \/>\n\t<meta property=\"og:image:type\" content=\"image\/jpeg\" \/>\n<meta name=\"author\" content=\"Patagonia Ambiental\" \/>\n<meta name=\"twitter:card\" content=\"summary_large_image\" \/>\n<meta name=\"twitter:creator\" content=\"@PatAmb\" \/>\n<meta name=\"twitter:site\" content=\"@PatAmb\" \/>\n<script type=\"application\/ld+json\" class=\"yoast-schema-graph\">{\"@context\":\"https:\\\/\\\/schema.org\",\"@graph\":[{\"@type\":\"Article\",\"@id\":\"https:\\\/\\\/patagoniambiental.com.ar\\\/info\\\/la-legisladora-larralde-cuestiono-a-la-dirigencia-de-cambiemos-por-la-planta-nuclear\\\/#article\",\"isPartOf\":{\"@id\":\"https:\\\/\\\/patagoniambiental.com.ar\\\/info\\\/la-legisladora-larralde-cuestiono-a-la-dirigencia-de-cambiemos-por-la-planta-nuclear\\\/\"},\"author\":{\"name\":\"Patagonia Ambiental\",\"@id\":\"https:\\\/\\\/patagoniambiental.com.ar\\\/info\\\/#\\\/schema\\\/person\\\/db12bff64bbcbf6a253710bf0ea37b5d\"},\"headline\":\"La legisladora Larralde cuestion\u00f3 a la dirigencia de Cambiemos por la planta nuclear\",\"datePublished\":\"2017-08-29T22:00:28+00:00\",\"mainEntityOfPage\":{\"@id\":\"https:\\\/\\\/patagoniambiental.com.ar\\\/info\\\/la-legisladora-larralde-cuestiono-a-la-dirigencia-de-cambiemos-por-la-planta-nuclear\\\/\"},\"wordCount\":492,\"commentCount\":0,\"publisher\":{\"@id\":\"https:\\\/\\\/patagoniambiental.com.ar\\\/info\\\/#organization\"},\"image\":{\"@id\":\"https:\\\/\\\/patagoniambiental.com.ar\\\/info\\\/la-legisladora-larralde-cuestiono-a-la-dirigencia-de-cambiemos-por-la-planta-nuclear\\\/#primaryimage\"},\"thumbnailUrl\":\"https:\\\/\\\/patagoniambiental.com.ar\\\/info\\\/wp-content\\\/uploads\\\/2017\\\/08\\\/larralde.jpg\",\"articleSection\":[\"Noticias\",\"Provinciales\",\"R\u00edo Negro\"],\"inLanguage\":\"es\",\"potentialAction\":[{\"@type\":\"CommentAction\",\"name\":\"Comment\",\"target\":[\"https:\\\/\\\/patagoniambiental.com.ar\\\/info\\\/la-legisladora-larralde-cuestiono-a-la-dirigencia-de-cambiemos-por-la-planta-nuclear\\\/#respond\"]}]},{\"@type\":\"WebPage\",\"@id\":\"https:\\\/\\\/patagoniambiental.com.ar\\\/info\\\/la-legisladora-larralde-cuestiono-a-la-dirigencia-de-cambiemos-por-la-planta-nuclear\\\/\",\"url\":\"https:\\\/\\\/patagoniambiental.com.ar\\\/info\\\/la-legisladora-larralde-cuestiono-a-la-dirigencia-de-cambiemos-por-la-planta-nuclear\\\/\",\"name\":\"La legisladora Larralde cuestion\u00f3 a la dirigencia de Cambiemos por la planta nuclear\",\"isPartOf\":{\"@id\":\"https:\\\/\\\/patagoniambiental.com.ar\\\/info\\\/#website\"},\"primaryImageOfPage\":{\"@id\":\"https:\\\/\\\/patagoniambiental.com.ar\\\/info\\\/la-legisladora-larralde-cuestiono-a-la-dirigencia-de-cambiemos-por-la-planta-nuclear\\\/#primaryimage\"},\"image\":{\"@id\":\"https:\\\/\\\/patagoniambiental.com.ar\\\/info\\\/la-legisladora-larralde-cuestiono-a-la-dirigencia-de-cambiemos-por-la-planta-nuclear\\\/#primaryimage\"},\"thumbnailUrl\":\"https:\\\/\\\/patagoniambiental.com.ar\\\/info\\\/wp-content\\\/uploads\\\/2017\\\/08\\\/larralde.jpg\",\"datePublished\":\"2017-08-29T22:00:28+00:00\",\"breadcrumb\":{\"@id\":\"https:\\\/\\\/patagoniambiental.com.ar\\\/info\\\/la-legisladora-larralde-cuestiono-a-la-dirigencia-de-cambiemos-por-la-planta-nuclear\\\/#breadcrumb\"},\"inLanguage\":\"es\",\"potentialAction\":[{\"@type\":\"ReadAction\",\"target\":[\"https:\\\/\\\/patagoniambiental.com.ar\\\/info\\\/la-legisladora-larralde-cuestiono-a-la-dirigencia-de-cambiemos-por-la-planta-nuclear\\\/\"]}]},{\"@type\":\"ImageObject\",\"inLanguage\":\"es\",\"@id\":\"https:\\\/\\\/patagoniambiental.com.ar\\\/info\\\/la-legisladora-larralde-cuestiono-a-la-dirigencia-de-cambiemos-por-la-planta-nuclear\\\/#primaryimage\",\"url\":\"https:\\\/\\\/patagoniambiental.com.ar\\\/info\\\/wp-content\\\/uploads\\\/2017\\\/08\\\/larralde.jpg\",\"contentUrl\":\"https:\\\/\\\/patagoniambiental.com.ar\\\/info\\\/wp-content\\\/uploads\\\/2017\\\/08\\\/larralde.jpg\",\"width\":857,\"height\":600},{\"@type\":\"BreadcrumbList\",\"@id\":\"https:\\\/\\\/patagoniambiental.com.ar\\\/info\\\/la-legisladora-larralde-cuestiono-a-la-dirigencia-de-cambiemos-por-la-planta-nuclear\\\/#breadcrumb\",\"itemListElement\":[{\"@type\":\"ListItem\",\"position\":1,\"name\":\"Inicio\",\"item\":\"https:\\\/\\\/patagoniambiental.com.ar\\\/info\\\/\"},{\"@type\":\"ListItem\",\"position\":2,\"name\":\"La legisladora Larralde cuestion\u00f3 a la dirigencia de Cambiemos por la planta nuclear\"}]},{\"@type\":\"WebSite\",\"@id\":\"https:\\\/\\\/patagoniambiental.com.ar\\\/info\\\/#website\",\"url\":\"https:\\\/\\\/patagoniambiental.com.ar\\\/info\\\/\",\"name\":\"Patagonia Ambiental\",\"description\":\"Monitoreo y an\u00e1lisis de la situaci\u00f3n geopol\u00edtica en el mundo y su implicancia en la Patagonia\",\"publisher\":{\"@id\":\"https:\\\/\\\/patagoniambiental.com.ar\\\/info\\\/#organization\"},\"potentialAction\":[{\"@type\":\"SearchAction\",\"target\":{\"@type\":\"EntryPoint\",\"urlTemplate\":\"https:\\\/\\\/patagoniambiental.com.ar\\\/info\\\/?s={search_term_string}\"},\"query-input\":{\"@type\":\"PropertyValueSpecification\",\"valueRequired\":true,\"valueName\":\"search_term_string\"}}],\"inLanguage\":\"es\"},{\"@type\":\"Organization\",\"@id\":\"https:\\\/\\\/patagoniambiental.com.ar\\\/info\\\/#organization\",\"name\":\"Patagonia Ambiental\",\"url\":\"https:\\\/\\\/patagoniambiental.com.ar\\\/info\\\/\",\"logo\":{\"@type\":\"ImageObject\",\"inLanguage\":\"es\",\"@id\":\"https:\\\/\\\/patagoniambiental.com.ar\\\/info\\\/#\\\/schema\\\/logo\\\/image\\\/\",\"url\":\"https:\\\/\\\/patagoniambiental.com.ar\\\/info\\\/wp-content\\\/uploads\\\/2025\\\/05\\\/LOGO-PATAGONIA-AMBIENTAL.png\",\"contentUrl\":\"https:\\\/\\\/patagoniambiental.com.ar\\\/info\\\/wp-content\\\/uploads\\\/2025\\\/05\\\/LOGO-PATAGONIA-AMBIENTAL.png\",\"width\":433,\"height\":250,\"caption\":\"Patagonia Ambiental\"},\"image\":{\"@id\":\"https:\\\/\\\/patagoniambiental.com.ar\\\/info\\\/#\\\/schema\\\/logo\\\/image\\\/\"},\"sameAs\":[\"https:\\\/\\\/www.facebook.com\\\/patagonia.ambiental\",\"https:\\\/\\\/x.com\\\/PatAmb\"]},{\"@type\":\"Person\",\"@id\":\"https:\\\/\\\/patagoniambiental.com.ar\\\/info\\\/#\\\/schema\\\/person\\\/db12bff64bbcbf6a253710bf0ea37b5d\",\"name\":\"Patagonia Ambiental\",\"description\":\"Andr\u00e9s Nievas T\u00e9cnico en manejo ambiental, consultor Ambiental y escritor para medios locales e internacionales sobre temas de geopolitica y medio ambiente.\",\"sameAs\":[\"http:\\\/\\\/www.patagoniambiental.com.ar\",\"https:\\\/\\\/www.facebook.com\\\/share\\\/1C1V8Gv9BX\\\/?mibextid=qi2Omg\",\"@patagoniambiental\",\"https:\\\/\\\/youtube.com\\\/@patagoniaambiental2023?si=BLt58t0wuXquxlYZ\"]}]}<\/script>\n<!-- \/ Yoast SEO Premium plugin. -->","yoast_head_json":{"title":"La legisladora Larralde cuestion\u00f3 a la dirigencia de Cambiemos por la planta nuclear","robots":{"index":"index","follow":"follow","max-snippet":"max-snippet:-1","max-image-preview":"max-image-preview:large","max-video-preview":"max-video-preview:-1"},"canonical":"https:\/\/patagoniambiental.com.ar\/info\/la-legisladora-larralde-cuestiono-a-la-dirigencia-de-cambiemos-por-la-planta-nuclear\/","og_locale":"es_ES","og_type":"article","og_title":"La legisladora Larralde cuestion\u00f3 a la dirigencia de Cambiemos por la planta nuclear","og_description":"Viedma.-La legisladora Silvana Larralde (Juntos) defendi\u00f3 la decisi\u00f3n de negar la autorizaci\u00f3n a la planta nuclear en la provincia, afirmando [&hellip;]","og_url":"https:\/\/patagoniambiental.com.ar\/info\/la-legisladora-larralde-cuestiono-a-la-dirigencia-de-cambiemos-por-la-planta-nuclear\/","og_site_name":"Patagonia Ambiental","article_publisher":"https:\/\/www.facebook.com\/patagonia.ambiental","article_author":"https:\/\/www.facebook.com\/share\/1C1V8Gv9BX\/?mibextid=qi2Omg","article_published_time":"2017-08-29T22:00:28+00:00","og_image":[{"width":1200,"height":840,"url":"https:\/\/patagoniambiental.com.ar\/info\/wp-content\/uploads\/2017\/08\/larralde.jpg","type":"image\/jpeg"}],"author":"Patagonia Ambiental","twitter_card":"summary_large_image","twitter_creator":"@PatAmb","twitter_site":"@PatAmb","schema":{"@context":"https:\/\/schema.org","@graph":[{"@type":"Article","@id":"https:\/\/patagoniambiental.com.ar\/info\/la-legisladora-larralde-cuestiono-a-la-dirigencia-de-cambiemos-por-la-planta-nuclear\/#article","isPartOf":{"@id":"https:\/\/patagoniambiental.com.ar\/info\/la-legisladora-larralde-cuestiono-a-la-dirigencia-de-cambiemos-por-la-planta-nuclear\/"},"author":{"name":"Patagonia Ambiental","@id":"https:\/\/patagoniambiental.com.ar\/info\/#\/schema\/person\/db12bff64bbcbf6a253710bf0ea37b5d"},"headline":"La legisladora Larralde cuestion\u00f3 a la dirigencia de Cambiemos por la planta nuclear","datePublished":"2017-08-29T22:00:28+00:00","mainEntityOfPage":{"@id":"https:\/\/patagoniambiental.com.ar\/info\/la-legisladora-larralde-cuestiono-a-la-dirigencia-de-cambiemos-por-la-planta-nuclear\/"},"wordCount":492,"commentCount":0,"publisher":{"@id":"https:\/\/patagoniambiental.com.ar\/info\/#organization"},"image":{"@id":"https:\/\/patagoniambiental.com.ar\/info\/la-legisladora-larralde-cuestiono-a-la-dirigencia-de-cambiemos-por-la-planta-nuclear\/#primaryimage"},"thumbnailUrl":"https:\/\/patagoniambiental.com.ar\/info\/wp-content\/uploads\/2017\/08\/larralde.jpg","articleSection":["Noticias","Provinciales","R\u00edo Negro"],"inLanguage":"es","potentialAction":[{"@type":"CommentAction","name":"Comment","target":["https:\/\/patagoniambiental.com.ar\/info\/la-legisladora-larralde-cuestiono-a-la-dirigencia-de-cambiemos-por-la-planta-nuclear\/#respond"]}]},{"@type":"WebPage","@id":"https:\/\/patagoniambiental.com.ar\/info\/la-legisladora-larralde-cuestiono-a-la-dirigencia-de-cambiemos-por-la-planta-nuclear\/","url":"https:\/\/patagoniambiental.com.ar\/info\/la-legisladora-larralde-cuestiono-a-la-dirigencia-de-cambiemos-por-la-planta-nuclear\/","name":"La legisladora Larralde cuestion\u00f3 a la dirigencia de Cambiemos por la planta nuclear","isPartOf":{"@id":"https:\/\/patagoniambiental.com.ar\/info\/#website"},"primaryImageOfPage":{"@id":"https:\/\/patagoniambiental.com.ar\/info\/la-legisladora-larralde-cuestiono-a-la-dirigencia-de-cambiemos-por-la-planta-nuclear\/#primaryimage"},"image":{"@id":"https:\/\/patagoniambiental.com.ar\/info\/la-legisladora-larralde-cuestiono-a-la-dirigencia-de-cambiemos-por-la-planta-nuclear\/#primaryimage"},"thumbnailUrl":"https:\/\/patagoniambiental.com.ar\/info\/wp-content\/uploads\/2017\/08\/larralde.jpg","datePublished":"2017-08-29T22:00:28+00:00","breadcrumb":{"@id":"https:\/\/patagoniambiental.com.ar\/info\/la-legisladora-larralde-cuestiono-a-la-dirigencia-de-cambiemos-por-la-planta-nuclear\/#breadcrumb"},"inLanguage":"es","potentialAction":[{"@type":"ReadAction","target":["https:\/\/patagoniambiental.com.ar\/info\/la-legisladora-larralde-cuestiono-a-la-dirigencia-de-cambiemos-por-la-planta-nuclear\/"]}]},{"@type":"ImageObject","inLanguage":"es","@id":"https:\/\/patagoniambiental.com.ar\/info\/la-legisladora-larralde-cuestiono-a-la-dirigencia-de-cambiemos-por-la-planta-nuclear\/#primaryimage","url":"https:\/\/patagoniambiental.com.ar\/info\/wp-content\/uploads\/2017\/08\/larralde.jpg","contentUrl":"https:\/\/patagoniambiental.com.ar\/info\/wp-content\/uploads\/2017\/08\/larralde.jpg","width":857,"height":600},{"@type":"BreadcrumbList","@id":"https:\/\/patagoniambiental.com.ar\/info\/la-legisladora-larralde-cuestiono-a-la-dirigencia-de-cambiemos-por-la-planta-nuclear\/#breadcrumb","itemListElement":[{"@type":"ListItem","position":1,"name":"Inicio","item":"https:\/\/patagoniambiental.com.ar\/info\/"},{"@type":"ListItem","position":2,"name":"La legisladora Larralde cuestion\u00f3 a la dirigencia de Cambiemos por la planta nuclear"}]},{"@type":"WebSite","@id":"https:\/\/patagoniambiental.com.ar\/info\/#website","url":"https:\/\/patagoniambiental.com.ar\/info\/","name":"Patagonia Ambiental","description":"Monitoreo y an\u00e1lisis de la situaci\u00f3n geopol\u00edtica en el mundo y su implicancia en la Patagonia","publisher":{"@id":"https:\/\/patagoniambiental.com.ar\/info\/#organization"},"potentialAction":[{"@type":"SearchAction","target":{"@type":"EntryPoint","urlTemplate":"https:\/\/patagoniambiental.com.ar\/info\/?s={search_term_string}"},"query-input":{"@type":"PropertyValueSpecification","valueRequired":true,"valueName":"search_term_string"}}],"inLanguage":"es"},{"@type":"Organization","@id":"https:\/\/patagoniambiental.com.ar\/info\/#organization","name":"Patagonia Ambiental","url":"https:\/\/patagoniambiental.com.ar\/info\/","logo":{"@type":"ImageObject","inLanguage":"es","@id":"https:\/\/patagoniambiental.com.ar\/info\/#\/schema\/logo\/image\/","url":"https:\/\/patagoniambiental.com.ar\/info\/wp-content\/uploads\/2025\/05\/LOGO-PATAGONIA-AMBIENTAL.png","contentUrl":"https:\/\/patagoniambiental.com.ar\/info\/wp-content\/uploads\/2025\/05\/LOGO-PATAGONIA-AMBIENTAL.png","width":433,"height":250,"caption":"Patagonia Ambiental"},"image":{"@id":"https:\/\/patagoniambiental.com.ar\/info\/#\/schema\/logo\/image\/"},"sameAs":["https:\/\/www.facebook.com\/patagonia.ambiental","https:\/\/x.com\/PatAmb"]},{"@type":"Person","@id":"https:\/\/patagoniambiental.com.ar\/info\/#\/schema\/person\/db12bff64bbcbf6a253710bf0ea37b5d","name":"Patagonia Ambiental","description":"Andr\u00e9s Nievas T\u00e9cnico en manejo ambiental, consultor Ambiental y escritor para medios locales e internacionales sobre temas de geopolitica y medio ambiente.","sameAs":["http:\/\/www.patagoniambiental.com.ar","https:\/\/www.facebook.com\/share\/1C1V8Gv9BX\/?mibextid=qi2Omg","@patagoniambiental","https:\/\/youtube.com\/@patagoniaambiental2023?si=BLt58t0wuXquxlYZ"]}]}},"_links":{"self":[{"href":"https:\/\/patagoniambiental.com.ar\/info\/wp-json\/wp\/v2\/posts\/33999","targetHints":{"allow":["GET"]}}],"collection":[{"href":"https:\/\/patagoniambiental.com.ar\/info\/wp-json\/wp\/v2\/posts"}],"about":[{"href":"https:\/\/patagoniambiental.com.ar\/info\/wp-json\/wp\/v2\/types\/post"}],"author":[{"embeddable":true,"href":"https:\/\/patagoniambiental.com.ar\/info\/wp-json\/wp\/v2\/users\/2"}],"replies":[{"embeddable":true,"href":"https:\/\/patagoniambiental.com.ar\/info\/wp-json\/wp\/v2\/comments?post=33999"}],"version-history":[{"count":0,"href":"https:\/\/patagoniambiental.com.ar\/info\/wp-json\/wp\/v2\/posts\/33999\/revisions"}],"wp:featuredmedia":[{"embeddable":true,"href":"https:\/\/patagoniambiental.com.ar\/info\/wp-json\/wp\/v2\/media\/34000"}],"wp:attachment":[{"href":"https:\/\/patagoniambiental.com.ar\/info\/wp-json\/wp\/v2\/media?parent=33999"}],"wp:term":[{"taxonomy":"category","embeddable":true,"href":"https:\/\/patagoniambiental.com.ar\/info\/wp-json\/wp\/v2\/categories?post=33999"},{"taxonomy":"post_tag","embeddable":true,"href":"https:\/\/patagoniambiental.com.ar\/info\/wp-json\/wp\/v2\/tags?post=33999"}],"curies":[{"name":"wp","href":"https:\/\/api.w.org\/{rel}","templated":true}]}}