{"id":34010,"date":"2017-08-29T13:22:41","date_gmt":"2017-08-29T16:22:41","guid":{"rendered":"http:\/\/patagoniambiental.com.ar\/info\/?p=34010"},"modified":"2017-08-30T18:01:50","modified_gmt":"2017-08-30T21:01:50","slug":"fundacion-patrulla-ecologica","status":"publish","type":"post","link":"https:\/\/patagoniambiental.com.ar\/info\/fundacion-patrulla-ecologica\/","title":{"rendered":"Fundaci\u00f3n Patrulla Ecologica de Catriel"},"content":{"rendered":"<p>Fundaci\u00f3n Patrulla Ecologica de la ciudad de Catriel<\/p>\n<p>Presidente: Silvana Areco<\/p>\n<p>Ciudad: Catriel<\/p>\n<p>E-mail: fundacionpatrulla2013@hotmail.com<\/p>\n<p>Tel: 0299-155947876<\/p>\n<p><em>Inicio de Actividades : 11de Julio de 2007<\/em><\/p>\n<p><em>Integrantes: 30 adolescentes actualmente.<\/em><\/p>\n<p><em>Se conformo como Fundaci\u00f3n a partir del 25 de Abril de 2013.<\/em><\/p>\n<p><em>Objetivo General: \u201cGenerar Conciencia Ambiental\u201dcomunitaria.<\/em><\/p>\n<p><em>\u00a0<\/em><\/p>\n<p><em><u>ACTIVIDADES:<\/u><\/em><\/p>\n<p><em>*Limpiezas de Accesos y Espacios Verdes de nuestra Ciudad.<\/em><\/p>\n<p><em>*Campa\u00f1as mensuales de Recolecci\u00f3n de Residuos, (botellas, tapitas, papel y latas) para su posterior env\u00edo a las plantas de Reciclado.<\/em><\/p>\n<p><em>*Talleres y Charlas en las diferentes escuelas de nivel inicial- primaria y medio.<\/em><\/p>\n<p><em>* Patrullitas ( trabajo con ni\u00f1os guiados por los referentes mayores)<\/em><\/p>\n<p><em>\u00a0<\/em><\/p>\n<p><em><u>Participaciones:<\/u><\/em><\/p>\n<p><em>Exposici\u00f3n en el Foro de la Universidad del Comahue (2014) y los Foros Latinoamericanos de Ambiente en la ciudad de Rosario (Expositores en 2015) y participantes 2016.<\/em><\/p>\n<p><em>\u00a0<\/em><\/p>\n<p><em>Participantes del proyecto CAJ lo que nos permiti\u00f3 participar en: <\/em><\/p>\n<p><em>*El Encuentro Nacional de Lideres Caj en Mar del Plata.<\/em><\/p>\n<p><em>*El Encuentro provincial en Bariloche 2013\/ 2014 <\/em><\/p>\n<p><em>* Encuentro Interprovincial en Bs As <\/em><\/p>\n<p><em>Todos abordaron tem\u00e1ticas Ambientales.<\/em><\/p>\n<p><em>\u00a0<\/em><\/p>\n<p><em>2016: Creaci\u00f3n de Fundaci\u00f3n Patrulla Ecol\u00f3gica en la ciudad de Neuqu\u00e9n integrada por j\u00f3venes Universitarios.<\/em><\/p>\n<p><em>\u00a0<\/em><\/p>\n<p><em><u>RECONOCIMIENTOS<\/u><\/em><\/p>\n<ul>\n<li><em>De Inter\u00e9s Municipal<\/em><\/li>\n<li><em>De Inter\u00e9s Provincial<\/em><\/li>\n<li><em>Del Senado de la Naci\u00f3n<\/em><\/li>\n<\/ul>\n<p><em>\u00a0<\/em><\/p>\n<p><em>Visita a la Direcci\u00f3n de Medio Ambiente de la Naci\u00f3n- (Reuni\u00f3n con el se\u00f1or Carlos Gentile y Juan Mora y Araujo)<\/em><\/p>\n<p><em>\u00a0<\/em><\/p>\n<p><em>Difusi\u00f3n de nuestro trabajo en el programa \u201cJuntos para Sumar \u201c en la ciudad de Roca.<\/em><\/p>\n<p><em>\u00a0<\/em><\/p>\n<p><em>Actividades conjuntas en escuelas de Luis Beltr\u00e1n (2014 y 2016)<\/em><\/p>\n<p><em>\u00a0<\/em><\/p>\n<p><em>Pr\u00f3ximo encuentro en la Localidad de Santa Isabel (La pampa)<\/em><\/p>\n<p><em>\u00a0<\/em><\/p>\n<p><em>Trabajo conjunto con la Direcci\u00f3n de Ambiente de nuestra ciudad.<\/em><\/p>\n<p><em>\u00a0<\/em><\/p>\n<p><em>Terreno y subsidio para la construcci\u00f3n de un ECOPARQUE Tem\u00e1tico de Ambiente por parte de la Municipalidad de Catriel.<\/em><\/p>\n<p><em>\u00a0<\/em><\/p>\n<p><em>Capacitaciones constantes en temas de inter\u00e9s para los adolescentes.<\/em><\/p>\n<p><em>Adicciones- Embarazos no deseados-El hombre en la sociedad \u2013Sida- etc <\/em><\/p>\n<p>&nbsp;<\/p>\n<p>Facebook: Fundacion Patrulla Ecologica<\/p>\n","protected":false},"excerpt":{"rendered":"<p>Fundaci\u00f3n Patrulla Ecologica de la ciudad de Catriel Presidente: Silvana Areco Ciudad: Catriel E-mail: fundacionpatrulla2013@hotmail.com Tel: 0299-155947876 Inicio de Actividades [&hellip;]<\/p>\n","protected":false},"author":2,"featured_media":0,"comment_status":"open","ping_status":"open","sticky":false,"template":"","format":"standard","meta":{"site-sidebar-layout":"default","site-content-layout":"","ast-site-content-layout":"default","site-content-style":"default","site-sidebar-style":"default","ast-global-header-display":"","ast-banner-title-visibility":"","ast-main-header-display":"","ast-hfb-above-header-display":"","ast-hfb-below-header-display":"","ast-hfb-mobile-header-display":"","site-post-title":"","ast-breadcrumbs-content":"","ast-featured-img":"","footer-sml-layout":"","ast-disable-related-posts":"","theme-transparent-header-meta":"","adv-header-id-meta":"","stick-header-meta":"","header-above-stick-meta":"","header-main-stick-meta":"","header-below-stick-meta":"","astra-migrate-meta-layouts":"default","ast-page-background-enabled":"default","ast-page-background-meta":{"desktop":{"background-color":"var(--ast-global-color-5)","background-image":"","background-repeat":"repeat","background-position":"center center","background-size":"auto","background-attachment":"scroll","background-type":"","background-media":"","overlay-type":"","overlay-color":"","overlay-opacity":"","overlay-gradient":""},"tablet":{"background-color":"","background-image":"","background-repeat":"repeat","background-position":"center center","background-size":"auto","background-attachment":"scroll","background-type":"","background-media":"","overlay-type":"","overlay-color":"","overlay-opacity":"","overlay-gradient":""},"mobile":{"background-color":"","background-image":"","background-repeat":"repeat","background-position":"center center","background-size":"auto","background-attachment":"scroll","background-type":"","background-media":"","overlay-type":"","overlay-color":"","overlay-opacity":"","overlay-gradient":""}},"ast-content-background-meta":{"desktop":{"background-color":"var(--ast-global-color-4)","background-image":"","background-repeat":"repeat","background-position":"center center","background-size":"auto","background-attachment":"scroll","background-type":"","background-media":"","overlay-type":"","overlay-color":"","overlay-opacity":"","overlay-gradient":""},"tablet":{"background-color":"var(--ast-global-color-4)","background-image":"","background-repeat":"repeat","background-position":"center center","background-size":"auto","background-attachment":"scroll","background-type":"","background-media":"","overlay-type":"","overlay-color":"","overlay-opacity":"","overlay-gradient":""},"mobile":{"background-color":"var(--ast-global-color-4)","background-image":"","background-repeat":"repeat","background-position":"center center","background-size":"auto","background-attachment":"scroll","background-type":"","background-media":"","overlay-type":"","overlay-color":"","overlay-opacity":"","overlay-gradient":""}},"footnotes":""},"categories":[39,47,41],"tags":[],"class_list":["post-34010","post","type-post","status-publish","format-standard","hentry","category-directorio","category-ongs-ambientalistas","category-empresas-ambientales-plata"],"yoast_head":"<!-- This site is optimized with the Yoast SEO Premium plugin v23.0 (Yoast SEO v27.4) - https:\/\/yoast.com\/product\/yoast-seo-premium-wordpress\/ -->\n<title>Fundaci\u00f3n Patrulla Ecologica de Catriel<\/title>\n<meta name=\"robots\" content=\"index, follow, max-snippet:-1, max-image-preview:large, max-video-preview:-1\" \/>\n<link rel=\"canonical\" href=\"https:\/\/patagoniambiental.com.ar\/info\/fundacion-patrulla-ecologica\/\" \/>\n<meta property=\"og:locale\" content=\"es_ES\" \/>\n<meta property=\"og:type\" content=\"article\" \/>\n<meta property=\"og:title\" content=\"Fundaci\u00f3n Patrulla Ecologica de Catriel\" \/>\n<meta property=\"og:description\" content=\"Fundaci\u00f3n Patrulla Ecologica de la ciudad de Catriel Presidente: Silvana Areco Ciudad: Catriel E-mail: fundacionpatrulla2013@hotmail.com Tel: 0299-155947876 Inicio de Actividades [&hellip;]\" \/>\n<meta property=\"og:url\" content=\"https:\/\/patagoniambiental.com.ar\/info\/fundacion-patrulla-ecologica\/\" \/>\n<meta property=\"og:site_name\" content=\"Patagonia Ambiental\" \/>\n<meta property=\"article:publisher\" content=\"https:\/\/www.facebook.com\/patagonia.ambiental\" \/>\n<meta property=\"article:author\" content=\"https:\/\/www.facebook.com\/share\/1C1V8Gv9BX\/?mibextid=qi2Omg\" \/>\n<meta property=\"article:published_time\" content=\"2017-08-29T16:22:41+00:00\" \/>\n<meta property=\"article:modified_time\" content=\"2017-08-30T21:01:50+00:00\" \/>\n<meta name=\"author\" content=\"Patagonia Ambiental\" \/>\n<meta name=\"twitter:card\" content=\"summary_large_image\" \/>\n<meta name=\"twitter:creator\" content=\"@PatAmb\" \/>\n<meta name=\"twitter:site\" content=\"@PatAmb\" \/>\n<script type=\"application\/ld+json\" class=\"yoast-schema-graph\">{\"@context\":\"https:\\\/\\\/schema.org\",\"@graph\":[{\"@type\":\"Article\",\"@id\":\"https:\\\/\\\/patagoniambiental.com.ar\\\/info\\\/fundacion-patrulla-ecologica\\\/#article\",\"isPartOf\":{\"@id\":\"https:\\\/\\\/patagoniambiental.com.ar\\\/info\\\/fundacion-patrulla-ecologica\\\/\"},\"author\":{\"name\":\"Patagonia Ambiental\",\"@id\":\"https:\\\/\\\/patagoniambiental.com.ar\\\/info\\\/#\\\/schema\\\/person\\\/db12bff64bbcbf6a253710bf0ea37b5d\"},\"headline\":\"Fundaci\u00f3n Patrulla Ecologica de Catriel\",\"datePublished\":\"2017-08-29T16:22:41+00:00\",\"dateModified\":\"2017-08-30T21:01:50+00:00\",\"mainEntityOfPage\":{\"@id\":\"https:\\\/\\\/patagoniambiental.com.ar\\\/info\\\/fundacion-patrulla-ecologica\\\/\"},\"wordCount\":321,\"commentCount\":0,\"publisher\":{\"@id\":\"https:\\\/\\\/patagoniambiental.com.ar\\\/info\\\/#organization\"},\"articleSection\":[\"Directorio\",\"ONGs ambientalistas\",\"Plata\"],\"inLanguage\":\"es\",\"potentialAction\":[{\"@type\":\"CommentAction\",\"name\":\"Comment\",\"target\":[\"https:\\\/\\\/patagoniambiental.com.ar\\\/info\\\/fundacion-patrulla-ecologica\\\/#respond\"]}]},{\"@type\":\"WebPage\",\"@id\":\"https:\\\/\\\/patagoniambiental.com.ar\\\/info\\\/fundacion-patrulla-ecologica\\\/\",\"url\":\"https:\\\/\\\/patagoniambiental.com.ar\\\/info\\\/fundacion-patrulla-ecologica\\\/\",\"name\":\"Fundaci\u00f3n Patrulla Ecologica de Catriel\",\"isPartOf\":{\"@id\":\"https:\\\/\\\/patagoniambiental.com.ar\\\/info\\\/#website\"},\"datePublished\":\"2017-08-29T16:22:41+00:00\",\"dateModified\":\"2017-08-30T21:01:50+00:00\",\"breadcrumb\":{\"@id\":\"https:\\\/\\\/patagoniambiental.com.ar\\\/info\\\/fundacion-patrulla-ecologica\\\/#breadcrumb\"},\"inLanguage\":\"es\",\"potentialAction\":[{\"@type\":\"ReadAction\",\"target\":[\"https:\\\/\\\/patagoniambiental.com.ar\\\/info\\\/fundacion-patrulla-ecologica\\\/\"]}]},{\"@type\":\"BreadcrumbList\",\"@id\":\"https:\\\/\\\/patagoniambiental.com.ar\\\/info\\\/fundacion-patrulla-ecologica\\\/#breadcrumb\",\"itemListElement\":[{\"@type\":\"ListItem\",\"position\":1,\"name\":\"Inicio\",\"item\":\"https:\\\/\\\/patagoniambiental.com.ar\\\/info\\\/\"},{\"@type\":\"ListItem\",\"position\":2,\"name\":\"Fundaci\u00f3n Patrulla Ecologica de Catriel\"}]},{\"@type\":\"WebSite\",\"@id\":\"https:\\\/\\\/patagoniambiental.com.ar\\\/info\\\/#website\",\"url\":\"https:\\\/\\\/patagoniambiental.com.ar\\\/info\\\/\",\"name\":\"Patagonia Ambiental\",\"description\":\"Monitoreo y an\u00e1lisis de la situaci\u00f3n geopol\u00edtica en el mundo y su implicancia en la Patagonia\",\"publisher\":{\"@id\":\"https:\\\/\\\/patagoniambiental.com.ar\\\/info\\\/#organization\"},\"potentialAction\":[{\"@type\":\"SearchAction\",\"target\":{\"@type\":\"EntryPoint\",\"urlTemplate\":\"https:\\\/\\\/patagoniambiental.com.ar\\\/info\\\/?s={search_term_string}\"},\"query-input\":{\"@type\":\"PropertyValueSpecification\",\"valueRequired\":true,\"valueName\":\"search_term_string\"}}],\"inLanguage\":\"es\"},{\"@type\":\"Organization\",\"@id\":\"https:\\\/\\\/patagoniambiental.com.ar\\\/info\\\/#organization\",\"name\":\"Patagonia Ambiental\",\"url\":\"https:\\\/\\\/patagoniambiental.com.ar\\\/info\\\/\",\"logo\":{\"@type\":\"ImageObject\",\"inLanguage\":\"es\",\"@id\":\"https:\\\/\\\/patagoniambiental.com.ar\\\/info\\\/#\\\/schema\\\/logo\\\/image\\\/\",\"url\":\"https:\\\/\\\/patagoniambiental.com.ar\\\/info\\\/wp-content\\\/uploads\\\/2025\\\/05\\\/LOGO-PATAGONIA-AMBIENTAL.png\",\"contentUrl\":\"https:\\\/\\\/patagoniambiental.com.ar\\\/info\\\/wp-content\\\/uploads\\\/2025\\\/05\\\/LOGO-PATAGONIA-AMBIENTAL.png\",\"width\":433,\"height\":250,\"caption\":\"Patagonia Ambiental\"},\"image\":{\"@id\":\"https:\\\/\\\/patagoniambiental.com.ar\\\/info\\\/#\\\/schema\\\/logo\\\/image\\\/\"},\"sameAs\":[\"https:\\\/\\\/www.facebook.com\\\/patagonia.ambiental\",\"https:\\\/\\\/x.com\\\/PatAmb\"]},{\"@type\":\"Person\",\"@id\":\"https:\\\/\\\/patagoniambiental.com.ar\\\/info\\\/#\\\/schema\\\/person\\\/db12bff64bbcbf6a253710bf0ea37b5d\",\"name\":\"Patagonia Ambiental\",\"description\":\"Andr\u00e9s Nievas T\u00e9cnico en manejo ambiental, consultor Ambiental y escritor para medios locales e internacionales sobre temas de geopolitica y medio ambiente.\",\"sameAs\":[\"http:\\\/\\\/www.patagoniambiental.com.ar\",\"https:\\\/\\\/www.facebook.com\\\/share\\\/1C1V8Gv9BX\\\/?mibextid=qi2Omg\",\"@patagoniambiental\",\"https:\\\/\\\/youtube.com\\\/@patagoniaambiental2023?si=BLt58t0wuXquxlYZ\"]}]}<\/script>\n<!-- \/ Yoast SEO Premium plugin. -->","yoast_head_json":{"title":"Fundaci\u00f3n Patrulla Ecologica de Catriel","robots":{"index":"index","follow":"follow","max-snippet":"max-snippet:-1","max-image-preview":"max-image-preview:large","max-video-preview":"max-video-preview:-1"},"canonical":"https:\/\/patagoniambiental.com.ar\/info\/fundacion-patrulla-ecologica\/","og_locale":"es_ES","og_type":"article","og_title":"Fundaci\u00f3n Patrulla Ecologica de Catriel","og_description":"Fundaci\u00f3n Patrulla Ecologica de la ciudad de Catriel Presidente: Silvana Areco Ciudad: Catriel E-mail: fundacionpatrulla2013@hotmail.com Tel: 0299-155947876 Inicio de Actividades [&hellip;]","og_url":"https:\/\/patagoniambiental.com.ar\/info\/fundacion-patrulla-ecologica\/","og_site_name":"Patagonia Ambiental","article_publisher":"https:\/\/www.facebook.com\/patagonia.ambiental","article_author":"https:\/\/www.facebook.com\/share\/1C1V8Gv9BX\/?mibextid=qi2Omg","article_published_time":"2017-08-29T16:22:41+00:00","article_modified_time":"2017-08-30T21:01:50+00:00","author":"Patagonia Ambiental","twitter_card":"summary_large_image","twitter_creator":"@PatAmb","twitter_site":"@PatAmb","schema":{"@context":"https:\/\/schema.org","@graph":[{"@type":"Article","@id":"https:\/\/patagoniambiental.com.ar\/info\/fundacion-patrulla-ecologica\/#article","isPartOf":{"@id":"https:\/\/patagoniambiental.com.ar\/info\/fundacion-patrulla-ecologica\/"},"author":{"name":"Patagonia Ambiental","@id":"https:\/\/patagoniambiental.com.ar\/info\/#\/schema\/person\/db12bff64bbcbf6a253710bf0ea37b5d"},"headline":"Fundaci\u00f3n Patrulla Ecologica de Catriel","datePublished":"2017-08-29T16:22:41+00:00","dateModified":"2017-08-30T21:01:50+00:00","mainEntityOfPage":{"@id":"https:\/\/patagoniambiental.com.ar\/info\/fundacion-patrulla-ecologica\/"},"wordCount":321,"commentCount":0,"publisher":{"@id":"https:\/\/patagoniambiental.com.ar\/info\/#organization"},"articleSection":["Directorio","ONGs ambientalistas","Plata"],"inLanguage":"es","potentialAction":[{"@type":"CommentAction","name":"Comment","target":["https:\/\/patagoniambiental.com.ar\/info\/fundacion-patrulla-ecologica\/#respond"]}]},{"@type":"WebPage","@id":"https:\/\/patagoniambiental.com.ar\/info\/fundacion-patrulla-ecologica\/","url":"https:\/\/patagoniambiental.com.ar\/info\/fundacion-patrulla-ecologica\/","name":"Fundaci\u00f3n Patrulla Ecologica de Catriel","isPartOf":{"@id":"https:\/\/patagoniambiental.com.ar\/info\/#website"},"datePublished":"2017-08-29T16:22:41+00:00","dateModified":"2017-08-30T21:01:50+00:00","breadcrumb":{"@id":"https:\/\/patagoniambiental.com.ar\/info\/fundacion-patrulla-ecologica\/#breadcrumb"},"inLanguage":"es","potentialAction":[{"@type":"ReadAction","target":["https:\/\/patagoniambiental.com.ar\/info\/fundacion-patrulla-ecologica\/"]}]},{"@type":"BreadcrumbList","@id":"https:\/\/patagoniambiental.com.ar\/info\/fundacion-patrulla-ecologica\/#breadcrumb","itemListElement":[{"@type":"ListItem","position":1,"name":"Inicio","item":"https:\/\/patagoniambiental.com.ar\/info\/"},{"@type":"ListItem","position":2,"name":"Fundaci\u00f3n Patrulla Ecologica de Catriel"}]},{"@type":"WebSite","@id":"https:\/\/patagoniambiental.com.ar\/info\/#website","url":"https:\/\/patagoniambiental.com.ar\/info\/","name":"Patagonia Ambiental","description":"Monitoreo y an\u00e1lisis de la situaci\u00f3n geopol\u00edtica en el mundo y su implicancia en la Patagonia","publisher":{"@id":"https:\/\/patagoniambiental.com.ar\/info\/#organization"},"potentialAction":[{"@type":"SearchAction","target":{"@type":"EntryPoint","urlTemplate":"https:\/\/patagoniambiental.com.ar\/info\/?s={search_term_string}"},"query-input":{"@type":"PropertyValueSpecification","valueRequired":true,"valueName":"search_term_string"}}],"inLanguage":"es"},{"@type":"Organization","@id":"https:\/\/patagoniambiental.com.ar\/info\/#organization","name":"Patagonia Ambiental","url":"https:\/\/patagoniambiental.com.ar\/info\/","logo":{"@type":"ImageObject","inLanguage":"es","@id":"https:\/\/patagoniambiental.com.ar\/info\/#\/schema\/logo\/image\/","url":"https:\/\/patagoniambiental.com.ar\/info\/wp-content\/uploads\/2025\/05\/LOGO-PATAGONIA-AMBIENTAL.png","contentUrl":"https:\/\/patagoniambiental.com.ar\/info\/wp-content\/uploads\/2025\/05\/LOGO-PATAGONIA-AMBIENTAL.png","width":433,"height":250,"caption":"Patagonia Ambiental"},"image":{"@id":"https:\/\/patagoniambiental.com.ar\/info\/#\/schema\/logo\/image\/"},"sameAs":["https:\/\/www.facebook.com\/patagonia.ambiental","https:\/\/x.com\/PatAmb"]},{"@type":"Person","@id":"https:\/\/patagoniambiental.com.ar\/info\/#\/schema\/person\/db12bff64bbcbf6a253710bf0ea37b5d","name":"Patagonia Ambiental","description":"Andr\u00e9s Nievas T\u00e9cnico en manejo ambiental, consultor Ambiental y escritor para medios locales e internacionales sobre temas de geopolitica y medio ambiente.","sameAs":["http:\/\/www.patagoniambiental.com.ar","https:\/\/www.facebook.com\/share\/1C1V8Gv9BX\/?mibextid=qi2Omg","@patagoniambiental","https:\/\/youtube.com\/@patagoniaambiental2023?si=BLt58t0wuXquxlYZ"]}]}},"_links":{"self":[{"href":"https:\/\/patagoniambiental.com.ar\/info\/wp-json\/wp\/v2\/posts\/34010","targetHints":{"allow":["GET"]}}],"collection":[{"href":"https:\/\/patagoniambiental.com.ar\/info\/wp-json\/wp\/v2\/posts"}],"about":[{"href":"https:\/\/patagoniambiental.com.ar\/info\/wp-json\/wp\/v2\/types\/post"}],"author":[{"embeddable":true,"href":"https:\/\/patagoniambiental.com.ar\/info\/wp-json\/wp\/v2\/users\/2"}],"replies":[{"embeddable":true,"href":"https:\/\/patagoniambiental.com.ar\/info\/wp-json\/wp\/v2\/comments?post=34010"}],"version-history":[{"count":0,"href":"https:\/\/patagoniambiental.com.ar\/info\/wp-json\/wp\/v2\/posts\/34010\/revisions"}],"wp:attachment":[{"href":"https:\/\/patagoniambiental.com.ar\/info\/wp-json\/wp\/v2\/media?parent=34010"}],"wp:term":[{"taxonomy":"category","embeddable":true,"href":"https:\/\/patagoniambiental.com.ar\/info\/wp-json\/wp\/v2\/categories?post=34010"},{"taxonomy":"post_tag","embeddable":true,"href":"https:\/\/patagoniambiental.com.ar\/info\/wp-json\/wp\/v2\/tags?post=34010"}],"curies":[{"name":"wp","href":"https:\/\/api.w.org\/{rel}","templated":true}]}}