{"id":34027,"date":"2017-08-29T19:00:21","date_gmt":"2017-08-29T22:00:21","guid":{"rendered":"http:\/\/patagoniambiental.com.ar\/info\/?p=34027"},"modified":"2017-08-29T17:11:06","modified_gmt":"2017-08-29T20:11:06","slug":"la-fiscalia-chilena-confirma-el-hallazgo-de-un-panfleto-mapuche-en-la-quema-de-camiones","status":"publish","type":"post","link":"https:\/\/patagoniambiental.com.ar\/info\/la-fiscalia-chilena-confirma-el-hallazgo-de-un-panfleto-mapuche-en-la-quema-de-camiones\/","title":{"rendered":"La Fiscal\u00eda chilena confirma el hallazgo de un panfleto mapuche en la quema de camiones"},"content":{"rendered":"<div class=\"b-article__lead\">\n<p>SANTIAGO (Sputnik) \u2014 La Fiscal\u00eda Regional de la regi\u00f3n chilena de Los R\u00edos (centro-sur) confirm\u00f3 el hallazgo de un panfleto firmado por la agrupaci\u00f3n mapuche Weichan Auka Mapu en el lugar en el que fueron quemados 29 camiones de una empresa forestal.<\/p>\n<\/div>\n<p><!--more--><\/p>\n<div class=\"b-article__text\">\n<p class=\"marker-quote1\">\u00abLibertad a todos los presos pol\u00edticos mapuches. Fuego y sabotaje al negocio forestal. Por nuestros weichafes ca\u00eddos, Marileo y Gonz\u00e1lez\u00bb, dice el panfleto, publicado por el sitio web de Radio Biob\u00edo<\/p>\n<div class=\"b-inject m-inject-min\">\n<div class=\"b-inject__media\"><img fetchpriority=\"high\" decoding=\"async\" class=\"\" title=\"Camiones quemados en Chile\" src=\"https:\/\/cdnmundo2.img.sputniknews.com\/images\/107192\/81\/1071928125.jpg\" alt=\"Camiones quemados en Chile\" width=\"705\" height=\"375\" \/><\/div>\n<div class=\"b-inject__copy\">\u00a9 REUTERS\/ MIGUEL ANGEL BUSTOS<\/div>\n<div class=\"b-inject__content\"><a href=\"https:\/\/mundo.sputniknews.com\/americalatina\/201708291071928188-fuego-ataquesostraser\/\">Nuevo ataque incendiario destruye 29 camiones al sur de Chile<\/a><\/div>\n<\/div>\n<p>Las autoridades de la Fiscal\u00eda Regional y de Carabineros (polic\u00eda militarizada), que est\u00e1n a cargo de la investigaci\u00f3n, confirmaron que el escrito fue encontrado en el lugar pero se encuentran realizando peritajes para comprobar su autenticidad.El panfleto alude tambi\u00e9n al caso Luchsinger-Mackay, por el que 11 comuneros mapuches se encuentran procesados por la justicia, acusados de un ataque incendiario en la localidad de Vic\u00fan (sur) en 2013, en el cual muri\u00f3 el empresario Werner Luchsinger y su esposa, Vivianne Mackay.<\/p>\n<p>\u00abFin al montaje Luchsinger Mackay\u00bb, se lee en el papel.<\/p>\n<div class=\"b-inject m-inject-min\">\n<div class=\"b-inject__media\"><img decoding=\"async\" class=\"\" title=\"Protestas de la comunidad Mapuche\" src=\"https:\/\/cdnmundo2.img.sputniknews.com\/images\/106234\/12\/1062341203.jpg\" alt=\"Protestas de la comunidad Mapuche\" width=\"705\" height=\"375\" \/><\/div>\n<div class=\"b-inject__copy\">\u00a9 AFP 2017\/ FABIAN CEBALLOS<\/div>\n<div class=\"b-inject__content\"><a href=\"https:\/\/mundo.sputniknews.com\/americalatina\/201702231067164164-mapuche-chile-ddhh\/\">Discurso p\u00fablico atenta contra pueblo mapuche chileno<\/a><\/div>\n<\/div>\n<p>La agrupaci\u00f3n mapuche Weichan Auka Mapu se adjudic\u00f3 anteriormente m\u00e1s de 30 ataques incendiarios en el sur de Chile, reivindicando la lucha armada contra el Estado chileno.<\/p>\n<p>El lunes a las 00:50 hora local (08:00 GMT) un grupo de siete encapuchados entraron a un recinto de la empresa forestal Sostraser en la localidad de San Jos\u00e9 de la Mariquina (centro-sur) y quemaron 29 camiones, seg\u00fan lo informado por el Ministerio del Interior.<\/p>\n<p>El hecho se enmarca en el conflicto hist\u00f3rico que el pueblo mapuche sostiene contra el Estado por la restituci\u00f3n de sus tierras que les fueron quitadas y entregadas a latifundistas, empresarios forestales y agricultores.<\/p>\n<p>Fuente: Agencia Sputnik<\/p>\n<\/div>\n","protected":false},"excerpt":{"rendered":"<p>SANTIAGO (Sputnik) \u2014 La Fiscal\u00eda Regional de la regi\u00f3n chilena de Los R\u00edos (centro-sur) confirm\u00f3 el hallazgo de un panfleto [&hellip;]<\/p>\n","protected":false},"author":2,"featured_media":34028,"comment_status":"open","ping_status":"open","sticky":false,"template":"","format":"standard","meta":{"site-sidebar-layout":"default","site-content-layout":"","ast-site-content-layout":"default","site-content-style":"default","site-sidebar-style":"default","ast-global-header-display":"","ast-banner-title-visibility":"","ast-main-header-display":"","ast-hfb-above-header-display":"","ast-hfb-below-header-display":"","ast-hfb-mobile-header-display":"","site-post-title":"","ast-breadcrumbs-content":"","ast-featured-img":"","footer-sml-layout":"","ast-disable-related-posts":"","theme-transparent-header-meta":"","adv-header-id-meta":"","stick-header-meta":"","header-above-stick-meta":"","header-main-stick-meta":"","header-below-stick-meta":"","astra-migrate-meta-layouts":"default","ast-page-background-enabled":"default","ast-page-background-meta":{"desktop":{"background-color":"var(--ast-global-color-5)","background-image":"","background-repeat":"repeat","background-position":"center center","background-size":"auto","background-attachment":"scroll","background-type":"","background-media":"","overlay-type":"","overlay-color":"","overlay-opacity":"","overlay-gradient":""},"tablet":{"background-color":"","background-image":"","background-repeat":"repeat","background-position":"center center","background-size":"auto","background-attachment":"scroll","background-type":"","background-media":"","overlay-type":"","overlay-color":"","overlay-opacity":"","overlay-gradient":""},"mobile":{"background-color":"","background-image":"","background-repeat":"repeat","background-position":"center center","background-size":"auto","background-attachment":"scroll","background-type":"","background-media":"","overlay-type":"","overlay-color":"","overlay-opacity":"","overlay-gradient":""}},"ast-content-background-meta":{"desktop":{"background-color":"var(--ast-global-color-4)","background-image":"","background-repeat":"repeat","background-position":"center center","background-size":"auto","background-attachment":"scroll","background-type":"","background-media":"","overlay-type":"","overlay-color":"","overlay-opacity":"","overlay-gradient":""},"tablet":{"background-color":"var(--ast-global-color-4)","background-image":"","background-repeat":"repeat","background-position":"center center","background-size":"auto","background-attachment":"scroll","background-type":"","background-media":"","overlay-type":"","overlay-color":"","overlay-opacity":"","overlay-gradient":""},"mobile":{"background-color":"var(--ast-global-color-4)","background-image":"","background-repeat":"repeat","background-position":"center center","background-size":"auto","background-attachment":"scroll","background-type":"","background-media":"","overlay-type":"","overlay-color":"","overlay-opacity":"","overlay-gradient":""}},"footnotes":""},"categories":[23,1],"tags":[],"class_list":["post-34027","post","type-post","status-publish","format-standard","has-post-thumbnail","hentry","category-internacionales","category-noticias"],"yoast_head":"<!-- This site is optimized with the Yoast SEO Premium plugin v23.0 (Yoast SEO v27.4) - https:\/\/yoast.com\/product\/yoast-seo-premium-wordpress\/ -->\n<title>La Fiscal\u00eda chilena confirma el hallazgo de un panfleto mapuche en la quema de camiones<\/title>\n<meta name=\"robots\" content=\"index, follow, max-snippet:-1, max-image-preview:large, max-video-preview:-1\" \/>\n<link rel=\"canonical\" href=\"https:\/\/patagoniambiental.com.ar\/info\/la-fiscalia-chilena-confirma-el-hallazgo-de-un-panfleto-mapuche-en-la-quema-de-camiones\/\" \/>\n<meta property=\"og:locale\" content=\"es_ES\" \/>\n<meta property=\"og:type\" content=\"article\" \/>\n<meta property=\"og:title\" content=\"La Fiscal\u00eda chilena confirma el hallazgo de un panfleto mapuche en la quema de camiones\" \/>\n<meta property=\"og:description\" content=\"SANTIAGO (Sputnik) \u2014 La Fiscal\u00eda Regional de la regi\u00f3n chilena de Los R\u00edos (centro-sur) confirm\u00f3 el hallazgo de un panfleto [&hellip;]\" \/>\n<meta property=\"og:url\" content=\"https:\/\/patagoniambiental.com.ar\/info\/la-fiscalia-chilena-confirma-el-hallazgo-de-un-panfleto-mapuche-en-la-quema-de-camiones\/\" \/>\n<meta property=\"og:site_name\" content=\"Patagonia Ambiental\" \/>\n<meta property=\"article:publisher\" content=\"https:\/\/www.facebook.com\/patagonia.ambiental\" \/>\n<meta property=\"article:author\" content=\"https:\/\/www.facebook.com\/share\/1C1V8Gv9BX\/?mibextid=qi2Omg\" \/>\n<meta property=\"article:published_time\" content=\"2017-08-29T22:00:21+00:00\" \/>\n<meta property=\"og:image\" content=\"https:\/\/patagoniambiental.com.ar\/info\/wp-content\/uploads\/2017\/08\/1065706424.jpg\" \/>\n\t<meta property=\"og:image:width\" content=\"1000\" \/>\n\t<meta property=\"og:image:height\" content=\"541\" \/>\n\t<meta property=\"og:image:type\" content=\"image\/jpeg\" \/>\n<meta name=\"author\" content=\"Patagonia Ambiental\" \/>\n<meta name=\"twitter:card\" content=\"summary_large_image\" \/>\n<meta name=\"twitter:creator\" content=\"@PatAmb\" \/>\n<meta name=\"twitter:site\" content=\"@PatAmb\" \/>\n<script type=\"application\/ld+json\" class=\"yoast-schema-graph\">{\"@context\":\"https:\\\/\\\/schema.org\",\"@graph\":[{\"@type\":\"Article\",\"@id\":\"https:\\\/\\\/patagoniambiental.com.ar\\\/info\\\/la-fiscalia-chilena-confirma-el-hallazgo-de-un-panfleto-mapuche-en-la-quema-de-camiones\\\/#article\",\"isPartOf\":{\"@id\":\"https:\\\/\\\/patagoniambiental.com.ar\\\/info\\\/la-fiscalia-chilena-confirma-el-hallazgo-de-un-panfleto-mapuche-en-la-quema-de-camiones\\\/\"},\"author\":{\"name\":\"Patagonia Ambiental\",\"@id\":\"https:\\\/\\\/patagoniambiental.com.ar\\\/info\\\/#\\\/schema\\\/person\\\/db12bff64bbcbf6a253710bf0ea37b5d\"},\"headline\":\"La Fiscal\u00eda chilena confirma el hallazgo de un panfleto mapuche en la quema de camiones\",\"datePublished\":\"2017-08-29T22:00:21+00:00\",\"mainEntityOfPage\":{\"@id\":\"https:\\\/\\\/patagoniambiental.com.ar\\\/info\\\/la-fiscalia-chilena-confirma-el-hallazgo-de-un-panfleto-mapuche-en-la-quema-de-camiones\\\/\"},\"wordCount\":324,\"commentCount\":0,\"publisher\":{\"@id\":\"https:\\\/\\\/patagoniambiental.com.ar\\\/info\\\/#organization\"},\"image\":{\"@id\":\"https:\\\/\\\/patagoniambiental.com.ar\\\/info\\\/la-fiscalia-chilena-confirma-el-hallazgo-de-un-panfleto-mapuche-en-la-quema-de-camiones\\\/#primaryimage\"},\"thumbnailUrl\":\"https:\\\/\\\/patagoniambiental.com.ar\\\/info\\\/wp-content\\\/uploads\\\/2017\\\/08\\\/1065706424.jpg\",\"articleSection\":[\"Internacionales\",\"Noticias\"],\"inLanguage\":\"es\",\"potentialAction\":[{\"@type\":\"CommentAction\",\"name\":\"Comment\",\"target\":[\"https:\\\/\\\/patagoniambiental.com.ar\\\/info\\\/la-fiscalia-chilena-confirma-el-hallazgo-de-un-panfleto-mapuche-en-la-quema-de-camiones\\\/#respond\"]}]},{\"@type\":\"WebPage\",\"@id\":\"https:\\\/\\\/patagoniambiental.com.ar\\\/info\\\/la-fiscalia-chilena-confirma-el-hallazgo-de-un-panfleto-mapuche-en-la-quema-de-camiones\\\/\",\"url\":\"https:\\\/\\\/patagoniambiental.com.ar\\\/info\\\/la-fiscalia-chilena-confirma-el-hallazgo-de-un-panfleto-mapuche-en-la-quema-de-camiones\\\/\",\"name\":\"La Fiscal\u00eda chilena confirma el hallazgo de un panfleto mapuche en la quema de camiones\",\"isPartOf\":{\"@id\":\"https:\\\/\\\/patagoniambiental.com.ar\\\/info\\\/#website\"},\"primaryImageOfPage\":{\"@id\":\"https:\\\/\\\/patagoniambiental.com.ar\\\/info\\\/la-fiscalia-chilena-confirma-el-hallazgo-de-un-panfleto-mapuche-en-la-quema-de-camiones\\\/#primaryimage\"},\"image\":{\"@id\":\"https:\\\/\\\/patagoniambiental.com.ar\\\/info\\\/la-fiscalia-chilena-confirma-el-hallazgo-de-un-panfleto-mapuche-en-la-quema-de-camiones\\\/#primaryimage\"},\"thumbnailUrl\":\"https:\\\/\\\/patagoniambiental.com.ar\\\/info\\\/wp-content\\\/uploads\\\/2017\\\/08\\\/1065706424.jpg\",\"datePublished\":\"2017-08-29T22:00:21+00:00\",\"breadcrumb\":{\"@id\":\"https:\\\/\\\/patagoniambiental.com.ar\\\/info\\\/la-fiscalia-chilena-confirma-el-hallazgo-de-un-panfleto-mapuche-en-la-quema-de-camiones\\\/#breadcrumb\"},\"inLanguage\":\"es\",\"potentialAction\":[{\"@type\":\"ReadAction\",\"target\":[\"https:\\\/\\\/patagoniambiental.com.ar\\\/info\\\/la-fiscalia-chilena-confirma-el-hallazgo-de-un-panfleto-mapuche-en-la-quema-de-camiones\\\/\"]}]},{\"@type\":\"ImageObject\",\"inLanguage\":\"es\",\"@id\":\"https:\\\/\\\/patagoniambiental.com.ar\\\/info\\\/la-fiscalia-chilena-confirma-el-hallazgo-de-un-panfleto-mapuche-en-la-quema-de-camiones\\\/#primaryimage\",\"url\":\"https:\\\/\\\/patagoniambiental.com.ar\\\/info\\\/wp-content\\\/uploads\\\/2017\\\/08\\\/1065706424.jpg\",\"contentUrl\":\"https:\\\/\\\/patagoniambiental.com.ar\\\/info\\\/wp-content\\\/uploads\\\/2017\\\/08\\\/1065706424.jpg\",\"width\":1000,\"height\":541},{\"@type\":\"BreadcrumbList\",\"@id\":\"https:\\\/\\\/patagoniambiental.com.ar\\\/info\\\/la-fiscalia-chilena-confirma-el-hallazgo-de-un-panfleto-mapuche-en-la-quema-de-camiones\\\/#breadcrumb\",\"itemListElement\":[{\"@type\":\"ListItem\",\"position\":1,\"name\":\"Inicio\",\"item\":\"https:\\\/\\\/patagoniambiental.com.ar\\\/info\\\/\"},{\"@type\":\"ListItem\",\"position\":2,\"name\":\"La Fiscal\u00eda chilena confirma el hallazgo de un panfleto mapuche en la quema de camiones\"}]},{\"@type\":\"WebSite\",\"@id\":\"https:\\\/\\\/patagoniambiental.com.ar\\\/info\\\/#website\",\"url\":\"https:\\\/\\\/patagoniambiental.com.ar\\\/info\\\/\",\"name\":\"Patagonia Ambiental\",\"description\":\"Monitoreo y an\u00e1lisis de la situaci\u00f3n geopol\u00edtica en el mundo y su implicancia en la Patagonia\",\"publisher\":{\"@id\":\"https:\\\/\\\/patagoniambiental.com.ar\\\/info\\\/#organization\"},\"potentialAction\":[{\"@type\":\"SearchAction\",\"target\":{\"@type\":\"EntryPoint\",\"urlTemplate\":\"https:\\\/\\\/patagoniambiental.com.ar\\\/info\\\/?s={search_term_string}\"},\"query-input\":{\"@type\":\"PropertyValueSpecification\",\"valueRequired\":true,\"valueName\":\"search_term_string\"}}],\"inLanguage\":\"es\"},{\"@type\":\"Organization\",\"@id\":\"https:\\\/\\\/patagoniambiental.com.ar\\\/info\\\/#organization\",\"name\":\"Patagonia Ambiental\",\"url\":\"https:\\\/\\\/patagoniambiental.com.ar\\\/info\\\/\",\"logo\":{\"@type\":\"ImageObject\",\"inLanguage\":\"es\",\"@id\":\"https:\\\/\\\/patagoniambiental.com.ar\\\/info\\\/#\\\/schema\\\/logo\\\/image\\\/\",\"url\":\"https:\\\/\\\/patagoniambiental.com.ar\\\/info\\\/wp-content\\\/uploads\\\/2025\\\/05\\\/LOGO-PATAGONIA-AMBIENTAL.png\",\"contentUrl\":\"https:\\\/\\\/patagoniambiental.com.ar\\\/info\\\/wp-content\\\/uploads\\\/2025\\\/05\\\/LOGO-PATAGONIA-AMBIENTAL.png\",\"width\":433,\"height\":250,\"caption\":\"Patagonia Ambiental\"},\"image\":{\"@id\":\"https:\\\/\\\/patagoniambiental.com.ar\\\/info\\\/#\\\/schema\\\/logo\\\/image\\\/\"},\"sameAs\":[\"https:\\\/\\\/www.facebook.com\\\/patagonia.ambiental\",\"https:\\\/\\\/x.com\\\/PatAmb\"]},{\"@type\":\"Person\",\"@id\":\"https:\\\/\\\/patagoniambiental.com.ar\\\/info\\\/#\\\/schema\\\/person\\\/db12bff64bbcbf6a253710bf0ea37b5d\",\"name\":\"Patagonia Ambiental\",\"description\":\"Andr\u00e9s Nievas T\u00e9cnico en manejo ambiental, consultor Ambiental y escritor para medios locales e internacionales sobre temas de geopolitica y medio ambiente.\",\"sameAs\":[\"http:\\\/\\\/www.patagoniambiental.com.ar\",\"https:\\\/\\\/www.facebook.com\\\/share\\\/1C1V8Gv9BX\\\/?mibextid=qi2Omg\",\"@patagoniambiental\",\"https:\\\/\\\/youtube.com\\\/@patagoniaambiental2023?si=BLt58t0wuXquxlYZ\"]}]}<\/script>\n<!-- \/ Yoast SEO Premium plugin. -->","yoast_head_json":{"title":"La Fiscal\u00eda chilena confirma el hallazgo de un panfleto mapuche en la quema de camiones","robots":{"index":"index","follow":"follow","max-snippet":"max-snippet:-1","max-image-preview":"max-image-preview:large","max-video-preview":"max-video-preview:-1"},"canonical":"https:\/\/patagoniambiental.com.ar\/info\/la-fiscalia-chilena-confirma-el-hallazgo-de-un-panfleto-mapuche-en-la-quema-de-camiones\/","og_locale":"es_ES","og_type":"article","og_title":"La Fiscal\u00eda chilena confirma el hallazgo de un panfleto mapuche en la quema de camiones","og_description":"SANTIAGO (Sputnik) \u2014 La Fiscal\u00eda Regional de la regi\u00f3n chilena de Los R\u00edos (centro-sur) confirm\u00f3 el hallazgo de un panfleto [&hellip;]","og_url":"https:\/\/patagoniambiental.com.ar\/info\/la-fiscalia-chilena-confirma-el-hallazgo-de-un-panfleto-mapuche-en-la-quema-de-camiones\/","og_site_name":"Patagonia Ambiental","article_publisher":"https:\/\/www.facebook.com\/patagonia.ambiental","article_author":"https:\/\/www.facebook.com\/share\/1C1V8Gv9BX\/?mibextid=qi2Omg","article_published_time":"2017-08-29T22:00:21+00:00","og_image":[{"width":1000,"height":541,"url":"https:\/\/patagoniambiental.com.ar\/info\/wp-content\/uploads\/2017\/08\/1065706424.jpg","type":"image\/jpeg"}],"author":"Patagonia Ambiental","twitter_card":"summary_large_image","twitter_creator":"@PatAmb","twitter_site":"@PatAmb","schema":{"@context":"https:\/\/schema.org","@graph":[{"@type":"Article","@id":"https:\/\/patagoniambiental.com.ar\/info\/la-fiscalia-chilena-confirma-el-hallazgo-de-un-panfleto-mapuche-en-la-quema-de-camiones\/#article","isPartOf":{"@id":"https:\/\/patagoniambiental.com.ar\/info\/la-fiscalia-chilena-confirma-el-hallazgo-de-un-panfleto-mapuche-en-la-quema-de-camiones\/"},"author":{"name":"Patagonia Ambiental","@id":"https:\/\/patagoniambiental.com.ar\/info\/#\/schema\/person\/db12bff64bbcbf6a253710bf0ea37b5d"},"headline":"La Fiscal\u00eda chilena confirma el hallazgo de un panfleto mapuche en la quema de camiones","datePublished":"2017-08-29T22:00:21+00:00","mainEntityOfPage":{"@id":"https:\/\/patagoniambiental.com.ar\/info\/la-fiscalia-chilena-confirma-el-hallazgo-de-un-panfleto-mapuche-en-la-quema-de-camiones\/"},"wordCount":324,"commentCount":0,"publisher":{"@id":"https:\/\/patagoniambiental.com.ar\/info\/#organization"},"image":{"@id":"https:\/\/patagoniambiental.com.ar\/info\/la-fiscalia-chilena-confirma-el-hallazgo-de-un-panfleto-mapuche-en-la-quema-de-camiones\/#primaryimage"},"thumbnailUrl":"https:\/\/patagoniambiental.com.ar\/info\/wp-content\/uploads\/2017\/08\/1065706424.jpg","articleSection":["Internacionales","Noticias"],"inLanguage":"es","potentialAction":[{"@type":"CommentAction","name":"Comment","target":["https:\/\/patagoniambiental.com.ar\/info\/la-fiscalia-chilena-confirma-el-hallazgo-de-un-panfleto-mapuche-en-la-quema-de-camiones\/#respond"]}]},{"@type":"WebPage","@id":"https:\/\/patagoniambiental.com.ar\/info\/la-fiscalia-chilena-confirma-el-hallazgo-de-un-panfleto-mapuche-en-la-quema-de-camiones\/","url":"https:\/\/patagoniambiental.com.ar\/info\/la-fiscalia-chilena-confirma-el-hallazgo-de-un-panfleto-mapuche-en-la-quema-de-camiones\/","name":"La Fiscal\u00eda chilena confirma el hallazgo de un panfleto mapuche en la quema de camiones","isPartOf":{"@id":"https:\/\/patagoniambiental.com.ar\/info\/#website"},"primaryImageOfPage":{"@id":"https:\/\/patagoniambiental.com.ar\/info\/la-fiscalia-chilena-confirma-el-hallazgo-de-un-panfleto-mapuche-en-la-quema-de-camiones\/#primaryimage"},"image":{"@id":"https:\/\/patagoniambiental.com.ar\/info\/la-fiscalia-chilena-confirma-el-hallazgo-de-un-panfleto-mapuche-en-la-quema-de-camiones\/#primaryimage"},"thumbnailUrl":"https:\/\/patagoniambiental.com.ar\/info\/wp-content\/uploads\/2017\/08\/1065706424.jpg","datePublished":"2017-08-29T22:00:21+00:00","breadcrumb":{"@id":"https:\/\/patagoniambiental.com.ar\/info\/la-fiscalia-chilena-confirma-el-hallazgo-de-un-panfleto-mapuche-en-la-quema-de-camiones\/#breadcrumb"},"inLanguage":"es","potentialAction":[{"@type":"ReadAction","target":["https:\/\/patagoniambiental.com.ar\/info\/la-fiscalia-chilena-confirma-el-hallazgo-de-un-panfleto-mapuche-en-la-quema-de-camiones\/"]}]},{"@type":"ImageObject","inLanguage":"es","@id":"https:\/\/patagoniambiental.com.ar\/info\/la-fiscalia-chilena-confirma-el-hallazgo-de-un-panfleto-mapuche-en-la-quema-de-camiones\/#primaryimage","url":"https:\/\/patagoniambiental.com.ar\/info\/wp-content\/uploads\/2017\/08\/1065706424.jpg","contentUrl":"https:\/\/patagoniambiental.com.ar\/info\/wp-content\/uploads\/2017\/08\/1065706424.jpg","width":1000,"height":541},{"@type":"BreadcrumbList","@id":"https:\/\/patagoniambiental.com.ar\/info\/la-fiscalia-chilena-confirma-el-hallazgo-de-un-panfleto-mapuche-en-la-quema-de-camiones\/#breadcrumb","itemListElement":[{"@type":"ListItem","position":1,"name":"Inicio","item":"https:\/\/patagoniambiental.com.ar\/info\/"},{"@type":"ListItem","position":2,"name":"La Fiscal\u00eda chilena confirma el hallazgo de un panfleto mapuche en la quema de camiones"}]},{"@type":"WebSite","@id":"https:\/\/patagoniambiental.com.ar\/info\/#website","url":"https:\/\/patagoniambiental.com.ar\/info\/","name":"Patagonia Ambiental","description":"Monitoreo y an\u00e1lisis de la situaci\u00f3n geopol\u00edtica en el mundo y su implicancia en la Patagonia","publisher":{"@id":"https:\/\/patagoniambiental.com.ar\/info\/#organization"},"potentialAction":[{"@type":"SearchAction","target":{"@type":"EntryPoint","urlTemplate":"https:\/\/patagoniambiental.com.ar\/info\/?s={search_term_string}"},"query-input":{"@type":"PropertyValueSpecification","valueRequired":true,"valueName":"search_term_string"}}],"inLanguage":"es"},{"@type":"Organization","@id":"https:\/\/patagoniambiental.com.ar\/info\/#organization","name":"Patagonia Ambiental","url":"https:\/\/patagoniambiental.com.ar\/info\/","logo":{"@type":"ImageObject","inLanguage":"es","@id":"https:\/\/patagoniambiental.com.ar\/info\/#\/schema\/logo\/image\/","url":"https:\/\/patagoniambiental.com.ar\/info\/wp-content\/uploads\/2025\/05\/LOGO-PATAGONIA-AMBIENTAL.png","contentUrl":"https:\/\/patagoniambiental.com.ar\/info\/wp-content\/uploads\/2025\/05\/LOGO-PATAGONIA-AMBIENTAL.png","width":433,"height":250,"caption":"Patagonia Ambiental"},"image":{"@id":"https:\/\/patagoniambiental.com.ar\/info\/#\/schema\/logo\/image\/"},"sameAs":["https:\/\/www.facebook.com\/patagonia.ambiental","https:\/\/x.com\/PatAmb"]},{"@type":"Person","@id":"https:\/\/patagoniambiental.com.ar\/info\/#\/schema\/person\/db12bff64bbcbf6a253710bf0ea37b5d","name":"Patagonia Ambiental","description":"Andr\u00e9s Nievas T\u00e9cnico en manejo ambiental, consultor Ambiental y escritor para medios locales e internacionales sobre temas de geopolitica y medio ambiente.","sameAs":["http:\/\/www.patagoniambiental.com.ar","https:\/\/www.facebook.com\/share\/1C1V8Gv9BX\/?mibextid=qi2Omg","@patagoniambiental","https:\/\/youtube.com\/@patagoniaambiental2023?si=BLt58t0wuXquxlYZ"]}]}},"_links":{"self":[{"href":"https:\/\/patagoniambiental.com.ar\/info\/wp-json\/wp\/v2\/posts\/34027","targetHints":{"allow":["GET"]}}],"collection":[{"href":"https:\/\/patagoniambiental.com.ar\/info\/wp-json\/wp\/v2\/posts"}],"about":[{"href":"https:\/\/patagoniambiental.com.ar\/info\/wp-json\/wp\/v2\/types\/post"}],"author":[{"embeddable":true,"href":"https:\/\/patagoniambiental.com.ar\/info\/wp-json\/wp\/v2\/users\/2"}],"replies":[{"embeddable":true,"href":"https:\/\/patagoniambiental.com.ar\/info\/wp-json\/wp\/v2\/comments?post=34027"}],"version-history":[{"count":0,"href":"https:\/\/patagoniambiental.com.ar\/info\/wp-json\/wp\/v2\/posts\/34027\/revisions"}],"wp:featuredmedia":[{"embeddable":true,"href":"https:\/\/patagoniambiental.com.ar\/info\/wp-json\/wp\/v2\/media\/34028"}],"wp:attachment":[{"href":"https:\/\/patagoniambiental.com.ar\/info\/wp-json\/wp\/v2\/media?parent=34027"}],"wp:term":[{"taxonomy":"category","embeddable":true,"href":"https:\/\/patagoniambiental.com.ar\/info\/wp-json\/wp\/v2\/categories?post=34027"},{"taxonomy":"post_tag","embeddable":true,"href":"https:\/\/patagoniambiental.com.ar\/info\/wp-json\/wp\/v2\/tags?post=34027"}],"curies":[{"name":"wp","href":"https:\/\/api.w.org\/{rel}","templated":true}]}}