{"id":34049,"date":"2017-08-30T09:00:03","date_gmt":"2017-08-30T12:00:03","guid":{"rendered":"http:\/\/patagoniambiental.com.ar\/info\/?p=34049"},"modified":"2017-08-29T21:05:57","modified_gmt":"2017-08-30T00:05:57","slug":"el-vaticano-participara-en-la-expo-2017-sobre-la-energia-del-futuro-en-astana","status":"publish","type":"post","link":"https:\/\/patagoniambiental.com.ar\/info\/el-vaticano-participara-en-la-expo-2017-sobre-la-energia-del-futuro-en-astana\/","title":{"rendered":"El Vaticano participar\u00e1 en la Expo 2017 sobre la energ\u00eda del futuro en Astana"},"content":{"rendered":"<p>Ciudad del Vaticano .-La Oficina de Prensa de la Santa Sede dio a conocer hoy un comunicado del dicasterio para el Servicio de Desarrollo Humano en el que inform\u00f3 que su prefecto, cardenal Peter Turkson, asistir\u00e1 del 30 de agosto al 4 de septiembre a la Expo 2017 que se realiza en la ciudad de Astana en Kazakst\u00e1n. El tema de la Expo es \u201cEnerg\u00eda del Futuro\u201d, y en ella la Santa Sede participa con un pabell\u00f3n titulado \u201cEnerg\u00eda para el Bien Com\u00fan: El cuidado de nuestra Casa Com\u00fan\u201d.<\/p>\n<p>La Expo Astana 2017 busca ser un \u00e1mbito de reflexi\u00f3n respecto a la importancia de caminar hacia un sistema energ\u00e9tico mundial basado en energ\u00edas renovables. Se realiza en el pa\u00eds centroasi\u00e1tico hasta el 10 de septiembre.<\/p>\n<p>El tema de la Expo es \u201cEnerg\u00eda del Futuro\u201d, y en ella la Santa Sede participa con un pabell\u00f3n titulado \u201cEnerg\u00eda para el Bien Com\u00fan: El cuidado de nuestra Casa Com\u00fan\u201d.<\/p>\n<p>La agenda prev\u00e9 la participaci\u00f3n en una conferencia interreligiosa en el Palacio de la Paz y la Reconciliaci\u00f3n el 31 de agosto, luego una conferencia de prensa el 1 de septiembre en la que el cardenal y el director de C\u00e1ritas Almaty, Guido Trezzani, mostrar\u00e1n los contenidos del pabell\u00f3n.<\/p>\n<p>En esa rueda de prensa tambi\u00e9n presentar\u00e1n \u201cun proyecto ligado al uso sostenible de la energ\u00eda y la integraci\u00f3n social, en particular de ni\u00f1os hu\u00e9rfanos y discapacitados, que estar\u00e1 a cargo de la Iglesia Cat\u00f3lica en Kazakst\u00e1n\u201d.<\/p>\n<p>El 2 de septiembre ser\u00e1 el National Day de la Santa Sede, en el que participar\u00e1 Kassym Jomart Tokayev, presidente del Senado de Kazakst\u00e1n, y Tomasz B. Peta, arzobispo de Mar\u00eda Sant\u00edsima de Astana, que leer\u00e1 el mensaje del Papa para la Expo 2017.<\/p>\n<p>El \u00faltimo acto de la Santa Sede en la Expo 2017 ser\u00e1 la conferencia \u201cEnerg\u00eda para nuestra Casa Com\u00fan\u201d, que se realizar\u00e1 el 3 de septiembre en la Nazarbayev University, con el objetivo de \u201cprofundizar en diversos aspectos del uso de la energ\u00eda en el futuro pr\u00f3ximo al interior de una reflexi\u00f3n m\u00e1s amplia sobre el desarrollo integral de la persona\u201d, indica el texto.<\/p>\n<p>El comunicado del dicasterio indica que el cardenal Turkson estar\u00e1 acompa\u00f1ado por el nuncio apost\u00f3lico en Kazakst\u00e1n, monse\u00f1or Francis A. Chullikatt, por algunos miembros de la Iglesia local y otros miembros del dicasterio.<\/p>\n<p>Fuente:\u00a0http:\/\/www.aica.org\/29985-el-card-turkson-participara-en-la-expo-0-astana-sobre.html<\/p>\n","protected":false},"excerpt":{"rendered":"<p>Ciudad del Vaticano .-La Oficina de Prensa de la Santa Sede dio a conocer hoy un comunicado del dicasterio para [&hellip;]<\/p>\n","protected":false},"author":2,"featured_media":34050,"comment_status":"open","ping_status":"open","sticky":false,"template":"","format":"standard","meta":{"site-sidebar-layout":"default","site-content-layout":"","ast-site-content-layout":"default","site-content-style":"default","site-sidebar-style":"default","ast-global-header-display":"","ast-banner-title-visibility":"","ast-main-header-display":"","ast-hfb-above-header-display":"","ast-hfb-below-header-display":"","ast-hfb-mobile-header-display":"","site-post-title":"","ast-breadcrumbs-content":"","ast-featured-img":"","footer-sml-layout":"","ast-disable-related-posts":"","theme-transparent-header-meta":"","adv-header-id-meta":"","stick-header-meta":"","header-above-stick-meta":"","header-main-stick-meta":"","header-below-stick-meta":"","astra-migrate-meta-layouts":"default","ast-page-background-enabled":"default","ast-page-background-meta":{"desktop":{"background-color":"var(--ast-global-color-5)","background-image":"","background-repeat":"repeat","background-position":"center center","background-size":"auto","background-attachment":"scroll","background-type":"","background-media":"","overlay-type":"","overlay-color":"","overlay-opacity":"","overlay-gradient":""},"tablet":{"background-color":"","background-image":"","background-repeat":"repeat","background-position":"center center","background-size":"auto","background-attachment":"scroll","background-type":"","background-media":"","overlay-type":"","overlay-color":"","overlay-opacity":"","overlay-gradient":""},"mobile":{"background-color":"","background-image":"","background-repeat":"repeat","background-position":"center center","background-size":"auto","background-attachment":"scroll","background-type":"","background-media":"","overlay-type":"","overlay-color":"","overlay-opacity":"","overlay-gradient":""}},"ast-content-background-meta":{"desktop":{"background-color":"var(--ast-global-color-4)","background-image":"","background-repeat":"repeat","background-position":"center center","background-size":"auto","background-attachment":"scroll","background-type":"","background-media":"","overlay-type":"","overlay-color":"","overlay-opacity":"","overlay-gradient":""},"tablet":{"background-color":"var(--ast-global-color-4)","background-image":"","background-repeat":"repeat","background-position":"center center","background-size":"auto","background-attachment":"scroll","background-type":"","background-media":"","overlay-type":"","overlay-color":"","overlay-opacity":"","overlay-gradient":""},"mobile":{"background-color":"var(--ast-global-color-4)","background-image":"","background-repeat":"repeat","background-position":"center center","background-size":"auto","background-attachment":"scroll","background-type":"","background-media":"","overlay-type":"","overlay-color":"","overlay-opacity":"","overlay-gradient":""}},"footnotes":""},"categories":[23,1],"tags":[],"class_list":["post-34049","post","type-post","status-publish","format-standard","has-post-thumbnail","hentry","category-internacionales","category-noticias"],"yoast_head":"<!-- This site is optimized with the Yoast SEO Premium plugin v23.0 (Yoast SEO v27.5) - https:\/\/yoast.com\/product\/yoast-seo-premium-wordpress\/ -->\n<title>El Vaticano participar\u00e1 en la Expo 2017 sobre la energ\u00eda del futuro en Astana<\/title>\n<meta name=\"robots\" content=\"index, follow, max-snippet:-1, max-image-preview:large, max-video-preview:-1\" \/>\n<link rel=\"canonical\" href=\"https:\/\/patagoniambiental.com.ar\/info\/el-vaticano-participara-en-la-expo-2017-sobre-la-energia-del-futuro-en-astana\/\" \/>\n<meta property=\"og:locale\" content=\"es_ES\" \/>\n<meta property=\"og:type\" content=\"article\" \/>\n<meta property=\"og:title\" content=\"El Vaticano participar\u00e1 en la Expo 2017 sobre la energ\u00eda del futuro en Astana\" \/>\n<meta property=\"og:description\" content=\"Ciudad del Vaticano .-La Oficina de Prensa de la Santa Sede dio a conocer hoy un comunicado del dicasterio para [&hellip;]\" \/>\n<meta property=\"og:url\" content=\"https:\/\/patagoniambiental.com.ar\/info\/el-vaticano-participara-en-la-expo-2017-sobre-la-energia-del-futuro-en-astana\/\" \/>\n<meta property=\"og:site_name\" content=\"Patagonia Ambiental\" \/>\n<meta property=\"article:publisher\" content=\"https:\/\/www.facebook.com\/patagonia.ambiental\" \/>\n<meta property=\"article:author\" content=\"https:\/\/www.facebook.com\/share\/1C1V8Gv9BX\/?mibextid=qi2Omg\" \/>\n<meta property=\"article:published_time\" content=\"2017-08-30T12:00:03+00:00\" \/>\n<meta property=\"og:image\" content=\"https:\/\/patagoniambiental.com.ar\/info\/wp-content\/uploads\/2017\/08\/expo-astana.jpg\" \/>\n\t<meta property=\"og:image:width\" content=\"850\" \/>\n\t<meta property=\"og:image:height\" content=\"472\" \/>\n\t<meta property=\"og:image:type\" content=\"image\/jpeg\" \/>\n<meta name=\"author\" content=\"Patagonia Ambiental\" \/>\n<meta name=\"twitter:card\" content=\"summary_large_image\" \/>\n<meta name=\"twitter:creator\" content=\"@PatAmb\" \/>\n<meta name=\"twitter:site\" content=\"@PatAmb\" \/>\n<script type=\"application\/ld+json\" class=\"yoast-schema-graph\">{\"@context\":\"https:\\\/\\\/schema.org\",\"@graph\":[{\"@type\":\"Article\",\"@id\":\"https:\\\/\\\/patagoniambiental.com.ar\\\/info\\\/el-vaticano-participara-en-la-expo-2017-sobre-la-energia-del-futuro-en-astana\\\/#article\",\"isPartOf\":{\"@id\":\"https:\\\/\\\/patagoniambiental.com.ar\\\/info\\\/el-vaticano-participara-en-la-expo-2017-sobre-la-energia-del-futuro-en-astana\\\/\"},\"author\":{\"name\":\"Patagonia Ambiental\",\"@id\":\"https:\\\/\\\/patagoniambiental.com.ar\\\/info\\\/#\\\/schema\\\/person\\\/db12bff64bbcbf6a253710bf0ea37b5d\"},\"headline\":\"El Vaticano participar\u00e1 en la Expo 2017 sobre la energ\u00eda del futuro en Astana\",\"datePublished\":\"2017-08-30T12:00:03+00:00\",\"mainEntityOfPage\":{\"@id\":\"https:\\\/\\\/patagoniambiental.com.ar\\\/info\\\/el-vaticano-participara-en-la-expo-2017-sobre-la-energia-del-futuro-en-astana\\\/\"},\"wordCount\":436,\"commentCount\":0,\"publisher\":{\"@id\":\"https:\\\/\\\/patagoniambiental.com.ar\\\/info\\\/#organization\"},\"image\":{\"@id\":\"https:\\\/\\\/patagoniambiental.com.ar\\\/info\\\/el-vaticano-participara-en-la-expo-2017-sobre-la-energia-del-futuro-en-astana\\\/#primaryimage\"},\"thumbnailUrl\":\"https:\\\/\\\/patagoniambiental.com.ar\\\/info\\\/wp-content\\\/uploads\\\/2017\\\/08\\\/expo-astana.jpg\",\"articleSection\":[\"Internacionales\",\"Noticias\"],\"inLanguage\":\"es\",\"potentialAction\":[{\"@type\":\"CommentAction\",\"name\":\"Comment\",\"target\":[\"https:\\\/\\\/patagoniambiental.com.ar\\\/info\\\/el-vaticano-participara-en-la-expo-2017-sobre-la-energia-del-futuro-en-astana\\\/#respond\"]}]},{\"@type\":\"WebPage\",\"@id\":\"https:\\\/\\\/patagoniambiental.com.ar\\\/info\\\/el-vaticano-participara-en-la-expo-2017-sobre-la-energia-del-futuro-en-astana\\\/\",\"url\":\"https:\\\/\\\/patagoniambiental.com.ar\\\/info\\\/el-vaticano-participara-en-la-expo-2017-sobre-la-energia-del-futuro-en-astana\\\/\",\"name\":\"El Vaticano participar\u00e1 en la Expo 2017 sobre la energ\u00eda del futuro en Astana\",\"isPartOf\":{\"@id\":\"https:\\\/\\\/patagoniambiental.com.ar\\\/info\\\/#website\"},\"primaryImageOfPage\":{\"@id\":\"https:\\\/\\\/patagoniambiental.com.ar\\\/info\\\/el-vaticano-participara-en-la-expo-2017-sobre-la-energia-del-futuro-en-astana\\\/#primaryimage\"},\"image\":{\"@id\":\"https:\\\/\\\/patagoniambiental.com.ar\\\/info\\\/el-vaticano-participara-en-la-expo-2017-sobre-la-energia-del-futuro-en-astana\\\/#primaryimage\"},\"thumbnailUrl\":\"https:\\\/\\\/patagoniambiental.com.ar\\\/info\\\/wp-content\\\/uploads\\\/2017\\\/08\\\/expo-astana.jpg\",\"datePublished\":\"2017-08-30T12:00:03+00:00\",\"breadcrumb\":{\"@id\":\"https:\\\/\\\/patagoniambiental.com.ar\\\/info\\\/el-vaticano-participara-en-la-expo-2017-sobre-la-energia-del-futuro-en-astana\\\/#breadcrumb\"},\"inLanguage\":\"es\",\"potentialAction\":[{\"@type\":\"ReadAction\",\"target\":[\"https:\\\/\\\/patagoniambiental.com.ar\\\/info\\\/el-vaticano-participara-en-la-expo-2017-sobre-la-energia-del-futuro-en-astana\\\/\"]}]},{\"@type\":\"ImageObject\",\"inLanguage\":\"es\",\"@id\":\"https:\\\/\\\/patagoniambiental.com.ar\\\/info\\\/el-vaticano-participara-en-la-expo-2017-sobre-la-energia-del-futuro-en-astana\\\/#primaryimage\",\"url\":\"https:\\\/\\\/patagoniambiental.com.ar\\\/info\\\/wp-content\\\/uploads\\\/2017\\\/08\\\/expo-astana.jpg\",\"contentUrl\":\"https:\\\/\\\/patagoniambiental.com.ar\\\/info\\\/wp-content\\\/uploads\\\/2017\\\/08\\\/expo-astana.jpg\",\"width\":850,\"height\":472},{\"@type\":\"BreadcrumbList\",\"@id\":\"https:\\\/\\\/patagoniambiental.com.ar\\\/info\\\/el-vaticano-participara-en-la-expo-2017-sobre-la-energia-del-futuro-en-astana\\\/#breadcrumb\",\"itemListElement\":[{\"@type\":\"ListItem\",\"position\":1,\"name\":\"Inicio\",\"item\":\"https:\\\/\\\/patagoniambiental.com.ar\\\/info\\\/\"},{\"@type\":\"ListItem\",\"position\":2,\"name\":\"El Vaticano participar\u00e1 en la Expo 2017 sobre la energ\u00eda del futuro en Astana\"}]},{\"@type\":\"WebSite\",\"@id\":\"https:\\\/\\\/patagoniambiental.com.ar\\\/info\\\/#website\",\"url\":\"https:\\\/\\\/patagoniambiental.com.ar\\\/info\\\/\",\"name\":\"Patagonia Ambiental\",\"description\":\"Monitoreo y an\u00e1lisis de la situaci\u00f3n geopol\u00edtica en el mundo y su implicancia en la Patagonia\",\"publisher\":{\"@id\":\"https:\\\/\\\/patagoniambiental.com.ar\\\/info\\\/#organization\"},\"potentialAction\":[{\"@type\":\"SearchAction\",\"target\":{\"@type\":\"EntryPoint\",\"urlTemplate\":\"https:\\\/\\\/patagoniambiental.com.ar\\\/info\\\/?s={search_term_string}\"},\"query-input\":{\"@type\":\"PropertyValueSpecification\",\"valueRequired\":true,\"valueName\":\"search_term_string\"}}],\"inLanguage\":\"es\"},{\"@type\":\"Organization\",\"@id\":\"https:\\\/\\\/patagoniambiental.com.ar\\\/info\\\/#organization\",\"name\":\"Patagonia Ambiental\",\"url\":\"https:\\\/\\\/patagoniambiental.com.ar\\\/info\\\/\",\"logo\":{\"@type\":\"ImageObject\",\"inLanguage\":\"es\",\"@id\":\"https:\\\/\\\/patagoniambiental.com.ar\\\/info\\\/#\\\/schema\\\/logo\\\/image\\\/\",\"url\":\"https:\\\/\\\/patagoniambiental.com.ar\\\/info\\\/wp-content\\\/uploads\\\/2025\\\/05\\\/LOGO-PATAGONIA-AMBIENTAL.png\",\"contentUrl\":\"https:\\\/\\\/patagoniambiental.com.ar\\\/info\\\/wp-content\\\/uploads\\\/2025\\\/05\\\/LOGO-PATAGONIA-AMBIENTAL.png\",\"width\":433,\"height\":250,\"caption\":\"Patagonia Ambiental\"},\"image\":{\"@id\":\"https:\\\/\\\/patagoniambiental.com.ar\\\/info\\\/#\\\/schema\\\/logo\\\/image\\\/\"},\"sameAs\":[\"https:\\\/\\\/www.facebook.com\\\/patagonia.ambiental\",\"https:\\\/\\\/x.com\\\/PatAmb\"]},{\"@type\":\"Person\",\"@id\":\"https:\\\/\\\/patagoniambiental.com.ar\\\/info\\\/#\\\/schema\\\/person\\\/db12bff64bbcbf6a253710bf0ea37b5d\",\"name\":\"Patagonia Ambiental\",\"description\":\"Andr\u00e9s Nievas T\u00e9cnico en manejo ambiental, consultor Ambiental y escritor para medios locales e internacionales sobre temas de geopolitica y medio ambiente.\",\"sameAs\":[\"http:\\\/\\\/www.patagoniambiental.com.ar\",\"https:\\\/\\\/www.facebook.com\\\/share\\\/1C1V8Gv9BX\\\/?mibextid=qi2Omg\",\"@patagoniambiental\",\"https:\\\/\\\/youtube.com\\\/@patagoniaambiental2023?si=BLt58t0wuXquxlYZ\"]}]}<\/script>\n<!-- \/ Yoast SEO Premium plugin. -->","yoast_head_json":{"title":"El Vaticano participar\u00e1 en la Expo 2017 sobre la energ\u00eda del futuro en Astana","robots":{"index":"index","follow":"follow","max-snippet":"max-snippet:-1","max-image-preview":"max-image-preview:large","max-video-preview":"max-video-preview:-1"},"canonical":"https:\/\/patagoniambiental.com.ar\/info\/el-vaticano-participara-en-la-expo-2017-sobre-la-energia-del-futuro-en-astana\/","og_locale":"es_ES","og_type":"article","og_title":"El Vaticano participar\u00e1 en la Expo 2017 sobre la energ\u00eda del futuro en Astana","og_description":"Ciudad del Vaticano .-La Oficina de Prensa de la Santa Sede dio a conocer hoy un comunicado del dicasterio para [&hellip;]","og_url":"https:\/\/patagoniambiental.com.ar\/info\/el-vaticano-participara-en-la-expo-2017-sobre-la-energia-del-futuro-en-astana\/","og_site_name":"Patagonia Ambiental","article_publisher":"https:\/\/www.facebook.com\/patagonia.ambiental","article_author":"https:\/\/www.facebook.com\/share\/1C1V8Gv9BX\/?mibextid=qi2Omg","article_published_time":"2017-08-30T12:00:03+00:00","og_image":[{"width":850,"height":472,"url":"https:\/\/patagoniambiental.com.ar\/info\/wp-content\/uploads\/2017\/08\/expo-astana.jpg","type":"image\/jpeg"}],"author":"Patagonia Ambiental","twitter_card":"summary_large_image","twitter_creator":"@PatAmb","twitter_site":"@PatAmb","schema":{"@context":"https:\/\/schema.org","@graph":[{"@type":"Article","@id":"https:\/\/patagoniambiental.com.ar\/info\/el-vaticano-participara-en-la-expo-2017-sobre-la-energia-del-futuro-en-astana\/#article","isPartOf":{"@id":"https:\/\/patagoniambiental.com.ar\/info\/el-vaticano-participara-en-la-expo-2017-sobre-la-energia-del-futuro-en-astana\/"},"author":{"name":"Patagonia Ambiental","@id":"https:\/\/patagoniambiental.com.ar\/info\/#\/schema\/person\/db12bff64bbcbf6a253710bf0ea37b5d"},"headline":"El Vaticano participar\u00e1 en la Expo 2017 sobre la energ\u00eda del futuro en Astana","datePublished":"2017-08-30T12:00:03+00:00","mainEntityOfPage":{"@id":"https:\/\/patagoniambiental.com.ar\/info\/el-vaticano-participara-en-la-expo-2017-sobre-la-energia-del-futuro-en-astana\/"},"wordCount":436,"commentCount":0,"publisher":{"@id":"https:\/\/patagoniambiental.com.ar\/info\/#organization"},"image":{"@id":"https:\/\/patagoniambiental.com.ar\/info\/el-vaticano-participara-en-la-expo-2017-sobre-la-energia-del-futuro-en-astana\/#primaryimage"},"thumbnailUrl":"https:\/\/patagoniambiental.com.ar\/info\/wp-content\/uploads\/2017\/08\/expo-astana.jpg","articleSection":["Internacionales","Noticias"],"inLanguage":"es","potentialAction":[{"@type":"CommentAction","name":"Comment","target":["https:\/\/patagoniambiental.com.ar\/info\/el-vaticano-participara-en-la-expo-2017-sobre-la-energia-del-futuro-en-astana\/#respond"]}]},{"@type":"WebPage","@id":"https:\/\/patagoniambiental.com.ar\/info\/el-vaticano-participara-en-la-expo-2017-sobre-la-energia-del-futuro-en-astana\/","url":"https:\/\/patagoniambiental.com.ar\/info\/el-vaticano-participara-en-la-expo-2017-sobre-la-energia-del-futuro-en-astana\/","name":"El Vaticano participar\u00e1 en la Expo 2017 sobre la energ\u00eda del futuro en Astana","isPartOf":{"@id":"https:\/\/patagoniambiental.com.ar\/info\/#website"},"primaryImageOfPage":{"@id":"https:\/\/patagoniambiental.com.ar\/info\/el-vaticano-participara-en-la-expo-2017-sobre-la-energia-del-futuro-en-astana\/#primaryimage"},"image":{"@id":"https:\/\/patagoniambiental.com.ar\/info\/el-vaticano-participara-en-la-expo-2017-sobre-la-energia-del-futuro-en-astana\/#primaryimage"},"thumbnailUrl":"https:\/\/patagoniambiental.com.ar\/info\/wp-content\/uploads\/2017\/08\/expo-astana.jpg","datePublished":"2017-08-30T12:00:03+00:00","breadcrumb":{"@id":"https:\/\/patagoniambiental.com.ar\/info\/el-vaticano-participara-en-la-expo-2017-sobre-la-energia-del-futuro-en-astana\/#breadcrumb"},"inLanguage":"es","potentialAction":[{"@type":"ReadAction","target":["https:\/\/patagoniambiental.com.ar\/info\/el-vaticano-participara-en-la-expo-2017-sobre-la-energia-del-futuro-en-astana\/"]}]},{"@type":"ImageObject","inLanguage":"es","@id":"https:\/\/patagoniambiental.com.ar\/info\/el-vaticano-participara-en-la-expo-2017-sobre-la-energia-del-futuro-en-astana\/#primaryimage","url":"https:\/\/patagoniambiental.com.ar\/info\/wp-content\/uploads\/2017\/08\/expo-astana.jpg","contentUrl":"https:\/\/patagoniambiental.com.ar\/info\/wp-content\/uploads\/2017\/08\/expo-astana.jpg","width":850,"height":472},{"@type":"BreadcrumbList","@id":"https:\/\/patagoniambiental.com.ar\/info\/el-vaticano-participara-en-la-expo-2017-sobre-la-energia-del-futuro-en-astana\/#breadcrumb","itemListElement":[{"@type":"ListItem","position":1,"name":"Inicio","item":"https:\/\/patagoniambiental.com.ar\/info\/"},{"@type":"ListItem","position":2,"name":"El Vaticano participar\u00e1 en la Expo 2017 sobre la energ\u00eda del futuro en Astana"}]},{"@type":"WebSite","@id":"https:\/\/patagoniambiental.com.ar\/info\/#website","url":"https:\/\/patagoniambiental.com.ar\/info\/","name":"Patagonia Ambiental","description":"Monitoreo y an\u00e1lisis de la situaci\u00f3n geopol\u00edtica en el mundo y su implicancia en la Patagonia","publisher":{"@id":"https:\/\/patagoniambiental.com.ar\/info\/#organization"},"potentialAction":[{"@type":"SearchAction","target":{"@type":"EntryPoint","urlTemplate":"https:\/\/patagoniambiental.com.ar\/info\/?s={search_term_string}"},"query-input":{"@type":"PropertyValueSpecification","valueRequired":true,"valueName":"search_term_string"}}],"inLanguage":"es"},{"@type":"Organization","@id":"https:\/\/patagoniambiental.com.ar\/info\/#organization","name":"Patagonia Ambiental","url":"https:\/\/patagoniambiental.com.ar\/info\/","logo":{"@type":"ImageObject","inLanguage":"es","@id":"https:\/\/patagoniambiental.com.ar\/info\/#\/schema\/logo\/image\/","url":"https:\/\/patagoniambiental.com.ar\/info\/wp-content\/uploads\/2025\/05\/LOGO-PATAGONIA-AMBIENTAL.png","contentUrl":"https:\/\/patagoniambiental.com.ar\/info\/wp-content\/uploads\/2025\/05\/LOGO-PATAGONIA-AMBIENTAL.png","width":433,"height":250,"caption":"Patagonia Ambiental"},"image":{"@id":"https:\/\/patagoniambiental.com.ar\/info\/#\/schema\/logo\/image\/"},"sameAs":["https:\/\/www.facebook.com\/patagonia.ambiental","https:\/\/x.com\/PatAmb"]},{"@type":"Person","@id":"https:\/\/patagoniambiental.com.ar\/info\/#\/schema\/person\/db12bff64bbcbf6a253710bf0ea37b5d","name":"Patagonia Ambiental","description":"Andr\u00e9s Nievas T\u00e9cnico en manejo ambiental, consultor Ambiental y escritor para medios locales e internacionales sobre temas de geopolitica y medio ambiente.","sameAs":["http:\/\/www.patagoniambiental.com.ar","https:\/\/www.facebook.com\/share\/1C1V8Gv9BX\/?mibextid=qi2Omg","@patagoniambiental","https:\/\/youtube.com\/@patagoniaambiental2023?si=BLt58t0wuXquxlYZ"]}]}},"_links":{"self":[{"href":"https:\/\/patagoniambiental.com.ar\/info\/wp-json\/wp\/v2\/posts\/34049","targetHints":{"allow":["GET"]}}],"collection":[{"href":"https:\/\/patagoniambiental.com.ar\/info\/wp-json\/wp\/v2\/posts"}],"about":[{"href":"https:\/\/patagoniambiental.com.ar\/info\/wp-json\/wp\/v2\/types\/post"}],"author":[{"embeddable":true,"href":"https:\/\/patagoniambiental.com.ar\/info\/wp-json\/wp\/v2\/users\/2"}],"replies":[{"embeddable":true,"href":"https:\/\/patagoniambiental.com.ar\/info\/wp-json\/wp\/v2\/comments?post=34049"}],"version-history":[{"count":0,"href":"https:\/\/patagoniambiental.com.ar\/info\/wp-json\/wp\/v2\/posts\/34049\/revisions"}],"wp:featuredmedia":[{"embeddable":true,"href":"https:\/\/patagoniambiental.com.ar\/info\/wp-json\/wp\/v2\/media\/34050"}],"wp:attachment":[{"href":"https:\/\/patagoniambiental.com.ar\/info\/wp-json\/wp\/v2\/media?parent=34049"}],"wp:term":[{"taxonomy":"category","embeddable":true,"href":"https:\/\/patagoniambiental.com.ar\/info\/wp-json\/wp\/v2\/categories?post=34049"},{"taxonomy":"post_tag","embeddable":true,"href":"https:\/\/patagoniambiental.com.ar\/info\/wp-json\/wp\/v2\/tags?post=34049"}],"curies":[{"name":"wp","href":"https:\/\/api.w.org\/{rel}","templated":true}]}}