{"id":34091,"date":"2017-08-30T19:00:07","date_gmt":"2017-08-30T22:00:07","guid":{"rendered":"http:\/\/patagoniambiental.com.ar\/info\/?p=34091"},"modified":"2017-08-30T17:29:24","modified_gmt":"2017-08-30T20:29:24","slug":"gennuso-pagamos-muy-caro-que-no-se-haya-planificado-la-ciudad","status":"publish","type":"post","link":"https:\/\/patagoniambiental.com.ar\/info\/gennuso-pagamos-muy-caro-que-no-se-haya-planificado-la-ciudad\/","title":{"rendered":"Gennuso: \u201cPagamos muy caro que no se haya planificado la ciudad\u201d"},"content":{"rendered":"<div dir=\"ltr\"><i>Bariloche.-El intendente particip\u00f3 de la apertura de la \u201cJornada de Transferencia de Experiencias sobre Planificaci\u00f3n y Ordenamiento Territorial\u201d, organizada por la Unidad de Enlace Provincial con el Consejo Federal de Inversiones (CFI).\u00a0<\/i><\/div>\n<div dir=\"ltr\"><\/div>\n<p><!--more--><\/p>\n<div dir=\"ltr\"><\/div>\n<div dir=\"ltr\"><\/div>\n<div dir=\"ltr\">Este mi\u00e9rcoles por la ma\u00f1ana, el Hotel Inacayal fue sede de la apertura de un encuentro regional sobre planificaci\u00f3n y ordenamiento territorial, del que est\u00e1n participando distintas entidades y municipios de toda la provincia de R\u00edo Negro.<\/div>\n<div dir=\"ltr\"><\/div>\n<div dir=\"ltr\">El intendente Gustavo Gennuso fue parte del panel de apertura, junto a Laura Perilli, titular de la Unidad de Enlace Provincial (UEP) con el Consejo Federal de Inversiones (CFI), entidad dependiente del Gobierno Provincial que organiz\u00f3 el evento.<\/div>\n<div dir=\"ltr\"><\/div>\n<div dir=\"ltr\">\u201cLa mayor\u00eda de los problemas que tenemos en la ciudad provienen de la no planificaci\u00f3n, de una mala planificaci\u00f3n o de una planificaci\u00f3n que se hizo de acuerdo a intereses particulares y no a los de los ciudadanos\u201d, manifest\u00f3 el jefe comunal. Y reflexion\u00f3: \u201cHoy estamos pagando muy caro el que no se hayan seguido los intereses centrados en el bien com\u00fan\u201d.<\/div>\n<div dir=\"ltr\"><\/div>\n<div dir=\"ltr\">En ese sentido, Gennuso enmarc\u00f3 muchas de las principales dificultades que se plantean en el manejo de la ciudad, \u201ccomo la ineficiencia que se tiene a veces para prestar servicios, o los alt\u00edsimos costos que hay que afrontar para remediar lo que se hizo mal\u201d.<\/div>\n<div dir=\"ltr\"><\/div>\n<div dir=\"ltr\">El intendente destac\u00f3 que desde las \u00e1reas de Planeamiento Estrat\u00e9gico del Municipio se est\u00e1 avanzando en simult\u00e1neo en varias direcciones respecto del ordenamiento territorial de Bariloche. \u201cEs un trabajo que viene creciendo desde gestiones anteriores, viene d\u00e1ndose una continuidad de trabajo en muchas \u00e1reas que nos va permitiendo tener mejores ideas de hacia d\u00f3nde va la ciudad, c\u00f3mo va y qu\u00e9 es lo que tiene que ser\u201d, valor\u00f3.<\/div>\n<div dir=\"ltr\"><\/div>\n<div dir=\"ltr\">Adem\u00e1s, Gennuso destac\u00f3 el trabajo interinstitucional en \u00e1mbitos de participaci\u00f3n sobre la planificaci\u00f3n estrat\u00e9gica de la ciudad, como el Consejo de Planeamiento Estrat\u00e9gico. \u201cNo se planifica sentado y escondido, sino con los o\u00eddos abiertos y con la escucha atenta\u201d, sostuvo, y resumi\u00f3: \u201cEstamos trabajando para que no le pase lo mismo a los futuros integrantes de la sociedad, a los vecinos que van a seguir viviendo ac\u00e1 y los que vendr\u00e1n, a nuestros hijos y nuestros nietos\u201d.<\/div>\n<div dir=\"ltr\"><\/div>\n<div dir=\"ltr\">Esta \u201cJornada de Transferencia de Experiencias sobre Planificaci\u00f3n y Ordenamiento Territorial\u201d tiene como objetivos centrales promover herramientas de planificaci\u00f3n y ordenamiento territorial, fortalecer las capacidades a nivel local, y propiciar los consensos sobre la posibilidad de utilizar instrumentos comunes de legislaci\u00f3n sobre uso y regulaci\u00f3n del suelo.<\/div>\n<div dir=\"ltr\"><\/div>\n<div dir=\"ltr\">Con ese fin, durante el encuentro de hoy se intercambian experiencias y casos impulsados en distintos municipios y regiones, que pueden brindar alternativas pr\u00e1cticas sobre las problem\u00e1ticas comunes que se observan en el territorio.<\/div>\n<div dir=\"ltr\"><\/div>\n<div dir=\"ltr\">Fuente: Municipalidad de Bariloche<\/div>\n","protected":false},"excerpt":{"rendered":"<p>Bariloche.-El intendente particip\u00f3 de la apertura de la \u201cJornada de Transferencia de Experiencias sobre Planificaci\u00f3n y Ordenamiento Territorial\u201d, organizada por [&hellip;]<\/p>\n","protected":false},"author":2,"featured_media":34092,"comment_status":"open","ping_status":"open","sticky":false,"template":"","format":"standard","meta":{"site-sidebar-layout":"default","site-content-layout":"","ast-site-content-layout":"default","site-content-style":"default","site-sidebar-style":"default","ast-global-header-display":"","ast-banner-title-visibility":"","ast-main-header-display":"","ast-hfb-above-header-display":"","ast-hfb-below-header-display":"","ast-hfb-mobile-header-display":"","site-post-title":"","ast-breadcrumbs-content":"","ast-featured-img":"","footer-sml-layout":"","ast-disable-related-posts":"","theme-transparent-header-meta":"","adv-header-id-meta":"","stick-header-meta":"","header-above-stick-meta":"","header-main-stick-meta":"","header-below-stick-meta":"","astra-migrate-meta-layouts":"default","ast-page-background-enabled":"default","ast-page-background-meta":{"desktop":{"background-color":"var(--ast-global-color-5)","background-image":"","background-repeat":"repeat","background-position":"center center","background-size":"auto","background-attachment":"scroll","background-type":"","background-media":"","overlay-type":"","overlay-color":"","overlay-opacity":"","overlay-gradient":""},"tablet":{"background-color":"","background-image":"","background-repeat":"repeat","background-position":"center center","background-size":"auto","background-attachment":"scroll","background-type":"","background-media":"","overlay-type":"","overlay-color":"","overlay-opacity":"","overlay-gradient":""},"mobile":{"background-color":"","background-image":"","background-repeat":"repeat","background-position":"center center","background-size":"auto","background-attachment":"scroll","background-type":"","background-media":"","overlay-type":"","overlay-color":"","overlay-opacity":"","overlay-gradient":""}},"ast-content-background-meta":{"desktop":{"background-color":"var(--ast-global-color-4)","background-image":"","background-repeat":"repeat","background-position":"center center","background-size":"auto","background-attachment":"scroll","background-type":"","background-media":"","overlay-type":"","overlay-color":"","overlay-opacity":"","overlay-gradient":""},"tablet":{"background-color":"var(--ast-global-color-4)","background-image":"","background-repeat":"repeat","background-position":"center center","background-size":"auto","background-attachment":"scroll","background-type":"","background-media":"","overlay-type":"","overlay-color":"","overlay-opacity":"","overlay-gradient":""},"mobile":{"background-color":"var(--ast-global-color-4)","background-image":"","background-repeat":"repeat","background-position":"center center","background-size":"auto","background-attachment":"scroll","background-type":"","background-media":"","overlay-type":"","overlay-color":"","overlay-opacity":"","overlay-gradient":""}},"footnotes":""},"categories":[16,1],"tags":[],"class_list":["post-34091","post","type-post","status-publish","format-standard","has-post-thumbnail","hentry","category-municipales","category-noticias"],"yoast_head":"<!-- This site is optimized with the Yoast SEO Premium plugin v23.0 (Yoast SEO v27.4) - https:\/\/yoast.com\/product\/yoast-seo-premium-wordpress\/ -->\n<title>Gennuso: \u201cPagamos muy caro que no se haya planificado la ciudad\u201d<\/title>\n<meta name=\"robots\" content=\"index, follow, max-snippet:-1, max-image-preview:large, max-video-preview:-1\" \/>\n<link rel=\"canonical\" href=\"https:\/\/patagoniambiental.com.ar\/info\/gennuso-pagamos-muy-caro-que-no-se-haya-planificado-la-ciudad\/\" \/>\n<meta property=\"og:locale\" content=\"es_ES\" \/>\n<meta property=\"og:type\" content=\"article\" \/>\n<meta property=\"og:title\" content=\"Gennuso: \u201cPagamos muy caro que no se haya planificado la ciudad\u201d\" \/>\n<meta property=\"og:description\" content=\"Bariloche.-El intendente particip\u00f3 de la apertura de la \u201cJornada de Transferencia de Experiencias sobre Planificaci\u00f3n y Ordenamiento Territorial\u201d, organizada por [&hellip;]\" \/>\n<meta property=\"og:url\" content=\"https:\/\/patagoniambiental.com.ar\/info\/gennuso-pagamos-muy-caro-que-no-se-haya-planificado-la-ciudad\/\" \/>\n<meta property=\"og:site_name\" content=\"Patagonia Ambiental\" \/>\n<meta property=\"article:publisher\" content=\"https:\/\/www.facebook.com\/patagonia.ambiental\" \/>\n<meta property=\"article:author\" content=\"https:\/\/www.facebook.com\/share\/1C1V8Gv9BX\/?mibextid=qi2Omg\" \/>\n<meta property=\"article:published_time\" content=\"2017-08-30T22:00:07+00:00\" \/>\n<meta property=\"og:image\" content=\"https:\/\/patagoniambiental.com.ar\/info\/wp-content\/uploads\/2017\/08\/jornada-ordenamiento.jpg\" \/>\n\t<meta property=\"og:image:width\" content=\"1280\" \/>\n\t<meta property=\"og:image:height\" content=\"951\" \/>\n\t<meta property=\"og:image:type\" content=\"image\/jpeg\" \/>\n<meta name=\"author\" content=\"Patagonia Ambiental\" \/>\n<meta name=\"twitter:card\" content=\"summary_large_image\" \/>\n<meta name=\"twitter:creator\" content=\"@PatAmb\" \/>\n<meta name=\"twitter:site\" content=\"@PatAmb\" \/>\n<script type=\"application\/ld+json\" class=\"yoast-schema-graph\">{\"@context\":\"https:\\\/\\\/schema.org\",\"@graph\":[{\"@type\":\"Article\",\"@id\":\"https:\\\/\\\/patagoniambiental.com.ar\\\/info\\\/gennuso-pagamos-muy-caro-que-no-se-haya-planificado-la-ciudad\\\/#article\",\"isPartOf\":{\"@id\":\"https:\\\/\\\/patagoniambiental.com.ar\\\/info\\\/gennuso-pagamos-muy-caro-que-no-se-haya-planificado-la-ciudad\\\/\"},\"author\":{\"name\":\"Patagonia Ambiental\",\"@id\":\"https:\\\/\\\/patagoniambiental.com.ar\\\/info\\\/#\\\/schema\\\/person\\\/db12bff64bbcbf6a253710bf0ea37b5d\"},\"headline\":\"Gennuso: \u201cPagamos muy caro que no se haya planificado la ciudad\u201d\",\"datePublished\":\"2017-08-30T22:00:07+00:00\",\"mainEntityOfPage\":{\"@id\":\"https:\\\/\\\/patagoniambiental.com.ar\\\/info\\\/gennuso-pagamos-muy-caro-que-no-se-haya-planificado-la-ciudad\\\/\"},\"wordCount\":486,\"commentCount\":0,\"publisher\":{\"@id\":\"https:\\\/\\\/patagoniambiental.com.ar\\\/info\\\/#organization\"},\"image\":{\"@id\":\"https:\\\/\\\/patagoniambiental.com.ar\\\/info\\\/gennuso-pagamos-muy-caro-que-no-se-haya-planificado-la-ciudad\\\/#primaryimage\"},\"thumbnailUrl\":\"https:\\\/\\\/patagoniambiental.com.ar\\\/info\\\/wp-content\\\/uploads\\\/2017\\\/08\\\/jornada-ordenamiento.jpg\",\"articleSection\":[\"Municipales\",\"Noticias\"],\"inLanguage\":\"es\",\"potentialAction\":[{\"@type\":\"CommentAction\",\"name\":\"Comment\",\"target\":[\"https:\\\/\\\/patagoniambiental.com.ar\\\/info\\\/gennuso-pagamos-muy-caro-que-no-se-haya-planificado-la-ciudad\\\/#respond\"]}]},{\"@type\":\"WebPage\",\"@id\":\"https:\\\/\\\/patagoniambiental.com.ar\\\/info\\\/gennuso-pagamos-muy-caro-que-no-se-haya-planificado-la-ciudad\\\/\",\"url\":\"https:\\\/\\\/patagoniambiental.com.ar\\\/info\\\/gennuso-pagamos-muy-caro-que-no-se-haya-planificado-la-ciudad\\\/\",\"name\":\"Gennuso: \u201cPagamos muy caro que no se haya planificado la ciudad\u201d\",\"isPartOf\":{\"@id\":\"https:\\\/\\\/patagoniambiental.com.ar\\\/info\\\/#website\"},\"primaryImageOfPage\":{\"@id\":\"https:\\\/\\\/patagoniambiental.com.ar\\\/info\\\/gennuso-pagamos-muy-caro-que-no-se-haya-planificado-la-ciudad\\\/#primaryimage\"},\"image\":{\"@id\":\"https:\\\/\\\/patagoniambiental.com.ar\\\/info\\\/gennuso-pagamos-muy-caro-que-no-se-haya-planificado-la-ciudad\\\/#primaryimage\"},\"thumbnailUrl\":\"https:\\\/\\\/patagoniambiental.com.ar\\\/info\\\/wp-content\\\/uploads\\\/2017\\\/08\\\/jornada-ordenamiento.jpg\",\"datePublished\":\"2017-08-30T22:00:07+00:00\",\"breadcrumb\":{\"@id\":\"https:\\\/\\\/patagoniambiental.com.ar\\\/info\\\/gennuso-pagamos-muy-caro-que-no-se-haya-planificado-la-ciudad\\\/#breadcrumb\"},\"inLanguage\":\"es\",\"potentialAction\":[{\"@type\":\"ReadAction\",\"target\":[\"https:\\\/\\\/patagoniambiental.com.ar\\\/info\\\/gennuso-pagamos-muy-caro-que-no-se-haya-planificado-la-ciudad\\\/\"]}]},{\"@type\":\"ImageObject\",\"inLanguage\":\"es\",\"@id\":\"https:\\\/\\\/patagoniambiental.com.ar\\\/info\\\/gennuso-pagamos-muy-caro-que-no-se-haya-planificado-la-ciudad\\\/#primaryimage\",\"url\":\"https:\\\/\\\/patagoniambiental.com.ar\\\/info\\\/wp-content\\\/uploads\\\/2017\\\/08\\\/jornada-ordenamiento.jpg\",\"contentUrl\":\"https:\\\/\\\/patagoniambiental.com.ar\\\/info\\\/wp-content\\\/uploads\\\/2017\\\/08\\\/jornada-ordenamiento.jpg\",\"width\":808,\"height\":600},{\"@type\":\"BreadcrumbList\",\"@id\":\"https:\\\/\\\/patagoniambiental.com.ar\\\/info\\\/gennuso-pagamos-muy-caro-que-no-se-haya-planificado-la-ciudad\\\/#breadcrumb\",\"itemListElement\":[{\"@type\":\"ListItem\",\"position\":1,\"name\":\"Inicio\",\"item\":\"https:\\\/\\\/patagoniambiental.com.ar\\\/info\\\/\"},{\"@type\":\"ListItem\",\"position\":2,\"name\":\"Gennuso: \u201cPagamos muy caro que no se haya planificado la ciudad\u201d\"}]},{\"@type\":\"WebSite\",\"@id\":\"https:\\\/\\\/patagoniambiental.com.ar\\\/info\\\/#website\",\"url\":\"https:\\\/\\\/patagoniambiental.com.ar\\\/info\\\/\",\"name\":\"Patagonia Ambiental\",\"description\":\"Monitoreo y an\u00e1lisis de la situaci\u00f3n geopol\u00edtica en el mundo y su implicancia en la Patagonia\",\"publisher\":{\"@id\":\"https:\\\/\\\/patagoniambiental.com.ar\\\/info\\\/#organization\"},\"potentialAction\":[{\"@type\":\"SearchAction\",\"target\":{\"@type\":\"EntryPoint\",\"urlTemplate\":\"https:\\\/\\\/patagoniambiental.com.ar\\\/info\\\/?s={search_term_string}\"},\"query-input\":{\"@type\":\"PropertyValueSpecification\",\"valueRequired\":true,\"valueName\":\"search_term_string\"}}],\"inLanguage\":\"es\"},{\"@type\":\"Organization\",\"@id\":\"https:\\\/\\\/patagoniambiental.com.ar\\\/info\\\/#organization\",\"name\":\"Patagonia Ambiental\",\"url\":\"https:\\\/\\\/patagoniambiental.com.ar\\\/info\\\/\",\"logo\":{\"@type\":\"ImageObject\",\"inLanguage\":\"es\",\"@id\":\"https:\\\/\\\/patagoniambiental.com.ar\\\/info\\\/#\\\/schema\\\/logo\\\/image\\\/\",\"url\":\"https:\\\/\\\/patagoniambiental.com.ar\\\/info\\\/wp-content\\\/uploads\\\/2025\\\/05\\\/LOGO-PATAGONIA-AMBIENTAL.png\",\"contentUrl\":\"https:\\\/\\\/patagoniambiental.com.ar\\\/info\\\/wp-content\\\/uploads\\\/2025\\\/05\\\/LOGO-PATAGONIA-AMBIENTAL.png\",\"width\":433,\"height\":250,\"caption\":\"Patagonia Ambiental\"},\"image\":{\"@id\":\"https:\\\/\\\/patagoniambiental.com.ar\\\/info\\\/#\\\/schema\\\/logo\\\/image\\\/\"},\"sameAs\":[\"https:\\\/\\\/www.facebook.com\\\/patagonia.ambiental\",\"https:\\\/\\\/x.com\\\/PatAmb\"]},{\"@type\":\"Person\",\"@id\":\"https:\\\/\\\/patagoniambiental.com.ar\\\/info\\\/#\\\/schema\\\/person\\\/db12bff64bbcbf6a253710bf0ea37b5d\",\"name\":\"Patagonia Ambiental\",\"description\":\"Andr\u00e9s Nievas T\u00e9cnico en manejo ambiental, consultor Ambiental y escritor para medios locales e internacionales sobre temas de geopolitica y medio ambiente.\",\"sameAs\":[\"http:\\\/\\\/www.patagoniambiental.com.ar\",\"https:\\\/\\\/www.facebook.com\\\/share\\\/1C1V8Gv9BX\\\/?mibextid=qi2Omg\",\"@patagoniambiental\",\"https:\\\/\\\/youtube.com\\\/@patagoniaambiental2023?si=BLt58t0wuXquxlYZ\"]}]}<\/script>\n<!-- \/ Yoast SEO Premium plugin. -->","yoast_head_json":{"title":"Gennuso: \u201cPagamos muy caro que no se haya planificado la ciudad\u201d","robots":{"index":"index","follow":"follow","max-snippet":"max-snippet:-1","max-image-preview":"max-image-preview:large","max-video-preview":"max-video-preview:-1"},"canonical":"https:\/\/patagoniambiental.com.ar\/info\/gennuso-pagamos-muy-caro-que-no-se-haya-planificado-la-ciudad\/","og_locale":"es_ES","og_type":"article","og_title":"Gennuso: \u201cPagamos muy caro que no se haya planificado la ciudad\u201d","og_description":"Bariloche.-El intendente particip\u00f3 de la apertura de la \u201cJornada de Transferencia de Experiencias sobre Planificaci\u00f3n y Ordenamiento Territorial\u201d, organizada por [&hellip;]","og_url":"https:\/\/patagoniambiental.com.ar\/info\/gennuso-pagamos-muy-caro-que-no-se-haya-planificado-la-ciudad\/","og_site_name":"Patagonia Ambiental","article_publisher":"https:\/\/www.facebook.com\/patagonia.ambiental","article_author":"https:\/\/www.facebook.com\/share\/1C1V8Gv9BX\/?mibextid=qi2Omg","article_published_time":"2017-08-30T22:00:07+00:00","og_image":[{"width":1280,"height":951,"url":"https:\/\/patagoniambiental.com.ar\/info\/wp-content\/uploads\/2017\/08\/jornada-ordenamiento.jpg","type":"image\/jpeg"}],"author":"Patagonia Ambiental","twitter_card":"summary_large_image","twitter_creator":"@PatAmb","twitter_site":"@PatAmb","schema":{"@context":"https:\/\/schema.org","@graph":[{"@type":"Article","@id":"https:\/\/patagoniambiental.com.ar\/info\/gennuso-pagamos-muy-caro-que-no-se-haya-planificado-la-ciudad\/#article","isPartOf":{"@id":"https:\/\/patagoniambiental.com.ar\/info\/gennuso-pagamos-muy-caro-que-no-se-haya-planificado-la-ciudad\/"},"author":{"name":"Patagonia Ambiental","@id":"https:\/\/patagoniambiental.com.ar\/info\/#\/schema\/person\/db12bff64bbcbf6a253710bf0ea37b5d"},"headline":"Gennuso: \u201cPagamos muy caro que no se haya planificado la ciudad\u201d","datePublished":"2017-08-30T22:00:07+00:00","mainEntityOfPage":{"@id":"https:\/\/patagoniambiental.com.ar\/info\/gennuso-pagamos-muy-caro-que-no-se-haya-planificado-la-ciudad\/"},"wordCount":486,"commentCount":0,"publisher":{"@id":"https:\/\/patagoniambiental.com.ar\/info\/#organization"},"image":{"@id":"https:\/\/patagoniambiental.com.ar\/info\/gennuso-pagamos-muy-caro-que-no-se-haya-planificado-la-ciudad\/#primaryimage"},"thumbnailUrl":"https:\/\/patagoniambiental.com.ar\/info\/wp-content\/uploads\/2017\/08\/jornada-ordenamiento.jpg","articleSection":["Municipales","Noticias"],"inLanguage":"es","potentialAction":[{"@type":"CommentAction","name":"Comment","target":["https:\/\/patagoniambiental.com.ar\/info\/gennuso-pagamos-muy-caro-que-no-se-haya-planificado-la-ciudad\/#respond"]}]},{"@type":"WebPage","@id":"https:\/\/patagoniambiental.com.ar\/info\/gennuso-pagamos-muy-caro-que-no-se-haya-planificado-la-ciudad\/","url":"https:\/\/patagoniambiental.com.ar\/info\/gennuso-pagamos-muy-caro-que-no-se-haya-planificado-la-ciudad\/","name":"Gennuso: \u201cPagamos muy caro que no se haya planificado la ciudad\u201d","isPartOf":{"@id":"https:\/\/patagoniambiental.com.ar\/info\/#website"},"primaryImageOfPage":{"@id":"https:\/\/patagoniambiental.com.ar\/info\/gennuso-pagamos-muy-caro-que-no-se-haya-planificado-la-ciudad\/#primaryimage"},"image":{"@id":"https:\/\/patagoniambiental.com.ar\/info\/gennuso-pagamos-muy-caro-que-no-se-haya-planificado-la-ciudad\/#primaryimage"},"thumbnailUrl":"https:\/\/patagoniambiental.com.ar\/info\/wp-content\/uploads\/2017\/08\/jornada-ordenamiento.jpg","datePublished":"2017-08-30T22:00:07+00:00","breadcrumb":{"@id":"https:\/\/patagoniambiental.com.ar\/info\/gennuso-pagamos-muy-caro-que-no-se-haya-planificado-la-ciudad\/#breadcrumb"},"inLanguage":"es","potentialAction":[{"@type":"ReadAction","target":["https:\/\/patagoniambiental.com.ar\/info\/gennuso-pagamos-muy-caro-que-no-se-haya-planificado-la-ciudad\/"]}]},{"@type":"ImageObject","inLanguage":"es","@id":"https:\/\/patagoniambiental.com.ar\/info\/gennuso-pagamos-muy-caro-que-no-se-haya-planificado-la-ciudad\/#primaryimage","url":"https:\/\/patagoniambiental.com.ar\/info\/wp-content\/uploads\/2017\/08\/jornada-ordenamiento.jpg","contentUrl":"https:\/\/patagoniambiental.com.ar\/info\/wp-content\/uploads\/2017\/08\/jornada-ordenamiento.jpg","width":808,"height":600},{"@type":"BreadcrumbList","@id":"https:\/\/patagoniambiental.com.ar\/info\/gennuso-pagamos-muy-caro-que-no-se-haya-planificado-la-ciudad\/#breadcrumb","itemListElement":[{"@type":"ListItem","position":1,"name":"Inicio","item":"https:\/\/patagoniambiental.com.ar\/info\/"},{"@type":"ListItem","position":2,"name":"Gennuso: \u201cPagamos muy caro que no se haya planificado la ciudad\u201d"}]},{"@type":"WebSite","@id":"https:\/\/patagoniambiental.com.ar\/info\/#website","url":"https:\/\/patagoniambiental.com.ar\/info\/","name":"Patagonia Ambiental","description":"Monitoreo y an\u00e1lisis de la situaci\u00f3n geopol\u00edtica en el mundo y su implicancia en la Patagonia","publisher":{"@id":"https:\/\/patagoniambiental.com.ar\/info\/#organization"},"potentialAction":[{"@type":"SearchAction","target":{"@type":"EntryPoint","urlTemplate":"https:\/\/patagoniambiental.com.ar\/info\/?s={search_term_string}"},"query-input":{"@type":"PropertyValueSpecification","valueRequired":true,"valueName":"search_term_string"}}],"inLanguage":"es"},{"@type":"Organization","@id":"https:\/\/patagoniambiental.com.ar\/info\/#organization","name":"Patagonia Ambiental","url":"https:\/\/patagoniambiental.com.ar\/info\/","logo":{"@type":"ImageObject","inLanguage":"es","@id":"https:\/\/patagoniambiental.com.ar\/info\/#\/schema\/logo\/image\/","url":"https:\/\/patagoniambiental.com.ar\/info\/wp-content\/uploads\/2025\/05\/LOGO-PATAGONIA-AMBIENTAL.png","contentUrl":"https:\/\/patagoniambiental.com.ar\/info\/wp-content\/uploads\/2025\/05\/LOGO-PATAGONIA-AMBIENTAL.png","width":433,"height":250,"caption":"Patagonia Ambiental"},"image":{"@id":"https:\/\/patagoniambiental.com.ar\/info\/#\/schema\/logo\/image\/"},"sameAs":["https:\/\/www.facebook.com\/patagonia.ambiental","https:\/\/x.com\/PatAmb"]},{"@type":"Person","@id":"https:\/\/patagoniambiental.com.ar\/info\/#\/schema\/person\/db12bff64bbcbf6a253710bf0ea37b5d","name":"Patagonia Ambiental","description":"Andr\u00e9s Nievas T\u00e9cnico en manejo ambiental, consultor Ambiental y escritor para medios locales e internacionales sobre temas de geopolitica y medio ambiente.","sameAs":["http:\/\/www.patagoniambiental.com.ar","https:\/\/www.facebook.com\/share\/1C1V8Gv9BX\/?mibextid=qi2Omg","@patagoniambiental","https:\/\/youtube.com\/@patagoniaambiental2023?si=BLt58t0wuXquxlYZ"]}]}},"_links":{"self":[{"href":"https:\/\/patagoniambiental.com.ar\/info\/wp-json\/wp\/v2\/posts\/34091","targetHints":{"allow":["GET"]}}],"collection":[{"href":"https:\/\/patagoniambiental.com.ar\/info\/wp-json\/wp\/v2\/posts"}],"about":[{"href":"https:\/\/patagoniambiental.com.ar\/info\/wp-json\/wp\/v2\/types\/post"}],"author":[{"embeddable":true,"href":"https:\/\/patagoniambiental.com.ar\/info\/wp-json\/wp\/v2\/users\/2"}],"replies":[{"embeddable":true,"href":"https:\/\/patagoniambiental.com.ar\/info\/wp-json\/wp\/v2\/comments?post=34091"}],"version-history":[{"count":0,"href":"https:\/\/patagoniambiental.com.ar\/info\/wp-json\/wp\/v2\/posts\/34091\/revisions"}],"wp:featuredmedia":[{"embeddable":true,"href":"https:\/\/patagoniambiental.com.ar\/info\/wp-json\/wp\/v2\/media\/34092"}],"wp:attachment":[{"href":"https:\/\/patagoniambiental.com.ar\/info\/wp-json\/wp\/v2\/media?parent=34091"}],"wp:term":[{"taxonomy":"category","embeddable":true,"href":"https:\/\/patagoniambiental.com.ar\/info\/wp-json\/wp\/v2\/categories?post=34091"},{"taxonomy":"post_tag","embeddable":true,"href":"https:\/\/patagoniambiental.com.ar\/info\/wp-json\/wp\/v2\/tags?post=34091"}],"curies":[{"name":"wp","href":"https:\/\/api.w.org\/{rel}","templated":true}]}}