{"id":34094,"date":"2017-08-30T19:00:38","date_gmt":"2017-08-30T22:00:38","guid":{"rendered":"http:\/\/patagoniambiental.com.ar\/info\/?p=34094"},"modified":"2017-08-30T17:32:23","modified_gmt":"2017-08-30T20:32:23","slug":"fortalecen-la-conformacion-de-la-comision-de-arbolado-publico-en-bariloche","status":"publish","type":"post","link":"https:\/\/patagoniambiental.com.ar\/info\/fortalecen-la-conformacion-de-la-comision-de-arbolado-publico-en-bariloche\/","title":{"rendered":"Fortalecen la conformaci\u00f3n de la Comisi\u00f3n de Arbolado P\u00fablico en Bariloche"},"content":{"rendered":"<div dir=\"ltr\">\n<div dir=\"ltr\"><i>Bariloche.-Este martes (29\/08) el intendente Gustavo Gennuso firm\u00f3 el proyecto de ordenanza que actualiza las funciones de este \u00f3rgano consultivo.<!--more--> <\/i><\/div>\n<div dir=\"ltr\"><\/div>\n<div dir=\"ltr\"><i>Este fue un trabajo conjunto entre organizaciones civiles, el ejecutivo municipal y el concejal Andr\u00e9s Martinez Infante.<\/i><\/div>\n<div dir=\"ltr\"><\/div>\n<div dir=\"ltr\">Durante el a\u00f1o pasado, el ejecutivo municipal convoc\u00f3 a distintos referentes en la tem\u00e1tica para poner nuevamente en funcionamiento este espacio consultivo por el arbolado de la ciudad.<\/div>\n<div dir=\"ltr\"><\/div>\n<div dir=\"ltr\">En dichos encuentros surgi\u00f3 la necesidad de la generaci\u00f3n de una nueva ordenanza, basada en las normativas vigentes 1417-CM-04 y 358-94 a los efectos de actualizar modalidades operativas.<\/div>\n<div dir=\"ltr\"><\/div>\n<div dir=\"ltr\">Esto fue escuchado por el municipio, quien articul\u00f3 con el concejal Martinez Infante para lograr este proyecto, el cual fue presentado en el d\u00eda de ayer por el ejecutivo al Concejo Municipal para su tratamiento.<\/div>\n<div dir=\"ltr\"><\/div>\n<div dir=\"ltr\">La Comisi\u00f3n Arbolado P\u00fablico nace de la necesidad de contar con \u00a0un \u00f3rgano consultivo asesor sobre las pol\u00edticas que el poder ejecutivo tome respecto de la preservaci\u00f3n, conservaci\u00f3n, mejoramiento, recuperaci\u00f3n y ordenamiento del arbolado p\u00fablico conforme lo estipula la ordenanza 1417-CM-04. Adem\u00e1s de tener un papel fundamental en la educaci\u00f3n y difusi\u00f3n en la importancia del arbolado en la ciudad.<\/div>\n<div dir=\"ltr\"><\/div>\n<div dir=\"ltr\">Entre otros puntos, que fue solicitado en su momento por las organizaciones, fue el traspaso de la gesti\u00f3n del Arbolado P\u00fablico de la Direcci\u00f3n Provincial de Bosques y a Municipalidad de San Carlos de Bariloche, cuesti\u00f3n que se est\u00e1 trabajando. \u201cEs por ello, que resulta fundamental contar con una comisi\u00f3n que eval\u00fae, monitoree y asesore a la ciudad durante el proceso\u201d, se manifiesta en el proyecto presentado.<\/div>\n<div dir=\"ltr\"><\/div>\n<div dir=\"ltr\">Por \u00faltimo, se considera entonces que \u201cla creaci\u00f3n de la Comisi\u00f3n Arbolado P\u00fablico es la herramienta necesaria para dar respuesta a la demanda social, en un \u00e1mbito de colaboraci\u00f3n entre el Estado y las instituciones avocadas al arbolado p\u00fablico\u201d.<\/div>\n<div dir=\"ltr\"><\/div>\n<div dir=\"ltr\">Colaboraron en el dise\u00f1o de esta ordenanza las siguientes organizaciones: INTA, CONICET, Parques Nacionales, Direcci\u00f3n Provincial de Bosques, Ente Mixto Jard\u00edn Bot\u00e1nico Municipales, Ente Municipal de Preservaci\u00f3n del Patrimonio Hist\u00f3rico, Asociaci\u00f3n de Horticultura de San Carlos de Bariloche, Universidad Nacional de R\u00edo Negro, Universidad Nacional del Comahue, Grupo de Viveristas, Asociaci\u00f3n \u00c1rbol de Pie, Instituto de Formaci\u00f3n Docente, Club de Leones.<\/div>\n<div dir=\"ltr\"><\/div>\n<div dir=\"ltr\">Por otro lado, se recuerda que se est\u00e1 llevando adelante un ciclo de charlas en el marco de la Semana del \u00c1rbol, actividades a la adhiere el municipio.<\/div>\n<div dir=\"ltr\"><b>\u00a0<\/b><\/div>\n<div dir=\"ltr\"><b>MI\u00c9RCOLES 30 DE AGOSTO:<\/b><\/div>\n<div dir=\"ltr\"><\/div>\n<div dir=\"ltr\">&#8211; En el SCUM de Moreno y Villegas:<\/div>\n<div dir=\"ltr\"><\/div>\n<div dir=\"ltr\">\u2022 De 10 a 12 hs y de 14 a 16 hs: Visitas de las escuelas &#8211; Actividades did\u00e1cticas a cargo del Club de Naturalistas y estudiantes del IFDC Bariloche.<\/div>\n<div dir=\"ltr\">\u2022 15 hs: Caminata para el reconocimiento de los \u00e1rboles urbanos y las aves asociadas. Actividad a cargo del equipo de organizaci\u00f3n de la Semana del \u00c1rbol.<\/div>\n<div dir=\"ltr\">\u2022 18 hs: Charla: El manejo de los \u00e1rboles p\u00fablicos: encargados y reglamentaciones. Expositor: Ing. Agr. Juan Jos\u00e9 Arena e Ing. Agr. Guillermo Giordana (Direcci\u00f3n de Parques y Jardines, Subsecretar\u00eda de Medio Ambiente de Bariloche). T\u00e9cnico Forestal Claudio Ruiz y Daniel Farizo (Servicio Forestal Andino &#8211; Direcci\u00f3n de Bosques de la Pcia.)<\/div>\n<div dir=\"ltr\">\u2022 19 hs: Compartiendo Experiencias Vecinales &#8211; Expositores: Dra. Carla Pozzi, de Junta Vecinal Villa Los Coihues; Tec. en Flor y Jar (UBA) Maite Vacarezza, de Junta Vecinal El Tr\u00e9bol.<\/div>\n<div dir=\"ltr\">\u2022 20 y 30 hs. Cierre musical: Ni\u00f1os y J\u00f3venes Cantores de Bariloche.<\/div>\n<div dir=\"ltr\"><\/div>\n<div dir=\"ltr\">&#8211; En la escuela 71:<\/div>\n<div dir=\"ltr\"><\/div>\n<div dir=\"ltr\">\u2022 Plantaci\u00f3n de \u00e1rboles en el predio de la escuela- Actividad a cargo estudiantes y docentes de la Tecnicatura en Viveros de la UNRN. Coordina Ing. Agr. Martha Riat<\/div>\n<div dir=\"ltr\"><\/div>\n<div dir=\"ltr\"><b>\u00a0<\/b><\/div>\n<div dir=\"ltr\"><b>JUEVES 31 DE AGOSTO:<\/b><\/div>\n<div dir=\"ltr\"><\/div>\n<div dir=\"ltr\">\u00a0&#8211; En el SCUM de Moreno y Villegas<\/div>\n<div dir=\"ltr\"><\/div>\n<div dir=\"ltr\">\u2022 De 10 a 12 hs y de 14 a 16 hs: Visitas de las escuelas &#8211; Actividades did\u00e1cticas a cargo del Club de Naturalistas y estudiantes del IFDC Bariloche.<\/div>\n<div dir=\"ltr\">\u2022 10 hs: Caminata para el reconocimiento de los \u00e1rboles urbanos y las aves asociadas. Actividad a cargo del equipo de organizaci\u00f3n de la Semana del \u00c1rbol.<\/div>\n<div dir=\"ltr\">\u2022 18:00 hs Charla: Convivencia con los \u00e1rboles: aprendiendo a conducirlos. Tec. en Flor y Jar (UBA) Maite Vacarezza.<\/div>\n<div dir=\"ltr\">\u2022 19 a 20 y30 hs: Reciclar para nutrir. Taller sobre compostaje. Estudiantes de la carrera Tec. en Viveros. UNRN.<\/div>\n<div dir=\"ltr\">\u2022 20 y 30 hs: Cierre Musical: Coro Capraro.<\/div>\n<div dir=\"ltr\"><\/div>\n<div dir=\"ltr\"><\/div>\n<div dir=\"ltr\"><b>VIERNES 1 DE SEPTIEMBRE:<\/b><\/div>\n<div dir=\"ltr\"><\/div>\n<div dir=\"ltr\">&#8211; En el SCUM de Moreno y Villegas<\/div>\n<div dir=\"ltr\"><\/div>\n<div dir=\"ltr\">\u2022 De 10 a 12 hs y de 14 a 16 hs: Visitas de las escuelas &#8211; Actividades did\u00e1cticas a cargo del Club de Naturalistas y estudiantes del IFDC Bariloche.<\/div>\n<div dir=\"ltr\">\u2022 15 hs: Caminata para el reconocimiento de los \u00e1rboles urbanos y las aves asociadas. Actividad a cargo del equipo de organizaci\u00f3n de la Semana del \u00c1rbol.<\/div>\n<div dir=\"ltr\">\u2022 16 y 30 hs: Charla: Los \u00e1rboles y el cambio clim\u00e1tico: Expositor: Dr Thomas Kitzberger- INIBIOMA\/CONICET<\/div>\n<div dir=\"ltr\">\u2022 17 y 30 hs: Documental y charla: El \u00d1irehu\u00e9. Expositora: Marina Stecconi- CONICET &#8211; UNRN<\/div>\n<div dir=\"ltr\">\u2022 18 hs: Charla: Al rescate del sauce criollo. Expositor: Dr Leo Gallo. INTA-BCHE<\/div>\n<div dir=\"ltr\">\u2022 18 y 30 hs: Charla: Los \u00e1rboles p\u00fablicos: especies m\u00e1s comunes y algunas joyitas que deber\u00edamos preservar. Expositora: Lic. Marcela Ferreyra.<\/div>\n<div dir=\"ltr\">\u2022 19 y 30 hs: Charla: C\u00f3mo ser\u00eda un mundo sin \u00e1rboles? . Expositor: Alejandro Beletzky<\/div>\n<div dir=\"ltr\"><\/div>\n<div dir=\"ltr\">&#8211; En el Vivero de la Direcci\u00f3n de Bosques de R\u00edo Negro y de la Tec. en Viveros de la UNRN.<\/div>\n<div dir=\"ltr\"><\/div>\n<div dir=\"ltr\">\u2022 De 10 a 12 hs y de 14 a 16hs: Taller sobre el ABC de la reproducci\u00f3n de \u00e1rboles nativos. Actividad a cargo de la Ing. Agr. Silvana Alzogaray y estudiantes de la Tecnicatura en Viveros (UNRN).<\/div>\n<div dir=\"ltr\"><\/div>\n<div dir=\"ltr\"><\/div>\n<div dir=\"ltr\"><b>S\u00c1BADO 2 DE SEPTIEMBRE<\/b>:<\/div>\n<div dir=\"ltr\"><\/div>\n<div dir=\"ltr\">&#8211; En el SCUM de Moreno y Villegas<\/div>\n<div dir=\"ltr\"><\/div>\n<div dir=\"ltr\">\u2022 De 9 a 15 hs: Taller de Capacitaci\u00f3n docente Recursos y propuestas did\u00e1cticas para trabajar con \u00e1rboles urbanos. Actividad a cargo de un grupo interdisciplinario de Docentes. S\u00f3lo para los docentes que se inscribieron previamente en la p\u00e1gina del IFDC Bariloche (por favor recuerden que este taller inicia el Viernes 25 de Agosto a las 18 y 30 en e IFDC). Coordina: Prof. Marcela Ferreyra.<\/div>\n<div dir=\"ltr\">\u2022 15 hs: Taller: Hacer un \u00e1rbol. Introducci\u00f3n a t\u00e9cnicas de mosaiquismo y vitrofusi\u00f3n. A cargo de Silvia Antim\u00e1n.<\/div>\n<div dir=\"ltr\">\u2022 16 hs: Cierre de la SEMANA con presentaci\u00f3n de las \u00abJoyitas del arbolado urbano (=\u00e1rboles singulares) postuladas por los vecinos\u00bb<\/div>\n<div dir=\"ltr\">\u2022 17 hs: taller de juegos con ni\u00f1os<\/div>\n<div dir=\"ltr\">\u2022 18 hs: Cierre Musical a cargo de LA MAROMA<\/div>\n<div dir=\"ltr\"><\/div>\n<div dir=\"ltr\"><\/div>\n<div dir=\"ltr\"><b>DOMINGO 3 DE SEPTIEMBRE &#8211; EN LUGAR A CONFIRMAR<\/b><\/div>\n<div dir=\"ltr\"><\/div>\n<div dir=\"ltr\">\u2022 Taller: Abrazando \u00e1rboles como actividad terap\u00e9utica. Sr Guillermo Morala &#8211; Club de Naturalistas del IFDC Bche. Charla explicativa 10 hs en el SCUM &#8211; 11 hs: traslado a la Cascada de los Duendes donde se realizar\u00e1 la actividad y se compartir\u00e1 un almuerzo. Se requiere inscripci\u00f3n previa (pedir planilla en el SCUM).<\/div>\n<div dir=\"ltr\"><\/div>\n<div dir=\"ltr\"><\/div>\n<div dir=\"ltr\">ACTIVIDADES ORGANIZADAS POR OTRAS INSTITUCIONES<\/div>\n<div dir=\"ltr\"><\/div>\n<div dir=\"ltr\">&#8211; Instituto Primo Capraro:<\/div>\n<div dir=\"ltr\">\u2022 Plantaci\u00f3n de \u00e1rboles en la avenida Gallardo-. Actividad a cargo de la comunidad educativa en el marco de los festejos de los 110 a\u00f1os del colegio. Fecha a comunicar pr\u00f3ximamente.<\/div>\n<div dir=\"ltr\"><\/div>\n<div dir=\"ltr\">ADEM\u00c1S DE LAS ACTIVIDADES DETALLADAS, HABR\u00c1 EXPOSICIONES PERMANENTES DE OBRAS DE ARTE<\/div>\n<div dir=\"ltr\"><\/div>\n<div dir=\"ltr\">&#8211; En el SCUM de Moreno y Villegas: se exhibir\u00e1n obras de Lorraine Green; trabajos de vitrofusi\u00f3n y mosaiquismo de Silvia Antim\u00e1n; fotograf\u00edas presentadas en el marco del Concurso Los \u00e1rboles urbanos; poes\u00edas, entre otras.<\/div>\n<div dir=\"ltr\"><\/div>\n<div dir=\"ltr\">MAS INFORMACI\u00d3N EN:<\/div>\n<div dir=\"ltr\">Mail: semanadelarbol.bariloche@<\/div>\n<div dir=\"ltr\">Facebook: Semana del \u00c1rbol en Bariloche<\/div>\n<\/div>\n<p>Fuente: Municipalidad de Bariloche<\/p>\n<div dir=\"ltr\"><\/div>\n<div dir=\"ltr\"><\/div>\n","protected":false},"excerpt":{"rendered":"<p>Bariloche.-Este martes (29\/08) el intendente Gustavo Gennuso firm\u00f3 el proyecto de ordenanza que actualiza las funciones de este \u00f3rgano consultivo.<\/p>\n","protected":false},"author":2,"featured_media":34095,"comment_status":"open","ping_status":"open","sticky":false,"template":"","format":"standard","meta":{"site-sidebar-layout":"default","site-content-layout":"","ast-site-content-layout":"default","site-content-style":"default","site-sidebar-style":"default","ast-global-header-display":"","ast-banner-title-visibility":"","ast-main-header-display":"","ast-hfb-above-header-display":"","ast-hfb-below-header-display":"","ast-hfb-mobile-header-display":"","site-post-title":"","ast-breadcrumbs-content":"","ast-featured-img":"","footer-sml-layout":"","ast-disable-related-posts":"","theme-transparent-header-meta":"","adv-header-id-meta":"","stick-header-meta":"","header-above-stick-meta":"","header-main-stick-meta":"","header-below-stick-meta":"","astra-migrate-meta-layouts":"default","ast-page-background-enabled":"default","ast-page-background-meta":{"desktop":{"background-color":"var(--ast-global-color-5)","background-image":"","background-repeat":"repeat","background-position":"center center","background-size":"auto","background-attachment":"scroll","background-type":"","background-media":"","overlay-type":"","overlay-color":"","overlay-opacity":"","overlay-gradient":""},"tablet":{"background-color":"","background-image":"","background-repeat":"repeat","background-position":"center center","background-size":"auto","background-attachment":"scroll","background-type":"","background-media":"","overlay-type":"","overlay-color":"","overlay-opacity":"","overlay-gradient":""},"mobile":{"background-color":"","background-image":"","background-repeat":"repeat","background-position":"center center","background-size":"auto","background-attachment":"scroll","background-type":"","background-media":"","overlay-type":"","overlay-color":"","overlay-opacity":"","overlay-gradient":""}},"ast-content-background-meta":{"desktop":{"background-color":"var(--ast-global-color-4)","background-image":"","background-repeat":"repeat","background-position":"center center","background-size":"auto","background-attachment":"scroll","background-type":"","background-media":"","overlay-type":"","overlay-color":"","overlay-opacity":"","overlay-gradient":""},"tablet":{"background-color":"var(--ast-global-color-4)","background-image":"","background-repeat":"repeat","background-position":"center center","background-size":"auto","background-attachment":"scroll","background-type":"","background-media":"","overlay-type":"","overlay-color":"","overlay-opacity":"","overlay-gradient":""},"mobile":{"background-color":"var(--ast-global-color-4)","background-image":"","background-repeat":"repeat","background-position":"center center","background-size":"auto","background-attachment":"scroll","background-type":"","background-media":"","overlay-type":"","overlay-color":"","overlay-opacity":"","overlay-gradient":""}},"footnotes":""},"categories":[16,1],"tags":[],"class_list":["post-34094","post","type-post","status-publish","format-standard","has-post-thumbnail","hentry","category-municipales","category-noticias"],"yoast_head":"<!-- This site is optimized with the Yoast SEO Premium plugin v23.0 (Yoast SEO v27.4) - https:\/\/yoast.com\/product\/yoast-seo-premium-wordpress\/ -->\n<title>Fortalecen la conformaci\u00f3n de la Comisi\u00f3n de Arbolado P\u00fablico en Bariloche<\/title>\n<meta name=\"robots\" content=\"index, follow, max-snippet:-1, max-image-preview:large, max-video-preview:-1\" \/>\n<link rel=\"canonical\" href=\"https:\/\/patagoniambiental.com.ar\/info\/fortalecen-la-conformacion-de-la-comision-de-arbolado-publico-en-bariloche\/\" \/>\n<meta property=\"og:locale\" content=\"es_ES\" \/>\n<meta property=\"og:type\" content=\"article\" \/>\n<meta property=\"og:title\" content=\"Fortalecen la conformaci\u00f3n de la Comisi\u00f3n de Arbolado P\u00fablico en Bariloche\" \/>\n<meta property=\"og:description\" content=\"Bariloche.-Este martes (29\/08) el intendente Gustavo Gennuso firm\u00f3 el proyecto de ordenanza que actualiza las funciones de este \u00f3rgano consultivo.\" \/>\n<meta property=\"og:url\" content=\"https:\/\/patagoniambiental.com.ar\/info\/fortalecen-la-conformacion-de-la-comision-de-arbolado-publico-en-bariloche\/\" \/>\n<meta property=\"og:site_name\" content=\"Patagonia Ambiental\" \/>\n<meta property=\"article:publisher\" content=\"https:\/\/www.facebook.com\/patagonia.ambiental\" \/>\n<meta property=\"article:author\" content=\"https:\/\/www.facebook.com\/share\/1C1V8Gv9BX\/?mibextid=qi2Omg\" \/>\n<meta property=\"article:published_time\" content=\"2017-08-30T22:00:38+00:00\" \/>\n<meta property=\"og:image\" content=\"https:\/\/patagoniambiental.com.ar\/info\/wp-content\/uploads\/2017\/08\/thumbnail_firma.jpg\" \/>\n\t<meta property=\"og:image:width\" content=\"1024\" \/>\n\t<meta property=\"og:image:height\" content=\"683\" \/>\n\t<meta property=\"og:image:type\" content=\"image\/jpeg\" \/>\n<meta name=\"author\" content=\"Patagonia Ambiental\" \/>\n<meta name=\"twitter:card\" content=\"summary_large_image\" \/>\n<meta name=\"twitter:creator\" content=\"@PatAmb\" \/>\n<meta name=\"twitter:site\" content=\"@PatAmb\" \/>\n<script type=\"application\/ld+json\" class=\"yoast-schema-graph\">{\"@context\":\"https:\\\/\\\/schema.org\",\"@graph\":[{\"@type\":\"Article\",\"@id\":\"https:\\\/\\\/patagoniambiental.com.ar\\\/info\\\/fortalecen-la-conformacion-de-la-comision-de-arbolado-publico-en-bariloche\\\/#article\",\"isPartOf\":{\"@id\":\"https:\\\/\\\/patagoniambiental.com.ar\\\/info\\\/fortalecen-la-conformacion-de-la-comision-de-arbolado-publico-en-bariloche\\\/\"},\"author\":{\"name\":\"Patagonia Ambiental\",\"@id\":\"https:\\\/\\\/patagoniambiental.com.ar\\\/info\\\/#\\\/schema\\\/person\\\/db12bff64bbcbf6a253710bf0ea37b5d\"},\"headline\":\"Fortalecen la conformaci\u00f3n de la Comisi\u00f3n de Arbolado P\u00fablico en Bariloche\",\"datePublished\":\"2017-08-30T22:00:38+00:00\",\"mainEntityOfPage\":{\"@id\":\"https:\\\/\\\/patagoniambiental.com.ar\\\/info\\\/fortalecen-la-conformacion-de-la-comision-de-arbolado-publico-en-bariloche\\\/\"},\"wordCount\":1230,\"commentCount\":0,\"publisher\":{\"@id\":\"https:\\\/\\\/patagoniambiental.com.ar\\\/info\\\/#organization\"},\"image\":{\"@id\":\"https:\\\/\\\/patagoniambiental.com.ar\\\/info\\\/fortalecen-la-conformacion-de-la-comision-de-arbolado-publico-en-bariloche\\\/#primaryimage\"},\"thumbnailUrl\":\"https:\\\/\\\/patagoniambiental.com.ar\\\/info\\\/wp-content\\\/uploads\\\/2017\\\/08\\\/thumbnail_firma.jpg\",\"articleSection\":[\"Municipales\",\"Noticias\"],\"inLanguage\":\"es\",\"potentialAction\":[{\"@type\":\"CommentAction\",\"name\":\"Comment\",\"target\":[\"https:\\\/\\\/patagoniambiental.com.ar\\\/info\\\/fortalecen-la-conformacion-de-la-comision-de-arbolado-publico-en-bariloche\\\/#respond\"]}]},{\"@type\":\"WebPage\",\"@id\":\"https:\\\/\\\/patagoniambiental.com.ar\\\/info\\\/fortalecen-la-conformacion-de-la-comision-de-arbolado-publico-en-bariloche\\\/\",\"url\":\"https:\\\/\\\/patagoniambiental.com.ar\\\/info\\\/fortalecen-la-conformacion-de-la-comision-de-arbolado-publico-en-bariloche\\\/\",\"name\":\"Fortalecen la conformaci\u00f3n de la Comisi\u00f3n de Arbolado P\u00fablico en Bariloche\",\"isPartOf\":{\"@id\":\"https:\\\/\\\/patagoniambiental.com.ar\\\/info\\\/#website\"},\"primaryImageOfPage\":{\"@id\":\"https:\\\/\\\/patagoniambiental.com.ar\\\/info\\\/fortalecen-la-conformacion-de-la-comision-de-arbolado-publico-en-bariloche\\\/#primaryimage\"},\"image\":{\"@id\":\"https:\\\/\\\/patagoniambiental.com.ar\\\/info\\\/fortalecen-la-conformacion-de-la-comision-de-arbolado-publico-en-bariloche\\\/#primaryimage\"},\"thumbnailUrl\":\"https:\\\/\\\/patagoniambiental.com.ar\\\/info\\\/wp-content\\\/uploads\\\/2017\\\/08\\\/thumbnail_firma.jpg\",\"datePublished\":\"2017-08-30T22:00:38+00:00\",\"breadcrumb\":{\"@id\":\"https:\\\/\\\/patagoniambiental.com.ar\\\/info\\\/fortalecen-la-conformacion-de-la-comision-de-arbolado-publico-en-bariloche\\\/#breadcrumb\"},\"inLanguage\":\"es\",\"potentialAction\":[{\"@type\":\"ReadAction\",\"target\":[\"https:\\\/\\\/patagoniambiental.com.ar\\\/info\\\/fortalecen-la-conformacion-de-la-comision-de-arbolado-publico-en-bariloche\\\/\"]}]},{\"@type\":\"ImageObject\",\"inLanguage\":\"es\",\"@id\":\"https:\\\/\\\/patagoniambiental.com.ar\\\/info\\\/fortalecen-la-conformacion-de-la-comision-de-arbolado-publico-en-bariloche\\\/#primaryimage\",\"url\":\"https:\\\/\\\/patagoniambiental.com.ar\\\/info\\\/wp-content\\\/uploads\\\/2017\\\/08\\\/thumbnail_firma.jpg\",\"contentUrl\":\"https:\\\/\\\/patagoniambiental.com.ar\\\/info\\\/wp-content\\\/uploads\\\/2017\\\/08\\\/thumbnail_firma.jpg\",\"width\":900,\"height\":600},{\"@type\":\"BreadcrumbList\",\"@id\":\"https:\\\/\\\/patagoniambiental.com.ar\\\/info\\\/fortalecen-la-conformacion-de-la-comision-de-arbolado-publico-en-bariloche\\\/#breadcrumb\",\"itemListElement\":[{\"@type\":\"ListItem\",\"position\":1,\"name\":\"Inicio\",\"item\":\"https:\\\/\\\/patagoniambiental.com.ar\\\/info\\\/\"},{\"@type\":\"ListItem\",\"position\":2,\"name\":\"Fortalecen la conformaci\u00f3n de la Comisi\u00f3n de Arbolado P\u00fablico en Bariloche\"}]},{\"@type\":\"WebSite\",\"@id\":\"https:\\\/\\\/patagoniambiental.com.ar\\\/info\\\/#website\",\"url\":\"https:\\\/\\\/patagoniambiental.com.ar\\\/info\\\/\",\"name\":\"Patagonia Ambiental\",\"description\":\"Monitoreo y an\u00e1lisis de la situaci\u00f3n geopol\u00edtica en el mundo y su implicancia en la Patagonia\",\"publisher\":{\"@id\":\"https:\\\/\\\/patagoniambiental.com.ar\\\/info\\\/#organization\"},\"potentialAction\":[{\"@type\":\"SearchAction\",\"target\":{\"@type\":\"EntryPoint\",\"urlTemplate\":\"https:\\\/\\\/patagoniambiental.com.ar\\\/info\\\/?s={search_term_string}\"},\"query-input\":{\"@type\":\"PropertyValueSpecification\",\"valueRequired\":true,\"valueName\":\"search_term_string\"}}],\"inLanguage\":\"es\"},{\"@type\":\"Organization\",\"@id\":\"https:\\\/\\\/patagoniambiental.com.ar\\\/info\\\/#organization\",\"name\":\"Patagonia Ambiental\",\"url\":\"https:\\\/\\\/patagoniambiental.com.ar\\\/info\\\/\",\"logo\":{\"@type\":\"ImageObject\",\"inLanguage\":\"es\",\"@id\":\"https:\\\/\\\/patagoniambiental.com.ar\\\/info\\\/#\\\/schema\\\/logo\\\/image\\\/\",\"url\":\"https:\\\/\\\/patagoniambiental.com.ar\\\/info\\\/wp-content\\\/uploads\\\/2025\\\/05\\\/LOGO-PATAGONIA-AMBIENTAL.png\",\"contentUrl\":\"https:\\\/\\\/patagoniambiental.com.ar\\\/info\\\/wp-content\\\/uploads\\\/2025\\\/05\\\/LOGO-PATAGONIA-AMBIENTAL.png\",\"width\":433,\"height\":250,\"caption\":\"Patagonia Ambiental\"},\"image\":{\"@id\":\"https:\\\/\\\/patagoniambiental.com.ar\\\/info\\\/#\\\/schema\\\/logo\\\/image\\\/\"},\"sameAs\":[\"https:\\\/\\\/www.facebook.com\\\/patagonia.ambiental\",\"https:\\\/\\\/x.com\\\/PatAmb\"]},{\"@type\":\"Person\",\"@id\":\"https:\\\/\\\/patagoniambiental.com.ar\\\/info\\\/#\\\/schema\\\/person\\\/db12bff64bbcbf6a253710bf0ea37b5d\",\"name\":\"Patagonia Ambiental\",\"description\":\"Andr\u00e9s Nievas T\u00e9cnico en manejo ambiental, consultor Ambiental y escritor para medios locales e internacionales sobre temas de geopolitica y medio ambiente.\",\"sameAs\":[\"http:\\\/\\\/www.patagoniambiental.com.ar\",\"https:\\\/\\\/www.facebook.com\\\/share\\\/1C1V8Gv9BX\\\/?mibextid=qi2Omg\",\"@patagoniambiental\",\"https:\\\/\\\/youtube.com\\\/@patagoniaambiental2023?si=BLt58t0wuXquxlYZ\"]}]}<\/script>\n<!-- \/ Yoast SEO Premium plugin. -->","yoast_head_json":{"title":"Fortalecen la conformaci\u00f3n de la Comisi\u00f3n de Arbolado P\u00fablico en Bariloche","robots":{"index":"index","follow":"follow","max-snippet":"max-snippet:-1","max-image-preview":"max-image-preview:large","max-video-preview":"max-video-preview:-1"},"canonical":"https:\/\/patagoniambiental.com.ar\/info\/fortalecen-la-conformacion-de-la-comision-de-arbolado-publico-en-bariloche\/","og_locale":"es_ES","og_type":"article","og_title":"Fortalecen la conformaci\u00f3n de la Comisi\u00f3n de Arbolado P\u00fablico en Bariloche","og_description":"Bariloche.-Este martes (29\/08) el intendente Gustavo Gennuso firm\u00f3 el proyecto de ordenanza que actualiza las funciones de este \u00f3rgano consultivo.","og_url":"https:\/\/patagoniambiental.com.ar\/info\/fortalecen-la-conformacion-de-la-comision-de-arbolado-publico-en-bariloche\/","og_site_name":"Patagonia Ambiental","article_publisher":"https:\/\/www.facebook.com\/patagonia.ambiental","article_author":"https:\/\/www.facebook.com\/share\/1C1V8Gv9BX\/?mibextid=qi2Omg","article_published_time":"2017-08-30T22:00:38+00:00","og_image":[{"width":1024,"height":683,"url":"https:\/\/patagoniambiental.com.ar\/info\/wp-content\/uploads\/2017\/08\/thumbnail_firma.jpg","type":"image\/jpeg"}],"author":"Patagonia Ambiental","twitter_card":"summary_large_image","twitter_creator":"@PatAmb","twitter_site":"@PatAmb","schema":{"@context":"https:\/\/schema.org","@graph":[{"@type":"Article","@id":"https:\/\/patagoniambiental.com.ar\/info\/fortalecen-la-conformacion-de-la-comision-de-arbolado-publico-en-bariloche\/#article","isPartOf":{"@id":"https:\/\/patagoniambiental.com.ar\/info\/fortalecen-la-conformacion-de-la-comision-de-arbolado-publico-en-bariloche\/"},"author":{"name":"Patagonia Ambiental","@id":"https:\/\/patagoniambiental.com.ar\/info\/#\/schema\/person\/db12bff64bbcbf6a253710bf0ea37b5d"},"headline":"Fortalecen la conformaci\u00f3n de la Comisi\u00f3n de Arbolado P\u00fablico en Bariloche","datePublished":"2017-08-30T22:00:38+00:00","mainEntityOfPage":{"@id":"https:\/\/patagoniambiental.com.ar\/info\/fortalecen-la-conformacion-de-la-comision-de-arbolado-publico-en-bariloche\/"},"wordCount":1230,"commentCount":0,"publisher":{"@id":"https:\/\/patagoniambiental.com.ar\/info\/#organization"},"image":{"@id":"https:\/\/patagoniambiental.com.ar\/info\/fortalecen-la-conformacion-de-la-comision-de-arbolado-publico-en-bariloche\/#primaryimage"},"thumbnailUrl":"https:\/\/patagoniambiental.com.ar\/info\/wp-content\/uploads\/2017\/08\/thumbnail_firma.jpg","articleSection":["Municipales","Noticias"],"inLanguage":"es","potentialAction":[{"@type":"CommentAction","name":"Comment","target":["https:\/\/patagoniambiental.com.ar\/info\/fortalecen-la-conformacion-de-la-comision-de-arbolado-publico-en-bariloche\/#respond"]}]},{"@type":"WebPage","@id":"https:\/\/patagoniambiental.com.ar\/info\/fortalecen-la-conformacion-de-la-comision-de-arbolado-publico-en-bariloche\/","url":"https:\/\/patagoniambiental.com.ar\/info\/fortalecen-la-conformacion-de-la-comision-de-arbolado-publico-en-bariloche\/","name":"Fortalecen la conformaci\u00f3n de la Comisi\u00f3n de Arbolado P\u00fablico en Bariloche","isPartOf":{"@id":"https:\/\/patagoniambiental.com.ar\/info\/#website"},"primaryImageOfPage":{"@id":"https:\/\/patagoniambiental.com.ar\/info\/fortalecen-la-conformacion-de-la-comision-de-arbolado-publico-en-bariloche\/#primaryimage"},"image":{"@id":"https:\/\/patagoniambiental.com.ar\/info\/fortalecen-la-conformacion-de-la-comision-de-arbolado-publico-en-bariloche\/#primaryimage"},"thumbnailUrl":"https:\/\/patagoniambiental.com.ar\/info\/wp-content\/uploads\/2017\/08\/thumbnail_firma.jpg","datePublished":"2017-08-30T22:00:38+00:00","breadcrumb":{"@id":"https:\/\/patagoniambiental.com.ar\/info\/fortalecen-la-conformacion-de-la-comision-de-arbolado-publico-en-bariloche\/#breadcrumb"},"inLanguage":"es","potentialAction":[{"@type":"ReadAction","target":["https:\/\/patagoniambiental.com.ar\/info\/fortalecen-la-conformacion-de-la-comision-de-arbolado-publico-en-bariloche\/"]}]},{"@type":"ImageObject","inLanguage":"es","@id":"https:\/\/patagoniambiental.com.ar\/info\/fortalecen-la-conformacion-de-la-comision-de-arbolado-publico-en-bariloche\/#primaryimage","url":"https:\/\/patagoniambiental.com.ar\/info\/wp-content\/uploads\/2017\/08\/thumbnail_firma.jpg","contentUrl":"https:\/\/patagoniambiental.com.ar\/info\/wp-content\/uploads\/2017\/08\/thumbnail_firma.jpg","width":900,"height":600},{"@type":"BreadcrumbList","@id":"https:\/\/patagoniambiental.com.ar\/info\/fortalecen-la-conformacion-de-la-comision-de-arbolado-publico-en-bariloche\/#breadcrumb","itemListElement":[{"@type":"ListItem","position":1,"name":"Inicio","item":"https:\/\/patagoniambiental.com.ar\/info\/"},{"@type":"ListItem","position":2,"name":"Fortalecen la conformaci\u00f3n de la Comisi\u00f3n de Arbolado P\u00fablico en Bariloche"}]},{"@type":"WebSite","@id":"https:\/\/patagoniambiental.com.ar\/info\/#website","url":"https:\/\/patagoniambiental.com.ar\/info\/","name":"Patagonia Ambiental","description":"Monitoreo y an\u00e1lisis de la situaci\u00f3n geopol\u00edtica en el mundo y su implicancia en la Patagonia","publisher":{"@id":"https:\/\/patagoniambiental.com.ar\/info\/#organization"},"potentialAction":[{"@type":"SearchAction","target":{"@type":"EntryPoint","urlTemplate":"https:\/\/patagoniambiental.com.ar\/info\/?s={search_term_string}"},"query-input":{"@type":"PropertyValueSpecification","valueRequired":true,"valueName":"search_term_string"}}],"inLanguage":"es"},{"@type":"Organization","@id":"https:\/\/patagoniambiental.com.ar\/info\/#organization","name":"Patagonia Ambiental","url":"https:\/\/patagoniambiental.com.ar\/info\/","logo":{"@type":"ImageObject","inLanguage":"es","@id":"https:\/\/patagoniambiental.com.ar\/info\/#\/schema\/logo\/image\/","url":"https:\/\/patagoniambiental.com.ar\/info\/wp-content\/uploads\/2025\/05\/LOGO-PATAGONIA-AMBIENTAL.png","contentUrl":"https:\/\/patagoniambiental.com.ar\/info\/wp-content\/uploads\/2025\/05\/LOGO-PATAGONIA-AMBIENTAL.png","width":433,"height":250,"caption":"Patagonia Ambiental"},"image":{"@id":"https:\/\/patagoniambiental.com.ar\/info\/#\/schema\/logo\/image\/"},"sameAs":["https:\/\/www.facebook.com\/patagonia.ambiental","https:\/\/x.com\/PatAmb"]},{"@type":"Person","@id":"https:\/\/patagoniambiental.com.ar\/info\/#\/schema\/person\/db12bff64bbcbf6a253710bf0ea37b5d","name":"Patagonia Ambiental","description":"Andr\u00e9s Nievas T\u00e9cnico en manejo ambiental, consultor Ambiental y escritor para medios locales e internacionales sobre temas de geopolitica y medio ambiente.","sameAs":["http:\/\/www.patagoniambiental.com.ar","https:\/\/www.facebook.com\/share\/1C1V8Gv9BX\/?mibextid=qi2Omg","@patagoniambiental","https:\/\/youtube.com\/@patagoniaambiental2023?si=BLt58t0wuXquxlYZ"]}]}},"_links":{"self":[{"href":"https:\/\/patagoniambiental.com.ar\/info\/wp-json\/wp\/v2\/posts\/34094","targetHints":{"allow":["GET"]}}],"collection":[{"href":"https:\/\/patagoniambiental.com.ar\/info\/wp-json\/wp\/v2\/posts"}],"about":[{"href":"https:\/\/patagoniambiental.com.ar\/info\/wp-json\/wp\/v2\/types\/post"}],"author":[{"embeddable":true,"href":"https:\/\/patagoniambiental.com.ar\/info\/wp-json\/wp\/v2\/users\/2"}],"replies":[{"embeddable":true,"href":"https:\/\/patagoniambiental.com.ar\/info\/wp-json\/wp\/v2\/comments?post=34094"}],"version-history":[{"count":0,"href":"https:\/\/patagoniambiental.com.ar\/info\/wp-json\/wp\/v2\/posts\/34094\/revisions"}],"wp:featuredmedia":[{"embeddable":true,"href":"https:\/\/patagoniambiental.com.ar\/info\/wp-json\/wp\/v2\/media\/34095"}],"wp:attachment":[{"href":"https:\/\/patagoniambiental.com.ar\/info\/wp-json\/wp\/v2\/media?parent=34094"}],"wp:term":[{"taxonomy":"category","embeddable":true,"href":"https:\/\/patagoniambiental.com.ar\/info\/wp-json\/wp\/v2\/categories?post=34094"},{"taxonomy":"post_tag","embeddable":true,"href":"https:\/\/patagoniambiental.com.ar\/info\/wp-json\/wp\/v2\/tags?post=34094"}],"curies":[{"name":"wp","href":"https:\/\/api.w.org\/{rel}","templated":true}]}}