{"id":34175,"date":"2017-08-31T19:00:48","date_gmt":"2017-08-31T22:00:48","guid":{"rendered":"http:\/\/patagoniambiental.com.ar\/info\/?p=34175"},"modified":"2017-08-31T13:34:54","modified_gmt":"2017-08-31T16:34:54","slug":"el-intendente-de-beltran-recibio-los-contenedores-del-proyecto-puntos-limpios","status":"publish","type":"post","link":"https:\/\/patagoniambiental.com.ar\/info\/el-intendente-de-beltran-recibio-los-contenedores-del-proyecto-puntos-limpios\/","title":{"rendered":"El intendente de Beltr\u00e1n recibi\u00f3 los contenedores del Proyecto Puntos Limpios"},"content":{"rendered":"<div class=\"_1dwg _1w_m\">\n<div>\n<div id=\"js_zf\" class=\"_5pbx userContent\" data-ft=\"{&quot;tn&quot;:&quot;K&quot;}\">\n<div id=\"id_59a836f9dbd520e20655256\" class=\"text_exposed_root text_exposed\">\n<p>Lu\u00eds Beltr\u00e1n.-El Intendente de la localidad de Luis Beltr\u00e1n, Pablo Delgado, particip\u00f3 del encuentro del Circulo de consumidores de la Cooperativa Obrera, exposici\u00f3n en la cual, concluyo con la firma del convenio \u201cPuntos Limpios\u201d.<\/p>\n<p><!--more--><br \/>\nAnteriormente Delgado mantuvo reuniones con el Referente beltranense de la Coop. Obrera, Jos\u00e9 Clemente, acordando trabajos conjuntos en b\u00fasqueda de realizar acciones concretas en materia de medio ambien<span class=\"text_exposed_show\">te.<br \/>\nEn esta ocasi\u00f3n, el Intendente recibi\u00f3 los contenedores especiales que en los pr\u00f3ximos d\u00edas, ser\u00e1n ubicados en nuestra localidad.<br \/>\nA partir de dicho proyecto, intentaremos concretar nuevos procedimientos en la manipulaci\u00f3n de los residuos hogare\u00f1os, adecu\u00e1ndose las t\u00e9cnicas de recuperaci\u00f3n, reciclado y reutilizaci\u00f3n de los mismos.<br \/>\nLa Municipalidad continuar\u00e1 con esta l\u00ednea de trabajo, concientizando a trav\u00e9s de distintos medios a la comunidad, y realizando acciones concretas que posibiliten ambientes m\u00e1s saludables para las familias.<\/span><\/p>\n<\/div>\n<\/div>\n<div class=\"_3x-2\">\n<div data-ft=\"{&quot;tn&quot;:&quot;H&quot;}\">\n<div class=\"mtm\">\n<div class=\"_2a2q\">\n<div class=\"uiScaledImageContainer\"><img fetchpriority=\"high\" decoding=\"async\" class=\"scaledImageFitWidth img\" src=\"https:\/\/scontent-eze1-1.xx.fbcdn.net\/v\/t1.0-0\/s480x480\/21078385_842260152622092_2897043190185995598_n.jpg?oh=89e5179141fae184c78a6b0b360b6525&amp;oe=5A25735C\" alt=\"La imagen puede contener: una o varias personas, personas sentadas e interior\" width=\"476\" height=\"357\" \/><\/div>\n<div class=\"uiScaledImageContainer\"><img decoding=\"async\" class=\"scaledImageFitHeight img\" src=\"https:\/\/scontent-eze1-1.xx.fbcdn.net\/v\/t1.0-0\/p240x240\/21151660_842260135955427_5424125384331798513_n.jpg?oh=7fd71044ee2fe4901c95ebbf0df6327f&amp;oe=5A2CA67B\" alt=\"La imagen puede contener: 4 personas, personas sentadas e interior\" width=\"316\" height=\"237\" \/><\/div>\n<div class=\"uiScaledImageContainer\"><img decoding=\"async\" class=\"scaledImageFitWidth img\" src=\"https:\/\/scontent-eze1-1.xx.fbcdn.net\/v\/t1.0-0\/p240x240\/21192653_842260109288763_690480913986865621_n.jpg?oh=60f1b53b4dfc20a00ffce1b8925e8d72&amp;oe=5A189B92\" alt=\"No hay texto alternativo autom\u00e1tico disponible.\" width=\"237\" height=\"316\" \/><\/div>\n<div>Fuente: Municipalidad de Lu\u00eds Beltr\u00e1n<\/div>\n<\/div>\n<\/div>\n<\/div>\n<\/div>\n<div><\/div>\n<\/div>\n<\/div>\n<p>&nbsp;<\/p>\n<div>\n<form id=\"u_2w_1m\" class=\"commentable_item\" action=\"https:\/\/www.facebook.com\/ajax\/ufi\/modify.php\" method=\"post\" data-ft=\"{&quot;tn&quot;:&quot;]&quot;}\">\n<div class=\"_sa_ _gsd _5vsi _192z\">\n<div><\/div>\n<div class=\"_37uu\">\n<div>\n<div class=\"_57w\">\n<div class=\"_3399 _a7s clearfix _zw3\">\n<div class=\"_3m9g\">\n<div class=\"_40yk _pbn\"><span class=\"_6vh\" data-testid=\"actor-selector\"><span data-hover=\"tooltip\" data-tooltip-content=\"Comentas e indicas que algo te gusta como Andr\u00e9s Nievas\"><a class=\"_55pi _2agf _4o_4 _4jy0 _4jy3 _517h _51sy _59pe _42ft\" role=\"button\" href=\"https:\/\/www.facebook.com\/Municipalidad-de-Luis-Beltran-550496565131787\/#\" type=\"button\" aria-haspopup=\"true\"><span class=\"_-xe _3-8_\"><img loading=\"lazy\" decoding=\"async\" class=\"_6vg img\" src=\"https:\/\/scontent-eze1-1.xx.fbcdn.net\/v\/t1.0-1\/p32x32\/17201264_1405414816188136_6192233464964541593_n.jpg?oh=3ed30bfea09d302beebc1637c8d74fa7&amp;oe=5A1592B5\" alt=\"\" width=\"16\" height=\"16\" \/><\/span><span class=\"accessible_elem\"><span class=\"_55pe\">Andr\u00e9s Nievas<\/span><\/span><i class=\"img sp_Wvb0Fx8lXsx sx_1f5eff\"><\/i><\/a><\/span><\/span><\/div>\n<\/div>\n<div class=\"_524d\">\n<div class=\"_42nr\">\n<div class=\"_khz\"><a class=\"UFILikeLink _4x9- _4x9_ _48-k\" tabindex=\"0\" role=\"button\" href=\"https:\/\/www.facebook.com\/Municipalidad-de-Luis-Beltran-550496565131787\/#\" aria-pressed=\"false\" data-testid=\"fb-ufi-likelink\">Me gusta<\/a><span class=\"accessible_elem\" tabindex=\"-1\" role=\"button\" data-accessibilityid=\"virtual_cursor_trigger\">Mostrar m\u00e1s reacciones<\/span><\/div>\n<p><span class=\"_1mto\"><span class=\"_6a _15-7 _3h-u\"><a class=\"comment_link _5yxe\" title=\"Dejar un comentario\" role=\"button\" href=\"https:\/\/www.facebook.com\/Municipalidad-de-Luis-Beltran-550496565131787\/#\" data-ft=\"{ &quot;tn&quot;: &quot;S&quot;, &quot;type&quot;: 24 }\">Comentar<\/a><\/span><\/span><\/p>\n<div class=\"uiPopover _6a\"><span class=\"_27de _p\" role=\"button\"><a class=\"_p share_action_link _5f9b\" tabindex=\"0\" title=\"Enviar esto a tus amigos o publicarlo en tu biograf\u00eda\" role=\"button\" href=\"https:\/\/www.facebook.com\/Municipalidad-de-Luis-Beltran-550496565131787\/#\" data-testid=\"ufi_share_link_loaded\" data-ft=\"{ &quot;tn&quot;: &quot;J&quot;, &quot;type&quot;: 25 }\">Compartir<\/a><\/span><\/div>\n<\/div>\n<\/div>\n<\/div>\n<\/div>\n<\/div>\n<\/div>\n<\/div>\n<\/form>\n<\/div>\n","protected":false},"excerpt":{"rendered":"<p>Lu\u00eds Beltr\u00e1n.-El Intendente de la localidad de Luis Beltr\u00e1n, Pablo Delgado, particip\u00f3 del encuentro del Circulo de consumidores de la [&hellip;]<\/p>\n","protected":false},"author":2,"featured_media":34176,"comment_status":"open","ping_status":"open","sticky":false,"template":"","format":"standard","meta":{"site-sidebar-layout":"default","site-content-layout":"","ast-site-content-layout":"default","site-content-style":"default","site-sidebar-style":"default","ast-global-header-display":"","ast-banner-title-visibility":"","ast-main-header-display":"","ast-hfb-above-header-display":"","ast-hfb-below-header-display":"","ast-hfb-mobile-header-display":"","site-post-title":"","ast-breadcrumbs-content":"","ast-featured-img":"","footer-sml-layout":"","ast-disable-related-posts":"","theme-transparent-header-meta":"","adv-header-id-meta":"","stick-header-meta":"","header-above-stick-meta":"","header-main-stick-meta":"","header-below-stick-meta":"","astra-migrate-meta-layouts":"default","ast-page-background-enabled":"default","ast-page-background-meta":{"desktop":{"background-color":"var(--ast-global-color-5)","background-image":"","background-repeat":"repeat","background-position":"center center","background-size":"auto","background-attachment":"scroll","background-type":"","background-media":"","overlay-type":"","overlay-color":"","overlay-opacity":"","overlay-gradient":""},"tablet":{"background-color":"","background-image":"","background-repeat":"repeat","background-position":"center center","background-size":"auto","background-attachment":"scroll","background-type":"","background-media":"","overlay-type":"","overlay-color":"","overlay-opacity":"","overlay-gradient":""},"mobile":{"background-color":"","background-image":"","background-repeat":"repeat","background-position":"center center","background-size":"auto","background-attachment":"scroll","background-type":"","background-media":"","overlay-type":"","overlay-color":"","overlay-opacity":"","overlay-gradient":""}},"ast-content-background-meta":{"desktop":{"background-color":"var(--ast-global-color-4)","background-image":"","background-repeat":"repeat","background-position":"center center","background-size":"auto","background-attachment":"scroll","background-type":"","background-media":"","overlay-type":"","overlay-color":"","overlay-opacity":"","overlay-gradient":""},"tablet":{"background-color":"var(--ast-global-color-4)","background-image":"","background-repeat":"repeat","background-position":"center center","background-size":"auto","background-attachment":"scroll","background-type":"","background-media":"","overlay-type":"","overlay-color":"","overlay-opacity":"","overlay-gradient":""},"mobile":{"background-color":"var(--ast-global-color-4)","background-image":"","background-repeat":"repeat","background-position":"center center","background-size":"auto","background-attachment":"scroll","background-type":"","background-media":"","overlay-type":"","overlay-color":"","overlay-opacity":"","overlay-gradient":""}},"footnotes":""},"categories":[16,1],"tags":[],"class_list":["post-34175","post","type-post","status-publish","format-standard","has-post-thumbnail","hentry","category-municipales","category-noticias"],"yoast_head":"<!-- This site is optimized with the Yoast SEO Premium plugin v23.0 (Yoast SEO v27.4) - https:\/\/yoast.com\/product\/yoast-seo-premium-wordpress\/ -->\n<title>El intendente de Beltr\u00e1n recibi\u00f3 los contenedores del Proyecto Puntos Limpios<\/title>\n<meta name=\"robots\" content=\"index, follow, max-snippet:-1, max-image-preview:large, max-video-preview:-1\" \/>\n<link rel=\"canonical\" href=\"https:\/\/patagoniambiental.com.ar\/info\/el-intendente-de-beltran-recibio-los-contenedores-del-proyecto-puntos-limpios\/\" \/>\n<meta property=\"og:locale\" content=\"es_ES\" \/>\n<meta property=\"og:type\" content=\"article\" \/>\n<meta property=\"og:title\" content=\"El intendente de Beltr\u00e1n recibi\u00f3 los contenedores del Proyecto Puntos Limpios\" \/>\n<meta property=\"og:description\" content=\"Lu\u00eds Beltr\u00e1n.-El Intendente de la localidad de Luis Beltr\u00e1n, Pablo Delgado, particip\u00f3 del encuentro del Circulo de consumidores de la [&hellip;]\" \/>\n<meta property=\"og:url\" content=\"https:\/\/patagoniambiental.com.ar\/info\/el-intendente-de-beltran-recibio-los-contenedores-del-proyecto-puntos-limpios\/\" \/>\n<meta property=\"og:site_name\" content=\"Patagonia Ambiental\" \/>\n<meta property=\"article:publisher\" content=\"https:\/\/www.facebook.com\/patagonia.ambiental\" \/>\n<meta property=\"article:author\" content=\"https:\/\/www.facebook.com\/share\/1C1V8Gv9BX\/?mibextid=qi2Omg\" \/>\n<meta property=\"article:published_time\" content=\"2017-08-31T22:00:48+00:00\" \/>\n<meta property=\"og:image\" content=\"https:\/\/patagoniambiental.com.ar\/info\/wp-content\/uploads\/2017\/08\/21078385_842260152622092_2897043190185995598_n.jpg\" \/>\n\t<meta property=\"og:image:width\" content=\"480\" \/>\n\t<meta property=\"og:image:height\" content=\"360\" \/>\n\t<meta property=\"og:image:type\" content=\"image\/jpeg\" \/>\n<meta name=\"author\" content=\"Patagonia Ambiental\" \/>\n<meta name=\"twitter:card\" content=\"summary_large_image\" \/>\n<meta name=\"twitter:creator\" content=\"@PatAmb\" \/>\n<meta name=\"twitter:site\" content=\"@PatAmb\" \/>\n<script type=\"application\/ld+json\" class=\"yoast-schema-graph\">{\"@context\":\"https:\\\/\\\/schema.org\",\"@graph\":[{\"@type\":\"Article\",\"@id\":\"https:\\\/\\\/patagoniambiental.com.ar\\\/info\\\/el-intendente-de-beltran-recibio-los-contenedores-del-proyecto-puntos-limpios\\\/#article\",\"isPartOf\":{\"@id\":\"https:\\\/\\\/patagoniambiental.com.ar\\\/info\\\/el-intendente-de-beltran-recibio-los-contenedores-del-proyecto-puntos-limpios\\\/\"},\"author\":{\"name\":\"Patagonia Ambiental\",\"@id\":\"https:\\\/\\\/patagoniambiental.com.ar\\\/info\\\/#\\\/schema\\\/person\\\/db12bff64bbcbf6a253710bf0ea37b5d\"},\"headline\":\"El intendente de Beltr\u00e1n recibi\u00f3 los contenedores del Proyecto Puntos Limpios\",\"datePublished\":\"2017-08-31T22:00:48+00:00\",\"mainEntityOfPage\":{\"@id\":\"https:\\\/\\\/patagoniambiental.com.ar\\\/info\\\/el-intendente-de-beltran-recibio-los-contenedores-del-proyecto-puntos-limpios\\\/\"},\"wordCount\":187,\"commentCount\":0,\"publisher\":{\"@id\":\"https:\\\/\\\/patagoniambiental.com.ar\\\/info\\\/#organization\"},\"image\":{\"@id\":\"https:\\\/\\\/patagoniambiental.com.ar\\\/info\\\/el-intendente-de-beltran-recibio-los-contenedores-del-proyecto-puntos-limpios\\\/#primaryimage\"},\"thumbnailUrl\":\"https:\\\/\\\/patagoniambiental.com.ar\\\/info\\\/wp-content\\\/uploads\\\/2017\\\/08\\\/21078385_842260152622092_2897043190185995598_n.jpg\",\"articleSection\":[\"Municipales\",\"Noticias\"],\"inLanguage\":\"es\",\"potentialAction\":[{\"@type\":\"CommentAction\",\"name\":\"Comment\",\"target\":[\"https:\\\/\\\/patagoniambiental.com.ar\\\/info\\\/el-intendente-de-beltran-recibio-los-contenedores-del-proyecto-puntos-limpios\\\/#respond\"]}]},{\"@type\":\"WebPage\",\"@id\":\"https:\\\/\\\/patagoniambiental.com.ar\\\/info\\\/el-intendente-de-beltran-recibio-los-contenedores-del-proyecto-puntos-limpios\\\/\",\"url\":\"https:\\\/\\\/patagoniambiental.com.ar\\\/info\\\/el-intendente-de-beltran-recibio-los-contenedores-del-proyecto-puntos-limpios\\\/\",\"name\":\"El intendente de Beltr\u00e1n recibi\u00f3 los contenedores del Proyecto Puntos Limpios\",\"isPartOf\":{\"@id\":\"https:\\\/\\\/patagoniambiental.com.ar\\\/info\\\/#website\"},\"primaryImageOfPage\":{\"@id\":\"https:\\\/\\\/patagoniambiental.com.ar\\\/info\\\/el-intendente-de-beltran-recibio-los-contenedores-del-proyecto-puntos-limpios\\\/#primaryimage\"},\"image\":{\"@id\":\"https:\\\/\\\/patagoniambiental.com.ar\\\/info\\\/el-intendente-de-beltran-recibio-los-contenedores-del-proyecto-puntos-limpios\\\/#primaryimage\"},\"thumbnailUrl\":\"https:\\\/\\\/patagoniambiental.com.ar\\\/info\\\/wp-content\\\/uploads\\\/2017\\\/08\\\/21078385_842260152622092_2897043190185995598_n.jpg\",\"datePublished\":\"2017-08-31T22:00:48+00:00\",\"breadcrumb\":{\"@id\":\"https:\\\/\\\/patagoniambiental.com.ar\\\/info\\\/el-intendente-de-beltran-recibio-los-contenedores-del-proyecto-puntos-limpios\\\/#breadcrumb\"},\"inLanguage\":\"es\",\"potentialAction\":[{\"@type\":\"ReadAction\",\"target\":[\"https:\\\/\\\/patagoniambiental.com.ar\\\/info\\\/el-intendente-de-beltran-recibio-los-contenedores-del-proyecto-puntos-limpios\\\/\"]}]},{\"@type\":\"ImageObject\",\"inLanguage\":\"es\",\"@id\":\"https:\\\/\\\/patagoniambiental.com.ar\\\/info\\\/el-intendente-de-beltran-recibio-los-contenedores-del-proyecto-puntos-limpios\\\/#primaryimage\",\"url\":\"https:\\\/\\\/patagoniambiental.com.ar\\\/info\\\/wp-content\\\/uploads\\\/2017\\\/08\\\/21078385_842260152622092_2897043190185995598_n.jpg\",\"contentUrl\":\"https:\\\/\\\/patagoniambiental.com.ar\\\/info\\\/wp-content\\\/uploads\\\/2017\\\/08\\\/21078385_842260152622092_2897043190185995598_n.jpg\",\"width\":480,\"height\":360},{\"@type\":\"BreadcrumbList\",\"@id\":\"https:\\\/\\\/patagoniambiental.com.ar\\\/info\\\/el-intendente-de-beltran-recibio-los-contenedores-del-proyecto-puntos-limpios\\\/#breadcrumb\",\"itemListElement\":[{\"@type\":\"ListItem\",\"position\":1,\"name\":\"Inicio\",\"item\":\"https:\\\/\\\/patagoniambiental.com.ar\\\/info\\\/\"},{\"@type\":\"ListItem\",\"position\":2,\"name\":\"El intendente de Beltr\u00e1n recibi\u00f3 los contenedores del Proyecto Puntos Limpios\"}]},{\"@type\":\"WebSite\",\"@id\":\"https:\\\/\\\/patagoniambiental.com.ar\\\/info\\\/#website\",\"url\":\"https:\\\/\\\/patagoniambiental.com.ar\\\/info\\\/\",\"name\":\"Patagonia Ambiental\",\"description\":\"Monitoreo y an\u00e1lisis de la situaci\u00f3n geopol\u00edtica en el mundo y su implicancia en la Patagonia\",\"publisher\":{\"@id\":\"https:\\\/\\\/patagoniambiental.com.ar\\\/info\\\/#organization\"},\"potentialAction\":[{\"@type\":\"SearchAction\",\"target\":{\"@type\":\"EntryPoint\",\"urlTemplate\":\"https:\\\/\\\/patagoniambiental.com.ar\\\/info\\\/?s={search_term_string}\"},\"query-input\":{\"@type\":\"PropertyValueSpecification\",\"valueRequired\":true,\"valueName\":\"search_term_string\"}}],\"inLanguage\":\"es\"},{\"@type\":\"Organization\",\"@id\":\"https:\\\/\\\/patagoniambiental.com.ar\\\/info\\\/#organization\",\"name\":\"Patagonia Ambiental\",\"url\":\"https:\\\/\\\/patagoniambiental.com.ar\\\/info\\\/\",\"logo\":{\"@type\":\"ImageObject\",\"inLanguage\":\"es\",\"@id\":\"https:\\\/\\\/patagoniambiental.com.ar\\\/info\\\/#\\\/schema\\\/logo\\\/image\\\/\",\"url\":\"https:\\\/\\\/patagoniambiental.com.ar\\\/info\\\/wp-content\\\/uploads\\\/2025\\\/05\\\/LOGO-PATAGONIA-AMBIENTAL.png\",\"contentUrl\":\"https:\\\/\\\/patagoniambiental.com.ar\\\/info\\\/wp-content\\\/uploads\\\/2025\\\/05\\\/LOGO-PATAGONIA-AMBIENTAL.png\",\"width\":433,\"height\":250,\"caption\":\"Patagonia Ambiental\"},\"image\":{\"@id\":\"https:\\\/\\\/patagoniambiental.com.ar\\\/info\\\/#\\\/schema\\\/logo\\\/image\\\/\"},\"sameAs\":[\"https:\\\/\\\/www.facebook.com\\\/patagonia.ambiental\",\"https:\\\/\\\/x.com\\\/PatAmb\"]},{\"@type\":\"Person\",\"@id\":\"https:\\\/\\\/patagoniambiental.com.ar\\\/info\\\/#\\\/schema\\\/person\\\/db12bff64bbcbf6a253710bf0ea37b5d\",\"name\":\"Patagonia Ambiental\",\"description\":\"Andr\u00e9s Nievas T\u00e9cnico en manejo ambiental, consultor Ambiental y escritor para medios locales e internacionales sobre temas de geopolitica y medio ambiente.\",\"sameAs\":[\"http:\\\/\\\/www.patagoniambiental.com.ar\",\"https:\\\/\\\/www.facebook.com\\\/share\\\/1C1V8Gv9BX\\\/?mibextid=qi2Omg\",\"@patagoniambiental\",\"https:\\\/\\\/youtube.com\\\/@patagoniaambiental2023?si=BLt58t0wuXquxlYZ\"]}]}<\/script>\n<!-- \/ Yoast SEO Premium plugin. -->","yoast_head_json":{"title":"El intendente de Beltr\u00e1n recibi\u00f3 los contenedores del Proyecto Puntos Limpios","robots":{"index":"index","follow":"follow","max-snippet":"max-snippet:-1","max-image-preview":"max-image-preview:large","max-video-preview":"max-video-preview:-1"},"canonical":"https:\/\/patagoniambiental.com.ar\/info\/el-intendente-de-beltran-recibio-los-contenedores-del-proyecto-puntos-limpios\/","og_locale":"es_ES","og_type":"article","og_title":"El intendente de Beltr\u00e1n recibi\u00f3 los contenedores del Proyecto Puntos Limpios","og_description":"Lu\u00eds Beltr\u00e1n.-El Intendente de la localidad de Luis Beltr\u00e1n, Pablo Delgado, particip\u00f3 del encuentro del Circulo de consumidores de la [&hellip;]","og_url":"https:\/\/patagoniambiental.com.ar\/info\/el-intendente-de-beltran-recibio-los-contenedores-del-proyecto-puntos-limpios\/","og_site_name":"Patagonia Ambiental","article_publisher":"https:\/\/www.facebook.com\/patagonia.ambiental","article_author":"https:\/\/www.facebook.com\/share\/1C1V8Gv9BX\/?mibextid=qi2Omg","article_published_time":"2017-08-31T22:00:48+00:00","og_image":[{"width":480,"height":360,"url":"https:\/\/patagoniambiental.com.ar\/info\/wp-content\/uploads\/2017\/08\/21078385_842260152622092_2897043190185995598_n.jpg","type":"image\/jpeg"}],"author":"Patagonia Ambiental","twitter_card":"summary_large_image","twitter_creator":"@PatAmb","twitter_site":"@PatAmb","schema":{"@context":"https:\/\/schema.org","@graph":[{"@type":"Article","@id":"https:\/\/patagoniambiental.com.ar\/info\/el-intendente-de-beltran-recibio-los-contenedores-del-proyecto-puntos-limpios\/#article","isPartOf":{"@id":"https:\/\/patagoniambiental.com.ar\/info\/el-intendente-de-beltran-recibio-los-contenedores-del-proyecto-puntos-limpios\/"},"author":{"name":"Patagonia Ambiental","@id":"https:\/\/patagoniambiental.com.ar\/info\/#\/schema\/person\/db12bff64bbcbf6a253710bf0ea37b5d"},"headline":"El intendente de Beltr\u00e1n recibi\u00f3 los contenedores del Proyecto Puntos Limpios","datePublished":"2017-08-31T22:00:48+00:00","mainEntityOfPage":{"@id":"https:\/\/patagoniambiental.com.ar\/info\/el-intendente-de-beltran-recibio-los-contenedores-del-proyecto-puntos-limpios\/"},"wordCount":187,"commentCount":0,"publisher":{"@id":"https:\/\/patagoniambiental.com.ar\/info\/#organization"},"image":{"@id":"https:\/\/patagoniambiental.com.ar\/info\/el-intendente-de-beltran-recibio-los-contenedores-del-proyecto-puntos-limpios\/#primaryimage"},"thumbnailUrl":"https:\/\/patagoniambiental.com.ar\/info\/wp-content\/uploads\/2017\/08\/21078385_842260152622092_2897043190185995598_n.jpg","articleSection":["Municipales","Noticias"],"inLanguage":"es","potentialAction":[{"@type":"CommentAction","name":"Comment","target":["https:\/\/patagoniambiental.com.ar\/info\/el-intendente-de-beltran-recibio-los-contenedores-del-proyecto-puntos-limpios\/#respond"]}]},{"@type":"WebPage","@id":"https:\/\/patagoniambiental.com.ar\/info\/el-intendente-de-beltran-recibio-los-contenedores-del-proyecto-puntos-limpios\/","url":"https:\/\/patagoniambiental.com.ar\/info\/el-intendente-de-beltran-recibio-los-contenedores-del-proyecto-puntos-limpios\/","name":"El intendente de Beltr\u00e1n recibi\u00f3 los contenedores del Proyecto Puntos Limpios","isPartOf":{"@id":"https:\/\/patagoniambiental.com.ar\/info\/#website"},"primaryImageOfPage":{"@id":"https:\/\/patagoniambiental.com.ar\/info\/el-intendente-de-beltran-recibio-los-contenedores-del-proyecto-puntos-limpios\/#primaryimage"},"image":{"@id":"https:\/\/patagoniambiental.com.ar\/info\/el-intendente-de-beltran-recibio-los-contenedores-del-proyecto-puntos-limpios\/#primaryimage"},"thumbnailUrl":"https:\/\/patagoniambiental.com.ar\/info\/wp-content\/uploads\/2017\/08\/21078385_842260152622092_2897043190185995598_n.jpg","datePublished":"2017-08-31T22:00:48+00:00","breadcrumb":{"@id":"https:\/\/patagoniambiental.com.ar\/info\/el-intendente-de-beltran-recibio-los-contenedores-del-proyecto-puntos-limpios\/#breadcrumb"},"inLanguage":"es","potentialAction":[{"@type":"ReadAction","target":["https:\/\/patagoniambiental.com.ar\/info\/el-intendente-de-beltran-recibio-los-contenedores-del-proyecto-puntos-limpios\/"]}]},{"@type":"ImageObject","inLanguage":"es","@id":"https:\/\/patagoniambiental.com.ar\/info\/el-intendente-de-beltran-recibio-los-contenedores-del-proyecto-puntos-limpios\/#primaryimage","url":"https:\/\/patagoniambiental.com.ar\/info\/wp-content\/uploads\/2017\/08\/21078385_842260152622092_2897043190185995598_n.jpg","contentUrl":"https:\/\/patagoniambiental.com.ar\/info\/wp-content\/uploads\/2017\/08\/21078385_842260152622092_2897043190185995598_n.jpg","width":480,"height":360},{"@type":"BreadcrumbList","@id":"https:\/\/patagoniambiental.com.ar\/info\/el-intendente-de-beltran-recibio-los-contenedores-del-proyecto-puntos-limpios\/#breadcrumb","itemListElement":[{"@type":"ListItem","position":1,"name":"Inicio","item":"https:\/\/patagoniambiental.com.ar\/info\/"},{"@type":"ListItem","position":2,"name":"El intendente de Beltr\u00e1n recibi\u00f3 los contenedores del Proyecto Puntos Limpios"}]},{"@type":"WebSite","@id":"https:\/\/patagoniambiental.com.ar\/info\/#website","url":"https:\/\/patagoniambiental.com.ar\/info\/","name":"Patagonia Ambiental","description":"Monitoreo y an\u00e1lisis de la situaci\u00f3n geopol\u00edtica en el mundo y su implicancia en la Patagonia","publisher":{"@id":"https:\/\/patagoniambiental.com.ar\/info\/#organization"},"potentialAction":[{"@type":"SearchAction","target":{"@type":"EntryPoint","urlTemplate":"https:\/\/patagoniambiental.com.ar\/info\/?s={search_term_string}"},"query-input":{"@type":"PropertyValueSpecification","valueRequired":true,"valueName":"search_term_string"}}],"inLanguage":"es"},{"@type":"Organization","@id":"https:\/\/patagoniambiental.com.ar\/info\/#organization","name":"Patagonia Ambiental","url":"https:\/\/patagoniambiental.com.ar\/info\/","logo":{"@type":"ImageObject","inLanguage":"es","@id":"https:\/\/patagoniambiental.com.ar\/info\/#\/schema\/logo\/image\/","url":"https:\/\/patagoniambiental.com.ar\/info\/wp-content\/uploads\/2025\/05\/LOGO-PATAGONIA-AMBIENTAL.png","contentUrl":"https:\/\/patagoniambiental.com.ar\/info\/wp-content\/uploads\/2025\/05\/LOGO-PATAGONIA-AMBIENTAL.png","width":433,"height":250,"caption":"Patagonia Ambiental"},"image":{"@id":"https:\/\/patagoniambiental.com.ar\/info\/#\/schema\/logo\/image\/"},"sameAs":["https:\/\/www.facebook.com\/patagonia.ambiental","https:\/\/x.com\/PatAmb"]},{"@type":"Person","@id":"https:\/\/patagoniambiental.com.ar\/info\/#\/schema\/person\/db12bff64bbcbf6a253710bf0ea37b5d","name":"Patagonia Ambiental","description":"Andr\u00e9s Nievas T\u00e9cnico en manejo ambiental, consultor Ambiental y escritor para medios locales e internacionales sobre temas de geopolitica y medio ambiente.","sameAs":["http:\/\/www.patagoniambiental.com.ar","https:\/\/www.facebook.com\/share\/1C1V8Gv9BX\/?mibextid=qi2Omg","@patagoniambiental","https:\/\/youtube.com\/@patagoniaambiental2023?si=BLt58t0wuXquxlYZ"]}]}},"_links":{"self":[{"href":"https:\/\/patagoniambiental.com.ar\/info\/wp-json\/wp\/v2\/posts\/34175","targetHints":{"allow":["GET"]}}],"collection":[{"href":"https:\/\/patagoniambiental.com.ar\/info\/wp-json\/wp\/v2\/posts"}],"about":[{"href":"https:\/\/patagoniambiental.com.ar\/info\/wp-json\/wp\/v2\/types\/post"}],"author":[{"embeddable":true,"href":"https:\/\/patagoniambiental.com.ar\/info\/wp-json\/wp\/v2\/users\/2"}],"replies":[{"embeddable":true,"href":"https:\/\/patagoniambiental.com.ar\/info\/wp-json\/wp\/v2\/comments?post=34175"}],"version-history":[{"count":0,"href":"https:\/\/patagoniambiental.com.ar\/info\/wp-json\/wp\/v2\/posts\/34175\/revisions"}],"wp:featuredmedia":[{"embeddable":true,"href":"https:\/\/patagoniambiental.com.ar\/info\/wp-json\/wp\/v2\/media\/34176"}],"wp:attachment":[{"href":"https:\/\/patagoniambiental.com.ar\/info\/wp-json\/wp\/v2\/media?parent=34175"}],"wp:term":[{"taxonomy":"category","embeddable":true,"href":"https:\/\/patagoniambiental.com.ar\/info\/wp-json\/wp\/v2\/categories?post=34175"},{"taxonomy":"post_tag","embeddable":true,"href":"https:\/\/patagoniambiental.com.ar\/info\/wp-json\/wp\/v2\/tags?post=34175"}],"curies":[{"name":"wp","href":"https:\/\/api.w.org\/{rel}","templated":true}]}}