{"id":34178,"date":"2017-08-31T19:00:14","date_gmt":"2017-08-31T22:00:14","guid":{"rendered":"http:\/\/patagoniambiental.com.ar\/info\/?p=34178"},"modified":"2017-08-31T13:40:32","modified_gmt":"2017-08-31T16:40:32","slug":"plan-de-forestacion-de-luis-beltran-en-marcha","status":"publish","type":"post","link":"https:\/\/patagoniambiental.com.ar\/info\/plan-de-forestacion-de-luis-beltran-en-marcha\/","title":{"rendered":"Plan de forestaci\u00f3n de Lu\u00eds Beltr\u00e1n en marcha"},"content":{"rendered":"<div id=\"js_4cc\" class=\"_5pbx userContent\" data-ft=\"{&quot;tn&quot;:&quot;K&quot;}\">\n<div id=\"id_59a83b0ad36199d39741984\" class=\"text_exposed_root text_exposed\">\n<p>Lu\u00eds Beltr\u00e1n.-La semana pasada , trabajadores municipales comenzaron las excavaciones para la colocaci\u00f3n de los nuevos arbolitos en los espacios del barrio Agust\u00edn Tosco.<!--more--><\/p>\n<p>&nbsp;<\/p>\n<p>Ya se colocaron los primeros Fresnos y Para\u00edsos enmarcados en el proyecto municipal, \u201cUn \u00c1rbol para tu Vereda\u201d.<br \/>\nComo lo anuncio a mediados de marzo el Intendente Municipal, Pablo Delgado, este proyecto apunta a mejorar considerablemente el medio ambiente local. Llevar a\u00a0<span class=\"text_exposed_show\">cabo este tipo de pol\u00edticas se funda en el pensamiento de que somos responsables directos del medio ambiente para las futuras generaciones.<br \/>\nSon muchas las consecuencias positivas que impulsan estas acciones en materia del cuidado ambiental. A partir de la nueva forestaci\u00f3n urbana podemos regular la temperatura, mejorar la calidad del aire, disminuir la contaminaci\u00f3n, es decir, no solo apuntamos a la ornamentaci\u00f3n del pueblo sino que tambi\u00e9n, concluimos en impulsar acciones ecol\u00f3gicas concretas.<br \/>\nDesde el Gobierno municipal seguimos trabajando en funci\u00f3n de los compromisos asumidos con anterioridad y le pedimos a toda la comunidad, que colabore en los cuidados pertinentes que debe recibir cada plantaci\u00f3n para poder establecer fehacientemente el objetivo en cuesti\u00f3n.<\/span><\/p>\n<\/div>\n<\/div>\n<p>&nbsp;<\/p>\n<div class=\"_3x-2\">\n<div data-ft=\"{&quot;tn&quot;:&quot;H&quot;}\">\n<div class=\"mtm\">\n<div class=\"_2a2q\">\n<div class=\"uiScaledImageContainer\"><img fetchpriority=\"high\" decoding=\"async\" class=\"scaledImageFitWidth img\" src=\"https:\/\/scontent-eze1-1.xx.fbcdn.net\/v\/t1.0-0\/s480x480\/21034619_840943892753718_5295346364131223875_n.jpg?oh=a2ae7eefa576c6e5ccd43af06043e403&amp;oe=5A1EF168\" alt=\"La imagen puede contener: 2 personas, personas de pie, \u00e1rbol y exterior\" width=\"476\" height=\"357\" \/><\/div>\n<div class=\"uiScaledImageContainer\"><img decoding=\"async\" class=\"scaledImageFitHeight img\" src=\"https:\/\/scontent-eze1-1.xx.fbcdn.net\/v\/t1.0-0\/p240x240\/21077485_840944099420364_3301273534526105479_n.jpg?oh=dab89e19a3cdf57b6ab7f981a4aef58d&amp;oe=5A186015\" alt=\"La imagen puede contener: una o varias personas, personas practicando deporte, personas de pie y exterior\" width=\"316\" height=\"237\" \/><\/div>\n<div>Fuente: Municipalidad de Luis Beltr\u00e1n<\/div>\n<p><a id=\"u_4m_v\" class=\"_5dec _xcx\" href=\"https:\/\/www.facebook.com\/550496565131787\/photos\/pcb.840945109420263\/840944102753697\/?type=3\" rel=\"theater\" data-referrerid=\"550496565131787\" data-ploi=\"https:\/\/scontent-eze1-1.xx.fbcdn.net\/v\/t31.0-8\/21083570_840944102753697_6676853374268852663_o.jpg?oh=7b5615b8b92d43d8f734229fb4145868&amp;oe=5A1E0D44\" data-render-location=\"homepage_stream\" data-ft=\"{&quot;tn&quot;:&quot;E&quot;}\"><\/a><\/div>\n<\/div>\n<\/div>\n<\/div>\n","protected":false},"excerpt":{"rendered":"<p>Lu\u00eds Beltr\u00e1n.-La semana pasada , trabajadores municipales comenzaron las excavaciones para la colocaci\u00f3n de los nuevos arbolitos en los espacios [&hellip;]<\/p>\n","protected":false},"author":2,"featured_media":34179,"comment_status":"open","ping_status":"open","sticky":false,"template":"","format":"standard","meta":{"site-sidebar-layout":"default","site-content-layout":"","ast-site-content-layout":"default","site-content-style":"default","site-sidebar-style":"default","ast-global-header-display":"","ast-banner-title-visibility":"","ast-main-header-display":"","ast-hfb-above-header-display":"","ast-hfb-below-header-display":"","ast-hfb-mobile-header-display":"","site-post-title":"","ast-breadcrumbs-content":"","ast-featured-img":"","footer-sml-layout":"","ast-disable-related-posts":"","theme-transparent-header-meta":"","adv-header-id-meta":"","stick-header-meta":"","header-above-stick-meta":"","header-main-stick-meta":"","header-below-stick-meta":"","astra-migrate-meta-layouts":"default","ast-page-background-enabled":"default","ast-page-background-meta":{"desktop":{"background-color":"var(--ast-global-color-5)","background-image":"","background-repeat":"repeat","background-position":"center center","background-size":"auto","background-attachment":"scroll","background-type":"","background-media":"","overlay-type":"","overlay-color":"","overlay-opacity":"","overlay-gradient":""},"tablet":{"background-color":"","background-image":"","background-repeat":"repeat","background-position":"center center","background-size":"auto","background-attachment":"scroll","background-type":"","background-media":"","overlay-type":"","overlay-color":"","overlay-opacity":"","overlay-gradient":""},"mobile":{"background-color":"","background-image":"","background-repeat":"repeat","background-position":"center center","background-size":"auto","background-attachment":"scroll","background-type":"","background-media":"","overlay-type":"","overlay-color":"","overlay-opacity":"","overlay-gradient":""}},"ast-content-background-meta":{"desktop":{"background-color":"var(--ast-global-color-4)","background-image":"","background-repeat":"repeat","background-position":"center center","background-size":"auto","background-attachment":"scroll","background-type":"","background-media":"","overlay-type":"","overlay-color":"","overlay-opacity":"","overlay-gradient":""},"tablet":{"background-color":"var(--ast-global-color-4)","background-image":"","background-repeat":"repeat","background-position":"center center","background-size":"auto","background-attachment":"scroll","background-type":"","background-media":"","overlay-type":"","overlay-color":"","overlay-opacity":"","overlay-gradient":""},"mobile":{"background-color":"var(--ast-global-color-4)","background-image":"","background-repeat":"repeat","background-position":"center center","background-size":"auto","background-attachment":"scroll","background-type":"","background-media":"","overlay-type":"","overlay-color":"","overlay-opacity":"","overlay-gradient":""}},"footnotes":""},"categories":[16,1],"tags":[],"class_list":["post-34178","post","type-post","status-publish","format-standard","has-post-thumbnail","hentry","category-municipales","category-noticias"],"yoast_head":"<!-- This site is optimized with the Yoast SEO Premium plugin v23.0 (Yoast SEO v27.4) - https:\/\/yoast.com\/product\/yoast-seo-premium-wordpress\/ -->\n<title>Plan de forestaci\u00f3n de Lu\u00eds Beltr\u00e1n en marcha<\/title>\n<meta name=\"robots\" content=\"index, follow, max-snippet:-1, max-image-preview:large, max-video-preview:-1\" \/>\n<link rel=\"canonical\" href=\"https:\/\/patagoniambiental.com.ar\/info\/plan-de-forestacion-de-luis-beltran-en-marcha\/\" \/>\n<meta property=\"og:locale\" content=\"es_ES\" \/>\n<meta property=\"og:type\" content=\"article\" \/>\n<meta property=\"og:title\" content=\"Plan de forestaci\u00f3n de Lu\u00eds Beltr\u00e1n en marcha\" \/>\n<meta property=\"og:description\" content=\"Lu\u00eds Beltr\u00e1n.-La semana pasada , trabajadores municipales comenzaron las excavaciones para la colocaci\u00f3n de los nuevos arbolitos en los espacios [&hellip;]\" \/>\n<meta property=\"og:url\" content=\"https:\/\/patagoniambiental.com.ar\/info\/plan-de-forestacion-de-luis-beltran-en-marcha\/\" \/>\n<meta property=\"og:site_name\" content=\"Patagonia Ambiental\" \/>\n<meta property=\"article:publisher\" content=\"https:\/\/www.facebook.com\/patagonia.ambiental\" \/>\n<meta property=\"article:author\" content=\"https:\/\/www.facebook.com\/share\/1C1V8Gv9BX\/?mibextid=qi2Omg\" \/>\n<meta property=\"article:published_time\" content=\"2017-08-31T22:00:14+00:00\" \/>\n<meta property=\"og:image\" content=\"https:\/\/patagoniambiental.com.ar\/info\/wp-content\/uploads\/2017\/08\/21034619_840943892753718_5295346364131223875_n.jpg\" \/>\n\t<meta property=\"og:image:width\" content=\"480\" \/>\n\t<meta property=\"og:image:height\" content=\"360\" \/>\n\t<meta property=\"og:image:type\" content=\"image\/jpeg\" \/>\n<meta name=\"author\" content=\"Patagonia Ambiental\" \/>\n<meta name=\"twitter:card\" content=\"summary_large_image\" \/>\n<meta name=\"twitter:creator\" content=\"@PatAmb\" \/>\n<meta name=\"twitter:site\" content=\"@PatAmb\" \/>\n<script type=\"application\/ld+json\" class=\"yoast-schema-graph\">{\"@context\":\"https:\\\/\\\/schema.org\",\"@graph\":[{\"@type\":\"Article\",\"@id\":\"https:\\\/\\\/patagoniambiental.com.ar\\\/info\\\/plan-de-forestacion-de-luis-beltran-en-marcha\\\/#article\",\"isPartOf\":{\"@id\":\"https:\\\/\\\/patagoniambiental.com.ar\\\/info\\\/plan-de-forestacion-de-luis-beltran-en-marcha\\\/\"},\"author\":{\"name\":\"Patagonia Ambiental\",\"@id\":\"https:\\\/\\\/patagoniambiental.com.ar\\\/info\\\/#\\\/schema\\\/person\\\/db12bff64bbcbf6a253710bf0ea37b5d\"},\"headline\":\"Plan de forestaci\u00f3n de Lu\u00eds Beltr\u00e1n en marcha\",\"datePublished\":\"2017-08-31T22:00:14+00:00\",\"mainEntityOfPage\":{\"@id\":\"https:\\\/\\\/patagoniambiental.com.ar\\\/info\\\/plan-de-forestacion-de-luis-beltran-en-marcha\\\/\"},\"wordCount\":213,\"commentCount\":0,\"publisher\":{\"@id\":\"https:\\\/\\\/patagoniambiental.com.ar\\\/info\\\/#organization\"},\"image\":{\"@id\":\"https:\\\/\\\/patagoniambiental.com.ar\\\/info\\\/plan-de-forestacion-de-luis-beltran-en-marcha\\\/#primaryimage\"},\"thumbnailUrl\":\"https:\\\/\\\/patagoniambiental.com.ar\\\/info\\\/wp-content\\\/uploads\\\/2017\\\/08\\\/21034619_840943892753718_5295346364131223875_n.jpg\",\"articleSection\":[\"Municipales\",\"Noticias\"],\"inLanguage\":\"es\",\"potentialAction\":[{\"@type\":\"CommentAction\",\"name\":\"Comment\",\"target\":[\"https:\\\/\\\/patagoniambiental.com.ar\\\/info\\\/plan-de-forestacion-de-luis-beltran-en-marcha\\\/#respond\"]}]},{\"@type\":\"WebPage\",\"@id\":\"https:\\\/\\\/patagoniambiental.com.ar\\\/info\\\/plan-de-forestacion-de-luis-beltran-en-marcha\\\/\",\"url\":\"https:\\\/\\\/patagoniambiental.com.ar\\\/info\\\/plan-de-forestacion-de-luis-beltran-en-marcha\\\/\",\"name\":\"Plan de forestaci\u00f3n de Lu\u00eds Beltr\u00e1n en marcha\",\"isPartOf\":{\"@id\":\"https:\\\/\\\/patagoniambiental.com.ar\\\/info\\\/#website\"},\"primaryImageOfPage\":{\"@id\":\"https:\\\/\\\/patagoniambiental.com.ar\\\/info\\\/plan-de-forestacion-de-luis-beltran-en-marcha\\\/#primaryimage\"},\"image\":{\"@id\":\"https:\\\/\\\/patagoniambiental.com.ar\\\/info\\\/plan-de-forestacion-de-luis-beltran-en-marcha\\\/#primaryimage\"},\"thumbnailUrl\":\"https:\\\/\\\/patagoniambiental.com.ar\\\/info\\\/wp-content\\\/uploads\\\/2017\\\/08\\\/21034619_840943892753718_5295346364131223875_n.jpg\",\"datePublished\":\"2017-08-31T22:00:14+00:00\",\"breadcrumb\":{\"@id\":\"https:\\\/\\\/patagoniambiental.com.ar\\\/info\\\/plan-de-forestacion-de-luis-beltran-en-marcha\\\/#breadcrumb\"},\"inLanguage\":\"es\",\"potentialAction\":[{\"@type\":\"ReadAction\",\"target\":[\"https:\\\/\\\/patagoniambiental.com.ar\\\/info\\\/plan-de-forestacion-de-luis-beltran-en-marcha\\\/\"]}]},{\"@type\":\"ImageObject\",\"inLanguage\":\"es\",\"@id\":\"https:\\\/\\\/patagoniambiental.com.ar\\\/info\\\/plan-de-forestacion-de-luis-beltran-en-marcha\\\/#primaryimage\",\"url\":\"https:\\\/\\\/patagoniambiental.com.ar\\\/info\\\/wp-content\\\/uploads\\\/2017\\\/08\\\/21034619_840943892753718_5295346364131223875_n.jpg\",\"contentUrl\":\"https:\\\/\\\/patagoniambiental.com.ar\\\/info\\\/wp-content\\\/uploads\\\/2017\\\/08\\\/21034619_840943892753718_5295346364131223875_n.jpg\",\"width\":480,\"height\":360},{\"@type\":\"BreadcrumbList\",\"@id\":\"https:\\\/\\\/patagoniambiental.com.ar\\\/info\\\/plan-de-forestacion-de-luis-beltran-en-marcha\\\/#breadcrumb\",\"itemListElement\":[{\"@type\":\"ListItem\",\"position\":1,\"name\":\"Inicio\",\"item\":\"https:\\\/\\\/patagoniambiental.com.ar\\\/info\\\/\"},{\"@type\":\"ListItem\",\"position\":2,\"name\":\"Plan de forestaci\u00f3n de Lu\u00eds Beltr\u00e1n en marcha\"}]},{\"@type\":\"WebSite\",\"@id\":\"https:\\\/\\\/patagoniambiental.com.ar\\\/info\\\/#website\",\"url\":\"https:\\\/\\\/patagoniambiental.com.ar\\\/info\\\/\",\"name\":\"Patagonia Ambiental\",\"description\":\"Monitoreo y an\u00e1lisis de la situaci\u00f3n geopol\u00edtica en el mundo y su implicancia en la Patagonia\",\"publisher\":{\"@id\":\"https:\\\/\\\/patagoniambiental.com.ar\\\/info\\\/#organization\"},\"potentialAction\":[{\"@type\":\"SearchAction\",\"target\":{\"@type\":\"EntryPoint\",\"urlTemplate\":\"https:\\\/\\\/patagoniambiental.com.ar\\\/info\\\/?s={search_term_string}\"},\"query-input\":{\"@type\":\"PropertyValueSpecification\",\"valueRequired\":true,\"valueName\":\"search_term_string\"}}],\"inLanguage\":\"es\"},{\"@type\":\"Organization\",\"@id\":\"https:\\\/\\\/patagoniambiental.com.ar\\\/info\\\/#organization\",\"name\":\"Patagonia Ambiental\",\"url\":\"https:\\\/\\\/patagoniambiental.com.ar\\\/info\\\/\",\"logo\":{\"@type\":\"ImageObject\",\"inLanguage\":\"es\",\"@id\":\"https:\\\/\\\/patagoniambiental.com.ar\\\/info\\\/#\\\/schema\\\/logo\\\/image\\\/\",\"url\":\"https:\\\/\\\/patagoniambiental.com.ar\\\/info\\\/wp-content\\\/uploads\\\/2025\\\/05\\\/LOGO-PATAGONIA-AMBIENTAL.png\",\"contentUrl\":\"https:\\\/\\\/patagoniambiental.com.ar\\\/info\\\/wp-content\\\/uploads\\\/2025\\\/05\\\/LOGO-PATAGONIA-AMBIENTAL.png\",\"width\":433,\"height\":250,\"caption\":\"Patagonia Ambiental\"},\"image\":{\"@id\":\"https:\\\/\\\/patagoniambiental.com.ar\\\/info\\\/#\\\/schema\\\/logo\\\/image\\\/\"},\"sameAs\":[\"https:\\\/\\\/www.facebook.com\\\/patagonia.ambiental\",\"https:\\\/\\\/x.com\\\/PatAmb\"]},{\"@type\":\"Person\",\"@id\":\"https:\\\/\\\/patagoniambiental.com.ar\\\/info\\\/#\\\/schema\\\/person\\\/db12bff64bbcbf6a253710bf0ea37b5d\",\"name\":\"Patagonia Ambiental\",\"description\":\"Andr\u00e9s Nievas T\u00e9cnico en manejo ambiental, consultor Ambiental y escritor para medios locales e internacionales sobre temas de geopolitica y medio ambiente.\",\"sameAs\":[\"http:\\\/\\\/www.patagoniambiental.com.ar\",\"https:\\\/\\\/www.facebook.com\\\/share\\\/1C1V8Gv9BX\\\/?mibextid=qi2Omg\",\"@patagoniambiental\",\"https:\\\/\\\/youtube.com\\\/@patagoniaambiental2023?si=BLt58t0wuXquxlYZ\"]}]}<\/script>\n<!-- \/ Yoast SEO Premium plugin. -->","yoast_head_json":{"title":"Plan de forestaci\u00f3n de Lu\u00eds Beltr\u00e1n en marcha","robots":{"index":"index","follow":"follow","max-snippet":"max-snippet:-1","max-image-preview":"max-image-preview:large","max-video-preview":"max-video-preview:-1"},"canonical":"https:\/\/patagoniambiental.com.ar\/info\/plan-de-forestacion-de-luis-beltran-en-marcha\/","og_locale":"es_ES","og_type":"article","og_title":"Plan de forestaci\u00f3n de Lu\u00eds Beltr\u00e1n en marcha","og_description":"Lu\u00eds Beltr\u00e1n.-La semana pasada , trabajadores municipales comenzaron las excavaciones para la colocaci\u00f3n de los nuevos arbolitos en los espacios [&hellip;]","og_url":"https:\/\/patagoniambiental.com.ar\/info\/plan-de-forestacion-de-luis-beltran-en-marcha\/","og_site_name":"Patagonia Ambiental","article_publisher":"https:\/\/www.facebook.com\/patagonia.ambiental","article_author":"https:\/\/www.facebook.com\/share\/1C1V8Gv9BX\/?mibextid=qi2Omg","article_published_time":"2017-08-31T22:00:14+00:00","og_image":[{"width":480,"height":360,"url":"https:\/\/patagoniambiental.com.ar\/info\/wp-content\/uploads\/2017\/08\/21034619_840943892753718_5295346364131223875_n.jpg","type":"image\/jpeg"}],"author":"Patagonia Ambiental","twitter_card":"summary_large_image","twitter_creator":"@PatAmb","twitter_site":"@PatAmb","schema":{"@context":"https:\/\/schema.org","@graph":[{"@type":"Article","@id":"https:\/\/patagoniambiental.com.ar\/info\/plan-de-forestacion-de-luis-beltran-en-marcha\/#article","isPartOf":{"@id":"https:\/\/patagoniambiental.com.ar\/info\/plan-de-forestacion-de-luis-beltran-en-marcha\/"},"author":{"name":"Patagonia Ambiental","@id":"https:\/\/patagoniambiental.com.ar\/info\/#\/schema\/person\/db12bff64bbcbf6a253710bf0ea37b5d"},"headline":"Plan de forestaci\u00f3n de Lu\u00eds Beltr\u00e1n en marcha","datePublished":"2017-08-31T22:00:14+00:00","mainEntityOfPage":{"@id":"https:\/\/patagoniambiental.com.ar\/info\/plan-de-forestacion-de-luis-beltran-en-marcha\/"},"wordCount":213,"commentCount":0,"publisher":{"@id":"https:\/\/patagoniambiental.com.ar\/info\/#organization"},"image":{"@id":"https:\/\/patagoniambiental.com.ar\/info\/plan-de-forestacion-de-luis-beltran-en-marcha\/#primaryimage"},"thumbnailUrl":"https:\/\/patagoniambiental.com.ar\/info\/wp-content\/uploads\/2017\/08\/21034619_840943892753718_5295346364131223875_n.jpg","articleSection":["Municipales","Noticias"],"inLanguage":"es","potentialAction":[{"@type":"CommentAction","name":"Comment","target":["https:\/\/patagoniambiental.com.ar\/info\/plan-de-forestacion-de-luis-beltran-en-marcha\/#respond"]}]},{"@type":"WebPage","@id":"https:\/\/patagoniambiental.com.ar\/info\/plan-de-forestacion-de-luis-beltran-en-marcha\/","url":"https:\/\/patagoniambiental.com.ar\/info\/plan-de-forestacion-de-luis-beltran-en-marcha\/","name":"Plan de forestaci\u00f3n de Lu\u00eds Beltr\u00e1n en marcha","isPartOf":{"@id":"https:\/\/patagoniambiental.com.ar\/info\/#website"},"primaryImageOfPage":{"@id":"https:\/\/patagoniambiental.com.ar\/info\/plan-de-forestacion-de-luis-beltran-en-marcha\/#primaryimage"},"image":{"@id":"https:\/\/patagoniambiental.com.ar\/info\/plan-de-forestacion-de-luis-beltran-en-marcha\/#primaryimage"},"thumbnailUrl":"https:\/\/patagoniambiental.com.ar\/info\/wp-content\/uploads\/2017\/08\/21034619_840943892753718_5295346364131223875_n.jpg","datePublished":"2017-08-31T22:00:14+00:00","breadcrumb":{"@id":"https:\/\/patagoniambiental.com.ar\/info\/plan-de-forestacion-de-luis-beltran-en-marcha\/#breadcrumb"},"inLanguage":"es","potentialAction":[{"@type":"ReadAction","target":["https:\/\/patagoniambiental.com.ar\/info\/plan-de-forestacion-de-luis-beltran-en-marcha\/"]}]},{"@type":"ImageObject","inLanguage":"es","@id":"https:\/\/patagoniambiental.com.ar\/info\/plan-de-forestacion-de-luis-beltran-en-marcha\/#primaryimage","url":"https:\/\/patagoniambiental.com.ar\/info\/wp-content\/uploads\/2017\/08\/21034619_840943892753718_5295346364131223875_n.jpg","contentUrl":"https:\/\/patagoniambiental.com.ar\/info\/wp-content\/uploads\/2017\/08\/21034619_840943892753718_5295346364131223875_n.jpg","width":480,"height":360},{"@type":"BreadcrumbList","@id":"https:\/\/patagoniambiental.com.ar\/info\/plan-de-forestacion-de-luis-beltran-en-marcha\/#breadcrumb","itemListElement":[{"@type":"ListItem","position":1,"name":"Inicio","item":"https:\/\/patagoniambiental.com.ar\/info\/"},{"@type":"ListItem","position":2,"name":"Plan de forestaci\u00f3n de Lu\u00eds Beltr\u00e1n en marcha"}]},{"@type":"WebSite","@id":"https:\/\/patagoniambiental.com.ar\/info\/#website","url":"https:\/\/patagoniambiental.com.ar\/info\/","name":"Patagonia Ambiental","description":"Monitoreo y an\u00e1lisis de la situaci\u00f3n geopol\u00edtica en el mundo y su implicancia en la Patagonia","publisher":{"@id":"https:\/\/patagoniambiental.com.ar\/info\/#organization"},"potentialAction":[{"@type":"SearchAction","target":{"@type":"EntryPoint","urlTemplate":"https:\/\/patagoniambiental.com.ar\/info\/?s={search_term_string}"},"query-input":{"@type":"PropertyValueSpecification","valueRequired":true,"valueName":"search_term_string"}}],"inLanguage":"es"},{"@type":"Organization","@id":"https:\/\/patagoniambiental.com.ar\/info\/#organization","name":"Patagonia Ambiental","url":"https:\/\/patagoniambiental.com.ar\/info\/","logo":{"@type":"ImageObject","inLanguage":"es","@id":"https:\/\/patagoniambiental.com.ar\/info\/#\/schema\/logo\/image\/","url":"https:\/\/patagoniambiental.com.ar\/info\/wp-content\/uploads\/2025\/05\/LOGO-PATAGONIA-AMBIENTAL.png","contentUrl":"https:\/\/patagoniambiental.com.ar\/info\/wp-content\/uploads\/2025\/05\/LOGO-PATAGONIA-AMBIENTAL.png","width":433,"height":250,"caption":"Patagonia Ambiental"},"image":{"@id":"https:\/\/patagoniambiental.com.ar\/info\/#\/schema\/logo\/image\/"},"sameAs":["https:\/\/www.facebook.com\/patagonia.ambiental","https:\/\/x.com\/PatAmb"]},{"@type":"Person","@id":"https:\/\/patagoniambiental.com.ar\/info\/#\/schema\/person\/db12bff64bbcbf6a253710bf0ea37b5d","name":"Patagonia Ambiental","description":"Andr\u00e9s Nievas T\u00e9cnico en manejo ambiental, consultor Ambiental y escritor para medios locales e internacionales sobre temas de geopolitica y medio ambiente.","sameAs":["http:\/\/www.patagoniambiental.com.ar","https:\/\/www.facebook.com\/share\/1C1V8Gv9BX\/?mibextid=qi2Omg","@patagoniambiental","https:\/\/youtube.com\/@patagoniaambiental2023?si=BLt58t0wuXquxlYZ"]}]}},"_links":{"self":[{"href":"https:\/\/patagoniambiental.com.ar\/info\/wp-json\/wp\/v2\/posts\/34178","targetHints":{"allow":["GET"]}}],"collection":[{"href":"https:\/\/patagoniambiental.com.ar\/info\/wp-json\/wp\/v2\/posts"}],"about":[{"href":"https:\/\/patagoniambiental.com.ar\/info\/wp-json\/wp\/v2\/types\/post"}],"author":[{"embeddable":true,"href":"https:\/\/patagoniambiental.com.ar\/info\/wp-json\/wp\/v2\/users\/2"}],"replies":[{"embeddable":true,"href":"https:\/\/patagoniambiental.com.ar\/info\/wp-json\/wp\/v2\/comments?post=34178"}],"version-history":[{"count":0,"href":"https:\/\/patagoniambiental.com.ar\/info\/wp-json\/wp\/v2\/posts\/34178\/revisions"}],"wp:featuredmedia":[{"embeddable":true,"href":"https:\/\/patagoniambiental.com.ar\/info\/wp-json\/wp\/v2\/media\/34179"}],"wp:attachment":[{"href":"https:\/\/patagoniambiental.com.ar\/info\/wp-json\/wp\/v2\/media?parent=34178"}],"wp:term":[{"taxonomy":"category","embeddable":true,"href":"https:\/\/patagoniambiental.com.ar\/info\/wp-json\/wp\/v2\/categories?post=34178"},{"taxonomy":"post_tag","embeddable":true,"href":"https:\/\/patagoniambiental.com.ar\/info\/wp-json\/wp\/v2\/tags?post=34178"}],"curies":[{"name":"wp","href":"https:\/\/api.w.org\/{rel}","templated":true}]}}