{"id":34229,"date":"2017-09-01T19:00:36","date_gmt":"2017-09-01T22:00:36","guid":{"rendered":"http:\/\/patagoniambiental.com.ar\/info\/?p=34229"},"modified":"2017-09-01T17:29:02","modified_gmt":"2017-09-01T20:29:02","slug":"municipio-de-bariloche-firmo-un-convenio-para-la-conservacion-del-ambiente","status":"publish","type":"post","link":"https:\/\/patagoniambiental.com.ar\/info\/municipio-de-bariloche-firmo-un-convenio-para-la-conservacion-del-ambiente\/","title":{"rendered":"Municipio de Bariloche firm\u00f3 un convenio para la conservaci\u00f3n del ambiente"},"content":{"rendered":"<div class=\"copete_individual_noticia\">Bariloche.-El objetivo principal ser\u00e1 \u00abelevar la calidad de vida de la poblaci\u00f3n\u00bb.<\/div>\n<p><!--more--><\/p>\n<div class=\"contenido_individual_noticia\">\n<p>Este mi\u00e9rcoles se llev\u00f3 a cabo la firma un convenio de cooperaci\u00f3n entre el municipio y la Fundaci\u00f3n Bariloche. Ambas instituciones impulsan la preservaci\u00f3n y conservaci\u00f3n del ambiente y el aprovechamiento de sus recursos.<\/p>\n<p>Participaron de la r\u00fabrica el subsecretario de Medio Ambiente Carlos Beros, el presidente del Concejo Municipal Diego Ben\u00edtez, el presidente de la Fundaci\u00f3n Bariloche Nicol\u00e1s Di Sbroiavacca y Carlos Alberto Abaler\u00f3n encargado de la Direcci\u00f3n del Departamento de Pol\u00edtica y Desarrollo Integrado de la Fundaci\u00f3n Bariloche.<\/p>\n<p>Dentro del marco de la carta org\u00e1nica de Bariloche y de las gestiones ambientales y sociales que impulsa el Municipio, el planeamiento estrat\u00e9gico tiene como objetivo central el trazado de pol\u00edticas orientadas al desarrollo humano en sus aspectos sociales, econ\u00f3micos y ambientales.<\/p>\n<p>En este marco, el convenio tiene como objeto dejar establecido entre ambas partes una relaci\u00f3n de cooperaci\u00f3n mutua para la realizaci\u00f3n de actividades conjuntas que contribuyan al Desarrollo Integrado destinado a elevar la Calidad de Vida de la totalidad de su poblaci\u00f3n.<\/p>\n<p>Carlos Beros, subsecretario de Medio Ambiente del municipio adelant\u00f3 que el primer acuerdo entre ambas instituciones, que ya est\u00e1 en fase de inicio, es \u201cla ejecuci\u00f3n de un plano geomorfol\u00f3gico geol\u00f3gico de la ciudad y alrededores, que va a ser la base para la planificaci\u00f3n, a nueva escala y actualizada, de la totalidad de los planes de la Municipalidad\u201d.<\/p>\n<p>Asimismo el titular municipal de Medioambiente agradeci\u00f3 especialmente \u201cla predisposici\u00f3n y buena voluntad de la Fundaci\u00f3n\u201d y resalt\u00f3 \u201cla importancia que tiene que instituciones locales est\u00e9n relacionadas con el Estado municipal para llevar adelante proyectos de mucha trascendencia que tenemos por delante, en t\u00e9rminos de conservaci\u00f3n, preservaci\u00f3n, eficiencia energ\u00e9tica, programas de calidad de vida, todo un abanico de escenarios en los que podemos colaborar con esta sinergia entre la Municipalidad y la Fundaci\u00f3n\u201d.<\/p>\n<p>Por su parte, el presidente de la Fundaci\u00f3n Bariloche se\u00f1al\u00f3 que \u201ceste convenio lo que hace es formalizar tantos a\u00f1os de colaboraci\u00f3n\u201d entre esta instituci\u00f3n acad\u00e9mica y el Municipio. Destac\u00f3 que el estudio geomorfol\u00f3gico contemplado como primera acci\u00f3n conjunta tras este acuerdo estar\u00e1 a cargo de Jorge Rabassa, \u201cun ge\u00f3logo que se form\u00f3 en Bariloche en la Fundaci\u00f3n Bariloche, quien hizo el primer mapa geomorfol\u00f3gico de la ciudad y sus alrededores\u201d.<\/p>\n<p>Nicol\u00e1s Di Sbroiavacca valor\u00f3 que \u201cas\u00ed como ahora trabajamos en estas \u00e1reas, seguramente surgir\u00e1n otras, y nuestra intenci\u00f3n es que esta sea la primera de muchas iniciativas de colaboraci\u00f3n entre ambas instituciones\u201d.<\/p>\n<p>Es importante mencionar que dentro del marco de la Subsecretar\u00eda de Medio Ambiente, se prev\u00e9e la generaci\u00f3n de una base geol\u00f3gico-geomorfol\u00f3gica del \u00e1rea Nahuel Huapi y ejido de San Carlos de Bariloche a realizar por Jorge Rabassa (Fundaci\u00f3n Bariloche).<\/p>\n<p>Para ello resulta de vital importancia contar con un registro unificado en t\u00e9rminos de mapa-base geol\u00f3gico-geomorfol\u00f3gico que permitan tomar decisiones acerca de la preservaci\u00f3n y conservaci\u00f3n del ambiente y el aprovechamiento de sus recursos, como as\u00ed tambi\u00e9n el desarrollo de metodolog\u00edas de evaluaci\u00f3n de tem\u00e1ticas actuales y necesarias como elevar la Calidad de Vida, alcanzar la eficiencia energ\u00e9tica y adaptarse al cambio clim\u00e1tico; todas ellas de fundamental importancia para la evoluci\u00f3n de la ciudad.<\/p>\n<p>Los objetivos de este proyecto son crear una base geol\u00f3gico-geomorfol\u00f3gico depurada de toda la informaci\u00f3n prexistente para el \u00e1rea. Adem\u00e1s de realizar un mapa geomorfol\u00f3gico normalizado que sirva de referencia para la planificaci\u00f3n estrat\u00e9gica del territorio. Y contribuir al Desarrollo Integrado destinado a elevar la Calidad de Vida de la totalidad de la poblaci\u00f3n, conjuntamente con la recuperaci\u00f3n y la conservaci\u00f3n del ambiente natural y construido, previendo estrategias de mitigaci\u00f3n de impactos negativos en \u00e1reas geol\u00f3gicamente sensibles.<\/p>\n<p>Fuente:\u00a0https:\/\/www.anbariloche.com.ar\/noticias\/2017\/08\/30\/60314-municipio-firmo-un-convenio-para-la-conservacion-del-ambiente<\/p>\n<\/div>\n","protected":false},"excerpt":{"rendered":"<p>Bariloche.-El objetivo principal ser\u00e1 \u00abelevar la calidad de vida de la poblaci\u00f3n\u00bb.<\/p>\n","protected":false},"author":2,"featured_media":34230,"comment_status":"open","ping_status":"open","sticky":false,"template":"","format":"standard","meta":{"site-sidebar-layout":"default","site-content-layout":"","ast-site-content-layout":"default","site-content-style":"default","site-sidebar-style":"default","ast-global-header-display":"","ast-banner-title-visibility":"","ast-main-header-display":"","ast-hfb-above-header-display":"","ast-hfb-below-header-display":"","ast-hfb-mobile-header-display":"","site-post-title":"","ast-breadcrumbs-content":"","ast-featured-img":"","footer-sml-layout":"","ast-disable-related-posts":"","theme-transparent-header-meta":"","adv-header-id-meta":"","stick-header-meta":"","header-above-stick-meta":"","header-main-stick-meta":"","header-below-stick-meta":"","astra-migrate-meta-layouts":"default","ast-page-background-enabled":"default","ast-page-background-meta":{"desktop":{"background-color":"var(--ast-global-color-5)","background-image":"","background-repeat":"repeat","background-position":"center center","background-size":"auto","background-attachment":"scroll","background-type":"","background-media":"","overlay-type":"","overlay-color":"","overlay-opacity":"","overlay-gradient":""},"tablet":{"background-color":"","background-image":"","background-repeat":"repeat","background-position":"center center","background-size":"auto","background-attachment":"scroll","background-type":"","background-media":"","overlay-type":"","overlay-color":"","overlay-opacity":"","overlay-gradient":""},"mobile":{"background-color":"","background-image":"","background-repeat":"repeat","background-position":"center center","background-size":"auto","background-attachment":"scroll","background-type":"","background-media":"","overlay-type":"","overlay-color":"","overlay-opacity":"","overlay-gradient":""}},"ast-content-background-meta":{"desktop":{"background-color":"var(--ast-global-color-4)","background-image":"","background-repeat":"repeat","background-position":"center center","background-size":"auto","background-attachment":"scroll","background-type":"","background-media":"","overlay-type":"","overlay-color":"","overlay-opacity":"","overlay-gradient":""},"tablet":{"background-color":"var(--ast-global-color-4)","background-image":"","background-repeat":"repeat","background-position":"center center","background-size":"auto","background-attachment":"scroll","background-type":"","background-media":"","overlay-type":"","overlay-color":"","overlay-opacity":"","overlay-gradient":""},"mobile":{"background-color":"var(--ast-global-color-4)","background-image":"","background-repeat":"repeat","background-position":"center center","background-size":"auto","background-attachment":"scroll","background-type":"","background-media":"","overlay-type":"","overlay-color":"","overlay-opacity":"","overlay-gradient":""}},"footnotes":""},"categories":[16,1],"tags":[],"class_list":["post-34229","post","type-post","status-publish","format-standard","has-post-thumbnail","hentry","category-municipales","category-noticias"],"yoast_head":"<!-- This site is optimized with the Yoast SEO Premium plugin v23.0 (Yoast SEO v27.4) - https:\/\/yoast.com\/product\/yoast-seo-premium-wordpress\/ -->\n<title>Municipio de Bariloche firm\u00f3 un convenio para la conservaci\u00f3n del ambiente<\/title>\n<meta name=\"robots\" content=\"index, follow, max-snippet:-1, max-image-preview:large, max-video-preview:-1\" \/>\n<link rel=\"canonical\" href=\"https:\/\/patagoniambiental.com.ar\/info\/municipio-de-bariloche-firmo-un-convenio-para-la-conservacion-del-ambiente\/\" \/>\n<meta property=\"og:locale\" content=\"es_ES\" \/>\n<meta property=\"og:type\" content=\"article\" \/>\n<meta property=\"og:title\" content=\"Municipio de Bariloche firm\u00f3 un convenio para la conservaci\u00f3n del ambiente\" \/>\n<meta property=\"og:description\" content=\"Bariloche.-El objetivo principal ser\u00e1 \u00abelevar la calidad de vida de la poblaci\u00f3n\u00bb.\" \/>\n<meta property=\"og:url\" content=\"https:\/\/patagoniambiental.com.ar\/info\/municipio-de-bariloche-firmo-un-convenio-para-la-conservacion-del-ambiente\/\" \/>\n<meta property=\"og:site_name\" content=\"Patagonia Ambiental\" \/>\n<meta property=\"article:publisher\" content=\"https:\/\/www.facebook.com\/patagonia.ambiental\" \/>\n<meta property=\"article:author\" content=\"https:\/\/www.facebook.com\/share\/1C1V8Gv9BX\/?mibextid=qi2Omg\" \/>\n<meta property=\"article:published_time\" content=\"2017-09-01T22:00:36+00:00\" \/>\n<meta property=\"og:image\" content=\"https:\/\/patagoniambiental.com.ar\/info\/wp-content\/uploads\/2017\/09\/2017083001391347610e475c8564a3acd7a46f417ec35b_med.jpg\" \/>\n\t<meta property=\"og:image:width\" content=\"700\" \/>\n\t<meta property=\"og:image:height\" content=\"466\" \/>\n\t<meta property=\"og:image:type\" content=\"image\/jpeg\" \/>\n<meta name=\"author\" content=\"Patagonia Ambiental\" \/>\n<meta name=\"twitter:card\" content=\"summary_large_image\" \/>\n<meta name=\"twitter:creator\" content=\"@PatAmb\" \/>\n<meta name=\"twitter:site\" content=\"@PatAmb\" \/>\n<script type=\"application\/ld+json\" class=\"yoast-schema-graph\">{\"@context\":\"https:\\\/\\\/schema.org\",\"@graph\":[{\"@type\":\"Article\",\"@id\":\"https:\\\/\\\/patagoniambiental.com.ar\\\/info\\\/municipio-de-bariloche-firmo-un-convenio-para-la-conservacion-del-ambiente\\\/#article\",\"isPartOf\":{\"@id\":\"https:\\\/\\\/patagoniambiental.com.ar\\\/info\\\/municipio-de-bariloche-firmo-un-convenio-para-la-conservacion-del-ambiente\\\/\"},\"author\":{\"name\":\"Patagonia Ambiental\",\"@id\":\"https:\\\/\\\/patagoniambiental.com.ar\\\/info\\\/#\\\/schema\\\/person\\\/db12bff64bbcbf6a253710bf0ea37b5d\"},\"headline\":\"Municipio de Bariloche firm\u00f3 un convenio para la conservaci\u00f3n del ambiente\",\"datePublished\":\"2017-09-01T22:00:36+00:00\",\"mainEntityOfPage\":{\"@id\":\"https:\\\/\\\/patagoniambiental.com.ar\\\/info\\\/municipio-de-bariloche-firmo-un-convenio-para-la-conservacion-del-ambiente\\\/\"},\"wordCount\":701,\"commentCount\":0,\"publisher\":{\"@id\":\"https:\\\/\\\/patagoniambiental.com.ar\\\/info\\\/#organization\"},\"image\":{\"@id\":\"https:\\\/\\\/patagoniambiental.com.ar\\\/info\\\/municipio-de-bariloche-firmo-un-convenio-para-la-conservacion-del-ambiente\\\/#primaryimage\"},\"thumbnailUrl\":\"https:\\\/\\\/patagoniambiental.com.ar\\\/info\\\/wp-content\\\/uploads\\\/2017\\\/09\\\/2017083001391347610e475c8564a3acd7a46f417ec35b_med.jpg\",\"articleSection\":[\"Municipales\",\"Noticias\"],\"inLanguage\":\"es\",\"potentialAction\":[{\"@type\":\"CommentAction\",\"name\":\"Comment\",\"target\":[\"https:\\\/\\\/patagoniambiental.com.ar\\\/info\\\/municipio-de-bariloche-firmo-un-convenio-para-la-conservacion-del-ambiente\\\/#respond\"]}]},{\"@type\":\"WebPage\",\"@id\":\"https:\\\/\\\/patagoniambiental.com.ar\\\/info\\\/municipio-de-bariloche-firmo-un-convenio-para-la-conservacion-del-ambiente\\\/\",\"url\":\"https:\\\/\\\/patagoniambiental.com.ar\\\/info\\\/municipio-de-bariloche-firmo-un-convenio-para-la-conservacion-del-ambiente\\\/\",\"name\":\"Municipio de Bariloche firm\u00f3 un convenio para la conservaci\u00f3n del ambiente\",\"isPartOf\":{\"@id\":\"https:\\\/\\\/patagoniambiental.com.ar\\\/info\\\/#website\"},\"primaryImageOfPage\":{\"@id\":\"https:\\\/\\\/patagoniambiental.com.ar\\\/info\\\/municipio-de-bariloche-firmo-un-convenio-para-la-conservacion-del-ambiente\\\/#primaryimage\"},\"image\":{\"@id\":\"https:\\\/\\\/patagoniambiental.com.ar\\\/info\\\/municipio-de-bariloche-firmo-un-convenio-para-la-conservacion-del-ambiente\\\/#primaryimage\"},\"thumbnailUrl\":\"https:\\\/\\\/patagoniambiental.com.ar\\\/info\\\/wp-content\\\/uploads\\\/2017\\\/09\\\/2017083001391347610e475c8564a3acd7a46f417ec35b_med.jpg\",\"datePublished\":\"2017-09-01T22:00:36+00:00\",\"breadcrumb\":{\"@id\":\"https:\\\/\\\/patagoniambiental.com.ar\\\/info\\\/municipio-de-bariloche-firmo-un-convenio-para-la-conservacion-del-ambiente\\\/#breadcrumb\"},\"inLanguage\":\"es\",\"potentialAction\":[{\"@type\":\"ReadAction\",\"target\":[\"https:\\\/\\\/patagoniambiental.com.ar\\\/info\\\/municipio-de-bariloche-firmo-un-convenio-para-la-conservacion-del-ambiente\\\/\"]}]},{\"@type\":\"ImageObject\",\"inLanguage\":\"es\",\"@id\":\"https:\\\/\\\/patagoniambiental.com.ar\\\/info\\\/municipio-de-bariloche-firmo-un-convenio-para-la-conservacion-del-ambiente\\\/#primaryimage\",\"url\":\"https:\\\/\\\/patagoniambiental.com.ar\\\/info\\\/wp-content\\\/uploads\\\/2017\\\/09\\\/2017083001391347610e475c8564a3acd7a46f417ec35b_med.jpg\",\"contentUrl\":\"https:\\\/\\\/patagoniambiental.com.ar\\\/info\\\/wp-content\\\/uploads\\\/2017\\\/09\\\/2017083001391347610e475c8564a3acd7a46f417ec35b_med.jpg\",\"width\":700,\"height\":466},{\"@type\":\"BreadcrumbList\",\"@id\":\"https:\\\/\\\/patagoniambiental.com.ar\\\/info\\\/municipio-de-bariloche-firmo-un-convenio-para-la-conservacion-del-ambiente\\\/#breadcrumb\",\"itemListElement\":[{\"@type\":\"ListItem\",\"position\":1,\"name\":\"Inicio\",\"item\":\"https:\\\/\\\/patagoniambiental.com.ar\\\/info\\\/\"},{\"@type\":\"ListItem\",\"position\":2,\"name\":\"Municipio de Bariloche firm\u00f3 un convenio para la conservaci\u00f3n del ambiente\"}]},{\"@type\":\"WebSite\",\"@id\":\"https:\\\/\\\/patagoniambiental.com.ar\\\/info\\\/#website\",\"url\":\"https:\\\/\\\/patagoniambiental.com.ar\\\/info\\\/\",\"name\":\"Patagonia Ambiental\",\"description\":\"Monitoreo y an\u00e1lisis de la situaci\u00f3n geopol\u00edtica en el mundo y su implicancia en la Patagonia\",\"publisher\":{\"@id\":\"https:\\\/\\\/patagoniambiental.com.ar\\\/info\\\/#organization\"},\"potentialAction\":[{\"@type\":\"SearchAction\",\"target\":{\"@type\":\"EntryPoint\",\"urlTemplate\":\"https:\\\/\\\/patagoniambiental.com.ar\\\/info\\\/?s={search_term_string}\"},\"query-input\":{\"@type\":\"PropertyValueSpecification\",\"valueRequired\":true,\"valueName\":\"search_term_string\"}}],\"inLanguage\":\"es\"},{\"@type\":\"Organization\",\"@id\":\"https:\\\/\\\/patagoniambiental.com.ar\\\/info\\\/#organization\",\"name\":\"Patagonia Ambiental\",\"url\":\"https:\\\/\\\/patagoniambiental.com.ar\\\/info\\\/\",\"logo\":{\"@type\":\"ImageObject\",\"inLanguage\":\"es\",\"@id\":\"https:\\\/\\\/patagoniambiental.com.ar\\\/info\\\/#\\\/schema\\\/logo\\\/image\\\/\",\"url\":\"https:\\\/\\\/patagoniambiental.com.ar\\\/info\\\/wp-content\\\/uploads\\\/2025\\\/05\\\/LOGO-PATAGONIA-AMBIENTAL.png\",\"contentUrl\":\"https:\\\/\\\/patagoniambiental.com.ar\\\/info\\\/wp-content\\\/uploads\\\/2025\\\/05\\\/LOGO-PATAGONIA-AMBIENTAL.png\",\"width\":433,\"height\":250,\"caption\":\"Patagonia Ambiental\"},\"image\":{\"@id\":\"https:\\\/\\\/patagoniambiental.com.ar\\\/info\\\/#\\\/schema\\\/logo\\\/image\\\/\"},\"sameAs\":[\"https:\\\/\\\/www.facebook.com\\\/patagonia.ambiental\",\"https:\\\/\\\/x.com\\\/PatAmb\"]},{\"@type\":\"Person\",\"@id\":\"https:\\\/\\\/patagoniambiental.com.ar\\\/info\\\/#\\\/schema\\\/person\\\/db12bff64bbcbf6a253710bf0ea37b5d\",\"name\":\"Patagonia Ambiental\",\"description\":\"Andr\u00e9s Nievas T\u00e9cnico en manejo ambiental, consultor Ambiental y escritor para medios locales e internacionales sobre temas de geopolitica y medio ambiente.\",\"sameAs\":[\"http:\\\/\\\/www.patagoniambiental.com.ar\",\"https:\\\/\\\/www.facebook.com\\\/share\\\/1C1V8Gv9BX\\\/?mibextid=qi2Omg\",\"@patagoniambiental\",\"https:\\\/\\\/youtube.com\\\/@patagoniaambiental2023?si=BLt58t0wuXquxlYZ\"]}]}<\/script>\n<!-- \/ Yoast SEO Premium plugin. -->","yoast_head_json":{"title":"Municipio de Bariloche firm\u00f3 un convenio para la conservaci\u00f3n del ambiente","robots":{"index":"index","follow":"follow","max-snippet":"max-snippet:-1","max-image-preview":"max-image-preview:large","max-video-preview":"max-video-preview:-1"},"canonical":"https:\/\/patagoniambiental.com.ar\/info\/municipio-de-bariloche-firmo-un-convenio-para-la-conservacion-del-ambiente\/","og_locale":"es_ES","og_type":"article","og_title":"Municipio de Bariloche firm\u00f3 un convenio para la conservaci\u00f3n del ambiente","og_description":"Bariloche.-El objetivo principal ser\u00e1 \u00abelevar la calidad de vida de la poblaci\u00f3n\u00bb.","og_url":"https:\/\/patagoniambiental.com.ar\/info\/municipio-de-bariloche-firmo-un-convenio-para-la-conservacion-del-ambiente\/","og_site_name":"Patagonia Ambiental","article_publisher":"https:\/\/www.facebook.com\/patagonia.ambiental","article_author":"https:\/\/www.facebook.com\/share\/1C1V8Gv9BX\/?mibextid=qi2Omg","article_published_time":"2017-09-01T22:00:36+00:00","og_image":[{"width":700,"height":466,"url":"https:\/\/patagoniambiental.com.ar\/info\/wp-content\/uploads\/2017\/09\/2017083001391347610e475c8564a3acd7a46f417ec35b_med.jpg","type":"image\/jpeg"}],"author":"Patagonia Ambiental","twitter_card":"summary_large_image","twitter_creator":"@PatAmb","twitter_site":"@PatAmb","schema":{"@context":"https:\/\/schema.org","@graph":[{"@type":"Article","@id":"https:\/\/patagoniambiental.com.ar\/info\/municipio-de-bariloche-firmo-un-convenio-para-la-conservacion-del-ambiente\/#article","isPartOf":{"@id":"https:\/\/patagoniambiental.com.ar\/info\/municipio-de-bariloche-firmo-un-convenio-para-la-conservacion-del-ambiente\/"},"author":{"name":"Patagonia Ambiental","@id":"https:\/\/patagoniambiental.com.ar\/info\/#\/schema\/person\/db12bff64bbcbf6a253710bf0ea37b5d"},"headline":"Municipio de Bariloche firm\u00f3 un convenio para la conservaci\u00f3n del ambiente","datePublished":"2017-09-01T22:00:36+00:00","mainEntityOfPage":{"@id":"https:\/\/patagoniambiental.com.ar\/info\/municipio-de-bariloche-firmo-un-convenio-para-la-conservacion-del-ambiente\/"},"wordCount":701,"commentCount":0,"publisher":{"@id":"https:\/\/patagoniambiental.com.ar\/info\/#organization"},"image":{"@id":"https:\/\/patagoniambiental.com.ar\/info\/municipio-de-bariloche-firmo-un-convenio-para-la-conservacion-del-ambiente\/#primaryimage"},"thumbnailUrl":"https:\/\/patagoniambiental.com.ar\/info\/wp-content\/uploads\/2017\/09\/2017083001391347610e475c8564a3acd7a46f417ec35b_med.jpg","articleSection":["Municipales","Noticias"],"inLanguage":"es","potentialAction":[{"@type":"CommentAction","name":"Comment","target":["https:\/\/patagoniambiental.com.ar\/info\/municipio-de-bariloche-firmo-un-convenio-para-la-conservacion-del-ambiente\/#respond"]}]},{"@type":"WebPage","@id":"https:\/\/patagoniambiental.com.ar\/info\/municipio-de-bariloche-firmo-un-convenio-para-la-conservacion-del-ambiente\/","url":"https:\/\/patagoniambiental.com.ar\/info\/municipio-de-bariloche-firmo-un-convenio-para-la-conservacion-del-ambiente\/","name":"Municipio de Bariloche firm\u00f3 un convenio para la conservaci\u00f3n del ambiente","isPartOf":{"@id":"https:\/\/patagoniambiental.com.ar\/info\/#website"},"primaryImageOfPage":{"@id":"https:\/\/patagoniambiental.com.ar\/info\/municipio-de-bariloche-firmo-un-convenio-para-la-conservacion-del-ambiente\/#primaryimage"},"image":{"@id":"https:\/\/patagoniambiental.com.ar\/info\/municipio-de-bariloche-firmo-un-convenio-para-la-conservacion-del-ambiente\/#primaryimage"},"thumbnailUrl":"https:\/\/patagoniambiental.com.ar\/info\/wp-content\/uploads\/2017\/09\/2017083001391347610e475c8564a3acd7a46f417ec35b_med.jpg","datePublished":"2017-09-01T22:00:36+00:00","breadcrumb":{"@id":"https:\/\/patagoniambiental.com.ar\/info\/municipio-de-bariloche-firmo-un-convenio-para-la-conservacion-del-ambiente\/#breadcrumb"},"inLanguage":"es","potentialAction":[{"@type":"ReadAction","target":["https:\/\/patagoniambiental.com.ar\/info\/municipio-de-bariloche-firmo-un-convenio-para-la-conservacion-del-ambiente\/"]}]},{"@type":"ImageObject","inLanguage":"es","@id":"https:\/\/patagoniambiental.com.ar\/info\/municipio-de-bariloche-firmo-un-convenio-para-la-conservacion-del-ambiente\/#primaryimage","url":"https:\/\/patagoniambiental.com.ar\/info\/wp-content\/uploads\/2017\/09\/2017083001391347610e475c8564a3acd7a46f417ec35b_med.jpg","contentUrl":"https:\/\/patagoniambiental.com.ar\/info\/wp-content\/uploads\/2017\/09\/2017083001391347610e475c8564a3acd7a46f417ec35b_med.jpg","width":700,"height":466},{"@type":"BreadcrumbList","@id":"https:\/\/patagoniambiental.com.ar\/info\/municipio-de-bariloche-firmo-un-convenio-para-la-conservacion-del-ambiente\/#breadcrumb","itemListElement":[{"@type":"ListItem","position":1,"name":"Inicio","item":"https:\/\/patagoniambiental.com.ar\/info\/"},{"@type":"ListItem","position":2,"name":"Municipio de Bariloche firm\u00f3 un convenio para la conservaci\u00f3n del ambiente"}]},{"@type":"WebSite","@id":"https:\/\/patagoniambiental.com.ar\/info\/#website","url":"https:\/\/patagoniambiental.com.ar\/info\/","name":"Patagonia Ambiental","description":"Monitoreo y an\u00e1lisis de la situaci\u00f3n geopol\u00edtica en el mundo y su implicancia en la Patagonia","publisher":{"@id":"https:\/\/patagoniambiental.com.ar\/info\/#organization"},"potentialAction":[{"@type":"SearchAction","target":{"@type":"EntryPoint","urlTemplate":"https:\/\/patagoniambiental.com.ar\/info\/?s={search_term_string}"},"query-input":{"@type":"PropertyValueSpecification","valueRequired":true,"valueName":"search_term_string"}}],"inLanguage":"es"},{"@type":"Organization","@id":"https:\/\/patagoniambiental.com.ar\/info\/#organization","name":"Patagonia Ambiental","url":"https:\/\/patagoniambiental.com.ar\/info\/","logo":{"@type":"ImageObject","inLanguage":"es","@id":"https:\/\/patagoniambiental.com.ar\/info\/#\/schema\/logo\/image\/","url":"https:\/\/patagoniambiental.com.ar\/info\/wp-content\/uploads\/2025\/05\/LOGO-PATAGONIA-AMBIENTAL.png","contentUrl":"https:\/\/patagoniambiental.com.ar\/info\/wp-content\/uploads\/2025\/05\/LOGO-PATAGONIA-AMBIENTAL.png","width":433,"height":250,"caption":"Patagonia Ambiental"},"image":{"@id":"https:\/\/patagoniambiental.com.ar\/info\/#\/schema\/logo\/image\/"},"sameAs":["https:\/\/www.facebook.com\/patagonia.ambiental","https:\/\/x.com\/PatAmb"]},{"@type":"Person","@id":"https:\/\/patagoniambiental.com.ar\/info\/#\/schema\/person\/db12bff64bbcbf6a253710bf0ea37b5d","name":"Patagonia Ambiental","description":"Andr\u00e9s Nievas T\u00e9cnico en manejo ambiental, consultor Ambiental y escritor para medios locales e internacionales sobre temas de geopolitica y medio ambiente.","sameAs":["http:\/\/www.patagoniambiental.com.ar","https:\/\/www.facebook.com\/share\/1C1V8Gv9BX\/?mibextid=qi2Omg","@patagoniambiental","https:\/\/youtube.com\/@patagoniaambiental2023?si=BLt58t0wuXquxlYZ"]}]}},"_links":{"self":[{"href":"https:\/\/patagoniambiental.com.ar\/info\/wp-json\/wp\/v2\/posts\/34229","targetHints":{"allow":["GET"]}}],"collection":[{"href":"https:\/\/patagoniambiental.com.ar\/info\/wp-json\/wp\/v2\/posts"}],"about":[{"href":"https:\/\/patagoniambiental.com.ar\/info\/wp-json\/wp\/v2\/types\/post"}],"author":[{"embeddable":true,"href":"https:\/\/patagoniambiental.com.ar\/info\/wp-json\/wp\/v2\/users\/2"}],"replies":[{"embeddable":true,"href":"https:\/\/patagoniambiental.com.ar\/info\/wp-json\/wp\/v2\/comments?post=34229"}],"version-history":[{"count":0,"href":"https:\/\/patagoniambiental.com.ar\/info\/wp-json\/wp\/v2\/posts\/34229\/revisions"}],"wp:featuredmedia":[{"embeddable":true,"href":"https:\/\/patagoniambiental.com.ar\/info\/wp-json\/wp\/v2\/media\/34230"}],"wp:attachment":[{"href":"https:\/\/patagoniambiental.com.ar\/info\/wp-json\/wp\/v2\/media?parent=34229"}],"wp:term":[{"taxonomy":"category","embeddable":true,"href":"https:\/\/patagoniambiental.com.ar\/info\/wp-json\/wp\/v2\/categories?post=34229"},{"taxonomy":"post_tag","embeddable":true,"href":"https:\/\/patagoniambiental.com.ar\/info\/wp-json\/wp\/v2\/tags?post=34229"}],"curies":[{"name":"wp","href":"https:\/\/api.w.org\/{rel}","templated":true}]}}