{"id":34299,"date":"2017-09-04T09:00:10","date_gmt":"2017-09-04T12:00:10","guid":{"rendered":"http:\/\/patagoniambiental.com.ar\/info\/?p=34299"},"modified":"2017-09-03T21:02:27","modified_gmt":"2017-09-04T00:02:27","slug":"medio-ambiente-alerta-critica-la-situacion-del-basural-de-rio-gallegos","status":"publish","type":"post","link":"https:\/\/patagoniambiental.com.ar\/info\/medio-ambiente-alerta-critica-la-situacion-del-basural-de-rio-gallegos\/","title":{"rendered":"Medio ambiente alerta critica la situaci\u00f3n del basural de R\u00edo Gallegos"},"content":{"rendered":"<div class=\"XXtextoNota clearfix\">\n<div align=\"justify\">\n<p>R\u00cdO GALLEGOS.- Desde la cartera provincial ambiental se\u00f1alaron que se realizaron intimaciones a la Municipalidad de R\u00edo Gallegos, en donde se solicit\u00f3 que se arbitren los medios necesarios para adquirir maquinaria, ordenar el vaciadero, tapar los focos \u00edgneos, sin obtener respuestas ni cumplimiento alguno de lo solicitado, por lo cual se iniciaron acciones administrativas que se encuentran en etapa de instrucci\u00f3n.<\/p>\n<p>Desde el a\u00f1o 2015 se encuentra en curso un amparo en la Justicia local que hab\u00eda ordenado a la Municipalidad de R\u00edo Gallegos el ordenamiento del actual vaciadero y la pronta puesta en marcha de la nueva obra de relleno sanitario sobre la ruta a Punta Loyola.<\/p>\n<p>En el \u00faltimo informe elaborado por la Secretar\u00eda de Estado de Ambiente se deja constancia de las irregularidades y el actuar de las autoridades municipales especificando por ejemplo que en todos los sectores del predio se observaron residuos sin tapar y con presencia de vectores de infecci\u00f3n.Se observaron personas ajenas al vaciadero, clasificando y recolectando basura informalmente en distintos sectores del mismo. Asimismo se\u00a0 distinguieron ni\u00f1os y menores de edad realizando recolecci\u00f3n informal de los residuos.<\/p>\n<p>En la \u201czona exclusiva de tr\u00e1nsito para camiones atmosf\u00e9ricos\u201d se visit\u00f3 el sitio espec\u00edfico de vertido de efluentes l\u00edquidos que arrojan los camiones cisterna donde los desechos fluyen hacia la zona de marismas y se pudo verificar que se ha avanzado sobre ella aproximadamente unos 5-10 metros con el agravante de encontrarse un cami\u00f3n atmosf\u00e9rico perteneciente al mismo municipio local vertiendo l\u00edquidos de origen desconocido.<\/p>\n<p>En la fosa destinada a \u201cdecomiso\u201d de alimentos en mal estado provenientes del departamento de Bromatolog\u00eda se constat\u00f3 la presencia de residuos\u00a0 biopatog\u00e9nicos de origen incierto, inciner\u00e1ndose dentro de la misma, pr\u00e1ctica que est\u00e1\u00a0 prohibida por ley.\u00a0 Adem\u00e1s cabe mencionar\u00a0 que\u00a0 la misma deber ser usada exclusivamente para alimentos decomisados.<\/p>\n<p>En el sector de las fosas destinadas a los desechos provenientes de la industria frigor\u00edfica, se visualiz\u00f3 que las tres (3) fosas se encuentran abiertas y con residuos de partes de animales crudas, sin el respectivo tratamiento de cocci\u00f3n para eliminaci\u00f3n de pat\u00f3genos, los cuales estaban siendo faenados por individuos desconocidos y ajenos al lugar, como agravantes en su interior exist\u00edan\u00a0residuos de distinto origen, tales como escombros, maderas, restos de poda, bolsas y restos materiales provenientes\u00a0 del cementerio local (restos de ata\u00fades, coronas mortuorias y lapidas.)<\/p>\n<p>Se observaron varios focos de incendio en distintos sectores del predio y en la periferia del vaciadero, se advirti\u00f3 que el alambrado perimetral se encontraba en condiciones precarias, presentando faltantes y sectores desprovistos de alambre\u00a0 permitiendo que los vecinos ingresen por all\u00ed.<\/p>\n<p>Cabe destacar que la quema constante a cielo abierto de residuos s\u00f3lidos urbanos trae como consecuencia la liberaci\u00f3n de gases tales como Di\u00f3xido de Carbono, Mon\u00f3xido de Carbono, Dioxinas y Furanos, Metales Pesados (plomo, mercurio, cadmio, cromo entre otros), Material Particulado, Di\u00f3xido de Azufre, Ozono.<\/p>\n<p>Los efectos inmediatos a la\u00a0salud producidos por estos contaminantes son ardor en los ojos, irritaci\u00f3n de las v\u00edas respiratorias y exacerbaci\u00f3n del\u00a0asma, entre otros. Existen tambi\u00e9n efectos causados en el mediano y el largo plazo, como enfisema pulmonar,\u00a0c\u00e1ncer, la disrupci\u00f3n endocrina, espina b\u00edfida, malformaciones y alteraciones neuroconductuales, estas \u00faltimas causadas por las dioxinas y los furanos, que son las sustancias m\u00e1s t\u00f3xicas que existen en el planeta, y que se forman durante la combusti\u00f3n de residuos org\u00e1nicos.<\/p>\n<p>Desde la cartera ambiental provincial, indicaron que estas acciones representan serios incumplimientos a la Ley General del Ambiente, la ley 2.658 de Impacto Ambiental de la Provincia de Santa Cruz, la Ley 2.829 de Disposici\u00f3n Final de Residuos S\u00f3lidos Urbanos, Ley 3.163 Ley de Conservaci\u00f3n de las Aves Playeras y Migratorias y Ley 3.133 sobre la Calidad del Aire.<\/p>\n<\/div>\n<\/div>\n<div class=\"votes clearfix\">\u00a0Fuente:\u00a0http:\/\/www.tiemposur.com.ar\/nota\/138248-medio-ambiente-alerta-critica-la-situacion-del-basural<\/div>\n","protected":false},"excerpt":{"rendered":"<p>R\u00cdO GALLEGOS.- Desde la cartera provincial ambiental se\u00f1alaron que se realizaron intimaciones a la Municipalidad de R\u00edo Gallegos, en donde [&hellip;]<\/p>\n","protected":false},"author":2,"featured_media":34300,"comment_status":"open","ping_status":"open","sticky":false,"template":"","format":"standard","meta":{"site-sidebar-layout":"default","site-content-layout":"","ast-site-content-layout":"default","site-content-style":"default","site-sidebar-style":"default","ast-global-header-display":"","ast-banner-title-visibility":"","ast-main-header-display":"","ast-hfb-above-header-display":"","ast-hfb-below-header-display":"","ast-hfb-mobile-header-display":"","site-post-title":"","ast-breadcrumbs-content":"","ast-featured-img":"","footer-sml-layout":"","ast-disable-related-posts":"","theme-transparent-header-meta":"","adv-header-id-meta":"","stick-header-meta":"","header-above-stick-meta":"","header-main-stick-meta":"","header-below-stick-meta":"","astra-migrate-meta-layouts":"default","ast-page-background-enabled":"default","ast-page-background-meta":{"desktop":{"background-color":"var(--ast-global-color-5)","background-image":"","background-repeat":"repeat","background-position":"center center","background-size":"auto","background-attachment":"scroll","background-type":"","background-media":"","overlay-type":"","overlay-color":"","overlay-opacity":"","overlay-gradient":""},"tablet":{"background-color":"","background-image":"","background-repeat":"repeat","background-position":"center center","background-size":"auto","background-attachment":"scroll","background-type":"","background-media":"","overlay-type":"","overlay-color":"","overlay-opacity":"","overlay-gradient":""},"mobile":{"background-color":"","background-image":"","background-repeat":"repeat","background-position":"center center","background-size":"auto","background-attachment":"scroll","background-type":"","background-media":"","overlay-type":"","overlay-color":"","overlay-opacity":"","overlay-gradient":""}},"ast-content-background-meta":{"desktop":{"background-color":"var(--ast-global-color-4)","background-image":"","background-repeat":"repeat","background-position":"center center","background-size":"auto","background-attachment":"scroll","background-type":"","background-media":"","overlay-type":"","overlay-color":"","overlay-opacity":"","overlay-gradient":""},"tablet":{"background-color":"var(--ast-global-color-4)","background-image":"","background-repeat":"repeat","background-position":"center center","background-size":"auto","background-attachment":"scroll","background-type":"","background-media":"","overlay-type":"","overlay-color":"","overlay-opacity":"","overlay-gradient":""},"mobile":{"background-color":"var(--ast-global-color-4)","background-image":"","background-repeat":"repeat","background-position":"center center","background-size":"auto","background-attachment":"scroll","background-type":"","background-media":"","overlay-type":"","overlay-color":"","overlay-opacity":"","overlay-gradient":""}},"footnotes":""},"categories":[16,1],"tags":[],"class_list":["post-34299","post","type-post","status-publish","format-standard","has-post-thumbnail","hentry","category-municipales","category-noticias"],"yoast_head":"<!-- This site is optimized with the Yoast SEO Premium plugin v23.0 (Yoast SEO v27.4) - https:\/\/yoast.com\/product\/yoast-seo-premium-wordpress\/ -->\n<title>Medio ambiente alerta critica la situaci\u00f3n del basural de R\u00edo Gallegos<\/title>\n<meta name=\"robots\" content=\"index, follow, max-snippet:-1, max-image-preview:large, max-video-preview:-1\" \/>\n<link rel=\"canonical\" href=\"https:\/\/patagoniambiental.com.ar\/info\/medio-ambiente-alerta-critica-la-situacion-del-basural-de-rio-gallegos\/\" \/>\n<meta property=\"og:locale\" content=\"es_ES\" \/>\n<meta property=\"og:type\" content=\"article\" \/>\n<meta property=\"og:title\" content=\"Medio ambiente alerta critica la situaci\u00f3n del basural de R\u00edo Gallegos\" \/>\n<meta property=\"og:description\" content=\"R\u00cdO GALLEGOS.- Desde la cartera provincial ambiental se\u00f1alaron que se realizaron intimaciones a la Municipalidad de R\u00edo Gallegos, en donde [&hellip;]\" \/>\n<meta property=\"og:url\" content=\"https:\/\/patagoniambiental.com.ar\/info\/medio-ambiente-alerta-critica-la-situacion-del-basural-de-rio-gallegos\/\" \/>\n<meta property=\"og:site_name\" content=\"Patagonia Ambiental\" \/>\n<meta property=\"article:publisher\" content=\"https:\/\/www.facebook.com\/patagonia.ambiental\" \/>\n<meta property=\"article:author\" content=\"https:\/\/www.facebook.com\/share\/1C1V8Gv9BX\/?mibextid=qi2Omg\" \/>\n<meta property=\"article:published_time\" content=\"2017-09-04T12:00:10+00:00\" \/>\n<meta property=\"og:image\" content=\"https:\/\/patagoniambiental.com.ar\/info\/wp-content\/uploads\/2017\/09\/basural-rio-gallegos.jpg\" \/>\n\t<meta property=\"og:image:width\" content=\"555\" \/>\n\t<meta property=\"og:image:height\" content=\"371\" \/>\n\t<meta property=\"og:image:type\" content=\"image\/jpeg\" \/>\n<meta name=\"author\" content=\"Patagonia Ambiental\" \/>\n<meta name=\"twitter:card\" content=\"summary_large_image\" \/>\n<meta name=\"twitter:creator\" content=\"@PatAmb\" \/>\n<meta name=\"twitter:site\" content=\"@PatAmb\" \/>\n<script type=\"application\/ld+json\" class=\"yoast-schema-graph\">{\"@context\":\"https:\\\/\\\/schema.org\",\"@graph\":[{\"@type\":\"Article\",\"@id\":\"https:\\\/\\\/patagoniambiental.com.ar\\\/info\\\/medio-ambiente-alerta-critica-la-situacion-del-basural-de-rio-gallegos\\\/#article\",\"isPartOf\":{\"@id\":\"https:\\\/\\\/patagoniambiental.com.ar\\\/info\\\/medio-ambiente-alerta-critica-la-situacion-del-basural-de-rio-gallegos\\\/\"},\"author\":{\"name\":\"Patagonia Ambiental\",\"@id\":\"https:\\\/\\\/patagoniambiental.com.ar\\\/info\\\/#\\\/schema\\\/person\\\/db12bff64bbcbf6a253710bf0ea37b5d\"},\"headline\":\"Medio ambiente alerta critica la situaci\u00f3n del basural de R\u00edo Gallegos\",\"datePublished\":\"2017-09-04T12:00:10+00:00\",\"mainEntityOfPage\":{\"@id\":\"https:\\\/\\\/patagoniambiental.com.ar\\\/info\\\/medio-ambiente-alerta-critica-la-situacion-del-basural-de-rio-gallegos\\\/\"},\"wordCount\":677,\"commentCount\":0,\"publisher\":{\"@id\":\"https:\\\/\\\/patagoniambiental.com.ar\\\/info\\\/#organization\"},\"image\":{\"@id\":\"https:\\\/\\\/patagoniambiental.com.ar\\\/info\\\/medio-ambiente-alerta-critica-la-situacion-del-basural-de-rio-gallegos\\\/#primaryimage\"},\"thumbnailUrl\":\"https:\\\/\\\/patagoniambiental.com.ar\\\/info\\\/wp-content\\\/uploads\\\/2017\\\/09\\\/basural-rio-gallegos.jpg\",\"articleSection\":[\"Municipales\",\"Noticias\"],\"inLanguage\":\"es\",\"potentialAction\":[{\"@type\":\"CommentAction\",\"name\":\"Comment\",\"target\":[\"https:\\\/\\\/patagoniambiental.com.ar\\\/info\\\/medio-ambiente-alerta-critica-la-situacion-del-basural-de-rio-gallegos\\\/#respond\"]}]},{\"@type\":\"WebPage\",\"@id\":\"https:\\\/\\\/patagoniambiental.com.ar\\\/info\\\/medio-ambiente-alerta-critica-la-situacion-del-basural-de-rio-gallegos\\\/\",\"url\":\"https:\\\/\\\/patagoniambiental.com.ar\\\/info\\\/medio-ambiente-alerta-critica-la-situacion-del-basural-de-rio-gallegos\\\/\",\"name\":\"Medio ambiente alerta critica la situaci\u00f3n del basural de R\u00edo Gallegos\",\"isPartOf\":{\"@id\":\"https:\\\/\\\/patagoniambiental.com.ar\\\/info\\\/#website\"},\"primaryImageOfPage\":{\"@id\":\"https:\\\/\\\/patagoniambiental.com.ar\\\/info\\\/medio-ambiente-alerta-critica-la-situacion-del-basural-de-rio-gallegos\\\/#primaryimage\"},\"image\":{\"@id\":\"https:\\\/\\\/patagoniambiental.com.ar\\\/info\\\/medio-ambiente-alerta-critica-la-situacion-del-basural-de-rio-gallegos\\\/#primaryimage\"},\"thumbnailUrl\":\"https:\\\/\\\/patagoniambiental.com.ar\\\/info\\\/wp-content\\\/uploads\\\/2017\\\/09\\\/basural-rio-gallegos.jpg\",\"datePublished\":\"2017-09-04T12:00:10+00:00\",\"breadcrumb\":{\"@id\":\"https:\\\/\\\/patagoniambiental.com.ar\\\/info\\\/medio-ambiente-alerta-critica-la-situacion-del-basural-de-rio-gallegos\\\/#breadcrumb\"},\"inLanguage\":\"es\",\"potentialAction\":[{\"@type\":\"ReadAction\",\"target\":[\"https:\\\/\\\/patagoniambiental.com.ar\\\/info\\\/medio-ambiente-alerta-critica-la-situacion-del-basural-de-rio-gallegos\\\/\"]}]},{\"@type\":\"ImageObject\",\"inLanguage\":\"es\",\"@id\":\"https:\\\/\\\/patagoniambiental.com.ar\\\/info\\\/medio-ambiente-alerta-critica-la-situacion-del-basural-de-rio-gallegos\\\/#primaryimage\",\"url\":\"https:\\\/\\\/patagoniambiental.com.ar\\\/info\\\/wp-content\\\/uploads\\\/2017\\\/09\\\/basural-rio-gallegos.jpg\",\"contentUrl\":\"https:\\\/\\\/patagoniambiental.com.ar\\\/info\\\/wp-content\\\/uploads\\\/2017\\\/09\\\/basural-rio-gallegos.jpg\",\"width\":555,\"height\":371},{\"@type\":\"BreadcrumbList\",\"@id\":\"https:\\\/\\\/patagoniambiental.com.ar\\\/info\\\/medio-ambiente-alerta-critica-la-situacion-del-basural-de-rio-gallegos\\\/#breadcrumb\",\"itemListElement\":[{\"@type\":\"ListItem\",\"position\":1,\"name\":\"Inicio\",\"item\":\"https:\\\/\\\/patagoniambiental.com.ar\\\/info\\\/\"},{\"@type\":\"ListItem\",\"position\":2,\"name\":\"Medio ambiente alerta critica la situaci\u00f3n del basural de R\u00edo Gallegos\"}]},{\"@type\":\"WebSite\",\"@id\":\"https:\\\/\\\/patagoniambiental.com.ar\\\/info\\\/#website\",\"url\":\"https:\\\/\\\/patagoniambiental.com.ar\\\/info\\\/\",\"name\":\"Patagonia Ambiental\",\"description\":\"Monitoreo y an\u00e1lisis de la situaci\u00f3n geopol\u00edtica en el mundo y su implicancia en la Patagonia\",\"publisher\":{\"@id\":\"https:\\\/\\\/patagoniambiental.com.ar\\\/info\\\/#organization\"},\"potentialAction\":[{\"@type\":\"SearchAction\",\"target\":{\"@type\":\"EntryPoint\",\"urlTemplate\":\"https:\\\/\\\/patagoniambiental.com.ar\\\/info\\\/?s={search_term_string}\"},\"query-input\":{\"@type\":\"PropertyValueSpecification\",\"valueRequired\":true,\"valueName\":\"search_term_string\"}}],\"inLanguage\":\"es\"},{\"@type\":\"Organization\",\"@id\":\"https:\\\/\\\/patagoniambiental.com.ar\\\/info\\\/#organization\",\"name\":\"Patagonia Ambiental\",\"url\":\"https:\\\/\\\/patagoniambiental.com.ar\\\/info\\\/\",\"logo\":{\"@type\":\"ImageObject\",\"inLanguage\":\"es\",\"@id\":\"https:\\\/\\\/patagoniambiental.com.ar\\\/info\\\/#\\\/schema\\\/logo\\\/image\\\/\",\"url\":\"https:\\\/\\\/patagoniambiental.com.ar\\\/info\\\/wp-content\\\/uploads\\\/2025\\\/05\\\/LOGO-PATAGONIA-AMBIENTAL.png\",\"contentUrl\":\"https:\\\/\\\/patagoniambiental.com.ar\\\/info\\\/wp-content\\\/uploads\\\/2025\\\/05\\\/LOGO-PATAGONIA-AMBIENTAL.png\",\"width\":433,\"height\":250,\"caption\":\"Patagonia Ambiental\"},\"image\":{\"@id\":\"https:\\\/\\\/patagoniambiental.com.ar\\\/info\\\/#\\\/schema\\\/logo\\\/image\\\/\"},\"sameAs\":[\"https:\\\/\\\/www.facebook.com\\\/patagonia.ambiental\",\"https:\\\/\\\/x.com\\\/PatAmb\"]},{\"@type\":\"Person\",\"@id\":\"https:\\\/\\\/patagoniambiental.com.ar\\\/info\\\/#\\\/schema\\\/person\\\/db12bff64bbcbf6a253710bf0ea37b5d\",\"name\":\"Patagonia Ambiental\",\"description\":\"Andr\u00e9s Nievas T\u00e9cnico en manejo ambiental, consultor Ambiental y escritor para medios locales e internacionales sobre temas de geopolitica y medio ambiente.\",\"sameAs\":[\"http:\\\/\\\/www.patagoniambiental.com.ar\",\"https:\\\/\\\/www.facebook.com\\\/share\\\/1C1V8Gv9BX\\\/?mibextid=qi2Omg\",\"@patagoniambiental\",\"https:\\\/\\\/youtube.com\\\/@patagoniaambiental2023?si=BLt58t0wuXquxlYZ\"]}]}<\/script>\n<!-- \/ Yoast SEO Premium plugin. -->","yoast_head_json":{"title":"Medio ambiente alerta critica la situaci\u00f3n del basural de R\u00edo Gallegos","robots":{"index":"index","follow":"follow","max-snippet":"max-snippet:-1","max-image-preview":"max-image-preview:large","max-video-preview":"max-video-preview:-1"},"canonical":"https:\/\/patagoniambiental.com.ar\/info\/medio-ambiente-alerta-critica-la-situacion-del-basural-de-rio-gallegos\/","og_locale":"es_ES","og_type":"article","og_title":"Medio ambiente alerta critica la situaci\u00f3n del basural de R\u00edo Gallegos","og_description":"R\u00cdO GALLEGOS.- Desde la cartera provincial ambiental se\u00f1alaron que se realizaron intimaciones a la Municipalidad de R\u00edo Gallegos, en donde [&hellip;]","og_url":"https:\/\/patagoniambiental.com.ar\/info\/medio-ambiente-alerta-critica-la-situacion-del-basural-de-rio-gallegos\/","og_site_name":"Patagonia Ambiental","article_publisher":"https:\/\/www.facebook.com\/patagonia.ambiental","article_author":"https:\/\/www.facebook.com\/share\/1C1V8Gv9BX\/?mibextid=qi2Omg","article_published_time":"2017-09-04T12:00:10+00:00","og_image":[{"width":555,"height":371,"url":"https:\/\/patagoniambiental.com.ar\/info\/wp-content\/uploads\/2017\/09\/basural-rio-gallegos.jpg","type":"image\/jpeg"}],"author":"Patagonia Ambiental","twitter_card":"summary_large_image","twitter_creator":"@PatAmb","twitter_site":"@PatAmb","schema":{"@context":"https:\/\/schema.org","@graph":[{"@type":"Article","@id":"https:\/\/patagoniambiental.com.ar\/info\/medio-ambiente-alerta-critica-la-situacion-del-basural-de-rio-gallegos\/#article","isPartOf":{"@id":"https:\/\/patagoniambiental.com.ar\/info\/medio-ambiente-alerta-critica-la-situacion-del-basural-de-rio-gallegos\/"},"author":{"name":"Patagonia Ambiental","@id":"https:\/\/patagoniambiental.com.ar\/info\/#\/schema\/person\/db12bff64bbcbf6a253710bf0ea37b5d"},"headline":"Medio ambiente alerta critica la situaci\u00f3n del basural de R\u00edo Gallegos","datePublished":"2017-09-04T12:00:10+00:00","mainEntityOfPage":{"@id":"https:\/\/patagoniambiental.com.ar\/info\/medio-ambiente-alerta-critica-la-situacion-del-basural-de-rio-gallegos\/"},"wordCount":677,"commentCount":0,"publisher":{"@id":"https:\/\/patagoniambiental.com.ar\/info\/#organization"},"image":{"@id":"https:\/\/patagoniambiental.com.ar\/info\/medio-ambiente-alerta-critica-la-situacion-del-basural-de-rio-gallegos\/#primaryimage"},"thumbnailUrl":"https:\/\/patagoniambiental.com.ar\/info\/wp-content\/uploads\/2017\/09\/basural-rio-gallegos.jpg","articleSection":["Municipales","Noticias"],"inLanguage":"es","potentialAction":[{"@type":"CommentAction","name":"Comment","target":["https:\/\/patagoniambiental.com.ar\/info\/medio-ambiente-alerta-critica-la-situacion-del-basural-de-rio-gallegos\/#respond"]}]},{"@type":"WebPage","@id":"https:\/\/patagoniambiental.com.ar\/info\/medio-ambiente-alerta-critica-la-situacion-del-basural-de-rio-gallegos\/","url":"https:\/\/patagoniambiental.com.ar\/info\/medio-ambiente-alerta-critica-la-situacion-del-basural-de-rio-gallegos\/","name":"Medio ambiente alerta critica la situaci\u00f3n del basural de R\u00edo Gallegos","isPartOf":{"@id":"https:\/\/patagoniambiental.com.ar\/info\/#website"},"primaryImageOfPage":{"@id":"https:\/\/patagoniambiental.com.ar\/info\/medio-ambiente-alerta-critica-la-situacion-del-basural-de-rio-gallegos\/#primaryimage"},"image":{"@id":"https:\/\/patagoniambiental.com.ar\/info\/medio-ambiente-alerta-critica-la-situacion-del-basural-de-rio-gallegos\/#primaryimage"},"thumbnailUrl":"https:\/\/patagoniambiental.com.ar\/info\/wp-content\/uploads\/2017\/09\/basural-rio-gallegos.jpg","datePublished":"2017-09-04T12:00:10+00:00","breadcrumb":{"@id":"https:\/\/patagoniambiental.com.ar\/info\/medio-ambiente-alerta-critica-la-situacion-del-basural-de-rio-gallegos\/#breadcrumb"},"inLanguage":"es","potentialAction":[{"@type":"ReadAction","target":["https:\/\/patagoniambiental.com.ar\/info\/medio-ambiente-alerta-critica-la-situacion-del-basural-de-rio-gallegos\/"]}]},{"@type":"ImageObject","inLanguage":"es","@id":"https:\/\/patagoniambiental.com.ar\/info\/medio-ambiente-alerta-critica-la-situacion-del-basural-de-rio-gallegos\/#primaryimage","url":"https:\/\/patagoniambiental.com.ar\/info\/wp-content\/uploads\/2017\/09\/basural-rio-gallegos.jpg","contentUrl":"https:\/\/patagoniambiental.com.ar\/info\/wp-content\/uploads\/2017\/09\/basural-rio-gallegos.jpg","width":555,"height":371},{"@type":"BreadcrumbList","@id":"https:\/\/patagoniambiental.com.ar\/info\/medio-ambiente-alerta-critica-la-situacion-del-basural-de-rio-gallegos\/#breadcrumb","itemListElement":[{"@type":"ListItem","position":1,"name":"Inicio","item":"https:\/\/patagoniambiental.com.ar\/info\/"},{"@type":"ListItem","position":2,"name":"Medio ambiente alerta critica la situaci\u00f3n del basural de R\u00edo Gallegos"}]},{"@type":"WebSite","@id":"https:\/\/patagoniambiental.com.ar\/info\/#website","url":"https:\/\/patagoniambiental.com.ar\/info\/","name":"Patagonia Ambiental","description":"Monitoreo y an\u00e1lisis de la situaci\u00f3n geopol\u00edtica en el mundo y su implicancia en la Patagonia","publisher":{"@id":"https:\/\/patagoniambiental.com.ar\/info\/#organization"},"potentialAction":[{"@type":"SearchAction","target":{"@type":"EntryPoint","urlTemplate":"https:\/\/patagoniambiental.com.ar\/info\/?s={search_term_string}"},"query-input":{"@type":"PropertyValueSpecification","valueRequired":true,"valueName":"search_term_string"}}],"inLanguage":"es"},{"@type":"Organization","@id":"https:\/\/patagoniambiental.com.ar\/info\/#organization","name":"Patagonia Ambiental","url":"https:\/\/patagoniambiental.com.ar\/info\/","logo":{"@type":"ImageObject","inLanguage":"es","@id":"https:\/\/patagoniambiental.com.ar\/info\/#\/schema\/logo\/image\/","url":"https:\/\/patagoniambiental.com.ar\/info\/wp-content\/uploads\/2025\/05\/LOGO-PATAGONIA-AMBIENTAL.png","contentUrl":"https:\/\/patagoniambiental.com.ar\/info\/wp-content\/uploads\/2025\/05\/LOGO-PATAGONIA-AMBIENTAL.png","width":433,"height":250,"caption":"Patagonia Ambiental"},"image":{"@id":"https:\/\/patagoniambiental.com.ar\/info\/#\/schema\/logo\/image\/"},"sameAs":["https:\/\/www.facebook.com\/patagonia.ambiental","https:\/\/x.com\/PatAmb"]},{"@type":"Person","@id":"https:\/\/patagoniambiental.com.ar\/info\/#\/schema\/person\/db12bff64bbcbf6a253710bf0ea37b5d","name":"Patagonia Ambiental","description":"Andr\u00e9s Nievas T\u00e9cnico en manejo ambiental, consultor Ambiental y escritor para medios locales e internacionales sobre temas de geopolitica y medio ambiente.","sameAs":["http:\/\/www.patagoniambiental.com.ar","https:\/\/www.facebook.com\/share\/1C1V8Gv9BX\/?mibextid=qi2Omg","@patagoniambiental","https:\/\/youtube.com\/@patagoniaambiental2023?si=BLt58t0wuXquxlYZ"]}]}},"_links":{"self":[{"href":"https:\/\/patagoniambiental.com.ar\/info\/wp-json\/wp\/v2\/posts\/34299","targetHints":{"allow":["GET"]}}],"collection":[{"href":"https:\/\/patagoniambiental.com.ar\/info\/wp-json\/wp\/v2\/posts"}],"about":[{"href":"https:\/\/patagoniambiental.com.ar\/info\/wp-json\/wp\/v2\/types\/post"}],"author":[{"embeddable":true,"href":"https:\/\/patagoniambiental.com.ar\/info\/wp-json\/wp\/v2\/users\/2"}],"replies":[{"embeddable":true,"href":"https:\/\/patagoniambiental.com.ar\/info\/wp-json\/wp\/v2\/comments?post=34299"}],"version-history":[{"count":0,"href":"https:\/\/patagoniambiental.com.ar\/info\/wp-json\/wp\/v2\/posts\/34299\/revisions"}],"wp:featuredmedia":[{"embeddable":true,"href":"https:\/\/patagoniambiental.com.ar\/info\/wp-json\/wp\/v2\/media\/34300"}],"wp:attachment":[{"href":"https:\/\/patagoniambiental.com.ar\/info\/wp-json\/wp\/v2\/media?parent=34299"}],"wp:term":[{"taxonomy":"category","embeddable":true,"href":"https:\/\/patagoniambiental.com.ar\/info\/wp-json\/wp\/v2\/categories?post=34299"},{"taxonomy":"post_tag","embeddable":true,"href":"https:\/\/patagoniambiental.com.ar\/info\/wp-json\/wp\/v2\/tags?post=34299"}],"curies":[{"name":"wp","href":"https:\/\/api.w.org\/{rel}","templated":true}]}}