{"id":34331,"date":"2017-09-04T19:00:34","date_gmt":"2017-09-04T22:00:34","guid":{"rendered":"http:\/\/patagoniambiental.com.ar\/info\/?p=34331"},"modified":"2017-09-04T12:05:20","modified_gmt":"2017-09-04T15:05:20","slug":"premian-a-bariloche-por-su-programa-de-entrenamiento-de-recolectores-de-residuos","status":"publish","type":"post","link":"https:\/\/patagoniambiental.com.ar\/info\/premian-a-bariloche-por-su-programa-de-entrenamiento-de-recolectores-de-residuos\/","title":{"rendered":"Premian a Bariloche por su programa de entrenamiento de recolectores de residuos"},"content":{"rendered":"<div dir=\"ltr\">\n<div dir=\"ltr\"><i>San Carlos de Bariloche.-La Municipalidad de San Carlos de Bariloche recibir\u00e1 una distinci\u00f3n nacional de Innovaci\u00f3n en la Gesti\u00f3n P\u00fablica, por la implementaci\u00f3n del programa municipal de formaci\u00f3n y capacitaci\u00f3n a los trabajadores de recolecci\u00f3n de Bariloche, que llev\u00f3 adelante la Subsecretar\u00eda de la Funci\u00f3n P\u00fablica.\u00a0<\/i><\/div>\n<div dir=\"ltr\"><!--more--><\/div>\n<div dir=\"ltr\"><\/div>\n<div dir=\"ltr\">La titular de Funci\u00f3n P\u00fablica municipal, Gabriela Rosemberg, recibi\u00f3 esta semana la notificaci\u00f3n del Premio \u201cInnovaci\u00f3n en la Gesti\u00f3n P\u00fablica para la Equidad y el Crecimiento\u201d, en la categor\u00eda \u201cInnovaci\u00f3n Institucional a Nivel Municipal\u201d. Se trata de una distinci\u00f3n que otorga el Centro de Implementaci\u00f3n de Pol\u00edticas P\u00fablicas para la Equidad y el Crecimiento (CIPPEC). Bariloche una de las cuatro galardonadas entre m\u00e1s de 40 proyectos evaluados.<\/div>\n<div dir=\"ltr\"><\/div>\n<div dir=\"ltr\">La iniciativa municipal por la que Bariloche fue premiada es el \u201cPrograma de Entrenamiento Laboral para Recolectores de Residuos\u201d, que se est\u00e1 implementando hace m\u00e1s de un a\u00f1o en la ciudad desde la Subsecretar\u00eda de la Funci\u00f3n P\u00fablica de la comuna. El Programa cont\u00f3 con la coordinaci\u00f3n de las \u00e1reas de Seguridad e Higiene laboral y Selecci\u00f3n y Desarrollo de Personal de la Direcci\u00f3n de Recursos Humanos, desde las cuales se conform\u00f3 un equipo de trabajo en el que participaron activamente las \u00e1reas de Recolecci\u00f3n, Deportes y Medicina Laboral.<\/div>\n<div dir=\"ltr\"><\/div>\n<div dir=\"ltr\">La finalidad de esta iniciativa tiene que ver con reducir los \u00edndices de accidentes y lesiones en esta tarea, incorporando entrenamientos f\u00edsicos, conceptos de seguridad e higiene y nutrici\u00f3n. Adem\u00e1s, con este esquema se logra impedir el impacto negativo que la gran cantidad de accidentes generaban en la prestaci\u00f3n de este servicio p\u00fablico tan sensible para la comunidad.<\/div>\n<div dir=\"ltr\"><\/div>\n<div dir=\"ltr\">Por otra parte, en los fundamentos del premio otorgado por el CIPPEC se destac\u00f3 tambi\u00e9n que \u201cel proyecto genera un cierto nivel de impacto en la problem\u00e1tica del empleo para j\u00f3venes entre 20 y 30 a\u00f1os, con baja calificaci\u00f3n profesional, con dificultades para poder insertarse en el empleo formal\u201d.<\/div>\n<div dir=\"ltr\"><\/div>\n<div dir=\"ltr\">El Premio a la Innovaci\u00f3n en Gesti\u00f3n P\u00fablica de CIPPEC distingue cada a\u00f1o a organismos de diferentes niveles de gobierno y a empresas estatales por implementar las mejores innovaciones en gesti\u00f3n p\u00fablica.<\/div>\n<div dir=\"ltr\"><\/div>\n<div dir=\"ltr\">\u201cEl objetivo del premio es descubrir y premiar casos exitosos de innovaci\u00f3n p\u00fablica en los distintos niveles de gobierno para promover su efecto multiplicador. Buscamos premiar la innovaci\u00f3n en todas sus dimensiones y visibilizar el accionar de los gobiernos que promueven mejoras en la calidad de vida de la ciudadan\u00eda\u201d, sostuvo Gonzalo Di\u00e9guez, director del programa de Gesti\u00f3n P\u00fablica de CIPPEC, que desarroll\u00f3 la convocatoria y coordin\u00f3 la selecci\u00f3n.<\/div>\n<div dir=\"ltr\"><\/div>\n<div dir=\"ltr\">Las iniciativas ganadoras de cada categor\u00eda (Innovaci\u00f3n Institucional, Social, Econ\u00f3mica y Medioambiental) pasaron por dos instancias de selecci\u00f3n. En primer lugar, intervino un comit\u00e9 evaluador integrado por exfuncionarios p\u00fablicos de extracci\u00f3n plural, expertos en pol\u00edticas p\u00fablicas, acad\u00e9micos y l\u00edderes sindicales y del sector privado con trayectoria en la materia. Luego, un jurado integrado por las autoridades de CIPPEC llev\u00f3 a cabo la selecci\u00f3n final.<\/div>\n<div dir=\"ltr\"><\/div>\n<div dir=\"ltr\">La ceremonia de premiaci\u00f3n ser\u00e1 el pr\u00f3ximo 21 de septiembre en la Ciudad Aut\u00f3noma de Buenos Aires.<\/div>\n<\/div>\n<p>Fuente: Municipalidad de San Carlos de Bariloche<\/p>\n","protected":false},"excerpt":{"rendered":"<p>San Carlos de Bariloche.-La Municipalidad de San Carlos de Bariloche recibir\u00e1 una distinci\u00f3n nacional de Innovaci\u00f3n en la Gesti\u00f3n P\u00fablica, [&hellip;]<\/p>\n","protected":false},"author":2,"featured_media":34332,"comment_status":"open","ping_status":"open","sticky":false,"template":"","format":"standard","meta":{"site-sidebar-layout":"default","site-content-layout":"","ast-site-content-layout":"default","site-content-style":"default","site-sidebar-style":"default","ast-global-header-display":"","ast-banner-title-visibility":"","ast-main-header-display":"","ast-hfb-above-header-display":"","ast-hfb-below-header-display":"","ast-hfb-mobile-header-display":"","site-post-title":"","ast-breadcrumbs-content":"","ast-featured-img":"","footer-sml-layout":"","ast-disable-related-posts":"","theme-transparent-header-meta":"","adv-header-id-meta":"","stick-header-meta":"","header-above-stick-meta":"","header-main-stick-meta":"","header-below-stick-meta":"","astra-migrate-meta-layouts":"default","ast-page-background-enabled":"default","ast-page-background-meta":{"desktop":{"background-color":"var(--ast-global-color-5)","background-image":"","background-repeat":"repeat","background-position":"center center","background-size":"auto","background-attachment":"scroll","background-type":"","background-media":"","overlay-type":"","overlay-color":"","overlay-opacity":"","overlay-gradient":""},"tablet":{"background-color":"","background-image":"","background-repeat":"repeat","background-position":"center center","background-size":"auto","background-attachment":"scroll","background-type":"","background-media":"","overlay-type":"","overlay-color":"","overlay-opacity":"","overlay-gradient":""},"mobile":{"background-color":"","background-image":"","background-repeat":"repeat","background-position":"center center","background-size":"auto","background-attachment":"scroll","background-type":"","background-media":"","overlay-type":"","overlay-color":"","overlay-opacity":"","overlay-gradient":""}},"ast-content-background-meta":{"desktop":{"background-color":"var(--ast-global-color-4)","background-image":"","background-repeat":"repeat","background-position":"center center","background-size":"auto","background-attachment":"scroll","background-type":"","background-media":"","overlay-type":"","overlay-color":"","overlay-opacity":"","overlay-gradient":""},"tablet":{"background-color":"var(--ast-global-color-4)","background-image":"","background-repeat":"repeat","background-position":"center center","background-size":"auto","background-attachment":"scroll","background-type":"","background-media":"","overlay-type":"","overlay-color":"","overlay-opacity":"","overlay-gradient":""},"mobile":{"background-color":"var(--ast-global-color-4)","background-image":"","background-repeat":"repeat","background-position":"center center","background-size":"auto","background-attachment":"scroll","background-type":"","background-media":"","overlay-type":"","overlay-color":"","overlay-opacity":"","overlay-gradient":""}},"footnotes":""},"categories":[16,1],"tags":[],"class_list":["post-34331","post","type-post","status-publish","format-standard","has-post-thumbnail","hentry","category-municipales","category-noticias"],"yoast_head":"<!-- This site is optimized with the Yoast SEO Premium plugin v23.0 (Yoast SEO v27.4) - https:\/\/yoast.com\/product\/yoast-seo-premium-wordpress\/ -->\n<title>Premian a Bariloche por su programa de entrenamiento de recolectores de residuos<\/title>\n<meta name=\"robots\" content=\"index, follow, max-snippet:-1, max-image-preview:large, max-video-preview:-1\" \/>\n<link rel=\"canonical\" href=\"https:\/\/patagoniambiental.com.ar\/info\/premian-a-bariloche-por-su-programa-de-entrenamiento-de-recolectores-de-residuos\/\" \/>\n<meta property=\"og:locale\" content=\"es_ES\" \/>\n<meta property=\"og:type\" content=\"article\" \/>\n<meta property=\"og:title\" content=\"Premian a Bariloche por su programa de entrenamiento de recolectores de residuos\" \/>\n<meta property=\"og:description\" content=\"San Carlos de Bariloche.-La Municipalidad de San Carlos de Bariloche recibir\u00e1 una distinci\u00f3n nacional de Innovaci\u00f3n en la Gesti\u00f3n P\u00fablica, [&hellip;]\" \/>\n<meta property=\"og:url\" content=\"https:\/\/patagoniambiental.com.ar\/info\/premian-a-bariloche-por-su-programa-de-entrenamiento-de-recolectores-de-residuos\/\" \/>\n<meta property=\"og:site_name\" content=\"Patagonia Ambiental\" \/>\n<meta property=\"article:publisher\" content=\"https:\/\/www.facebook.com\/patagonia.ambiental\" \/>\n<meta property=\"article:author\" content=\"https:\/\/www.facebook.com\/share\/1C1V8Gv9BX\/?mibextid=qi2Omg\" \/>\n<meta property=\"article:published_time\" content=\"2017-09-04T22:00:34+00:00\" \/>\n<meta property=\"og:image\" content=\"https:\/\/patagoniambiental.com.ar\/info\/wp-content\/uploads\/2017\/09\/recoleccion-nieve.jpg\" \/>\n\t<meta property=\"og:image:width\" content=\"960\" \/>\n\t<meta property=\"og:image:height\" content=\"590\" \/>\n\t<meta property=\"og:image:type\" content=\"image\/jpeg\" \/>\n<meta name=\"author\" content=\"Patagonia Ambiental\" \/>\n<meta name=\"twitter:card\" content=\"summary_large_image\" \/>\n<meta name=\"twitter:creator\" content=\"@PatAmb\" \/>\n<meta name=\"twitter:site\" content=\"@PatAmb\" \/>\n<script type=\"application\/ld+json\" class=\"yoast-schema-graph\">{\"@context\":\"https:\\\/\\\/schema.org\",\"@graph\":[{\"@type\":\"Article\",\"@id\":\"https:\\\/\\\/patagoniambiental.com.ar\\\/info\\\/premian-a-bariloche-por-su-programa-de-entrenamiento-de-recolectores-de-residuos\\\/#article\",\"isPartOf\":{\"@id\":\"https:\\\/\\\/patagoniambiental.com.ar\\\/info\\\/premian-a-bariloche-por-su-programa-de-entrenamiento-de-recolectores-de-residuos\\\/\"},\"author\":{\"name\":\"Patagonia Ambiental\",\"@id\":\"https:\\\/\\\/patagoniambiental.com.ar\\\/info\\\/#\\\/schema\\\/person\\\/db12bff64bbcbf6a253710bf0ea37b5d\"},\"headline\":\"Premian a Bariloche por su programa de entrenamiento de recolectores de residuos\",\"datePublished\":\"2017-09-04T22:00:34+00:00\",\"mainEntityOfPage\":{\"@id\":\"https:\\\/\\\/patagoniambiental.com.ar\\\/info\\\/premian-a-bariloche-por-su-programa-de-entrenamiento-de-recolectores-de-residuos\\\/\"},\"wordCount\":578,\"commentCount\":0,\"publisher\":{\"@id\":\"https:\\\/\\\/patagoniambiental.com.ar\\\/info\\\/#organization\"},\"image\":{\"@id\":\"https:\\\/\\\/patagoniambiental.com.ar\\\/info\\\/premian-a-bariloche-por-su-programa-de-entrenamiento-de-recolectores-de-residuos\\\/#primaryimage\"},\"thumbnailUrl\":\"https:\\\/\\\/patagoniambiental.com.ar\\\/info\\\/wp-content\\\/uploads\\\/2017\\\/09\\\/recoleccion-nieve.jpg\",\"articleSection\":[\"Municipales\",\"Noticias\"],\"inLanguage\":\"es\",\"potentialAction\":[{\"@type\":\"CommentAction\",\"name\":\"Comment\",\"target\":[\"https:\\\/\\\/patagoniambiental.com.ar\\\/info\\\/premian-a-bariloche-por-su-programa-de-entrenamiento-de-recolectores-de-residuos\\\/#respond\"]}]},{\"@type\":\"WebPage\",\"@id\":\"https:\\\/\\\/patagoniambiental.com.ar\\\/info\\\/premian-a-bariloche-por-su-programa-de-entrenamiento-de-recolectores-de-residuos\\\/\",\"url\":\"https:\\\/\\\/patagoniambiental.com.ar\\\/info\\\/premian-a-bariloche-por-su-programa-de-entrenamiento-de-recolectores-de-residuos\\\/\",\"name\":\"Premian a Bariloche por su programa de entrenamiento de recolectores de residuos\",\"isPartOf\":{\"@id\":\"https:\\\/\\\/patagoniambiental.com.ar\\\/info\\\/#website\"},\"primaryImageOfPage\":{\"@id\":\"https:\\\/\\\/patagoniambiental.com.ar\\\/info\\\/premian-a-bariloche-por-su-programa-de-entrenamiento-de-recolectores-de-residuos\\\/#primaryimage\"},\"image\":{\"@id\":\"https:\\\/\\\/patagoniambiental.com.ar\\\/info\\\/premian-a-bariloche-por-su-programa-de-entrenamiento-de-recolectores-de-residuos\\\/#primaryimage\"},\"thumbnailUrl\":\"https:\\\/\\\/patagoniambiental.com.ar\\\/info\\\/wp-content\\\/uploads\\\/2017\\\/09\\\/recoleccion-nieve.jpg\",\"datePublished\":\"2017-09-04T22:00:34+00:00\",\"breadcrumb\":{\"@id\":\"https:\\\/\\\/patagoniambiental.com.ar\\\/info\\\/premian-a-bariloche-por-su-programa-de-entrenamiento-de-recolectores-de-residuos\\\/#breadcrumb\"},\"inLanguage\":\"es\",\"potentialAction\":[{\"@type\":\"ReadAction\",\"target\":[\"https:\\\/\\\/patagoniambiental.com.ar\\\/info\\\/premian-a-bariloche-por-su-programa-de-entrenamiento-de-recolectores-de-residuos\\\/\"]}]},{\"@type\":\"ImageObject\",\"inLanguage\":\"es\",\"@id\":\"https:\\\/\\\/patagoniambiental.com.ar\\\/info\\\/premian-a-bariloche-por-su-programa-de-entrenamiento-de-recolectores-de-residuos\\\/#primaryimage\",\"url\":\"https:\\\/\\\/patagoniambiental.com.ar\\\/info\\\/wp-content\\\/uploads\\\/2017\\\/09\\\/recoleccion-nieve.jpg\",\"contentUrl\":\"https:\\\/\\\/patagoniambiental.com.ar\\\/info\\\/wp-content\\\/uploads\\\/2017\\\/09\\\/recoleccion-nieve.jpg\",\"width\":960,\"height\":590},{\"@type\":\"BreadcrumbList\",\"@id\":\"https:\\\/\\\/patagoniambiental.com.ar\\\/info\\\/premian-a-bariloche-por-su-programa-de-entrenamiento-de-recolectores-de-residuos\\\/#breadcrumb\",\"itemListElement\":[{\"@type\":\"ListItem\",\"position\":1,\"name\":\"Inicio\",\"item\":\"https:\\\/\\\/patagoniambiental.com.ar\\\/info\\\/\"},{\"@type\":\"ListItem\",\"position\":2,\"name\":\"Premian a Bariloche por su programa de entrenamiento de recolectores de residuos\"}]},{\"@type\":\"WebSite\",\"@id\":\"https:\\\/\\\/patagoniambiental.com.ar\\\/info\\\/#website\",\"url\":\"https:\\\/\\\/patagoniambiental.com.ar\\\/info\\\/\",\"name\":\"Patagonia Ambiental\",\"description\":\"Monitoreo y an\u00e1lisis de la situaci\u00f3n geopol\u00edtica en el mundo y su implicancia en la Patagonia\",\"publisher\":{\"@id\":\"https:\\\/\\\/patagoniambiental.com.ar\\\/info\\\/#organization\"},\"potentialAction\":[{\"@type\":\"SearchAction\",\"target\":{\"@type\":\"EntryPoint\",\"urlTemplate\":\"https:\\\/\\\/patagoniambiental.com.ar\\\/info\\\/?s={search_term_string}\"},\"query-input\":{\"@type\":\"PropertyValueSpecification\",\"valueRequired\":true,\"valueName\":\"search_term_string\"}}],\"inLanguage\":\"es\"},{\"@type\":\"Organization\",\"@id\":\"https:\\\/\\\/patagoniambiental.com.ar\\\/info\\\/#organization\",\"name\":\"Patagonia Ambiental\",\"url\":\"https:\\\/\\\/patagoniambiental.com.ar\\\/info\\\/\",\"logo\":{\"@type\":\"ImageObject\",\"inLanguage\":\"es\",\"@id\":\"https:\\\/\\\/patagoniambiental.com.ar\\\/info\\\/#\\\/schema\\\/logo\\\/image\\\/\",\"url\":\"https:\\\/\\\/patagoniambiental.com.ar\\\/info\\\/wp-content\\\/uploads\\\/2025\\\/05\\\/LOGO-PATAGONIA-AMBIENTAL.png\",\"contentUrl\":\"https:\\\/\\\/patagoniambiental.com.ar\\\/info\\\/wp-content\\\/uploads\\\/2025\\\/05\\\/LOGO-PATAGONIA-AMBIENTAL.png\",\"width\":433,\"height\":250,\"caption\":\"Patagonia Ambiental\"},\"image\":{\"@id\":\"https:\\\/\\\/patagoniambiental.com.ar\\\/info\\\/#\\\/schema\\\/logo\\\/image\\\/\"},\"sameAs\":[\"https:\\\/\\\/www.facebook.com\\\/patagonia.ambiental\",\"https:\\\/\\\/x.com\\\/PatAmb\"]},{\"@type\":\"Person\",\"@id\":\"https:\\\/\\\/patagoniambiental.com.ar\\\/info\\\/#\\\/schema\\\/person\\\/db12bff64bbcbf6a253710bf0ea37b5d\",\"name\":\"Patagonia Ambiental\",\"description\":\"Andr\u00e9s Nievas T\u00e9cnico en manejo ambiental, consultor Ambiental y escritor para medios locales e internacionales sobre temas de geopolitica y medio ambiente.\",\"sameAs\":[\"http:\\\/\\\/www.patagoniambiental.com.ar\",\"https:\\\/\\\/www.facebook.com\\\/share\\\/1C1V8Gv9BX\\\/?mibextid=qi2Omg\",\"@patagoniambiental\",\"https:\\\/\\\/youtube.com\\\/@patagoniaambiental2023?si=BLt58t0wuXquxlYZ\"]}]}<\/script>\n<!-- \/ Yoast SEO Premium plugin. -->","yoast_head_json":{"title":"Premian a Bariloche por su programa de entrenamiento de recolectores de residuos","robots":{"index":"index","follow":"follow","max-snippet":"max-snippet:-1","max-image-preview":"max-image-preview:large","max-video-preview":"max-video-preview:-1"},"canonical":"https:\/\/patagoniambiental.com.ar\/info\/premian-a-bariloche-por-su-programa-de-entrenamiento-de-recolectores-de-residuos\/","og_locale":"es_ES","og_type":"article","og_title":"Premian a Bariloche por su programa de entrenamiento de recolectores de residuos","og_description":"San Carlos de Bariloche.-La Municipalidad de San Carlos de Bariloche recibir\u00e1 una distinci\u00f3n nacional de Innovaci\u00f3n en la Gesti\u00f3n P\u00fablica, [&hellip;]","og_url":"https:\/\/patagoniambiental.com.ar\/info\/premian-a-bariloche-por-su-programa-de-entrenamiento-de-recolectores-de-residuos\/","og_site_name":"Patagonia Ambiental","article_publisher":"https:\/\/www.facebook.com\/patagonia.ambiental","article_author":"https:\/\/www.facebook.com\/share\/1C1V8Gv9BX\/?mibextid=qi2Omg","article_published_time":"2017-09-04T22:00:34+00:00","og_image":[{"width":960,"height":590,"url":"https:\/\/patagoniambiental.com.ar\/info\/wp-content\/uploads\/2017\/09\/recoleccion-nieve.jpg","type":"image\/jpeg"}],"author":"Patagonia Ambiental","twitter_card":"summary_large_image","twitter_creator":"@PatAmb","twitter_site":"@PatAmb","schema":{"@context":"https:\/\/schema.org","@graph":[{"@type":"Article","@id":"https:\/\/patagoniambiental.com.ar\/info\/premian-a-bariloche-por-su-programa-de-entrenamiento-de-recolectores-de-residuos\/#article","isPartOf":{"@id":"https:\/\/patagoniambiental.com.ar\/info\/premian-a-bariloche-por-su-programa-de-entrenamiento-de-recolectores-de-residuos\/"},"author":{"name":"Patagonia Ambiental","@id":"https:\/\/patagoniambiental.com.ar\/info\/#\/schema\/person\/db12bff64bbcbf6a253710bf0ea37b5d"},"headline":"Premian a Bariloche por su programa de entrenamiento de recolectores de residuos","datePublished":"2017-09-04T22:00:34+00:00","mainEntityOfPage":{"@id":"https:\/\/patagoniambiental.com.ar\/info\/premian-a-bariloche-por-su-programa-de-entrenamiento-de-recolectores-de-residuos\/"},"wordCount":578,"commentCount":0,"publisher":{"@id":"https:\/\/patagoniambiental.com.ar\/info\/#organization"},"image":{"@id":"https:\/\/patagoniambiental.com.ar\/info\/premian-a-bariloche-por-su-programa-de-entrenamiento-de-recolectores-de-residuos\/#primaryimage"},"thumbnailUrl":"https:\/\/patagoniambiental.com.ar\/info\/wp-content\/uploads\/2017\/09\/recoleccion-nieve.jpg","articleSection":["Municipales","Noticias"],"inLanguage":"es","potentialAction":[{"@type":"CommentAction","name":"Comment","target":["https:\/\/patagoniambiental.com.ar\/info\/premian-a-bariloche-por-su-programa-de-entrenamiento-de-recolectores-de-residuos\/#respond"]}]},{"@type":"WebPage","@id":"https:\/\/patagoniambiental.com.ar\/info\/premian-a-bariloche-por-su-programa-de-entrenamiento-de-recolectores-de-residuos\/","url":"https:\/\/patagoniambiental.com.ar\/info\/premian-a-bariloche-por-su-programa-de-entrenamiento-de-recolectores-de-residuos\/","name":"Premian a Bariloche por su programa de entrenamiento de recolectores de residuos","isPartOf":{"@id":"https:\/\/patagoniambiental.com.ar\/info\/#website"},"primaryImageOfPage":{"@id":"https:\/\/patagoniambiental.com.ar\/info\/premian-a-bariloche-por-su-programa-de-entrenamiento-de-recolectores-de-residuos\/#primaryimage"},"image":{"@id":"https:\/\/patagoniambiental.com.ar\/info\/premian-a-bariloche-por-su-programa-de-entrenamiento-de-recolectores-de-residuos\/#primaryimage"},"thumbnailUrl":"https:\/\/patagoniambiental.com.ar\/info\/wp-content\/uploads\/2017\/09\/recoleccion-nieve.jpg","datePublished":"2017-09-04T22:00:34+00:00","breadcrumb":{"@id":"https:\/\/patagoniambiental.com.ar\/info\/premian-a-bariloche-por-su-programa-de-entrenamiento-de-recolectores-de-residuos\/#breadcrumb"},"inLanguage":"es","potentialAction":[{"@type":"ReadAction","target":["https:\/\/patagoniambiental.com.ar\/info\/premian-a-bariloche-por-su-programa-de-entrenamiento-de-recolectores-de-residuos\/"]}]},{"@type":"ImageObject","inLanguage":"es","@id":"https:\/\/patagoniambiental.com.ar\/info\/premian-a-bariloche-por-su-programa-de-entrenamiento-de-recolectores-de-residuos\/#primaryimage","url":"https:\/\/patagoniambiental.com.ar\/info\/wp-content\/uploads\/2017\/09\/recoleccion-nieve.jpg","contentUrl":"https:\/\/patagoniambiental.com.ar\/info\/wp-content\/uploads\/2017\/09\/recoleccion-nieve.jpg","width":960,"height":590},{"@type":"BreadcrumbList","@id":"https:\/\/patagoniambiental.com.ar\/info\/premian-a-bariloche-por-su-programa-de-entrenamiento-de-recolectores-de-residuos\/#breadcrumb","itemListElement":[{"@type":"ListItem","position":1,"name":"Inicio","item":"https:\/\/patagoniambiental.com.ar\/info\/"},{"@type":"ListItem","position":2,"name":"Premian a Bariloche por su programa de entrenamiento de recolectores de residuos"}]},{"@type":"WebSite","@id":"https:\/\/patagoniambiental.com.ar\/info\/#website","url":"https:\/\/patagoniambiental.com.ar\/info\/","name":"Patagonia Ambiental","description":"Monitoreo y an\u00e1lisis de la situaci\u00f3n geopol\u00edtica en el mundo y su implicancia en la Patagonia","publisher":{"@id":"https:\/\/patagoniambiental.com.ar\/info\/#organization"},"potentialAction":[{"@type":"SearchAction","target":{"@type":"EntryPoint","urlTemplate":"https:\/\/patagoniambiental.com.ar\/info\/?s={search_term_string}"},"query-input":{"@type":"PropertyValueSpecification","valueRequired":true,"valueName":"search_term_string"}}],"inLanguage":"es"},{"@type":"Organization","@id":"https:\/\/patagoniambiental.com.ar\/info\/#organization","name":"Patagonia Ambiental","url":"https:\/\/patagoniambiental.com.ar\/info\/","logo":{"@type":"ImageObject","inLanguage":"es","@id":"https:\/\/patagoniambiental.com.ar\/info\/#\/schema\/logo\/image\/","url":"https:\/\/patagoniambiental.com.ar\/info\/wp-content\/uploads\/2025\/05\/LOGO-PATAGONIA-AMBIENTAL.png","contentUrl":"https:\/\/patagoniambiental.com.ar\/info\/wp-content\/uploads\/2025\/05\/LOGO-PATAGONIA-AMBIENTAL.png","width":433,"height":250,"caption":"Patagonia Ambiental"},"image":{"@id":"https:\/\/patagoniambiental.com.ar\/info\/#\/schema\/logo\/image\/"},"sameAs":["https:\/\/www.facebook.com\/patagonia.ambiental","https:\/\/x.com\/PatAmb"]},{"@type":"Person","@id":"https:\/\/patagoniambiental.com.ar\/info\/#\/schema\/person\/db12bff64bbcbf6a253710bf0ea37b5d","name":"Patagonia Ambiental","description":"Andr\u00e9s Nievas T\u00e9cnico en manejo ambiental, consultor Ambiental y escritor para medios locales e internacionales sobre temas de geopolitica y medio ambiente.","sameAs":["http:\/\/www.patagoniambiental.com.ar","https:\/\/www.facebook.com\/share\/1C1V8Gv9BX\/?mibextid=qi2Omg","@patagoniambiental","https:\/\/youtube.com\/@patagoniaambiental2023?si=BLt58t0wuXquxlYZ"]}]}},"_links":{"self":[{"href":"https:\/\/patagoniambiental.com.ar\/info\/wp-json\/wp\/v2\/posts\/34331","targetHints":{"allow":["GET"]}}],"collection":[{"href":"https:\/\/patagoniambiental.com.ar\/info\/wp-json\/wp\/v2\/posts"}],"about":[{"href":"https:\/\/patagoniambiental.com.ar\/info\/wp-json\/wp\/v2\/types\/post"}],"author":[{"embeddable":true,"href":"https:\/\/patagoniambiental.com.ar\/info\/wp-json\/wp\/v2\/users\/2"}],"replies":[{"embeddable":true,"href":"https:\/\/patagoniambiental.com.ar\/info\/wp-json\/wp\/v2\/comments?post=34331"}],"version-history":[{"count":0,"href":"https:\/\/patagoniambiental.com.ar\/info\/wp-json\/wp\/v2\/posts\/34331\/revisions"}],"wp:featuredmedia":[{"embeddable":true,"href":"https:\/\/patagoniambiental.com.ar\/info\/wp-json\/wp\/v2\/media\/34332"}],"wp:attachment":[{"href":"https:\/\/patagoniambiental.com.ar\/info\/wp-json\/wp\/v2\/media?parent=34331"}],"wp:term":[{"taxonomy":"category","embeddable":true,"href":"https:\/\/patagoniambiental.com.ar\/info\/wp-json\/wp\/v2\/categories?post=34331"},{"taxonomy":"post_tag","embeddable":true,"href":"https:\/\/patagoniambiental.com.ar\/info\/wp-json\/wp\/v2\/tags?post=34331"}],"curies":[{"name":"wp","href":"https:\/\/api.w.org\/{rel}","templated":true}]}}