{"id":34390,"date":"2017-09-05T09:00:37","date_gmt":"2017-09-05T12:00:37","guid":{"rendered":"http:\/\/patagoniambiental.com.ar\/info\/?p=34390"},"modified":"2017-09-04T19:04:23","modified_gmt":"2017-09-04T22:04:23","slug":"la-guerra-de-la-tierra-mapuche-en-chile-incendios-muertes-y-ataques-vandalicos","status":"publish","type":"post","link":"https:\/\/patagoniambiental.com.ar\/info\/la-guerra-de-la-tierra-mapuche-en-chile-incendios-muertes-y-ataques-vandalicos\/","title":{"rendered":"La guerra de la tierra mapuche en Chile: incendios, muertes y ataques vand\u00e1licos"},"content":{"rendered":"<p>Tras la desaparici\u00f3n de\u00a0<a title=\"Santiago Maldonado\" href=\"http:\/\/tn.com.ar\/personajes\/santiago-maldonado\">Santiago Maldonado<\/a>\u00a0se destap\u00f3 la pelea por la tierra que se da en el sur de la Argentina. Pero al cruzar la frontera, las situaciones violentas que se viven son permanentes. Desde hace 20 a\u00f1os\u00a0<a title=\"Chile \" href=\"http:\/\/tn.com.ar\/tags\/chile\">Chile\u00a0<\/a>sufre en carne propia este reclamo aborigen que, en algunos lugares, se transform\u00f3 en una guerra. Grupos radicalizados incendian camiones, iglesias, bosques y vandalizan casas para protestar.\u00a0<strong>Lleg\u00f3 a haber 2 muertos<\/strong>\u00a0tras el ataque a una propiedad.\u00a0<em>Periodismo para todos<\/em>\u00a0viaj\u00f3 para detallar la<strong>\u00a0delicada situaci\u00f3n<\/strong>\u00a0que se vive en esa zona.<\/p>\n<p>La regi\u00f3n de Temuco es la que sufre m\u00e1s el conflicto con los grupos extremistas. All\u00ed se concentra la mayor cantidad de comunidades y asociaciones mapuches, conocida como la \u00abzona roja\u00bb. Andr\u00e9s Jouanette, actual candidato a diputado por el oficialismo de Temuco, describi\u00f3 la manera violenta en la que act\u00faan estos sectores.\u00a0<strong>\u00abMuchos est\u00e1n vinculados al robo de madera<\/strong>, animales y justifican su accionar a trav\u00e9s de la quema de camiones o de iglesias como una forma de lucha pol\u00edtica. La mayor\u00eda de los mapuches rechaza la violencia. No los representan. Son una minor\u00eda violenta vinculada a grupos de anarquistas\u00bb, sostuvo.<\/p>\n<p>El modus operandi de los extremistas funciona siempre igual: eligen un blanco y, por la noche, lo prenden fuego. As\u00ed, a lo largo de este tiempo se multiplic\u00f3 la cantidad de hechos violentos contra veh\u00edculos, iglesias y casas. Un ejemplo es lo que le pas\u00f3 al camionero Itiel Valenzuela, al que le arruinaron su forma de ganarse la vida.<\/p>\n<div class=\"col-12 news-article-content entry-content\">\n<p>\u00abEsta gente que quema camiones te deja sin nada. Sent\u00ed mucha rabia, impotencia, muchos sentimientos encontrados. Todo el esfuerzo de a\u00f1os quemado y ahora no vale nada\u00bb, coment\u00f3. El dato m\u00e1s rotundo es el que aport\u00f3 Jos\u00e9 Villagran, del Sindicato de due\u00f1os de camiones.<strong>\u00a0Denunci\u00f3 que fueron 297 camiones\u00a0<\/strong>los que sufrieron ataques.<\/p>\n<p>Pero el caso m\u00e1s extremo tuvo a dos v\u00edctimas, Werner Luchsinger y Vivianne Mackay. La pareja muri\u00f3 prendida fuego luego de que incendiaran la casa en la que viv\u00edan, en 2013. \u00abMi madre me llam\u00f3, me avis\u00f3, cort\u00e9 y vine. Cuando llegu\u00e9, estaba en llamas y ah\u00ed empec\u00e9 a buscarlos pensando que estaban afuera. Asum\u00eda que estaban en alguna parte ocultos. Luego, supimos que los cuerpos estaban adentro. Se consumi\u00f3 todo\u00bb, cont\u00f3 el hijo.<\/p>\n<p>Tambi\u00e9n confirm\u00f3 que hubo un enfrentamiento armado. \u00ab<strong>Hubo entre 20 y 30 personas.<\/strong>\u00a0Mi padre repeli\u00f3 la acci\u00f3n. Fue herido. Se refugi\u00f3 en el dormitorio, justo en el lapso de tiempo en el que pudo llamar al 911&#8243;, sintetiz\u00f3.<\/p>\n<h2>Denuncian que grupos mapuches chilenos fueron entrenados por las FARC<\/h2>\n<p>La situaci\u00f3n violenta, tambi\u00e9n, tiene un componente que viene desde otros pa\u00edses, adem\u00e1s de Chile. El exfiscal de la regi\u00f3n de Araucan\u00eda, Francisco Ljubetic, denunci\u00f3 que varios grupos extremistas armados fueron instruidos en Colombia por las FARC. \u00abPor la instrucci\u00f3n, en las zonas<strong>\u00a0quedaron vestigios<\/strong>\u00a0de disparos\u00bb, asegur\u00f3.<\/p>\n<div class=\"field--name-field-video-kaltura\">\n<div id=\"kaltura_player_59adc9c97d389\" class=\"kaltura_player\"><\/div>\n<\/div>\n<p>Mientras tanto, los sectores mapuches se defienden. Aucan Huilcam\u00e1n, uno de los l\u00edderes menos radicalizados, habl\u00f3 con PPT. \u00ab<strong>Nadie quiere la violencia<\/strong>. Los mapuches no la queremos. El estado no tiene ning\u00fan inter\u00e9s de dialogar. Algunos tomaron una posici\u00f3n m\u00e1s firme y de desobediencia a la relaci\u00f3n institucional entre el Estado y los mapuches\u00bb, se defendi\u00f3.<\/p>\n<p>Fuente:\u00a0http:\/\/tn.com.ar\/politica\/la-guerra-de-la-tierra-mapuche-en-chile-incendios-muertes-y-ataques-vandalicos_817871<\/p>\n<\/div>\n<div class=\"col-12 news-article-tag-list\">\n<h6 class=\"visuallyhidden\"><\/h6>\n<\/div>\n<div class=\"related-tag clearfix\"><\/div>\n","protected":false},"excerpt":{"rendered":"<p>Tras la desaparici\u00f3n de\u00a0Santiago Maldonado\u00a0se destap\u00f3 la pelea por la tierra que se da en el sur de la Argentina. [&hellip;]<\/p>\n","protected":false},"author":2,"featured_media":34392,"comment_status":"open","ping_status":"open","sticky":false,"template":"","format":"standard","meta":{"site-sidebar-layout":"default","site-content-layout":"","ast-site-content-layout":"default","site-content-style":"default","site-sidebar-style":"default","ast-global-header-display":"","ast-banner-title-visibility":"","ast-main-header-display":"","ast-hfb-above-header-display":"","ast-hfb-below-header-display":"","ast-hfb-mobile-header-display":"","site-post-title":"","ast-breadcrumbs-content":"","ast-featured-img":"","footer-sml-layout":"","ast-disable-related-posts":"","theme-transparent-header-meta":"","adv-header-id-meta":"","stick-header-meta":"","header-above-stick-meta":"","header-main-stick-meta":"","header-below-stick-meta":"","astra-migrate-meta-layouts":"default","ast-page-background-enabled":"default","ast-page-background-meta":{"desktop":{"background-color":"var(--ast-global-color-5)","background-image":"","background-repeat":"repeat","background-position":"center center","background-size":"auto","background-attachment":"scroll","background-type":"","background-media":"","overlay-type":"","overlay-color":"","overlay-opacity":"","overlay-gradient":""},"tablet":{"background-color":"","background-image":"","background-repeat":"repeat","background-position":"center center","background-size":"auto","background-attachment":"scroll","background-type":"","background-media":"","overlay-type":"","overlay-color":"","overlay-opacity":"","overlay-gradient":""},"mobile":{"background-color":"","background-image":"","background-repeat":"repeat","background-position":"center center","background-size":"auto","background-attachment":"scroll","background-type":"","background-media":"","overlay-type":"","overlay-color":"","overlay-opacity":"","overlay-gradient":""}},"ast-content-background-meta":{"desktop":{"background-color":"var(--ast-global-color-4)","background-image":"","background-repeat":"repeat","background-position":"center center","background-size":"auto","background-attachment":"scroll","background-type":"","background-media":"","overlay-type":"","overlay-color":"","overlay-opacity":"","overlay-gradient":""},"tablet":{"background-color":"var(--ast-global-color-4)","background-image":"","background-repeat":"repeat","background-position":"center center","background-size":"auto","background-attachment":"scroll","background-type":"","background-media":"","overlay-type":"","overlay-color":"","overlay-opacity":"","overlay-gradient":""},"mobile":{"background-color":"var(--ast-global-color-4)","background-image":"","background-repeat":"repeat","background-position":"center center","background-size":"auto","background-attachment":"scroll","background-type":"","background-media":"","overlay-type":"","overlay-color":"","overlay-opacity":"","overlay-gradient":""}},"footnotes":""},"categories":[23,1],"tags":[],"class_list":["post-34390","post","type-post","status-publish","format-standard","has-post-thumbnail","hentry","category-internacionales","category-noticias"],"yoast_head":"<!-- This site is optimized with the Yoast SEO Premium plugin v23.0 (Yoast SEO v27.4) - https:\/\/yoast.com\/product\/yoast-seo-premium-wordpress\/ -->\n<title>La guerra de la tierra mapuche en Chile: incendios, muertes y ataques vand\u00e1licos<\/title>\n<meta name=\"robots\" content=\"index, follow, max-snippet:-1, max-image-preview:large, max-video-preview:-1\" \/>\n<link rel=\"canonical\" href=\"https:\/\/patagoniambiental.com.ar\/info\/la-guerra-de-la-tierra-mapuche-en-chile-incendios-muertes-y-ataques-vandalicos\/\" \/>\n<meta property=\"og:locale\" content=\"es_ES\" \/>\n<meta property=\"og:type\" content=\"article\" \/>\n<meta property=\"og:title\" content=\"La guerra de la tierra mapuche en Chile: incendios, muertes y ataques vand\u00e1licos\" \/>\n<meta property=\"og:description\" content=\"Tras la desaparici\u00f3n de\u00a0Santiago Maldonado\u00a0se destap\u00f3 la pelea por la tierra que se da en el sur de la Argentina. [&hellip;]\" \/>\n<meta property=\"og:url\" content=\"https:\/\/patagoniambiental.com.ar\/info\/la-guerra-de-la-tierra-mapuche-en-chile-incendios-muertes-y-ataques-vandalicos\/\" \/>\n<meta property=\"og:site_name\" content=\"Patagonia Ambiental\" \/>\n<meta property=\"article:publisher\" content=\"https:\/\/www.facebook.com\/patagonia.ambiental\" \/>\n<meta property=\"article:author\" content=\"https:\/\/www.facebook.com\/share\/1C1V8Gv9BX\/?mibextid=qi2Omg\" \/>\n<meta property=\"article:published_time\" content=\"2017-09-05T12:00:37+00:00\" \/>\n<meta property=\"og:image\" content=\"https:\/\/patagoniambiental.com.ar\/info\/wp-content\/uploads\/2017\/09\/incendio-520x245.jpg\" \/>\n\t<meta property=\"og:image:width\" content=\"520\" \/>\n\t<meta property=\"og:image:height\" content=\"245\" \/>\n\t<meta property=\"og:image:type\" content=\"image\/jpeg\" \/>\n<meta name=\"author\" content=\"Patagonia Ambiental\" \/>\n<meta name=\"twitter:card\" content=\"summary_large_image\" \/>\n<meta name=\"twitter:creator\" content=\"@PatAmb\" \/>\n<meta name=\"twitter:site\" content=\"@PatAmb\" \/>\n<script type=\"application\/ld+json\" class=\"yoast-schema-graph\">{\"@context\":\"https:\\\/\\\/schema.org\",\"@graph\":[{\"@type\":\"Article\",\"@id\":\"https:\\\/\\\/patagoniambiental.com.ar\\\/info\\\/la-guerra-de-la-tierra-mapuche-en-chile-incendios-muertes-y-ataques-vandalicos\\\/#article\",\"isPartOf\":{\"@id\":\"https:\\\/\\\/patagoniambiental.com.ar\\\/info\\\/la-guerra-de-la-tierra-mapuche-en-chile-incendios-muertes-y-ataques-vandalicos\\\/\"},\"author\":{\"name\":\"Patagonia Ambiental\",\"@id\":\"https:\\\/\\\/patagoniambiental.com.ar\\\/info\\\/#\\\/schema\\\/person\\\/db12bff64bbcbf6a253710bf0ea37b5d\"},\"headline\":\"La guerra de la tierra mapuche en Chile: incendios, muertes y ataques vand\u00e1licos\",\"datePublished\":\"2017-09-05T12:00:37+00:00\",\"mainEntityOfPage\":{\"@id\":\"https:\\\/\\\/patagoniambiental.com.ar\\\/info\\\/la-guerra-de-la-tierra-mapuche-en-chile-incendios-muertes-y-ataques-vandalicos\\\/\"},\"wordCount\":583,\"commentCount\":0,\"publisher\":{\"@id\":\"https:\\\/\\\/patagoniambiental.com.ar\\\/info\\\/#organization\"},\"image\":{\"@id\":\"https:\\\/\\\/patagoniambiental.com.ar\\\/info\\\/la-guerra-de-la-tierra-mapuche-en-chile-incendios-muertes-y-ataques-vandalicos\\\/#primaryimage\"},\"thumbnailUrl\":\"https:\\\/\\\/patagoniambiental.com.ar\\\/info\\\/wp-content\\\/uploads\\\/2017\\\/09\\\/incendio-520x245.jpg\",\"articleSection\":[\"Internacionales\",\"Noticias\"],\"inLanguage\":\"es\",\"potentialAction\":[{\"@type\":\"CommentAction\",\"name\":\"Comment\",\"target\":[\"https:\\\/\\\/patagoniambiental.com.ar\\\/info\\\/la-guerra-de-la-tierra-mapuche-en-chile-incendios-muertes-y-ataques-vandalicos\\\/#respond\"]}]},{\"@type\":\"WebPage\",\"@id\":\"https:\\\/\\\/patagoniambiental.com.ar\\\/info\\\/la-guerra-de-la-tierra-mapuche-en-chile-incendios-muertes-y-ataques-vandalicos\\\/\",\"url\":\"https:\\\/\\\/patagoniambiental.com.ar\\\/info\\\/la-guerra-de-la-tierra-mapuche-en-chile-incendios-muertes-y-ataques-vandalicos\\\/\",\"name\":\"La guerra de la tierra mapuche en Chile: incendios, muertes y ataques vand\u00e1licos\",\"isPartOf\":{\"@id\":\"https:\\\/\\\/patagoniambiental.com.ar\\\/info\\\/#website\"},\"primaryImageOfPage\":{\"@id\":\"https:\\\/\\\/patagoniambiental.com.ar\\\/info\\\/la-guerra-de-la-tierra-mapuche-en-chile-incendios-muertes-y-ataques-vandalicos\\\/#primaryimage\"},\"image\":{\"@id\":\"https:\\\/\\\/patagoniambiental.com.ar\\\/info\\\/la-guerra-de-la-tierra-mapuche-en-chile-incendios-muertes-y-ataques-vandalicos\\\/#primaryimage\"},\"thumbnailUrl\":\"https:\\\/\\\/patagoniambiental.com.ar\\\/info\\\/wp-content\\\/uploads\\\/2017\\\/09\\\/incendio-520x245.jpg\",\"datePublished\":\"2017-09-05T12:00:37+00:00\",\"breadcrumb\":{\"@id\":\"https:\\\/\\\/patagoniambiental.com.ar\\\/info\\\/la-guerra-de-la-tierra-mapuche-en-chile-incendios-muertes-y-ataques-vandalicos\\\/#breadcrumb\"},\"inLanguage\":\"es\",\"potentialAction\":[{\"@type\":\"ReadAction\",\"target\":[\"https:\\\/\\\/patagoniambiental.com.ar\\\/info\\\/la-guerra-de-la-tierra-mapuche-en-chile-incendios-muertes-y-ataques-vandalicos\\\/\"]}]},{\"@type\":\"ImageObject\",\"inLanguage\":\"es\",\"@id\":\"https:\\\/\\\/patagoniambiental.com.ar\\\/info\\\/la-guerra-de-la-tierra-mapuche-en-chile-incendios-muertes-y-ataques-vandalicos\\\/#primaryimage\",\"url\":\"https:\\\/\\\/patagoniambiental.com.ar\\\/info\\\/wp-content\\\/uploads\\\/2017\\\/09\\\/incendio-520x245.jpg\",\"contentUrl\":\"https:\\\/\\\/patagoniambiental.com.ar\\\/info\\\/wp-content\\\/uploads\\\/2017\\\/09\\\/incendio-520x245.jpg\",\"width\":520,\"height\":245},{\"@type\":\"BreadcrumbList\",\"@id\":\"https:\\\/\\\/patagoniambiental.com.ar\\\/info\\\/la-guerra-de-la-tierra-mapuche-en-chile-incendios-muertes-y-ataques-vandalicos\\\/#breadcrumb\",\"itemListElement\":[{\"@type\":\"ListItem\",\"position\":1,\"name\":\"Inicio\",\"item\":\"https:\\\/\\\/patagoniambiental.com.ar\\\/info\\\/\"},{\"@type\":\"ListItem\",\"position\":2,\"name\":\"La guerra de la tierra mapuche en Chile: incendios, muertes y ataques vand\u00e1licos\"}]},{\"@type\":\"WebSite\",\"@id\":\"https:\\\/\\\/patagoniambiental.com.ar\\\/info\\\/#website\",\"url\":\"https:\\\/\\\/patagoniambiental.com.ar\\\/info\\\/\",\"name\":\"Patagonia Ambiental\",\"description\":\"Monitoreo y an\u00e1lisis de la situaci\u00f3n geopol\u00edtica en el mundo y su implicancia en la Patagonia\",\"publisher\":{\"@id\":\"https:\\\/\\\/patagoniambiental.com.ar\\\/info\\\/#organization\"},\"potentialAction\":[{\"@type\":\"SearchAction\",\"target\":{\"@type\":\"EntryPoint\",\"urlTemplate\":\"https:\\\/\\\/patagoniambiental.com.ar\\\/info\\\/?s={search_term_string}\"},\"query-input\":{\"@type\":\"PropertyValueSpecification\",\"valueRequired\":true,\"valueName\":\"search_term_string\"}}],\"inLanguage\":\"es\"},{\"@type\":\"Organization\",\"@id\":\"https:\\\/\\\/patagoniambiental.com.ar\\\/info\\\/#organization\",\"name\":\"Patagonia Ambiental\",\"url\":\"https:\\\/\\\/patagoniambiental.com.ar\\\/info\\\/\",\"logo\":{\"@type\":\"ImageObject\",\"inLanguage\":\"es\",\"@id\":\"https:\\\/\\\/patagoniambiental.com.ar\\\/info\\\/#\\\/schema\\\/logo\\\/image\\\/\",\"url\":\"https:\\\/\\\/patagoniambiental.com.ar\\\/info\\\/wp-content\\\/uploads\\\/2025\\\/05\\\/LOGO-PATAGONIA-AMBIENTAL.png\",\"contentUrl\":\"https:\\\/\\\/patagoniambiental.com.ar\\\/info\\\/wp-content\\\/uploads\\\/2025\\\/05\\\/LOGO-PATAGONIA-AMBIENTAL.png\",\"width\":433,\"height\":250,\"caption\":\"Patagonia Ambiental\"},\"image\":{\"@id\":\"https:\\\/\\\/patagoniambiental.com.ar\\\/info\\\/#\\\/schema\\\/logo\\\/image\\\/\"},\"sameAs\":[\"https:\\\/\\\/www.facebook.com\\\/patagonia.ambiental\",\"https:\\\/\\\/x.com\\\/PatAmb\"]},{\"@type\":\"Person\",\"@id\":\"https:\\\/\\\/patagoniambiental.com.ar\\\/info\\\/#\\\/schema\\\/person\\\/db12bff64bbcbf6a253710bf0ea37b5d\",\"name\":\"Patagonia Ambiental\",\"description\":\"Andr\u00e9s Nievas T\u00e9cnico en manejo ambiental, consultor Ambiental y escritor para medios locales e internacionales sobre temas de geopolitica y medio ambiente.\",\"sameAs\":[\"http:\\\/\\\/www.patagoniambiental.com.ar\",\"https:\\\/\\\/www.facebook.com\\\/share\\\/1C1V8Gv9BX\\\/?mibextid=qi2Omg\",\"@patagoniambiental\",\"https:\\\/\\\/youtube.com\\\/@patagoniaambiental2023?si=BLt58t0wuXquxlYZ\"]}]}<\/script>\n<!-- \/ Yoast SEO Premium plugin. -->","yoast_head_json":{"title":"La guerra de la tierra mapuche en Chile: incendios, muertes y ataques vand\u00e1licos","robots":{"index":"index","follow":"follow","max-snippet":"max-snippet:-1","max-image-preview":"max-image-preview:large","max-video-preview":"max-video-preview:-1"},"canonical":"https:\/\/patagoniambiental.com.ar\/info\/la-guerra-de-la-tierra-mapuche-en-chile-incendios-muertes-y-ataques-vandalicos\/","og_locale":"es_ES","og_type":"article","og_title":"La guerra de la tierra mapuche en Chile: incendios, muertes y ataques vand\u00e1licos","og_description":"Tras la desaparici\u00f3n de\u00a0Santiago Maldonado\u00a0se destap\u00f3 la pelea por la tierra que se da en el sur de la Argentina. [&hellip;]","og_url":"https:\/\/patagoniambiental.com.ar\/info\/la-guerra-de-la-tierra-mapuche-en-chile-incendios-muertes-y-ataques-vandalicos\/","og_site_name":"Patagonia Ambiental","article_publisher":"https:\/\/www.facebook.com\/patagonia.ambiental","article_author":"https:\/\/www.facebook.com\/share\/1C1V8Gv9BX\/?mibextid=qi2Omg","article_published_time":"2017-09-05T12:00:37+00:00","og_image":[{"width":520,"height":245,"url":"https:\/\/patagoniambiental.com.ar\/info\/wp-content\/uploads\/2017\/09\/incendio-520x245.jpg","type":"image\/jpeg"}],"author":"Patagonia Ambiental","twitter_card":"summary_large_image","twitter_creator":"@PatAmb","twitter_site":"@PatAmb","schema":{"@context":"https:\/\/schema.org","@graph":[{"@type":"Article","@id":"https:\/\/patagoniambiental.com.ar\/info\/la-guerra-de-la-tierra-mapuche-en-chile-incendios-muertes-y-ataques-vandalicos\/#article","isPartOf":{"@id":"https:\/\/patagoniambiental.com.ar\/info\/la-guerra-de-la-tierra-mapuche-en-chile-incendios-muertes-y-ataques-vandalicos\/"},"author":{"name":"Patagonia Ambiental","@id":"https:\/\/patagoniambiental.com.ar\/info\/#\/schema\/person\/db12bff64bbcbf6a253710bf0ea37b5d"},"headline":"La guerra de la tierra mapuche en Chile: incendios, muertes y ataques vand\u00e1licos","datePublished":"2017-09-05T12:00:37+00:00","mainEntityOfPage":{"@id":"https:\/\/patagoniambiental.com.ar\/info\/la-guerra-de-la-tierra-mapuche-en-chile-incendios-muertes-y-ataques-vandalicos\/"},"wordCount":583,"commentCount":0,"publisher":{"@id":"https:\/\/patagoniambiental.com.ar\/info\/#organization"},"image":{"@id":"https:\/\/patagoniambiental.com.ar\/info\/la-guerra-de-la-tierra-mapuche-en-chile-incendios-muertes-y-ataques-vandalicos\/#primaryimage"},"thumbnailUrl":"https:\/\/patagoniambiental.com.ar\/info\/wp-content\/uploads\/2017\/09\/incendio-520x245.jpg","articleSection":["Internacionales","Noticias"],"inLanguage":"es","potentialAction":[{"@type":"CommentAction","name":"Comment","target":["https:\/\/patagoniambiental.com.ar\/info\/la-guerra-de-la-tierra-mapuche-en-chile-incendios-muertes-y-ataques-vandalicos\/#respond"]}]},{"@type":"WebPage","@id":"https:\/\/patagoniambiental.com.ar\/info\/la-guerra-de-la-tierra-mapuche-en-chile-incendios-muertes-y-ataques-vandalicos\/","url":"https:\/\/patagoniambiental.com.ar\/info\/la-guerra-de-la-tierra-mapuche-en-chile-incendios-muertes-y-ataques-vandalicos\/","name":"La guerra de la tierra mapuche en Chile: incendios, muertes y ataques vand\u00e1licos","isPartOf":{"@id":"https:\/\/patagoniambiental.com.ar\/info\/#website"},"primaryImageOfPage":{"@id":"https:\/\/patagoniambiental.com.ar\/info\/la-guerra-de-la-tierra-mapuche-en-chile-incendios-muertes-y-ataques-vandalicos\/#primaryimage"},"image":{"@id":"https:\/\/patagoniambiental.com.ar\/info\/la-guerra-de-la-tierra-mapuche-en-chile-incendios-muertes-y-ataques-vandalicos\/#primaryimage"},"thumbnailUrl":"https:\/\/patagoniambiental.com.ar\/info\/wp-content\/uploads\/2017\/09\/incendio-520x245.jpg","datePublished":"2017-09-05T12:00:37+00:00","breadcrumb":{"@id":"https:\/\/patagoniambiental.com.ar\/info\/la-guerra-de-la-tierra-mapuche-en-chile-incendios-muertes-y-ataques-vandalicos\/#breadcrumb"},"inLanguage":"es","potentialAction":[{"@type":"ReadAction","target":["https:\/\/patagoniambiental.com.ar\/info\/la-guerra-de-la-tierra-mapuche-en-chile-incendios-muertes-y-ataques-vandalicos\/"]}]},{"@type":"ImageObject","inLanguage":"es","@id":"https:\/\/patagoniambiental.com.ar\/info\/la-guerra-de-la-tierra-mapuche-en-chile-incendios-muertes-y-ataques-vandalicos\/#primaryimage","url":"https:\/\/patagoniambiental.com.ar\/info\/wp-content\/uploads\/2017\/09\/incendio-520x245.jpg","contentUrl":"https:\/\/patagoniambiental.com.ar\/info\/wp-content\/uploads\/2017\/09\/incendio-520x245.jpg","width":520,"height":245},{"@type":"BreadcrumbList","@id":"https:\/\/patagoniambiental.com.ar\/info\/la-guerra-de-la-tierra-mapuche-en-chile-incendios-muertes-y-ataques-vandalicos\/#breadcrumb","itemListElement":[{"@type":"ListItem","position":1,"name":"Inicio","item":"https:\/\/patagoniambiental.com.ar\/info\/"},{"@type":"ListItem","position":2,"name":"La guerra de la tierra mapuche en Chile: incendios, muertes y ataques vand\u00e1licos"}]},{"@type":"WebSite","@id":"https:\/\/patagoniambiental.com.ar\/info\/#website","url":"https:\/\/patagoniambiental.com.ar\/info\/","name":"Patagonia Ambiental","description":"Monitoreo y an\u00e1lisis de la situaci\u00f3n geopol\u00edtica en el mundo y su implicancia en la Patagonia","publisher":{"@id":"https:\/\/patagoniambiental.com.ar\/info\/#organization"},"potentialAction":[{"@type":"SearchAction","target":{"@type":"EntryPoint","urlTemplate":"https:\/\/patagoniambiental.com.ar\/info\/?s={search_term_string}"},"query-input":{"@type":"PropertyValueSpecification","valueRequired":true,"valueName":"search_term_string"}}],"inLanguage":"es"},{"@type":"Organization","@id":"https:\/\/patagoniambiental.com.ar\/info\/#organization","name":"Patagonia Ambiental","url":"https:\/\/patagoniambiental.com.ar\/info\/","logo":{"@type":"ImageObject","inLanguage":"es","@id":"https:\/\/patagoniambiental.com.ar\/info\/#\/schema\/logo\/image\/","url":"https:\/\/patagoniambiental.com.ar\/info\/wp-content\/uploads\/2025\/05\/LOGO-PATAGONIA-AMBIENTAL.png","contentUrl":"https:\/\/patagoniambiental.com.ar\/info\/wp-content\/uploads\/2025\/05\/LOGO-PATAGONIA-AMBIENTAL.png","width":433,"height":250,"caption":"Patagonia Ambiental"},"image":{"@id":"https:\/\/patagoniambiental.com.ar\/info\/#\/schema\/logo\/image\/"},"sameAs":["https:\/\/www.facebook.com\/patagonia.ambiental","https:\/\/x.com\/PatAmb"]},{"@type":"Person","@id":"https:\/\/patagoniambiental.com.ar\/info\/#\/schema\/person\/db12bff64bbcbf6a253710bf0ea37b5d","name":"Patagonia Ambiental","description":"Andr\u00e9s Nievas T\u00e9cnico en manejo ambiental, consultor Ambiental y escritor para medios locales e internacionales sobre temas de geopolitica y medio ambiente.","sameAs":["http:\/\/www.patagoniambiental.com.ar","https:\/\/www.facebook.com\/share\/1C1V8Gv9BX\/?mibextid=qi2Omg","@patagoniambiental","https:\/\/youtube.com\/@patagoniaambiental2023?si=BLt58t0wuXquxlYZ"]}]}},"_links":{"self":[{"href":"https:\/\/patagoniambiental.com.ar\/info\/wp-json\/wp\/v2\/posts\/34390","targetHints":{"allow":["GET"]}}],"collection":[{"href":"https:\/\/patagoniambiental.com.ar\/info\/wp-json\/wp\/v2\/posts"}],"about":[{"href":"https:\/\/patagoniambiental.com.ar\/info\/wp-json\/wp\/v2\/types\/post"}],"author":[{"embeddable":true,"href":"https:\/\/patagoniambiental.com.ar\/info\/wp-json\/wp\/v2\/users\/2"}],"replies":[{"embeddable":true,"href":"https:\/\/patagoniambiental.com.ar\/info\/wp-json\/wp\/v2\/comments?post=34390"}],"version-history":[{"count":0,"href":"https:\/\/patagoniambiental.com.ar\/info\/wp-json\/wp\/v2\/posts\/34390\/revisions"}],"wp:featuredmedia":[{"embeddable":true,"href":"https:\/\/patagoniambiental.com.ar\/info\/wp-json\/wp\/v2\/media\/34392"}],"wp:attachment":[{"href":"https:\/\/patagoniambiental.com.ar\/info\/wp-json\/wp\/v2\/media?parent=34390"}],"wp:term":[{"taxonomy":"category","embeddable":true,"href":"https:\/\/patagoniambiental.com.ar\/info\/wp-json\/wp\/v2\/categories?post=34390"},{"taxonomy":"post_tag","embeddable":true,"href":"https:\/\/patagoniambiental.com.ar\/info\/wp-json\/wp\/v2\/tags?post=34390"}],"curies":[{"name":"wp","href":"https:\/\/api.w.org\/{rel}","templated":true}]}}