{"id":34433,"date":"2017-09-05T09:00:40","date_gmt":"2017-09-05T12:00:40","guid":{"rendered":"http:\/\/patagoniambiental.com.ar\/info\/?p=34433"},"modified":"2017-09-05T10:19:47","modified_gmt":"2017-09-05T13:19:47","slug":"zara-felicito-a-alumnos-que-participaron-en-la-34-feria-de-educacion-arte-ciencia-y-tecnologia","status":"publish","type":"post","link":"https:\/\/patagoniambiental.com.ar\/info\/zara-felicito-a-alumnos-que-participaron-en-la-34-feria-de-educacion-arte-ciencia-y-tecnologia\/","title":{"rendered":"Zara felicit\u00f3 a alumnos que participaron en la 34 Feria de Educaci\u00f3n, Arte, Ciencia y Tecnolog\u00eda"},"content":{"rendered":"<div>\n<p class=\"x_gmail-xxxmsonormal\">Patagones.-El intendente, Jos\u00e9 Luis Zara, recibi\u00f3 hoy en su despacho a los alumnos que participaron de la 34 Feria Regional de Educaci\u00f3n, Arte, Ciencia y Tecnolog\u00eda, logrando la instancia provincial a desarrollarse en la localidad de Esteban Echeverr\u00eda, provincia de Buenos Aires.<\/p>\n<p><!--more--><\/p>\n<p class=\"x_gmail-xxxmsonormal\">Los j\u00f3venes \u00a0fueron seleccionados por \u00a0los proyectos: \u201cEvaluaci\u00f3n de diferentes sustratos en la producci\u00f3n de g\u00edrgolas\u201d, pertenecientes a la Escuela de Educaci\u00f3n Agraria N\u00ba1 Carlos Spegazzini y \u201c\u00bfNuestro r\u00edo cada vez m\u00e1s Negro?\u201d, del Instituto Mar\u00eda Auxiliadora \u2013IMA-.<\/p>\n<p><img fetchpriority=\"high\" decoding=\"async\" class=\"alignleft wp-image-34435 size-medium\" src=\"https:\/\/patagoniambiental.com.ar\/info\/wp-content\/uploads\/2017\/09\/thumbnail_Jovenes-participante-feria-de-ciencias-1-600x338.jpg\" alt=\"\" width=\"600\" height=\"338\" \/><\/p>\n<p class=\"x_gmail-xxxmsonormal\">En esta oportunidad Zara precis\u00f3: \u201cel fruto de este trabajo se debe al acompa\u00f1amiento que realiza Educaci\u00f3n y gracias a un equipo muy fuerte de directivos y docentes\u201d. A su vez, destac\u00f3 \u201ccontinuamos apostando a la Educaci\u00f3n ya que es la \u00fanica herramienta que tenemos para que el pa\u00eds crezca. Me pone muy contento que los \u00a0chicos se desaf\u00eden e interesen en participar\u201d.<\/p>\n<p class=\"x_gmail-xxxmsonormal\">\u201cEste a\u00f1o en la instancia distrital realizada en Carmen de Patagones y en Stroeder, participaron cerca de 50 proyectos de \u00a0escuelas de Patagones de diferentes modalidades y niveles. A la instancia regional fueron seleccionados 32 trabajos, 16 de Patagones Sur y 16 del resto del Distrito. Finalmente para la instancia provincial, quedaron dos proyectos. Lo que tratamos es incentivar a los alumnos para que participen\u201d, refiri\u00f3 la Coordinadora Distrital de Pol\u00edticas Socioeducativas, Cristina Caballero.<\/p>\n<p class=\"x_gmail-xxxmsonormal\">\u201cPretendemos que los j\u00f3venes sean reconocidos, al igual que los docentes, para que se involucren en la problem\u00e1tica y en las din\u00e1micas de la sociedad, las necesidades y el potencial que se tiene. Asimismo, se recupera la participaci\u00f3n de las escuelas y es un antes y un despu\u00e9s para los chicos, quienes se encuentran con gran variedad de proyectos, se incentivan en traer nuevas ideas y se retroalimentan\u201d, asegur\u00f3 la referente de Pol\u00edticas Socioeducativas, quien tambi\u00e9n explic\u00f3 que \u201cgracias al acompa\u00f1amiento de la municipalidad a trav\u00e9s del transporte, pudimos trasladar a los j\u00f3venes hacia los distintos lugares\u201d.<\/p>\n<p class=\"x_gmail-xxxmsonormal\">Durante la reuni\u00f3n con el jefe comunal, el cuerpo docente manifest\u00f3 la importancia de la feria debido a que posiciona a los alumnos como descubridores del conocimiento siendo muy productivo animarse a probar nuevas iniciativas.<\/p>\n<p class=\"x_gmail-xxxmsonormal\">Finalmente, los alumnos manifestaron el orgullo de sentirse parte de la feria y sobre todo expresaron satisfacci\u00f3n por el esfuerzo dedicado en los proyectos.<\/p>\n<p class=\"x_gmail-xxxmsonormal\">La 34 Feria Regional de Educaci\u00f3n, Arte, Ciencia y Tecnolog\u00eda cuenta con cinco instancias: escolar, distrital, regional, provincial y nacional; esta \u00faltima etapa se desarrollar\u00e1 en Tecn\u00f3polis en el mes de octubre.<\/p>\n<p class=\"x_gmail-xxxmsonormal\">Del certamen participan universidades y especialistas y se apuesta entre otros aspectos al desarrollo tecnol\u00f3gico.<\/p>\n<p class=\"x_gmail-xxxmsonormal\">\u00a0Acompa\u00f1aron el encuentro, el Director de la Escuela de Educaci\u00f3n Agraria N\u00ba1 Carlos Spegazzini, Dar\u00edo Ricca; la vicedirectora y docente asesora Yanina Fumarola; luego por el Instituto Mar\u00eda Auxiliadora \u2013IMA- la docente asesora B\u00e1rbara Sastre y el Director de la instituci\u00f3n, Christian Abraham.<\/p>\n<\/div>\n<p>&nbsp;<\/p>\n<p>Fuente:\u00a0<span style=\"font-size: small;\">Direcci\u00f3n de Comunicaci\u00f3n Institucional<\/span><\/p>\n<div class=\"x_gmail_signature\">\n<div dir=\"ltr\">\n<div>\n<div dir=\"ltr\">\n<div>\n<div dir=\"ltr\">\n<div>\n<div dir=\"ltr\">\n<div>\n<div dir=\"ltr\">\n<div><b><span style=\"font-size: small;\">MUNICIPALIDAD DE PATAGONES<\/span><\/b><\/div>\n<\/div>\n<\/div>\n<\/div>\n<\/div>\n<\/div>\n<\/div>\n<\/div>\n<\/div>\n<\/div>\n<\/div>\n","protected":false},"excerpt":{"rendered":"<p>Patagones.-El intendente, Jos\u00e9 Luis Zara, recibi\u00f3 hoy en su despacho a los alumnos que participaron de la 34 Feria Regional [&hellip;]<\/p>\n","protected":false},"author":2,"featured_media":34434,"comment_status":"open","ping_status":"open","sticky":false,"template":"","format":"standard","meta":{"site-sidebar-layout":"default","site-content-layout":"","ast-site-content-layout":"default","site-content-style":"default","site-sidebar-style":"default","ast-global-header-display":"","ast-banner-title-visibility":"","ast-main-header-display":"","ast-hfb-above-header-display":"","ast-hfb-below-header-display":"","ast-hfb-mobile-header-display":"","site-post-title":"","ast-breadcrumbs-content":"","ast-featured-img":"","footer-sml-layout":"","ast-disable-related-posts":"","theme-transparent-header-meta":"","adv-header-id-meta":"","stick-header-meta":"","header-above-stick-meta":"","header-main-stick-meta":"","header-below-stick-meta":"","astra-migrate-meta-layouts":"default","ast-page-background-enabled":"default","ast-page-background-meta":{"desktop":{"background-color":"var(--ast-global-color-5)","background-image":"","background-repeat":"repeat","background-position":"center center","background-size":"auto","background-attachment":"scroll","background-type":"","background-media":"","overlay-type":"","overlay-color":"","overlay-opacity":"","overlay-gradient":""},"tablet":{"background-color":"","background-image":"","background-repeat":"repeat","background-position":"center center","background-size":"auto","background-attachment":"scroll","background-type":"","background-media":"","overlay-type":"","overlay-color":"","overlay-opacity":"","overlay-gradient":""},"mobile":{"background-color":"","background-image":"","background-repeat":"repeat","background-position":"center center","background-size":"auto","background-attachment":"scroll","background-type":"","background-media":"","overlay-type":"","overlay-color":"","overlay-opacity":"","overlay-gradient":""}},"ast-content-background-meta":{"desktop":{"background-color":"var(--ast-global-color-4)","background-image":"","background-repeat":"repeat","background-position":"center center","background-size":"auto","background-attachment":"scroll","background-type":"","background-media":"","overlay-type":"","overlay-color":"","overlay-opacity":"","overlay-gradient":""},"tablet":{"background-color":"var(--ast-global-color-4)","background-image":"","background-repeat":"repeat","background-position":"center center","background-size":"auto","background-attachment":"scroll","background-type":"","background-media":"","overlay-type":"","overlay-color":"","overlay-opacity":"","overlay-gradient":""},"mobile":{"background-color":"var(--ast-global-color-4)","background-image":"","background-repeat":"repeat","background-position":"center center","background-size":"auto","background-attachment":"scroll","background-type":"","background-media":"","overlay-type":"","overlay-color":"","overlay-opacity":"","overlay-gradient":""}},"footnotes":""},"categories":[16,1],"tags":[],"class_list":["post-34433","post","type-post","status-publish","format-standard","has-post-thumbnail","hentry","category-municipales","category-noticias"],"yoast_head":"<!-- This site is optimized with the Yoast SEO Premium plugin v23.0 (Yoast SEO v27.4) - https:\/\/yoast.com\/product\/yoast-seo-premium-wordpress\/ -->\n<title>Zara felicit\u00f3 a alumnos que participaron en la 34 Feria de Educaci\u00f3n, Arte, Ciencia y Tecnolog\u00eda<\/title>\n<meta name=\"robots\" content=\"index, follow, max-snippet:-1, max-image-preview:large, max-video-preview:-1\" \/>\n<link rel=\"canonical\" href=\"https:\/\/patagoniambiental.com.ar\/info\/zara-felicito-a-alumnos-que-participaron-en-la-34-feria-de-educacion-arte-ciencia-y-tecnologia\/\" \/>\n<meta property=\"og:locale\" content=\"es_ES\" \/>\n<meta property=\"og:type\" content=\"article\" \/>\n<meta property=\"og:title\" content=\"Zara felicit\u00f3 a alumnos que participaron en la 34 Feria de Educaci\u00f3n, Arte, Ciencia y Tecnolog\u00eda\" \/>\n<meta property=\"og:description\" content=\"Patagones.-El intendente, Jos\u00e9 Luis Zara, recibi\u00f3 hoy en su despacho a los alumnos que participaron de la 34 Feria Regional [&hellip;]\" \/>\n<meta property=\"og:url\" content=\"https:\/\/patagoniambiental.com.ar\/info\/zara-felicito-a-alumnos-que-participaron-en-la-34-feria-de-educacion-arte-ciencia-y-tecnologia\/\" \/>\n<meta property=\"og:site_name\" content=\"Patagonia Ambiental\" \/>\n<meta property=\"article:publisher\" content=\"https:\/\/www.facebook.com\/patagonia.ambiental\" \/>\n<meta property=\"article:author\" content=\"https:\/\/www.facebook.com\/share\/1C1V8Gv9BX\/?mibextid=qi2Omg\" \/>\n<meta property=\"article:published_time\" content=\"2017-09-05T12:00:40+00:00\" \/>\n<meta property=\"article:modified_time\" content=\"2017-09-05T13:19:47+00:00\" \/>\n<meta property=\"og:image\" content=\"https:\/\/patagoniambiental.com.ar\/info\/wp-content\/uploads\/2017\/09\/thumbnail_Jovenes-participante-feria-de-ciencias-4.jpg\" \/>\n\t<meta property=\"og:image:width\" content=\"750\" \/>\n\t<meta property=\"og:image:height\" content=\"457\" \/>\n\t<meta property=\"og:image:type\" content=\"image\/jpeg\" \/>\n<meta name=\"author\" content=\"Patagonia Ambiental\" \/>\n<meta name=\"twitter:card\" content=\"summary_large_image\" \/>\n<meta name=\"twitter:creator\" content=\"@PatAmb\" \/>\n<meta name=\"twitter:site\" content=\"@PatAmb\" \/>\n<script type=\"application\/ld+json\" class=\"yoast-schema-graph\">{\"@context\":\"https:\\\/\\\/schema.org\",\"@graph\":[{\"@type\":\"Article\",\"@id\":\"https:\\\/\\\/patagoniambiental.com.ar\\\/info\\\/zara-felicito-a-alumnos-que-participaron-en-la-34-feria-de-educacion-arte-ciencia-y-tecnologia\\\/#article\",\"isPartOf\":{\"@id\":\"https:\\\/\\\/patagoniambiental.com.ar\\\/info\\\/zara-felicito-a-alumnos-que-participaron-en-la-34-feria-de-educacion-arte-ciencia-y-tecnologia\\\/\"},\"author\":{\"name\":\"Patagonia Ambiental\",\"@id\":\"https:\\\/\\\/patagoniambiental.com.ar\\\/info\\\/#\\\/schema\\\/person\\\/db12bff64bbcbf6a253710bf0ea37b5d\"},\"headline\":\"Zara felicit\u00f3 a alumnos que participaron en la 34 Feria de Educaci\u00f3n, Arte, Ciencia y Tecnolog\u00eda\",\"datePublished\":\"2017-09-05T12:00:40+00:00\",\"dateModified\":\"2017-09-05T13:19:47+00:00\",\"mainEntityOfPage\":{\"@id\":\"https:\\\/\\\/patagoniambiental.com.ar\\\/info\\\/zara-felicito-a-alumnos-que-participaron-en-la-34-feria-de-educacion-arte-ciencia-y-tecnologia\\\/\"},\"wordCount\":526,\"commentCount\":0,\"publisher\":{\"@id\":\"https:\\\/\\\/patagoniambiental.com.ar\\\/info\\\/#organization\"},\"image\":{\"@id\":\"https:\\\/\\\/patagoniambiental.com.ar\\\/info\\\/zara-felicito-a-alumnos-que-participaron-en-la-34-feria-de-educacion-arte-ciencia-y-tecnologia\\\/#primaryimage\"},\"thumbnailUrl\":\"https:\\\/\\\/patagoniambiental.com.ar\\\/info\\\/wp-content\\\/uploads\\\/2017\\\/09\\\/thumbnail_Jovenes-participante-feria-de-ciencias-4.jpg\",\"articleSection\":[\"Municipales\",\"Noticias\"],\"inLanguage\":\"es\",\"potentialAction\":[{\"@type\":\"CommentAction\",\"name\":\"Comment\",\"target\":[\"https:\\\/\\\/patagoniambiental.com.ar\\\/info\\\/zara-felicito-a-alumnos-que-participaron-en-la-34-feria-de-educacion-arte-ciencia-y-tecnologia\\\/#respond\"]}]},{\"@type\":\"WebPage\",\"@id\":\"https:\\\/\\\/patagoniambiental.com.ar\\\/info\\\/zara-felicito-a-alumnos-que-participaron-en-la-34-feria-de-educacion-arte-ciencia-y-tecnologia\\\/\",\"url\":\"https:\\\/\\\/patagoniambiental.com.ar\\\/info\\\/zara-felicito-a-alumnos-que-participaron-en-la-34-feria-de-educacion-arte-ciencia-y-tecnologia\\\/\",\"name\":\"Zara felicit\u00f3 a alumnos que participaron en la 34 Feria de Educaci\u00f3n, Arte, Ciencia y Tecnolog\u00eda\",\"isPartOf\":{\"@id\":\"https:\\\/\\\/patagoniambiental.com.ar\\\/info\\\/#website\"},\"primaryImageOfPage\":{\"@id\":\"https:\\\/\\\/patagoniambiental.com.ar\\\/info\\\/zara-felicito-a-alumnos-que-participaron-en-la-34-feria-de-educacion-arte-ciencia-y-tecnologia\\\/#primaryimage\"},\"image\":{\"@id\":\"https:\\\/\\\/patagoniambiental.com.ar\\\/info\\\/zara-felicito-a-alumnos-que-participaron-en-la-34-feria-de-educacion-arte-ciencia-y-tecnologia\\\/#primaryimage\"},\"thumbnailUrl\":\"https:\\\/\\\/patagoniambiental.com.ar\\\/info\\\/wp-content\\\/uploads\\\/2017\\\/09\\\/thumbnail_Jovenes-participante-feria-de-ciencias-4.jpg\",\"datePublished\":\"2017-09-05T12:00:40+00:00\",\"dateModified\":\"2017-09-05T13:19:47+00:00\",\"breadcrumb\":{\"@id\":\"https:\\\/\\\/patagoniambiental.com.ar\\\/info\\\/zara-felicito-a-alumnos-que-participaron-en-la-34-feria-de-educacion-arte-ciencia-y-tecnologia\\\/#breadcrumb\"},\"inLanguage\":\"es\",\"potentialAction\":[{\"@type\":\"ReadAction\",\"target\":[\"https:\\\/\\\/patagoniambiental.com.ar\\\/info\\\/zara-felicito-a-alumnos-que-participaron-en-la-34-feria-de-educacion-arte-ciencia-y-tecnologia\\\/\"]}]},{\"@type\":\"ImageObject\",\"inLanguage\":\"es\",\"@id\":\"https:\\\/\\\/patagoniambiental.com.ar\\\/info\\\/zara-felicito-a-alumnos-que-participaron-en-la-34-feria-de-educacion-arte-ciencia-y-tecnologia\\\/#primaryimage\",\"url\":\"https:\\\/\\\/patagoniambiental.com.ar\\\/info\\\/wp-content\\\/uploads\\\/2017\\\/09\\\/thumbnail_Jovenes-participante-feria-de-ciencias-4.jpg\",\"contentUrl\":\"https:\\\/\\\/patagoniambiental.com.ar\\\/info\\\/wp-content\\\/uploads\\\/2017\\\/09\\\/thumbnail_Jovenes-participante-feria-de-ciencias-4.jpg\",\"width\":750,\"height\":457},{\"@type\":\"BreadcrumbList\",\"@id\":\"https:\\\/\\\/patagoniambiental.com.ar\\\/info\\\/zara-felicito-a-alumnos-que-participaron-en-la-34-feria-de-educacion-arte-ciencia-y-tecnologia\\\/#breadcrumb\",\"itemListElement\":[{\"@type\":\"ListItem\",\"position\":1,\"name\":\"Inicio\",\"item\":\"https:\\\/\\\/patagoniambiental.com.ar\\\/info\\\/\"},{\"@type\":\"ListItem\",\"position\":2,\"name\":\"Zara felicit\u00f3 a alumnos que participaron en la 34 Feria de Educaci\u00f3n, Arte, Ciencia y Tecnolog\u00eda\"}]},{\"@type\":\"WebSite\",\"@id\":\"https:\\\/\\\/patagoniambiental.com.ar\\\/info\\\/#website\",\"url\":\"https:\\\/\\\/patagoniambiental.com.ar\\\/info\\\/\",\"name\":\"Patagonia Ambiental\",\"description\":\"Monitoreo y an\u00e1lisis de la situaci\u00f3n geopol\u00edtica en el mundo y su implicancia en la Patagonia\",\"publisher\":{\"@id\":\"https:\\\/\\\/patagoniambiental.com.ar\\\/info\\\/#organization\"},\"potentialAction\":[{\"@type\":\"SearchAction\",\"target\":{\"@type\":\"EntryPoint\",\"urlTemplate\":\"https:\\\/\\\/patagoniambiental.com.ar\\\/info\\\/?s={search_term_string}\"},\"query-input\":{\"@type\":\"PropertyValueSpecification\",\"valueRequired\":true,\"valueName\":\"search_term_string\"}}],\"inLanguage\":\"es\"},{\"@type\":\"Organization\",\"@id\":\"https:\\\/\\\/patagoniambiental.com.ar\\\/info\\\/#organization\",\"name\":\"Patagonia Ambiental\",\"url\":\"https:\\\/\\\/patagoniambiental.com.ar\\\/info\\\/\",\"logo\":{\"@type\":\"ImageObject\",\"inLanguage\":\"es\",\"@id\":\"https:\\\/\\\/patagoniambiental.com.ar\\\/info\\\/#\\\/schema\\\/logo\\\/image\\\/\",\"url\":\"https:\\\/\\\/patagoniambiental.com.ar\\\/info\\\/wp-content\\\/uploads\\\/2025\\\/05\\\/LOGO-PATAGONIA-AMBIENTAL.png\",\"contentUrl\":\"https:\\\/\\\/patagoniambiental.com.ar\\\/info\\\/wp-content\\\/uploads\\\/2025\\\/05\\\/LOGO-PATAGONIA-AMBIENTAL.png\",\"width\":433,\"height\":250,\"caption\":\"Patagonia Ambiental\"},\"image\":{\"@id\":\"https:\\\/\\\/patagoniambiental.com.ar\\\/info\\\/#\\\/schema\\\/logo\\\/image\\\/\"},\"sameAs\":[\"https:\\\/\\\/www.facebook.com\\\/patagonia.ambiental\",\"https:\\\/\\\/x.com\\\/PatAmb\"]},{\"@type\":\"Person\",\"@id\":\"https:\\\/\\\/patagoniambiental.com.ar\\\/info\\\/#\\\/schema\\\/person\\\/db12bff64bbcbf6a253710bf0ea37b5d\",\"name\":\"Patagonia Ambiental\",\"description\":\"Andr\u00e9s Nievas T\u00e9cnico en manejo ambiental, consultor Ambiental y escritor para medios locales e internacionales sobre temas de geopolitica y medio ambiente.\",\"sameAs\":[\"http:\\\/\\\/www.patagoniambiental.com.ar\",\"https:\\\/\\\/www.facebook.com\\\/share\\\/1C1V8Gv9BX\\\/?mibextid=qi2Omg\",\"@patagoniambiental\",\"https:\\\/\\\/youtube.com\\\/@patagoniaambiental2023?si=BLt58t0wuXquxlYZ\"]}]}<\/script>\n<!-- \/ Yoast SEO Premium plugin. -->","yoast_head_json":{"title":"Zara felicit\u00f3 a alumnos que participaron en la 34 Feria de Educaci\u00f3n, Arte, Ciencia y Tecnolog\u00eda","robots":{"index":"index","follow":"follow","max-snippet":"max-snippet:-1","max-image-preview":"max-image-preview:large","max-video-preview":"max-video-preview:-1"},"canonical":"https:\/\/patagoniambiental.com.ar\/info\/zara-felicito-a-alumnos-que-participaron-en-la-34-feria-de-educacion-arte-ciencia-y-tecnologia\/","og_locale":"es_ES","og_type":"article","og_title":"Zara felicit\u00f3 a alumnos que participaron en la 34 Feria de Educaci\u00f3n, Arte, Ciencia y Tecnolog\u00eda","og_description":"Patagones.-El intendente, Jos\u00e9 Luis Zara, recibi\u00f3 hoy en su despacho a los alumnos que participaron de la 34 Feria Regional [&hellip;]","og_url":"https:\/\/patagoniambiental.com.ar\/info\/zara-felicito-a-alumnos-que-participaron-en-la-34-feria-de-educacion-arte-ciencia-y-tecnologia\/","og_site_name":"Patagonia Ambiental","article_publisher":"https:\/\/www.facebook.com\/patagonia.ambiental","article_author":"https:\/\/www.facebook.com\/share\/1C1V8Gv9BX\/?mibextid=qi2Omg","article_published_time":"2017-09-05T12:00:40+00:00","article_modified_time":"2017-09-05T13:19:47+00:00","og_image":[{"width":750,"height":457,"url":"https:\/\/patagoniambiental.com.ar\/info\/wp-content\/uploads\/2017\/09\/thumbnail_Jovenes-participante-feria-de-ciencias-4.jpg","type":"image\/jpeg"}],"author":"Patagonia Ambiental","twitter_card":"summary_large_image","twitter_creator":"@PatAmb","twitter_site":"@PatAmb","schema":{"@context":"https:\/\/schema.org","@graph":[{"@type":"Article","@id":"https:\/\/patagoniambiental.com.ar\/info\/zara-felicito-a-alumnos-que-participaron-en-la-34-feria-de-educacion-arte-ciencia-y-tecnologia\/#article","isPartOf":{"@id":"https:\/\/patagoniambiental.com.ar\/info\/zara-felicito-a-alumnos-que-participaron-en-la-34-feria-de-educacion-arte-ciencia-y-tecnologia\/"},"author":{"name":"Patagonia Ambiental","@id":"https:\/\/patagoniambiental.com.ar\/info\/#\/schema\/person\/db12bff64bbcbf6a253710bf0ea37b5d"},"headline":"Zara felicit\u00f3 a alumnos que participaron en la 34 Feria de Educaci\u00f3n, Arte, Ciencia y Tecnolog\u00eda","datePublished":"2017-09-05T12:00:40+00:00","dateModified":"2017-09-05T13:19:47+00:00","mainEntityOfPage":{"@id":"https:\/\/patagoniambiental.com.ar\/info\/zara-felicito-a-alumnos-que-participaron-en-la-34-feria-de-educacion-arte-ciencia-y-tecnologia\/"},"wordCount":526,"commentCount":0,"publisher":{"@id":"https:\/\/patagoniambiental.com.ar\/info\/#organization"},"image":{"@id":"https:\/\/patagoniambiental.com.ar\/info\/zara-felicito-a-alumnos-que-participaron-en-la-34-feria-de-educacion-arte-ciencia-y-tecnologia\/#primaryimage"},"thumbnailUrl":"https:\/\/patagoniambiental.com.ar\/info\/wp-content\/uploads\/2017\/09\/thumbnail_Jovenes-participante-feria-de-ciencias-4.jpg","articleSection":["Municipales","Noticias"],"inLanguage":"es","potentialAction":[{"@type":"CommentAction","name":"Comment","target":["https:\/\/patagoniambiental.com.ar\/info\/zara-felicito-a-alumnos-que-participaron-en-la-34-feria-de-educacion-arte-ciencia-y-tecnologia\/#respond"]}]},{"@type":"WebPage","@id":"https:\/\/patagoniambiental.com.ar\/info\/zara-felicito-a-alumnos-que-participaron-en-la-34-feria-de-educacion-arte-ciencia-y-tecnologia\/","url":"https:\/\/patagoniambiental.com.ar\/info\/zara-felicito-a-alumnos-que-participaron-en-la-34-feria-de-educacion-arte-ciencia-y-tecnologia\/","name":"Zara felicit\u00f3 a alumnos que participaron en la 34 Feria de Educaci\u00f3n, Arte, Ciencia y Tecnolog\u00eda","isPartOf":{"@id":"https:\/\/patagoniambiental.com.ar\/info\/#website"},"primaryImageOfPage":{"@id":"https:\/\/patagoniambiental.com.ar\/info\/zara-felicito-a-alumnos-que-participaron-en-la-34-feria-de-educacion-arte-ciencia-y-tecnologia\/#primaryimage"},"image":{"@id":"https:\/\/patagoniambiental.com.ar\/info\/zara-felicito-a-alumnos-que-participaron-en-la-34-feria-de-educacion-arte-ciencia-y-tecnologia\/#primaryimage"},"thumbnailUrl":"https:\/\/patagoniambiental.com.ar\/info\/wp-content\/uploads\/2017\/09\/thumbnail_Jovenes-participante-feria-de-ciencias-4.jpg","datePublished":"2017-09-05T12:00:40+00:00","dateModified":"2017-09-05T13:19:47+00:00","breadcrumb":{"@id":"https:\/\/patagoniambiental.com.ar\/info\/zara-felicito-a-alumnos-que-participaron-en-la-34-feria-de-educacion-arte-ciencia-y-tecnologia\/#breadcrumb"},"inLanguage":"es","potentialAction":[{"@type":"ReadAction","target":["https:\/\/patagoniambiental.com.ar\/info\/zara-felicito-a-alumnos-que-participaron-en-la-34-feria-de-educacion-arte-ciencia-y-tecnologia\/"]}]},{"@type":"ImageObject","inLanguage":"es","@id":"https:\/\/patagoniambiental.com.ar\/info\/zara-felicito-a-alumnos-que-participaron-en-la-34-feria-de-educacion-arte-ciencia-y-tecnologia\/#primaryimage","url":"https:\/\/patagoniambiental.com.ar\/info\/wp-content\/uploads\/2017\/09\/thumbnail_Jovenes-participante-feria-de-ciencias-4.jpg","contentUrl":"https:\/\/patagoniambiental.com.ar\/info\/wp-content\/uploads\/2017\/09\/thumbnail_Jovenes-participante-feria-de-ciencias-4.jpg","width":750,"height":457},{"@type":"BreadcrumbList","@id":"https:\/\/patagoniambiental.com.ar\/info\/zara-felicito-a-alumnos-que-participaron-en-la-34-feria-de-educacion-arte-ciencia-y-tecnologia\/#breadcrumb","itemListElement":[{"@type":"ListItem","position":1,"name":"Inicio","item":"https:\/\/patagoniambiental.com.ar\/info\/"},{"@type":"ListItem","position":2,"name":"Zara felicit\u00f3 a alumnos que participaron en la 34 Feria de Educaci\u00f3n, Arte, Ciencia y Tecnolog\u00eda"}]},{"@type":"WebSite","@id":"https:\/\/patagoniambiental.com.ar\/info\/#website","url":"https:\/\/patagoniambiental.com.ar\/info\/","name":"Patagonia Ambiental","description":"Monitoreo y an\u00e1lisis de la situaci\u00f3n geopol\u00edtica en el mundo y su implicancia en la Patagonia","publisher":{"@id":"https:\/\/patagoniambiental.com.ar\/info\/#organization"},"potentialAction":[{"@type":"SearchAction","target":{"@type":"EntryPoint","urlTemplate":"https:\/\/patagoniambiental.com.ar\/info\/?s={search_term_string}"},"query-input":{"@type":"PropertyValueSpecification","valueRequired":true,"valueName":"search_term_string"}}],"inLanguage":"es"},{"@type":"Organization","@id":"https:\/\/patagoniambiental.com.ar\/info\/#organization","name":"Patagonia Ambiental","url":"https:\/\/patagoniambiental.com.ar\/info\/","logo":{"@type":"ImageObject","inLanguage":"es","@id":"https:\/\/patagoniambiental.com.ar\/info\/#\/schema\/logo\/image\/","url":"https:\/\/patagoniambiental.com.ar\/info\/wp-content\/uploads\/2025\/05\/LOGO-PATAGONIA-AMBIENTAL.png","contentUrl":"https:\/\/patagoniambiental.com.ar\/info\/wp-content\/uploads\/2025\/05\/LOGO-PATAGONIA-AMBIENTAL.png","width":433,"height":250,"caption":"Patagonia Ambiental"},"image":{"@id":"https:\/\/patagoniambiental.com.ar\/info\/#\/schema\/logo\/image\/"},"sameAs":["https:\/\/www.facebook.com\/patagonia.ambiental","https:\/\/x.com\/PatAmb"]},{"@type":"Person","@id":"https:\/\/patagoniambiental.com.ar\/info\/#\/schema\/person\/db12bff64bbcbf6a253710bf0ea37b5d","name":"Patagonia Ambiental","description":"Andr\u00e9s Nievas T\u00e9cnico en manejo ambiental, consultor Ambiental y escritor para medios locales e internacionales sobre temas de geopolitica y medio ambiente.","sameAs":["http:\/\/www.patagoniambiental.com.ar","https:\/\/www.facebook.com\/share\/1C1V8Gv9BX\/?mibextid=qi2Omg","@patagoniambiental","https:\/\/youtube.com\/@patagoniaambiental2023?si=BLt58t0wuXquxlYZ"]}]}},"_links":{"self":[{"href":"https:\/\/patagoniambiental.com.ar\/info\/wp-json\/wp\/v2\/posts\/34433","targetHints":{"allow":["GET"]}}],"collection":[{"href":"https:\/\/patagoniambiental.com.ar\/info\/wp-json\/wp\/v2\/posts"}],"about":[{"href":"https:\/\/patagoniambiental.com.ar\/info\/wp-json\/wp\/v2\/types\/post"}],"author":[{"embeddable":true,"href":"https:\/\/patagoniambiental.com.ar\/info\/wp-json\/wp\/v2\/users\/2"}],"replies":[{"embeddable":true,"href":"https:\/\/patagoniambiental.com.ar\/info\/wp-json\/wp\/v2\/comments?post=34433"}],"version-history":[{"count":0,"href":"https:\/\/patagoniambiental.com.ar\/info\/wp-json\/wp\/v2\/posts\/34433\/revisions"}],"wp:featuredmedia":[{"embeddable":true,"href":"https:\/\/patagoniambiental.com.ar\/info\/wp-json\/wp\/v2\/media\/34434"}],"wp:attachment":[{"href":"https:\/\/patagoniambiental.com.ar\/info\/wp-json\/wp\/v2\/media?parent=34433"}],"wp:term":[{"taxonomy":"category","embeddable":true,"href":"https:\/\/patagoniambiental.com.ar\/info\/wp-json\/wp\/v2\/categories?post=34433"},{"taxonomy":"post_tag","embeddable":true,"href":"https:\/\/patagoniambiental.com.ar\/info\/wp-json\/wp\/v2\/tags?post=34433"}],"curies":[{"name":"wp","href":"https:\/\/api.w.org\/{rel}","templated":true}]}}