{"id":34458,"date":"2017-09-05T19:00:37","date_gmt":"2017-09-05T22:00:37","guid":{"rendered":"http:\/\/patagoniambiental.com.ar\/info\/?p=34458"},"modified":"2017-09-05T16:46:06","modified_gmt":"2017-09-05T19:46:06","slug":"avanza-el-parque-eolico-la-castellana-en-villarino","status":"publish","type":"post","link":"https:\/\/patagoniambiental.com.ar\/info\/avanza-el-parque-eolico-la-castellana-en-villarino\/","title":{"rendered":"Avanza el Parque E\u00f3lico La Castellana en Villarino"},"content":{"rendered":"<div>\n<header class=\"entry-header\">\n<p class=\"entry-title\">Municipalidad de Villarino.-Desde la Agencia de Energ\u00edas Renovables de Villarino (AGERVI) se est\u00e1 avanzando en la construcci\u00f3n del Parque E\u00f3lico La Castellana.<!--more--><\/p>\n<p class=\"entry-title\">El Intendente Municipal, Carlos Bevilacqua, y medios de comunicaci\u00f3n de la zona se acercaron hasta el predio para ver el rellenado de las bases donde se colocar\u00e1n los molinos que llegan en el mes de noviembre.<\/p>\n<\/header>\n<div class=\"entry-content clearfix\">\n<p><img fetchpriority=\"high\" decoding=\"async\" class=\"aligncenter size-large wp-image-16772\" src=\"http:\/\/www.villarino.gob.ar\/wp-content\/uploads\/2017\/09\/IMG_2154-2-1024x683.png\" sizes=\"(max-width: 660px) 100vw, 660px\" srcset=\"http:\/\/www.villarino.gob.ar\/wp-content\/uploads\/2017\/09\/IMG_2154-2-300x200.png 300w, http:\/\/www.villarino.gob.ar\/wp-content\/uploads\/2017\/09\/IMG_2154-2-768x512.png 768w, http:\/\/www.villarino.gob.ar\/wp-content\/uploads\/2017\/09\/IMG_2154-2-1024x683.png 1024w\" alt=\"IMG_2154-2\" width=\"660\" height=\"440\" \/><br \/>\nEn esta etapa, se tuvo que construir\u00a0en el terreno una planta de hormig\u00f3n m\u00f3vil para hacer los 400 m\u00b3 de este material que necesitan cada una de las bases. Ya se completaron\u00a0m\u00e1s de 3 de las 32 bases que estar\u00e1n listas para la primera semana de noviembre.<\/p>\n<p><img decoding=\"async\" class=\"aligncenter size-large wp-image-16768\" src=\"http:\/\/www.villarino.gob.ar\/wp-content\/uploads\/2017\/09\/85ce7d06-94b2-4b0a-a7c0-962e7e6f013b-1024x665.jpg\" sizes=\"(max-width: 660px) 100vw, 660px\" srcset=\"http:\/\/www.villarino.gob.ar\/wp-content\/uploads\/2017\/09\/85ce7d06-94b2-4b0a-a7c0-962e7e6f013b-300x195.jpg 300w, http:\/\/www.villarino.gob.ar\/wp-content\/uploads\/2017\/09\/85ce7d06-94b2-4b0a-a7c0-962e7e6f013b-768x499.jpg 768w, http:\/\/www.villarino.gob.ar\/wp-content\/uploads\/2017\/09\/85ce7d06-94b2-4b0a-a7c0-962e7e6f013b-1024x665.jpg 1024w, http:\/\/www.villarino.gob.ar\/wp-content\/uploads\/2017\/09\/85ce7d06-94b2-4b0a-a7c0-962e7e6f013b.jpg 1280w\" alt=\"85ce7d06-94b2-4b0a-a7c0-962e7e6f013b\" width=\"660\" height=\"429\" \/><\/p>\n<p>En las pr\u00f3ximas semanas, se sumar\u00e1n 200 personas para empezar a trabajar en el zanjeo, montaje de lineas de alta tensi\u00f3n y tareas en la estaci\u00f3n transformadora para dar conexi\u00f3n al Parque E\u00f3lico.<\/p>\n<div id=\"foogallery-gallery-16773\" class=\"foogallery-container foogallery-image-viewer foogallery-link-image foogallery-lightbox-foobox-free  hover-effect-zoom  alignment-center fbx-instance\">\n<div class=\"fiv-inner\">\n<div class=\"fiv-inner-container\"><a class=\"fiv-active fbx-link\" href=\"http:\/\/www.villarino.gob.ar\/wp-content\/uploads\/2017\/09\/IMG_2349.jpg\" data-attachment-id=\"16808\"><img decoding=\"async\" src=\"http:\/\/www.villarino.gob.ar\/wp-content\/uploads\/cache\/2017\/09\/IMG_2349\/2413681222.jpg\" \/><\/a><\/div>\n<\/div>\n<\/div>\n<\/div>\n<\/div>\n<p>Fuente: Municipalidad de Villarino<\/p>\n<div><\/div>\n","protected":false},"excerpt":{"rendered":"<p>Municipalidad de Villarino.-Desde la Agencia de Energ\u00edas Renovables de Villarino (AGERVI) se est\u00e1 avanzando en la construcci\u00f3n del Parque E\u00f3lico [&hellip;]<\/p>\n","protected":false},"author":2,"featured_media":34459,"comment_status":"open","ping_status":"open","sticky":false,"template":"","format":"standard","meta":{"site-sidebar-layout":"default","site-content-layout":"","ast-site-content-layout":"default","site-content-style":"default","site-sidebar-style":"default","ast-global-header-display":"","ast-banner-title-visibility":"","ast-main-header-display":"","ast-hfb-above-header-display":"","ast-hfb-below-header-display":"","ast-hfb-mobile-header-display":"","site-post-title":"","ast-breadcrumbs-content":"","ast-featured-img":"","footer-sml-layout":"","ast-disable-related-posts":"","theme-transparent-header-meta":"","adv-header-id-meta":"","stick-header-meta":"","header-above-stick-meta":"","header-main-stick-meta":"","header-below-stick-meta":"","astra-migrate-meta-layouts":"default","ast-page-background-enabled":"default","ast-page-background-meta":{"desktop":{"background-color":"var(--ast-global-color-5)","background-image":"","background-repeat":"repeat","background-position":"center center","background-size":"auto","background-attachment":"scroll","background-type":"","background-media":"","overlay-type":"","overlay-color":"","overlay-opacity":"","overlay-gradient":""},"tablet":{"background-color":"","background-image":"","background-repeat":"repeat","background-position":"center center","background-size":"auto","background-attachment":"scroll","background-type":"","background-media":"","overlay-type":"","overlay-color":"","overlay-opacity":"","overlay-gradient":""},"mobile":{"background-color":"","background-image":"","background-repeat":"repeat","background-position":"center center","background-size":"auto","background-attachment":"scroll","background-type":"","background-media":"","overlay-type":"","overlay-color":"","overlay-opacity":"","overlay-gradient":""}},"ast-content-background-meta":{"desktop":{"background-color":"var(--ast-global-color-4)","background-image":"","background-repeat":"repeat","background-position":"center center","background-size":"auto","background-attachment":"scroll","background-type":"","background-media":"","overlay-type":"","overlay-color":"","overlay-opacity":"","overlay-gradient":""},"tablet":{"background-color":"var(--ast-global-color-4)","background-image":"","background-repeat":"repeat","background-position":"center center","background-size":"auto","background-attachment":"scroll","background-type":"","background-media":"","overlay-type":"","overlay-color":"","overlay-opacity":"","overlay-gradient":""},"mobile":{"background-color":"var(--ast-global-color-4)","background-image":"","background-repeat":"repeat","background-position":"center center","background-size":"auto","background-attachment":"scroll","background-type":"","background-media":"","overlay-type":"","overlay-color":"","overlay-opacity":"","overlay-gradient":""}},"footnotes":""},"categories":[16,1],"tags":[],"class_list":["post-34458","post","type-post","status-publish","format-standard","has-post-thumbnail","hentry","category-municipales","category-noticias"],"yoast_head":"<!-- This site is optimized with the Yoast SEO Premium plugin v23.0 (Yoast SEO v27.4) - https:\/\/yoast.com\/product\/yoast-seo-premium-wordpress\/ -->\n<title>Avanza el Parque E\u00f3lico La Castellana en Villarino<\/title>\n<meta name=\"robots\" content=\"index, follow, max-snippet:-1, max-image-preview:large, max-video-preview:-1\" \/>\n<link rel=\"canonical\" href=\"https:\/\/patagoniambiental.com.ar\/info\/avanza-el-parque-eolico-la-castellana-en-villarino\/\" \/>\n<meta property=\"og:locale\" content=\"es_ES\" \/>\n<meta property=\"og:type\" content=\"article\" \/>\n<meta property=\"og:title\" content=\"Avanza el Parque E\u00f3lico La Castellana en Villarino\" \/>\n<meta property=\"og:description\" content=\"Municipalidad de Villarino.-Desde la Agencia de Energ\u00edas Renovables de Villarino (AGERVI) se est\u00e1 avanzando en la construcci\u00f3n del Parque E\u00f3lico [&hellip;]\" \/>\n<meta property=\"og:url\" content=\"https:\/\/patagoniambiental.com.ar\/info\/avanza-el-parque-eolico-la-castellana-en-villarino\/\" \/>\n<meta property=\"og:site_name\" content=\"Patagonia Ambiental\" \/>\n<meta property=\"article:publisher\" content=\"https:\/\/www.facebook.com\/patagonia.ambiental\" \/>\n<meta property=\"article:author\" content=\"https:\/\/www.facebook.com\/share\/1C1V8Gv9BX\/?mibextid=qi2Omg\" \/>\n<meta property=\"article:published_time\" content=\"2017-09-05T22:00:37+00:00\" \/>\n<meta property=\"og:image\" content=\"https:\/\/patagoniambiental.com.ar\/info\/wp-content\/uploads\/2017\/09\/c18421a7-e164-49b8-a41b-7c31c427aef5-1-800x445.jpg\" \/>\n\t<meta property=\"og:image:width\" content=\"800\" \/>\n\t<meta property=\"og:image:height\" content=\"445\" \/>\n\t<meta property=\"og:image:type\" content=\"image\/jpeg\" \/>\n<meta name=\"author\" content=\"Patagonia Ambiental\" \/>\n<meta name=\"twitter:card\" content=\"summary_large_image\" \/>\n<meta name=\"twitter:creator\" content=\"@PatAmb\" \/>\n<meta name=\"twitter:site\" content=\"@PatAmb\" \/>\n<script type=\"application\/ld+json\" class=\"yoast-schema-graph\">{\"@context\":\"https:\\\/\\\/schema.org\",\"@graph\":[{\"@type\":\"Article\",\"@id\":\"https:\\\/\\\/patagoniambiental.com.ar\\\/info\\\/avanza-el-parque-eolico-la-castellana-en-villarino\\\/#article\",\"isPartOf\":{\"@id\":\"https:\\\/\\\/patagoniambiental.com.ar\\\/info\\\/avanza-el-parque-eolico-la-castellana-en-villarino\\\/\"},\"author\":{\"name\":\"Patagonia Ambiental\",\"@id\":\"https:\\\/\\\/patagoniambiental.com.ar\\\/info\\\/#\\\/schema\\\/person\\\/db12bff64bbcbf6a253710bf0ea37b5d\"},\"headline\":\"Avanza el Parque E\u00f3lico La Castellana en Villarino\",\"datePublished\":\"2017-09-05T22:00:37+00:00\",\"mainEntityOfPage\":{\"@id\":\"https:\\\/\\\/patagoniambiental.com.ar\\\/info\\\/avanza-el-parque-eolico-la-castellana-en-villarino\\\/\"},\"wordCount\":165,\"commentCount\":0,\"publisher\":{\"@id\":\"https:\\\/\\\/patagoniambiental.com.ar\\\/info\\\/#organization\"},\"image\":{\"@id\":\"https:\\\/\\\/patagoniambiental.com.ar\\\/info\\\/avanza-el-parque-eolico-la-castellana-en-villarino\\\/#primaryimage\"},\"thumbnailUrl\":\"https:\\\/\\\/patagoniambiental.com.ar\\\/info\\\/wp-content\\\/uploads\\\/2017\\\/09\\\/c18421a7-e164-49b8-a41b-7c31c427aef5-1-800x445.jpg\",\"articleSection\":[\"Municipales\",\"Noticias\"],\"inLanguage\":\"es\",\"potentialAction\":[{\"@type\":\"CommentAction\",\"name\":\"Comment\",\"target\":[\"https:\\\/\\\/patagoniambiental.com.ar\\\/info\\\/avanza-el-parque-eolico-la-castellana-en-villarino\\\/#respond\"]}]},{\"@type\":\"WebPage\",\"@id\":\"https:\\\/\\\/patagoniambiental.com.ar\\\/info\\\/avanza-el-parque-eolico-la-castellana-en-villarino\\\/\",\"url\":\"https:\\\/\\\/patagoniambiental.com.ar\\\/info\\\/avanza-el-parque-eolico-la-castellana-en-villarino\\\/\",\"name\":\"Avanza el Parque E\u00f3lico La Castellana en Villarino\",\"isPartOf\":{\"@id\":\"https:\\\/\\\/patagoniambiental.com.ar\\\/info\\\/#website\"},\"primaryImageOfPage\":{\"@id\":\"https:\\\/\\\/patagoniambiental.com.ar\\\/info\\\/avanza-el-parque-eolico-la-castellana-en-villarino\\\/#primaryimage\"},\"image\":{\"@id\":\"https:\\\/\\\/patagoniambiental.com.ar\\\/info\\\/avanza-el-parque-eolico-la-castellana-en-villarino\\\/#primaryimage\"},\"thumbnailUrl\":\"https:\\\/\\\/patagoniambiental.com.ar\\\/info\\\/wp-content\\\/uploads\\\/2017\\\/09\\\/c18421a7-e164-49b8-a41b-7c31c427aef5-1-800x445.jpg\",\"datePublished\":\"2017-09-05T22:00:37+00:00\",\"breadcrumb\":{\"@id\":\"https:\\\/\\\/patagoniambiental.com.ar\\\/info\\\/avanza-el-parque-eolico-la-castellana-en-villarino\\\/#breadcrumb\"},\"inLanguage\":\"es\",\"potentialAction\":[{\"@type\":\"ReadAction\",\"target\":[\"https:\\\/\\\/patagoniambiental.com.ar\\\/info\\\/avanza-el-parque-eolico-la-castellana-en-villarino\\\/\"]}]},{\"@type\":\"ImageObject\",\"inLanguage\":\"es\",\"@id\":\"https:\\\/\\\/patagoniambiental.com.ar\\\/info\\\/avanza-el-parque-eolico-la-castellana-en-villarino\\\/#primaryimage\",\"url\":\"https:\\\/\\\/patagoniambiental.com.ar\\\/info\\\/wp-content\\\/uploads\\\/2017\\\/09\\\/c18421a7-e164-49b8-a41b-7c31c427aef5-1-800x445.jpg\",\"contentUrl\":\"https:\\\/\\\/patagoniambiental.com.ar\\\/info\\\/wp-content\\\/uploads\\\/2017\\\/09\\\/c18421a7-e164-49b8-a41b-7c31c427aef5-1-800x445.jpg\",\"width\":800,\"height\":445},{\"@type\":\"BreadcrumbList\",\"@id\":\"https:\\\/\\\/patagoniambiental.com.ar\\\/info\\\/avanza-el-parque-eolico-la-castellana-en-villarino\\\/#breadcrumb\",\"itemListElement\":[{\"@type\":\"ListItem\",\"position\":1,\"name\":\"Inicio\",\"item\":\"https:\\\/\\\/patagoniambiental.com.ar\\\/info\\\/\"},{\"@type\":\"ListItem\",\"position\":2,\"name\":\"Avanza el Parque E\u00f3lico La Castellana en Villarino\"}]},{\"@type\":\"WebSite\",\"@id\":\"https:\\\/\\\/patagoniambiental.com.ar\\\/info\\\/#website\",\"url\":\"https:\\\/\\\/patagoniambiental.com.ar\\\/info\\\/\",\"name\":\"Patagonia Ambiental\",\"description\":\"Monitoreo y an\u00e1lisis de la situaci\u00f3n geopol\u00edtica en el mundo y su implicancia en la Patagonia\",\"publisher\":{\"@id\":\"https:\\\/\\\/patagoniambiental.com.ar\\\/info\\\/#organization\"},\"potentialAction\":[{\"@type\":\"SearchAction\",\"target\":{\"@type\":\"EntryPoint\",\"urlTemplate\":\"https:\\\/\\\/patagoniambiental.com.ar\\\/info\\\/?s={search_term_string}\"},\"query-input\":{\"@type\":\"PropertyValueSpecification\",\"valueRequired\":true,\"valueName\":\"search_term_string\"}}],\"inLanguage\":\"es\"},{\"@type\":\"Organization\",\"@id\":\"https:\\\/\\\/patagoniambiental.com.ar\\\/info\\\/#organization\",\"name\":\"Patagonia Ambiental\",\"url\":\"https:\\\/\\\/patagoniambiental.com.ar\\\/info\\\/\",\"logo\":{\"@type\":\"ImageObject\",\"inLanguage\":\"es\",\"@id\":\"https:\\\/\\\/patagoniambiental.com.ar\\\/info\\\/#\\\/schema\\\/logo\\\/image\\\/\",\"url\":\"https:\\\/\\\/patagoniambiental.com.ar\\\/info\\\/wp-content\\\/uploads\\\/2025\\\/05\\\/LOGO-PATAGONIA-AMBIENTAL.png\",\"contentUrl\":\"https:\\\/\\\/patagoniambiental.com.ar\\\/info\\\/wp-content\\\/uploads\\\/2025\\\/05\\\/LOGO-PATAGONIA-AMBIENTAL.png\",\"width\":433,\"height\":250,\"caption\":\"Patagonia Ambiental\"},\"image\":{\"@id\":\"https:\\\/\\\/patagoniambiental.com.ar\\\/info\\\/#\\\/schema\\\/logo\\\/image\\\/\"},\"sameAs\":[\"https:\\\/\\\/www.facebook.com\\\/patagonia.ambiental\",\"https:\\\/\\\/x.com\\\/PatAmb\"]},{\"@type\":\"Person\",\"@id\":\"https:\\\/\\\/patagoniambiental.com.ar\\\/info\\\/#\\\/schema\\\/person\\\/db12bff64bbcbf6a253710bf0ea37b5d\",\"name\":\"Patagonia Ambiental\",\"description\":\"Andr\u00e9s Nievas T\u00e9cnico en manejo ambiental, consultor Ambiental y escritor para medios locales e internacionales sobre temas de geopolitica y medio ambiente.\",\"sameAs\":[\"http:\\\/\\\/www.patagoniambiental.com.ar\",\"https:\\\/\\\/www.facebook.com\\\/share\\\/1C1V8Gv9BX\\\/?mibextid=qi2Omg\",\"@patagoniambiental\",\"https:\\\/\\\/youtube.com\\\/@patagoniaambiental2023?si=BLt58t0wuXquxlYZ\"]}]}<\/script>\n<!-- \/ Yoast SEO Premium plugin. -->","yoast_head_json":{"title":"Avanza el Parque E\u00f3lico La Castellana en Villarino","robots":{"index":"index","follow":"follow","max-snippet":"max-snippet:-1","max-image-preview":"max-image-preview:large","max-video-preview":"max-video-preview:-1"},"canonical":"https:\/\/patagoniambiental.com.ar\/info\/avanza-el-parque-eolico-la-castellana-en-villarino\/","og_locale":"es_ES","og_type":"article","og_title":"Avanza el Parque E\u00f3lico La Castellana en Villarino","og_description":"Municipalidad de Villarino.-Desde la Agencia de Energ\u00edas Renovables de Villarino (AGERVI) se est\u00e1 avanzando en la construcci\u00f3n del Parque E\u00f3lico [&hellip;]","og_url":"https:\/\/patagoniambiental.com.ar\/info\/avanza-el-parque-eolico-la-castellana-en-villarino\/","og_site_name":"Patagonia Ambiental","article_publisher":"https:\/\/www.facebook.com\/patagonia.ambiental","article_author":"https:\/\/www.facebook.com\/share\/1C1V8Gv9BX\/?mibextid=qi2Omg","article_published_time":"2017-09-05T22:00:37+00:00","og_image":[{"width":800,"height":445,"url":"https:\/\/patagoniambiental.com.ar\/info\/wp-content\/uploads\/2017\/09\/c18421a7-e164-49b8-a41b-7c31c427aef5-1-800x445.jpg","type":"image\/jpeg"}],"author":"Patagonia Ambiental","twitter_card":"summary_large_image","twitter_creator":"@PatAmb","twitter_site":"@PatAmb","schema":{"@context":"https:\/\/schema.org","@graph":[{"@type":"Article","@id":"https:\/\/patagoniambiental.com.ar\/info\/avanza-el-parque-eolico-la-castellana-en-villarino\/#article","isPartOf":{"@id":"https:\/\/patagoniambiental.com.ar\/info\/avanza-el-parque-eolico-la-castellana-en-villarino\/"},"author":{"name":"Patagonia Ambiental","@id":"https:\/\/patagoniambiental.com.ar\/info\/#\/schema\/person\/db12bff64bbcbf6a253710bf0ea37b5d"},"headline":"Avanza el Parque E\u00f3lico La Castellana en Villarino","datePublished":"2017-09-05T22:00:37+00:00","mainEntityOfPage":{"@id":"https:\/\/patagoniambiental.com.ar\/info\/avanza-el-parque-eolico-la-castellana-en-villarino\/"},"wordCount":165,"commentCount":0,"publisher":{"@id":"https:\/\/patagoniambiental.com.ar\/info\/#organization"},"image":{"@id":"https:\/\/patagoniambiental.com.ar\/info\/avanza-el-parque-eolico-la-castellana-en-villarino\/#primaryimage"},"thumbnailUrl":"https:\/\/patagoniambiental.com.ar\/info\/wp-content\/uploads\/2017\/09\/c18421a7-e164-49b8-a41b-7c31c427aef5-1-800x445.jpg","articleSection":["Municipales","Noticias"],"inLanguage":"es","potentialAction":[{"@type":"CommentAction","name":"Comment","target":["https:\/\/patagoniambiental.com.ar\/info\/avanza-el-parque-eolico-la-castellana-en-villarino\/#respond"]}]},{"@type":"WebPage","@id":"https:\/\/patagoniambiental.com.ar\/info\/avanza-el-parque-eolico-la-castellana-en-villarino\/","url":"https:\/\/patagoniambiental.com.ar\/info\/avanza-el-parque-eolico-la-castellana-en-villarino\/","name":"Avanza el Parque E\u00f3lico La Castellana en Villarino","isPartOf":{"@id":"https:\/\/patagoniambiental.com.ar\/info\/#website"},"primaryImageOfPage":{"@id":"https:\/\/patagoniambiental.com.ar\/info\/avanza-el-parque-eolico-la-castellana-en-villarino\/#primaryimage"},"image":{"@id":"https:\/\/patagoniambiental.com.ar\/info\/avanza-el-parque-eolico-la-castellana-en-villarino\/#primaryimage"},"thumbnailUrl":"https:\/\/patagoniambiental.com.ar\/info\/wp-content\/uploads\/2017\/09\/c18421a7-e164-49b8-a41b-7c31c427aef5-1-800x445.jpg","datePublished":"2017-09-05T22:00:37+00:00","breadcrumb":{"@id":"https:\/\/patagoniambiental.com.ar\/info\/avanza-el-parque-eolico-la-castellana-en-villarino\/#breadcrumb"},"inLanguage":"es","potentialAction":[{"@type":"ReadAction","target":["https:\/\/patagoniambiental.com.ar\/info\/avanza-el-parque-eolico-la-castellana-en-villarino\/"]}]},{"@type":"ImageObject","inLanguage":"es","@id":"https:\/\/patagoniambiental.com.ar\/info\/avanza-el-parque-eolico-la-castellana-en-villarino\/#primaryimage","url":"https:\/\/patagoniambiental.com.ar\/info\/wp-content\/uploads\/2017\/09\/c18421a7-e164-49b8-a41b-7c31c427aef5-1-800x445.jpg","contentUrl":"https:\/\/patagoniambiental.com.ar\/info\/wp-content\/uploads\/2017\/09\/c18421a7-e164-49b8-a41b-7c31c427aef5-1-800x445.jpg","width":800,"height":445},{"@type":"BreadcrumbList","@id":"https:\/\/patagoniambiental.com.ar\/info\/avanza-el-parque-eolico-la-castellana-en-villarino\/#breadcrumb","itemListElement":[{"@type":"ListItem","position":1,"name":"Inicio","item":"https:\/\/patagoniambiental.com.ar\/info\/"},{"@type":"ListItem","position":2,"name":"Avanza el Parque E\u00f3lico La Castellana en Villarino"}]},{"@type":"WebSite","@id":"https:\/\/patagoniambiental.com.ar\/info\/#website","url":"https:\/\/patagoniambiental.com.ar\/info\/","name":"Patagonia Ambiental","description":"Monitoreo y an\u00e1lisis de la situaci\u00f3n geopol\u00edtica en el mundo y su implicancia en la Patagonia","publisher":{"@id":"https:\/\/patagoniambiental.com.ar\/info\/#organization"},"potentialAction":[{"@type":"SearchAction","target":{"@type":"EntryPoint","urlTemplate":"https:\/\/patagoniambiental.com.ar\/info\/?s={search_term_string}"},"query-input":{"@type":"PropertyValueSpecification","valueRequired":true,"valueName":"search_term_string"}}],"inLanguage":"es"},{"@type":"Organization","@id":"https:\/\/patagoniambiental.com.ar\/info\/#organization","name":"Patagonia Ambiental","url":"https:\/\/patagoniambiental.com.ar\/info\/","logo":{"@type":"ImageObject","inLanguage":"es","@id":"https:\/\/patagoniambiental.com.ar\/info\/#\/schema\/logo\/image\/","url":"https:\/\/patagoniambiental.com.ar\/info\/wp-content\/uploads\/2025\/05\/LOGO-PATAGONIA-AMBIENTAL.png","contentUrl":"https:\/\/patagoniambiental.com.ar\/info\/wp-content\/uploads\/2025\/05\/LOGO-PATAGONIA-AMBIENTAL.png","width":433,"height":250,"caption":"Patagonia Ambiental"},"image":{"@id":"https:\/\/patagoniambiental.com.ar\/info\/#\/schema\/logo\/image\/"},"sameAs":["https:\/\/www.facebook.com\/patagonia.ambiental","https:\/\/x.com\/PatAmb"]},{"@type":"Person","@id":"https:\/\/patagoniambiental.com.ar\/info\/#\/schema\/person\/db12bff64bbcbf6a253710bf0ea37b5d","name":"Patagonia Ambiental","description":"Andr\u00e9s Nievas T\u00e9cnico en manejo ambiental, consultor Ambiental y escritor para medios locales e internacionales sobre temas de geopolitica y medio ambiente.","sameAs":["http:\/\/www.patagoniambiental.com.ar","https:\/\/www.facebook.com\/share\/1C1V8Gv9BX\/?mibextid=qi2Omg","@patagoniambiental","https:\/\/youtube.com\/@patagoniaambiental2023?si=BLt58t0wuXquxlYZ"]}]}},"_links":{"self":[{"href":"https:\/\/patagoniambiental.com.ar\/info\/wp-json\/wp\/v2\/posts\/34458","targetHints":{"allow":["GET"]}}],"collection":[{"href":"https:\/\/patagoniambiental.com.ar\/info\/wp-json\/wp\/v2\/posts"}],"about":[{"href":"https:\/\/patagoniambiental.com.ar\/info\/wp-json\/wp\/v2\/types\/post"}],"author":[{"embeddable":true,"href":"https:\/\/patagoniambiental.com.ar\/info\/wp-json\/wp\/v2\/users\/2"}],"replies":[{"embeddable":true,"href":"https:\/\/patagoniambiental.com.ar\/info\/wp-json\/wp\/v2\/comments?post=34458"}],"version-history":[{"count":0,"href":"https:\/\/patagoniambiental.com.ar\/info\/wp-json\/wp\/v2\/posts\/34458\/revisions"}],"wp:featuredmedia":[{"embeddable":true,"href":"https:\/\/patagoniambiental.com.ar\/info\/wp-json\/wp\/v2\/media\/34459"}],"wp:attachment":[{"href":"https:\/\/patagoniambiental.com.ar\/info\/wp-json\/wp\/v2\/media?parent=34458"}],"wp:term":[{"taxonomy":"category","embeddable":true,"href":"https:\/\/patagoniambiental.com.ar\/info\/wp-json\/wp\/v2\/categories?post=34458"},{"taxonomy":"post_tag","embeddable":true,"href":"https:\/\/patagoniambiental.com.ar\/info\/wp-json\/wp\/v2\/tags?post=34458"}],"curies":[{"name":"wp","href":"https:\/\/api.w.org\/{rel}","templated":true}]}}