{"id":34513,"date":"2017-09-08T09:00:24","date_gmt":"2017-09-08T12:00:24","guid":{"rendered":"http:\/\/patagoniambiental.com.ar\/info\/?p=34513"},"modified":"2017-09-08T10:18:10","modified_gmt":"2017-09-08T13:18:10","slug":"caso-santiago-maldonado-conflicto-mapuche-investigan-conexion-con-grupos-que-operan-en-chile","status":"publish","type":"post","link":"https:\/\/patagoniambiental.com.ar\/info\/caso-santiago-maldonado-conflicto-mapuche-investigan-conexion-con-grupos-que-operan-en-chile\/","title":{"rendered":"CASO SANTIAGO MALDONADO  &#8211; Conflicto Mapuche: investigan conexi\u00f3n con grupos que operan en Chile"},"content":{"rendered":"<header id=\"headerdelanota\"><\/header>\n<p class=\"articulob-subtitle\">Chile.-La Unidad del Cooperaci\u00f3n Internacional del Ministerio P\u00fablico chilena llevar\u00e1 adelante una indagatoria sobre los ataques incendiarios que se produjeron en el pa\u00eds trasandino.<!--more--><\/p>\n<div id=\"socialmenu\"><\/div>\n<div class=\"contenido col-md-12\">\n<div class=\"contenido-imagen-noticia\">\n<figure><a href=\"http:\/\/www.perfil.com\/#\" data-toggle=\"modal\" data-target=\"#galleryModal\"><img decoding=\"async\" class=\"col-xs-12\" src=\"http:\/\/www.perfil.com\/orinoco-files\/media\/images\/raw\/2017\/09\/06\/0906incendiospumalalg.jpg\" alt=\"Atentado en el sur de chile\" \/><\/a><\/figure>\n<div class=\"cutline col-xs-12 photo-description\"><span class=\"epigrafe\">Atentado en el sur de chile\u00a0<\/span>Foto:diariochile.cl<\/div>\n<\/div>\n<div id=\"bannerMobile01\"><\/div>\n<div class=\"textbody\">\n<p>Con el aumento de los\u00a0<a href=\"http:\/\/www.perfil.com\/elobservador\/se-miente-mucho-sobre-la-cuestion-mapuche.phtml\">atentados incendiarios en el sur de Chile<\/a>\u00a0y la escalada del\u00a0<a href=\"http:\/\/www.perfil.com\/politica\/video-asi-fue-el-operativo-de-gendarmeria-en-el-desalojo-mapuche.phtml\">conflicto mapuche<\/a>\u00a0a ra\u00edz de la desaparici\u00f3n de\u00a0<a href=\"http:\/\/www.perfil.com\/sociedad\/caso-maldonado-un-testigo-declaro-que-gendarmeria-se-llevo-al-artesano.phtml\">Santiago Maldonado<\/a>, la Unidad de Cooperaci\u00f3n Internacional del Ministerio P\u00fablico del pa\u00eds vecino investigar\u00e1 si existe conexi\u00f3n entre los grupos que realizaron estos ataques y los que operan en el sur de Argentina.<\/p>\n<p>El vocero de la fiscal\u00eda regional de La Araucan\u00eda,\u00a0Rodrigo Garrido,\u00a0explic\u00f3 en una entrevista televisiva que se adopt\u00f3 esa decisi\u00f3n \u00abconsiderando que se puso en riesgo la vida e integridad de las personas que trabajaban ah\u00ed\u00bb, por lo que creen \u00abque\u00a0<a href=\"http:\/\/noticias.perfil.com\/2017\/03\/31\/mano-derecha-de-joseph-lewis-hay-mapuches-que-son-terroristas\/\">corresponde en esta etapa calificar este hecho como acto terrorista\u00bb.\u00a0<\/a><\/p>\n<p>\u00abSe requerir\u00e1 antecedentes y se ofrecer\u00e1 a la fiscal\u00eda Argentina la informaci\u00f3n que tenemos para poder coordinar acciones que nos permitan avanzar en la obtenci\u00f3n de medios de prueba\u00bb, manifest\u00f3 al explicar c\u00f3mo se desarrollar\u00e1 la indagatoria.<\/p>\n<p>\u00abTenemos que\u00a0<a href=\"http:\/\/www.perfil.com\/sociedad\/incidentes-en-la-marcha-por-maldonado-entre-la-policia-y-los-manifestantes.phtml\">investigar si existe coordinaci\u00f3n entre los grupos\u00a0<\/a>que operan de un lado de la cordillera y en el otro\u00bb, asegur\u00f3 el funcionario chileno. \u00abPor el momento estamos reci\u00e9n iniciando esos contactos, y en un futuro probablemente podamos tener algunos antecedentes\u00bb, afirm\u00f3.<\/p>\n<p>Aunque en Argentina estos ataques tomaron mayor notoriedad con la desaparici\u00f3n del joven artesano, en Chile el conflicto que genera el reclamo territorial de las comunidades mapuches genera tensiones desde hace tiempo.<\/p>\n<p><a href=\"http:\/\/www.perfil.com\/elobservador\/violencia-en-el-conflicto-de-mapuches-con-benetton.phtml\">Los incendios han dejado millonarias p\u00e9rdidas\u00a0<\/a>en la regi\u00f3n sur del pa\u00eds vecino. El \u00faltimo gran atentado ocurri\u00f3 en Pumalal, cerca de Temuco, donde dos camiones y cinco maquinarias agr\u00edcolas fueron destruidas.\u00a0La fiscal\u00eda de La Araucan\u00eda investiga este hecho como delito terrorista.<\/p>\n<p>Fuente:\u00a0http:\/\/www.perfil.com\/internacional\/conflicto-mapuche-investigan-conexion-con-grupos-que-operan-en-chile.phtml<\/p>\n<div id=\"aep-placement-ar_perfil_articulos_inline_native\" class=\"aep-ads aep-inline\"><\/div>\n<\/div>\n<\/div>\n","protected":false},"excerpt":{"rendered":"<p>Chile.-La Unidad del Cooperaci\u00f3n Internacional del Ministerio P\u00fablico chilena llevar\u00e1 adelante una indagatoria sobre los ataques incendiarios que se produjeron [&hellip;]<\/p>\n","protected":false},"author":2,"featured_media":34516,"comment_status":"open","ping_status":"open","sticky":false,"template":"","format":"standard","meta":{"site-sidebar-layout":"default","site-content-layout":"","ast-site-content-layout":"default","site-content-style":"default","site-sidebar-style":"default","ast-global-header-display":"","ast-banner-title-visibility":"","ast-main-header-display":"","ast-hfb-above-header-display":"","ast-hfb-below-header-display":"","ast-hfb-mobile-header-display":"","site-post-title":"","ast-breadcrumbs-content":"","ast-featured-img":"","footer-sml-layout":"","ast-disable-related-posts":"","theme-transparent-header-meta":"","adv-header-id-meta":"","stick-header-meta":"","header-above-stick-meta":"","header-main-stick-meta":"","header-below-stick-meta":"","astra-migrate-meta-layouts":"default","ast-page-background-enabled":"default","ast-page-background-meta":{"desktop":{"background-color":"var(--ast-global-color-5)","background-image":"","background-repeat":"repeat","background-position":"center center","background-size":"auto","background-attachment":"scroll","background-type":"","background-media":"","overlay-type":"","overlay-color":"","overlay-opacity":"","overlay-gradient":""},"tablet":{"background-color":"","background-image":"","background-repeat":"repeat","background-position":"center center","background-size":"auto","background-attachment":"scroll","background-type":"","background-media":"","overlay-type":"","overlay-color":"","overlay-opacity":"","overlay-gradient":""},"mobile":{"background-color":"","background-image":"","background-repeat":"repeat","background-position":"center center","background-size":"auto","background-attachment":"scroll","background-type":"","background-media":"","overlay-type":"","overlay-color":"","overlay-opacity":"","overlay-gradient":""}},"ast-content-background-meta":{"desktop":{"background-color":"var(--ast-global-color-4)","background-image":"","background-repeat":"repeat","background-position":"center center","background-size":"auto","background-attachment":"scroll","background-type":"","background-media":"","overlay-type":"","overlay-color":"","overlay-opacity":"","overlay-gradient":""},"tablet":{"background-color":"var(--ast-global-color-4)","background-image":"","background-repeat":"repeat","background-position":"center center","background-size":"auto","background-attachment":"scroll","background-type":"","background-media":"","overlay-type":"","overlay-color":"","overlay-opacity":"","overlay-gradient":""},"mobile":{"background-color":"var(--ast-global-color-4)","background-image":"","background-repeat":"repeat","background-position":"center center","background-size":"auto","background-attachment":"scroll","background-type":"","background-media":"","overlay-type":"","overlay-color":"","overlay-opacity":"","overlay-gradient":""}},"footnotes":""},"categories":[23,1],"tags":[],"class_list":["post-34513","post","type-post","status-publish","format-standard","has-post-thumbnail","hentry","category-internacionales","category-noticias"],"yoast_head":"<!-- This site is optimized with the Yoast SEO Premium plugin v23.0 (Yoast SEO v27.4) - https:\/\/yoast.com\/product\/yoast-seo-premium-wordpress\/ -->\n<title>CASO SANTIAGO MALDONADO - Conflicto Mapuche: investigan conexi\u00f3n con grupos que operan en Chile<\/title>\n<meta name=\"robots\" content=\"index, follow, max-snippet:-1, max-image-preview:large, max-video-preview:-1\" \/>\n<link rel=\"canonical\" href=\"https:\/\/patagoniambiental.com.ar\/info\/caso-santiago-maldonado-conflicto-mapuche-investigan-conexion-con-grupos-que-operan-en-chile\/\" \/>\n<meta property=\"og:locale\" content=\"es_ES\" \/>\n<meta property=\"og:type\" content=\"article\" \/>\n<meta property=\"og:title\" content=\"CASO SANTIAGO MALDONADO - Conflicto Mapuche: investigan conexi\u00f3n con grupos que operan en Chile\" \/>\n<meta property=\"og:description\" content=\"Chile.-La Unidad del Cooperaci\u00f3n Internacional del Ministerio P\u00fablico chilena llevar\u00e1 adelante una indagatoria sobre los ataques incendiarios que se produjeron [&hellip;]\" \/>\n<meta property=\"og:url\" content=\"https:\/\/patagoniambiental.com.ar\/info\/caso-santiago-maldonado-conflicto-mapuche-investigan-conexion-con-grupos-que-operan-en-chile\/\" \/>\n<meta property=\"og:site_name\" content=\"Patagonia Ambiental\" \/>\n<meta property=\"article:publisher\" content=\"https:\/\/www.facebook.com\/patagonia.ambiental\" \/>\n<meta property=\"article:author\" content=\"https:\/\/www.facebook.com\/share\/1C1V8Gv9BX\/?mibextid=qi2Omg\" \/>\n<meta property=\"article:published_time\" content=\"2017-09-08T12:00:24+00:00\" \/>\n<meta property=\"article:modified_time\" content=\"2017-09-08T13:18:10+00:00\" \/>\n<meta property=\"og:image\" content=\"https:\/\/patagoniambiental.com.ar\/info\/wp-content\/uploads\/2017\/09\/0906incendiospumalalg.jpg\" \/>\n\t<meta property=\"og:image:width\" content=\"728\" \/>\n\t<meta property=\"og:image:height\" content=\"500\" \/>\n\t<meta property=\"og:image:type\" content=\"image\/jpeg\" \/>\n<meta name=\"author\" content=\"Patagonia Ambiental\" \/>\n<meta name=\"twitter:card\" content=\"summary_large_image\" \/>\n<meta name=\"twitter:creator\" content=\"@PatAmb\" \/>\n<meta name=\"twitter:site\" content=\"@PatAmb\" \/>\n<script type=\"application\/ld+json\" class=\"yoast-schema-graph\">{\"@context\":\"https:\\\/\\\/schema.org\",\"@graph\":[{\"@type\":\"Article\",\"@id\":\"https:\\\/\\\/patagoniambiental.com.ar\\\/info\\\/caso-santiago-maldonado-conflicto-mapuche-investigan-conexion-con-grupos-que-operan-en-chile\\\/#article\",\"isPartOf\":{\"@id\":\"https:\\\/\\\/patagoniambiental.com.ar\\\/info\\\/caso-santiago-maldonado-conflicto-mapuche-investigan-conexion-con-grupos-que-operan-en-chile\\\/\"},\"author\":{\"name\":\"Patagonia Ambiental\",\"@id\":\"https:\\\/\\\/patagoniambiental.com.ar\\\/info\\\/#\\\/schema\\\/person\\\/db12bff64bbcbf6a253710bf0ea37b5d\"},\"headline\":\"CASO SANTIAGO MALDONADO &#8211; Conflicto Mapuche: investigan conexi\u00f3n con grupos que operan en Chile\",\"datePublished\":\"2017-09-08T12:00:24+00:00\",\"dateModified\":\"2017-09-08T13:18:10+00:00\",\"mainEntityOfPage\":{\"@id\":\"https:\\\/\\\/patagoniambiental.com.ar\\\/info\\\/caso-santiago-maldonado-conflicto-mapuche-investigan-conexion-con-grupos-que-operan-en-chile\\\/\"},\"wordCount\":346,\"commentCount\":0,\"publisher\":{\"@id\":\"https:\\\/\\\/patagoniambiental.com.ar\\\/info\\\/#organization\"},\"image\":{\"@id\":\"https:\\\/\\\/patagoniambiental.com.ar\\\/info\\\/caso-santiago-maldonado-conflicto-mapuche-investigan-conexion-con-grupos-que-operan-en-chile\\\/#primaryimage\"},\"thumbnailUrl\":\"https:\\\/\\\/patagoniambiental.com.ar\\\/info\\\/wp-content\\\/uploads\\\/2017\\\/09\\\/0906incendiospumalalg.jpg\",\"articleSection\":[\"Internacionales\",\"Noticias\"],\"inLanguage\":\"es\",\"potentialAction\":[{\"@type\":\"CommentAction\",\"name\":\"Comment\",\"target\":[\"https:\\\/\\\/patagoniambiental.com.ar\\\/info\\\/caso-santiago-maldonado-conflicto-mapuche-investigan-conexion-con-grupos-que-operan-en-chile\\\/#respond\"]}]},{\"@type\":\"WebPage\",\"@id\":\"https:\\\/\\\/patagoniambiental.com.ar\\\/info\\\/caso-santiago-maldonado-conflicto-mapuche-investigan-conexion-con-grupos-que-operan-en-chile\\\/\",\"url\":\"https:\\\/\\\/patagoniambiental.com.ar\\\/info\\\/caso-santiago-maldonado-conflicto-mapuche-investigan-conexion-con-grupos-que-operan-en-chile\\\/\",\"name\":\"CASO SANTIAGO MALDONADO - Conflicto Mapuche: investigan conexi\u00f3n con grupos que operan en Chile\",\"isPartOf\":{\"@id\":\"https:\\\/\\\/patagoniambiental.com.ar\\\/info\\\/#website\"},\"primaryImageOfPage\":{\"@id\":\"https:\\\/\\\/patagoniambiental.com.ar\\\/info\\\/caso-santiago-maldonado-conflicto-mapuche-investigan-conexion-con-grupos-que-operan-en-chile\\\/#primaryimage\"},\"image\":{\"@id\":\"https:\\\/\\\/patagoniambiental.com.ar\\\/info\\\/caso-santiago-maldonado-conflicto-mapuche-investigan-conexion-con-grupos-que-operan-en-chile\\\/#primaryimage\"},\"thumbnailUrl\":\"https:\\\/\\\/patagoniambiental.com.ar\\\/info\\\/wp-content\\\/uploads\\\/2017\\\/09\\\/0906incendiospumalalg.jpg\",\"datePublished\":\"2017-09-08T12:00:24+00:00\",\"dateModified\":\"2017-09-08T13:18:10+00:00\",\"breadcrumb\":{\"@id\":\"https:\\\/\\\/patagoniambiental.com.ar\\\/info\\\/caso-santiago-maldonado-conflicto-mapuche-investigan-conexion-con-grupos-que-operan-en-chile\\\/#breadcrumb\"},\"inLanguage\":\"es\",\"potentialAction\":[{\"@type\":\"ReadAction\",\"target\":[\"https:\\\/\\\/patagoniambiental.com.ar\\\/info\\\/caso-santiago-maldonado-conflicto-mapuche-investigan-conexion-con-grupos-que-operan-en-chile\\\/\"]}]},{\"@type\":\"ImageObject\",\"inLanguage\":\"es\",\"@id\":\"https:\\\/\\\/patagoniambiental.com.ar\\\/info\\\/caso-santiago-maldonado-conflicto-mapuche-investigan-conexion-con-grupos-que-operan-en-chile\\\/#primaryimage\",\"url\":\"https:\\\/\\\/patagoniambiental.com.ar\\\/info\\\/wp-content\\\/uploads\\\/2017\\\/09\\\/0906incendiospumalalg.jpg\",\"contentUrl\":\"https:\\\/\\\/patagoniambiental.com.ar\\\/info\\\/wp-content\\\/uploads\\\/2017\\\/09\\\/0906incendiospumalalg.jpg\",\"width\":728,\"height\":500},{\"@type\":\"BreadcrumbList\",\"@id\":\"https:\\\/\\\/patagoniambiental.com.ar\\\/info\\\/caso-santiago-maldonado-conflicto-mapuche-investigan-conexion-con-grupos-que-operan-en-chile\\\/#breadcrumb\",\"itemListElement\":[{\"@type\":\"ListItem\",\"position\":1,\"name\":\"Inicio\",\"item\":\"https:\\\/\\\/patagoniambiental.com.ar\\\/info\\\/\"},{\"@type\":\"ListItem\",\"position\":2,\"name\":\"CASO SANTIAGO MALDONADO &#8211; Conflicto Mapuche: investigan conexi\u00f3n con grupos que operan en Chile\"}]},{\"@type\":\"WebSite\",\"@id\":\"https:\\\/\\\/patagoniambiental.com.ar\\\/info\\\/#website\",\"url\":\"https:\\\/\\\/patagoniambiental.com.ar\\\/info\\\/\",\"name\":\"Patagonia Ambiental\",\"description\":\"Monitoreo y an\u00e1lisis de la situaci\u00f3n geopol\u00edtica en el mundo y su implicancia en la Patagonia\",\"publisher\":{\"@id\":\"https:\\\/\\\/patagoniambiental.com.ar\\\/info\\\/#organization\"},\"potentialAction\":[{\"@type\":\"SearchAction\",\"target\":{\"@type\":\"EntryPoint\",\"urlTemplate\":\"https:\\\/\\\/patagoniambiental.com.ar\\\/info\\\/?s={search_term_string}\"},\"query-input\":{\"@type\":\"PropertyValueSpecification\",\"valueRequired\":true,\"valueName\":\"search_term_string\"}}],\"inLanguage\":\"es\"},{\"@type\":\"Organization\",\"@id\":\"https:\\\/\\\/patagoniambiental.com.ar\\\/info\\\/#organization\",\"name\":\"Patagonia Ambiental\",\"url\":\"https:\\\/\\\/patagoniambiental.com.ar\\\/info\\\/\",\"logo\":{\"@type\":\"ImageObject\",\"inLanguage\":\"es\",\"@id\":\"https:\\\/\\\/patagoniambiental.com.ar\\\/info\\\/#\\\/schema\\\/logo\\\/image\\\/\",\"url\":\"https:\\\/\\\/patagoniambiental.com.ar\\\/info\\\/wp-content\\\/uploads\\\/2025\\\/05\\\/LOGO-PATAGONIA-AMBIENTAL.png\",\"contentUrl\":\"https:\\\/\\\/patagoniambiental.com.ar\\\/info\\\/wp-content\\\/uploads\\\/2025\\\/05\\\/LOGO-PATAGONIA-AMBIENTAL.png\",\"width\":433,\"height\":250,\"caption\":\"Patagonia Ambiental\"},\"image\":{\"@id\":\"https:\\\/\\\/patagoniambiental.com.ar\\\/info\\\/#\\\/schema\\\/logo\\\/image\\\/\"},\"sameAs\":[\"https:\\\/\\\/www.facebook.com\\\/patagonia.ambiental\",\"https:\\\/\\\/x.com\\\/PatAmb\"]},{\"@type\":\"Person\",\"@id\":\"https:\\\/\\\/patagoniambiental.com.ar\\\/info\\\/#\\\/schema\\\/person\\\/db12bff64bbcbf6a253710bf0ea37b5d\",\"name\":\"Patagonia Ambiental\",\"description\":\"Andr\u00e9s Nievas T\u00e9cnico en manejo ambiental, consultor Ambiental y escritor para medios locales e internacionales sobre temas de geopolitica y medio ambiente.\",\"sameAs\":[\"http:\\\/\\\/www.patagoniambiental.com.ar\",\"https:\\\/\\\/www.facebook.com\\\/share\\\/1C1V8Gv9BX\\\/?mibextid=qi2Omg\",\"@patagoniambiental\",\"https:\\\/\\\/youtube.com\\\/@patagoniaambiental2023?si=BLt58t0wuXquxlYZ\"]}]}<\/script>\n<!-- \/ Yoast SEO Premium plugin. -->","yoast_head_json":{"title":"CASO SANTIAGO MALDONADO - Conflicto Mapuche: investigan conexi\u00f3n con grupos que operan en Chile","robots":{"index":"index","follow":"follow","max-snippet":"max-snippet:-1","max-image-preview":"max-image-preview:large","max-video-preview":"max-video-preview:-1"},"canonical":"https:\/\/patagoniambiental.com.ar\/info\/caso-santiago-maldonado-conflicto-mapuche-investigan-conexion-con-grupos-que-operan-en-chile\/","og_locale":"es_ES","og_type":"article","og_title":"CASO SANTIAGO MALDONADO - Conflicto Mapuche: investigan conexi\u00f3n con grupos que operan en Chile","og_description":"Chile.-La Unidad del Cooperaci\u00f3n Internacional del Ministerio P\u00fablico chilena llevar\u00e1 adelante una indagatoria sobre los ataques incendiarios que se produjeron [&hellip;]","og_url":"https:\/\/patagoniambiental.com.ar\/info\/caso-santiago-maldonado-conflicto-mapuche-investigan-conexion-con-grupos-que-operan-en-chile\/","og_site_name":"Patagonia Ambiental","article_publisher":"https:\/\/www.facebook.com\/patagonia.ambiental","article_author":"https:\/\/www.facebook.com\/share\/1C1V8Gv9BX\/?mibextid=qi2Omg","article_published_time":"2017-09-08T12:00:24+00:00","article_modified_time":"2017-09-08T13:18:10+00:00","og_image":[{"width":728,"height":500,"url":"https:\/\/patagoniambiental.com.ar\/info\/wp-content\/uploads\/2017\/09\/0906incendiospumalalg.jpg","type":"image\/jpeg"}],"author":"Patagonia Ambiental","twitter_card":"summary_large_image","twitter_creator":"@PatAmb","twitter_site":"@PatAmb","schema":{"@context":"https:\/\/schema.org","@graph":[{"@type":"Article","@id":"https:\/\/patagoniambiental.com.ar\/info\/caso-santiago-maldonado-conflicto-mapuche-investigan-conexion-con-grupos-que-operan-en-chile\/#article","isPartOf":{"@id":"https:\/\/patagoniambiental.com.ar\/info\/caso-santiago-maldonado-conflicto-mapuche-investigan-conexion-con-grupos-que-operan-en-chile\/"},"author":{"name":"Patagonia Ambiental","@id":"https:\/\/patagoniambiental.com.ar\/info\/#\/schema\/person\/db12bff64bbcbf6a253710bf0ea37b5d"},"headline":"CASO SANTIAGO MALDONADO &#8211; Conflicto Mapuche: investigan conexi\u00f3n con grupos que operan en Chile","datePublished":"2017-09-08T12:00:24+00:00","dateModified":"2017-09-08T13:18:10+00:00","mainEntityOfPage":{"@id":"https:\/\/patagoniambiental.com.ar\/info\/caso-santiago-maldonado-conflicto-mapuche-investigan-conexion-con-grupos-que-operan-en-chile\/"},"wordCount":346,"commentCount":0,"publisher":{"@id":"https:\/\/patagoniambiental.com.ar\/info\/#organization"},"image":{"@id":"https:\/\/patagoniambiental.com.ar\/info\/caso-santiago-maldonado-conflicto-mapuche-investigan-conexion-con-grupos-que-operan-en-chile\/#primaryimage"},"thumbnailUrl":"https:\/\/patagoniambiental.com.ar\/info\/wp-content\/uploads\/2017\/09\/0906incendiospumalalg.jpg","articleSection":["Internacionales","Noticias"],"inLanguage":"es","potentialAction":[{"@type":"CommentAction","name":"Comment","target":["https:\/\/patagoniambiental.com.ar\/info\/caso-santiago-maldonado-conflicto-mapuche-investigan-conexion-con-grupos-que-operan-en-chile\/#respond"]}]},{"@type":"WebPage","@id":"https:\/\/patagoniambiental.com.ar\/info\/caso-santiago-maldonado-conflicto-mapuche-investigan-conexion-con-grupos-que-operan-en-chile\/","url":"https:\/\/patagoniambiental.com.ar\/info\/caso-santiago-maldonado-conflicto-mapuche-investigan-conexion-con-grupos-que-operan-en-chile\/","name":"CASO SANTIAGO MALDONADO - Conflicto Mapuche: investigan conexi\u00f3n con grupos que operan en Chile","isPartOf":{"@id":"https:\/\/patagoniambiental.com.ar\/info\/#website"},"primaryImageOfPage":{"@id":"https:\/\/patagoniambiental.com.ar\/info\/caso-santiago-maldonado-conflicto-mapuche-investigan-conexion-con-grupos-que-operan-en-chile\/#primaryimage"},"image":{"@id":"https:\/\/patagoniambiental.com.ar\/info\/caso-santiago-maldonado-conflicto-mapuche-investigan-conexion-con-grupos-que-operan-en-chile\/#primaryimage"},"thumbnailUrl":"https:\/\/patagoniambiental.com.ar\/info\/wp-content\/uploads\/2017\/09\/0906incendiospumalalg.jpg","datePublished":"2017-09-08T12:00:24+00:00","dateModified":"2017-09-08T13:18:10+00:00","breadcrumb":{"@id":"https:\/\/patagoniambiental.com.ar\/info\/caso-santiago-maldonado-conflicto-mapuche-investigan-conexion-con-grupos-que-operan-en-chile\/#breadcrumb"},"inLanguage":"es","potentialAction":[{"@type":"ReadAction","target":["https:\/\/patagoniambiental.com.ar\/info\/caso-santiago-maldonado-conflicto-mapuche-investigan-conexion-con-grupos-que-operan-en-chile\/"]}]},{"@type":"ImageObject","inLanguage":"es","@id":"https:\/\/patagoniambiental.com.ar\/info\/caso-santiago-maldonado-conflicto-mapuche-investigan-conexion-con-grupos-que-operan-en-chile\/#primaryimage","url":"https:\/\/patagoniambiental.com.ar\/info\/wp-content\/uploads\/2017\/09\/0906incendiospumalalg.jpg","contentUrl":"https:\/\/patagoniambiental.com.ar\/info\/wp-content\/uploads\/2017\/09\/0906incendiospumalalg.jpg","width":728,"height":500},{"@type":"BreadcrumbList","@id":"https:\/\/patagoniambiental.com.ar\/info\/caso-santiago-maldonado-conflicto-mapuche-investigan-conexion-con-grupos-que-operan-en-chile\/#breadcrumb","itemListElement":[{"@type":"ListItem","position":1,"name":"Inicio","item":"https:\/\/patagoniambiental.com.ar\/info\/"},{"@type":"ListItem","position":2,"name":"CASO SANTIAGO MALDONADO &#8211; Conflicto Mapuche: investigan conexi\u00f3n con grupos que operan en Chile"}]},{"@type":"WebSite","@id":"https:\/\/patagoniambiental.com.ar\/info\/#website","url":"https:\/\/patagoniambiental.com.ar\/info\/","name":"Patagonia Ambiental","description":"Monitoreo y an\u00e1lisis de la situaci\u00f3n geopol\u00edtica en el mundo y su implicancia en la Patagonia","publisher":{"@id":"https:\/\/patagoniambiental.com.ar\/info\/#organization"},"potentialAction":[{"@type":"SearchAction","target":{"@type":"EntryPoint","urlTemplate":"https:\/\/patagoniambiental.com.ar\/info\/?s={search_term_string}"},"query-input":{"@type":"PropertyValueSpecification","valueRequired":true,"valueName":"search_term_string"}}],"inLanguage":"es"},{"@type":"Organization","@id":"https:\/\/patagoniambiental.com.ar\/info\/#organization","name":"Patagonia Ambiental","url":"https:\/\/patagoniambiental.com.ar\/info\/","logo":{"@type":"ImageObject","inLanguage":"es","@id":"https:\/\/patagoniambiental.com.ar\/info\/#\/schema\/logo\/image\/","url":"https:\/\/patagoniambiental.com.ar\/info\/wp-content\/uploads\/2025\/05\/LOGO-PATAGONIA-AMBIENTAL.png","contentUrl":"https:\/\/patagoniambiental.com.ar\/info\/wp-content\/uploads\/2025\/05\/LOGO-PATAGONIA-AMBIENTAL.png","width":433,"height":250,"caption":"Patagonia Ambiental"},"image":{"@id":"https:\/\/patagoniambiental.com.ar\/info\/#\/schema\/logo\/image\/"},"sameAs":["https:\/\/www.facebook.com\/patagonia.ambiental","https:\/\/x.com\/PatAmb"]},{"@type":"Person","@id":"https:\/\/patagoniambiental.com.ar\/info\/#\/schema\/person\/db12bff64bbcbf6a253710bf0ea37b5d","name":"Patagonia Ambiental","description":"Andr\u00e9s Nievas T\u00e9cnico en manejo ambiental, consultor Ambiental y escritor para medios locales e internacionales sobre temas de geopolitica y medio ambiente.","sameAs":["http:\/\/www.patagoniambiental.com.ar","https:\/\/www.facebook.com\/share\/1C1V8Gv9BX\/?mibextid=qi2Omg","@patagoniambiental","https:\/\/youtube.com\/@patagoniaambiental2023?si=BLt58t0wuXquxlYZ"]}]}},"_links":{"self":[{"href":"https:\/\/patagoniambiental.com.ar\/info\/wp-json\/wp\/v2\/posts\/34513","targetHints":{"allow":["GET"]}}],"collection":[{"href":"https:\/\/patagoniambiental.com.ar\/info\/wp-json\/wp\/v2\/posts"}],"about":[{"href":"https:\/\/patagoniambiental.com.ar\/info\/wp-json\/wp\/v2\/types\/post"}],"author":[{"embeddable":true,"href":"https:\/\/patagoniambiental.com.ar\/info\/wp-json\/wp\/v2\/users\/2"}],"replies":[{"embeddable":true,"href":"https:\/\/patagoniambiental.com.ar\/info\/wp-json\/wp\/v2\/comments?post=34513"}],"version-history":[{"count":0,"href":"https:\/\/patagoniambiental.com.ar\/info\/wp-json\/wp\/v2\/posts\/34513\/revisions"}],"wp:featuredmedia":[{"embeddable":true,"href":"https:\/\/patagoniambiental.com.ar\/info\/wp-json\/wp\/v2\/media\/34516"}],"wp:attachment":[{"href":"https:\/\/patagoniambiental.com.ar\/info\/wp-json\/wp\/v2\/media?parent=34513"}],"wp:term":[{"taxonomy":"category","embeddable":true,"href":"https:\/\/patagoniambiental.com.ar\/info\/wp-json\/wp\/v2\/categories?post=34513"},{"taxonomy":"post_tag","embeddable":true,"href":"https:\/\/patagoniambiental.com.ar\/info\/wp-json\/wp\/v2\/tags?post=34513"}],"curies":[{"name":"wp","href":"https:\/\/api.w.org\/{rel}","templated":true}]}}