{"id":34530,"date":"2017-09-08T09:00:53","date_gmt":"2017-09-08T12:00:53","guid":{"rendered":"http:\/\/patagoniambiental.com.ar\/info\/?p=34530"},"modified":"2017-09-08T11:04:42","modified_gmt":"2017-09-08T14:04:42","slug":"investigador-de-la-unrn-presento-en-estados-unidos-su-trabajo-de-visualizacion-de-volcanes","status":"publish","type":"post","link":"https:\/\/patagoniambiental.com.ar\/info\/investigador-de-la-unrn-presento-en-estados-unidos-su-trabajo-de-visualizacion-de-volcanes\/","title":{"rendered":"Investigador de la UNRN present\u00f3 en Estados Unidos su trabajo de visualizaci\u00f3n de volcanes"},"content":{"rendered":"<p><i><span lang=\"ES-AR\">Bariloche.<\/span><\/i><span lang=\"ES-AR\">\u00a0<\/span><span style=\"font-family: arial, helvetica, sans-serif;\">El estudiante doctoral de la Universidad Nacional de R\u00edo Negro (UNRN) Roberto Guardo exhibi\u00f3 su desarrollo\u00a0de visualizaci\u00f3n de datos volc\u00e1nicos llamado VolGIS, en\u00a0la Asamblea Cient\u00edfica edici\u00f3n 2017 de la Asociaci\u00f3n Internacional de Vulcanolog\u00eda y Qu\u00edmica del Interior de la Tierra, que tuvo lugar en Oregon, Estados Unidos.<\/span><!--more--><\/p>\n<p><span style=\"font-family: arial, helvetica, sans-serif;\">\u00a0<\/span><\/p>\n<p><span style=\"font-family: arial, helvetica, sans-serif;\">Guardo,\u00a0becario doctoral del Conicet en la Universidad Nacional de R\u00edo Negro,\u00a0desarrolla en el Laboratorio de ID+i en Visualizaci\u00f3n, Computaci\u00f3n Gr\u00e1fica y C\u00f3digo Creativo (LVCC-UNRN) este sistema y herramienta de visualizaci\u00f3n, comunicaci\u00f3n y an\u00e1lisis 3D y 4D de datos geof\u00edsicos que apunta a ser un sistema de software abierto que aplica SIG \u00f3 GIS (Sistema de Informaci\u00f3n Geogr\u00e1fica de coordenadas de posicionamiento global) para el estudio de volcanes, que habilita una construcci\u00f3n continua de nueva informaci\u00f3n.<\/span><\/p>\n<p><span style=\"font-family: arial, helvetica, sans-serif;\">\u00a0<\/span><\/p>\n<p><span style=\"font-family: arial, helvetica, sans-serif;\">La conferencia de Guardo tuvo como objetivo la presentaci\u00f3n de su desarrollo, denominado\u00a0<em>Integrando la distribuci\u00f3n espacial del terremoto y el an\u00e1lisis del modelado 3D en un SIG personalizable para una nueva perspectiva en la imagen preliminar del volc\u00e1n: el estudio de caso del Monte Etna*, elaborado.<\/em><\/span><\/p>\n<p><span style=\"font-family: arial, helvetica, sans-serif;\">\u00a0<\/span><\/p>\n<p><span style=\"font-family: arial, helvetica, sans-serif;\">El mismo fue exhibido el lunes 14 de agosto en el marco de la Asamblea Cient\u00edfica edici\u00f3n 2017 de la Asociaci\u00f3n Internacional de Vulcanolog\u00eda y Qu\u00edmica del Interior de la Tierra, uno de los eventos cient\u00edficos de Vulcanolog\u00eda de mayor relevancia a nivel mundial.<\/span><\/p>\n<p><span style=\"font-family: arial, helvetica, sans-serif;\">\u00a0<\/span><\/p>\n<p><span style=\"font-family: arial, helvetica, sans-serif;\">Esta instancia es important\u00edsima para la maduraci\u00f3n de este desarrollo en tanto estar\u00e1 expuesto a evaluaci\u00f3n, devoluci\u00f3n y cr\u00edtica de referentes internacionales dentro del \u00e1rea de volcanes y geociencias.<\/span><\/p>\n<p><span style=\"font-family: arial, helvetica, sans-serif;\">\u00a0<\/span><\/p>\n<p><span style=\"font-family: arial, helvetica, sans-serif;\">La presentaci\u00f3n se bas\u00f3 en el trabajo conjunto entre Guardo, su director, Alberto Caselli, el equipo del LVCC de la UNRN, a cargo de Carola Dreidemie, y Andr\u00e9s Colubri, quien colabor\u00f3 con el LVCC como docente invitado por la UNRN en octubre pasado.<\/span><\/p>\n<p><span style=\"font-family: arial, helvetica, sans-serif;\">\u00a0<\/span><\/p>\n<p><span style=\"font-family: arial, helvetica, sans-serif;\">Guardo y el equipo del LVCC planean seguir avanzando en la generaci\u00f3n de visualizaciones que permitan conocer los movimientos de los volcanes activos tanto para la prevenci\u00f3n de actividades s\u00edsmicas que puedan tener relevancia social como para el avance de las investigaciones en el campo cient\u00edfico.<\/span><\/p>\n<p><span style=\"font-family: arial, helvetica, sans-serif;\">\u00a0<\/span><\/p>\n<p><span style=\"font-family: arial, helvetica, sans-serif;\">La Asociaci\u00f3n Internacional de Vulcanolog\u00eda y Qu\u00edmica del Interior de la Tierra (IAVCEI, por su sigla en ingl\u00e9s) representa el principal foco internacional para la investigaci\u00f3n en vulcanolog\u00eda, para mitigar los desastres volc\u00e1nicos, y para investigar disciplinas relacionadas, tales como geoqu\u00edmica \u00edgnea y petrolog\u00eda, geocronolog\u00eda, dep\u00f3sitos minerales volc\u00e1nicos y f\u00edsica de la generaci\u00f3n y ascenso de magmas en el manto superior y corteza.<\/span><\/p>\n<p><span style=\"font-family: arial, helvetica, sans-serif;\">\u00a0<\/span><\/p>\n<p><span style=\"font-family: arial, helvetica, sans-serif;\">*\u00a0<em>Nombre en idioma original: Integrating spatial earthquake distribution and 3D modeling analysis in a customizable GIS for a new perspective in volcano preliminary imaging: the case study of Mt. Etna. (R. Guardo, A. Uzal, A. Colubri, C. Dreidemie)<\/em><\/span><\/p>\n<p><span style=\"font-family: arial, helvetica, sans-serif;\">\u00a0<\/span><\/p>\n<p><span style=\"font-family: arial, helvetica, sans-serif;\">Para m\u00e1s informaci\u00f3n sobre la Conferencia IAVCEI 2017\u00a0<a href=\"http:\/\/iavcei2017.org\/\" target=\"_blank\" rel=\"noopener noreferrer\">http:\/\/iavcei2017.org\/<\/a>,<\/span><\/p>\n<p><a href=\"http:\/\/www.iavcei.org\/\" target=\"_blank\" rel=\"noopener noreferrer\"><span style=\"font-family: arial, helvetica, sans-serif;\">http:\/\/www.iavcei.org\/<\/span><\/a><\/p>\n<p>Fuente: Universidad Nacional de Rio Negro -Sede Andina<\/p>\n<p class=\"x_MsoNormal\">\n","protected":false},"excerpt":{"rendered":"<p>Bariloche.\u00a0El estudiante doctoral de la Universidad Nacional de R\u00edo Negro (UNRN) Roberto Guardo exhibi\u00f3 su desarrollo\u00a0de visualizaci\u00f3n de datos volc\u00e1nicos [&hellip;]<\/p>\n","protected":false},"author":2,"featured_media":34532,"comment_status":"open","ping_status":"open","sticky":false,"template":"","format":"standard","meta":{"site-sidebar-layout":"default","site-content-layout":"","ast-site-content-layout":"default","site-content-style":"default","site-sidebar-style":"default","ast-global-header-display":"","ast-banner-title-visibility":"","ast-main-header-display":"","ast-hfb-above-header-display":"","ast-hfb-below-header-display":"","ast-hfb-mobile-header-display":"","site-post-title":"","ast-breadcrumbs-content":"","ast-featured-img":"","footer-sml-layout":"","ast-disable-related-posts":"","theme-transparent-header-meta":"","adv-header-id-meta":"","stick-header-meta":"","header-above-stick-meta":"","header-main-stick-meta":"","header-below-stick-meta":"","astra-migrate-meta-layouts":"default","ast-page-background-enabled":"default","ast-page-background-meta":{"desktop":{"background-color":"var(--ast-global-color-5)","background-image":"","background-repeat":"repeat","background-position":"center center","background-size":"auto","background-attachment":"scroll","background-type":"","background-media":"","overlay-type":"","overlay-color":"","overlay-opacity":"","overlay-gradient":""},"tablet":{"background-color":"","background-image":"","background-repeat":"repeat","background-position":"center center","background-size":"auto","background-attachment":"scroll","background-type":"","background-media":"","overlay-type":"","overlay-color":"","overlay-opacity":"","overlay-gradient":""},"mobile":{"background-color":"","background-image":"","background-repeat":"repeat","background-position":"center center","background-size":"auto","background-attachment":"scroll","background-type":"","background-media":"","overlay-type":"","overlay-color":"","overlay-opacity":"","overlay-gradient":""}},"ast-content-background-meta":{"desktop":{"background-color":"var(--ast-global-color-4)","background-image":"","background-repeat":"repeat","background-position":"center center","background-size":"auto","background-attachment":"scroll","background-type":"","background-media":"","overlay-type":"","overlay-color":"","overlay-opacity":"","overlay-gradient":""},"tablet":{"background-color":"var(--ast-global-color-4)","background-image":"","background-repeat":"repeat","background-position":"center center","background-size":"auto","background-attachment":"scroll","background-type":"","background-media":"","overlay-type":"","overlay-color":"","overlay-opacity":"","overlay-gradient":""},"mobile":{"background-color":"var(--ast-global-color-4)","background-image":"","background-repeat":"repeat","background-position":"center center","background-size":"auto","background-attachment":"scroll","background-type":"","background-media":"","overlay-type":"","overlay-color":"","overlay-opacity":"","overlay-gradient":""}},"footnotes":""},"categories":[23,1],"tags":[],"class_list":["post-34530","post","type-post","status-publish","format-standard","has-post-thumbnail","hentry","category-internacionales","category-noticias"],"yoast_head":"<!-- This site is optimized with the Yoast SEO Premium plugin v23.0 (Yoast SEO v27.4) - https:\/\/yoast.com\/product\/yoast-seo-premium-wordpress\/ -->\n<title>Investigador de la UNRN present\u00f3 en Estados Unidos su trabajo de visualizaci\u00f3n de volcanes<\/title>\n<meta name=\"robots\" content=\"index, follow, max-snippet:-1, max-image-preview:large, max-video-preview:-1\" \/>\n<link rel=\"canonical\" href=\"https:\/\/patagoniambiental.com.ar\/info\/investigador-de-la-unrn-presento-en-estados-unidos-su-trabajo-de-visualizacion-de-volcanes\/\" \/>\n<meta property=\"og:locale\" content=\"es_ES\" \/>\n<meta property=\"og:type\" content=\"article\" \/>\n<meta property=\"og:title\" content=\"Investigador de la UNRN present\u00f3 en Estados Unidos su trabajo de visualizaci\u00f3n de volcanes\" \/>\n<meta property=\"og:description\" content=\"Bariloche.\u00a0El estudiante doctoral de la Universidad Nacional de R\u00edo Negro (UNRN) Roberto Guardo exhibi\u00f3 su desarrollo\u00a0de visualizaci\u00f3n de datos volc\u00e1nicos [&hellip;]\" \/>\n<meta property=\"og:url\" content=\"https:\/\/patagoniambiental.com.ar\/info\/investigador-de-la-unrn-presento-en-estados-unidos-su-trabajo-de-visualizacion-de-volcanes\/\" \/>\n<meta property=\"og:site_name\" content=\"Patagonia Ambiental\" \/>\n<meta property=\"article:publisher\" content=\"https:\/\/www.facebook.com\/patagonia.ambiental\" \/>\n<meta property=\"article:author\" content=\"https:\/\/www.facebook.com\/share\/1C1V8Gv9BX\/?mibextid=qi2Omg\" \/>\n<meta property=\"article:published_time\" content=\"2017-09-08T12:00:53+00:00\" \/>\n<meta property=\"article:modified_time\" content=\"2017-09-08T14:04:42+00:00\" \/>\n<meta property=\"og:image\" content=\"https:\/\/patagoniambiental.com.ar\/info\/wp-content\/uploads\/2017\/09\/thumbnail_Guardo.jpg\" \/>\n\t<meta property=\"og:image:width\" content=\"699\" \/>\n\t<meta property=\"og:image:height\" content=\"300\" \/>\n\t<meta property=\"og:image:type\" content=\"image\/jpeg\" \/>\n<meta name=\"author\" content=\"Patagonia Ambiental\" \/>\n<meta name=\"twitter:card\" content=\"summary_large_image\" \/>\n<meta name=\"twitter:creator\" content=\"@PatAmb\" \/>\n<meta name=\"twitter:site\" content=\"@PatAmb\" \/>\n<script type=\"application\/ld+json\" class=\"yoast-schema-graph\">{\"@context\":\"https:\\\/\\\/schema.org\",\"@graph\":[{\"@type\":\"Article\",\"@id\":\"https:\\\/\\\/patagoniambiental.com.ar\\\/info\\\/investigador-de-la-unrn-presento-en-estados-unidos-su-trabajo-de-visualizacion-de-volcanes\\\/#article\",\"isPartOf\":{\"@id\":\"https:\\\/\\\/patagoniambiental.com.ar\\\/info\\\/investigador-de-la-unrn-presento-en-estados-unidos-su-trabajo-de-visualizacion-de-volcanes\\\/\"},\"author\":{\"name\":\"Patagonia Ambiental\",\"@id\":\"https:\\\/\\\/patagoniambiental.com.ar\\\/info\\\/#\\\/schema\\\/person\\\/db12bff64bbcbf6a253710bf0ea37b5d\"},\"headline\":\"Investigador de la UNRN present\u00f3 en Estados Unidos su trabajo de visualizaci\u00f3n de volcanes\",\"datePublished\":\"2017-09-08T12:00:53+00:00\",\"dateModified\":\"2017-09-08T14:04:42+00:00\",\"mainEntityOfPage\":{\"@id\":\"https:\\\/\\\/patagoniambiental.com.ar\\\/info\\\/investigador-de-la-unrn-presento-en-estados-unidos-su-trabajo-de-visualizacion-de-volcanes\\\/\"},\"wordCount\":530,\"commentCount\":0,\"publisher\":{\"@id\":\"https:\\\/\\\/patagoniambiental.com.ar\\\/info\\\/#organization\"},\"image\":{\"@id\":\"https:\\\/\\\/patagoniambiental.com.ar\\\/info\\\/investigador-de-la-unrn-presento-en-estados-unidos-su-trabajo-de-visualizacion-de-volcanes\\\/#primaryimage\"},\"thumbnailUrl\":\"https:\\\/\\\/patagoniambiental.com.ar\\\/info\\\/wp-content\\\/uploads\\\/2017\\\/09\\\/thumbnail_Guardo.jpg\",\"articleSection\":[\"Internacionales\",\"Noticias\"],\"inLanguage\":\"es\",\"potentialAction\":[{\"@type\":\"CommentAction\",\"name\":\"Comment\",\"target\":[\"https:\\\/\\\/patagoniambiental.com.ar\\\/info\\\/investigador-de-la-unrn-presento-en-estados-unidos-su-trabajo-de-visualizacion-de-volcanes\\\/#respond\"]}]},{\"@type\":\"WebPage\",\"@id\":\"https:\\\/\\\/patagoniambiental.com.ar\\\/info\\\/investigador-de-la-unrn-presento-en-estados-unidos-su-trabajo-de-visualizacion-de-volcanes\\\/\",\"url\":\"https:\\\/\\\/patagoniambiental.com.ar\\\/info\\\/investigador-de-la-unrn-presento-en-estados-unidos-su-trabajo-de-visualizacion-de-volcanes\\\/\",\"name\":\"Investigador de la UNRN present\u00f3 en Estados Unidos su trabajo de visualizaci\u00f3n de volcanes\",\"isPartOf\":{\"@id\":\"https:\\\/\\\/patagoniambiental.com.ar\\\/info\\\/#website\"},\"primaryImageOfPage\":{\"@id\":\"https:\\\/\\\/patagoniambiental.com.ar\\\/info\\\/investigador-de-la-unrn-presento-en-estados-unidos-su-trabajo-de-visualizacion-de-volcanes\\\/#primaryimage\"},\"image\":{\"@id\":\"https:\\\/\\\/patagoniambiental.com.ar\\\/info\\\/investigador-de-la-unrn-presento-en-estados-unidos-su-trabajo-de-visualizacion-de-volcanes\\\/#primaryimage\"},\"thumbnailUrl\":\"https:\\\/\\\/patagoniambiental.com.ar\\\/info\\\/wp-content\\\/uploads\\\/2017\\\/09\\\/thumbnail_Guardo.jpg\",\"datePublished\":\"2017-09-08T12:00:53+00:00\",\"dateModified\":\"2017-09-08T14:04:42+00:00\",\"breadcrumb\":{\"@id\":\"https:\\\/\\\/patagoniambiental.com.ar\\\/info\\\/investigador-de-la-unrn-presento-en-estados-unidos-su-trabajo-de-visualizacion-de-volcanes\\\/#breadcrumb\"},\"inLanguage\":\"es\",\"potentialAction\":[{\"@type\":\"ReadAction\",\"target\":[\"https:\\\/\\\/patagoniambiental.com.ar\\\/info\\\/investigador-de-la-unrn-presento-en-estados-unidos-su-trabajo-de-visualizacion-de-volcanes\\\/\"]}]},{\"@type\":\"ImageObject\",\"inLanguage\":\"es\",\"@id\":\"https:\\\/\\\/patagoniambiental.com.ar\\\/info\\\/investigador-de-la-unrn-presento-en-estados-unidos-su-trabajo-de-visualizacion-de-volcanes\\\/#primaryimage\",\"url\":\"https:\\\/\\\/patagoniambiental.com.ar\\\/info\\\/wp-content\\\/uploads\\\/2017\\\/09\\\/thumbnail_Guardo.jpg\",\"contentUrl\":\"https:\\\/\\\/patagoniambiental.com.ar\\\/info\\\/wp-content\\\/uploads\\\/2017\\\/09\\\/thumbnail_Guardo.jpg\",\"width\":699,\"height\":300},{\"@type\":\"BreadcrumbList\",\"@id\":\"https:\\\/\\\/patagoniambiental.com.ar\\\/info\\\/investigador-de-la-unrn-presento-en-estados-unidos-su-trabajo-de-visualizacion-de-volcanes\\\/#breadcrumb\",\"itemListElement\":[{\"@type\":\"ListItem\",\"position\":1,\"name\":\"Inicio\",\"item\":\"https:\\\/\\\/patagoniambiental.com.ar\\\/info\\\/\"},{\"@type\":\"ListItem\",\"position\":2,\"name\":\"Investigador de la UNRN present\u00f3 en Estados Unidos su trabajo de visualizaci\u00f3n de volcanes\"}]},{\"@type\":\"WebSite\",\"@id\":\"https:\\\/\\\/patagoniambiental.com.ar\\\/info\\\/#website\",\"url\":\"https:\\\/\\\/patagoniambiental.com.ar\\\/info\\\/\",\"name\":\"Patagonia Ambiental\",\"description\":\"Monitoreo y an\u00e1lisis de la situaci\u00f3n geopol\u00edtica en el mundo y su implicancia en la Patagonia\",\"publisher\":{\"@id\":\"https:\\\/\\\/patagoniambiental.com.ar\\\/info\\\/#organization\"},\"potentialAction\":[{\"@type\":\"SearchAction\",\"target\":{\"@type\":\"EntryPoint\",\"urlTemplate\":\"https:\\\/\\\/patagoniambiental.com.ar\\\/info\\\/?s={search_term_string}\"},\"query-input\":{\"@type\":\"PropertyValueSpecification\",\"valueRequired\":true,\"valueName\":\"search_term_string\"}}],\"inLanguage\":\"es\"},{\"@type\":\"Organization\",\"@id\":\"https:\\\/\\\/patagoniambiental.com.ar\\\/info\\\/#organization\",\"name\":\"Patagonia Ambiental\",\"url\":\"https:\\\/\\\/patagoniambiental.com.ar\\\/info\\\/\",\"logo\":{\"@type\":\"ImageObject\",\"inLanguage\":\"es\",\"@id\":\"https:\\\/\\\/patagoniambiental.com.ar\\\/info\\\/#\\\/schema\\\/logo\\\/image\\\/\",\"url\":\"https:\\\/\\\/patagoniambiental.com.ar\\\/info\\\/wp-content\\\/uploads\\\/2025\\\/05\\\/LOGO-PATAGONIA-AMBIENTAL.png\",\"contentUrl\":\"https:\\\/\\\/patagoniambiental.com.ar\\\/info\\\/wp-content\\\/uploads\\\/2025\\\/05\\\/LOGO-PATAGONIA-AMBIENTAL.png\",\"width\":433,\"height\":250,\"caption\":\"Patagonia Ambiental\"},\"image\":{\"@id\":\"https:\\\/\\\/patagoniambiental.com.ar\\\/info\\\/#\\\/schema\\\/logo\\\/image\\\/\"},\"sameAs\":[\"https:\\\/\\\/www.facebook.com\\\/patagonia.ambiental\",\"https:\\\/\\\/x.com\\\/PatAmb\"]},{\"@type\":\"Person\",\"@id\":\"https:\\\/\\\/patagoniambiental.com.ar\\\/info\\\/#\\\/schema\\\/person\\\/db12bff64bbcbf6a253710bf0ea37b5d\",\"name\":\"Patagonia Ambiental\",\"description\":\"Andr\u00e9s Nievas T\u00e9cnico en manejo ambiental, consultor Ambiental y escritor para medios locales e internacionales sobre temas de geopolitica y medio ambiente.\",\"sameAs\":[\"http:\\\/\\\/www.patagoniambiental.com.ar\",\"https:\\\/\\\/www.facebook.com\\\/share\\\/1C1V8Gv9BX\\\/?mibextid=qi2Omg\",\"@patagoniambiental\",\"https:\\\/\\\/youtube.com\\\/@patagoniaambiental2023?si=BLt58t0wuXquxlYZ\"]}]}<\/script>\n<!-- \/ Yoast SEO Premium plugin. -->","yoast_head_json":{"title":"Investigador de la UNRN present\u00f3 en Estados Unidos su trabajo de visualizaci\u00f3n de volcanes","robots":{"index":"index","follow":"follow","max-snippet":"max-snippet:-1","max-image-preview":"max-image-preview:large","max-video-preview":"max-video-preview:-1"},"canonical":"https:\/\/patagoniambiental.com.ar\/info\/investigador-de-la-unrn-presento-en-estados-unidos-su-trabajo-de-visualizacion-de-volcanes\/","og_locale":"es_ES","og_type":"article","og_title":"Investigador de la UNRN present\u00f3 en Estados Unidos su trabajo de visualizaci\u00f3n de volcanes","og_description":"Bariloche.\u00a0El estudiante doctoral de la Universidad Nacional de R\u00edo Negro (UNRN) Roberto Guardo exhibi\u00f3 su desarrollo\u00a0de visualizaci\u00f3n de datos volc\u00e1nicos [&hellip;]","og_url":"https:\/\/patagoniambiental.com.ar\/info\/investigador-de-la-unrn-presento-en-estados-unidos-su-trabajo-de-visualizacion-de-volcanes\/","og_site_name":"Patagonia Ambiental","article_publisher":"https:\/\/www.facebook.com\/patagonia.ambiental","article_author":"https:\/\/www.facebook.com\/share\/1C1V8Gv9BX\/?mibextid=qi2Omg","article_published_time":"2017-09-08T12:00:53+00:00","article_modified_time":"2017-09-08T14:04:42+00:00","og_image":[{"width":699,"height":300,"url":"https:\/\/patagoniambiental.com.ar\/info\/wp-content\/uploads\/2017\/09\/thumbnail_Guardo.jpg","type":"image\/jpeg"}],"author":"Patagonia Ambiental","twitter_card":"summary_large_image","twitter_creator":"@PatAmb","twitter_site":"@PatAmb","schema":{"@context":"https:\/\/schema.org","@graph":[{"@type":"Article","@id":"https:\/\/patagoniambiental.com.ar\/info\/investigador-de-la-unrn-presento-en-estados-unidos-su-trabajo-de-visualizacion-de-volcanes\/#article","isPartOf":{"@id":"https:\/\/patagoniambiental.com.ar\/info\/investigador-de-la-unrn-presento-en-estados-unidos-su-trabajo-de-visualizacion-de-volcanes\/"},"author":{"name":"Patagonia Ambiental","@id":"https:\/\/patagoniambiental.com.ar\/info\/#\/schema\/person\/db12bff64bbcbf6a253710bf0ea37b5d"},"headline":"Investigador de la UNRN present\u00f3 en Estados Unidos su trabajo de visualizaci\u00f3n de volcanes","datePublished":"2017-09-08T12:00:53+00:00","dateModified":"2017-09-08T14:04:42+00:00","mainEntityOfPage":{"@id":"https:\/\/patagoniambiental.com.ar\/info\/investigador-de-la-unrn-presento-en-estados-unidos-su-trabajo-de-visualizacion-de-volcanes\/"},"wordCount":530,"commentCount":0,"publisher":{"@id":"https:\/\/patagoniambiental.com.ar\/info\/#organization"},"image":{"@id":"https:\/\/patagoniambiental.com.ar\/info\/investigador-de-la-unrn-presento-en-estados-unidos-su-trabajo-de-visualizacion-de-volcanes\/#primaryimage"},"thumbnailUrl":"https:\/\/patagoniambiental.com.ar\/info\/wp-content\/uploads\/2017\/09\/thumbnail_Guardo.jpg","articleSection":["Internacionales","Noticias"],"inLanguage":"es","potentialAction":[{"@type":"CommentAction","name":"Comment","target":["https:\/\/patagoniambiental.com.ar\/info\/investigador-de-la-unrn-presento-en-estados-unidos-su-trabajo-de-visualizacion-de-volcanes\/#respond"]}]},{"@type":"WebPage","@id":"https:\/\/patagoniambiental.com.ar\/info\/investigador-de-la-unrn-presento-en-estados-unidos-su-trabajo-de-visualizacion-de-volcanes\/","url":"https:\/\/patagoniambiental.com.ar\/info\/investigador-de-la-unrn-presento-en-estados-unidos-su-trabajo-de-visualizacion-de-volcanes\/","name":"Investigador de la UNRN present\u00f3 en Estados Unidos su trabajo de visualizaci\u00f3n de volcanes","isPartOf":{"@id":"https:\/\/patagoniambiental.com.ar\/info\/#website"},"primaryImageOfPage":{"@id":"https:\/\/patagoniambiental.com.ar\/info\/investigador-de-la-unrn-presento-en-estados-unidos-su-trabajo-de-visualizacion-de-volcanes\/#primaryimage"},"image":{"@id":"https:\/\/patagoniambiental.com.ar\/info\/investigador-de-la-unrn-presento-en-estados-unidos-su-trabajo-de-visualizacion-de-volcanes\/#primaryimage"},"thumbnailUrl":"https:\/\/patagoniambiental.com.ar\/info\/wp-content\/uploads\/2017\/09\/thumbnail_Guardo.jpg","datePublished":"2017-09-08T12:00:53+00:00","dateModified":"2017-09-08T14:04:42+00:00","breadcrumb":{"@id":"https:\/\/patagoniambiental.com.ar\/info\/investigador-de-la-unrn-presento-en-estados-unidos-su-trabajo-de-visualizacion-de-volcanes\/#breadcrumb"},"inLanguage":"es","potentialAction":[{"@type":"ReadAction","target":["https:\/\/patagoniambiental.com.ar\/info\/investigador-de-la-unrn-presento-en-estados-unidos-su-trabajo-de-visualizacion-de-volcanes\/"]}]},{"@type":"ImageObject","inLanguage":"es","@id":"https:\/\/patagoniambiental.com.ar\/info\/investigador-de-la-unrn-presento-en-estados-unidos-su-trabajo-de-visualizacion-de-volcanes\/#primaryimage","url":"https:\/\/patagoniambiental.com.ar\/info\/wp-content\/uploads\/2017\/09\/thumbnail_Guardo.jpg","contentUrl":"https:\/\/patagoniambiental.com.ar\/info\/wp-content\/uploads\/2017\/09\/thumbnail_Guardo.jpg","width":699,"height":300},{"@type":"BreadcrumbList","@id":"https:\/\/patagoniambiental.com.ar\/info\/investigador-de-la-unrn-presento-en-estados-unidos-su-trabajo-de-visualizacion-de-volcanes\/#breadcrumb","itemListElement":[{"@type":"ListItem","position":1,"name":"Inicio","item":"https:\/\/patagoniambiental.com.ar\/info\/"},{"@type":"ListItem","position":2,"name":"Investigador de la UNRN present\u00f3 en Estados Unidos su trabajo de visualizaci\u00f3n de volcanes"}]},{"@type":"WebSite","@id":"https:\/\/patagoniambiental.com.ar\/info\/#website","url":"https:\/\/patagoniambiental.com.ar\/info\/","name":"Patagonia Ambiental","description":"Monitoreo y an\u00e1lisis de la situaci\u00f3n geopol\u00edtica en el mundo y su implicancia en la Patagonia","publisher":{"@id":"https:\/\/patagoniambiental.com.ar\/info\/#organization"},"potentialAction":[{"@type":"SearchAction","target":{"@type":"EntryPoint","urlTemplate":"https:\/\/patagoniambiental.com.ar\/info\/?s={search_term_string}"},"query-input":{"@type":"PropertyValueSpecification","valueRequired":true,"valueName":"search_term_string"}}],"inLanguage":"es"},{"@type":"Organization","@id":"https:\/\/patagoniambiental.com.ar\/info\/#organization","name":"Patagonia Ambiental","url":"https:\/\/patagoniambiental.com.ar\/info\/","logo":{"@type":"ImageObject","inLanguage":"es","@id":"https:\/\/patagoniambiental.com.ar\/info\/#\/schema\/logo\/image\/","url":"https:\/\/patagoniambiental.com.ar\/info\/wp-content\/uploads\/2025\/05\/LOGO-PATAGONIA-AMBIENTAL.png","contentUrl":"https:\/\/patagoniambiental.com.ar\/info\/wp-content\/uploads\/2025\/05\/LOGO-PATAGONIA-AMBIENTAL.png","width":433,"height":250,"caption":"Patagonia Ambiental"},"image":{"@id":"https:\/\/patagoniambiental.com.ar\/info\/#\/schema\/logo\/image\/"},"sameAs":["https:\/\/www.facebook.com\/patagonia.ambiental","https:\/\/x.com\/PatAmb"]},{"@type":"Person","@id":"https:\/\/patagoniambiental.com.ar\/info\/#\/schema\/person\/db12bff64bbcbf6a253710bf0ea37b5d","name":"Patagonia Ambiental","description":"Andr\u00e9s Nievas T\u00e9cnico en manejo ambiental, consultor Ambiental y escritor para medios locales e internacionales sobre temas de geopolitica y medio ambiente.","sameAs":["http:\/\/www.patagoniambiental.com.ar","https:\/\/www.facebook.com\/share\/1C1V8Gv9BX\/?mibextid=qi2Omg","@patagoniambiental","https:\/\/youtube.com\/@patagoniaambiental2023?si=BLt58t0wuXquxlYZ"]}]}},"_links":{"self":[{"href":"https:\/\/patagoniambiental.com.ar\/info\/wp-json\/wp\/v2\/posts\/34530","targetHints":{"allow":["GET"]}}],"collection":[{"href":"https:\/\/patagoniambiental.com.ar\/info\/wp-json\/wp\/v2\/posts"}],"about":[{"href":"https:\/\/patagoniambiental.com.ar\/info\/wp-json\/wp\/v2\/types\/post"}],"author":[{"embeddable":true,"href":"https:\/\/patagoniambiental.com.ar\/info\/wp-json\/wp\/v2\/users\/2"}],"replies":[{"embeddable":true,"href":"https:\/\/patagoniambiental.com.ar\/info\/wp-json\/wp\/v2\/comments?post=34530"}],"version-history":[{"count":0,"href":"https:\/\/patagoniambiental.com.ar\/info\/wp-json\/wp\/v2\/posts\/34530\/revisions"}],"wp:featuredmedia":[{"embeddable":true,"href":"https:\/\/patagoniambiental.com.ar\/info\/wp-json\/wp\/v2\/media\/34532"}],"wp:attachment":[{"href":"https:\/\/patagoniambiental.com.ar\/info\/wp-json\/wp\/v2\/media?parent=34530"}],"wp:term":[{"taxonomy":"category","embeddable":true,"href":"https:\/\/patagoniambiental.com.ar\/info\/wp-json\/wp\/v2\/categories?post=34530"},{"taxonomy":"post_tag","embeddable":true,"href":"https:\/\/patagoniambiental.com.ar\/info\/wp-json\/wp\/v2\/tags?post=34530"}],"curies":[{"name":"wp","href":"https:\/\/api.w.org\/{rel}","templated":true}]}}