{"id":34664,"date":"2017-09-11T19:00:10","date_gmt":"2017-09-11T22:00:10","guid":{"rendered":"http:\/\/patagoniambiental.com.ar\/info\/?p=34664"},"modified":"2017-09-11T09:20:38","modified_gmt":"2017-09-11T12:20:38","slug":"el-municipio-recomendo-sacarlo-del-golfo-y-prefectura-dice-que-ellos-resolveran-al-respecto-preocupa-el-riesgo-ambiental-que-pudiera-provocar-el-barco-incendiado","status":"publish","type":"post","link":"https:\/\/patagoniambiental.com.ar\/info\/el-municipio-recomendo-sacarlo-del-golfo-y-prefectura-dice-que-ellos-resolveran-al-respecto-preocupa-el-riesgo-ambiental-que-pudiera-provocar-el-barco-incendiado\/","title":{"rendered":"EL MUNICIPIO RECOMEND\u00d3 SACARLO DEL GOLFO Y PREFECTURA DICE QUE ELLOS RESOLVER\u00c1N AL RESPECTO  Preocupa el riesgo ambiental que pudiera provocar el barco incendiado"},"content":{"rendered":"<p>Puerto Madryn.-\u201cNuestro consejo fue que lo saquen del Golfo, o que lo saquen a tierra firme, por la cantidad de combustible que tiene. Prefectura dice que la decisi\u00f3n es de ellos.<!--more--><\/p>\n<p>Esperemos tomen la m\u00e1s acertada\u201d, asegur\u00f3 ayer el intendente de Puerto Madryn, Ricardo Sastre al referirse al incendio que se origin\u00f3 en el Urabain de Iberconsa.<br \/>\nEl barco escorado hace temer por consecuencias mayores sobre el medio ambiente, teniendo en cuenta que el barco estaba listo para zarpar desde Madryn, y tiene los tanques llenos de combustible.<br \/>\n\u201cEstamos al tanto desde el primer momento. Habl\u00e9 con autoridades de Prefectura. Claro que cada uno est\u00e1 especializado en sus tareas y funciones. Son ellos quienes deben tomar las decisiones. Mi opini\u00f3n como Intendente fue que lo retiren del lugar, que lo saquen del Golfo Nuevo remolc\u00e1ndolo o que lo saquen a tierra firme\u201d, sugiri\u00f3 el Jefe comunal argumentando que \u201cel barco estaba listo para zarpar, y tiene los tanques llenos de combustible. Quiz\u00e1s alguien especializado en estas cuestiones, me diga que lo que estoy diciendo es una incoherencia. Simplemente lo pregunto porque nos puede llegar a hacer un da\u00f1o muy grande con la cantidad de combustible que tiene en su interior\u201d, hilvan\u00f3.<br \/>\nPor otro lado, el Intendente dej\u00f3 en claro que \u201cestamos con un barco que est\u00e1 en riesgo, con serios inconvenientes. Quiero pensar que las personas que son id\u00f3neas y que se especializan en estas cuestiones, han decidido no moverlo del lugar por alguna raz\u00f3n. Al momento de hablar con el Prefecto, \u00e9l me manifest\u00f3 que la decisi\u00f3n la tomar\u00edan ellos, as\u00ed que estamos a la espera de que la decisi\u00f3n sea la acertada\u201d, agreg\u00f3.<\/p>\n<p><strong>Adoptan medidas preventivas<\/strong><\/p>\n<p>La Administraci\u00f3n Portuaria de Puerto Madryn (APPM) en relaci\u00f3n al siniestro del buque congelador Urabain de Iberconsa, amarrado en el Sitio 4 del muelle Almirante Storni, dio a conocer, que en simult\u00e1neo mientras contin\u00faa el enfriado y ataque de los focos \u00edgneos en el interior de la embarcaci\u00f3n, se procura iniciar el achique de agua con bombas de camiones de la empresa Patagonia Ecol\u00f3gica. El objetivo es bajar el nivel de l\u00edquidos que tiene el buque para que pueda recuperar su posici\u00f3n de adrizamiento, ya que desde la medianoche y hasta este momento el buque congelador arrastrero presenta una situaci\u00f3n de escora sobre su banda de estribor.<br \/>\nEn tanto, como \u2018medida preventiva\u2019, para esta tarde se espera el arribo a la ciudad de equipos t\u00e9cnicos de la firma Lanchas del Sur de Bah\u00eda Blanca, que es una empresa prestadora de servicios a terceros, en control de derrames de hidrocarburos, habilitada por la Prefectura Naval.<br \/>\nEl operativo de ataque del siniestro es comandado por la PNA de Puerto Madryn, quien tiene autoridad en el mando y toma de decisiones respecto a las medidas y m\u00e9todos para la extinci\u00f3n del incendio declarado en la tarde del jueves. La APPM colabora en el aprovisionamiento de equipos y elementos para lograr el cometido.<\/p>\n<p><strong>Protocolos de seguridad<\/strong><\/p>\n<p>El interventor de la Administraci\u00f3n Portuaria de Puerto Madryn, Ing. Osvaldo Sala asegur\u00f3 que \u201cla preocupaci\u00f3n principal, una vez comenzado el siniestro, fue resguardar las vidas humanas. Afortunadamente, la tripulaci\u00f3n puedo evacuarse y rescatarse a la persona que estuvo atrapada en un primer momento. Desde el punto de vista de los protocolos de seguridad, funcion\u00f3 el sistema de lucha contra incendio del puerto, y siguen funcionando todas las fuentes de aprovisionamiento de agua\u201d, dijo.<br \/>\nSala indic\u00f3 que \u201ctodav\u00eda se mantiene el foco de fuego en el interior\u201d, en virtud de lo cual \u201ca partir de este evento hemos iniciado una serie de medidas preventivas y complementarias al ataque del foco que est\u00e1 a cargo de la Prefectura Naval, quien toma las decisiones sobre los m\u00e9todos de combate del siniestro\u201d.<br \/>\nEn relaci\u00f3n a las medidas indicadas \u201cse ha comenzado a trabajar con una empresa especializada para empezar a achicar el agua que tiene el buque. Adem\u00e1s otra empresa de Bah\u00eda Blanca, especializada en contingencias, evaluar\u00e1 la situaci\u00f3n general de la embarcaci\u00f3n sometida por las llamas\u201d.<\/p>\n<p><strong>Plan de acci\u00f3n<\/strong><\/p>\n<p>El ingeniero Sala mencion\u00f3 adem\u00e1s que \u201cde manera preventiva y como establecen los protocolos para estos casos se desplegar\u00e1n equipos, para si en una eventualidad hay alguna fuga de l\u00edquidos o hidrocarburos, queden circunscriptos alrededor del barco para poder recuperarlos\u201d. En este sentido, revel\u00f3 que \u201cIberconsa ha contratado a una empresa de Bah\u00eda Blanca que se suma al trabajo de los equipos locales. Es una empresa de salvataje y control de aver\u00edas de embarcaciones\u201d.<\/p>\n<p><strong>\u201cLa situaci\u00f3n sigue siendo comprometida\u201d<\/strong><\/p>\n<p>Por su parte, el director Operativo de la APPM, Mart\u00edn Liendo, precis\u00f3 que \u201cel foco sigue activo, hay partes del barco que est\u00e1n muy calientes y derriten las mangueras que intentan achicar. La situaci\u00f3n sigue siendo comprometida. Hay focos a\u00fan dentro del barco, pero no hay fuego descontrolado\u201d, explic\u00f3 ayer.<br \/>\nRespecto a los hidrocarburos almacenados en los tres tanques que tiene la embarcaci\u00f3n sostuvo que \u201cen toda maniobra o evento de este tipo, peligro existe, esto no se puede negar. Lo que se intenta es minimizar los riesgos. El hidrocarburo est\u00e1 debajo de la \u2018obra viva\u2019 del barco, por lo que se estima que contin\u00faa estando frio. Y adem\u00e1s se contin\u00faan enfriando, desde arriba, las doble paredes de acero que tienen los tanques\u201d, describi\u00f3.<br \/>\n\u201cLas medidas de ataque las resuelve y decide la Prefectura. El Puerto colabora en todo lo que se necesite para esas maniobras\u201d, agreg\u00f3 Liendo. Y respecto a la escora del barco \u201cya est\u00e1 trabajando la empresa Patagonia Ecol\u00f3gica en achicar el agua, pero todav\u00eda no se puede ingresar a bordo. Por otro lado, est\u00e1 llegando la empresa Lanchas del Sur de Bah\u00eda Blanca, que se dedica al control de derrames de hidrocarburos para tomar acciones preventivas\u201d, concluy\u00f3.<\/p>\n<p>Fuente: El Diario de Madryn<\/p>\n","protected":false},"excerpt":{"rendered":"<p>Puerto Madryn.-\u201cNuestro consejo fue que lo saquen del Golfo, o que lo saquen a tierra firme, por la cantidad de [&hellip;]<\/p>\n","protected":false},"author":2,"featured_media":34665,"comment_status":"open","ping_status":"open","sticky":false,"template":"","format":"standard","meta":{"site-sidebar-layout":"default","site-content-layout":"","ast-site-content-layout":"default","site-content-style":"default","site-sidebar-style":"default","ast-global-header-display":"","ast-banner-title-visibility":"","ast-main-header-display":"","ast-hfb-above-header-display":"","ast-hfb-below-header-display":"","ast-hfb-mobile-header-display":"","site-post-title":"","ast-breadcrumbs-content":"","ast-featured-img":"","footer-sml-layout":"","ast-disable-related-posts":"","theme-transparent-header-meta":"","adv-header-id-meta":"","stick-header-meta":"","header-above-stick-meta":"","header-main-stick-meta":"","header-below-stick-meta":"","astra-migrate-meta-layouts":"default","ast-page-background-enabled":"default","ast-page-background-meta":{"desktop":{"background-color":"var(--ast-global-color-5)","background-image":"","background-repeat":"repeat","background-position":"center center","background-size":"auto","background-attachment":"scroll","background-type":"","background-media":"","overlay-type":"","overlay-color":"","overlay-opacity":"","overlay-gradient":""},"tablet":{"background-color":"","background-image":"","background-repeat":"repeat","background-position":"center center","background-size":"auto","background-attachment":"scroll","background-type":"","background-media":"","overlay-type":"","overlay-color":"","overlay-opacity":"","overlay-gradient":""},"mobile":{"background-color":"","background-image":"","background-repeat":"repeat","background-position":"center center","background-size":"auto","background-attachment":"scroll","background-type":"","background-media":"","overlay-type":"","overlay-color":"","overlay-opacity":"","overlay-gradient":""}},"ast-content-background-meta":{"desktop":{"background-color":"var(--ast-global-color-4)","background-image":"","background-repeat":"repeat","background-position":"center center","background-size":"auto","background-attachment":"scroll","background-type":"","background-media":"","overlay-type":"","overlay-color":"","overlay-opacity":"","overlay-gradient":""},"tablet":{"background-color":"var(--ast-global-color-4)","background-image":"","background-repeat":"repeat","background-position":"center center","background-size":"auto","background-attachment":"scroll","background-type":"","background-media":"","overlay-type":"","overlay-color":"","overlay-opacity":"","overlay-gradient":""},"mobile":{"background-color":"var(--ast-global-color-4)","background-image":"","background-repeat":"repeat","background-position":"center center","background-size":"auto","background-attachment":"scroll","background-type":"","background-media":"","overlay-type":"","overlay-color":"","overlay-opacity":"","overlay-gradient":""}},"footnotes":""},"categories":[16,1],"tags":[],"class_list":["post-34664","post","type-post","status-publish","format-standard","has-post-thumbnail","hentry","category-municipales","category-noticias"],"yoast_head":"<!-- This site is optimized with the Yoast SEO Premium plugin v23.0 (Yoast SEO v27.4) - https:\/\/yoast.com\/product\/yoast-seo-premium-wordpress\/ -->\n<title>EL MUNICIPIO RECOMEND\u00d3 SACARLO DEL GOLFO Y PREFECTURA DICE QUE ELLOS RESOLVER\u00c1N AL RESPECTO Preocupa el riesgo ambiental que pudiera provocar el barco incendiado<\/title>\n<meta name=\"robots\" content=\"index, follow, max-snippet:-1, max-image-preview:large, max-video-preview:-1\" \/>\n<link rel=\"canonical\" href=\"https:\/\/patagoniambiental.com.ar\/info\/el-municipio-recomendo-sacarlo-del-golfo-y-prefectura-dice-que-ellos-resolveran-al-respecto-preocupa-el-riesgo-ambiental-que-pudiera-provocar-el-barco-incendiado\/\" \/>\n<meta property=\"og:locale\" content=\"es_ES\" \/>\n<meta property=\"og:type\" content=\"article\" \/>\n<meta property=\"og:title\" content=\"EL MUNICIPIO RECOMEND\u00d3 SACARLO DEL GOLFO Y PREFECTURA DICE QUE ELLOS RESOLVER\u00c1N AL RESPECTO Preocupa el riesgo ambiental que pudiera provocar el barco incendiado\" \/>\n<meta property=\"og:description\" content=\"Puerto Madryn.-\u201cNuestro consejo fue que lo saquen del Golfo, o que lo saquen a tierra firme, por la cantidad de [&hellip;]\" \/>\n<meta property=\"og:url\" content=\"https:\/\/patagoniambiental.com.ar\/info\/el-municipio-recomendo-sacarlo-del-golfo-y-prefectura-dice-que-ellos-resolveran-al-respecto-preocupa-el-riesgo-ambiental-que-pudiera-provocar-el-barco-incendiado\/\" \/>\n<meta property=\"og:site_name\" content=\"Patagonia Ambiental\" \/>\n<meta property=\"article:publisher\" content=\"https:\/\/www.facebook.com\/patagonia.ambiental\" \/>\n<meta property=\"article:author\" content=\"https:\/\/www.facebook.com\/share\/1C1V8Gv9BX\/?mibextid=qi2Omg\" \/>\n<meta property=\"article:published_time\" content=\"2017-09-11T22:00:10+00:00\" \/>\n<meta property=\"og:image\" content=\"https:\/\/patagoniambiental.com.ar\/info\/wp-content\/uploads\/2017\/09\/1-151.jpg\" \/>\n\t<meta property=\"og:image:width\" content=\"400\" \/>\n\t<meta property=\"og:image:height\" content=\"225\" \/>\n\t<meta property=\"og:image:type\" content=\"image\/jpeg\" \/>\n<meta name=\"author\" content=\"Patagonia Ambiental\" \/>\n<meta name=\"twitter:card\" content=\"summary_large_image\" \/>\n<meta name=\"twitter:creator\" content=\"@PatAmb\" \/>\n<meta name=\"twitter:site\" content=\"@PatAmb\" \/>\n<script type=\"application\/ld+json\" class=\"yoast-schema-graph\">{\"@context\":\"https:\\\/\\\/schema.org\",\"@graph\":[{\"@type\":\"Article\",\"@id\":\"https:\\\/\\\/patagoniambiental.com.ar\\\/info\\\/el-municipio-recomendo-sacarlo-del-golfo-y-prefectura-dice-que-ellos-resolveran-al-respecto-preocupa-el-riesgo-ambiental-que-pudiera-provocar-el-barco-incendiado\\\/#article\",\"isPartOf\":{\"@id\":\"https:\\\/\\\/patagoniambiental.com.ar\\\/info\\\/el-municipio-recomendo-sacarlo-del-golfo-y-prefectura-dice-que-ellos-resolveran-al-respecto-preocupa-el-riesgo-ambiental-que-pudiera-provocar-el-barco-incendiado\\\/\"},\"author\":{\"name\":\"Patagonia Ambiental\",\"@id\":\"https:\\\/\\\/patagoniambiental.com.ar\\\/info\\\/#\\\/schema\\\/person\\\/db12bff64bbcbf6a253710bf0ea37b5d\"},\"headline\":\"EL MUNICIPIO RECOMEND\u00d3 SACARLO DEL GOLFO Y PREFECTURA DICE QUE ELLOS RESOLVER\u00c1N AL RESPECTO Preocupa el riesgo ambiental que pudiera provocar el barco incendiado\",\"datePublished\":\"2017-09-11T22:00:10+00:00\",\"mainEntityOfPage\":{\"@id\":\"https:\\\/\\\/patagoniambiental.com.ar\\\/info\\\/el-municipio-recomendo-sacarlo-del-golfo-y-prefectura-dice-que-ellos-resolveran-al-respecto-preocupa-el-riesgo-ambiental-que-pudiera-provocar-el-barco-incendiado\\\/\"},\"wordCount\":1030,\"commentCount\":0,\"publisher\":{\"@id\":\"https:\\\/\\\/patagoniambiental.com.ar\\\/info\\\/#organization\"},\"image\":{\"@id\":\"https:\\\/\\\/patagoniambiental.com.ar\\\/info\\\/el-municipio-recomendo-sacarlo-del-golfo-y-prefectura-dice-que-ellos-resolveran-al-respecto-preocupa-el-riesgo-ambiental-que-pudiera-provocar-el-barco-incendiado\\\/#primaryimage\"},\"thumbnailUrl\":\"https:\\\/\\\/patagoniambiental.com.ar\\\/info\\\/wp-content\\\/uploads\\\/2017\\\/09\\\/1-151.jpg\",\"articleSection\":[\"Municipales\",\"Noticias\"],\"inLanguage\":\"es\",\"potentialAction\":[{\"@type\":\"CommentAction\",\"name\":\"Comment\",\"target\":[\"https:\\\/\\\/patagoniambiental.com.ar\\\/info\\\/el-municipio-recomendo-sacarlo-del-golfo-y-prefectura-dice-que-ellos-resolveran-al-respecto-preocupa-el-riesgo-ambiental-que-pudiera-provocar-el-barco-incendiado\\\/#respond\"]}]},{\"@type\":\"WebPage\",\"@id\":\"https:\\\/\\\/patagoniambiental.com.ar\\\/info\\\/el-municipio-recomendo-sacarlo-del-golfo-y-prefectura-dice-que-ellos-resolveran-al-respecto-preocupa-el-riesgo-ambiental-que-pudiera-provocar-el-barco-incendiado\\\/\",\"url\":\"https:\\\/\\\/patagoniambiental.com.ar\\\/info\\\/el-municipio-recomendo-sacarlo-del-golfo-y-prefectura-dice-que-ellos-resolveran-al-respecto-preocupa-el-riesgo-ambiental-que-pudiera-provocar-el-barco-incendiado\\\/\",\"name\":\"EL MUNICIPIO RECOMEND\u00d3 SACARLO DEL GOLFO Y PREFECTURA DICE QUE ELLOS RESOLVER\u00c1N AL RESPECTO Preocupa el riesgo ambiental que pudiera provocar el barco incendiado\",\"isPartOf\":{\"@id\":\"https:\\\/\\\/patagoniambiental.com.ar\\\/info\\\/#website\"},\"primaryImageOfPage\":{\"@id\":\"https:\\\/\\\/patagoniambiental.com.ar\\\/info\\\/el-municipio-recomendo-sacarlo-del-golfo-y-prefectura-dice-que-ellos-resolveran-al-respecto-preocupa-el-riesgo-ambiental-que-pudiera-provocar-el-barco-incendiado\\\/#primaryimage\"},\"image\":{\"@id\":\"https:\\\/\\\/patagoniambiental.com.ar\\\/info\\\/el-municipio-recomendo-sacarlo-del-golfo-y-prefectura-dice-que-ellos-resolveran-al-respecto-preocupa-el-riesgo-ambiental-que-pudiera-provocar-el-barco-incendiado\\\/#primaryimage\"},\"thumbnailUrl\":\"https:\\\/\\\/patagoniambiental.com.ar\\\/info\\\/wp-content\\\/uploads\\\/2017\\\/09\\\/1-151.jpg\",\"datePublished\":\"2017-09-11T22:00:10+00:00\",\"breadcrumb\":{\"@id\":\"https:\\\/\\\/patagoniambiental.com.ar\\\/info\\\/el-municipio-recomendo-sacarlo-del-golfo-y-prefectura-dice-que-ellos-resolveran-al-respecto-preocupa-el-riesgo-ambiental-que-pudiera-provocar-el-barco-incendiado\\\/#breadcrumb\"},\"inLanguage\":\"es\",\"potentialAction\":[{\"@type\":\"ReadAction\",\"target\":[\"https:\\\/\\\/patagoniambiental.com.ar\\\/info\\\/el-municipio-recomendo-sacarlo-del-golfo-y-prefectura-dice-que-ellos-resolveran-al-respecto-preocupa-el-riesgo-ambiental-que-pudiera-provocar-el-barco-incendiado\\\/\"]}]},{\"@type\":\"ImageObject\",\"inLanguage\":\"es\",\"@id\":\"https:\\\/\\\/patagoniambiental.com.ar\\\/info\\\/el-municipio-recomendo-sacarlo-del-golfo-y-prefectura-dice-que-ellos-resolveran-al-respecto-preocupa-el-riesgo-ambiental-que-pudiera-provocar-el-barco-incendiado\\\/#primaryimage\",\"url\":\"https:\\\/\\\/patagoniambiental.com.ar\\\/info\\\/wp-content\\\/uploads\\\/2017\\\/09\\\/1-151.jpg\",\"contentUrl\":\"https:\\\/\\\/patagoniambiental.com.ar\\\/info\\\/wp-content\\\/uploads\\\/2017\\\/09\\\/1-151.jpg\",\"width\":400,\"height\":225},{\"@type\":\"BreadcrumbList\",\"@id\":\"https:\\\/\\\/patagoniambiental.com.ar\\\/info\\\/el-municipio-recomendo-sacarlo-del-golfo-y-prefectura-dice-que-ellos-resolveran-al-respecto-preocupa-el-riesgo-ambiental-que-pudiera-provocar-el-barco-incendiado\\\/#breadcrumb\",\"itemListElement\":[{\"@type\":\"ListItem\",\"position\":1,\"name\":\"Inicio\",\"item\":\"https:\\\/\\\/patagoniambiental.com.ar\\\/info\\\/\"},{\"@type\":\"ListItem\",\"position\":2,\"name\":\"EL MUNICIPIO RECOMEND\u00d3 SACARLO DEL GOLFO Y PREFECTURA DICE QUE ELLOS RESOLVER\u00c1N AL RESPECTO Preocupa el riesgo ambiental que pudiera provocar el barco incendiado\"}]},{\"@type\":\"WebSite\",\"@id\":\"https:\\\/\\\/patagoniambiental.com.ar\\\/info\\\/#website\",\"url\":\"https:\\\/\\\/patagoniambiental.com.ar\\\/info\\\/\",\"name\":\"Patagonia Ambiental\",\"description\":\"Monitoreo y an\u00e1lisis de la situaci\u00f3n geopol\u00edtica en el mundo y su implicancia en la Patagonia\",\"publisher\":{\"@id\":\"https:\\\/\\\/patagoniambiental.com.ar\\\/info\\\/#organization\"},\"potentialAction\":[{\"@type\":\"SearchAction\",\"target\":{\"@type\":\"EntryPoint\",\"urlTemplate\":\"https:\\\/\\\/patagoniambiental.com.ar\\\/info\\\/?s={search_term_string}\"},\"query-input\":{\"@type\":\"PropertyValueSpecification\",\"valueRequired\":true,\"valueName\":\"search_term_string\"}}],\"inLanguage\":\"es\"},{\"@type\":\"Organization\",\"@id\":\"https:\\\/\\\/patagoniambiental.com.ar\\\/info\\\/#organization\",\"name\":\"Patagonia Ambiental\",\"url\":\"https:\\\/\\\/patagoniambiental.com.ar\\\/info\\\/\",\"logo\":{\"@type\":\"ImageObject\",\"inLanguage\":\"es\",\"@id\":\"https:\\\/\\\/patagoniambiental.com.ar\\\/info\\\/#\\\/schema\\\/logo\\\/image\\\/\",\"url\":\"https:\\\/\\\/patagoniambiental.com.ar\\\/info\\\/wp-content\\\/uploads\\\/2025\\\/05\\\/LOGO-PATAGONIA-AMBIENTAL.png\",\"contentUrl\":\"https:\\\/\\\/patagoniambiental.com.ar\\\/info\\\/wp-content\\\/uploads\\\/2025\\\/05\\\/LOGO-PATAGONIA-AMBIENTAL.png\",\"width\":433,\"height\":250,\"caption\":\"Patagonia Ambiental\"},\"image\":{\"@id\":\"https:\\\/\\\/patagoniambiental.com.ar\\\/info\\\/#\\\/schema\\\/logo\\\/image\\\/\"},\"sameAs\":[\"https:\\\/\\\/www.facebook.com\\\/patagonia.ambiental\",\"https:\\\/\\\/x.com\\\/PatAmb\"]},{\"@type\":\"Person\",\"@id\":\"https:\\\/\\\/patagoniambiental.com.ar\\\/info\\\/#\\\/schema\\\/person\\\/db12bff64bbcbf6a253710bf0ea37b5d\",\"name\":\"Patagonia Ambiental\",\"description\":\"Andr\u00e9s Nievas T\u00e9cnico en manejo ambiental, consultor Ambiental y escritor para medios locales e internacionales sobre temas de geopolitica y medio ambiente.\",\"sameAs\":[\"http:\\\/\\\/www.patagoniambiental.com.ar\",\"https:\\\/\\\/www.facebook.com\\\/share\\\/1C1V8Gv9BX\\\/?mibextid=qi2Omg\",\"@patagoniambiental\",\"https:\\\/\\\/youtube.com\\\/@patagoniaambiental2023?si=BLt58t0wuXquxlYZ\"]}]}<\/script>\n<!-- \/ Yoast SEO Premium plugin. -->","yoast_head_json":{"title":"EL MUNICIPIO RECOMEND\u00d3 SACARLO DEL GOLFO Y PREFECTURA DICE QUE ELLOS RESOLVER\u00c1N AL RESPECTO Preocupa el riesgo ambiental que pudiera provocar el barco incendiado","robots":{"index":"index","follow":"follow","max-snippet":"max-snippet:-1","max-image-preview":"max-image-preview:large","max-video-preview":"max-video-preview:-1"},"canonical":"https:\/\/patagoniambiental.com.ar\/info\/el-municipio-recomendo-sacarlo-del-golfo-y-prefectura-dice-que-ellos-resolveran-al-respecto-preocupa-el-riesgo-ambiental-que-pudiera-provocar-el-barco-incendiado\/","og_locale":"es_ES","og_type":"article","og_title":"EL MUNICIPIO RECOMEND\u00d3 SACARLO DEL GOLFO Y PREFECTURA DICE QUE ELLOS RESOLVER\u00c1N AL RESPECTO Preocupa el riesgo ambiental que pudiera provocar el barco incendiado","og_description":"Puerto Madryn.-\u201cNuestro consejo fue que lo saquen del Golfo, o que lo saquen a tierra firme, por la cantidad de [&hellip;]","og_url":"https:\/\/patagoniambiental.com.ar\/info\/el-municipio-recomendo-sacarlo-del-golfo-y-prefectura-dice-que-ellos-resolveran-al-respecto-preocupa-el-riesgo-ambiental-que-pudiera-provocar-el-barco-incendiado\/","og_site_name":"Patagonia Ambiental","article_publisher":"https:\/\/www.facebook.com\/patagonia.ambiental","article_author":"https:\/\/www.facebook.com\/share\/1C1V8Gv9BX\/?mibextid=qi2Omg","article_published_time":"2017-09-11T22:00:10+00:00","og_image":[{"width":400,"height":225,"url":"https:\/\/patagoniambiental.com.ar\/info\/wp-content\/uploads\/2017\/09\/1-151.jpg","type":"image\/jpeg"}],"author":"Patagonia Ambiental","twitter_card":"summary_large_image","twitter_creator":"@PatAmb","twitter_site":"@PatAmb","schema":{"@context":"https:\/\/schema.org","@graph":[{"@type":"Article","@id":"https:\/\/patagoniambiental.com.ar\/info\/el-municipio-recomendo-sacarlo-del-golfo-y-prefectura-dice-que-ellos-resolveran-al-respecto-preocupa-el-riesgo-ambiental-que-pudiera-provocar-el-barco-incendiado\/#article","isPartOf":{"@id":"https:\/\/patagoniambiental.com.ar\/info\/el-municipio-recomendo-sacarlo-del-golfo-y-prefectura-dice-que-ellos-resolveran-al-respecto-preocupa-el-riesgo-ambiental-que-pudiera-provocar-el-barco-incendiado\/"},"author":{"name":"Patagonia Ambiental","@id":"https:\/\/patagoniambiental.com.ar\/info\/#\/schema\/person\/db12bff64bbcbf6a253710bf0ea37b5d"},"headline":"EL MUNICIPIO RECOMEND\u00d3 SACARLO DEL GOLFO Y PREFECTURA DICE QUE ELLOS RESOLVER\u00c1N AL RESPECTO Preocupa el riesgo ambiental que pudiera provocar el barco incendiado","datePublished":"2017-09-11T22:00:10+00:00","mainEntityOfPage":{"@id":"https:\/\/patagoniambiental.com.ar\/info\/el-municipio-recomendo-sacarlo-del-golfo-y-prefectura-dice-que-ellos-resolveran-al-respecto-preocupa-el-riesgo-ambiental-que-pudiera-provocar-el-barco-incendiado\/"},"wordCount":1030,"commentCount":0,"publisher":{"@id":"https:\/\/patagoniambiental.com.ar\/info\/#organization"},"image":{"@id":"https:\/\/patagoniambiental.com.ar\/info\/el-municipio-recomendo-sacarlo-del-golfo-y-prefectura-dice-que-ellos-resolveran-al-respecto-preocupa-el-riesgo-ambiental-que-pudiera-provocar-el-barco-incendiado\/#primaryimage"},"thumbnailUrl":"https:\/\/patagoniambiental.com.ar\/info\/wp-content\/uploads\/2017\/09\/1-151.jpg","articleSection":["Municipales","Noticias"],"inLanguage":"es","potentialAction":[{"@type":"CommentAction","name":"Comment","target":["https:\/\/patagoniambiental.com.ar\/info\/el-municipio-recomendo-sacarlo-del-golfo-y-prefectura-dice-que-ellos-resolveran-al-respecto-preocupa-el-riesgo-ambiental-que-pudiera-provocar-el-barco-incendiado\/#respond"]}]},{"@type":"WebPage","@id":"https:\/\/patagoniambiental.com.ar\/info\/el-municipio-recomendo-sacarlo-del-golfo-y-prefectura-dice-que-ellos-resolveran-al-respecto-preocupa-el-riesgo-ambiental-que-pudiera-provocar-el-barco-incendiado\/","url":"https:\/\/patagoniambiental.com.ar\/info\/el-municipio-recomendo-sacarlo-del-golfo-y-prefectura-dice-que-ellos-resolveran-al-respecto-preocupa-el-riesgo-ambiental-que-pudiera-provocar-el-barco-incendiado\/","name":"EL MUNICIPIO RECOMEND\u00d3 SACARLO DEL GOLFO Y PREFECTURA DICE QUE ELLOS RESOLVER\u00c1N AL RESPECTO Preocupa el riesgo ambiental que pudiera provocar el barco incendiado","isPartOf":{"@id":"https:\/\/patagoniambiental.com.ar\/info\/#website"},"primaryImageOfPage":{"@id":"https:\/\/patagoniambiental.com.ar\/info\/el-municipio-recomendo-sacarlo-del-golfo-y-prefectura-dice-que-ellos-resolveran-al-respecto-preocupa-el-riesgo-ambiental-que-pudiera-provocar-el-barco-incendiado\/#primaryimage"},"image":{"@id":"https:\/\/patagoniambiental.com.ar\/info\/el-municipio-recomendo-sacarlo-del-golfo-y-prefectura-dice-que-ellos-resolveran-al-respecto-preocupa-el-riesgo-ambiental-que-pudiera-provocar-el-barco-incendiado\/#primaryimage"},"thumbnailUrl":"https:\/\/patagoniambiental.com.ar\/info\/wp-content\/uploads\/2017\/09\/1-151.jpg","datePublished":"2017-09-11T22:00:10+00:00","breadcrumb":{"@id":"https:\/\/patagoniambiental.com.ar\/info\/el-municipio-recomendo-sacarlo-del-golfo-y-prefectura-dice-que-ellos-resolveran-al-respecto-preocupa-el-riesgo-ambiental-que-pudiera-provocar-el-barco-incendiado\/#breadcrumb"},"inLanguage":"es","potentialAction":[{"@type":"ReadAction","target":["https:\/\/patagoniambiental.com.ar\/info\/el-municipio-recomendo-sacarlo-del-golfo-y-prefectura-dice-que-ellos-resolveran-al-respecto-preocupa-el-riesgo-ambiental-que-pudiera-provocar-el-barco-incendiado\/"]}]},{"@type":"ImageObject","inLanguage":"es","@id":"https:\/\/patagoniambiental.com.ar\/info\/el-municipio-recomendo-sacarlo-del-golfo-y-prefectura-dice-que-ellos-resolveran-al-respecto-preocupa-el-riesgo-ambiental-que-pudiera-provocar-el-barco-incendiado\/#primaryimage","url":"https:\/\/patagoniambiental.com.ar\/info\/wp-content\/uploads\/2017\/09\/1-151.jpg","contentUrl":"https:\/\/patagoniambiental.com.ar\/info\/wp-content\/uploads\/2017\/09\/1-151.jpg","width":400,"height":225},{"@type":"BreadcrumbList","@id":"https:\/\/patagoniambiental.com.ar\/info\/el-municipio-recomendo-sacarlo-del-golfo-y-prefectura-dice-que-ellos-resolveran-al-respecto-preocupa-el-riesgo-ambiental-que-pudiera-provocar-el-barco-incendiado\/#breadcrumb","itemListElement":[{"@type":"ListItem","position":1,"name":"Inicio","item":"https:\/\/patagoniambiental.com.ar\/info\/"},{"@type":"ListItem","position":2,"name":"EL MUNICIPIO RECOMEND\u00d3 SACARLO DEL GOLFO Y PREFECTURA DICE QUE ELLOS RESOLVER\u00c1N AL RESPECTO Preocupa el riesgo ambiental que pudiera provocar el barco incendiado"}]},{"@type":"WebSite","@id":"https:\/\/patagoniambiental.com.ar\/info\/#website","url":"https:\/\/patagoniambiental.com.ar\/info\/","name":"Patagonia Ambiental","description":"Monitoreo y an\u00e1lisis de la situaci\u00f3n geopol\u00edtica en el mundo y su implicancia en la Patagonia","publisher":{"@id":"https:\/\/patagoniambiental.com.ar\/info\/#organization"},"potentialAction":[{"@type":"SearchAction","target":{"@type":"EntryPoint","urlTemplate":"https:\/\/patagoniambiental.com.ar\/info\/?s={search_term_string}"},"query-input":{"@type":"PropertyValueSpecification","valueRequired":true,"valueName":"search_term_string"}}],"inLanguage":"es"},{"@type":"Organization","@id":"https:\/\/patagoniambiental.com.ar\/info\/#organization","name":"Patagonia Ambiental","url":"https:\/\/patagoniambiental.com.ar\/info\/","logo":{"@type":"ImageObject","inLanguage":"es","@id":"https:\/\/patagoniambiental.com.ar\/info\/#\/schema\/logo\/image\/","url":"https:\/\/patagoniambiental.com.ar\/info\/wp-content\/uploads\/2025\/05\/LOGO-PATAGONIA-AMBIENTAL.png","contentUrl":"https:\/\/patagoniambiental.com.ar\/info\/wp-content\/uploads\/2025\/05\/LOGO-PATAGONIA-AMBIENTAL.png","width":433,"height":250,"caption":"Patagonia Ambiental"},"image":{"@id":"https:\/\/patagoniambiental.com.ar\/info\/#\/schema\/logo\/image\/"},"sameAs":["https:\/\/www.facebook.com\/patagonia.ambiental","https:\/\/x.com\/PatAmb"]},{"@type":"Person","@id":"https:\/\/patagoniambiental.com.ar\/info\/#\/schema\/person\/db12bff64bbcbf6a253710bf0ea37b5d","name":"Patagonia Ambiental","description":"Andr\u00e9s Nievas T\u00e9cnico en manejo ambiental, consultor Ambiental y escritor para medios locales e internacionales sobre temas de geopolitica y medio ambiente.","sameAs":["http:\/\/www.patagoniambiental.com.ar","https:\/\/www.facebook.com\/share\/1C1V8Gv9BX\/?mibextid=qi2Omg","@patagoniambiental","https:\/\/youtube.com\/@patagoniaambiental2023?si=BLt58t0wuXquxlYZ"]}]}},"_links":{"self":[{"href":"https:\/\/patagoniambiental.com.ar\/info\/wp-json\/wp\/v2\/posts\/34664","targetHints":{"allow":["GET"]}}],"collection":[{"href":"https:\/\/patagoniambiental.com.ar\/info\/wp-json\/wp\/v2\/posts"}],"about":[{"href":"https:\/\/patagoniambiental.com.ar\/info\/wp-json\/wp\/v2\/types\/post"}],"author":[{"embeddable":true,"href":"https:\/\/patagoniambiental.com.ar\/info\/wp-json\/wp\/v2\/users\/2"}],"replies":[{"embeddable":true,"href":"https:\/\/patagoniambiental.com.ar\/info\/wp-json\/wp\/v2\/comments?post=34664"}],"version-history":[{"count":0,"href":"https:\/\/patagoniambiental.com.ar\/info\/wp-json\/wp\/v2\/posts\/34664\/revisions"}],"wp:featuredmedia":[{"embeddable":true,"href":"https:\/\/patagoniambiental.com.ar\/info\/wp-json\/wp\/v2\/media\/34665"}],"wp:attachment":[{"href":"https:\/\/patagoniambiental.com.ar\/info\/wp-json\/wp\/v2\/media?parent=34664"}],"wp:term":[{"taxonomy":"category","embeddable":true,"href":"https:\/\/patagoniambiental.com.ar\/info\/wp-json\/wp\/v2\/categories?post=34664"},{"taxonomy":"post_tag","embeddable":true,"href":"https:\/\/patagoniambiental.com.ar\/info\/wp-json\/wp\/v2\/tags?post=34664"}],"curies":[{"name":"wp","href":"https:\/\/api.w.org\/{rel}","templated":true}]}}