{"id":34683,"date":"2017-09-11T19:00:25","date_gmt":"2017-09-11T22:00:25","guid":{"rendered":"http:\/\/patagoniambiental.com.ar\/info\/?p=34683"},"modified":"2017-09-11T10:21:20","modified_gmt":"2017-09-11T13:21:20","slug":"bariloche-apuesta-a-la-creacion-de-energia-con-basura","status":"publish","type":"post","link":"https:\/\/patagoniambiental.com.ar\/info\/bariloche-apuesta-a-la-creacion-de-energia-con-basura\/","title":{"rendered":"Bariloche apuesta a la creaci\u00f3n de energ\u00eda con basura"},"content":{"rendered":"<div id=\"p_p_id_contentviewerportlet_WAR_newsportlet_INSTANCE_7b46250c2ded4bb09ceadd10f25cd300_\" class=\"portlet-boundary portlet-boundary_contentviewerportlet_WAR_newsportlet_  portlet-static portlet-static-end content-viewer-portlet \">\n<div class=\"td-portlet\">\n<section id=\"portlet_contentviewerportlet_WAR_newsportlet_INSTANCE_7b46250c2ded4bb09ceadd10f25cd300\" class=\"portlet\">\n<div class=\"portlet-content\">\n<div class=\" portlet-content-container\">\n<div class=\"portlet-body\">\n<div class=\"last td-viewer full-access\">\n<div class=\"template-90\">\n<div class=\"left-block\">\n<p class=\"subheadline font-2 fs16\">San Carlos de Bariloche.-El primero de los proyectos demandar\u00e1 tres a\u00f1os de investigaciones. Conf\u00edan en que el gas metano podr\u00e1 abastecer al centro de reciclaje y a futuro abarcar el resto de la ciudad.<\/p>\n<\/div>\n<\/div>\n<\/div>\n<\/div>\n<\/div>\n<\/div>\n<\/section>\n<\/div>\n<\/div>\n<p><!--more--><\/p>\n<div id=\"p_p_id_relatedviewerportlet_WAR_newsportlet_INSTANCE_2caf61592e674fbebb4407f508589526_\" class=\"portlet-boundary portlet-boundary_relatedviewerportlet_WAR_newsportlet_  portlet-static portlet-static-end related-viewer-portlet advanced-91\"><\/div>\n<div id=\"p_p_id_contentviewerportlet_WAR_newsportlet_INSTANCE_821e1339b7ea435c95f10c94a28dac2f_\" class=\"portlet-boundary portlet-boundary_contentviewerportlet_WAR_newsportlet_  portlet-static portlet-static-end content-viewer-portlet \">\n<div class=\"td-portlet\">\n<section id=\"portlet_contentviewerportlet_WAR_newsportlet_INSTANCE_821e1339b7ea435c95f10c94a28dac2f\" class=\"portlet\">\n<div class=\"portlet-content\">\n<div class=\" portlet-content-container\">\n<div class=\"portlet-body\">\n<div class=\"last td-viewer full-access\">\n<div class=\"template-92\">\n<div class=\"left-block\">\n<div class=\"bx-wrapper\">\n<div class=\"bx-viewport\">\n<div class=\"multimediaMacroWrapper bxMultimedia3508071\">\n<div class=\"contentMedia art-gallery\">\n<figure class=\"cutlineShow\">\n<div><img decoding=\"async\" class=\" lazyloaded\" title=\"Los residuos que van a la tierra ser\u00e1n utilizados como combustible. - DeBariloche - Diario Rio Negro - rionegro.com.ar\" src=\"data:;base64,<svg xmlns='http:\/\/www.w3.org\/2000\/svg' viewBox='0 0 640 370'\/>\u00bb srcset=\u00bb\/\/www.rionegro.com.ar\/documents\/1\/0\/640&#215;370\/0c0\/0d0\/none\/12350\/ELXW\/image_content_8820070_20170908172920.jpg 640w\u00bb alt=\u00bbLos residuos que van a la tierra ser\u00e1n utilizados como combustible. &#8211; DeBariloche &#8211; Diario Rio Negro &#8211; rionegro.com.ar\u00bb width=\u00bb640&#8243; height=\u00bb370&#8243; data-srcset=\u00bb\/\/www.rionegro.com.ar\/documents\/1\/0\/640&#215;370\/0c0\/0d0\/none\/12350\/ELXW\/image_content_8820070_20170908172920.jpg 640w\u00bb \/><\/div>\n<\/figure>\n<div class=\"cutline\">Los residuos que van a la tierra ser\u00e1n utilizados como combustible.<span class=\"byline-image\">\u00a0(Foto: Archivo)<\/span><\/div>\n<\/div>\n<\/div>\n<\/div>\n<div class=\"bx-controls bx-has-controls-direction\"><\/div>\n<\/div>\n<div class=\"separator\"><\/div>\n<\/div>\n<div class=\"cl\"><\/div>\n<\/div>\n<\/div>\n<\/div>\n<\/div>\n<\/div>\n<\/section>\n<\/div>\n<\/div>\n<div id=\"p_p_id_contentviewerportlet_WAR_newsportlet_INSTANCE_0f2d66605d7b40469655d939c2744082_\" class=\"portlet-boundary portlet-boundary_contentviewerportlet_WAR_newsportlet_  portlet-static portlet-static-end content-viewer-portlet advanced-93\">\n<div class=\"td-portlet\">\n<section id=\"portlet_contentviewerportlet_WAR_newsportlet_INSTANCE_0f2d66605d7b40469655d939c2744082\" class=\"portlet\">\n<div class=\"portlet-content\">\n<div class=\" portlet-content-container\">\n<div class=\"portlet-body\">\n<div class=\"last td-viewer full-access\">\n<div class=\"template-93\">\n<div class=\"right-block hidden-xs\">\n<div class=\"addthis_toolbox addthis_default_style  addthis_32x32_style\">Un convenio con una empresa local permitir\u00e1 investigar de qu\u00e9 forma transformar la basura en energ\u00eda. La propuesta, que vincula al municipio con la firma TresB, ser\u00e1 analizada en el Concejo Municipal y permitir\u00e1 la instalaci\u00f3n de un laboratorio en el exvertedero.<\/div>\n<\/div>\n<\/div>\n<\/div>\n<\/div>\n<\/div>\n<\/div>\n<\/section>\n<\/div>\n<\/div>\n<div id=\"p_p_id_contentviewerportlet_WAR_newsportlet_INSTANCE_2da676f355cc46a1b3f3c447b66ecce2_\" class=\"portlet-boundary portlet-boundary_contentviewerportlet_WAR_newsportlet_  portlet-static portlet-static-end content-viewer-portlet \">\n<div class=\"td-portlet\">\n<section id=\"portlet_contentviewerportlet_WAR_newsportlet_INSTANCE_2da676f355cc46a1b3f3c447b66ecce2\" class=\"portlet\">\n<div class=\"portlet-content\">\n<div class=\" portlet-content-container\">\n<div class=\"portlet-body\">\n<div class=\"last td-viewer full-access\">\n<div class=\"template-94\">\n<div class=\"left-block\">\n<div class=\"text font-4 fs16 resizable\">\n<div class=\"paragraph\">\n<p><b>\u201cQueremos darle valor agregado a los residuos\u201d<\/b>, confi\u00f3 el subsecretario de Medio Ambiente Carlos Beros. Explic\u00f3 que la comuna decidi\u00f3 generar espacios para \u201ceste tipo de desarrollos\u201d y adelant\u00f3 que\u00a0<b>ya se cuenta con quince empresas que se postularon con distintos proyectos<\/b>.<\/p>\n<p>El funcionario dijo que el tratamiento en el Concejo\u00a0<b>servir\u00e1 para dar \u201cel mejor formato\u201d a los pr\u00f3ximos convenios\u00a0<\/b>a firmar. Tambi\u00e9n revel\u00f3 que se avanzar\u00e1 en propuestas vinculadas al reciclaje de pl\u00e1sticos, proyectado de celulosa, y hasta \u201cdep\u00f3sitos temporarios\u201d para pilas y bater\u00edas.<\/p>\n<p>El ingeniero Pablo Orellano encabezar\u00e1 el equipo que\u00a0<b>desarrollar\u00e1 una turbom\u00e1quina de multicombustible para la generaci\u00f3n de energ\u00eda el\u00e9ctrica<\/b>. \u201cQueremos que la gente vea que el esfuerzo de la sociedad no cae en vano\u201d, dijo acerca del proceso de separaci\u00f3n de residuos que impuls\u00f3 la Asociaci\u00f3n de Recicladores Bariloche.<\/p>\n<p><b>Seg\u00fan explic\u00f3, se analizar\u00e1 la mejor combinaci\u00f3n de los residuos que llegan al centro de reciclaje para transformarlos en biogas o electricidad<\/b>. Una vez que la empresa cuente con este material podr\u00e1 abastecer a la planta que ya no depender\u00e1 de la conexi\u00f3n al saturado sistema el\u00e9ctrico de la ciudad.<\/p>\n<p>Orellano explic\u00f3 que no se trata de algo nuevo en el pa\u00eds, y que incluso en el Ceamse, en Buenos Aires,<b>\u00a0se producen biogas y 20 Megawatts<\/b>\u00a0que utiliza ese centro de reciclaje y que termina por aliviar al sistema interconectado.<\/p>\n<p><b>La experiencia que se instalar\u00e1 dentro del predio municipal demandar\u00e1 unos tres a\u00f1os de investigaciones<\/b>. Una vez finalizada, se espera contar con un resultado que pueda ser trasladado al resto de la ciudad y as\u00ed definir de qu\u00e9 manera utilizar los residuos s\u00f3lidos.<\/p>\n<p>\u201cPodemos generar un \u00e1mbito en el que la sociedad vea que, con el esfuerzo de los barilochenses m\u00e1s el que hace el municipio y la separaci\u00f3n de residuos en planta, m\u00e1s el sistema cient\u00edfico y tecnol\u00f3gico<b>\u00a0podemos dar una soluci\u00f3n ambiental muy importante para la ciudad<\/b>\u201d, resumi\u00f3 Orellano.<\/p>\n<\/div>\n<div class=\"highlight_text ant-text\">\u201cEn Bariloche hay una producci\u00f3n de basura muy importante. Se hace una separaci\u00f3n pero hay un proceso que todav\u00eda no lo logramos, en el que tenemos que participar todos como sociedad\u201d.<\/div>\n<div class=\"highlight_author ant-highlight_text\">Pablo Orellano, ingeniero en TresB SRL<\/div>\n<\/div>\n<\/div>\n<\/div>\n<div>Fuente: Diario Rio Negro-De Bariloche<\/div>\n<\/div>\n<\/div>\n<\/div>\n<\/div>\n<\/section>\n<\/div>\n<\/div>\n","protected":false},"excerpt":{"rendered":"<p>San Carlos de Bariloche.-El primero de los proyectos demandar\u00e1 tres a\u00f1os de investigaciones. Conf\u00edan en que el gas metano podr\u00e1 [&hellip;]<\/p>\n","protected":false},"author":2,"featured_media":34684,"comment_status":"open","ping_status":"open","sticky":false,"template":"","format":"standard","meta":{"site-sidebar-layout":"default","site-content-layout":"","ast-site-content-layout":"default","site-content-style":"default","site-sidebar-style":"default","ast-global-header-display":"","ast-banner-title-visibility":"","ast-main-header-display":"","ast-hfb-above-header-display":"","ast-hfb-below-header-display":"","ast-hfb-mobile-header-display":"","site-post-title":"","ast-breadcrumbs-content":"","ast-featured-img":"","footer-sml-layout":"","ast-disable-related-posts":"","theme-transparent-header-meta":"","adv-header-id-meta":"","stick-header-meta":"","header-above-stick-meta":"","header-main-stick-meta":"","header-below-stick-meta":"","astra-migrate-meta-layouts":"default","ast-page-background-enabled":"default","ast-page-background-meta":{"desktop":{"background-color":"var(--ast-global-color-5)","background-image":"","background-repeat":"repeat","background-position":"center center","background-size":"auto","background-attachment":"scroll","background-type":"","background-media":"","overlay-type":"","overlay-color":"","overlay-opacity":"","overlay-gradient":""},"tablet":{"background-color":"","background-image":"","background-repeat":"repeat","background-position":"center center","background-size":"auto","background-attachment":"scroll","background-type":"","background-media":"","overlay-type":"","overlay-color":"","overlay-opacity":"","overlay-gradient":""},"mobile":{"background-color":"","background-image":"","background-repeat":"repeat","background-position":"center center","background-size":"auto","background-attachment":"scroll","background-type":"","background-media":"","overlay-type":"","overlay-color":"","overlay-opacity":"","overlay-gradient":""}},"ast-content-background-meta":{"desktop":{"background-color":"var(--ast-global-color-4)","background-image":"","background-repeat":"repeat","background-position":"center center","background-size":"auto","background-attachment":"scroll","background-type":"","background-media":"","overlay-type":"","overlay-color":"","overlay-opacity":"","overlay-gradient":""},"tablet":{"background-color":"var(--ast-global-color-4)","background-image":"","background-repeat":"repeat","background-position":"center center","background-size":"auto","background-attachment":"scroll","background-type":"","background-media":"","overlay-type":"","overlay-color":"","overlay-opacity":"","overlay-gradient":""},"mobile":{"background-color":"var(--ast-global-color-4)","background-image":"","background-repeat":"repeat","background-position":"center center","background-size":"auto","background-attachment":"scroll","background-type":"","background-media":"","overlay-type":"","overlay-color":"","overlay-opacity":"","overlay-gradient":""}},"footnotes":""},"categories":[16,1],"tags":[],"class_list":["post-34683","post","type-post","status-publish","format-standard","has-post-thumbnail","hentry","category-municipales","category-noticias"],"yoast_head":"<!-- This site is optimized with the Yoast SEO Premium plugin v23.0 (Yoast SEO v27.4) - https:\/\/yoast.com\/product\/yoast-seo-premium-wordpress\/ -->\n<title>Bariloche apuesta a la creaci\u00f3n de energ\u00eda con basura<\/title>\n<meta name=\"robots\" content=\"index, follow, max-snippet:-1, max-image-preview:large, max-video-preview:-1\" \/>\n<link rel=\"canonical\" href=\"https:\/\/patagoniambiental.com.ar\/info\/bariloche-apuesta-a-la-creacion-de-energia-con-basura\/\" \/>\n<meta property=\"og:locale\" content=\"es_ES\" \/>\n<meta property=\"og:type\" content=\"article\" \/>\n<meta property=\"og:title\" content=\"Bariloche apuesta a la creaci\u00f3n de energ\u00eda con basura\" \/>\n<meta property=\"og:description\" content=\"San Carlos de Bariloche.-El primero de los proyectos demandar\u00e1 tres a\u00f1os de investigaciones. Conf\u00edan en que el gas metano podr\u00e1 [&hellip;]\" \/>\n<meta property=\"og:url\" content=\"https:\/\/patagoniambiental.com.ar\/info\/bariloche-apuesta-a-la-creacion-de-energia-con-basura\/\" \/>\n<meta property=\"og:site_name\" content=\"Patagonia Ambiental\" \/>\n<meta property=\"article:publisher\" content=\"https:\/\/www.facebook.com\/patagonia.ambiental\" \/>\n<meta property=\"article:author\" content=\"https:\/\/www.facebook.com\/share\/1C1V8Gv9BX\/?mibextid=qi2Omg\" \/>\n<meta property=\"article:published_time\" content=\"2017-09-11T22:00:25+00:00\" \/>\n<meta property=\"og:image\" content=\"https:\/\/patagoniambiental.com.ar\/info\/wp-content\/uploads\/2017\/09\/image_content_8820070_20170908172920.jpg\" \/>\n\t<meta property=\"og:image:width\" content=\"640\" \/>\n\t<meta property=\"og:image:height\" content=\"370\" \/>\n\t<meta property=\"og:image:type\" content=\"image\/jpeg\" \/>\n<meta name=\"author\" content=\"Patagonia Ambiental\" \/>\n<meta name=\"twitter:card\" content=\"summary_large_image\" \/>\n<meta name=\"twitter:creator\" content=\"@PatAmb\" \/>\n<meta name=\"twitter:site\" content=\"@PatAmb\" \/>\n<script type=\"application\/ld+json\" class=\"yoast-schema-graph\">{\"@context\":\"https:\\\/\\\/schema.org\",\"@graph\":[{\"@type\":\"Article\",\"@id\":\"https:\\\/\\\/patagoniambiental.com.ar\\\/info\\\/bariloche-apuesta-a-la-creacion-de-energia-con-basura\\\/#article\",\"isPartOf\":{\"@id\":\"https:\\\/\\\/patagoniambiental.com.ar\\\/info\\\/bariloche-apuesta-a-la-creacion-de-energia-con-basura\\\/\"},\"author\":{\"name\":\"Patagonia Ambiental\",\"@id\":\"https:\\\/\\\/patagoniambiental.com.ar\\\/info\\\/#\\\/schema\\\/person\\\/db12bff64bbcbf6a253710bf0ea37b5d\"},\"headline\":\"Bariloche apuesta a la creaci\u00f3n de energ\u00eda con basura\",\"datePublished\":\"2017-09-11T22:00:25+00:00\",\"mainEntityOfPage\":{\"@id\":\"https:\\\/\\\/patagoniambiental.com.ar\\\/info\\\/bariloche-apuesta-a-la-creacion-de-energia-con-basura\\\/\"},\"wordCount\":491,\"commentCount\":0,\"publisher\":{\"@id\":\"https:\\\/\\\/patagoniambiental.com.ar\\\/info\\\/#organization\"},\"image\":{\"@id\":\"https:\\\/\\\/patagoniambiental.com.ar\\\/info\\\/bariloche-apuesta-a-la-creacion-de-energia-con-basura\\\/#primaryimage\"},\"thumbnailUrl\":\"https:\\\/\\\/patagoniambiental.com.ar\\\/info\\\/wp-content\\\/uploads\\\/2017\\\/09\\\/image_content_8820070_20170908172920.jpg\",\"articleSection\":[\"Municipales\",\"Noticias\"],\"inLanguage\":\"es\",\"potentialAction\":[{\"@type\":\"CommentAction\",\"name\":\"Comment\",\"target\":[\"https:\\\/\\\/patagoniambiental.com.ar\\\/info\\\/bariloche-apuesta-a-la-creacion-de-energia-con-basura\\\/#respond\"]}]},{\"@type\":\"WebPage\",\"@id\":\"https:\\\/\\\/patagoniambiental.com.ar\\\/info\\\/bariloche-apuesta-a-la-creacion-de-energia-con-basura\\\/\",\"url\":\"https:\\\/\\\/patagoniambiental.com.ar\\\/info\\\/bariloche-apuesta-a-la-creacion-de-energia-con-basura\\\/\",\"name\":\"Bariloche apuesta a la creaci\u00f3n de energ\u00eda con basura\",\"isPartOf\":{\"@id\":\"https:\\\/\\\/patagoniambiental.com.ar\\\/info\\\/#website\"},\"primaryImageOfPage\":{\"@id\":\"https:\\\/\\\/patagoniambiental.com.ar\\\/info\\\/bariloche-apuesta-a-la-creacion-de-energia-con-basura\\\/#primaryimage\"},\"image\":{\"@id\":\"https:\\\/\\\/patagoniambiental.com.ar\\\/info\\\/bariloche-apuesta-a-la-creacion-de-energia-con-basura\\\/#primaryimage\"},\"thumbnailUrl\":\"https:\\\/\\\/patagoniambiental.com.ar\\\/info\\\/wp-content\\\/uploads\\\/2017\\\/09\\\/image_content_8820070_20170908172920.jpg\",\"datePublished\":\"2017-09-11T22:00:25+00:00\",\"breadcrumb\":{\"@id\":\"https:\\\/\\\/patagoniambiental.com.ar\\\/info\\\/bariloche-apuesta-a-la-creacion-de-energia-con-basura\\\/#breadcrumb\"},\"inLanguage\":\"es\",\"potentialAction\":[{\"@type\":\"ReadAction\",\"target\":[\"https:\\\/\\\/patagoniambiental.com.ar\\\/info\\\/bariloche-apuesta-a-la-creacion-de-energia-con-basura\\\/\"]}]},{\"@type\":\"ImageObject\",\"inLanguage\":\"es\",\"@id\":\"https:\\\/\\\/patagoniambiental.com.ar\\\/info\\\/bariloche-apuesta-a-la-creacion-de-energia-con-basura\\\/#primaryimage\",\"url\":\"https:\\\/\\\/patagoniambiental.com.ar\\\/info\\\/wp-content\\\/uploads\\\/2017\\\/09\\\/image_content_8820070_20170908172920.jpg\",\"contentUrl\":\"https:\\\/\\\/patagoniambiental.com.ar\\\/info\\\/wp-content\\\/uploads\\\/2017\\\/09\\\/image_content_8820070_20170908172920.jpg\",\"width\":640,\"height\":370},{\"@type\":\"BreadcrumbList\",\"@id\":\"https:\\\/\\\/patagoniambiental.com.ar\\\/info\\\/bariloche-apuesta-a-la-creacion-de-energia-con-basura\\\/#breadcrumb\",\"itemListElement\":[{\"@type\":\"ListItem\",\"position\":1,\"name\":\"Inicio\",\"item\":\"https:\\\/\\\/patagoniambiental.com.ar\\\/info\\\/\"},{\"@type\":\"ListItem\",\"position\":2,\"name\":\"Bariloche apuesta a la creaci\u00f3n de energ\u00eda con basura\"}]},{\"@type\":\"WebSite\",\"@id\":\"https:\\\/\\\/patagoniambiental.com.ar\\\/info\\\/#website\",\"url\":\"https:\\\/\\\/patagoniambiental.com.ar\\\/info\\\/\",\"name\":\"Patagonia Ambiental\",\"description\":\"Monitoreo y an\u00e1lisis de la situaci\u00f3n geopol\u00edtica en el mundo y su implicancia en la Patagonia\",\"publisher\":{\"@id\":\"https:\\\/\\\/patagoniambiental.com.ar\\\/info\\\/#organization\"},\"potentialAction\":[{\"@type\":\"SearchAction\",\"target\":{\"@type\":\"EntryPoint\",\"urlTemplate\":\"https:\\\/\\\/patagoniambiental.com.ar\\\/info\\\/?s={search_term_string}\"},\"query-input\":{\"@type\":\"PropertyValueSpecification\",\"valueRequired\":true,\"valueName\":\"search_term_string\"}}],\"inLanguage\":\"es\"},{\"@type\":\"Organization\",\"@id\":\"https:\\\/\\\/patagoniambiental.com.ar\\\/info\\\/#organization\",\"name\":\"Patagonia Ambiental\",\"url\":\"https:\\\/\\\/patagoniambiental.com.ar\\\/info\\\/\",\"logo\":{\"@type\":\"ImageObject\",\"inLanguage\":\"es\",\"@id\":\"https:\\\/\\\/patagoniambiental.com.ar\\\/info\\\/#\\\/schema\\\/logo\\\/image\\\/\",\"url\":\"https:\\\/\\\/patagoniambiental.com.ar\\\/info\\\/wp-content\\\/uploads\\\/2025\\\/05\\\/LOGO-PATAGONIA-AMBIENTAL.png\",\"contentUrl\":\"https:\\\/\\\/patagoniambiental.com.ar\\\/info\\\/wp-content\\\/uploads\\\/2025\\\/05\\\/LOGO-PATAGONIA-AMBIENTAL.png\",\"width\":433,\"height\":250,\"caption\":\"Patagonia Ambiental\"},\"image\":{\"@id\":\"https:\\\/\\\/patagoniambiental.com.ar\\\/info\\\/#\\\/schema\\\/logo\\\/image\\\/\"},\"sameAs\":[\"https:\\\/\\\/www.facebook.com\\\/patagonia.ambiental\",\"https:\\\/\\\/x.com\\\/PatAmb\"]},{\"@type\":\"Person\",\"@id\":\"https:\\\/\\\/patagoniambiental.com.ar\\\/info\\\/#\\\/schema\\\/person\\\/db12bff64bbcbf6a253710bf0ea37b5d\",\"name\":\"Patagonia Ambiental\",\"description\":\"Andr\u00e9s Nievas T\u00e9cnico en manejo ambiental, consultor Ambiental y escritor para medios locales e internacionales sobre temas de geopolitica y medio ambiente.\",\"sameAs\":[\"http:\\\/\\\/www.patagoniambiental.com.ar\",\"https:\\\/\\\/www.facebook.com\\\/share\\\/1C1V8Gv9BX\\\/?mibextid=qi2Omg\",\"@patagoniambiental\",\"https:\\\/\\\/youtube.com\\\/@patagoniaambiental2023?si=BLt58t0wuXquxlYZ\"]}]}<\/script>\n<!-- \/ Yoast SEO Premium plugin. -->","yoast_head_json":{"title":"Bariloche apuesta a la creaci\u00f3n de energ\u00eda con basura","robots":{"index":"index","follow":"follow","max-snippet":"max-snippet:-1","max-image-preview":"max-image-preview:large","max-video-preview":"max-video-preview:-1"},"canonical":"https:\/\/patagoniambiental.com.ar\/info\/bariloche-apuesta-a-la-creacion-de-energia-con-basura\/","og_locale":"es_ES","og_type":"article","og_title":"Bariloche apuesta a la creaci\u00f3n de energ\u00eda con basura","og_description":"San Carlos de Bariloche.-El primero de los proyectos demandar\u00e1 tres a\u00f1os de investigaciones. Conf\u00edan en que el gas metano podr\u00e1 [&hellip;]","og_url":"https:\/\/patagoniambiental.com.ar\/info\/bariloche-apuesta-a-la-creacion-de-energia-con-basura\/","og_site_name":"Patagonia Ambiental","article_publisher":"https:\/\/www.facebook.com\/patagonia.ambiental","article_author":"https:\/\/www.facebook.com\/share\/1C1V8Gv9BX\/?mibextid=qi2Omg","article_published_time":"2017-09-11T22:00:25+00:00","og_image":[{"width":640,"height":370,"url":"https:\/\/patagoniambiental.com.ar\/info\/wp-content\/uploads\/2017\/09\/image_content_8820070_20170908172920.jpg","type":"image\/jpeg"}],"author":"Patagonia Ambiental","twitter_card":"summary_large_image","twitter_creator":"@PatAmb","twitter_site":"@PatAmb","schema":{"@context":"https:\/\/schema.org","@graph":[{"@type":"Article","@id":"https:\/\/patagoniambiental.com.ar\/info\/bariloche-apuesta-a-la-creacion-de-energia-con-basura\/#article","isPartOf":{"@id":"https:\/\/patagoniambiental.com.ar\/info\/bariloche-apuesta-a-la-creacion-de-energia-con-basura\/"},"author":{"name":"Patagonia Ambiental","@id":"https:\/\/patagoniambiental.com.ar\/info\/#\/schema\/person\/db12bff64bbcbf6a253710bf0ea37b5d"},"headline":"Bariloche apuesta a la creaci\u00f3n de energ\u00eda con basura","datePublished":"2017-09-11T22:00:25+00:00","mainEntityOfPage":{"@id":"https:\/\/patagoniambiental.com.ar\/info\/bariloche-apuesta-a-la-creacion-de-energia-con-basura\/"},"wordCount":491,"commentCount":0,"publisher":{"@id":"https:\/\/patagoniambiental.com.ar\/info\/#organization"},"image":{"@id":"https:\/\/patagoniambiental.com.ar\/info\/bariloche-apuesta-a-la-creacion-de-energia-con-basura\/#primaryimage"},"thumbnailUrl":"https:\/\/patagoniambiental.com.ar\/info\/wp-content\/uploads\/2017\/09\/image_content_8820070_20170908172920.jpg","articleSection":["Municipales","Noticias"],"inLanguage":"es","potentialAction":[{"@type":"CommentAction","name":"Comment","target":["https:\/\/patagoniambiental.com.ar\/info\/bariloche-apuesta-a-la-creacion-de-energia-con-basura\/#respond"]}]},{"@type":"WebPage","@id":"https:\/\/patagoniambiental.com.ar\/info\/bariloche-apuesta-a-la-creacion-de-energia-con-basura\/","url":"https:\/\/patagoniambiental.com.ar\/info\/bariloche-apuesta-a-la-creacion-de-energia-con-basura\/","name":"Bariloche apuesta a la creaci\u00f3n de energ\u00eda con basura","isPartOf":{"@id":"https:\/\/patagoniambiental.com.ar\/info\/#website"},"primaryImageOfPage":{"@id":"https:\/\/patagoniambiental.com.ar\/info\/bariloche-apuesta-a-la-creacion-de-energia-con-basura\/#primaryimage"},"image":{"@id":"https:\/\/patagoniambiental.com.ar\/info\/bariloche-apuesta-a-la-creacion-de-energia-con-basura\/#primaryimage"},"thumbnailUrl":"https:\/\/patagoniambiental.com.ar\/info\/wp-content\/uploads\/2017\/09\/image_content_8820070_20170908172920.jpg","datePublished":"2017-09-11T22:00:25+00:00","breadcrumb":{"@id":"https:\/\/patagoniambiental.com.ar\/info\/bariloche-apuesta-a-la-creacion-de-energia-con-basura\/#breadcrumb"},"inLanguage":"es","potentialAction":[{"@type":"ReadAction","target":["https:\/\/patagoniambiental.com.ar\/info\/bariloche-apuesta-a-la-creacion-de-energia-con-basura\/"]}]},{"@type":"ImageObject","inLanguage":"es","@id":"https:\/\/patagoniambiental.com.ar\/info\/bariloche-apuesta-a-la-creacion-de-energia-con-basura\/#primaryimage","url":"https:\/\/patagoniambiental.com.ar\/info\/wp-content\/uploads\/2017\/09\/image_content_8820070_20170908172920.jpg","contentUrl":"https:\/\/patagoniambiental.com.ar\/info\/wp-content\/uploads\/2017\/09\/image_content_8820070_20170908172920.jpg","width":640,"height":370},{"@type":"BreadcrumbList","@id":"https:\/\/patagoniambiental.com.ar\/info\/bariloche-apuesta-a-la-creacion-de-energia-con-basura\/#breadcrumb","itemListElement":[{"@type":"ListItem","position":1,"name":"Inicio","item":"https:\/\/patagoniambiental.com.ar\/info\/"},{"@type":"ListItem","position":2,"name":"Bariloche apuesta a la creaci\u00f3n de energ\u00eda con basura"}]},{"@type":"WebSite","@id":"https:\/\/patagoniambiental.com.ar\/info\/#website","url":"https:\/\/patagoniambiental.com.ar\/info\/","name":"Patagonia Ambiental","description":"Monitoreo y an\u00e1lisis de la situaci\u00f3n geopol\u00edtica en el mundo y su implicancia en la Patagonia","publisher":{"@id":"https:\/\/patagoniambiental.com.ar\/info\/#organization"},"potentialAction":[{"@type":"SearchAction","target":{"@type":"EntryPoint","urlTemplate":"https:\/\/patagoniambiental.com.ar\/info\/?s={search_term_string}"},"query-input":{"@type":"PropertyValueSpecification","valueRequired":true,"valueName":"search_term_string"}}],"inLanguage":"es"},{"@type":"Organization","@id":"https:\/\/patagoniambiental.com.ar\/info\/#organization","name":"Patagonia Ambiental","url":"https:\/\/patagoniambiental.com.ar\/info\/","logo":{"@type":"ImageObject","inLanguage":"es","@id":"https:\/\/patagoniambiental.com.ar\/info\/#\/schema\/logo\/image\/","url":"https:\/\/patagoniambiental.com.ar\/info\/wp-content\/uploads\/2025\/05\/LOGO-PATAGONIA-AMBIENTAL.png","contentUrl":"https:\/\/patagoniambiental.com.ar\/info\/wp-content\/uploads\/2025\/05\/LOGO-PATAGONIA-AMBIENTAL.png","width":433,"height":250,"caption":"Patagonia Ambiental"},"image":{"@id":"https:\/\/patagoniambiental.com.ar\/info\/#\/schema\/logo\/image\/"},"sameAs":["https:\/\/www.facebook.com\/patagonia.ambiental","https:\/\/x.com\/PatAmb"]},{"@type":"Person","@id":"https:\/\/patagoniambiental.com.ar\/info\/#\/schema\/person\/db12bff64bbcbf6a253710bf0ea37b5d","name":"Patagonia Ambiental","description":"Andr\u00e9s Nievas T\u00e9cnico en manejo ambiental, consultor Ambiental y escritor para medios locales e internacionales sobre temas de geopolitica y medio ambiente.","sameAs":["http:\/\/www.patagoniambiental.com.ar","https:\/\/www.facebook.com\/share\/1C1V8Gv9BX\/?mibextid=qi2Omg","@patagoniambiental","https:\/\/youtube.com\/@patagoniaambiental2023?si=BLt58t0wuXquxlYZ"]}]}},"_links":{"self":[{"href":"https:\/\/patagoniambiental.com.ar\/info\/wp-json\/wp\/v2\/posts\/34683","targetHints":{"allow":["GET"]}}],"collection":[{"href":"https:\/\/patagoniambiental.com.ar\/info\/wp-json\/wp\/v2\/posts"}],"about":[{"href":"https:\/\/patagoniambiental.com.ar\/info\/wp-json\/wp\/v2\/types\/post"}],"author":[{"embeddable":true,"href":"https:\/\/patagoniambiental.com.ar\/info\/wp-json\/wp\/v2\/users\/2"}],"replies":[{"embeddable":true,"href":"https:\/\/patagoniambiental.com.ar\/info\/wp-json\/wp\/v2\/comments?post=34683"}],"version-history":[{"count":0,"href":"https:\/\/patagoniambiental.com.ar\/info\/wp-json\/wp\/v2\/posts\/34683\/revisions"}],"wp:featuredmedia":[{"embeddable":true,"href":"https:\/\/patagoniambiental.com.ar\/info\/wp-json\/wp\/v2\/media\/34684"}],"wp:attachment":[{"href":"https:\/\/patagoniambiental.com.ar\/info\/wp-json\/wp\/v2\/media?parent=34683"}],"wp:term":[{"taxonomy":"category","embeddable":true,"href":"https:\/\/patagoniambiental.com.ar\/info\/wp-json\/wp\/v2\/categories?post=34683"},{"taxonomy":"post_tag","embeddable":true,"href":"https:\/\/patagoniambiental.com.ar\/info\/wp-json\/wp\/v2\/tags?post=34683"}],"curies":[{"name":"wp","href":"https:\/\/api.w.org\/{rel}","templated":true}]}}