{"id":34731,"date":"2017-09-12T09:00:18","date_gmt":"2017-09-12T12:00:18","guid":{"rendered":"http:\/\/patagoniambiental.com.ar\/info\/?p=34731"},"modified":"2017-09-11T21:15:16","modified_gmt":"2017-09-12T00:15:16","slug":"la-marea-de-plasticos-que-contamina-los-oceanos-se-cuela-en-la-sal-de-mesa","status":"publish","type":"post","link":"https:\/\/patagoniambiental.com.ar\/info\/la-marea-de-plasticos-que-contamina-los-oceanos-se-cuela-en-la-sal-de-mesa\/","title":{"rendered":"La marea de pl\u00e1sticos que contamina los oc\u00e9anos se cuela en la sal de mesa"},"content":{"rendered":"<p class=\"entradilla\">Los grupos ecologistas y sociedades cient\u00edficas de todo el mundo llevan tiempo advirtiendo sobre las miles de toneladas de pl\u00e1stico que se arrojan a diario al mar, con consecuencias como las que acaba de observar un estudio espa\u00f1ol: la sal de mesa marina contiene ya micropl\u00e1sticos.<\/p>\n<p>La contaminaci\u00f3n por pl\u00e1sticos es relativamente reciente en el planeta (la mayor\u00eda de estos compuestos comenz\u00f3 a fabricarse en el \u00faltimo siglo), pero se calcula que cada a\u00f1o llegan al mar entre 4,8 y 12,7 millones de toneladas -seg\u00fan la revista<em>\u00a0\u201cScience\u201d\u00a0<\/em>en\u00a02015-, lo que convierte a los oc\u00e9anos en el mayor vertedero de este tipo de basura.<\/p>\n<p>Ballenas y tortugas marinas que enferman y mueren al ingerir pl\u00e1sticos debido a la obstrucci\u00f3n\u00a0de sus conductos digestivos, aves marinas que se quedan atrapadas en ellos, peces que retienen ese tipo de compuestos en su est\u00f3mago, playas donde la arena se mezcla con miles de microfragmentos\u2026 Son algunos de los efectos de la<em>\u00a0\u201cmarea de pl\u00e1stico\u201d<\/em>\u00a0que afecta a todos los oc\u00e9anos.<\/p>\n<h2>Presencia de pl\u00e1sticos en la sal marina<\/h2>\n<p>Tres investigadores del Departamento de Ingenier\u00eda Qu\u00edmica de la Universidad de Alicante describen en el \u00faltimo n\u00famero de la revista\u00a0<em>\u201cScientific reports\u201d<\/em>, del grupo<em>\u00a0\u201cNature\u201d<\/em>, otro efecto menos conocido: los pl\u00e1sticos se han colado ya en la sal que producen las salinas marinas y que llega a la mesa de los consumidores.<\/p>\n<p>Los autores de este trabajo analizaron entre septiembre de 2016 y junio de este a\u00f1o sales producidas por salinas de emplazamientos representativos de todas las costas espa\u00f1olas: Galicia, Huelva y C\u00e1diz, en el Atl\u00e1ntico; Barcelona, Gerona, Valencia, Murcia y Menorca en el Mediterr\u00e1neo; y La Palma y Lanzarote, en Canarias.<\/p>\n<p>Y su conclusi\u00f3n es clara:\u00a0<strong>todas ellas contienen pl\u00e1stico en diferentes concentraciones<\/strong>, que van de 60 a 280 micropart\u00edculas por kilo de sal, en su mayor\u00eda tereftalato de polietileno (PET, el 83,3 % del total), polipropileno (PP, el 6,7 %) y polietileno (PE, el 3,3 %).<\/p>\n<p>Los an\u00e1lisis, remarca el estudio, se hicieron por triplicado, para evitar errores, y en algunos casos antes y despu\u00e9s del empaquetado, para descartar que ese proceso a\u00f1adiera el pl\u00e1stico.<\/p>\n<div id=\"attachment_92155\" class=\"wp-caption alignright\"><img fetchpriority=\"high\" decoding=\"async\" class=\"wp-image-92155\" src=\"http:\/\/www.efeverde.com\/wp-content\/uploads\/2017\/07\/JJGN1542.jpg\" alt=\"Salinas de la Bah\u00eda de C\u00e1diz. Foto: JJ Guill\u00e9n (EFE)\" width=\"401\" height=\"269\" \/><\/p>\n<p class=\"wp-caption-text\">Sal marina. Foto: JJ Guill\u00e9n (EFE)<\/p>\n<\/div>\n<p>La conclusi\u00f3n de este trabajo no es del todo nueva, ya que dos centros cient\u00edficos de Shangai hab\u00edan detectado lo mismo en 2015 en las sales marinas de China (incluso en concentraciones mayores), pero sus responsable creen que va a servir para despejar dudas.<\/p>\n<p>El equipo de la Universidad de Alicante analiza en su trabajo otro estudio similar publicado tambi\u00e9n en\u00a0<em>\u201cScientific reports\u201d<\/em>esta misma primavera por universidades de Malasia, que sosten\u00eda justo lo contrario: que la presencia de microspl\u00e1sticos en la sal marina en muestras tomadas en varios pa\u00edses era peque\u00f1a, casi testimonial.<\/p>\n<p>El problema de ese estudio estriba, explican, en que sus responsables utilizaron filtros que solo les permit\u00edan retener part\u00edculas de tama\u00f1o mayor a 150 micras, lo que redujo sensiblemente su recuento de fragmentos, que pueden llegar a tener un tama\u00f1o mucho menor (en las sales espa\u00f1olas, aparecieron hasta de 30 micras).<\/p>\n<h2>Micropart\u00edculas<\/h2>\n<p>Las salinas costeras emplean un t\u00e9cnica casi milenaria para conseguir su producto: toman agua de mar, la embalsan en espacios poco profundos y dejan que el sol y el viento hagan el trabajo restante, evaporando el agua y permitiendo que la sal cristalice.<\/p>\n<p>El trabajo liderado en Alicante por Mar\u00eda \u00cd\u00f1iguez, Juan Conesa y Andr\u00e9s Fullana defiende que las micropart\u00edculas que se quedan atrapadas en los cristales de sal reflejan una\u00a0<em>\u201ccontaminaci\u00f3n de fondo\u201d<\/em>por este tipo de compuestos del que no escapa ning\u00fan oc\u00e9ano.<\/p>\n<p><strong>\u00bfCu\u00e1nto pl\u00e1stico puede ingerir una persona por esa v\u00eda?<\/strong>\u00a0Este trabajo sugiere que, si se respeta la ingesta m\u00e1xima de sal que recomienda la OMS (5 gramos diarios, como mucho), el consumidor espa\u00f1ol come cada a\u00f1o una cantidad te\u00f3rica de 510 micropart\u00edculas.<\/p>\n<p>Esa cantidad no es alta, a\u00f1aden, puesto que en otros alimentos marinos se han detectado concentraciones mucho mayores (un solo mejill\u00f3n, apuntan, puede tener hasta 178 microfibras de pl\u00e1stico).<\/p>\n<p>Sin embargo, llaman la atenci\u00f3n sobre este problema, porque los pl\u00e1sticos tardan siglos, incluso milenios, en degradarse de forma natural y pueden absorber otro tipo de contaminantes existentes en el medio ambiente y transferirlos a la cadena alimenticia.<\/p>\n<p>Fuente: Efeverde<\/p>\n<div>\n<\/div>\n","protected":false},"excerpt":{"rendered":"<p>Los grupos ecologistas y sociedades cient\u00edficas de todo el mundo llevan tiempo advirtiendo sobre las miles de toneladas de pl\u00e1stico [&hellip;]<\/p>\n","protected":false},"author":2,"featured_media":34732,"comment_status":"open","ping_status":"open","sticky":false,"template":"","format":"standard","meta":{"site-sidebar-layout":"default","site-content-layout":"","ast-site-content-layout":"default","site-content-style":"default","site-sidebar-style":"default","ast-global-header-display":"","ast-banner-title-visibility":"","ast-main-header-display":"","ast-hfb-above-header-display":"","ast-hfb-below-header-display":"","ast-hfb-mobile-header-display":"","site-post-title":"","ast-breadcrumbs-content":"","ast-featured-img":"","footer-sml-layout":"","ast-disable-related-posts":"","theme-transparent-header-meta":"","adv-header-id-meta":"","stick-header-meta":"","header-above-stick-meta":"","header-main-stick-meta":"","header-below-stick-meta":"","astra-migrate-meta-layouts":"default","ast-page-background-enabled":"default","ast-page-background-meta":{"desktop":{"background-color":"var(--ast-global-color-5)","background-image":"","background-repeat":"repeat","background-position":"center center","background-size":"auto","background-attachment":"scroll","background-type":"","background-media":"","overlay-type":"","overlay-color":"","overlay-opacity":"","overlay-gradient":""},"tablet":{"background-color":"","background-image":"","background-repeat":"repeat","background-position":"center center","background-size":"auto","background-attachment":"scroll","background-type":"","background-media":"","overlay-type":"","overlay-color":"","overlay-opacity":"","overlay-gradient":""},"mobile":{"background-color":"","background-image":"","background-repeat":"repeat","background-position":"center center","background-size":"auto","background-attachment":"scroll","background-type":"","background-media":"","overlay-type":"","overlay-color":"","overlay-opacity":"","overlay-gradient":""}},"ast-content-background-meta":{"desktop":{"background-color":"var(--ast-global-color-4)","background-image":"","background-repeat":"repeat","background-position":"center center","background-size":"auto","background-attachment":"scroll","background-type":"","background-media":"","overlay-type":"","overlay-color":"","overlay-opacity":"","overlay-gradient":""},"tablet":{"background-color":"var(--ast-global-color-4)","background-image":"","background-repeat":"repeat","background-position":"center center","background-size":"auto","background-attachment":"scroll","background-type":"","background-media":"","overlay-type":"","overlay-color":"","overlay-opacity":"","overlay-gradient":""},"mobile":{"background-color":"var(--ast-global-color-4)","background-image":"","background-repeat":"repeat","background-position":"center center","background-size":"auto","background-attachment":"scroll","background-type":"","background-media":"","overlay-type":"","overlay-color":"","overlay-opacity":"","overlay-gradient":""}},"footnotes":""},"categories":[23,1],"tags":[],"class_list":["post-34731","post","type-post","status-publish","format-standard","has-post-thumbnail","hentry","category-internacionales","category-noticias"],"yoast_head":"<!-- This site is optimized with the Yoast SEO Premium plugin v23.0 (Yoast SEO v27.4) - https:\/\/yoast.com\/product\/yoast-seo-premium-wordpress\/ -->\n<title>La marea de pl\u00e1sticos que contamina los oc\u00e9anos se cuela en la sal de mesa<\/title>\n<meta name=\"robots\" content=\"index, follow, max-snippet:-1, max-image-preview:large, max-video-preview:-1\" \/>\n<link rel=\"canonical\" href=\"https:\/\/patagoniambiental.com.ar\/info\/la-marea-de-plasticos-que-contamina-los-oceanos-se-cuela-en-la-sal-de-mesa\/\" \/>\n<meta property=\"og:locale\" content=\"es_ES\" \/>\n<meta property=\"og:type\" content=\"article\" \/>\n<meta property=\"og:title\" content=\"La marea de pl\u00e1sticos que contamina los oc\u00e9anos se cuela en la sal de mesa\" \/>\n<meta property=\"og:description\" content=\"Los grupos ecologistas y sociedades cient\u00edficas de todo el mundo llevan tiempo advirtiendo sobre las miles de toneladas de pl\u00e1stico [&hellip;]\" \/>\n<meta property=\"og:url\" content=\"https:\/\/patagoniambiental.com.ar\/info\/la-marea-de-plasticos-que-contamina-los-oceanos-se-cuela-en-la-sal-de-mesa\/\" \/>\n<meta property=\"og:site_name\" content=\"Patagonia Ambiental\" \/>\n<meta property=\"article:publisher\" content=\"https:\/\/www.facebook.com\/patagonia.ambiental\" \/>\n<meta property=\"article:author\" content=\"https:\/\/www.facebook.com\/share\/1C1V8Gv9BX\/?mibextid=qi2Omg\" \/>\n<meta property=\"article:published_time\" content=\"2017-09-12T12:00:18+00:00\" \/>\n<meta property=\"og:image\" content=\"https:\/\/patagoniambiental.com.ar\/info\/wp-content\/uploads\/2017\/09\/salero.jpg\" \/>\n\t<meta property=\"og:image:width\" content=\"600\" \/>\n\t<meta property=\"og:image:height\" content=\"310\" \/>\n\t<meta property=\"og:image:type\" content=\"image\/jpeg\" \/>\n<meta name=\"author\" content=\"Patagonia Ambiental\" \/>\n<meta name=\"twitter:card\" content=\"summary_large_image\" \/>\n<meta name=\"twitter:creator\" content=\"@PatAmb\" \/>\n<meta name=\"twitter:site\" content=\"@PatAmb\" \/>\n<script type=\"application\/ld+json\" class=\"yoast-schema-graph\">{\"@context\":\"https:\\\/\\\/schema.org\",\"@graph\":[{\"@type\":\"Article\",\"@id\":\"https:\\\/\\\/patagoniambiental.com.ar\\\/info\\\/la-marea-de-plasticos-que-contamina-los-oceanos-se-cuela-en-la-sal-de-mesa\\\/#article\",\"isPartOf\":{\"@id\":\"https:\\\/\\\/patagoniambiental.com.ar\\\/info\\\/la-marea-de-plasticos-que-contamina-los-oceanos-se-cuela-en-la-sal-de-mesa\\\/\"},\"author\":{\"name\":\"Patagonia Ambiental\",\"@id\":\"https:\\\/\\\/patagoniambiental.com.ar\\\/info\\\/#\\\/schema\\\/person\\\/db12bff64bbcbf6a253710bf0ea37b5d\"},\"headline\":\"La marea de pl\u00e1sticos que contamina los oc\u00e9anos se cuela en la sal de mesa\",\"datePublished\":\"2017-09-12T12:00:18+00:00\",\"mainEntityOfPage\":{\"@id\":\"https:\\\/\\\/patagoniambiental.com.ar\\\/info\\\/la-marea-de-plasticos-que-contamina-los-oceanos-se-cuela-en-la-sal-de-mesa\\\/\"},\"wordCount\":768,\"commentCount\":0,\"publisher\":{\"@id\":\"https:\\\/\\\/patagoniambiental.com.ar\\\/info\\\/#organization\"},\"image\":{\"@id\":\"https:\\\/\\\/patagoniambiental.com.ar\\\/info\\\/la-marea-de-plasticos-que-contamina-los-oceanos-se-cuela-en-la-sal-de-mesa\\\/#primaryimage\"},\"thumbnailUrl\":\"https:\\\/\\\/patagoniambiental.com.ar\\\/info\\\/wp-content\\\/uploads\\\/2017\\\/09\\\/salero.jpg\",\"articleSection\":[\"Internacionales\",\"Noticias\"],\"inLanguage\":\"es\",\"potentialAction\":[{\"@type\":\"CommentAction\",\"name\":\"Comment\",\"target\":[\"https:\\\/\\\/patagoniambiental.com.ar\\\/info\\\/la-marea-de-plasticos-que-contamina-los-oceanos-se-cuela-en-la-sal-de-mesa\\\/#respond\"]}]},{\"@type\":\"WebPage\",\"@id\":\"https:\\\/\\\/patagoniambiental.com.ar\\\/info\\\/la-marea-de-plasticos-que-contamina-los-oceanos-se-cuela-en-la-sal-de-mesa\\\/\",\"url\":\"https:\\\/\\\/patagoniambiental.com.ar\\\/info\\\/la-marea-de-plasticos-que-contamina-los-oceanos-se-cuela-en-la-sal-de-mesa\\\/\",\"name\":\"La marea de pl\u00e1sticos que contamina los oc\u00e9anos se cuela en la sal de mesa\",\"isPartOf\":{\"@id\":\"https:\\\/\\\/patagoniambiental.com.ar\\\/info\\\/#website\"},\"primaryImageOfPage\":{\"@id\":\"https:\\\/\\\/patagoniambiental.com.ar\\\/info\\\/la-marea-de-plasticos-que-contamina-los-oceanos-se-cuela-en-la-sal-de-mesa\\\/#primaryimage\"},\"image\":{\"@id\":\"https:\\\/\\\/patagoniambiental.com.ar\\\/info\\\/la-marea-de-plasticos-que-contamina-los-oceanos-se-cuela-en-la-sal-de-mesa\\\/#primaryimage\"},\"thumbnailUrl\":\"https:\\\/\\\/patagoniambiental.com.ar\\\/info\\\/wp-content\\\/uploads\\\/2017\\\/09\\\/salero.jpg\",\"datePublished\":\"2017-09-12T12:00:18+00:00\",\"breadcrumb\":{\"@id\":\"https:\\\/\\\/patagoniambiental.com.ar\\\/info\\\/la-marea-de-plasticos-que-contamina-los-oceanos-se-cuela-en-la-sal-de-mesa\\\/#breadcrumb\"},\"inLanguage\":\"es\",\"potentialAction\":[{\"@type\":\"ReadAction\",\"target\":[\"https:\\\/\\\/patagoniambiental.com.ar\\\/info\\\/la-marea-de-plasticos-que-contamina-los-oceanos-se-cuela-en-la-sal-de-mesa\\\/\"]}]},{\"@type\":\"ImageObject\",\"inLanguage\":\"es\",\"@id\":\"https:\\\/\\\/patagoniambiental.com.ar\\\/info\\\/la-marea-de-plasticos-que-contamina-los-oceanos-se-cuela-en-la-sal-de-mesa\\\/#primaryimage\",\"url\":\"https:\\\/\\\/patagoniambiental.com.ar\\\/info\\\/wp-content\\\/uploads\\\/2017\\\/09\\\/salero.jpg\",\"contentUrl\":\"https:\\\/\\\/patagoniambiental.com.ar\\\/info\\\/wp-content\\\/uploads\\\/2017\\\/09\\\/salero.jpg\",\"width\":600,\"height\":310,\"caption\":\"EFE\\\/Iv\u00e1n Franco\"},{\"@type\":\"BreadcrumbList\",\"@id\":\"https:\\\/\\\/patagoniambiental.com.ar\\\/info\\\/la-marea-de-plasticos-que-contamina-los-oceanos-se-cuela-en-la-sal-de-mesa\\\/#breadcrumb\",\"itemListElement\":[{\"@type\":\"ListItem\",\"position\":1,\"name\":\"Inicio\",\"item\":\"https:\\\/\\\/patagoniambiental.com.ar\\\/info\\\/\"},{\"@type\":\"ListItem\",\"position\":2,\"name\":\"La marea de pl\u00e1sticos que contamina los oc\u00e9anos se cuela en la sal de mesa\"}]},{\"@type\":\"WebSite\",\"@id\":\"https:\\\/\\\/patagoniambiental.com.ar\\\/info\\\/#website\",\"url\":\"https:\\\/\\\/patagoniambiental.com.ar\\\/info\\\/\",\"name\":\"Patagonia Ambiental\",\"description\":\"Monitoreo y an\u00e1lisis de la situaci\u00f3n geopol\u00edtica en el mundo y su implicancia en la Patagonia\",\"publisher\":{\"@id\":\"https:\\\/\\\/patagoniambiental.com.ar\\\/info\\\/#organization\"},\"potentialAction\":[{\"@type\":\"SearchAction\",\"target\":{\"@type\":\"EntryPoint\",\"urlTemplate\":\"https:\\\/\\\/patagoniambiental.com.ar\\\/info\\\/?s={search_term_string}\"},\"query-input\":{\"@type\":\"PropertyValueSpecification\",\"valueRequired\":true,\"valueName\":\"search_term_string\"}}],\"inLanguage\":\"es\"},{\"@type\":\"Organization\",\"@id\":\"https:\\\/\\\/patagoniambiental.com.ar\\\/info\\\/#organization\",\"name\":\"Patagonia Ambiental\",\"url\":\"https:\\\/\\\/patagoniambiental.com.ar\\\/info\\\/\",\"logo\":{\"@type\":\"ImageObject\",\"inLanguage\":\"es\",\"@id\":\"https:\\\/\\\/patagoniambiental.com.ar\\\/info\\\/#\\\/schema\\\/logo\\\/image\\\/\",\"url\":\"https:\\\/\\\/patagoniambiental.com.ar\\\/info\\\/wp-content\\\/uploads\\\/2025\\\/05\\\/LOGO-PATAGONIA-AMBIENTAL.png\",\"contentUrl\":\"https:\\\/\\\/patagoniambiental.com.ar\\\/info\\\/wp-content\\\/uploads\\\/2025\\\/05\\\/LOGO-PATAGONIA-AMBIENTAL.png\",\"width\":433,\"height\":250,\"caption\":\"Patagonia Ambiental\"},\"image\":{\"@id\":\"https:\\\/\\\/patagoniambiental.com.ar\\\/info\\\/#\\\/schema\\\/logo\\\/image\\\/\"},\"sameAs\":[\"https:\\\/\\\/www.facebook.com\\\/patagonia.ambiental\",\"https:\\\/\\\/x.com\\\/PatAmb\"]},{\"@type\":\"Person\",\"@id\":\"https:\\\/\\\/patagoniambiental.com.ar\\\/info\\\/#\\\/schema\\\/person\\\/db12bff64bbcbf6a253710bf0ea37b5d\",\"name\":\"Patagonia Ambiental\",\"description\":\"Andr\u00e9s Nievas T\u00e9cnico en manejo ambiental, consultor Ambiental y escritor para medios locales e internacionales sobre temas de geopolitica y medio ambiente.\",\"sameAs\":[\"http:\\\/\\\/www.patagoniambiental.com.ar\",\"https:\\\/\\\/www.facebook.com\\\/share\\\/1C1V8Gv9BX\\\/?mibextid=qi2Omg\",\"@patagoniambiental\",\"https:\\\/\\\/youtube.com\\\/@patagoniaambiental2023?si=BLt58t0wuXquxlYZ\"]}]}<\/script>\n<!-- \/ Yoast SEO Premium plugin. -->","yoast_head_json":{"title":"La marea de pl\u00e1sticos que contamina los oc\u00e9anos se cuela en la sal de mesa","robots":{"index":"index","follow":"follow","max-snippet":"max-snippet:-1","max-image-preview":"max-image-preview:large","max-video-preview":"max-video-preview:-1"},"canonical":"https:\/\/patagoniambiental.com.ar\/info\/la-marea-de-plasticos-que-contamina-los-oceanos-se-cuela-en-la-sal-de-mesa\/","og_locale":"es_ES","og_type":"article","og_title":"La marea de pl\u00e1sticos que contamina los oc\u00e9anos se cuela en la sal de mesa","og_description":"Los grupos ecologistas y sociedades cient\u00edficas de todo el mundo llevan tiempo advirtiendo sobre las miles de toneladas de pl\u00e1stico [&hellip;]","og_url":"https:\/\/patagoniambiental.com.ar\/info\/la-marea-de-plasticos-que-contamina-los-oceanos-se-cuela-en-la-sal-de-mesa\/","og_site_name":"Patagonia Ambiental","article_publisher":"https:\/\/www.facebook.com\/patagonia.ambiental","article_author":"https:\/\/www.facebook.com\/share\/1C1V8Gv9BX\/?mibextid=qi2Omg","article_published_time":"2017-09-12T12:00:18+00:00","og_image":[{"width":600,"height":310,"url":"https:\/\/patagoniambiental.com.ar\/info\/wp-content\/uploads\/2017\/09\/salero.jpg","type":"image\/jpeg"}],"author":"Patagonia Ambiental","twitter_card":"summary_large_image","twitter_creator":"@PatAmb","twitter_site":"@PatAmb","schema":{"@context":"https:\/\/schema.org","@graph":[{"@type":"Article","@id":"https:\/\/patagoniambiental.com.ar\/info\/la-marea-de-plasticos-que-contamina-los-oceanos-se-cuela-en-la-sal-de-mesa\/#article","isPartOf":{"@id":"https:\/\/patagoniambiental.com.ar\/info\/la-marea-de-plasticos-que-contamina-los-oceanos-se-cuela-en-la-sal-de-mesa\/"},"author":{"name":"Patagonia Ambiental","@id":"https:\/\/patagoniambiental.com.ar\/info\/#\/schema\/person\/db12bff64bbcbf6a253710bf0ea37b5d"},"headline":"La marea de pl\u00e1sticos que contamina los oc\u00e9anos se cuela en la sal de mesa","datePublished":"2017-09-12T12:00:18+00:00","mainEntityOfPage":{"@id":"https:\/\/patagoniambiental.com.ar\/info\/la-marea-de-plasticos-que-contamina-los-oceanos-se-cuela-en-la-sal-de-mesa\/"},"wordCount":768,"commentCount":0,"publisher":{"@id":"https:\/\/patagoniambiental.com.ar\/info\/#organization"},"image":{"@id":"https:\/\/patagoniambiental.com.ar\/info\/la-marea-de-plasticos-que-contamina-los-oceanos-se-cuela-en-la-sal-de-mesa\/#primaryimage"},"thumbnailUrl":"https:\/\/patagoniambiental.com.ar\/info\/wp-content\/uploads\/2017\/09\/salero.jpg","articleSection":["Internacionales","Noticias"],"inLanguage":"es","potentialAction":[{"@type":"CommentAction","name":"Comment","target":["https:\/\/patagoniambiental.com.ar\/info\/la-marea-de-plasticos-que-contamina-los-oceanos-se-cuela-en-la-sal-de-mesa\/#respond"]}]},{"@type":"WebPage","@id":"https:\/\/patagoniambiental.com.ar\/info\/la-marea-de-plasticos-que-contamina-los-oceanos-se-cuela-en-la-sal-de-mesa\/","url":"https:\/\/patagoniambiental.com.ar\/info\/la-marea-de-plasticos-que-contamina-los-oceanos-se-cuela-en-la-sal-de-mesa\/","name":"La marea de pl\u00e1sticos que contamina los oc\u00e9anos se cuela en la sal de mesa","isPartOf":{"@id":"https:\/\/patagoniambiental.com.ar\/info\/#website"},"primaryImageOfPage":{"@id":"https:\/\/patagoniambiental.com.ar\/info\/la-marea-de-plasticos-que-contamina-los-oceanos-se-cuela-en-la-sal-de-mesa\/#primaryimage"},"image":{"@id":"https:\/\/patagoniambiental.com.ar\/info\/la-marea-de-plasticos-que-contamina-los-oceanos-se-cuela-en-la-sal-de-mesa\/#primaryimage"},"thumbnailUrl":"https:\/\/patagoniambiental.com.ar\/info\/wp-content\/uploads\/2017\/09\/salero.jpg","datePublished":"2017-09-12T12:00:18+00:00","breadcrumb":{"@id":"https:\/\/patagoniambiental.com.ar\/info\/la-marea-de-plasticos-que-contamina-los-oceanos-se-cuela-en-la-sal-de-mesa\/#breadcrumb"},"inLanguage":"es","potentialAction":[{"@type":"ReadAction","target":["https:\/\/patagoniambiental.com.ar\/info\/la-marea-de-plasticos-que-contamina-los-oceanos-se-cuela-en-la-sal-de-mesa\/"]}]},{"@type":"ImageObject","inLanguage":"es","@id":"https:\/\/patagoniambiental.com.ar\/info\/la-marea-de-plasticos-que-contamina-los-oceanos-se-cuela-en-la-sal-de-mesa\/#primaryimage","url":"https:\/\/patagoniambiental.com.ar\/info\/wp-content\/uploads\/2017\/09\/salero.jpg","contentUrl":"https:\/\/patagoniambiental.com.ar\/info\/wp-content\/uploads\/2017\/09\/salero.jpg","width":600,"height":310,"caption":"EFE\/Iv\u00e1n Franco"},{"@type":"BreadcrumbList","@id":"https:\/\/patagoniambiental.com.ar\/info\/la-marea-de-plasticos-que-contamina-los-oceanos-se-cuela-en-la-sal-de-mesa\/#breadcrumb","itemListElement":[{"@type":"ListItem","position":1,"name":"Inicio","item":"https:\/\/patagoniambiental.com.ar\/info\/"},{"@type":"ListItem","position":2,"name":"La marea de pl\u00e1sticos que contamina los oc\u00e9anos se cuela en la sal de mesa"}]},{"@type":"WebSite","@id":"https:\/\/patagoniambiental.com.ar\/info\/#website","url":"https:\/\/patagoniambiental.com.ar\/info\/","name":"Patagonia Ambiental","description":"Monitoreo y an\u00e1lisis de la situaci\u00f3n geopol\u00edtica en el mundo y su implicancia en la Patagonia","publisher":{"@id":"https:\/\/patagoniambiental.com.ar\/info\/#organization"},"potentialAction":[{"@type":"SearchAction","target":{"@type":"EntryPoint","urlTemplate":"https:\/\/patagoniambiental.com.ar\/info\/?s={search_term_string}"},"query-input":{"@type":"PropertyValueSpecification","valueRequired":true,"valueName":"search_term_string"}}],"inLanguage":"es"},{"@type":"Organization","@id":"https:\/\/patagoniambiental.com.ar\/info\/#organization","name":"Patagonia Ambiental","url":"https:\/\/patagoniambiental.com.ar\/info\/","logo":{"@type":"ImageObject","inLanguage":"es","@id":"https:\/\/patagoniambiental.com.ar\/info\/#\/schema\/logo\/image\/","url":"https:\/\/patagoniambiental.com.ar\/info\/wp-content\/uploads\/2025\/05\/LOGO-PATAGONIA-AMBIENTAL.png","contentUrl":"https:\/\/patagoniambiental.com.ar\/info\/wp-content\/uploads\/2025\/05\/LOGO-PATAGONIA-AMBIENTAL.png","width":433,"height":250,"caption":"Patagonia Ambiental"},"image":{"@id":"https:\/\/patagoniambiental.com.ar\/info\/#\/schema\/logo\/image\/"},"sameAs":["https:\/\/www.facebook.com\/patagonia.ambiental","https:\/\/x.com\/PatAmb"]},{"@type":"Person","@id":"https:\/\/patagoniambiental.com.ar\/info\/#\/schema\/person\/db12bff64bbcbf6a253710bf0ea37b5d","name":"Patagonia Ambiental","description":"Andr\u00e9s Nievas T\u00e9cnico en manejo ambiental, consultor Ambiental y escritor para medios locales e internacionales sobre temas de geopolitica y medio ambiente.","sameAs":["http:\/\/www.patagoniambiental.com.ar","https:\/\/www.facebook.com\/share\/1C1V8Gv9BX\/?mibextid=qi2Omg","@patagoniambiental","https:\/\/youtube.com\/@patagoniaambiental2023?si=BLt58t0wuXquxlYZ"]}]}},"_links":{"self":[{"href":"https:\/\/patagoniambiental.com.ar\/info\/wp-json\/wp\/v2\/posts\/34731","targetHints":{"allow":["GET"]}}],"collection":[{"href":"https:\/\/patagoniambiental.com.ar\/info\/wp-json\/wp\/v2\/posts"}],"about":[{"href":"https:\/\/patagoniambiental.com.ar\/info\/wp-json\/wp\/v2\/types\/post"}],"author":[{"embeddable":true,"href":"https:\/\/patagoniambiental.com.ar\/info\/wp-json\/wp\/v2\/users\/2"}],"replies":[{"embeddable":true,"href":"https:\/\/patagoniambiental.com.ar\/info\/wp-json\/wp\/v2\/comments?post=34731"}],"version-history":[{"count":0,"href":"https:\/\/patagoniambiental.com.ar\/info\/wp-json\/wp\/v2\/posts\/34731\/revisions"}],"wp:featuredmedia":[{"embeddable":true,"href":"https:\/\/patagoniambiental.com.ar\/info\/wp-json\/wp\/v2\/media\/34732"}],"wp:attachment":[{"href":"https:\/\/patagoniambiental.com.ar\/info\/wp-json\/wp\/v2\/media?parent=34731"}],"wp:term":[{"taxonomy":"category","embeddable":true,"href":"https:\/\/patagoniambiental.com.ar\/info\/wp-json\/wp\/v2\/categories?post=34731"},{"taxonomy":"post_tag","embeddable":true,"href":"https:\/\/patagoniambiental.com.ar\/info\/wp-json\/wp\/v2\/tags?post=34731"}],"curies":[{"name":"wp","href":"https:\/\/api.w.org\/{rel}","templated":true}]}}