{"id":34741,"date":"2017-09-11T19:00:13","date_gmt":"2017-09-11T22:00:13","guid":{"rendered":"http:\/\/patagoniambiental.com.ar\/info\/?p=34741"},"modified":"2025-09-09T18:52:52","modified_gmt":"2025-09-09T21:52:52","slug":"salutacion-aniversario-asociacion-recicladores-bariloche","status":"publish","type":"post","link":"https:\/\/patagoniambiental.com.ar\/info\/salutacion-aniversario-asociacion-recicladores-bariloche\/","title":{"rendered":"\u00a1La Asociaci\u00f3n Recicladores Bariloche celebra 14 a\u00f1os de lucha por un futuro m\u00e1s verde en la Patagonia!"},"content":{"rendered":"\n<!--more-->\n\n\n\n<p><strong>\u00a1La Asociaci\u00f3n Recicladores Bariloche celebra 14 a\u00f1os de lucha por un futuro m\u00e1s verde en la Patagonia! \ud83c\udf0d\ud83d\udcaa<\/strong><\/p>\n\n\n\n<p><strong>Un aniversario con impacto ambiental y social<\/strong><\/p>\n\n\n\n<p>Bariloche, Provincia de Rio Negro, 11 de septiembre de 2017. San Carlos de Bariloche no solo es conocida por sus lagos cristalinos, sus monta\u00f1as nevadas y su inigualable atractivo tur\u00edstico. Tambi\u00e9n es un lugar donde la conciencia ambiental ha crecido de la mano de organizaciones comunitarias que transforman la realidad. Una de ellas es la <strong>Asociaci\u00f3n Recicladores Bariloche (ARB)<\/strong>, que este 11 de septiembre cumple <strong>14 a\u00f1os de trabajo ininterrumpido<\/strong> en favor del medio ambiente, la econom\u00eda circular y la inclusi\u00f3n social.<\/p>\n\n\n\n<p>El saludo oficial del <strong>intendente Gustavo Gennuso<\/strong>, reconociendo p\u00fablicamente su labor, marca un nuevo hito en la historia de un colectivo que comenz\u00f3 con pocos recursos pero con una convicci\u00f3n inquebrantable: <strong>dar valor a lo que otros llaman basura y convertirlo en sustento para familias y en cuidado para el planeta<\/strong>.<\/p>\n\n\n\n<p>Este aniversario es mucho m\u00e1s que una fecha: es la demostraci\u00f3n de que la <strong>organizaci\u00f3n comunitaria<\/strong> puede cambiar el rumbo de una ciudad y dejar huellas profundas en la Patagonia.<\/p>\n\n\n\n<p><strong>Historia de la Asociaci\u00f3n: de la invisibilidad al reconocimiento p\u00fablico<\/strong><\/p>\n\n\n\n<p>La historia de la <strong>ARB<\/strong> se remonta al a\u00f1o <strong>2003<\/strong>, cuando un grupo de hombres y mujeres comenz\u00f3 a recuperar materiales reciclables en Bariloche. En ese entonces, la gesti\u00f3n de residuos estaba lejos de tener el nivel de concientizaci\u00f3n que existe hoy, y la tarea de los recicladores era muchas veces invisible y poco valorada.<\/p>\n\n\n\n<p>Sin embargo, ellos entendieron algo fundamental: <strong>la basura es un error de dise\u00f1o y un recurso mal gestionado<\/strong>. As\u00ed, con esfuerzo y organizaci\u00f3n, empezaron a darle un sentido comunitario a la actividad, demostrando que el reciclaje no solo era posible, sino necesario para el futuro de la ciudad.<\/p>\n\n\n\n<p>En <strong>2009<\/strong>, con la formalizaci\u00f3n de la <strong>Asociaci\u00f3n Recicladores Bariloche<\/strong>, se dio un paso decisivo hacia la consolidaci\u00f3n de un espacio de trabajo colectivo. Desde entonces, la ARB se convirti\u00f3 en un actor clave dentro de la gesti\u00f3n ambiental de Bariloche, aportando soluciones a un problema que afecta a todas las ciudades modernas: <strong>qu\u00e9 hacer con los residuos s\u00f3lidos urbanos<\/strong>.<\/p>\n\n\n\n<p><strong>El rol social y ambiental de los recicladores<\/strong><\/p>\n\n\n\n<p>Los <strong>recicladores urbanos<\/strong> cumplen un papel esencial en la econom\u00eda y en la protecci\u00f3n ambiental. Ellos son quienes, con su trabajo diario, impiden que toneladas de materiales terminen en basurales a cielo abierto, r\u00edos o rellenos sanitarios.<\/p>\n\n\n\n<p>En Bariloche, la ARB ha sido pionera en demostrar que el reciclaje <strong>no es un lujo, sino una necesidad<\/strong>. Cada envase de pl\u00e1stico, cada hoja de papel, cada botella de vidrio que pasa por sus manos representa una victoria frente a la contaminaci\u00f3n y un paso hacia una <strong>ciudad m\u00e1s limpia y sostenible<\/strong>.<\/p>\n\n\n\n<p>Pero su rol no es solo ambiental. Tambi\u00e9n es profundamente social. La Asociaci\u00f3n ofrece <strong>trabajo digno y formalizaci\u00f3n laboral<\/strong> a familias que durante a\u00f1os vivieron en la marginalidad, recolectando materiales en condiciones precarias. Hoy, gracias a la organizaci\u00f3n, cuentan con un respaldo institucional y con el reconocimiento de la comunidad.<\/p>\n\n\n\n<p><strong>Econom\u00eda circular en acci\u00f3n: Bariloche como ejemplo patag\u00f3nico<\/strong><\/p>\n\n\n\n<p>La <strong>econom\u00eda circular<\/strong> propone un modelo distinto al de \u201cusar y tirar\u201d. Se trata de dise\u00f1ar procesos que permitan que los productos, materiales y recursos se mantengan en uso el mayor tiempo posible, reduciendo al m\u00ednimo la generaci\u00f3n de residuos.<\/p>\n\n\n\n<p>La ARB encarna este concepto. En su planta de clasificaci\u00f3n, ubicada en la ciudad, se reciben toneladas de materiales que son separados, compactados y enviados nuevamente a la industria para su reutilizaci\u00f3n.<\/p>\n\n\n\n<p>Algunos n\u00fameros estimativos muestran la magnitud de este trabajo:<\/p>\n\n\n\n<p>Se recuperan <strong>miles de kilos de pl\u00e1stico<\/strong> al a\u00f1o, que de otro modo terminar\u00edan contaminando los lagos y r\u00edos patag\u00f3nicos.<br><\/p>\n\n\n\n<p>El <strong>papel y cart\u00f3n<\/strong> reciclado contribuye a reducir la tala de \u00e1rboles, protegiendo as\u00ed bosques nativos.<br><\/p>\n\n\n\n<p>El <strong>vidrio<\/strong> es reincorporado a nuevos procesos productivos con un ahorro energ\u00e9tico significativo.<br><\/p>\n\n\n\n<p><br>De esta manera, la Asociaci\u00f3n demuestra que Bariloche no solo es un destino tur\u00edstico de renombre internacional, sino tambi\u00e9n un <strong>laboratorio vivo de sostenibilidad<\/strong> en la Patagonia.<\/p>\n\n\n\n<p><strong>Reconocimiento institucional: un respaldo que fortalece<\/strong><\/p>\n\n\n\n<p>En su saludo por el <strong>14\u00b0 aniversario<\/strong>, el intendente Gustavo Gennuso destac\u00f3 la \u201cinvalorable tarea de los recicladores\u201d, resaltando que su trabajo es clave para la ciudad y recordando la importancia de que todos los vecinos colaboren con la separaci\u00f3n en origen.<\/p>\n\n\n\n<p>Este reconocimiento no es un gesto aislado. A lo largo de los a\u00f1os, la Asociaci\u00f3n ha logrado establecer v\u00ednculos con la <strong>Municipalidad de San Carlos de Bariloche<\/strong>, con organizaciones ambientales y con instituciones educativas.<\/p>\n\n\n\n<p>El respaldo institucional ha permitido que la ARB crezca, incorpore equipamiento y logre mejorar las condiciones laborales de sus integrantes. Sin embargo, los desaf\u00edos siguen siendo enormes y el compromiso del Estado y de la sociedad resulta indispensable.<\/p>\n\n\n\n<p><strong>Historias humanas detr\u00e1s del reciclaje<\/strong><\/p>\n\n\n\n<p>Detr\u00e1s de cada bolsa clasificada y de cada material recuperado hay historias de vida que merecen ser contadas.<\/p>\n\n\n\n<p>La ARB est\u00e1 integrada por decenas de familias que encontraron en el reciclaje una <strong>oportunidad de inclusi\u00f3n social y laboral<\/strong>. Muchos de sus miembros pasaron de trabajar en la informalidad, en condiciones insalubres, a formar parte de una organizaci\u00f3n reconocida y con capacidad de incidir en las pol\u00edticas ambientales locales.<\/p>\n\n\n\n<p>Las mujeres han tenido un rol protag\u00f3nico en este proceso. No solo participan activamente en la clasificaci\u00f3n de materiales, sino que tambi\u00e9n han sido l\u00edderes en la organizaci\u00f3n, en la toma de decisiones y en la construcci\u00f3n de un futuro colectivo.<\/p>\n\n\n\n<p>Estas historias reflejan que el reciclaje no es solo una cuesti\u00f3n t\u00e9cnica o ambiental, sino tambi\u00e9n una <strong>herramienta de transformaci\u00f3n social<\/strong>.<\/p>\n\n\n\n<p><strong>Retos actuales y futuros de la Asociaci\u00f3n<\/strong><\/p>\n\n\n\n<p>A pesar de los avances, la ARB enfrenta <strong>desaf\u00edos significativos<\/strong>:<\/p>\n\n\n\n<p><strong>Conciencia ciudadana insuficiente<\/strong>: todav\u00eda muchos vecinos no separan sus residuos en origen, lo que dificulta la tarea de los recicladores.<br><\/p>\n\n\n\n<p><strong>Infraestructura limitada<\/strong>: la planta de clasificaci\u00f3n requiere constantes mejoras y ampliaciones para aumentar su capacidad operativa.<br><\/p>\n\n\n\n<p><strong>Financiamiento<\/strong>: como ocurre con muchas organizaciones sociales, el acceso a recursos econ\u00f3micos sigue siendo un obst\u00e1culo para crecer.<br><\/p>\n\n\n\n<p><strong>Reconocimiento social<\/strong>: aunque se ha avanzado mucho, a\u00fan queda por erradicar los prejuicios que hist\u00f3ricamente acompa\u00f1aron a los recicladores.<br><\/p>\n\n\n\n<p><br>De cara al futuro, la Asociaci\u00f3n proyecta <strong>nuevas campa\u00f1as de concientizaci\u00f3n<\/strong>, la incorporaci\u00f3n de tecnolog\u00edas para optimizar el trabajo y la ampliaci\u00f3n de sus alianzas con instituciones p\u00fablicas y privadas.<\/p>\n\n\n\n<p><strong>Bariloche como referente patag\u00f3nico<\/strong><\/p>\n\n\n\n<p>El modelo impulsado por la <strong>ARB<\/strong> tiene un valor que trasciende las fronteras de la ciudad. En toda la Patagonia, los problemas asociados a la gesti\u00f3n de residuos son cada vez m\u00e1s urgentes. Basurales a cielo abierto, contaminaci\u00f3n de r\u00edos y quema de desechos son realidades que afectan a muchas localidades.<\/p>\n\n\n\n<p>En este contexto, la experiencia de Bariloche aparece como un <strong>ejemplo a replicar<\/strong>. La combinaci\u00f3n de organizaci\u00f3n comunitaria, apoyo institucional y compromiso ambiental puede convertirse en la clave para transformar la gesti\u00f3n de residuos en otras ciudades patag\u00f3nicas.<\/p>\n\n\n\n<p>Adem\u00e1s, la ARB se conecta con tendencias globales. En todo el mundo, las grandes urbes buscan soluciones de econom\u00eda circular que reduzcan el impacto ambiental y generen empleos verdes. Bariloche, con su escala y caracter\u00edsticas propias, demuestra que este camino es posible y necesario.<\/p>\n\n\n\n<p><strong>14 a\u00f1os y un futuro lleno de desaf\u00edos<\/strong><\/p>\n\n\n\n<p>El <strong>14\u00b0 aniversario de la Asociaci\u00f3n Recicladores Bariloche<\/strong> no es solo una celebraci\u00f3n, sino un <strong>llamado a la acci\u00f3n colectiva<\/strong>. La labor de los recicladores nos recuerda que cada decisi\u00f3n cotidiana \u2014como separar una botella o una bolsa\u2014 tiene un impacto enorme en la vida de quienes trabajan con esos materiales y en la salud ambiental de la Patagonia.<\/p>\n\n\n\n<p>El saludo del intendente es un reconocimiento justo, pero el verdadero homenaje vendr\u00e1 de la comunidad en su conjunto, sum\u00e1ndose activamente al compromiso de <strong>separar en origen, reciclar y cuidar el medio ambiente<\/strong>.<\/p>\n\n\n\n<p>Bariloche, con su belleza natural y su creciente conciencia ecol\u00f3gica, tiene en la ARB un motor de cambio y un s\u00edmbolo de que <strong>otro modelo de ciudad es posible: inclusivo, solidario y sostenible<\/strong>.<br><\/p>\n\n\n\n<p><\/p>\n\n\n\n<p><\/p>\n\n\n<div dir=\"ltr\">\u00a0<\/div>\n\n\n<p><\/p>\n","protected":false},"excerpt":{"rendered":"","protected":false},"author":2,"featured_media":34742,"comment_status":"open","ping_status":"open","sticky":false,"template":"","format":"standard","meta":{"site-sidebar-layout":"default","site-content-layout":"","ast-site-content-layout":"default","site-content-style":"default","site-sidebar-style":"default","ast-global-header-display":"","ast-banner-title-visibility":"","ast-main-header-display":"","ast-hfb-above-header-display":"","ast-hfb-below-header-display":"","ast-hfb-mobile-header-display":"","site-post-title":"","ast-breadcrumbs-content":"","ast-featured-img":"","footer-sml-layout":"","ast-disable-related-posts":"","theme-transparent-header-meta":"","adv-header-id-meta":"","stick-header-meta":"","header-above-stick-meta":"","header-main-stick-meta":"","header-below-stick-meta":"","astra-migrate-meta-layouts":"default","ast-page-background-enabled":"default","ast-page-background-meta":{"desktop":{"background-color":"var(--ast-global-color-5)","background-image":"","background-repeat":"repeat","background-position":"center center","background-size":"auto","background-attachment":"scroll","background-type":"","background-media":"","overlay-type":"","overlay-color":"","overlay-opacity":"","overlay-gradient":""},"tablet":{"background-color":"","background-image":"","background-repeat":"repeat","background-position":"center center","background-size":"auto","background-attachment":"scroll","background-type":"","background-media":"","overlay-type":"","overlay-color":"","overlay-opacity":"","overlay-gradient":""},"mobile":{"background-color":"","background-image":"","background-repeat":"repeat","background-position":"center center","background-size":"auto","background-attachment":"scroll","background-type":"","background-media":"","overlay-type":"","overlay-color":"","overlay-opacity":"","overlay-gradient":""}},"ast-content-background-meta":{"desktop":{"background-color":"var(--ast-global-color-4)","background-image":"","background-repeat":"repeat","background-position":"center center","background-size":"auto","background-attachment":"scroll","background-type":"","background-media":"","overlay-type":"","overlay-color":"","overlay-opacity":"","overlay-gradient":""},"tablet":{"background-color":"var(--ast-global-color-4)","background-image":"","background-repeat":"repeat","background-position":"center center","background-size":"auto","background-attachment":"scroll","background-type":"","background-media":"","overlay-type":"","overlay-color":"","overlay-opacity":"","overlay-gradient":""},"mobile":{"background-color":"var(--ast-global-color-4)","background-image":"","background-repeat":"repeat","background-position":"center center","background-size":"auto","background-attachment":"scroll","background-type":"","background-media":"","overlay-type":"","overlay-color":"","overlay-opacity":"","overlay-gradient":""}},"footnotes":""},"categories":[3512,1],"tags":[],"class_list":["post-34741","post","type-post","status-publish","format-standard","has-post-thumbnail","hentry","category-economia-circular","category-noticias"],"yoast_head":"<!-- This site is optimized with the Yoast SEO Premium plugin v23.0 (Yoast SEO v27.5) - https:\/\/yoast.com\/product\/yoast-seo-premium-wordpress\/ -->\n<title>\u00a1La Asociaci\u00f3n Recicladores Bariloche celebra 14 a\u00f1os de lucha por un futuro m\u00e1s verde en la Patagonia! San Carlos de Bariloche no solo es conocida por sus lagos cristalinos<\/title>\n<meta name=\"description\" content=\"San Carlos de Bariloche no solo es conocida por sus lagos cristalinos, sus monta\u00f1as nevadas y su inigualable atractivo tur\u00edstico.\" \/>\n<meta name=\"robots\" content=\"index, follow, max-snippet:-1, max-image-preview:large, max-video-preview:-1\" \/>\n<link rel=\"canonical\" href=\"https:\/\/patagoniambiental.com.ar\/info\/salutacion-aniversario-asociacion-recicladores-bariloche\/\" \/>\n<meta property=\"og:locale\" content=\"es_ES\" \/>\n<meta property=\"og:type\" content=\"article\" \/>\n<meta property=\"og:title\" content=\"\u00a1La Asociaci\u00f3n Recicladores Bariloche celebra 14 a\u00f1os de lucha por un futuro m\u00e1s verde en la Patagonia!\" \/>\n<meta property=\"og:description\" content=\"San Carlos de Bariloche no solo es conocida por sus lagos cristalinos, sus monta\u00f1as nevadas y su inigualable atractivo tur\u00edstico.\" \/>\n<meta property=\"og:url\" content=\"https:\/\/patagoniambiental.com.ar\/info\/salutacion-aniversario-asociacion-recicladores-bariloche\/\" \/>\n<meta property=\"og:site_name\" content=\"Patagonia Ambiental\" \/>\n<meta property=\"article:publisher\" content=\"https:\/\/www.facebook.com\/patagonia.ambiental\" \/>\n<meta property=\"article:author\" content=\"https:\/\/www.facebook.com\/share\/1C1V8Gv9BX\/?mibextid=qi2Omg\" \/>\n<meta property=\"article:published_time\" content=\"2017-09-11T22:00:13+00:00\" \/>\n<meta property=\"article:modified_time\" content=\"2025-09-09T21:52:52+00:00\" \/>\n<meta property=\"og:image\" content=\"https:\/\/patagoniambiental.com.ar\/info\/wp-content\/uploads\/2017\/09\/14344727_1219690438054266_8286058043480791246_n.jpg\" \/>\n\t<meta property=\"og:image:width\" content=\"800\" \/>\n\t<meta property=\"og:image:height\" content=\"534\" \/>\n\t<meta property=\"og:image:type\" content=\"image\/jpeg\" \/>\n<meta name=\"author\" content=\"Patagonia Ambiental\" \/>\n<meta name=\"twitter:card\" content=\"summary_large_image\" \/>\n<meta name=\"twitter:creator\" content=\"@PatAmb\" \/>\n<meta name=\"twitter:site\" content=\"@PatAmb\" \/>\n<script type=\"application\/ld+json\" class=\"yoast-schema-graph\">{\"@context\":\"https:\\\/\\\/schema.org\",\"@graph\":[{\"@type\":\"Article\",\"@id\":\"https:\\\/\\\/patagoniambiental.com.ar\\\/info\\\/salutacion-aniversario-asociacion-recicladores-bariloche\\\/#article\",\"isPartOf\":{\"@id\":\"https:\\\/\\\/patagoniambiental.com.ar\\\/info\\\/salutacion-aniversario-asociacion-recicladores-bariloche\\\/\"},\"author\":{\"name\":\"Patagonia Ambiental\",\"@id\":\"https:\\\/\\\/patagoniambiental.com.ar\\\/info\\\/#\\\/schema\\\/person\\\/db12bff64bbcbf6a253710bf0ea37b5d\"},\"headline\":\"\u00a1La Asociaci\u00f3n Recicladores Bariloche celebra 14 a\u00f1os de lucha por un futuro m\u00e1s verde en la Patagonia!\",\"datePublished\":\"2017-09-11T22:00:13+00:00\",\"dateModified\":\"2025-09-09T21:52:52+00:00\",\"mainEntityOfPage\":{\"@id\":\"https:\\\/\\\/patagoniambiental.com.ar\\\/info\\\/salutacion-aniversario-asociacion-recicladores-bariloche\\\/\"},\"wordCount\":1442,\"commentCount\":0,\"publisher\":{\"@id\":\"https:\\\/\\\/patagoniambiental.com.ar\\\/info\\\/#organization\"},\"image\":{\"@id\":\"https:\\\/\\\/patagoniambiental.com.ar\\\/info\\\/salutacion-aniversario-asociacion-recicladores-bariloche\\\/#primaryimage\"},\"thumbnailUrl\":\"https:\\\/\\\/patagoniambiental.com.ar\\\/info\\\/wp-content\\\/uploads\\\/2017\\\/09\\\/14344727_1219690438054266_8286058043480791246_n.jpg\",\"articleSection\":[\"Econom\u00eda Circular\",\"Noticias\"],\"inLanguage\":\"es\",\"potentialAction\":[{\"@type\":\"CommentAction\",\"name\":\"Comment\",\"target\":[\"https:\\\/\\\/patagoniambiental.com.ar\\\/info\\\/salutacion-aniversario-asociacion-recicladores-bariloche\\\/#respond\"]}]},{\"@type\":\"WebPage\",\"@id\":\"https:\\\/\\\/patagoniambiental.com.ar\\\/info\\\/salutacion-aniversario-asociacion-recicladores-bariloche\\\/\",\"url\":\"https:\\\/\\\/patagoniambiental.com.ar\\\/info\\\/salutacion-aniversario-asociacion-recicladores-bariloche\\\/\",\"name\":\"\u00a1La Asociaci\u00f3n Recicladores Bariloche celebra 14 a\u00f1os de lucha por un futuro m\u00e1s verde en la Patagonia! San Carlos de Bariloche no solo es conocida por sus lagos cristalinos\",\"isPartOf\":{\"@id\":\"https:\\\/\\\/patagoniambiental.com.ar\\\/info\\\/#website\"},\"primaryImageOfPage\":{\"@id\":\"https:\\\/\\\/patagoniambiental.com.ar\\\/info\\\/salutacion-aniversario-asociacion-recicladores-bariloche\\\/#primaryimage\"},\"image\":{\"@id\":\"https:\\\/\\\/patagoniambiental.com.ar\\\/info\\\/salutacion-aniversario-asociacion-recicladores-bariloche\\\/#primaryimage\"},\"thumbnailUrl\":\"https:\\\/\\\/patagoniambiental.com.ar\\\/info\\\/wp-content\\\/uploads\\\/2017\\\/09\\\/14344727_1219690438054266_8286058043480791246_n.jpg\",\"datePublished\":\"2017-09-11T22:00:13+00:00\",\"dateModified\":\"2025-09-09T21:52:52+00:00\",\"description\":\"San Carlos de Bariloche no solo es conocida por sus lagos cristalinos, sus monta\u00f1as nevadas y su inigualable atractivo tur\u00edstico.\",\"breadcrumb\":{\"@id\":\"https:\\\/\\\/patagoniambiental.com.ar\\\/info\\\/salutacion-aniversario-asociacion-recicladores-bariloche\\\/#breadcrumb\"},\"inLanguage\":\"es\",\"potentialAction\":[{\"@type\":\"ReadAction\",\"target\":[\"https:\\\/\\\/patagoniambiental.com.ar\\\/info\\\/salutacion-aniversario-asociacion-recicladores-bariloche\\\/\"]}]},{\"@type\":\"ImageObject\",\"inLanguage\":\"es\",\"@id\":\"https:\\\/\\\/patagoniambiental.com.ar\\\/info\\\/salutacion-aniversario-asociacion-recicladores-bariloche\\\/#primaryimage\",\"url\":\"https:\\\/\\\/patagoniambiental.com.ar\\\/info\\\/wp-content\\\/uploads\\\/2017\\\/09\\\/14344727_1219690438054266_8286058043480791246_n.jpg\",\"contentUrl\":\"https:\\\/\\\/patagoniambiental.com.ar\\\/info\\\/wp-content\\\/uploads\\\/2017\\\/09\\\/14344727_1219690438054266_8286058043480791246_n.jpg\",\"width\":800,\"height\":534},{\"@type\":\"BreadcrumbList\",\"@id\":\"https:\\\/\\\/patagoniambiental.com.ar\\\/info\\\/salutacion-aniversario-asociacion-recicladores-bariloche\\\/#breadcrumb\",\"itemListElement\":[{\"@type\":\"ListItem\",\"position\":1,\"name\":\"Inicio\",\"item\":\"https:\\\/\\\/patagoniambiental.com.ar\\\/info\\\/\"},{\"@type\":\"ListItem\",\"position\":2,\"name\":\"\u00a1La Asociaci\u00f3n Recicladores Bariloche celebra 14 a\u00f1os de lucha por un futuro m\u00e1s verde en la Patagonia!\"}]},{\"@type\":\"WebSite\",\"@id\":\"https:\\\/\\\/patagoniambiental.com.ar\\\/info\\\/#website\",\"url\":\"https:\\\/\\\/patagoniambiental.com.ar\\\/info\\\/\",\"name\":\"Patagonia Ambiental\",\"description\":\"Monitoreo y an\u00e1lisis de la situaci\u00f3n geopol\u00edtica en el mundo y su implicancia en la Patagonia\",\"publisher\":{\"@id\":\"https:\\\/\\\/patagoniambiental.com.ar\\\/info\\\/#organization\"},\"potentialAction\":[{\"@type\":\"SearchAction\",\"target\":{\"@type\":\"EntryPoint\",\"urlTemplate\":\"https:\\\/\\\/patagoniambiental.com.ar\\\/info\\\/?s={search_term_string}\"},\"query-input\":{\"@type\":\"PropertyValueSpecification\",\"valueRequired\":true,\"valueName\":\"search_term_string\"}}],\"inLanguage\":\"es\"},{\"@type\":\"Organization\",\"@id\":\"https:\\\/\\\/patagoniambiental.com.ar\\\/info\\\/#organization\",\"name\":\"Patagonia Ambiental\",\"url\":\"https:\\\/\\\/patagoniambiental.com.ar\\\/info\\\/\",\"logo\":{\"@type\":\"ImageObject\",\"inLanguage\":\"es\",\"@id\":\"https:\\\/\\\/patagoniambiental.com.ar\\\/info\\\/#\\\/schema\\\/logo\\\/image\\\/\",\"url\":\"https:\\\/\\\/patagoniambiental.com.ar\\\/info\\\/wp-content\\\/uploads\\\/2025\\\/05\\\/LOGO-PATAGONIA-AMBIENTAL.png\",\"contentUrl\":\"https:\\\/\\\/patagoniambiental.com.ar\\\/info\\\/wp-content\\\/uploads\\\/2025\\\/05\\\/LOGO-PATAGONIA-AMBIENTAL.png\",\"width\":433,\"height\":250,\"caption\":\"Patagonia Ambiental\"},\"image\":{\"@id\":\"https:\\\/\\\/patagoniambiental.com.ar\\\/info\\\/#\\\/schema\\\/logo\\\/image\\\/\"},\"sameAs\":[\"https:\\\/\\\/www.facebook.com\\\/patagonia.ambiental\",\"https:\\\/\\\/x.com\\\/PatAmb\"]},{\"@type\":\"Person\",\"@id\":\"https:\\\/\\\/patagoniambiental.com.ar\\\/info\\\/#\\\/schema\\\/person\\\/db12bff64bbcbf6a253710bf0ea37b5d\",\"name\":\"Patagonia Ambiental\",\"description\":\"Andr\u00e9s Nievas T\u00e9cnico en manejo ambiental, consultor Ambiental y escritor para medios locales e internacionales sobre temas de geopolitica y medio ambiente.\",\"sameAs\":[\"http:\\\/\\\/www.patagoniambiental.com.ar\",\"https:\\\/\\\/www.facebook.com\\\/share\\\/1C1V8Gv9BX\\\/?mibextid=qi2Omg\",\"@patagoniambiental\",\"https:\\\/\\\/youtube.com\\\/@patagoniaambiental2023?si=BLt58t0wuXquxlYZ\"]}]}<\/script>\n<!-- \/ Yoast SEO Premium plugin. -->","yoast_head_json":{"title":"\u00a1La Asociaci\u00f3n Recicladores Bariloche celebra 14 a\u00f1os de lucha por un futuro m\u00e1s verde en la Patagonia! San Carlos de Bariloche no solo es conocida por sus lagos cristalinos","description":"San Carlos de Bariloche no solo es conocida por sus lagos cristalinos, sus monta\u00f1as nevadas y su inigualable atractivo tur\u00edstico.","robots":{"index":"index","follow":"follow","max-snippet":"max-snippet:-1","max-image-preview":"max-image-preview:large","max-video-preview":"max-video-preview:-1"},"canonical":"https:\/\/patagoniambiental.com.ar\/info\/salutacion-aniversario-asociacion-recicladores-bariloche\/","og_locale":"es_ES","og_type":"article","og_title":"\u00a1La Asociaci\u00f3n Recicladores Bariloche celebra 14 a\u00f1os de lucha por un futuro m\u00e1s verde en la Patagonia!","og_description":"San Carlos de Bariloche no solo es conocida por sus lagos cristalinos, sus monta\u00f1as nevadas y su inigualable atractivo tur\u00edstico.","og_url":"https:\/\/patagoniambiental.com.ar\/info\/salutacion-aniversario-asociacion-recicladores-bariloche\/","og_site_name":"Patagonia Ambiental","article_publisher":"https:\/\/www.facebook.com\/patagonia.ambiental","article_author":"https:\/\/www.facebook.com\/share\/1C1V8Gv9BX\/?mibextid=qi2Omg","article_published_time":"2017-09-11T22:00:13+00:00","article_modified_time":"2025-09-09T21:52:52+00:00","og_image":[{"width":800,"height":534,"url":"https:\/\/patagoniambiental.com.ar\/info\/wp-content\/uploads\/2017\/09\/14344727_1219690438054266_8286058043480791246_n.jpg","type":"image\/jpeg"}],"author":"Patagonia Ambiental","twitter_card":"summary_large_image","twitter_creator":"@PatAmb","twitter_site":"@PatAmb","schema":{"@context":"https:\/\/schema.org","@graph":[{"@type":"Article","@id":"https:\/\/patagoniambiental.com.ar\/info\/salutacion-aniversario-asociacion-recicladores-bariloche\/#article","isPartOf":{"@id":"https:\/\/patagoniambiental.com.ar\/info\/salutacion-aniversario-asociacion-recicladores-bariloche\/"},"author":{"name":"Patagonia Ambiental","@id":"https:\/\/patagoniambiental.com.ar\/info\/#\/schema\/person\/db12bff64bbcbf6a253710bf0ea37b5d"},"headline":"\u00a1La Asociaci\u00f3n Recicladores Bariloche celebra 14 a\u00f1os de lucha por un futuro m\u00e1s verde en la Patagonia!","datePublished":"2017-09-11T22:00:13+00:00","dateModified":"2025-09-09T21:52:52+00:00","mainEntityOfPage":{"@id":"https:\/\/patagoniambiental.com.ar\/info\/salutacion-aniversario-asociacion-recicladores-bariloche\/"},"wordCount":1442,"commentCount":0,"publisher":{"@id":"https:\/\/patagoniambiental.com.ar\/info\/#organization"},"image":{"@id":"https:\/\/patagoniambiental.com.ar\/info\/salutacion-aniversario-asociacion-recicladores-bariloche\/#primaryimage"},"thumbnailUrl":"https:\/\/patagoniambiental.com.ar\/info\/wp-content\/uploads\/2017\/09\/14344727_1219690438054266_8286058043480791246_n.jpg","articleSection":["Econom\u00eda Circular","Noticias"],"inLanguage":"es","potentialAction":[{"@type":"CommentAction","name":"Comment","target":["https:\/\/patagoniambiental.com.ar\/info\/salutacion-aniversario-asociacion-recicladores-bariloche\/#respond"]}]},{"@type":"WebPage","@id":"https:\/\/patagoniambiental.com.ar\/info\/salutacion-aniversario-asociacion-recicladores-bariloche\/","url":"https:\/\/patagoniambiental.com.ar\/info\/salutacion-aniversario-asociacion-recicladores-bariloche\/","name":"\u00a1La Asociaci\u00f3n Recicladores Bariloche celebra 14 a\u00f1os de lucha por un futuro m\u00e1s verde en la Patagonia! San Carlos de Bariloche no solo es conocida por sus lagos cristalinos","isPartOf":{"@id":"https:\/\/patagoniambiental.com.ar\/info\/#website"},"primaryImageOfPage":{"@id":"https:\/\/patagoniambiental.com.ar\/info\/salutacion-aniversario-asociacion-recicladores-bariloche\/#primaryimage"},"image":{"@id":"https:\/\/patagoniambiental.com.ar\/info\/salutacion-aniversario-asociacion-recicladores-bariloche\/#primaryimage"},"thumbnailUrl":"https:\/\/patagoniambiental.com.ar\/info\/wp-content\/uploads\/2017\/09\/14344727_1219690438054266_8286058043480791246_n.jpg","datePublished":"2017-09-11T22:00:13+00:00","dateModified":"2025-09-09T21:52:52+00:00","description":"San Carlos de Bariloche no solo es conocida por sus lagos cristalinos, sus monta\u00f1as nevadas y su inigualable atractivo tur\u00edstico.","breadcrumb":{"@id":"https:\/\/patagoniambiental.com.ar\/info\/salutacion-aniversario-asociacion-recicladores-bariloche\/#breadcrumb"},"inLanguage":"es","potentialAction":[{"@type":"ReadAction","target":["https:\/\/patagoniambiental.com.ar\/info\/salutacion-aniversario-asociacion-recicladores-bariloche\/"]}]},{"@type":"ImageObject","inLanguage":"es","@id":"https:\/\/patagoniambiental.com.ar\/info\/salutacion-aniversario-asociacion-recicladores-bariloche\/#primaryimage","url":"https:\/\/patagoniambiental.com.ar\/info\/wp-content\/uploads\/2017\/09\/14344727_1219690438054266_8286058043480791246_n.jpg","contentUrl":"https:\/\/patagoniambiental.com.ar\/info\/wp-content\/uploads\/2017\/09\/14344727_1219690438054266_8286058043480791246_n.jpg","width":800,"height":534},{"@type":"BreadcrumbList","@id":"https:\/\/patagoniambiental.com.ar\/info\/salutacion-aniversario-asociacion-recicladores-bariloche\/#breadcrumb","itemListElement":[{"@type":"ListItem","position":1,"name":"Inicio","item":"https:\/\/patagoniambiental.com.ar\/info\/"},{"@type":"ListItem","position":2,"name":"\u00a1La Asociaci\u00f3n Recicladores Bariloche celebra 14 a\u00f1os de lucha por un futuro m\u00e1s verde en la Patagonia!"}]},{"@type":"WebSite","@id":"https:\/\/patagoniambiental.com.ar\/info\/#website","url":"https:\/\/patagoniambiental.com.ar\/info\/","name":"Patagonia Ambiental","description":"Monitoreo y an\u00e1lisis de la situaci\u00f3n geopol\u00edtica en el mundo y su implicancia en la Patagonia","publisher":{"@id":"https:\/\/patagoniambiental.com.ar\/info\/#organization"},"potentialAction":[{"@type":"SearchAction","target":{"@type":"EntryPoint","urlTemplate":"https:\/\/patagoniambiental.com.ar\/info\/?s={search_term_string}"},"query-input":{"@type":"PropertyValueSpecification","valueRequired":true,"valueName":"search_term_string"}}],"inLanguage":"es"},{"@type":"Organization","@id":"https:\/\/patagoniambiental.com.ar\/info\/#organization","name":"Patagonia Ambiental","url":"https:\/\/patagoniambiental.com.ar\/info\/","logo":{"@type":"ImageObject","inLanguage":"es","@id":"https:\/\/patagoniambiental.com.ar\/info\/#\/schema\/logo\/image\/","url":"https:\/\/patagoniambiental.com.ar\/info\/wp-content\/uploads\/2025\/05\/LOGO-PATAGONIA-AMBIENTAL.png","contentUrl":"https:\/\/patagoniambiental.com.ar\/info\/wp-content\/uploads\/2025\/05\/LOGO-PATAGONIA-AMBIENTAL.png","width":433,"height":250,"caption":"Patagonia Ambiental"},"image":{"@id":"https:\/\/patagoniambiental.com.ar\/info\/#\/schema\/logo\/image\/"},"sameAs":["https:\/\/www.facebook.com\/patagonia.ambiental","https:\/\/x.com\/PatAmb"]},{"@type":"Person","@id":"https:\/\/patagoniambiental.com.ar\/info\/#\/schema\/person\/db12bff64bbcbf6a253710bf0ea37b5d","name":"Patagonia Ambiental","description":"Andr\u00e9s Nievas T\u00e9cnico en manejo ambiental, consultor Ambiental y escritor para medios locales e internacionales sobre temas de geopolitica y medio ambiente.","sameAs":["http:\/\/www.patagoniambiental.com.ar","https:\/\/www.facebook.com\/share\/1C1V8Gv9BX\/?mibextid=qi2Omg","@patagoniambiental","https:\/\/youtube.com\/@patagoniaambiental2023?si=BLt58t0wuXquxlYZ"]}]}},"_links":{"self":[{"href":"https:\/\/patagoniambiental.com.ar\/info\/wp-json\/wp\/v2\/posts\/34741","targetHints":{"allow":["GET"]}}],"collection":[{"href":"https:\/\/patagoniambiental.com.ar\/info\/wp-json\/wp\/v2\/posts"}],"about":[{"href":"https:\/\/patagoniambiental.com.ar\/info\/wp-json\/wp\/v2\/types\/post"}],"author":[{"embeddable":true,"href":"https:\/\/patagoniambiental.com.ar\/info\/wp-json\/wp\/v2\/users\/2"}],"replies":[{"embeddable":true,"href":"https:\/\/patagoniambiental.com.ar\/info\/wp-json\/wp\/v2\/comments?post=34741"}],"version-history":[{"count":3,"href":"https:\/\/patagoniambiental.com.ar\/info\/wp-json\/wp\/v2\/posts\/34741\/revisions"}],"predecessor-version":[{"id":98964,"href":"https:\/\/patagoniambiental.com.ar\/info\/wp-json\/wp\/v2\/posts\/34741\/revisions\/98964"}],"wp:featuredmedia":[{"embeddable":true,"href":"https:\/\/patagoniambiental.com.ar\/info\/wp-json\/wp\/v2\/media\/34742"}],"wp:attachment":[{"href":"https:\/\/patagoniambiental.com.ar\/info\/wp-json\/wp\/v2\/media?parent=34741"}],"wp:term":[{"taxonomy":"category","embeddable":true,"href":"https:\/\/patagoniambiental.com.ar\/info\/wp-json\/wp\/v2\/categories?post=34741"},{"taxonomy":"post_tag","embeddable":true,"href":"https:\/\/patagoniambiental.com.ar\/info\/wp-json\/wp\/v2\/tags?post=34741"}],"curies":[{"name":"wp","href":"https:\/\/api.w.org\/{rel}","templated":true}]}}