{"id":34849,"date":"2017-09-14T09:00:10","date_gmt":"2017-09-14T12:00:10","guid":{"rendered":"http:\/\/patagoniambiental.com.ar\/info\/?p=34849"},"modified":"2017-09-13T21:16:39","modified_gmt":"2017-09-14T00:16:39","slug":"el-cambio-climatico-puede-generar-100-millones-mas-de-pobres-segun-el-banco-mundial","status":"publish","type":"post","link":"https:\/\/patagoniambiental.com.ar\/info\/el-cambio-climatico-puede-generar-100-millones-mas-de-pobres-segun-el-banco-mundial\/","title":{"rendered":"El cambio clim\u00e1tico puede generar 100 millones m\u00e1s de pobres, seg\u00fan el Banco Mundial"},"content":{"rendered":"<p class=\"entradilla\">El Banco Mundial (BM) ha advertido que el cambio clim\u00e1tico amenaza con generar 100 millones m\u00e1s de pobres hacia el a\u00f1o\u00a02030 si no se modifican las tendencias actuales, lo que generar\u00e1<em>\u00abmovimientos de poblaci\u00f3n considerables\u00bb.<\/em><\/p>\n<p>En una entrevista publicada hoy por el diario franc\u00e9s\u00a0<em>\u201cLe Figaro\u201d<\/em>, la directora general del BM, Kristalina Georgieva, destaca que aunque el calentamiento clim\u00e1tico afecta a todo el mundo,\u00a0<strong>el riesgo es particularmente importante para los pa\u00edses pobres<\/strong>, por eso hay que ayudarles con fuerza e\u00a0<em>\u201cinmediatamente\u201d<\/em>\u00a0para adaptar sus infraestructuras y hacer evolucionar su agricultura.<\/p>\n<h2>Cambio clim\u00e1tico<\/h2>\n<p>Georgieva explic\u00f3 que ya hay 500 millones de personas en situaci\u00f3n<em>\u00a0\u201cfr\u00e1gil\u201d<\/em>\u00a0(sobre todo en \u00c1frica, pero tambi\u00e9n en pa\u00edses como Hait\u00ed, Irak, Siria o Libia), algo que tiene que ver con el clima pero tambi\u00e9n con conflictos armados, y que\u00a0<em>\u201cestos dos fen\u00f3menos est\u00e1n estrechamente relacionados\u201d.<\/em><\/p>\n<p>A modo de ejemplo, se\u00f1al\u00f3 que en Siria\u00a0<em>\u201cla generalizaci\u00f3n del conflicto coincidi\u00f3 con una sequ\u00eda que empuj\u00f3 a las poblaciones rurales hacia las ciudades\u201d<\/em>, o que en el norte de Mali la menor productividad de las tierras con el consiguiente impacto negativo para la poblaci\u00f3n favoreci\u00f3 la inestabilidad pol\u00edtica.<\/p>\n<p>Ante ese tipo de realidades, consider\u00f3<em>\u00a0\u201cmuy posible\u201d<\/em>\u00a0que<strong>\u00a0aumente el n\u00famero de personas desplazadas contra su voluntad<\/strong>, que seg\u00fan la ONU son ahora 65 millones, de los cuales 21 millones son\u00a0refugiados pol\u00edticos, lo que constituye un r\u00e9cord hist\u00f3rico.<\/p>\n<p>El BM, seg\u00fan indic\u00f3 esta antigua comisaria europea de la Ayuda Humanitaria y del Presupuesto, ha consagrado en los \u00faltimos ejercicios 10.000 millones de d\u00f3lares anuales de media a la lucha contra el cambio clim\u00e1tico.<\/p>\n<p>Y a partir de 2020, los planes son dedicar el 28 % de sus medios financieros.<\/p>\n<p>Su instituci\u00f3n organiza con Francia en diciembre una conferencia sobre el cambio clim\u00e1tico con el mensaje de que\u00a0<em>\u201chay que convencer a los Estados de que es posible transformar sus econom\u00edas en beneficio de las energ\u00edas\u201d<\/em>\u00a0y de que hay que implicar al sector privado para\u00a0<em>\u201ccontribuir a la financiaci\u00f3n de necesidades considerables, sobre todo en los pa\u00edses menos desarrollados\u201d<\/em>.<\/p>\n<p>Fuente: Efeverde<\/p>\n<div>\n<\/div>\n","protected":false},"excerpt":{"rendered":"<p>El Banco Mundial (BM) ha advertido que el cambio clim\u00e1tico amenaza con generar 100 millones m\u00e1s de pobres hacia el [&hellip;]<\/p>\n","protected":false},"author":2,"featured_media":34850,"comment_status":"open","ping_status":"open","sticky":false,"template":"","format":"standard","meta":{"site-sidebar-layout":"default","site-content-layout":"","ast-site-content-layout":"default","site-content-style":"default","site-sidebar-style":"default","ast-global-header-display":"","ast-banner-title-visibility":"","ast-main-header-display":"","ast-hfb-above-header-display":"","ast-hfb-below-header-display":"","ast-hfb-mobile-header-display":"","site-post-title":"","ast-breadcrumbs-content":"","ast-featured-img":"","footer-sml-layout":"","ast-disable-related-posts":"","theme-transparent-header-meta":"","adv-header-id-meta":"","stick-header-meta":"","header-above-stick-meta":"","header-main-stick-meta":"","header-below-stick-meta":"","astra-migrate-meta-layouts":"default","ast-page-background-enabled":"default","ast-page-background-meta":{"desktop":{"background-color":"var(--ast-global-color-5)","background-image":"","background-repeat":"repeat","background-position":"center center","background-size":"auto","background-attachment":"scroll","background-type":"","background-media":"","overlay-type":"","overlay-color":"","overlay-opacity":"","overlay-gradient":""},"tablet":{"background-color":"","background-image":"","background-repeat":"repeat","background-position":"center center","background-size":"auto","background-attachment":"scroll","background-type":"","background-media":"","overlay-type":"","overlay-color":"","overlay-opacity":"","overlay-gradient":""},"mobile":{"background-color":"","background-image":"","background-repeat":"repeat","background-position":"center center","background-size":"auto","background-attachment":"scroll","background-type":"","background-media":"","overlay-type":"","overlay-color":"","overlay-opacity":"","overlay-gradient":""}},"ast-content-background-meta":{"desktop":{"background-color":"var(--ast-global-color-4)","background-image":"","background-repeat":"repeat","background-position":"center center","background-size":"auto","background-attachment":"scroll","background-type":"","background-media":"","overlay-type":"","overlay-color":"","overlay-opacity":"","overlay-gradient":""},"tablet":{"background-color":"var(--ast-global-color-4)","background-image":"","background-repeat":"repeat","background-position":"center center","background-size":"auto","background-attachment":"scroll","background-type":"","background-media":"","overlay-type":"","overlay-color":"","overlay-opacity":"","overlay-gradient":""},"mobile":{"background-color":"var(--ast-global-color-4)","background-image":"","background-repeat":"repeat","background-position":"center center","background-size":"auto","background-attachment":"scroll","background-type":"","background-media":"","overlay-type":"","overlay-color":"","overlay-opacity":"","overlay-gradient":""}},"footnotes":""},"categories":[23,1],"tags":[],"class_list":["post-34849","post","type-post","status-publish","format-standard","has-post-thumbnail","hentry","category-internacionales","category-noticias"],"yoast_head":"<!-- This site is optimized with the Yoast SEO Premium plugin v23.0 (Yoast SEO v27.4) - https:\/\/yoast.com\/product\/yoast-seo-premium-wordpress\/ -->\n<title>El cambio clim\u00e1tico puede generar 100 millones m\u00e1s de pobres, seg\u00fan el Banco Mundial<\/title>\n<meta name=\"robots\" content=\"index, follow, max-snippet:-1, max-image-preview:large, max-video-preview:-1\" \/>\n<link rel=\"canonical\" href=\"https:\/\/patagoniambiental.com.ar\/info\/el-cambio-climatico-puede-generar-100-millones-mas-de-pobres-segun-el-banco-mundial\/\" \/>\n<meta property=\"og:locale\" content=\"es_ES\" \/>\n<meta property=\"og:type\" content=\"article\" \/>\n<meta property=\"og:title\" content=\"El cambio clim\u00e1tico puede generar 100 millones m\u00e1s de pobres, seg\u00fan el Banco Mundial\" \/>\n<meta property=\"og:description\" content=\"El Banco Mundial (BM) ha advertido que el cambio clim\u00e1tico amenaza con generar 100 millones m\u00e1s de pobres hacia el [&hellip;]\" \/>\n<meta property=\"og:url\" content=\"https:\/\/patagoniambiental.com.ar\/info\/el-cambio-climatico-puede-generar-100-millones-mas-de-pobres-segun-el-banco-mundial\/\" \/>\n<meta property=\"og:site_name\" content=\"Patagonia Ambiental\" \/>\n<meta property=\"article:publisher\" content=\"https:\/\/www.facebook.com\/patagonia.ambiental\" \/>\n<meta property=\"article:author\" content=\"https:\/\/www.facebook.com\/share\/1C1V8Gv9BX\/?mibextid=qi2Omg\" \/>\n<meta property=\"article:published_time\" content=\"2017-09-14T12:00:10+00:00\" \/>\n<meta property=\"og:image\" content=\"https:\/\/patagoniambiental.com.ar\/info\/wp-content\/uploads\/2017\/09\/cambio-climatico.jpg\" \/>\n\t<meta property=\"og:image:width\" content=\"620\" \/>\n\t<meta property=\"og:image:height\" content=\"310\" \/>\n\t<meta property=\"og:image:type\" content=\"image\/jpeg\" \/>\n<meta name=\"author\" content=\"Patagonia Ambiental\" \/>\n<meta name=\"twitter:card\" content=\"summary_large_image\" \/>\n<meta name=\"twitter:creator\" content=\"@PatAmb\" \/>\n<meta name=\"twitter:site\" content=\"@PatAmb\" \/>\n<script type=\"application\/ld+json\" class=\"yoast-schema-graph\">{\"@context\":\"https:\\\/\\\/schema.org\",\"@graph\":[{\"@type\":\"Article\",\"@id\":\"https:\\\/\\\/patagoniambiental.com.ar\\\/info\\\/el-cambio-climatico-puede-generar-100-millones-mas-de-pobres-segun-el-banco-mundial\\\/#article\",\"isPartOf\":{\"@id\":\"https:\\\/\\\/patagoniambiental.com.ar\\\/info\\\/el-cambio-climatico-puede-generar-100-millones-mas-de-pobres-segun-el-banco-mundial\\\/\"},\"author\":{\"name\":\"Patagonia Ambiental\",\"@id\":\"https:\\\/\\\/patagoniambiental.com.ar\\\/info\\\/#\\\/schema\\\/person\\\/db12bff64bbcbf6a253710bf0ea37b5d\"},\"headline\":\"El cambio clim\u00e1tico puede generar 100 millones m\u00e1s de pobres, seg\u00fan el Banco Mundial\",\"datePublished\":\"2017-09-14T12:00:10+00:00\",\"mainEntityOfPage\":{\"@id\":\"https:\\\/\\\/patagoniambiental.com.ar\\\/info\\\/el-cambio-climatico-puede-generar-100-millones-mas-de-pobres-segun-el-banco-mundial\\\/\"},\"wordCount\":385,\"commentCount\":0,\"publisher\":{\"@id\":\"https:\\\/\\\/patagoniambiental.com.ar\\\/info\\\/#organization\"},\"image\":{\"@id\":\"https:\\\/\\\/patagoniambiental.com.ar\\\/info\\\/el-cambio-climatico-puede-generar-100-millones-mas-de-pobres-segun-el-banco-mundial\\\/#primaryimage\"},\"thumbnailUrl\":\"https:\\\/\\\/patagoniambiental.com.ar\\\/info\\\/wp-content\\\/uploads\\\/2017\\\/09\\\/cambio-climatico.jpg\",\"articleSection\":[\"Internacionales\",\"Noticias\"],\"inLanguage\":\"es\",\"potentialAction\":[{\"@type\":\"CommentAction\",\"name\":\"Comment\",\"target\":[\"https:\\\/\\\/patagoniambiental.com.ar\\\/info\\\/el-cambio-climatico-puede-generar-100-millones-mas-de-pobres-segun-el-banco-mundial\\\/#respond\"]}]},{\"@type\":\"WebPage\",\"@id\":\"https:\\\/\\\/patagoniambiental.com.ar\\\/info\\\/el-cambio-climatico-puede-generar-100-millones-mas-de-pobres-segun-el-banco-mundial\\\/\",\"url\":\"https:\\\/\\\/patagoniambiental.com.ar\\\/info\\\/el-cambio-climatico-puede-generar-100-millones-mas-de-pobres-segun-el-banco-mundial\\\/\",\"name\":\"El cambio clim\u00e1tico puede generar 100 millones m\u00e1s de pobres, seg\u00fan el Banco Mundial\",\"isPartOf\":{\"@id\":\"https:\\\/\\\/patagoniambiental.com.ar\\\/info\\\/#website\"},\"primaryImageOfPage\":{\"@id\":\"https:\\\/\\\/patagoniambiental.com.ar\\\/info\\\/el-cambio-climatico-puede-generar-100-millones-mas-de-pobres-segun-el-banco-mundial\\\/#primaryimage\"},\"image\":{\"@id\":\"https:\\\/\\\/patagoniambiental.com.ar\\\/info\\\/el-cambio-climatico-puede-generar-100-millones-mas-de-pobres-segun-el-banco-mundial\\\/#primaryimage\"},\"thumbnailUrl\":\"https:\\\/\\\/patagoniambiental.com.ar\\\/info\\\/wp-content\\\/uploads\\\/2017\\\/09\\\/cambio-climatico.jpg\",\"datePublished\":\"2017-09-14T12:00:10+00:00\",\"breadcrumb\":{\"@id\":\"https:\\\/\\\/patagoniambiental.com.ar\\\/info\\\/el-cambio-climatico-puede-generar-100-millones-mas-de-pobres-segun-el-banco-mundial\\\/#breadcrumb\"},\"inLanguage\":\"es\",\"potentialAction\":[{\"@type\":\"ReadAction\",\"target\":[\"https:\\\/\\\/patagoniambiental.com.ar\\\/info\\\/el-cambio-climatico-puede-generar-100-millones-mas-de-pobres-segun-el-banco-mundial\\\/\"]}]},{\"@type\":\"ImageObject\",\"inLanguage\":\"es\",\"@id\":\"https:\\\/\\\/patagoniambiental.com.ar\\\/info\\\/el-cambio-climatico-puede-generar-100-millones-mas-de-pobres-segun-el-banco-mundial\\\/#primaryimage\",\"url\":\"https:\\\/\\\/patagoniambiental.com.ar\\\/info\\\/wp-content\\\/uploads\\\/2017\\\/09\\\/cambio-climatico.jpg\",\"contentUrl\":\"https:\\\/\\\/patagoniambiental.com.ar\\\/info\\\/wp-content\\\/uploads\\\/2017\\\/09\\\/cambio-climatico.jpg\",\"width\":620,\"height\":310,\"caption\":\"EFE\\\/Georgi Licovski\"},{\"@type\":\"BreadcrumbList\",\"@id\":\"https:\\\/\\\/patagoniambiental.com.ar\\\/info\\\/el-cambio-climatico-puede-generar-100-millones-mas-de-pobres-segun-el-banco-mundial\\\/#breadcrumb\",\"itemListElement\":[{\"@type\":\"ListItem\",\"position\":1,\"name\":\"Inicio\",\"item\":\"https:\\\/\\\/patagoniambiental.com.ar\\\/info\\\/\"},{\"@type\":\"ListItem\",\"position\":2,\"name\":\"El cambio clim\u00e1tico puede generar 100 millones m\u00e1s de pobres, seg\u00fan el Banco Mundial\"}]},{\"@type\":\"WebSite\",\"@id\":\"https:\\\/\\\/patagoniambiental.com.ar\\\/info\\\/#website\",\"url\":\"https:\\\/\\\/patagoniambiental.com.ar\\\/info\\\/\",\"name\":\"Patagonia Ambiental\",\"description\":\"Monitoreo y an\u00e1lisis de la situaci\u00f3n geopol\u00edtica en el mundo y su implicancia en la Patagonia\",\"publisher\":{\"@id\":\"https:\\\/\\\/patagoniambiental.com.ar\\\/info\\\/#organization\"},\"potentialAction\":[{\"@type\":\"SearchAction\",\"target\":{\"@type\":\"EntryPoint\",\"urlTemplate\":\"https:\\\/\\\/patagoniambiental.com.ar\\\/info\\\/?s={search_term_string}\"},\"query-input\":{\"@type\":\"PropertyValueSpecification\",\"valueRequired\":true,\"valueName\":\"search_term_string\"}}],\"inLanguage\":\"es\"},{\"@type\":\"Organization\",\"@id\":\"https:\\\/\\\/patagoniambiental.com.ar\\\/info\\\/#organization\",\"name\":\"Patagonia Ambiental\",\"url\":\"https:\\\/\\\/patagoniambiental.com.ar\\\/info\\\/\",\"logo\":{\"@type\":\"ImageObject\",\"inLanguage\":\"es\",\"@id\":\"https:\\\/\\\/patagoniambiental.com.ar\\\/info\\\/#\\\/schema\\\/logo\\\/image\\\/\",\"url\":\"https:\\\/\\\/patagoniambiental.com.ar\\\/info\\\/wp-content\\\/uploads\\\/2025\\\/05\\\/LOGO-PATAGONIA-AMBIENTAL.png\",\"contentUrl\":\"https:\\\/\\\/patagoniambiental.com.ar\\\/info\\\/wp-content\\\/uploads\\\/2025\\\/05\\\/LOGO-PATAGONIA-AMBIENTAL.png\",\"width\":433,\"height\":250,\"caption\":\"Patagonia Ambiental\"},\"image\":{\"@id\":\"https:\\\/\\\/patagoniambiental.com.ar\\\/info\\\/#\\\/schema\\\/logo\\\/image\\\/\"},\"sameAs\":[\"https:\\\/\\\/www.facebook.com\\\/patagonia.ambiental\",\"https:\\\/\\\/x.com\\\/PatAmb\"]},{\"@type\":\"Person\",\"@id\":\"https:\\\/\\\/patagoniambiental.com.ar\\\/info\\\/#\\\/schema\\\/person\\\/db12bff64bbcbf6a253710bf0ea37b5d\",\"name\":\"Patagonia Ambiental\",\"description\":\"Andr\u00e9s Nievas T\u00e9cnico en manejo ambiental, consultor Ambiental y escritor para medios locales e internacionales sobre temas de geopolitica y medio ambiente.\",\"sameAs\":[\"http:\\\/\\\/www.patagoniambiental.com.ar\",\"https:\\\/\\\/www.facebook.com\\\/share\\\/1C1V8Gv9BX\\\/?mibextid=qi2Omg\",\"@patagoniambiental\",\"https:\\\/\\\/youtube.com\\\/@patagoniaambiental2023?si=BLt58t0wuXquxlYZ\"]}]}<\/script>\n<!-- \/ Yoast SEO Premium plugin. -->","yoast_head_json":{"title":"El cambio clim\u00e1tico puede generar 100 millones m\u00e1s de pobres, seg\u00fan el Banco Mundial","robots":{"index":"index","follow":"follow","max-snippet":"max-snippet:-1","max-image-preview":"max-image-preview:large","max-video-preview":"max-video-preview:-1"},"canonical":"https:\/\/patagoniambiental.com.ar\/info\/el-cambio-climatico-puede-generar-100-millones-mas-de-pobres-segun-el-banco-mundial\/","og_locale":"es_ES","og_type":"article","og_title":"El cambio clim\u00e1tico puede generar 100 millones m\u00e1s de pobres, seg\u00fan el Banco Mundial","og_description":"El Banco Mundial (BM) ha advertido que el cambio clim\u00e1tico amenaza con generar 100 millones m\u00e1s de pobres hacia el [&hellip;]","og_url":"https:\/\/patagoniambiental.com.ar\/info\/el-cambio-climatico-puede-generar-100-millones-mas-de-pobres-segun-el-banco-mundial\/","og_site_name":"Patagonia Ambiental","article_publisher":"https:\/\/www.facebook.com\/patagonia.ambiental","article_author":"https:\/\/www.facebook.com\/share\/1C1V8Gv9BX\/?mibextid=qi2Omg","article_published_time":"2017-09-14T12:00:10+00:00","og_image":[{"width":620,"height":310,"url":"https:\/\/patagoniambiental.com.ar\/info\/wp-content\/uploads\/2017\/09\/cambio-climatico.jpg","type":"image\/jpeg"}],"author":"Patagonia Ambiental","twitter_card":"summary_large_image","twitter_creator":"@PatAmb","twitter_site":"@PatAmb","schema":{"@context":"https:\/\/schema.org","@graph":[{"@type":"Article","@id":"https:\/\/patagoniambiental.com.ar\/info\/el-cambio-climatico-puede-generar-100-millones-mas-de-pobres-segun-el-banco-mundial\/#article","isPartOf":{"@id":"https:\/\/patagoniambiental.com.ar\/info\/el-cambio-climatico-puede-generar-100-millones-mas-de-pobres-segun-el-banco-mundial\/"},"author":{"name":"Patagonia Ambiental","@id":"https:\/\/patagoniambiental.com.ar\/info\/#\/schema\/person\/db12bff64bbcbf6a253710bf0ea37b5d"},"headline":"El cambio clim\u00e1tico puede generar 100 millones m\u00e1s de pobres, seg\u00fan el Banco Mundial","datePublished":"2017-09-14T12:00:10+00:00","mainEntityOfPage":{"@id":"https:\/\/patagoniambiental.com.ar\/info\/el-cambio-climatico-puede-generar-100-millones-mas-de-pobres-segun-el-banco-mundial\/"},"wordCount":385,"commentCount":0,"publisher":{"@id":"https:\/\/patagoniambiental.com.ar\/info\/#organization"},"image":{"@id":"https:\/\/patagoniambiental.com.ar\/info\/el-cambio-climatico-puede-generar-100-millones-mas-de-pobres-segun-el-banco-mundial\/#primaryimage"},"thumbnailUrl":"https:\/\/patagoniambiental.com.ar\/info\/wp-content\/uploads\/2017\/09\/cambio-climatico.jpg","articleSection":["Internacionales","Noticias"],"inLanguage":"es","potentialAction":[{"@type":"CommentAction","name":"Comment","target":["https:\/\/patagoniambiental.com.ar\/info\/el-cambio-climatico-puede-generar-100-millones-mas-de-pobres-segun-el-banco-mundial\/#respond"]}]},{"@type":"WebPage","@id":"https:\/\/patagoniambiental.com.ar\/info\/el-cambio-climatico-puede-generar-100-millones-mas-de-pobres-segun-el-banco-mundial\/","url":"https:\/\/patagoniambiental.com.ar\/info\/el-cambio-climatico-puede-generar-100-millones-mas-de-pobres-segun-el-banco-mundial\/","name":"El cambio clim\u00e1tico puede generar 100 millones m\u00e1s de pobres, seg\u00fan el Banco Mundial","isPartOf":{"@id":"https:\/\/patagoniambiental.com.ar\/info\/#website"},"primaryImageOfPage":{"@id":"https:\/\/patagoniambiental.com.ar\/info\/el-cambio-climatico-puede-generar-100-millones-mas-de-pobres-segun-el-banco-mundial\/#primaryimage"},"image":{"@id":"https:\/\/patagoniambiental.com.ar\/info\/el-cambio-climatico-puede-generar-100-millones-mas-de-pobres-segun-el-banco-mundial\/#primaryimage"},"thumbnailUrl":"https:\/\/patagoniambiental.com.ar\/info\/wp-content\/uploads\/2017\/09\/cambio-climatico.jpg","datePublished":"2017-09-14T12:00:10+00:00","breadcrumb":{"@id":"https:\/\/patagoniambiental.com.ar\/info\/el-cambio-climatico-puede-generar-100-millones-mas-de-pobres-segun-el-banco-mundial\/#breadcrumb"},"inLanguage":"es","potentialAction":[{"@type":"ReadAction","target":["https:\/\/patagoniambiental.com.ar\/info\/el-cambio-climatico-puede-generar-100-millones-mas-de-pobres-segun-el-banco-mundial\/"]}]},{"@type":"ImageObject","inLanguage":"es","@id":"https:\/\/patagoniambiental.com.ar\/info\/el-cambio-climatico-puede-generar-100-millones-mas-de-pobres-segun-el-banco-mundial\/#primaryimage","url":"https:\/\/patagoniambiental.com.ar\/info\/wp-content\/uploads\/2017\/09\/cambio-climatico.jpg","contentUrl":"https:\/\/patagoniambiental.com.ar\/info\/wp-content\/uploads\/2017\/09\/cambio-climatico.jpg","width":620,"height":310,"caption":"EFE\/Georgi Licovski"},{"@type":"BreadcrumbList","@id":"https:\/\/patagoniambiental.com.ar\/info\/el-cambio-climatico-puede-generar-100-millones-mas-de-pobres-segun-el-banco-mundial\/#breadcrumb","itemListElement":[{"@type":"ListItem","position":1,"name":"Inicio","item":"https:\/\/patagoniambiental.com.ar\/info\/"},{"@type":"ListItem","position":2,"name":"El cambio clim\u00e1tico puede generar 100 millones m\u00e1s de pobres, seg\u00fan el Banco Mundial"}]},{"@type":"WebSite","@id":"https:\/\/patagoniambiental.com.ar\/info\/#website","url":"https:\/\/patagoniambiental.com.ar\/info\/","name":"Patagonia Ambiental","description":"Monitoreo y an\u00e1lisis de la situaci\u00f3n geopol\u00edtica en el mundo y su implicancia en la Patagonia","publisher":{"@id":"https:\/\/patagoniambiental.com.ar\/info\/#organization"},"potentialAction":[{"@type":"SearchAction","target":{"@type":"EntryPoint","urlTemplate":"https:\/\/patagoniambiental.com.ar\/info\/?s={search_term_string}"},"query-input":{"@type":"PropertyValueSpecification","valueRequired":true,"valueName":"search_term_string"}}],"inLanguage":"es"},{"@type":"Organization","@id":"https:\/\/patagoniambiental.com.ar\/info\/#organization","name":"Patagonia Ambiental","url":"https:\/\/patagoniambiental.com.ar\/info\/","logo":{"@type":"ImageObject","inLanguage":"es","@id":"https:\/\/patagoniambiental.com.ar\/info\/#\/schema\/logo\/image\/","url":"https:\/\/patagoniambiental.com.ar\/info\/wp-content\/uploads\/2025\/05\/LOGO-PATAGONIA-AMBIENTAL.png","contentUrl":"https:\/\/patagoniambiental.com.ar\/info\/wp-content\/uploads\/2025\/05\/LOGO-PATAGONIA-AMBIENTAL.png","width":433,"height":250,"caption":"Patagonia Ambiental"},"image":{"@id":"https:\/\/patagoniambiental.com.ar\/info\/#\/schema\/logo\/image\/"},"sameAs":["https:\/\/www.facebook.com\/patagonia.ambiental","https:\/\/x.com\/PatAmb"]},{"@type":"Person","@id":"https:\/\/patagoniambiental.com.ar\/info\/#\/schema\/person\/db12bff64bbcbf6a253710bf0ea37b5d","name":"Patagonia Ambiental","description":"Andr\u00e9s Nievas T\u00e9cnico en manejo ambiental, consultor Ambiental y escritor para medios locales e internacionales sobre temas de geopolitica y medio ambiente.","sameAs":["http:\/\/www.patagoniambiental.com.ar","https:\/\/www.facebook.com\/share\/1C1V8Gv9BX\/?mibextid=qi2Omg","@patagoniambiental","https:\/\/youtube.com\/@patagoniaambiental2023?si=BLt58t0wuXquxlYZ"]}]}},"_links":{"self":[{"href":"https:\/\/patagoniambiental.com.ar\/info\/wp-json\/wp\/v2\/posts\/34849","targetHints":{"allow":["GET"]}}],"collection":[{"href":"https:\/\/patagoniambiental.com.ar\/info\/wp-json\/wp\/v2\/posts"}],"about":[{"href":"https:\/\/patagoniambiental.com.ar\/info\/wp-json\/wp\/v2\/types\/post"}],"author":[{"embeddable":true,"href":"https:\/\/patagoniambiental.com.ar\/info\/wp-json\/wp\/v2\/users\/2"}],"replies":[{"embeddable":true,"href":"https:\/\/patagoniambiental.com.ar\/info\/wp-json\/wp\/v2\/comments?post=34849"}],"version-history":[{"count":0,"href":"https:\/\/patagoniambiental.com.ar\/info\/wp-json\/wp\/v2\/posts\/34849\/revisions"}],"wp:featuredmedia":[{"embeddable":true,"href":"https:\/\/patagoniambiental.com.ar\/info\/wp-json\/wp\/v2\/media\/34850"}],"wp:attachment":[{"href":"https:\/\/patagoniambiental.com.ar\/info\/wp-json\/wp\/v2\/media?parent=34849"}],"wp:term":[{"taxonomy":"category","embeddable":true,"href":"https:\/\/patagoniambiental.com.ar\/info\/wp-json\/wp\/v2\/categories?post=34849"},{"taxonomy":"post_tag","embeddable":true,"href":"https:\/\/patagoniambiental.com.ar\/info\/wp-json\/wp\/v2\/tags?post=34849"}],"curies":[{"name":"wp","href":"https:\/\/api.w.org\/{rel}","templated":true}]}}