{"id":34917,"date":"2017-09-15T19:00:17","date_gmt":"2017-09-15T22:00:17","guid":{"rendered":"http:\/\/patagoniambiental.com.ar\/info\/?p=34917"},"modified":"2017-09-15T10:49:41","modified_gmt":"2017-09-15T13:49:41","slug":"programa-de-tenencia-responsable-en-eduardo-castex-realizaron-125-castraciones","status":"publish","type":"post","link":"https:\/\/patagoniambiental.com.ar\/info\/programa-de-tenencia-responsable-en-eduardo-castex-realizaron-125-castraciones\/","title":{"rendered":"PROGRAMA DE TENENCIA RESPONSABLE EN EDUARDO CASTEX: Realizaron 125 castraciones"},"content":{"rendered":"<div class=\"td-post-header\">\n<header class=\"td-post-title\">\n<p class=\"td-post-sub-title\">Eduardo Castex.-El veterinario Cristian Herrero y los ayudantes del Programa Protenencia realizaron dos jornadas de trabajo donde castraron a125 mascotas en Eduardo Castex.<!--more--><\/p>\n<p class=\"td-post-sub-title\">\u201cSeguimos trabajando en la castraci\u00f3n canina y felina\u201d, destac\u00f3 el \u00e1rea de Medio Ambiente de la Municipalidad de Eduardo Castex, y solicitaron a la poblaci\u00f3n que cuando observen \u201cun animal posiblemente<\/p>\n<\/header>\n<\/div>\n<p>&nbsp;<\/p>\n<div class=\"td-post-content\">\n<p>en celo en la v\u00eda p\u00fablica\u201d se comuniquen \u201cde manera urgente\u201d con las oficinas municipales.<br \/>\nLa repartici\u00f3n municipal detall\u00f3 que la octava jornada se desarroll\u00f3 en el SUM Promeba, ubicado en calle Mart\u00edn Fierro y Avenida de las Banderas. All\u00ed se concretaron 79 castraciones. Y al d\u00eda siguiente, los trabajos continuaron en la Canilera Municipal donde se realizaron 46<br \/>\nintervenciones quir\u00fargicas. \u201cEn la \u00faltima jornada, la tarea se aboc\u00f3 -en gran parte- a los canes que se encuentran en el predio y algunos particulares\u201d, detallaron.<br \/>\nLa campa\u00f1a de castraci\u00f3n de mascotas estuvo a cargo del veterinario Cristian Herrero y sus ayudantes del Programa de Protenencia, quienes arribaron con el Quir\u00f3fano M\u00f3vil de la Facultad de Ciencias Veterinarias de General Pico y colabor\u00f3 el personal municipal.<br \/>\nDesde Medio Ambiente municipal agradecieron \u201ca todas las personas que llevaron a sus mascotas y se comprometieron a realizar la castraci\u00f3n, necesaria para controlar la natalidad\u201d, y tambi\u00e9n \u201ca los integrantes de la Fundaci\u00f3n Amigos de los Animales, al personal del predio de la canilera y a todas las personas que colaboraron\u201d.<\/p>\n<p>Fuente: Diario La Arena<\/p>\n<\/div>\n","protected":false},"excerpt":{"rendered":"<p>Eduardo Castex.-El veterinario Cristian Herrero y los ayudantes del Programa Protenencia realizaron dos jornadas de trabajo donde castraron a125 mascotas [&hellip;]<\/p>\n","protected":false},"author":2,"featured_media":31505,"comment_status":"open","ping_status":"open","sticky":false,"template":"","format":"standard","meta":{"site-sidebar-layout":"default","site-content-layout":"","ast-site-content-layout":"default","site-content-style":"default","site-sidebar-style":"default","ast-global-header-display":"","ast-banner-title-visibility":"","ast-main-header-display":"","ast-hfb-above-header-display":"","ast-hfb-below-header-display":"","ast-hfb-mobile-header-display":"","site-post-title":"","ast-breadcrumbs-content":"","ast-featured-img":"","footer-sml-layout":"","ast-disable-related-posts":"","theme-transparent-header-meta":"","adv-header-id-meta":"","stick-header-meta":"","header-above-stick-meta":"","header-main-stick-meta":"","header-below-stick-meta":"","astra-migrate-meta-layouts":"default","ast-page-background-enabled":"default","ast-page-background-meta":{"desktop":{"background-color":"var(--ast-global-color-5)","background-image":"","background-repeat":"repeat","background-position":"center center","background-size":"auto","background-attachment":"scroll","background-type":"","background-media":"","overlay-type":"","overlay-color":"","overlay-opacity":"","overlay-gradient":""},"tablet":{"background-color":"","background-image":"","background-repeat":"repeat","background-position":"center center","background-size":"auto","background-attachment":"scroll","background-type":"","background-media":"","overlay-type":"","overlay-color":"","overlay-opacity":"","overlay-gradient":""},"mobile":{"background-color":"","background-image":"","background-repeat":"repeat","background-position":"center center","background-size":"auto","background-attachment":"scroll","background-type":"","background-media":"","overlay-type":"","overlay-color":"","overlay-opacity":"","overlay-gradient":""}},"ast-content-background-meta":{"desktop":{"background-color":"var(--ast-global-color-4)","background-image":"","background-repeat":"repeat","background-position":"center center","background-size":"auto","background-attachment":"scroll","background-type":"","background-media":"","overlay-type":"","overlay-color":"","overlay-opacity":"","overlay-gradient":""},"tablet":{"background-color":"var(--ast-global-color-4)","background-image":"","background-repeat":"repeat","background-position":"center center","background-size":"auto","background-attachment":"scroll","background-type":"","background-media":"","overlay-type":"","overlay-color":"","overlay-opacity":"","overlay-gradient":""},"mobile":{"background-color":"var(--ast-global-color-4)","background-image":"","background-repeat":"repeat","background-position":"center center","background-size":"auto","background-attachment":"scroll","background-type":"","background-media":"","overlay-type":"","overlay-color":"","overlay-opacity":"","overlay-gradient":""}},"footnotes":""},"categories":[16,1],"tags":[],"class_list":["post-34917","post","type-post","status-publish","format-standard","has-post-thumbnail","hentry","category-municipales","category-noticias"],"yoast_head":"<!-- This site is optimized with the Yoast SEO Premium plugin v23.0 (Yoast SEO v27.4) - https:\/\/yoast.com\/product\/yoast-seo-premium-wordpress\/ -->\n<title>PROGRAMA DE TENENCIA RESPONSABLE EN EDUARDO CASTEX: Realizaron 125 castraciones<\/title>\n<meta name=\"robots\" content=\"index, follow, max-snippet:-1, max-image-preview:large, max-video-preview:-1\" \/>\n<link rel=\"canonical\" href=\"https:\/\/patagoniambiental.com.ar\/info\/programa-de-tenencia-responsable-en-eduardo-castex-realizaron-125-castraciones\/\" \/>\n<meta property=\"og:locale\" content=\"es_ES\" \/>\n<meta property=\"og:type\" content=\"article\" \/>\n<meta property=\"og:title\" content=\"PROGRAMA DE TENENCIA RESPONSABLE EN EDUARDO CASTEX: Realizaron 125 castraciones\" \/>\n<meta property=\"og:description\" content=\"Eduardo Castex.-El veterinario Cristian Herrero y los ayudantes del Programa Protenencia realizaron dos jornadas de trabajo donde castraron a125 mascotas [&hellip;]\" \/>\n<meta property=\"og:url\" content=\"https:\/\/patagoniambiental.com.ar\/info\/programa-de-tenencia-responsable-en-eduardo-castex-realizaron-125-castraciones\/\" \/>\n<meta property=\"og:site_name\" content=\"Patagonia Ambiental\" \/>\n<meta property=\"article:publisher\" content=\"https:\/\/www.facebook.com\/patagonia.ambiental\" \/>\n<meta property=\"article:author\" content=\"https:\/\/www.facebook.com\/share\/1C1V8Gv9BX\/?mibextid=qi2Omg\" \/>\n<meta property=\"article:published_time\" content=\"2017-09-15T22:00:17+00:00\" \/>\n<meta property=\"og:image\" content=\"https:\/\/patagoniambiental.com.ar\/info\/wp-content\/uploads\/2017\/07\/thumbnail_Mascotas.jpg\" \/>\n\t<meta property=\"og:image:width\" content=\"1000\" \/>\n\t<meta property=\"og:image:height\" content=\"666\" \/>\n\t<meta property=\"og:image:type\" content=\"image\/jpeg\" \/>\n<meta name=\"author\" content=\"Patagonia Ambiental\" \/>\n<meta name=\"twitter:card\" content=\"summary_large_image\" \/>\n<meta name=\"twitter:creator\" content=\"@PatAmb\" \/>\n<meta name=\"twitter:site\" content=\"@PatAmb\" \/>\n<script type=\"application\/ld+json\" class=\"yoast-schema-graph\">{\"@context\":\"https:\\\/\\\/schema.org\",\"@graph\":[{\"@type\":\"Article\",\"@id\":\"https:\\\/\\\/patagoniambiental.com.ar\\\/info\\\/programa-de-tenencia-responsable-en-eduardo-castex-realizaron-125-castraciones\\\/#article\",\"isPartOf\":{\"@id\":\"https:\\\/\\\/patagoniambiental.com.ar\\\/info\\\/programa-de-tenencia-responsable-en-eduardo-castex-realizaron-125-castraciones\\\/\"},\"author\":{\"name\":\"Patagonia Ambiental\",\"@id\":\"https:\\\/\\\/patagoniambiental.com.ar\\\/info\\\/#\\\/schema\\\/person\\\/db12bff64bbcbf6a253710bf0ea37b5d\"},\"headline\":\"PROGRAMA DE TENENCIA RESPONSABLE EN EDUARDO CASTEX: Realizaron 125 castraciones\",\"datePublished\":\"2017-09-15T22:00:17+00:00\",\"mainEntityOfPage\":{\"@id\":\"https:\\\/\\\/patagoniambiental.com.ar\\\/info\\\/programa-de-tenencia-responsable-en-eduardo-castex-realizaron-125-castraciones\\\/\"},\"wordCount\":259,\"commentCount\":0,\"publisher\":{\"@id\":\"https:\\\/\\\/patagoniambiental.com.ar\\\/info\\\/#organization\"},\"image\":{\"@id\":\"https:\\\/\\\/patagoniambiental.com.ar\\\/info\\\/programa-de-tenencia-responsable-en-eduardo-castex-realizaron-125-castraciones\\\/#primaryimage\"},\"thumbnailUrl\":\"https:\\\/\\\/patagoniambiental.com.ar\\\/info\\\/wp-content\\\/uploads\\\/2017\\\/07\\\/thumbnail_Mascotas.jpg\",\"articleSection\":[\"Municipales\",\"Noticias\"],\"inLanguage\":\"es\",\"potentialAction\":[{\"@type\":\"CommentAction\",\"name\":\"Comment\",\"target\":[\"https:\\\/\\\/patagoniambiental.com.ar\\\/info\\\/programa-de-tenencia-responsable-en-eduardo-castex-realizaron-125-castraciones\\\/#respond\"]}]},{\"@type\":\"WebPage\",\"@id\":\"https:\\\/\\\/patagoniambiental.com.ar\\\/info\\\/programa-de-tenencia-responsable-en-eduardo-castex-realizaron-125-castraciones\\\/\",\"url\":\"https:\\\/\\\/patagoniambiental.com.ar\\\/info\\\/programa-de-tenencia-responsable-en-eduardo-castex-realizaron-125-castraciones\\\/\",\"name\":\"PROGRAMA DE TENENCIA RESPONSABLE EN EDUARDO CASTEX: Realizaron 125 castraciones\",\"isPartOf\":{\"@id\":\"https:\\\/\\\/patagoniambiental.com.ar\\\/info\\\/#website\"},\"primaryImageOfPage\":{\"@id\":\"https:\\\/\\\/patagoniambiental.com.ar\\\/info\\\/programa-de-tenencia-responsable-en-eduardo-castex-realizaron-125-castraciones\\\/#primaryimage\"},\"image\":{\"@id\":\"https:\\\/\\\/patagoniambiental.com.ar\\\/info\\\/programa-de-tenencia-responsable-en-eduardo-castex-realizaron-125-castraciones\\\/#primaryimage\"},\"thumbnailUrl\":\"https:\\\/\\\/patagoniambiental.com.ar\\\/info\\\/wp-content\\\/uploads\\\/2017\\\/07\\\/thumbnail_Mascotas.jpg\",\"datePublished\":\"2017-09-15T22:00:17+00:00\",\"breadcrumb\":{\"@id\":\"https:\\\/\\\/patagoniambiental.com.ar\\\/info\\\/programa-de-tenencia-responsable-en-eduardo-castex-realizaron-125-castraciones\\\/#breadcrumb\"},\"inLanguage\":\"es\",\"potentialAction\":[{\"@type\":\"ReadAction\",\"target\":[\"https:\\\/\\\/patagoniambiental.com.ar\\\/info\\\/programa-de-tenencia-responsable-en-eduardo-castex-realizaron-125-castraciones\\\/\"]}]},{\"@type\":\"ImageObject\",\"inLanguage\":\"es\",\"@id\":\"https:\\\/\\\/patagoniambiental.com.ar\\\/info\\\/programa-de-tenencia-responsable-en-eduardo-castex-realizaron-125-castraciones\\\/#primaryimage\",\"url\":\"https:\\\/\\\/patagoniambiental.com.ar\\\/info\\\/wp-content\\\/uploads\\\/2017\\\/07\\\/thumbnail_Mascotas.jpg\",\"contentUrl\":\"https:\\\/\\\/patagoniambiental.com.ar\\\/info\\\/wp-content\\\/uploads\\\/2017\\\/07\\\/thumbnail_Mascotas.jpg\",\"width\":1000,\"height\":666,\"caption\":\"Foto: Municipalidad de Bariloche\"},{\"@type\":\"BreadcrumbList\",\"@id\":\"https:\\\/\\\/patagoniambiental.com.ar\\\/info\\\/programa-de-tenencia-responsable-en-eduardo-castex-realizaron-125-castraciones\\\/#breadcrumb\",\"itemListElement\":[{\"@type\":\"ListItem\",\"position\":1,\"name\":\"Inicio\",\"item\":\"https:\\\/\\\/patagoniambiental.com.ar\\\/info\\\/\"},{\"@type\":\"ListItem\",\"position\":2,\"name\":\"PROGRAMA DE TENENCIA RESPONSABLE EN EDUARDO CASTEX: Realizaron 125 castraciones\"}]},{\"@type\":\"WebSite\",\"@id\":\"https:\\\/\\\/patagoniambiental.com.ar\\\/info\\\/#website\",\"url\":\"https:\\\/\\\/patagoniambiental.com.ar\\\/info\\\/\",\"name\":\"Patagonia Ambiental\",\"description\":\"Monitoreo y an\u00e1lisis de la situaci\u00f3n geopol\u00edtica en el mundo y su implicancia en la Patagonia\",\"publisher\":{\"@id\":\"https:\\\/\\\/patagoniambiental.com.ar\\\/info\\\/#organization\"},\"potentialAction\":[{\"@type\":\"SearchAction\",\"target\":{\"@type\":\"EntryPoint\",\"urlTemplate\":\"https:\\\/\\\/patagoniambiental.com.ar\\\/info\\\/?s={search_term_string}\"},\"query-input\":{\"@type\":\"PropertyValueSpecification\",\"valueRequired\":true,\"valueName\":\"search_term_string\"}}],\"inLanguage\":\"es\"},{\"@type\":\"Organization\",\"@id\":\"https:\\\/\\\/patagoniambiental.com.ar\\\/info\\\/#organization\",\"name\":\"Patagonia Ambiental\",\"url\":\"https:\\\/\\\/patagoniambiental.com.ar\\\/info\\\/\",\"logo\":{\"@type\":\"ImageObject\",\"inLanguage\":\"es\",\"@id\":\"https:\\\/\\\/patagoniambiental.com.ar\\\/info\\\/#\\\/schema\\\/logo\\\/image\\\/\",\"url\":\"https:\\\/\\\/patagoniambiental.com.ar\\\/info\\\/wp-content\\\/uploads\\\/2025\\\/05\\\/LOGO-PATAGONIA-AMBIENTAL.png\",\"contentUrl\":\"https:\\\/\\\/patagoniambiental.com.ar\\\/info\\\/wp-content\\\/uploads\\\/2025\\\/05\\\/LOGO-PATAGONIA-AMBIENTAL.png\",\"width\":433,\"height\":250,\"caption\":\"Patagonia Ambiental\"},\"image\":{\"@id\":\"https:\\\/\\\/patagoniambiental.com.ar\\\/info\\\/#\\\/schema\\\/logo\\\/image\\\/\"},\"sameAs\":[\"https:\\\/\\\/www.facebook.com\\\/patagonia.ambiental\",\"https:\\\/\\\/x.com\\\/PatAmb\"]},{\"@type\":\"Person\",\"@id\":\"https:\\\/\\\/patagoniambiental.com.ar\\\/info\\\/#\\\/schema\\\/person\\\/db12bff64bbcbf6a253710bf0ea37b5d\",\"name\":\"Patagonia Ambiental\",\"description\":\"Andr\u00e9s Nievas T\u00e9cnico en manejo ambiental, consultor Ambiental y escritor para medios locales e internacionales sobre temas de geopolitica y medio ambiente.\",\"sameAs\":[\"http:\\\/\\\/www.patagoniambiental.com.ar\",\"https:\\\/\\\/www.facebook.com\\\/share\\\/1C1V8Gv9BX\\\/?mibextid=qi2Omg\",\"@patagoniambiental\",\"https:\\\/\\\/youtube.com\\\/@patagoniaambiental2023?si=BLt58t0wuXquxlYZ\"]}]}<\/script>\n<!-- \/ Yoast SEO Premium plugin. -->","yoast_head_json":{"title":"PROGRAMA DE TENENCIA RESPONSABLE EN EDUARDO CASTEX: Realizaron 125 castraciones","robots":{"index":"index","follow":"follow","max-snippet":"max-snippet:-1","max-image-preview":"max-image-preview:large","max-video-preview":"max-video-preview:-1"},"canonical":"https:\/\/patagoniambiental.com.ar\/info\/programa-de-tenencia-responsable-en-eduardo-castex-realizaron-125-castraciones\/","og_locale":"es_ES","og_type":"article","og_title":"PROGRAMA DE TENENCIA RESPONSABLE EN EDUARDO CASTEX: Realizaron 125 castraciones","og_description":"Eduardo Castex.-El veterinario Cristian Herrero y los ayudantes del Programa Protenencia realizaron dos jornadas de trabajo donde castraron a125 mascotas [&hellip;]","og_url":"https:\/\/patagoniambiental.com.ar\/info\/programa-de-tenencia-responsable-en-eduardo-castex-realizaron-125-castraciones\/","og_site_name":"Patagonia Ambiental","article_publisher":"https:\/\/www.facebook.com\/patagonia.ambiental","article_author":"https:\/\/www.facebook.com\/share\/1C1V8Gv9BX\/?mibextid=qi2Omg","article_published_time":"2017-09-15T22:00:17+00:00","og_image":[{"width":1000,"height":666,"url":"https:\/\/patagoniambiental.com.ar\/info\/wp-content\/uploads\/2017\/07\/thumbnail_Mascotas.jpg","type":"image\/jpeg"}],"author":"Patagonia Ambiental","twitter_card":"summary_large_image","twitter_creator":"@PatAmb","twitter_site":"@PatAmb","schema":{"@context":"https:\/\/schema.org","@graph":[{"@type":"Article","@id":"https:\/\/patagoniambiental.com.ar\/info\/programa-de-tenencia-responsable-en-eduardo-castex-realizaron-125-castraciones\/#article","isPartOf":{"@id":"https:\/\/patagoniambiental.com.ar\/info\/programa-de-tenencia-responsable-en-eduardo-castex-realizaron-125-castraciones\/"},"author":{"name":"Patagonia Ambiental","@id":"https:\/\/patagoniambiental.com.ar\/info\/#\/schema\/person\/db12bff64bbcbf6a253710bf0ea37b5d"},"headline":"PROGRAMA DE TENENCIA RESPONSABLE EN EDUARDO CASTEX: Realizaron 125 castraciones","datePublished":"2017-09-15T22:00:17+00:00","mainEntityOfPage":{"@id":"https:\/\/patagoniambiental.com.ar\/info\/programa-de-tenencia-responsable-en-eduardo-castex-realizaron-125-castraciones\/"},"wordCount":259,"commentCount":0,"publisher":{"@id":"https:\/\/patagoniambiental.com.ar\/info\/#organization"},"image":{"@id":"https:\/\/patagoniambiental.com.ar\/info\/programa-de-tenencia-responsable-en-eduardo-castex-realizaron-125-castraciones\/#primaryimage"},"thumbnailUrl":"https:\/\/patagoniambiental.com.ar\/info\/wp-content\/uploads\/2017\/07\/thumbnail_Mascotas.jpg","articleSection":["Municipales","Noticias"],"inLanguage":"es","potentialAction":[{"@type":"CommentAction","name":"Comment","target":["https:\/\/patagoniambiental.com.ar\/info\/programa-de-tenencia-responsable-en-eduardo-castex-realizaron-125-castraciones\/#respond"]}]},{"@type":"WebPage","@id":"https:\/\/patagoniambiental.com.ar\/info\/programa-de-tenencia-responsable-en-eduardo-castex-realizaron-125-castraciones\/","url":"https:\/\/patagoniambiental.com.ar\/info\/programa-de-tenencia-responsable-en-eduardo-castex-realizaron-125-castraciones\/","name":"PROGRAMA DE TENENCIA RESPONSABLE EN EDUARDO CASTEX: Realizaron 125 castraciones","isPartOf":{"@id":"https:\/\/patagoniambiental.com.ar\/info\/#website"},"primaryImageOfPage":{"@id":"https:\/\/patagoniambiental.com.ar\/info\/programa-de-tenencia-responsable-en-eduardo-castex-realizaron-125-castraciones\/#primaryimage"},"image":{"@id":"https:\/\/patagoniambiental.com.ar\/info\/programa-de-tenencia-responsable-en-eduardo-castex-realizaron-125-castraciones\/#primaryimage"},"thumbnailUrl":"https:\/\/patagoniambiental.com.ar\/info\/wp-content\/uploads\/2017\/07\/thumbnail_Mascotas.jpg","datePublished":"2017-09-15T22:00:17+00:00","breadcrumb":{"@id":"https:\/\/patagoniambiental.com.ar\/info\/programa-de-tenencia-responsable-en-eduardo-castex-realizaron-125-castraciones\/#breadcrumb"},"inLanguage":"es","potentialAction":[{"@type":"ReadAction","target":["https:\/\/patagoniambiental.com.ar\/info\/programa-de-tenencia-responsable-en-eduardo-castex-realizaron-125-castraciones\/"]}]},{"@type":"ImageObject","inLanguage":"es","@id":"https:\/\/patagoniambiental.com.ar\/info\/programa-de-tenencia-responsable-en-eduardo-castex-realizaron-125-castraciones\/#primaryimage","url":"https:\/\/patagoniambiental.com.ar\/info\/wp-content\/uploads\/2017\/07\/thumbnail_Mascotas.jpg","contentUrl":"https:\/\/patagoniambiental.com.ar\/info\/wp-content\/uploads\/2017\/07\/thumbnail_Mascotas.jpg","width":1000,"height":666,"caption":"Foto: Municipalidad de Bariloche"},{"@type":"BreadcrumbList","@id":"https:\/\/patagoniambiental.com.ar\/info\/programa-de-tenencia-responsable-en-eduardo-castex-realizaron-125-castraciones\/#breadcrumb","itemListElement":[{"@type":"ListItem","position":1,"name":"Inicio","item":"https:\/\/patagoniambiental.com.ar\/info\/"},{"@type":"ListItem","position":2,"name":"PROGRAMA DE TENENCIA RESPONSABLE EN EDUARDO CASTEX: Realizaron 125 castraciones"}]},{"@type":"WebSite","@id":"https:\/\/patagoniambiental.com.ar\/info\/#website","url":"https:\/\/patagoniambiental.com.ar\/info\/","name":"Patagonia Ambiental","description":"Monitoreo y an\u00e1lisis de la situaci\u00f3n geopol\u00edtica en el mundo y su implicancia en la Patagonia","publisher":{"@id":"https:\/\/patagoniambiental.com.ar\/info\/#organization"},"potentialAction":[{"@type":"SearchAction","target":{"@type":"EntryPoint","urlTemplate":"https:\/\/patagoniambiental.com.ar\/info\/?s={search_term_string}"},"query-input":{"@type":"PropertyValueSpecification","valueRequired":true,"valueName":"search_term_string"}}],"inLanguage":"es"},{"@type":"Organization","@id":"https:\/\/patagoniambiental.com.ar\/info\/#organization","name":"Patagonia Ambiental","url":"https:\/\/patagoniambiental.com.ar\/info\/","logo":{"@type":"ImageObject","inLanguage":"es","@id":"https:\/\/patagoniambiental.com.ar\/info\/#\/schema\/logo\/image\/","url":"https:\/\/patagoniambiental.com.ar\/info\/wp-content\/uploads\/2025\/05\/LOGO-PATAGONIA-AMBIENTAL.png","contentUrl":"https:\/\/patagoniambiental.com.ar\/info\/wp-content\/uploads\/2025\/05\/LOGO-PATAGONIA-AMBIENTAL.png","width":433,"height":250,"caption":"Patagonia Ambiental"},"image":{"@id":"https:\/\/patagoniambiental.com.ar\/info\/#\/schema\/logo\/image\/"},"sameAs":["https:\/\/www.facebook.com\/patagonia.ambiental","https:\/\/x.com\/PatAmb"]},{"@type":"Person","@id":"https:\/\/patagoniambiental.com.ar\/info\/#\/schema\/person\/db12bff64bbcbf6a253710bf0ea37b5d","name":"Patagonia Ambiental","description":"Andr\u00e9s Nievas T\u00e9cnico en manejo ambiental, consultor Ambiental y escritor para medios locales e internacionales sobre temas de geopolitica y medio ambiente.","sameAs":["http:\/\/www.patagoniambiental.com.ar","https:\/\/www.facebook.com\/share\/1C1V8Gv9BX\/?mibextid=qi2Omg","@patagoniambiental","https:\/\/youtube.com\/@patagoniaambiental2023?si=BLt58t0wuXquxlYZ"]}]}},"_links":{"self":[{"href":"https:\/\/patagoniambiental.com.ar\/info\/wp-json\/wp\/v2\/posts\/34917","targetHints":{"allow":["GET"]}}],"collection":[{"href":"https:\/\/patagoniambiental.com.ar\/info\/wp-json\/wp\/v2\/posts"}],"about":[{"href":"https:\/\/patagoniambiental.com.ar\/info\/wp-json\/wp\/v2\/types\/post"}],"author":[{"embeddable":true,"href":"https:\/\/patagoniambiental.com.ar\/info\/wp-json\/wp\/v2\/users\/2"}],"replies":[{"embeddable":true,"href":"https:\/\/patagoniambiental.com.ar\/info\/wp-json\/wp\/v2\/comments?post=34917"}],"version-history":[{"count":0,"href":"https:\/\/patagoniambiental.com.ar\/info\/wp-json\/wp\/v2\/posts\/34917\/revisions"}],"wp:featuredmedia":[{"embeddable":true,"href":"https:\/\/patagoniambiental.com.ar\/info\/wp-json\/wp\/v2\/media\/31505"}],"wp:attachment":[{"href":"https:\/\/patagoniambiental.com.ar\/info\/wp-json\/wp\/v2\/media?parent=34917"}],"wp:term":[{"taxonomy":"category","embeddable":true,"href":"https:\/\/patagoniambiental.com.ar\/info\/wp-json\/wp\/v2\/categories?post=34917"},{"taxonomy":"post_tag","embeddable":true,"href":"https:\/\/patagoniambiental.com.ar\/info\/wp-json\/wp\/v2\/tags?post=34917"}],"curies":[{"name":"wp","href":"https:\/\/api.w.org\/{rel}","templated":true}]}}