{"id":35071,"date":"2017-09-19T19:00:26","date_gmt":"2017-09-19T22:00:26","guid":{"rendered":"http:\/\/patagoniambiental.com.ar\/info\/?p=35071"},"modified":"2017-09-19T09:47:20","modified_gmt":"2017-09-19T12:47:20","slug":"castraciones-del-quirofano-movil-en-el-b-don-bosco-de-bariloche","status":"publish","type":"post","link":"https:\/\/patagoniambiental.com.ar\/info\/castraciones-del-quirofano-movil-en-el-b-don-bosco-de-bariloche\/","title":{"rendered":"Castraciones del Quir\u00f3fano M\u00f3vil en el B\u00b0 Don Bosco de Bariloche"},"content":{"rendered":"<div dir=\"ltr\"><i>Bariloche.-El Departamento de Veterinaria y Zoonosis de la Municipalidad comunica que el Quir\u00f3fano M\u00f3vil estar\u00e1 realizando castraciones gratuitas en el B\u00b0 Don Bosco.<\/i><\/div>\n<p><!--more--><\/p>\n<div dir=\"ltr\"><\/div>\n<div dir=\"ltr\">Las castraciones tendr\u00e1n lugar en la salita Madre Teresa del kil\u00f3metro 20 partir del martes 26.<\/div>\n<div dir=\"ltr\"><\/div>\n<div dir=\"ltr\">Ya se pueden sacar turnos al 154412027.<\/div>\n<div dir=\"ltr\"><\/div>\n<div dir=\"ltr\"><\/div>\n<div dir=\"ltr\">En todos los casos, para poder ser intervenidos, los animales deben ser llevados con un ayuno de 10 horas (tanto de comida como de agua), una frazada para abrigarlos despu\u00e9s de la operaci\u00f3n y una bolsa para los residuos (excrementos). En el caso de los perros deben ser llevados con correa (y bozal si se trata de razas potencialmente peligrosas), y los gatos deben ser llevados dentro de un bolso, canil, caja o mochila.<\/div>\n<div dir=\"ltr\"><\/div>\n<div dir=\"ltr\">M\u00e1s informaci\u00f3n en Facebook:<\/div>\n<div dir=\"ltr\"><\/div>\n<div dir=\"ltr\">Departamento de Veterinaria y Zoonosis:\u00a0<a href=\"https:\/\/www.facebook.com\/veterinariayzoonosisbariloche\" target=\"_blank\" rel=\"noopener noreferrer\">https:\/\/www.facebook.com\/veterinariayzoonosisbariloche<\/a><\/div>\n<div dir=\"ltr\">Quir\u00f3fano M\u00f3vil de ProTenencia:\u00a0<a href=\"https:\/\/www.facebook.com\/QuirofanoMovilBariloche\" target=\"_blank\" rel=\"noopener noreferrer\">https:\/\/www.facebook.com\/QuirofanoMovilBariloche<\/a><\/div>\n<div dir=\"ltr\"><\/div>\n<div dir=\"ltr\">Recomendaciones para tener siempre en cuenta:<\/div>\n<div dir=\"ltr\"><\/div>\n<div dir=\"ltr\">El Departamento de Veterinaria y Zoonosis recuerda a los vecinos la responsabilidad que implica ser tenedores de mascotas, y recuerda las recomendaciones m\u00e1s importantes:<\/div>\n<div dir=\"ltr\"><\/div>\n<div dir=\"ltr\">&#8211; Evitar que los animales est\u00e9n sueltos en la v\u00eda p\u00fablica<\/div>\n<div dir=\"ltr\">&#8211; Tener a los animales en predios cerrados, con paseos controlados<\/div>\n<div dir=\"ltr\">&#8211; Garantizar una alimentaci\u00f3n adecuada y agua limpia siempre disponible<\/div>\n<div dir=\"ltr\">&#8211; Realizar un peri\u00f3dico control veterinario para las mascotas<\/div>\n<div dir=\"ltr\"><\/div>\n<div dir=\"ltr\">Recomendaciones generales del programa ProTenencia en campa\u00f1as de castraci\u00f3n:<\/div>\n<div dir=\"ltr\"><\/div>\n<div dir=\"ltr\">REQUISITOS:<\/div>\n<div dir=\"ltr\"><\/div>\n<div dir=\"ltr\">Cada animal debe ser tra\u00eddo por un adulto responsable (mayor de 18 a\u00f1os)<\/div>\n<div dir=\"ltr\">Esa persona debe disponer de un tiempo aproximado de 2 horas para estar junto a su animal de compa\u00f1\u00eda<\/div>\n<div dir=\"ltr\"><\/div>\n<div dir=\"ltr\">INDICACIONES Y PREPARACI\u00d3N ANTES DE LA CIRUG\u00cdA:<\/div>\n<div dir=\"ltr\"><\/div>\n<div dir=\"ltr\">&#8211; No debe comer alimentos ni tomar agua desde 12 horas antes de la cirug\u00eda<\/div>\n<div dir=\"ltr\">&#8211; Traiga una manta para retirar a su animal ya que es importante que se mantenga abrigado luego de la cirug\u00eda<\/div>\n<div dir=\"ltr\">&#8211; Traiga a su gato en una jaula transportadora, en un bolso con cierre a cremallera o en una bolsa de red que permita su manejo y control sin riesgos para el animal, ni para el personal<\/div>\n<div dir=\"ltr\">&#8211; Traiga a su perro con correa y collar<\/div>\n<div dir=\"ltr\"><\/div>\n<div dir=\"ltr\">INDICACIONES LUEGO DE LA CIRUG\u00cdA:<\/div>\n<div dir=\"ltr\"><\/div>\n<div dir=\"ltr\">&#8211; No se preocupe: es posible que el animal se retire algo dormido pues est\u00e1 a\u00fan bajo los efectos de la anestesia. Esto podr\u00eda durar varias horas<\/div>\n<div dir=\"ltr\">&#8211; Cuando llegue a su casa coloque a su animal en un ambiente c\u00e1lido, al ras del piso y sobre una tela, lejos de otros animales y de ni\u00f1os peque\u00f1os<\/div>\n<div dir=\"ltr\">&#8211; Ofr\u00e9zcale agua fresca reci\u00e9n cuando est\u00e9 totalmente recuperado y comida en peque\u00f1as porciones a la ma\u00f1ana siguiente<\/div>\n<div dir=\"ltr\">&#8211; H\u00e1gale una camiseta y\/o col\u00f3quele un collar isabelino (que parece la pantalla de un velador) para evitar que se toque la herida y esto complique la recuperaci\u00f3n.<\/div>\n<div dir=\"ltr\">&#8211; El animal ha recibido los antibi\u00f3ticos suficientes durante la cirug\u00eda<\/div>\n<div dir=\"ltr\">&#8211; Ll\u00e9velo a controlar unos d\u00edas despu\u00e9s de la castraci\u00f3n. Si su animal tiene puntos, debe asistir nuevamente para que se los quitemos<\/div>\n<div dir=\"ltr\"><\/div>\n<div dir=\"ltr\">Fuente: Municipalidad de San Carlos de Bariloche<\/div>\n","protected":false},"excerpt":{"rendered":"<p>Bariloche.-El Departamento de Veterinaria y Zoonosis de la Municipalidad comunica que el Quir\u00f3fano M\u00f3vil estar\u00e1 realizando castraciones gratuitas en el [&hellip;]<\/p>\n","protected":false},"author":2,"featured_media":0,"comment_status":"open","ping_status":"open","sticky":false,"template":"","format":"standard","meta":{"site-sidebar-layout":"default","site-content-layout":"","ast-site-content-layout":"default","site-content-style":"default","site-sidebar-style":"default","ast-global-header-display":"","ast-banner-title-visibility":"","ast-main-header-display":"","ast-hfb-above-header-display":"","ast-hfb-below-header-display":"","ast-hfb-mobile-header-display":"","site-post-title":"","ast-breadcrumbs-content":"","ast-featured-img":"","footer-sml-layout":"","ast-disable-related-posts":"","theme-transparent-header-meta":"","adv-header-id-meta":"","stick-header-meta":"","header-above-stick-meta":"","header-main-stick-meta":"","header-below-stick-meta":"","astra-migrate-meta-layouts":"default","ast-page-background-enabled":"default","ast-page-background-meta":{"desktop":{"background-color":"var(--ast-global-color-5)","background-image":"","background-repeat":"repeat","background-position":"center center","background-size":"auto","background-attachment":"scroll","background-type":"","background-media":"","overlay-type":"","overlay-color":"","overlay-opacity":"","overlay-gradient":""},"tablet":{"background-color":"","background-image":"","background-repeat":"repeat","background-position":"center center","background-size":"auto","background-attachment":"scroll","background-type":"","background-media":"","overlay-type":"","overlay-color":"","overlay-opacity":"","overlay-gradient":""},"mobile":{"background-color":"","background-image":"","background-repeat":"repeat","background-position":"center center","background-size":"auto","background-attachment":"scroll","background-type":"","background-media":"","overlay-type":"","overlay-color":"","overlay-opacity":"","overlay-gradient":""}},"ast-content-background-meta":{"desktop":{"background-color":"var(--ast-global-color-4)","background-image":"","background-repeat":"repeat","background-position":"center center","background-size":"auto","background-attachment":"scroll","background-type":"","background-media":"","overlay-type":"","overlay-color":"","overlay-opacity":"","overlay-gradient":""},"tablet":{"background-color":"var(--ast-global-color-4)","background-image":"","background-repeat":"repeat","background-position":"center center","background-size":"auto","background-attachment":"scroll","background-type":"","background-media":"","overlay-type":"","overlay-color":"","overlay-opacity":"","overlay-gradient":""},"mobile":{"background-color":"var(--ast-global-color-4)","background-image":"","background-repeat":"repeat","background-position":"center center","background-size":"auto","background-attachment":"scroll","background-type":"","background-media":"","overlay-type":"","overlay-color":"","overlay-opacity":"","overlay-gradient":""}},"footnotes":""},"categories":[16,1],"tags":[],"class_list":["post-35071","post","type-post","status-publish","format-standard","hentry","category-municipales","category-noticias"],"yoast_head":"<!-- This site is optimized with the Yoast SEO Premium plugin v23.0 (Yoast SEO v27.4) - https:\/\/yoast.com\/product\/yoast-seo-premium-wordpress\/ -->\n<title>Castraciones del Quir\u00f3fano M\u00f3vil en el B\u00b0 Don Bosco de Bariloche<\/title>\n<meta name=\"robots\" content=\"index, follow, max-snippet:-1, max-image-preview:large, max-video-preview:-1\" \/>\n<link rel=\"canonical\" href=\"https:\/\/patagoniambiental.com.ar\/info\/castraciones-del-quirofano-movil-en-el-b-don-bosco-de-bariloche\/\" \/>\n<meta property=\"og:locale\" content=\"es_ES\" \/>\n<meta property=\"og:type\" content=\"article\" \/>\n<meta property=\"og:title\" content=\"Castraciones del Quir\u00f3fano M\u00f3vil en el B\u00b0 Don Bosco de Bariloche\" \/>\n<meta property=\"og:description\" content=\"Bariloche.-El Departamento de Veterinaria y Zoonosis de la Municipalidad comunica que el Quir\u00f3fano M\u00f3vil estar\u00e1 realizando castraciones gratuitas en el [&hellip;]\" \/>\n<meta property=\"og:url\" content=\"https:\/\/patagoniambiental.com.ar\/info\/castraciones-del-quirofano-movil-en-el-b-don-bosco-de-bariloche\/\" \/>\n<meta property=\"og:site_name\" content=\"Patagonia Ambiental\" \/>\n<meta property=\"article:publisher\" content=\"https:\/\/www.facebook.com\/patagonia.ambiental\" \/>\n<meta property=\"article:author\" content=\"https:\/\/www.facebook.com\/share\/1C1V8Gv9BX\/?mibextid=qi2Omg\" \/>\n<meta property=\"article:published_time\" content=\"2017-09-19T22:00:26+00:00\" \/>\n<meta name=\"author\" content=\"Patagonia Ambiental\" \/>\n<meta name=\"twitter:card\" content=\"summary_large_image\" \/>\n<meta name=\"twitter:creator\" content=\"@PatAmb\" \/>\n<meta name=\"twitter:site\" content=\"@PatAmb\" \/>\n<script type=\"application\/ld+json\" class=\"yoast-schema-graph\">{\"@context\":\"https:\\\/\\\/schema.org\",\"@graph\":[{\"@type\":\"Article\",\"@id\":\"https:\\\/\\\/patagoniambiental.com.ar\\\/info\\\/castraciones-del-quirofano-movil-en-el-b-don-bosco-de-bariloche\\\/#article\",\"isPartOf\":{\"@id\":\"https:\\\/\\\/patagoniambiental.com.ar\\\/info\\\/castraciones-del-quirofano-movil-en-el-b-don-bosco-de-bariloche\\\/\"},\"author\":{\"name\":\"Patagonia Ambiental\",\"@id\":\"https:\\\/\\\/patagoniambiental.com.ar\\\/info\\\/#\\\/schema\\\/person\\\/db12bff64bbcbf6a253710bf0ea37b5d\"},\"headline\":\"Castraciones del Quir\u00f3fano M\u00f3vil en el B\u00b0 Don Bosco de Bariloche\",\"datePublished\":\"2017-09-19T22:00:26+00:00\",\"mainEntityOfPage\":{\"@id\":\"https:\\\/\\\/patagoniambiental.com.ar\\\/info\\\/castraciones-del-quirofano-movil-en-el-b-don-bosco-de-bariloche\\\/\"},\"wordCount\":546,\"commentCount\":0,\"publisher\":{\"@id\":\"https:\\\/\\\/patagoniambiental.com.ar\\\/info\\\/#organization\"},\"articleSection\":[\"Municipales\",\"Noticias\"],\"inLanguage\":\"es\",\"potentialAction\":[{\"@type\":\"CommentAction\",\"name\":\"Comment\",\"target\":[\"https:\\\/\\\/patagoniambiental.com.ar\\\/info\\\/castraciones-del-quirofano-movil-en-el-b-don-bosco-de-bariloche\\\/#respond\"]}]},{\"@type\":\"WebPage\",\"@id\":\"https:\\\/\\\/patagoniambiental.com.ar\\\/info\\\/castraciones-del-quirofano-movil-en-el-b-don-bosco-de-bariloche\\\/\",\"url\":\"https:\\\/\\\/patagoniambiental.com.ar\\\/info\\\/castraciones-del-quirofano-movil-en-el-b-don-bosco-de-bariloche\\\/\",\"name\":\"Castraciones del Quir\u00f3fano M\u00f3vil en el B\u00b0 Don Bosco de Bariloche\",\"isPartOf\":{\"@id\":\"https:\\\/\\\/patagoniambiental.com.ar\\\/info\\\/#website\"},\"datePublished\":\"2017-09-19T22:00:26+00:00\",\"breadcrumb\":{\"@id\":\"https:\\\/\\\/patagoniambiental.com.ar\\\/info\\\/castraciones-del-quirofano-movil-en-el-b-don-bosco-de-bariloche\\\/#breadcrumb\"},\"inLanguage\":\"es\",\"potentialAction\":[{\"@type\":\"ReadAction\",\"target\":[\"https:\\\/\\\/patagoniambiental.com.ar\\\/info\\\/castraciones-del-quirofano-movil-en-el-b-don-bosco-de-bariloche\\\/\"]}]},{\"@type\":\"BreadcrumbList\",\"@id\":\"https:\\\/\\\/patagoniambiental.com.ar\\\/info\\\/castraciones-del-quirofano-movil-en-el-b-don-bosco-de-bariloche\\\/#breadcrumb\",\"itemListElement\":[{\"@type\":\"ListItem\",\"position\":1,\"name\":\"Inicio\",\"item\":\"https:\\\/\\\/patagoniambiental.com.ar\\\/info\\\/\"},{\"@type\":\"ListItem\",\"position\":2,\"name\":\"Castraciones del Quir\u00f3fano M\u00f3vil en el B\u00b0 Don Bosco de Bariloche\"}]},{\"@type\":\"WebSite\",\"@id\":\"https:\\\/\\\/patagoniambiental.com.ar\\\/info\\\/#website\",\"url\":\"https:\\\/\\\/patagoniambiental.com.ar\\\/info\\\/\",\"name\":\"Patagonia Ambiental\",\"description\":\"Monitoreo y an\u00e1lisis de la situaci\u00f3n geopol\u00edtica en el mundo y su implicancia en la Patagonia\",\"publisher\":{\"@id\":\"https:\\\/\\\/patagoniambiental.com.ar\\\/info\\\/#organization\"},\"potentialAction\":[{\"@type\":\"SearchAction\",\"target\":{\"@type\":\"EntryPoint\",\"urlTemplate\":\"https:\\\/\\\/patagoniambiental.com.ar\\\/info\\\/?s={search_term_string}\"},\"query-input\":{\"@type\":\"PropertyValueSpecification\",\"valueRequired\":true,\"valueName\":\"search_term_string\"}}],\"inLanguage\":\"es\"},{\"@type\":\"Organization\",\"@id\":\"https:\\\/\\\/patagoniambiental.com.ar\\\/info\\\/#organization\",\"name\":\"Patagonia Ambiental\",\"url\":\"https:\\\/\\\/patagoniambiental.com.ar\\\/info\\\/\",\"logo\":{\"@type\":\"ImageObject\",\"inLanguage\":\"es\",\"@id\":\"https:\\\/\\\/patagoniambiental.com.ar\\\/info\\\/#\\\/schema\\\/logo\\\/image\\\/\",\"url\":\"https:\\\/\\\/patagoniambiental.com.ar\\\/info\\\/wp-content\\\/uploads\\\/2025\\\/05\\\/LOGO-PATAGONIA-AMBIENTAL.png\",\"contentUrl\":\"https:\\\/\\\/patagoniambiental.com.ar\\\/info\\\/wp-content\\\/uploads\\\/2025\\\/05\\\/LOGO-PATAGONIA-AMBIENTAL.png\",\"width\":433,\"height\":250,\"caption\":\"Patagonia Ambiental\"},\"image\":{\"@id\":\"https:\\\/\\\/patagoniambiental.com.ar\\\/info\\\/#\\\/schema\\\/logo\\\/image\\\/\"},\"sameAs\":[\"https:\\\/\\\/www.facebook.com\\\/patagonia.ambiental\",\"https:\\\/\\\/x.com\\\/PatAmb\"]},{\"@type\":\"Person\",\"@id\":\"https:\\\/\\\/patagoniambiental.com.ar\\\/info\\\/#\\\/schema\\\/person\\\/db12bff64bbcbf6a253710bf0ea37b5d\",\"name\":\"Patagonia Ambiental\",\"description\":\"Andr\u00e9s Nievas T\u00e9cnico en manejo ambiental, consultor Ambiental y escritor para medios locales e internacionales sobre temas de geopolitica y medio ambiente.\",\"sameAs\":[\"http:\\\/\\\/www.patagoniambiental.com.ar\",\"https:\\\/\\\/www.facebook.com\\\/share\\\/1C1V8Gv9BX\\\/?mibextid=qi2Omg\",\"@patagoniambiental\",\"https:\\\/\\\/youtube.com\\\/@patagoniaambiental2023?si=BLt58t0wuXquxlYZ\"]}]}<\/script>\n<!-- \/ Yoast SEO Premium plugin. -->","yoast_head_json":{"title":"Castraciones del Quir\u00f3fano M\u00f3vil en el B\u00b0 Don Bosco de Bariloche","robots":{"index":"index","follow":"follow","max-snippet":"max-snippet:-1","max-image-preview":"max-image-preview:large","max-video-preview":"max-video-preview:-1"},"canonical":"https:\/\/patagoniambiental.com.ar\/info\/castraciones-del-quirofano-movil-en-el-b-don-bosco-de-bariloche\/","og_locale":"es_ES","og_type":"article","og_title":"Castraciones del Quir\u00f3fano M\u00f3vil en el B\u00b0 Don Bosco de Bariloche","og_description":"Bariloche.-El Departamento de Veterinaria y Zoonosis de la Municipalidad comunica que el Quir\u00f3fano M\u00f3vil estar\u00e1 realizando castraciones gratuitas en el [&hellip;]","og_url":"https:\/\/patagoniambiental.com.ar\/info\/castraciones-del-quirofano-movil-en-el-b-don-bosco-de-bariloche\/","og_site_name":"Patagonia Ambiental","article_publisher":"https:\/\/www.facebook.com\/patagonia.ambiental","article_author":"https:\/\/www.facebook.com\/share\/1C1V8Gv9BX\/?mibextid=qi2Omg","article_published_time":"2017-09-19T22:00:26+00:00","author":"Patagonia Ambiental","twitter_card":"summary_large_image","twitter_creator":"@PatAmb","twitter_site":"@PatAmb","schema":{"@context":"https:\/\/schema.org","@graph":[{"@type":"Article","@id":"https:\/\/patagoniambiental.com.ar\/info\/castraciones-del-quirofano-movil-en-el-b-don-bosco-de-bariloche\/#article","isPartOf":{"@id":"https:\/\/patagoniambiental.com.ar\/info\/castraciones-del-quirofano-movil-en-el-b-don-bosco-de-bariloche\/"},"author":{"name":"Patagonia Ambiental","@id":"https:\/\/patagoniambiental.com.ar\/info\/#\/schema\/person\/db12bff64bbcbf6a253710bf0ea37b5d"},"headline":"Castraciones del Quir\u00f3fano M\u00f3vil en el B\u00b0 Don Bosco de Bariloche","datePublished":"2017-09-19T22:00:26+00:00","mainEntityOfPage":{"@id":"https:\/\/patagoniambiental.com.ar\/info\/castraciones-del-quirofano-movil-en-el-b-don-bosco-de-bariloche\/"},"wordCount":546,"commentCount":0,"publisher":{"@id":"https:\/\/patagoniambiental.com.ar\/info\/#organization"},"articleSection":["Municipales","Noticias"],"inLanguage":"es","potentialAction":[{"@type":"CommentAction","name":"Comment","target":["https:\/\/patagoniambiental.com.ar\/info\/castraciones-del-quirofano-movil-en-el-b-don-bosco-de-bariloche\/#respond"]}]},{"@type":"WebPage","@id":"https:\/\/patagoniambiental.com.ar\/info\/castraciones-del-quirofano-movil-en-el-b-don-bosco-de-bariloche\/","url":"https:\/\/patagoniambiental.com.ar\/info\/castraciones-del-quirofano-movil-en-el-b-don-bosco-de-bariloche\/","name":"Castraciones del Quir\u00f3fano M\u00f3vil en el B\u00b0 Don Bosco de Bariloche","isPartOf":{"@id":"https:\/\/patagoniambiental.com.ar\/info\/#website"},"datePublished":"2017-09-19T22:00:26+00:00","breadcrumb":{"@id":"https:\/\/patagoniambiental.com.ar\/info\/castraciones-del-quirofano-movil-en-el-b-don-bosco-de-bariloche\/#breadcrumb"},"inLanguage":"es","potentialAction":[{"@type":"ReadAction","target":["https:\/\/patagoniambiental.com.ar\/info\/castraciones-del-quirofano-movil-en-el-b-don-bosco-de-bariloche\/"]}]},{"@type":"BreadcrumbList","@id":"https:\/\/patagoniambiental.com.ar\/info\/castraciones-del-quirofano-movil-en-el-b-don-bosco-de-bariloche\/#breadcrumb","itemListElement":[{"@type":"ListItem","position":1,"name":"Inicio","item":"https:\/\/patagoniambiental.com.ar\/info\/"},{"@type":"ListItem","position":2,"name":"Castraciones del Quir\u00f3fano M\u00f3vil en el B\u00b0 Don Bosco de Bariloche"}]},{"@type":"WebSite","@id":"https:\/\/patagoniambiental.com.ar\/info\/#website","url":"https:\/\/patagoniambiental.com.ar\/info\/","name":"Patagonia Ambiental","description":"Monitoreo y an\u00e1lisis de la situaci\u00f3n geopol\u00edtica en el mundo y su implicancia en la Patagonia","publisher":{"@id":"https:\/\/patagoniambiental.com.ar\/info\/#organization"},"potentialAction":[{"@type":"SearchAction","target":{"@type":"EntryPoint","urlTemplate":"https:\/\/patagoniambiental.com.ar\/info\/?s={search_term_string}"},"query-input":{"@type":"PropertyValueSpecification","valueRequired":true,"valueName":"search_term_string"}}],"inLanguage":"es"},{"@type":"Organization","@id":"https:\/\/patagoniambiental.com.ar\/info\/#organization","name":"Patagonia Ambiental","url":"https:\/\/patagoniambiental.com.ar\/info\/","logo":{"@type":"ImageObject","inLanguage":"es","@id":"https:\/\/patagoniambiental.com.ar\/info\/#\/schema\/logo\/image\/","url":"https:\/\/patagoniambiental.com.ar\/info\/wp-content\/uploads\/2025\/05\/LOGO-PATAGONIA-AMBIENTAL.png","contentUrl":"https:\/\/patagoniambiental.com.ar\/info\/wp-content\/uploads\/2025\/05\/LOGO-PATAGONIA-AMBIENTAL.png","width":433,"height":250,"caption":"Patagonia Ambiental"},"image":{"@id":"https:\/\/patagoniambiental.com.ar\/info\/#\/schema\/logo\/image\/"},"sameAs":["https:\/\/www.facebook.com\/patagonia.ambiental","https:\/\/x.com\/PatAmb"]},{"@type":"Person","@id":"https:\/\/patagoniambiental.com.ar\/info\/#\/schema\/person\/db12bff64bbcbf6a253710bf0ea37b5d","name":"Patagonia Ambiental","description":"Andr\u00e9s Nievas T\u00e9cnico en manejo ambiental, consultor Ambiental y escritor para medios locales e internacionales sobre temas de geopolitica y medio ambiente.","sameAs":["http:\/\/www.patagoniambiental.com.ar","https:\/\/www.facebook.com\/share\/1C1V8Gv9BX\/?mibextid=qi2Omg","@patagoniambiental","https:\/\/youtube.com\/@patagoniaambiental2023?si=BLt58t0wuXquxlYZ"]}]}},"_links":{"self":[{"href":"https:\/\/patagoniambiental.com.ar\/info\/wp-json\/wp\/v2\/posts\/35071","targetHints":{"allow":["GET"]}}],"collection":[{"href":"https:\/\/patagoniambiental.com.ar\/info\/wp-json\/wp\/v2\/posts"}],"about":[{"href":"https:\/\/patagoniambiental.com.ar\/info\/wp-json\/wp\/v2\/types\/post"}],"author":[{"embeddable":true,"href":"https:\/\/patagoniambiental.com.ar\/info\/wp-json\/wp\/v2\/users\/2"}],"replies":[{"embeddable":true,"href":"https:\/\/patagoniambiental.com.ar\/info\/wp-json\/wp\/v2\/comments?post=35071"}],"version-history":[{"count":0,"href":"https:\/\/patagoniambiental.com.ar\/info\/wp-json\/wp\/v2\/posts\/35071\/revisions"}],"wp:attachment":[{"href":"https:\/\/patagoniambiental.com.ar\/info\/wp-json\/wp\/v2\/media?parent=35071"}],"wp:term":[{"taxonomy":"category","embeddable":true,"href":"https:\/\/patagoniambiental.com.ar\/info\/wp-json\/wp\/v2\/categories?post=35071"},{"taxonomy":"post_tag","embeddable":true,"href":"https:\/\/patagoniambiental.com.ar\/info\/wp-json\/wp\/v2\/tags?post=35071"}],"curies":[{"name":"wp","href":"https:\/\/api.w.org\/{rel}","templated":true}]}}