{"id":35087,"date":"2017-09-19T19:00:51","date_gmt":"2017-09-19T22:00:51","guid":{"rendered":"http:\/\/patagoniambiental.com.ar\/info\/?p=35087"},"modified":"2017-09-19T12:24:47","modified_gmt":"2017-09-19T15:24:47","slug":"estamos-convencidos-que-el-futuro-pasa-por-las-energias-renovables","status":"publish","type":"post","link":"https:\/\/patagoniambiental.com.ar\/info\/estamos-convencidos-que-el-futuro-pasa-por-las-energias-renovables\/","title":{"rendered":"ESTAMOS CONVENCIDOS QUE EL FUTURO PASA POR LAS ENERG\u00cdAS RENOVABLES"},"content":{"rendered":"<p><strong><em>El Calafate.-As\u00ed lo afirm\u00f3 el propio Intendente de El Calafate, Javier Belloni, luego del encuentro que mantuvo con directivos de la empresa estatal china CMEC, quienes buscan realizar inversiones en nuestra localidad sobre sistema de energ\u00edas e\u00f3lica y solar. <\/em><\/strong><\/p>\n<p><!--more--><\/p>\n<p><strong><em>Adem\u00e1s remarc\u00f3 la importancia de estas \u00a0nuevas fuentes de energ\u00eda en el interior de la provincia de Santa Cruz, donde tambi\u00e9n se podr\u00eda imitar al modelo alem\u00e1n.<\/em><\/strong><\/p>\n<p><a href=\"http:\/\/www.elcalafate.gov.ar\/wp-content\/uploads\/2017\/09\/estamos-convencidos-que-el-futuro-pasa-por-las-energas-renovables.jpg\"><img fetchpriority=\"high\" decoding=\"async\" class=\"size-large wp-image-5765 aligncenter\" src=\"http:\/\/www.elcalafate.gov.ar\/wp-content\/uploads\/2017\/09\/estamos-convencidos-que-el-futuro-pasa-por-las-energas-renovables-1024x697.jpg\" sizes=\"(max-width: 1024px) 100vw, 1024px\" srcset=\"http:\/\/www.elcalafate.gov.ar\/wp-content\/uploads\/2017\/09\/estamos-convencidos-que-el-futuro-pasa-por-las-energas-renovables-1024x697.jpg 1024w, http:\/\/www.elcalafate.gov.ar\/wp-content\/uploads\/2017\/09\/estamos-convencidos-que-el-futuro-pasa-por-las-energas-renovables-300x204.jpg 300w, http:\/\/www.elcalafate.gov.ar\/wp-content\/uploads\/2017\/09\/estamos-convencidos-que-el-futuro-pasa-por-las-energas-renovables-768x523.jpg 768w, http:\/\/www.elcalafate.gov.ar\/wp-content\/uploads\/2017\/09\/estamos-convencidos-que-el-futuro-pasa-por-las-energas-renovables.jpg 1600w\" alt=\"\" width=\"1024\" height=\"697\" \/><\/a><\/p>\n<p>Luego de que este lunes el intendente de El Calafate, Javier Belloni, mantuvo un encuentro con los principales directivos de la empresa estatal china, CMEC y de la aseguradora SinoSure, que buscan realizar inversiones en infraestructura de desarrollo de energ\u00eda con sistema e\u00f3licos y solares, el propio mandatario sostuvo que: \u201cestamos convencidos que el futuro pasa por las energ\u00edas renovables\u201d.<\/p>\n<p>Adem\u00e1s sostuvo que este tipo de energ\u00edas, son limpias, sustentables e infinitas. El potencial de\u00a0 energ\u00eda e\u00f3lica en nuestra provincia es ilimitado. Por otro lado, Belloni remarc\u00f3 sobre casos de otras energ\u00edas en nuestra provincia, como lo es la Planta de Hidr\u00f3geno ubicado en la localidad de Pico Truncado, o el caso de las Represas Hidroel\u00e9ctricas sobre el r\u00edo Santa Cruz, son algunas de las fuentes de energ\u00edas limpias, destacando que la provincia cuenta con enormes posibilidades de desarrollo para continuar construyendo sobre lo que ya se ha construido.<\/p>\n<p>La Patagonia argentina en generaci\u00f3n e\u00f3lica es como una Arabia Saudita del petr\u00f3leo. Tiene un potencial extraordinario, probablemente \u00fanico en el mundo y que, por el momento, est\u00e1 desaprovechado.<\/p>\n<p>\u201cEl inter\u00e9s de esta empresa china en realizar inversiones en nuestra comunidad, sobre la producci\u00f3n de energ\u00eda renovable, deber\u00eda ser replicado en toda la provincia, sin dejar a un lado los proyectos ya ejecutados en Pico Truncado y llevar adelante la construcci\u00f3n de las represas en el r\u00edo Santa Cruz\u201d, comentaba Belloni.<\/p>\n<p>Alemania es de los l\u00edderes el mercado mundial, en la cual luego del accidente ocurrido en la planta nuclear de Fukushima (Jap\u00f3n) en el 2011, este pa\u00eds europeo, llev\u00f3 adelante un ambicioso plan para abandonar la energ\u00eda nuclear, poniendo en marcha el programa \u201cEnergiewende\u201d (transici\u00f3n energ\u00e9tica). Al d\u00eda de hoy, Alemania tiene la mayor potencia e\u00f3lica instalada en Europa y es tercera en energ\u00eda solar. Juntas, la energ\u00eda e\u00f3lica, la fotovoltaica y la biomasa generan suficiente energ\u00eda para abastecer la demanda de unos 36 millones de hogares. El plan se propone aumentar el porcentaje de las fuentes renovables hasta el 40% en el a\u00f1o 2025 y hasta el 60% en 2035.<\/p>\n<p>En la Patagonia el viento es mucho m\u00e1s fuerte a la de Alemania y la radiaci\u00f3n solar es mucho m\u00e1s alta; \u201cpor eso mismo deber\u00edamos imitar a lo que se lleva adelante en Alemania y hacerlo en nuestra provincia\u201d y agreg\u00f3: \u201ces una apuesta muy fuerte en llevar adelante este tipo de energ\u00edas limpias en nuestra provincia y en la Patagonia\u201d.<\/p>\n<p>Fuente: Municipalidad de El Calafate<\/p>\n","protected":false},"excerpt":{"rendered":"<p>El Calafate.-As\u00ed lo afirm\u00f3 el propio Intendente de El Calafate, Javier Belloni, luego del encuentro que mantuvo con directivos de [&hellip;]<\/p>\n","protected":false},"author":2,"featured_media":35088,"comment_status":"open","ping_status":"open","sticky":false,"template":"","format":"standard","meta":{"site-sidebar-layout":"default","site-content-layout":"","ast-site-content-layout":"default","site-content-style":"default","site-sidebar-style":"default","ast-global-header-display":"","ast-banner-title-visibility":"","ast-main-header-display":"","ast-hfb-above-header-display":"","ast-hfb-below-header-display":"","ast-hfb-mobile-header-display":"","site-post-title":"","ast-breadcrumbs-content":"","ast-featured-img":"","footer-sml-layout":"","ast-disable-related-posts":"","theme-transparent-header-meta":"","adv-header-id-meta":"","stick-header-meta":"","header-above-stick-meta":"","header-main-stick-meta":"","header-below-stick-meta":"","astra-migrate-meta-layouts":"default","ast-page-background-enabled":"default","ast-page-background-meta":{"desktop":{"background-color":"var(--ast-global-color-5)","background-image":"","background-repeat":"repeat","background-position":"center center","background-size":"auto","background-attachment":"scroll","background-type":"","background-media":"","overlay-type":"","overlay-color":"","overlay-opacity":"","overlay-gradient":""},"tablet":{"background-color":"","background-image":"","background-repeat":"repeat","background-position":"center center","background-size":"auto","background-attachment":"scroll","background-type":"","background-media":"","overlay-type":"","overlay-color":"","overlay-opacity":"","overlay-gradient":""},"mobile":{"background-color":"","background-image":"","background-repeat":"repeat","background-position":"center center","background-size":"auto","background-attachment":"scroll","background-type":"","background-media":"","overlay-type":"","overlay-color":"","overlay-opacity":"","overlay-gradient":""}},"ast-content-background-meta":{"desktop":{"background-color":"var(--ast-global-color-4)","background-image":"","background-repeat":"repeat","background-position":"center center","background-size":"auto","background-attachment":"scroll","background-type":"","background-media":"","overlay-type":"","overlay-color":"","overlay-opacity":"","overlay-gradient":""},"tablet":{"background-color":"var(--ast-global-color-4)","background-image":"","background-repeat":"repeat","background-position":"center center","background-size":"auto","background-attachment":"scroll","background-type":"","background-media":"","overlay-type":"","overlay-color":"","overlay-opacity":"","overlay-gradient":""},"mobile":{"background-color":"var(--ast-global-color-4)","background-image":"","background-repeat":"repeat","background-position":"center center","background-size":"auto","background-attachment":"scroll","background-type":"","background-media":"","overlay-type":"","overlay-color":"","overlay-opacity":"","overlay-gradient":""}},"footnotes":""},"categories":[16,1],"tags":[],"class_list":["post-35087","post","type-post","status-publish","format-standard","has-post-thumbnail","hentry","category-municipales","category-noticias"],"yoast_head":"<!-- This site is optimized with the Yoast SEO Premium plugin v23.0 (Yoast SEO v27.4) - https:\/\/yoast.com\/product\/yoast-seo-premium-wordpress\/ -->\n<title>ESTAMOS CONVENCIDOS QUE EL FUTURO PASA POR LAS ENERG\u00cdAS RENOVABLES<\/title>\n<meta name=\"robots\" content=\"index, follow, max-snippet:-1, max-image-preview:large, max-video-preview:-1\" \/>\n<link rel=\"canonical\" href=\"https:\/\/patagoniambiental.com.ar\/info\/estamos-convencidos-que-el-futuro-pasa-por-las-energias-renovables\/\" \/>\n<meta property=\"og:locale\" content=\"es_ES\" \/>\n<meta property=\"og:type\" content=\"article\" \/>\n<meta property=\"og:title\" content=\"ESTAMOS CONVENCIDOS QUE EL FUTURO PASA POR LAS ENERG\u00cdAS RENOVABLES\" \/>\n<meta property=\"og:description\" content=\"El Calafate.-As\u00ed lo afirm\u00f3 el propio Intendente de El Calafate, Javier Belloni, luego del encuentro que mantuvo con directivos de [&hellip;]\" \/>\n<meta property=\"og:url\" content=\"https:\/\/patagoniambiental.com.ar\/info\/estamos-convencidos-que-el-futuro-pasa-por-las-energias-renovables\/\" \/>\n<meta property=\"og:site_name\" content=\"Patagonia Ambiental\" \/>\n<meta property=\"article:publisher\" content=\"https:\/\/www.facebook.com\/patagonia.ambiental\" \/>\n<meta property=\"article:author\" content=\"https:\/\/www.facebook.com\/share\/1C1V8Gv9BX\/?mibextid=qi2Omg\" \/>\n<meta property=\"article:published_time\" content=\"2017-09-19T22:00:51+00:00\" \/>\n<meta property=\"og:image\" content=\"https:\/\/patagoniambiental.com.ar\/info\/wp-content\/uploads\/2017\/09\/estamos-convencidos-que-el-futuro-pasa-por-las-energas-renovables-1024x697.jpg\" \/>\n\t<meta property=\"og:image:width\" content=\"1024\" \/>\n\t<meta property=\"og:image:height\" content=\"697\" \/>\n\t<meta property=\"og:image:type\" content=\"image\/jpeg\" \/>\n<meta name=\"author\" content=\"Patagonia Ambiental\" \/>\n<meta name=\"twitter:card\" content=\"summary_large_image\" \/>\n<meta name=\"twitter:creator\" content=\"@PatAmb\" \/>\n<meta name=\"twitter:site\" content=\"@PatAmb\" \/>\n<script type=\"application\/ld+json\" class=\"yoast-schema-graph\">{\"@context\":\"https:\\\/\\\/schema.org\",\"@graph\":[{\"@type\":\"Article\",\"@id\":\"https:\\\/\\\/patagoniambiental.com.ar\\\/info\\\/estamos-convencidos-que-el-futuro-pasa-por-las-energias-renovables\\\/#article\",\"isPartOf\":{\"@id\":\"https:\\\/\\\/patagoniambiental.com.ar\\\/info\\\/estamos-convencidos-que-el-futuro-pasa-por-las-energias-renovables\\\/\"},\"author\":{\"name\":\"Patagonia Ambiental\",\"@id\":\"https:\\\/\\\/patagoniambiental.com.ar\\\/info\\\/#\\\/schema\\\/person\\\/db12bff64bbcbf6a253710bf0ea37b5d\"},\"headline\":\"ESTAMOS CONVENCIDOS QUE EL FUTURO PASA POR LAS ENERG\u00cdAS RENOVABLES\",\"datePublished\":\"2017-09-19T22:00:51+00:00\",\"mainEntityOfPage\":{\"@id\":\"https:\\\/\\\/patagoniambiental.com.ar\\\/info\\\/estamos-convencidos-que-el-futuro-pasa-por-las-energias-renovables\\\/\"},\"wordCount\":525,\"commentCount\":0,\"publisher\":{\"@id\":\"https:\\\/\\\/patagoniambiental.com.ar\\\/info\\\/#organization\"},\"image\":{\"@id\":\"https:\\\/\\\/patagoniambiental.com.ar\\\/info\\\/estamos-convencidos-que-el-futuro-pasa-por-las-energias-renovables\\\/#primaryimage\"},\"thumbnailUrl\":\"https:\\\/\\\/patagoniambiental.com.ar\\\/info\\\/wp-content\\\/uploads\\\/2017\\\/09\\\/estamos-convencidos-que-el-futuro-pasa-por-las-energas-renovables-1024x697.jpg\",\"articleSection\":[\"Municipales\",\"Noticias\"],\"inLanguage\":\"es\",\"potentialAction\":[{\"@type\":\"CommentAction\",\"name\":\"Comment\",\"target\":[\"https:\\\/\\\/patagoniambiental.com.ar\\\/info\\\/estamos-convencidos-que-el-futuro-pasa-por-las-energias-renovables\\\/#respond\"]}]},{\"@type\":\"WebPage\",\"@id\":\"https:\\\/\\\/patagoniambiental.com.ar\\\/info\\\/estamos-convencidos-que-el-futuro-pasa-por-las-energias-renovables\\\/\",\"url\":\"https:\\\/\\\/patagoniambiental.com.ar\\\/info\\\/estamos-convencidos-que-el-futuro-pasa-por-las-energias-renovables\\\/\",\"name\":\"ESTAMOS CONVENCIDOS QUE EL FUTURO PASA POR LAS ENERG\u00cdAS RENOVABLES\",\"isPartOf\":{\"@id\":\"https:\\\/\\\/patagoniambiental.com.ar\\\/info\\\/#website\"},\"primaryImageOfPage\":{\"@id\":\"https:\\\/\\\/patagoniambiental.com.ar\\\/info\\\/estamos-convencidos-que-el-futuro-pasa-por-las-energias-renovables\\\/#primaryimage\"},\"image\":{\"@id\":\"https:\\\/\\\/patagoniambiental.com.ar\\\/info\\\/estamos-convencidos-que-el-futuro-pasa-por-las-energias-renovables\\\/#primaryimage\"},\"thumbnailUrl\":\"https:\\\/\\\/patagoniambiental.com.ar\\\/info\\\/wp-content\\\/uploads\\\/2017\\\/09\\\/estamos-convencidos-que-el-futuro-pasa-por-las-energas-renovables-1024x697.jpg\",\"datePublished\":\"2017-09-19T22:00:51+00:00\",\"breadcrumb\":{\"@id\":\"https:\\\/\\\/patagoniambiental.com.ar\\\/info\\\/estamos-convencidos-que-el-futuro-pasa-por-las-energias-renovables\\\/#breadcrumb\"},\"inLanguage\":\"es\",\"potentialAction\":[{\"@type\":\"ReadAction\",\"target\":[\"https:\\\/\\\/patagoniambiental.com.ar\\\/info\\\/estamos-convencidos-que-el-futuro-pasa-por-las-energias-renovables\\\/\"]}]},{\"@type\":\"ImageObject\",\"inLanguage\":\"es\",\"@id\":\"https:\\\/\\\/patagoniambiental.com.ar\\\/info\\\/estamos-convencidos-que-el-futuro-pasa-por-las-energias-renovables\\\/#primaryimage\",\"url\":\"https:\\\/\\\/patagoniambiental.com.ar\\\/info\\\/wp-content\\\/uploads\\\/2017\\\/09\\\/estamos-convencidos-que-el-futuro-pasa-por-las-energas-renovables-1024x697.jpg\",\"contentUrl\":\"https:\\\/\\\/patagoniambiental.com.ar\\\/info\\\/wp-content\\\/uploads\\\/2017\\\/09\\\/estamos-convencidos-que-el-futuro-pasa-por-las-energas-renovables-1024x697.jpg\",\"width\":881,\"height\":600},{\"@type\":\"BreadcrumbList\",\"@id\":\"https:\\\/\\\/patagoniambiental.com.ar\\\/info\\\/estamos-convencidos-que-el-futuro-pasa-por-las-energias-renovables\\\/#breadcrumb\",\"itemListElement\":[{\"@type\":\"ListItem\",\"position\":1,\"name\":\"Inicio\",\"item\":\"https:\\\/\\\/patagoniambiental.com.ar\\\/info\\\/\"},{\"@type\":\"ListItem\",\"position\":2,\"name\":\"ESTAMOS CONVENCIDOS QUE EL FUTURO PASA POR LAS ENERG\u00cdAS RENOVABLES\"}]},{\"@type\":\"WebSite\",\"@id\":\"https:\\\/\\\/patagoniambiental.com.ar\\\/info\\\/#website\",\"url\":\"https:\\\/\\\/patagoniambiental.com.ar\\\/info\\\/\",\"name\":\"Patagonia Ambiental\",\"description\":\"Monitoreo y an\u00e1lisis de la situaci\u00f3n geopol\u00edtica en el mundo y su implicancia en la Patagonia\",\"publisher\":{\"@id\":\"https:\\\/\\\/patagoniambiental.com.ar\\\/info\\\/#organization\"},\"potentialAction\":[{\"@type\":\"SearchAction\",\"target\":{\"@type\":\"EntryPoint\",\"urlTemplate\":\"https:\\\/\\\/patagoniambiental.com.ar\\\/info\\\/?s={search_term_string}\"},\"query-input\":{\"@type\":\"PropertyValueSpecification\",\"valueRequired\":true,\"valueName\":\"search_term_string\"}}],\"inLanguage\":\"es\"},{\"@type\":\"Organization\",\"@id\":\"https:\\\/\\\/patagoniambiental.com.ar\\\/info\\\/#organization\",\"name\":\"Patagonia Ambiental\",\"url\":\"https:\\\/\\\/patagoniambiental.com.ar\\\/info\\\/\",\"logo\":{\"@type\":\"ImageObject\",\"inLanguage\":\"es\",\"@id\":\"https:\\\/\\\/patagoniambiental.com.ar\\\/info\\\/#\\\/schema\\\/logo\\\/image\\\/\",\"url\":\"https:\\\/\\\/patagoniambiental.com.ar\\\/info\\\/wp-content\\\/uploads\\\/2025\\\/05\\\/LOGO-PATAGONIA-AMBIENTAL.png\",\"contentUrl\":\"https:\\\/\\\/patagoniambiental.com.ar\\\/info\\\/wp-content\\\/uploads\\\/2025\\\/05\\\/LOGO-PATAGONIA-AMBIENTAL.png\",\"width\":433,\"height\":250,\"caption\":\"Patagonia Ambiental\"},\"image\":{\"@id\":\"https:\\\/\\\/patagoniambiental.com.ar\\\/info\\\/#\\\/schema\\\/logo\\\/image\\\/\"},\"sameAs\":[\"https:\\\/\\\/www.facebook.com\\\/patagonia.ambiental\",\"https:\\\/\\\/x.com\\\/PatAmb\"]},{\"@type\":\"Person\",\"@id\":\"https:\\\/\\\/patagoniambiental.com.ar\\\/info\\\/#\\\/schema\\\/person\\\/db12bff64bbcbf6a253710bf0ea37b5d\",\"name\":\"Patagonia Ambiental\",\"description\":\"Andr\u00e9s Nievas T\u00e9cnico en manejo ambiental, consultor Ambiental y escritor para medios locales e internacionales sobre temas de geopolitica y medio ambiente.\",\"sameAs\":[\"http:\\\/\\\/www.patagoniambiental.com.ar\",\"https:\\\/\\\/www.facebook.com\\\/share\\\/1C1V8Gv9BX\\\/?mibextid=qi2Omg\",\"@patagoniambiental\",\"https:\\\/\\\/youtube.com\\\/@patagoniaambiental2023?si=BLt58t0wuXquxlYZ\"]}]}<\/script>\n<!-- \/ Yoast SEO Premium plugin. -->","yoast_head_json":{"title":"ESTAMOS CONVENCIDOS QUE EL FUTURO PASA POR LAS ENERG\u00cdAS RENOVABLES","robots":{"index":"index","follow":"follow","max-snippet":"max-snippet:-1","max-image-preview":"max-image-preview:large","max-video-preview":"max-video-preview:-1"},"canonical":"https:\/\/patagoniambiental.com.ar\/info\/estamos-convencidos-que-el-futuro-pasa-por-las-energias-renovables\/","og_locale":"es_ES","og_type":"article","og_title":"ESTAMOS CONVENCIDOS QUE EL FUTURO PASA POR LAS ENERG\u00cdAS RENOVABLES","og_description":"El Calafate.-As\u00ed lo afirm\u00f3 el propio Intendente de El Calafate, Javier Belloni, luego del encuentro que mantuvo con directivos de [&hellip;]","og_url":"https:\/\/patagoniambiental.com.ar\/info\/estamos-convencidos-que-el-futuro-pasa-por-las-energias-renovables\/","og_site_name":"Patagonia Ambiental","article_publisher":"https:\/\/www.facebook.com\/patagonia.ambiental","article_author":"https:\/\/www.facebook.com\/share\/1C1V8Gv9BX\/?mibextid=qi2Omg","article_published_time":"2017-09-19T22:00:51+00:00","og_image":[{"width":1024,"height":697,"url":"https:\/\/patagoniambiental.com.ar\/info\/wp-content\/uploads\/2017\/09\/estamos-convencidos-que-el-futuro-pasa-por-las-energas-renovables-1024x697.jpg","type":"image\/jpeg"}],"author":"Patagonia Ambiental","twitter_card":"summary_large_image","twitter_creator":"@PatAmb","twitter_site":"@PatAmb","schema":{"@context":"https:\/\/schema.org","@graph":[{"@type":"Article","@id":"https:\/\/patagoniambiental.com.ar\/info\/estamos-convencidos-que-el-futuro-pasa-por-las-energias-renovables\/#article","isPartOf":{"@id":"https:\/\/patagoniambiental.com.ar\/info\/estamos-convencidos-que-el-futuro-pasa-por-las-energias-renovables\/"},"author":{"name":"Patagonia Ambiental","@id":"https:\/\/patagoniambiental.com.ar\/info\/#\/schema\/person\/db12bff64bbcbf6a253710bf0ea37b5d"},"headline":"ESTAMOS CONVENCIDOS QUE EL FUTURO PASA POR LAS ENERG\u00cdAS RENOVABLES","datePublished":"2017-09-19T22:00:51+00:00","mainEntityOfPage":{"@id":"https:\/\/patagoniambiental.com.ar\/info\/estamos-convencidos-que-el-futuro-pasa-por-las-energias-renovables\/"},"wordCount":525,"commentCount":0,"publisher":{"@id":"https:\/\/patagoniambiental.com.ar\/info\/#organization"},"image":{"@id":"https:\/\/patagoniambiental.com.ar\/info\/estamos-convencidos-que-el-futuro-pasa-por-las-energias-renovables\/#primaryimage"},"thumbnailUrl":"https:\/\/patagoniambiental.com.ar\/info\/wp-content\/uploads\/2017\/09\/estamos-convencidos-que-el-futuro-pasa-por-las-energas-renovables-1024x697.jpg","articleSection":["Municipales","Noticias"],"inLanguage":"es","potentialAction":[{"@type":"CommentAction","name":"Comment","target":["https:\/\/patagoniambiental.com.ar\/info\/estamos-convencidos-que-el-futuro-pasa-por-las-energias-renovables\/#respond"]}]},{"@type":"WebPage","@id":"https:\/\/patagoniambiental.com.ar\/info\/estamos-convencidos-que-el-futuro-pasa-por-las-energias-renovables\/","url":"https:\/\/patagoniambiental.com.ar\/info\/estamos-convencidos-que-el-futuro-pasa-por-las-energias-renovables\/","name":"ESTAMOS CONVENCIDOS QUE EL FUTURO PASA POR LAS ENERG\u00cdAS RENOVABLES","isPartOf":{"@id":"https:\/\/patagoniambiental.com.ar\/info\/#website"},"primaryImageOfPage":{"@id":"https:\/\/patagoniambiental.com.ar\/info\/estamos-convencidos-que-el-futuro-pasa-por-las-energias-renovables\/#primaryimage"},"image":{"@id":"https:\/\/patagoniambiental.com.ar\/info\/estamos-convencidos-que-el-futuro-pasa-por-las-energias-renovables\/#primaryimage"},"thumbnailUrl":"https:\/\/patagoniambiental.com.ar\/info\/wp-content\/uploads\/2017\/09\/estamos-convencidos-que-el-futuro-pasa-por-las-energas-renovables-1024x697.jpg","datePublished":"2017-09-19T22:00:51+00:00","breadcrumb":{"@id":"https:\/\/patagoniambiental.com.ar\/info\/estamos-convencidos-que-el-futuro-pasa-por-las-energias-renovables\/#breadcrumb"},"inLanguage":"es","potentialAction":[{"@type":"ReadAction","target":["https:\/\/patagoniambiental.com.ar\/info\/estamos-convencidos-que-el-futuro-pasa-por-las-energias-renovables\/"]}]},{"@type":"ImageObject","inLanguage":"es","@id":"https:\/\/patagoniambiental.com.ar\/info\/estamos-convencidos-que-el-futuro-pasa-por-las-energias-renovables\/#primaryimage","url":"https:\/\/patagoniambiental.com.ar\/info\/wp-content\/uploads\/2017\/09\/estamos-convencidos-que-el-futuro-pasa-por-las-energas-renovables-1024x697.jpg","contentUrl":"https:\/\/patagoniambiental.com.ar\/info\/wp-content\/uploads\/2017\/09\/estamos-convencidos-que-el-futuro-pasa-por-las-energas-renovables-1024x697.jpg","width":881,"height":600},{"@type":"BreadcrumbList","@id":"https:\/\/patagoniambiental.com.ar\/info\/estamos-convencidos-que-el-futuro-pasa-por-las-energias-renovables\/#breadcrumb","itemListElement":[{"@type":"ListItem","position":1,"name":"Inicio","item":"https:\/\/patagoniambiental.com.ar\/info\/"},{"@type":"ListItem","position":2,"name":"ESTAMOS CONVENCIDOS QUE EL FUTURO PASA POR LAS ENERG\u00cdAS RENOVABLES"}]},{"@type":"WebSite","@id":"https:\/\/patagoniambiental.com.ar\/info\/#website","url":"https:\/\/patagoniambiental.com.ar\/info\/","name":"Patagonia Ambiental","description":"Monitoreo y an\u00e1lisis de la situaci\u00f3n geopol\u00edtica en el mundo y su implicancia en la Patagonia","publisher":{"@id":"https:\/\/patagoniambiental.com.ar\/info\/#organization"},"potentialAction":[{"@type":"SearchAction","target":{"@type":"EntryPoint","urlTemplate":"https:\/\/patagoniambiental.com.ar\/info\/?s={search_term_string}"},"query-input":{"@type":"PropertyValueSpecification","valueRequired":true,"valueName":"search_term_string"}}],"inLanguage":"es"},{"@type":"Organization","@id":"https:\/\/patagoniambiental.com.ar\/info\/#organization","name":"Patagonia Ambiental","url":"https:\/\/patagoniambiental.com.ar\/info\/","logo":{"@type":"ImageObject","inLanguage":"es","@id":"https:\/\/patagoniambiental.com.ar\/info\/#\/schema\/logo\/image\/","url":"https:\/\/patagoniambiental.com.ar\/info\/wp-content\/uploads\/2025\/05\/LOGO-PATAGONIA-AMBIENTAL.png","contentUrl":"https:\/\/patagoniambiental.com.ar\/info\/wp-content\/uploads\/2025\/05\/LOGO-PATAGONIA-AMBIENTAL.png","width":433,"height":250,"caption":"Patagonia Ambiental"},"image":{"@id":"https:\/\/patagoniambiental.com.ar\/info\/#\/schema\/logo\/image\/"},"sameAs":["https:\/\/www.facebook.com\/patagonia.ambiental","https:\/\/x.com\/PatAmb"]},{"@type":"Person","@id":"https:\/\/patagoniambiental.com.ar\/info\/#\/schema\/person\/db12bff64bbcbf6a253710bf0ea37b5d","name":"Patagonia Ambiental","description":"Andr\u00e9s Nievas T\u00e9cnico en manejo ambiental, consultor Ambiental y escritor para medios locales e internacionales sobre temas de geopolitica y medio ambiente.","sameAs":["http:\/\/www.patagoniambiental.com.ar","https:\/\/www.facebook.com\/share\/1C1V8Gv9BX\/?mibextid=qi2Omg","@patagoniambiental","https:\/\/youtube.com\/@patagoniaambiental2023?si=BLt58t0wuXquxlYZ"]}]}},"_links":{"self":[{"href":"https:\/\/patagoniambiental.com.ar\/info\/wp-json\/wp\/v2\/posts\/35087","targetHints":{"allow":["GET"]}}],"collection":[{"href":"https:\/\/patagoniambiental.com.ar\/info\/wp-json\/wp\/v2\/posts"}],"about":[{"href":"https:\/\/patagoniambiental.com.ar\/info\/wp-json\/wp\/v2\/types\/post"}],"author":[{"embeddable":true,"href":"https:\/\/patagoniambiental.com.ar\/info\/wp-json\/wp\/v2\/users\/2"}],"replies":[{"embeddable":true,"href":"https:\/\/patagoniambiental.com.ar\/info\/wp-json\/wp\/v2\/comments?post=35087"}],"version-history":[{"count":0,"href":"https:\/\/patagoniambiental.com.ar\/info\/wp-json\/wp\/v2\/posts\/35087\/revisions"}],"wp:featuredmedia":[{"embeddable":true,"href":"https:\/\/patagoniambiental.com.ar\/info\/wp-json\/wp\/v2\/media\/35088"}],"wp:attachment":[{"href":"https:\/\/patagoniambiental.com.ar\/info\/wp-json\/wp\/v2\/media?parent=35087"}],"wp:term":[{"taxonomy":"category","embeddable":true,"href":"https:\/\/patagoniambiental.com.ar\/info\/wp-json\/wp\/v2\/categories?post=35087"},{"taxonomy":"post_tag","embeddable":true,"href":"https:\/\/patagoniambiental.com.ar\/info\/wp-json\/wp\/v2\/tags?post=35087"}],"curies":[{"name":"wp","href":"https:\/\/api.w.org\/{rel}","templated":true}]}}