{"id":35113,"date":"2017-09-20T09:00:10","date_gmt":"2017-09-20T12:00:10","guid":{"rendered":"http:\/\/patagoniambiental.com.ar\/info\/?p=35113"},"modified":"2017-09-19T21:45:36","modified_gmt":"2017-09-20T00:45:36","slug":"la-proteccion-del-ambiente-lidero-las-iniciativas-legislativas-de-estudiantes","status":"publish","type":"post","link":"https:\/\/patagoniambiental.com.ar\/info\/la-proteccion-del-ambiente-lidero-las-iniciativas-legislativas-de-estudiantes\/","title":{"rendered":"La protecci\u00f3n del ambiente lider\u00f3 las iniciativas legislativas de estudiantes"},"content":{"rendered":"<p>PUERTO MADRYN.- La semana pasada tuvo lugar la Sesi\u00f3n Simulada, un proyecto coordinado entre diferentes instituciones educativas de la ciudad y el Concejo Deliberante, cuya convocatoria reuni\u00f3 a estudiantes de las Escuelas 741, 710, 775, 789, y la Escuela Municipal de Pesca \u201cJuan Demonte\u201d.<br \/>\nEn el recinto, los alumnos, que el d\u00eda anterior hab\u00edan presenciado el debate durante la \u00faltima Sesi\u00f3n Ordinaria, presentaron distintos proyectos de Ordenanza que versaron sobre diferentes tem\u00e1ticas; entre ellas, el cuidado del medio ambiente, la importancia del reciclado, la edad m\u00ednima para el ingreso a los locales bailables y varias iniciativas para el barrio San Miguel, de los m\u00e1s populosos de la ciudad y cuyos residentes atraviesan una importante cantidad de adversidades.<br \/>\n\u201cEs un privilegio que nuestros j\u00f3venes se involucren activamente y participen en los temas de inter\u00e9s de Puerto Madryn\u201d, remarc\u00f3 la Presidenta del Concejo Deliberante, Xenia Gabella.<\/p>\n<p><strong>Tratamiento de residuos y fluidos cloacales<\/strong><\/p>\n<p>Luego de varios meses de trabajo \u00e1ulico, docentes y alumnos arribaron al Deliberante para ocupar el recinto con motivo de realizar la actividad, que forma parte del \u201cPrograma de Participaci\u00f3n y Formaci\u00f3n Ciudadana Juvenil\u201d, impulsado por Gabella, tambi\u00e9n docente.<br \/>\nLos estudiantes que interpretaron el rol de ediles fueron Alejo Sainz Aguilar, Tom\u00e1s Agnese Biondi y Bautista Ramos (741), Juan Montenegro, Laila Zenatti y Sofie Van Dam (710), Brian Isaurralde e Irup\u00e9 Benavides (775), Jackelin Blanco y Rodrigo Figueroa (789), Williams Vasquez y Brisa Vega (Escuela de Pesca).<br \/>\nAlgunos proyectos presentados hicieron hincapi\u00e9 en la concientizaci\u00f3n de j\u00f3venes y adultos en materia medioambiental, puntualmente referida a los residuos y fluidos cloacales.<br \/>\nAsimismo, los estudiantes idearon la creaci\u00f3n \u201cde una planta de tratamiento de residuos org\u00e1nicos y s\u00f3lidos para la producci\u00f3n energ\u00e9tica\u201d.<\/p>\n<p><strong>Tenencia responsable y tr\u00e1nsito<\/strong><\/p>\n<p>Por otro lado, tambi\u00e9n se present\u00f3 un proyecto que regula la edad de ingreso a los boliches, habilitando el ingreso a los j\u00f3venes de 16 a\u00f1os \u201cdesde la 01:30 hasta las 6 de la ma\u00f1ana\u201d.<br \/>\nEn este contexto, los estudiantes dise\u00f1aron un plan para mejorar el estado del tr\u00e1nsito, acentuar las campa\u00f1as de concientizaci\u00f3n sobre la tenencia responsable de mascotas, sobre la situaci\u00f3n de perros en las calles y la pavimentaci\u00f3n de distintas arterias, entre otras iniciativas.<br \/>\n\u201cDesde que asumimos esta gesti\u00f3n, marcamos la impronta de un espacio legislativo que se caracteriza por la participaci\u00f3n, por fomentar y acompa\u00f1ar los procesos democr\u00e1ticos, por incluir a instituciones, artistas, estudiantes y escuelas; no s\u00f3lo mejoramos los canales de comunicaci\u00f3n con la creaci\u00f3n de la p\u00e1gina web o las trasmisiones en vivo por nuestro canal de Youtube, sino que, tambi\u00e9n, creamos pertenencia del Concejo Deliberante hacia nuestra ciudadan\u00eda\u201d, puso en relieve la presidenta del Concejo Deliberante.<\/p>\n<div class=\"sharedaddy sd-sharing-enabled\">\u00a0Fuente:\u00a0http:\/\/eldiariodemadryn.com\/2017\/09\/la-proteccion-del-ambiente-lidero-las-iniciativas-legislativas-de-estudiantes\/<\/div>\n","protected":false},"excerpt":{"rendered":"<p>PUERTO MADRYN.- La semana pasada tuvo lugar la Sesi\u00f3n Simulada, un proyecto coordinado entre diferentes instituciones educativas de la ciudad [&hellip;]<\/p>\n","protected":false},"author":2,"featured_media":35114,"comment_status":"open","ping_status":"open","sticky":false,"template":"","format":"standard","meta":{"site-sidebar-layout":"default","site-content-layout":"","ast-site-content-layout":"default","site-content-style":"default","site-sidebar-style":"default","ast-global-header-display":"","ast-banner-title-visibility":"","ast-main-header-display":"","ast-hfb-above-header-display":"","ast-hfb-below-header-display":"","ast-hfb-mobile-header-display":"","site-post-title":"","ast-breadcrumbs-content":"","ast-featured-img":"","footer-sml-layout":"","ast-disable-related-posts":"","theme-transparent-header-meta":"","adv-header-id-meta":"","stick-header-meta":"","header-above-stick-meta":"","header-main-stick-meta":"","header-below-stick-meta":"","astra-migrate-meta-layouts":"default","ast-page-background-enabled":"default","ast-page-background-meta":{"desktop":{"background-color":"var(--ast-global-color-5)","background-image":"","background-repeat":"repeat","background-position":"center center","background-size":"auto","background-attachment":"scroll","background-type":"","background-media":"","overlay-type":"","overlay-color":"","overlay-opacity":"","overlay-gradient":""},"tablet":{"background-color":"","background-image":"","background-repeat":"repeat","background-position":"center center","background-size":"auto","background-attachment":"scroll","background-type":"","background-media":"","overlay-type":"","overlay-color":"","overlay-opacity":"","overlay-gradient":""},"mobile":{"background-color":"","background-image":"","background-repeat":"repeat","background-position":"center center","background-size":"auto","background-attachment":"scroll","background-type":"","background-media":"","overlay-type":"","overlay-color":"","overlay-opacity":"","overlay-gradient":""}},"ast-content-background-meta":{"desktop":{"background-color":"var(--ast-global-color-4)","background-image":"","background-repeat":"repeat","background-position":"center center","background-size":"auto","background-attachment":"scroll","background-type":"","background-media":"","overlay-type":"","overlay-color":"","overlay-opacity":"","overlay-gradient":""},"tablet":{"background-color":"var(--ast-global-color-4)","background-image":"","background-repeat":"repeat","background-position":"center center","background-size":"auto","background-attachment":"scroll","background-type":"","background-media":"","overlay-type":"","overlay-color":"","overlay-opacity":"","overlay-gradient":""},"mobile":{"background-color":"var(--ast-global-color-4)","background-image":"","background-repeat":"repeat","background-position":"center center","background-size":"auto","background-attachment":"scroll","background-type":"","background-media":"","overlay-type":"","overlay-color":"","overlay-opacity":"","overlay-gradient":""}},"footnotes":""},"categories":[16,1],"tags":[],"class_list":["post-35113","post","type-post","status-publish","format-standard","has-post-thumbnail","hentry","category-municipales","category-noticias"],"yoast_head":"<!-- This site is optimized with the Yoast SEO Premium plugin v23.0 (Yoast SEO v27.4) - https:\/\/yoast.com\/product\/yoast-seo-premium-wordpress\/ -->\n<title>La protecci\u00f3n del ambiente lider\u00f3 las iniciativas legislativas de estudiantes<\/title>\n<meta name=\"robots\" content=\"index, follow, max-snippet:-1, max-image-preview:large, max-video-preview:-1\" \/>\n<link rel=\"canonical\" href=\"https:\/\/patagoniambiental.com.ar\/info\/la-proteccion-del-ambiente-lidero-las-iniciativas-legislativas-de-estudiantes\/\" \/>\n<meta property=\"og:locale\" content=\"es_ES\" \/>\n<meta property=\"og:type\" content=\"article\" \/>\n<meta property=\"og:title\" content=\"La protecci\u00f3n del ambiente lider\u00f3 las iniciativas legislativas de estudiantes\" \/>\n<meta property=\"og:description\" content=\"PUERTO MADRYN.- La semana pasada tuvo lugar la Sesi\u00f3n Simulada, un proyecto coordinado entre diferentes instituciones educativas de la ciudad [&hellip;]\" \/>\n<meta property=\"og:url\" content=\"https:\/\/patagoniambiental.com.ar\/info\/la-proteccion-del-ambiente-lidero-las-iniciativas-legislativas-de-estudiantes\/\" \/>\n<meta property=\"og:site_name\" content=\"Patagonia Ambiental\" \/>\n<meta property=\"article:publisher\" content=\"https:\/\/www.facebook.com\/patagonia.ambiental\" \/>\n<meta property=\"article:author\" content=\"https:\/\/www.facebook.com\/share\/1C1V8Gv9BX\/?mibextid=qi2Omg\" \/>\n<meta property=\"article:published_time\" content=\"2017-09-20T12:00:10+00:00\" \/>\n<meta property=\"og:image\" content=\"https:\/\/patagoniambiental.com.ar\/info\/wp-content\/uploads\/2017\/09\/legislativas.jpg\" \/>\n\t<meta property=\"og:image:width\" content=\"400\" \/>\n\t<meta property=\"og:image:height\" content=\"225\" \/>\n\t<meta property=\"og:image:type\" content=\"image\/jpeg\" \/>\n<meta name=\"author\" content=\"Patagonia Ambiental\" \/>\n<meta name=\"twitter:card\" content=\"summary_large_image\" \/>\n<meta name=\"twitter:creator\" content=\"@PatAmb\" \/>\n<meta name=\"twitter:site\" content=\"@PatAmb\" \/>\n<script type=\"application\/ld+json\" class=\"yoast-schema-graph\">{\"@context\":\"https:\\\/\\\/schema.org\",\"@graph\":[{\"@type\":\"Article\",\"@id\":\"https:\\\/\\\/patagoniambiental.com.ar\\\/info\\\/la-proteccion-del-ambiente-lidero-las-iniciativas-legislativas-de-estudiantes\\\/#article\",\"isPartOf\":{\"@id\":\"https:\\\/\\\/patagoniambiental.com.ar\\\/info\\\/la-proteccion-del-ambiente-lidero-las-iniciativas-legislativas-de-estudiantes\\\/\"},\"author\":{\"name\":\"Patagonia Ambiental\",\"@id\":\"https:\\\/\\\/patagoniambiental.com.ar\\\/info\\\/#\\\/schema\\\/person\\\/db12bff64bbcbf6a253710bf0ea37b5d\"},\"headline\":\"La protecci\u00f3n del ambiente lider\u00f3 las iniciativas legislativas de estudiantes\",\"datePublished\":\"2017-09-20T12:00:10+00:00\",\"mainEntityOfPage\":{\"@id\":\"https:\\\/\\\/patagoniambiental.com.ar\\\/info\\\/la-proteccion-del-ambiente-lidero-las-iniciativas-legislativas-de-estudiantes\\\/\"},\"wordCount\":484,\"commentCount\":0,\"publisher\":{\"@id\":\"https:\\\/\\\/patagoniambiental.com.ar\\\/info\\\/#organization\"},\"image\":{\"@id\":\"https:\\\/\\\/patagoniambiental.com.ar\\\/info\\\/la-proteccion-del-ambiente-lidero-las-iniciativas-legislativas-de-estudiantes\\\/#primaryimage\"},\"thumbnailUrl\":\"https:\\\/\\\/patagoniambiental.com.ar\\\/info\\\/wp-content\\\/uploads\\\/2017\\\/09\\\/legislativas.jpg\",\"articleSection\":[\"Municipales\",\"Noticias\"],\"inLanguage\":\"es\",\"potentialAction\":[{\"@type\":\"CommentAction\",\"name\":\"Comment\",\"target\":[\"https:\\\/\\\/patagoniambiental.com.ar\\\/info\\\/la-proteccion-del-ambiente-lidero-las-iniciativas-legislativas-de-estudiantes\\\/#respond\"]}]},{\"@type\":\"WebPage\",\"@id\":\"https:\\\/\\\/patagoniambiental.com.ar\\\/info\\\/la-proteccion-del-ambiente-lidero-las-iniciativas-legislativas-de-estudiantes\\\/\",\"url\":\"https:\\\/\\\/patagoniambiental.com.ar\\\/info\\\/la-proteccion-del-ambiente-lidero-las-iniciativas-legislativas-de-estudiantes\\\/\",\"name\":\"La protecci\u00f3n del ambiente lider\u00f3 las iniciativas legislativas de estudiantes\",\"isPartOf\":{\"@id\":\"https:\\\/\\\/patagoniambiental.com.ar\\\/info\\\/#website\"},\"primaryImageOfPage\":{\"@id\":\"https:\\\/\\\/patagoniambiental.com.ar\\\/info\\\/la-proteccion-del-ambiente-lidero-las-iniciativas-legislativas-de-estudiantes\\\/#primaryimage\"},\"image\":{\"@id\":\"https:\\\/\\\/patagoniambiental.com.ar\\\/info\\\/la-proteccion-del-ambiente-lidero-las-iniciativas-legislativas-de-estudiantes\\\/#primaryimage\"},\"thumbnailUrl\":\"https:\\\/\\\/patagoniambiental.com.ar\\\/info\\\/wp-content\\\/uploads\\\/2017\\\/09\\\/legislativas.jpg\",\"datePublished\":\"2017-09-20T12:00:10+00:00\",\"breadcrumb\":{\"@id\":\"https:\\\/\\\/patagoniambiental.com.ar\\\/info\\\/la-proteccion-del-ambiente-lidero-las-iniciativas-legislativas-de-estudiantes\\\/#breadcrumb\"},\"inLanguage\":\"es\",\"potentialAction\":[{\"@type\":\"ReadAction\",\"target\":[\"https:\\\/\\\/patagoniambiental.com.ar\\\/info\\\/la-proteccion-del-ambiente-lidero-las-iniciativas-legislativas-de-estudiantes\\\/\"]}]},{\"@type\":\"ImageObject\",\"inLanguage\":\"es\",\"@id\":\"https:\\\/\\\/patagoniambiental.com.ar\\\/info\\\/la-proteccion-del-ambiente-lidero-las-iniciativas-legislativas-de-estudiantes\\\/#primaryimage\",\"url\":\"https:\\\/\\\/patagoniambiental.com.ar\\\/info\\\/wp-content\\\/uploads\\\/2017\\\/09\\\/legislativas.jpg\",\"contentUrl\":\"https:\\\/\\\/patagoniambiental.com.ar\\\/info\\\/wp-content\\\/uploads\\\/2017\\\/09\\\/legislativas.jpg\",\"width\":400,\"height\":225},{\"@type\":\"BreadcrumbList\",\"@id\":\"https:\\\/\\\/patagoniambiental.com.ar\\\/info\\\/la-proteccion-del-ambiente-lidero-las-iniciativas-legislativas-de-estudiantes\\\/#breadcrumb\",\"itemListElement\":[{\"@type\":\"ListItem\",\"position\":1,\"name\":\"Inicio\",\"item\":\"https:\\\/\\\/patagoniambiental.com.ar\\\/info\\\/\"},{\"@type\":\"ListItem\",\"position\":2,\"name\":\"La protecci\u00f3n del ambiente lider\u00f3 las iniciativas legislativas de estudiantes\"}]},{\"@type\":\"WebSite\",\"@id\":\"https:\\\/\\\/patagoniambiental.com.ar\\\/info\\\/#website\",\"url\":\"https:\\\/\\\/patagoniambiental.com.ar\\\/info\\\/\",\"name\":\"Patagonia Ambiental\",\"description\":\"Monitoreo y an\u00e1lisis de la situaci\u00f3n geopol\u00edtica en el mundo y su implicancia en la Patagonia\",\"publisher\":{\"@id\":\"https:\\\/\\\/patagoniambiental.com.ar\\\/info\\\/#organization\"},\"potentialAction\":[{\"@type\":\"SearchAction\",\"target\":{\"@type\":\"EntryPoint\",\"urlTemplate\":\"https:\\\/\\\/patagoniambiental.com.ar\\\/info\\\/?s={search_term_string}\"},\"query-input\":{\"@type\":\"PropertyValueSpecification\",\"valueRequired\":true,\"valueName\":\"search_term_string\"}}],\"inLanguage\":\"es\"},{\"@type\":\"Organization\",\"@id\":\"https:\\\/\\\/patagoniambiental.com.ar\\\/info\\\/#organization\",\"name\":\"Patagonia Ambiental\",\"url\":\"https:\\\/\\\/patagoniambiental.com.ar\\\/info\\\/\",\"logo\":{\"@type\":\"ImageObject\",\"inLanguage\":\"es\",\"@id\":\"https:\\\/\\\/patagoniambiental.com.ar\\\/info\\\/#\\\/schema\\\/logo\\\/image\\\/\",\"url\":\"https:\\\/\\\/patagoniambiental.com.ar\\\/info\\\/wp-content\\\/uploads\\\/2025\\\/05\\\/LOGO-PATAGONIA-AMBIENTAL.png\",\"contentUrl\":\"https:\\\/\\\/patagoniambiental.com.ar\\\/info\\\/wp-content\\\/uploads\\\/2025\\\/05\\\/LOGO-PATAGONIA-AMBIENTAL.png\",\"width\":433,\"height\":250,\"caption\":\"Patagonia Ambiental\"},\"image\":{\"@id\":\"https:\\\/\\\/patagoniambiental.com.ar\\\/info\\\/#\\\/schema\\\/logo\\\/image\\\/\"},\"sameAs\":[\"https:\\\/\\\/www.facebook.com\\\/patagonia.ambiental\",\"https:\\\/\\\/x.com\\\/PatAmb\"]},{\"@type\":\"Person\",\"@id\":\"https:\\\/\\\/patagoniambiental.com.ar\\\/info\\\/#\\\/schema\\\/person\\\/db12bff64bbcbf6a253710bf0ea37b5d\",\"name\":\"Patagonia Ambiental\",\"description\":\"Andr\u00e9s Nievas T\u00e9cnico en manejo ambiental, consultor Ambiental y escritor para medios locales e internacionales sobre temas de geopolitica y medio ambiente.\",\"sameAs\":[\"http:\\\/\\\/www.patagoniambiental.com.ar\",\"https:\\\/\\\/www.facebook.com\\\/share\\\/1C1V8Gv9BX\\\/?mibextid=qi2Omg\",\"@patagoniambiental\",\"https:\\\/\\\/youtube.com\\\/@patagoniaambiental2023?si=BLt58t0wuXquxlYZ\"]}]}<\/script>\n<!-- \/ Yoast SEO Premium plugin. -->","yoast_head_json":{"title":"La protecci\u00f3n del ambiente lider\u00f3 las iniciativas legislativas de estudiantes","robots":{"index":"index","follow":"follow","max-snippet":"max-snippet:-1","max-image-preview":"max-image-preview:large","max-video-preview":"max-video-preview:-1"},"canonical":"https:\/\/patagoniambiental.com.ar\/info\/la-proteccion-del-ambiente-lidero-las-iniciativas-legislativas-de-estudiantes\/","og_locale":"es_ES","og_type":"article","og_title":"La protecci\u00f3n del ambiente lider\u00f3 las iniciativas legislativas de estudiantes","og_description":"PUERTO MADRYN.- La semana pasada tuvo lugar la Sesi\u00f3n Simulada, un proyecto coordinado entre diferentes instituciones educativas de la ciudad [&hellip;]","og_url":"https:\/\/patagoniambiental.com.ar\/info\/la-proteccion-del-ambiente-lidero-las-iniciativas-legislativas-de-estudiantes\/","og_site_name":"Patagonia Ambiental","article_publisher":"https:\/\/www.facebook.com\/patagonia.ambiental","article_author":"https:\/\/www.facebook.com\/share\/1C1V8Gv9BX\/?mibextid=qi2Omg","article_published_time":"2017-09-20T12:00:10+00:00","og_image":[{"width":400,"height":225,"url":"https:\/\/patagoniambiental.com.ar\/info\/wp-content\/uploads\/2017\/09\/legislativas.jpg","type":"image\/jpeg"}],"author":"Patagonia Ambiental","twitter_card":"summary_large_image","twitter_creator":"@PatAmb","twitter_site":"@PatAmb","schema":{"@context":"https:\/\/schema.org","@graph":[{"@type":"Article","@id":"https:\/\/patagoniambiental.com.ar\/info\/la-proteccion-del-ambiente-lidero-las-iniciativas-legislativas-de-estudiantes\/#article","isPartOf":{"@id":"https:\/\/patagoniambiental.com.ar\/info\/la-proteccion-del-ambiente-lidero-las-iniciativas-legislativas-de-estudiantes\/"},"author":{"name":"Patagonia Ambiental","@id":"https:\/\/patagoniambiental.com.ar\/info\/#\/schema\/person\/db12bff64bbcbf6a253710bf0ea37b5d"},"headline":"La protecci\u00f3n del ambiente lider\u00f3 las iniciativas legislativas de estudiantes","datePublished":"2017-09-20T12:00:10+00:00","mainEntityOfPage":{"@id":"https:\/\/patagoniambiental.com.ar\/info\/la-proteccion-del-ambiente-lidero-las-iniciativas-legislativas-de-estudiantes\/"},"wordCount":484,"commentCount":0,"publisher":{"@id":"https:\/\/patagoniambiental.com.ar\/info\/#organization"},"image":{"@id":"https:\/\/patagoniambiental.com.ar\/info\/la-proteccion-del-ambiente-lidero-las-iniciativas-legislativas-de-estudiantes\/#primaryimage"},"thumbnailUrl":"https:\/\/patagoniambiental.com.ar\/info\/wp-content\/uploads\/2017\/09\/legislativas.jpg","articleSection":["Municipales","Noticias"],"inLanguage":"es","potentialAction":[{"@type":"CommentAction","name":"Comment","target":["https:\/\/patagoniambiental.com.ar\/info\/la-proteccion-del-ambiente-lidero-las-iniciativas-legislativas-de-estudiantes\/#respond"]}]},{"@type":"WebPage","@id":"https:\/\/patagoniambiental.com.ar\/info\/la-proteccion-del-ambiente-lidero-las-iniciativas-legislativas-de-estudiantes\/","url":"https:\/\/patagoniambiental.com.ar\/info\/la-proteccion-del-ambiente-lidero-las-iniciativas-legislativas-de-estudiantes\/","name":"La protecci\u00f3n del ambiente lider\u00f3 las iniciativas legislativas de estudiantes","isPartOf":{"@id":"https:\/\/patagoniambiental.com.ar\/info\/#website"},"primaryImageOfPage":{"@id":"https:\/\/patagoniambiental.com.ar\/info\/la-proteccion-del-ambiente-lidero-las-iniciativas-legislativas-de-estudiantes\/#primaryimage"},"image":{"@id":"https:\/\/patagoniambiental.com.ar\/info\/la-proteccion-del-ambiente-lidero-las-iniciativas-legislativas-de-estudiantes\/#primaryimage"},"thumbnailUrl":"https:\/\/patagoniambiental.com.ar\/info\/wp-content\/uploads\/2017\/09\/legislativas.jpg","datePublished":"2017-09-20T12:00:10+00:00","breadcrumb":{"@id":"https:\/\/patagoniambiental.com.ar\/info\/la-proteccion-del-ambiente-lidero-las-iniciativas-legislativas-de-estudiantes\/#breadcrumb"},"inLanguage":"es","potentialAction":[{"@type":"ReadAction","target":["https:\/\/patagoniambiental.com.ar\/info\/la-proteccion-del-ambiente-lidero-las-iniciativas-legislativas-de-estudiantes\/"]}]},{"@type":"ImageObject","inLanguage":"es","@id":"https:\/\/patagoniambiental.com.ar\/info\/la-proteccion-del-ambiente-lidero-las-iniciativas-legislativas-de-estudiantes\/#primaryimage","url":"https:\/\/patagoniambiental.com.ar\/info\/wp-content\/uploads\/2017\/09\/legislativas.jpg","contentUrl":"https:\/\/patagoniambiental.com.ar\/info\/wp-content\/uploads\/2017\/09\/legislativas.jpg","width":400,"height":225},{"@type":"BreadcrumbList","@id":"https:\/\/patagoniambiental.com.ar\/info\/la-proteccion-del-ambiente-lidero-las-iniciativas-legislativas-de-estudiantes\/#breadcrumb","itemListElement":[{"@type":"ListItem","position":1,"name":"Inicio","item":"https:\/\/patagoniambiental.com.ar\/info\/"},{"@type":"ListItem","position":2,"name":"La protecci\u00f3n del ambiente lider\u00f3 las iniciativas legislativas de estudiantes"}]},{"@type":"WebSite","@id":"https:\/\/patagoniambiental.com.ar\/info\/#website","url":"https:\/\/patagoniambiental.com.ar\/info\/","name":"Patagonia Ambiental","description":"Monitoreo y an\u00e1lisis de la situaci\u00f3n geopol\u00edtica en el mundo y su implicancia en la Patagonia","publisher":{"@id":"https:\/\/patagoniambiental.com.ar\/info\/#organization"},"potentialAction":[{"@type":"SearchAction","target":{"@type":"EntryPoint","urlTemplate":"https:\/\/patagoniambiental.com.ar\/info\/?s={search_term_string}"},"query-input":{"@type":"PropertyValueSpecification","valueRequired":true,"valueName":"search_term_string"}}],"inLanguage":"es"},{"@type":"Organization","@id":"https:\/\/patagoniambiental.com.ar\/info\/#organization","name":"Patagonia Ambiental","url":"https:\/\/patagoniambiental.com.ar\/info\/","logo":{"@type":"ImageObject","inLanguage":"es","@id":"https:\/\/patagoniambiental.com.ar\/info\/#\/schema\/logo\/image\/","url":"https:\/\/patagoniambiental.com.ar\/info\/wp-content\/uploads\/2025\/05\/LOGO-PATAGONIA-AMBIENTAL.png","contentUrl":"https:\/\/patagoniambiental.com.ar\/info\/wp-content\/uploads\/2025\/05\/LOGO-PATAGONIA-AMBIENTAL.png","width":433,"height":250,"caption":"Patagonia Ambiental"},"image":{"@id":"https:\/\/patagoniambiental.com.ar\/info\/#\/schema\/logo\/image\/"},"sameAs":["https:\/\/www.facebook.com\/patagonia.ambiental","https:\/\/x.com\/PatAmb"]},{"@type":"Person","@id":"https:\/\/patagoniambiental.com.ar\/info\/#\/schema\/person\/db12bff64bbcbf6a253710bf0ea37b5d","name":"Patagonia Ambiental","description":"Andr\u00e9s Nievas T\u00e9cnico en manejo ambiental, consultor Ambiental y escritor para medios locales e internacionales sobre temas de geopolitica y medio ambiente.","sameAs":["http:\/\/www.patagoniambiental.com.ar","https:\/\/www.facebook.com\/share\/1C1V8Gv9BX\/?mibextid=qi2Omg","@patagoniambiental","https:\/\/youtube.com\/@patagoniaambiental2023?si=BLt58t0wuXquxlYZ"]}]}},"_links":{"self":[{"href":"https:\/\/patagoniambiental.com.ar\/info\/wp-json\/wp\/v2\/posts\/35113","targetHints":{"allow":["GET"]}}],"collection":[{"href":"https:\/\/patagoniambiental.com.ar\/info\/wp-json\/wp\/v2\/posts"}],"about":[{"href":"https:\/\/patagoniambiental.com.ar\/info\/wp-json\/wp\/v2\/types\/post"}],"author":[{"embeddable":true,"href":"https:\/\/patagoniambiental.com.ar\/info\/wp-json\/wp\/v2\/users\/2"}],"replies":[{"embeddable":true,"href":"https:\/\/patagoniambiental.com.ar\/info\/wp-json\/wp\/v2\/comments?post=35113"}],"version-history":[{"count":0,"href":"https:\/\/patagoniambiental.com.ar\/info\/wp-json\/wp\/v2\/posts\/35113\/revisions"}],"wp:featuredmedia":[{"embeddable":true,"href":"https:\/\/patagoniambiental.com.ar\/info\/wp-json\/wp\/v2\/media\/35114"}],"wp:attachment":[{"href":"https:\/\/patagoniambiental.com.ar\/info\/wp-json\/wp\/v2\/media?parent=35113"}],"wp:term":[{"taxonomy":"category","embeddable":true,"href":"https:\/\/patagoniambiental.com.ar\/info\/wp-json\/wp\/v2\/categories?post=35113"},{"taxonomy":"post_tag","embeddable":true,"href":"https:\/\/patagoniambiental.com.ar\/info\/wp-json\/wp\/v2\/tags?post=35113"}],"curies":[{"name":"wp","href":"https:\/\/api.w.org\/{rel}","templated":true}]}}