{"id":35213,"date":"2017-09-21T09:00:07","date_gmt":"2017-09-21T12:00:07","guid":{"rendered":"http:\/\/patagoniambiental.com.ar\/info\/?p=35213"},"modified":"2017-09-21T07:17:06","modified_gmt":"2017-09-21T10:17:06","slug":"macron-el-acuerdo-de-paris-sobre-el-clima-no-sera-renegociado","status":"publish","type":"post","link":"https:\/\/patagoniambiental.com.ar\/info\/macron-el-acuerdo-de-paris-sobre-el-clima-no-sera-renegociado\/","title":{"rendered":"Macron: el Acuerdo de Par\u00eds sobre el clima no ser\u00e1 renegociado"},"content":{"rendered":"<div class=\"b-article__lead\">\n<p>El Acuerdo de Par\u00eds sobre el cambio clim\u00e1tico no puede ser revisado, declar\u00f3 el presidente de Francia, Emmanuel Macron.<\/p>\n<\/div>\n<div class=\"b-article__text\">\n<p class=\"marker-quote1\">\u00abEl Acuerdo de Par\u00eds sobre el clima no ser\u00e1 renegociado, este acuerdo nos une, nos re\u00fane y disolverlo significar\u00eda disolver un acuerdo no solo entre Estados sino entre generaciones (\u2026), no vamos a retroceder\u00bb, dijo Macron al intervenir ante la Asamblea General de la ONU.<\/p>\n<div class=\"b-inject m-inject-min\">El mandatario galo agreg\u00f3 que \u00abEEUU siempre tendr\u00e1 las puertas abiertas\u00bb para reincorporarse al Acuerdo de Par\u00eds y asegur\u00f3 que respeta la decisi\u00f3n de Estados Unidos.<\/div>\n<p>El pasado 1 de junio el presidente Donald Trump\u00a0<a href=\"https:\/\/mundo.sputniknews.com\/america_del_norte\/201706011069633983-eeuu-salida-cop21\/\">anunci\u00f3<\/a>\u00a0que EEUU se retira del Acuerdo de Par\u00eds porque podr\u00eda perjudicar sus intereses econ\u00f3micos, y propuso entablar negociaciones sobre un nuevo pacto medioambiental m\u00e1s justo.<\/p>\n<p>El documento, adoptado en 2015, establece medidas para la reducci\u00f3n de las emisiones de gases de efecto invernadero, fundamentalmente de los combustibles f\u00f3siles que, seg\u00fan la mayor\u00eda de los cient\u00edficos, son la causa del recalentamiento planetario.<\/p>\n<div class=\"b-inject m-inject-min\"><\/div>\n<p>El acuerdo entr\u00f3 en vigor el 4 de noviembre de 2016, cuando se cumplieron las condiciones establecidas por el mismo texto: la ratificaci\u00f3n al menos por 55 pa\u00edses que representan el 55% de las emisiones globales de gases invernadero.Hasta ahora, han firmado el acuerdo 195 pa\u00edses, mientras que 160 lo han ratificado.<\/p>\n<p>El objetivo global del acuerdo es asegurar que el aumento de la temperatura global no sobrepase al final de este siglo los dos grados cent\u00edgrados en comparaci\u00f3n con el periodo preindustrial.<\/p>\n<div class=\"b-inject m-inject-min\"><\/div>\n<p>Las consultas sirias en Astan\u00e1 son \u00fatiles, pero resultan insuficientes para solucionar el conflicto en el pa\u00eds \u00e1rabe, declar\u00f3 Emmanuel Macron.\u00bbHoy el llamado formato de Astan\u00e1 puede ser \u00fatil, pero resulta insuficiente\u00bb, dijo el mandatario, agregando que Par\u00eds apoya la creaci\u00f3n de un nuevo\u00a0<a href=\"https:\/\/mundo.sputniknews.com\/politica\/201709161072403941-onu-conflicto-siria-solucion\/\">grupo de contacto<\/a>\u00a0para solucionar el conflicto sirio, que incluya a todos los miembros permanentes del Consejo de Seguridad de la ONU.<\/p>\n<p>Siria vive desde marzo de 2011 un conflicto armado en el que las tropas gubernamentales se enfrentan a grupos armados de la oposici\u00f3n y a organizaciones terroristas.<\/p>\n<p>Las hostilidades causaron m\u00e1s de 400.000 muertos, seg\u00fan estimaciones de la ONU.<\/p>\n<p>La soluci\u00f3n a la crisis siria se debate en la plataforma de Ginebra, auspiciada por la ONU que busca una soluci\u00f3n pol\u00edtica al conflicto, y de Astan\u00e1, copatrocinada por Rusia, Turqu\u00eda e Ir\u00e1n, que se centra en el cese de las hostilidades.<\/p>\n<p><strong>Situaci\u00f3n en Corea del Norte<\/strong><\/p>\n<p>Es necesario hacer todo lo posible para acabar con las provocaciones por parte de Corea del Norte, declar\u00f3 Emmanuel Macron.<\/p>\n<p class=\"marker-quote1\">\u00abEs necesario aplicar todos los esfuerzos para aumentar la presi\u00f3n sobre Corea del Norte, debemos reforzar nuestra pol\u00edtica de sanciones y poner fin las provocaciones, creo que las sanciones son necesarias, en particular, unas sanciones eficaces\u00bb, dijo.<\/p>\n<p>A\u00f1adi\u00f3 que China y Rusia \u00abjuegan un papel clave\u00bb en el tema de las sanciones econ\u00f3micas a Corea del Norte.<\/p>\n<p class=\"marker-quote1\">\u00abNo quiero ninguna operaci\u00f3n militar, he visto una mapa de las dos Coreas y\u00a0 teniendo en cuenta nuestra ubicaci\u00f3n geogr\u00e1fica, esta operaci\u00f3n ser\u00e1 da\u00f1ina y causar\u00e1 la perdida de las vidas humanas\u00bb, concluy\u00f3.<\/p>\n<div class=\"b-inject m-inject-min\">Corea del Norte realiz\u00f3 este a\u00f1o su sexta prueba nuclear, con una bomba de hidr\u00f3geno para ser colocada en misiles intercontinentales, y una quincena de pruebas de proyectiles bal\u00edsticos, incluyendo el lanzamiento de dos supuestos ICBM capaces de alcanzar el territorio de EEUU y dos misiles de alcance intermedio que sobrevolaron la isla japonesa de Hokkaido.<\/div>\n<p>El 11 de septiembre, el Consejo de Seguridad de la ONU aprob\u00f3 por unanimidad una resoluci\u00f3n que endurece las sanciones contra Corea del Norte, en particular en el \u00e1mbito de hidrocarburos, en respuesta a su sexto ensayo at\u00f3mico.<\/p>\n<p>Fuente:<\/p>\n<\/div>\n<div class=\"b-banner m-banner-33 m-mb20 m-mt10\"><\/div>\n","protected":false},"excerpt":{"rendered":"<p>El Acuerdo de Par\u00eds sobre el cambio clim\u00e1tico no puede ser revisado, declar\u00f3 el presidente de Francia, Emmanuel Macron. \u00abEl [&hellip;]<\/p>\n","protected":false},"author":2,"featured_media":35214,"comment_status":"open","ping_status":"open","sticky":false,"template":"","format":"standard","meta":{"site-sidebar-layout":"default","site-content-layout":"","ast-site-content-layout":"default","site-content-style":"default","site-sidebar-style":"default","ast-global-header-display":"","ast-banner-title-visibility":"","ast-main-header-display":"","ast-hfb-above-header-display":"","ast-hfb-below-header-display":"","ast-hfb-mobile-header-display":"","site-post-title":"","ast-breadcrumbs-content":"","ast-featured-img":"","footer-sml-layout":"","ast-disable-related-posts":"","theme-transparent-header-meta":"","adv-header-id-meta":"","stick-header-meta":"","header-above-stick-meta":"","header-main-stick-meta":"","header-below-stick-meta":"","astra-migrate-meta-layouts":"default","ast-page-background-enabled":"default","ast-page-background-meta":{"desktop":{"background-color":"var(--ast-global-color-5)","background-image":"","background-repeat":"repeat","background-position":"center center","background-size":"auto","background-attachment":"scroll","background-type":"","background-media":"","overlay-type":"","overlay-color":"","overlay-opacity":"","overlay-gradient":""},"tablet":{"background-color":"","background-image":"","background-repeat":"repeat","background-position":"center center","background-size":"auto","background-attachment":"scroll","background-type":"","background-media":"","overlay-type":"","overlay-color":"","overlay-opacity":"","overlay-gradient":""},"mobile":{"background-color":"","background-image":"","background-repeat":"repeat","background-position":"center center","background-size":"auto","background-attachment":"scroll","background-type":"","background-media":"","overlay-type":"","overlay-color":"","overlay-opacity":"","overlay-gradient":""}},"ast-content-background-meta":{"desktop":{"background-color":"var(--ast-global-color-4)","background-image":"","background-repeat":"repeat","background-position":"center center","background-size":"auto","background-attachment":"scroll","background-type":"","background-media":"","overlay-type":"","overlay-color":"","overlay-opacity":"","overlay-gradient":""},"tablet":{"background-color":"var(--ast-global-color-4)","background-image":"","background-repeat":"repeat","background-position":"center center","background-size":"auto","background-attachment":"scroll","background-type":"","background-media":"","overlay-type":"","overlay-color":"","overlay-opacity":"","overlay-gradient":""},"mobile":{"background-color":"var(--ast-global-color-4)","background-image":"","background-repeat":"repeat","background-position":"center center","background-size":"auto","background-attachment":"scroll","background-type":"","background-media":"","overlay-type":"","overlay-color":"","overlay-opacity":"","overlay-gradient":""}},"footnotes":""},"categories":[23,1],"tags":[],"class_list":["post-35213","post","type-post","status-publish","format-standard","has-post-thumbnail","hentry","category-internacionales","category-noticias"],"yoast_head":"<!-- This site is optimized with the Yoast SEO Premium plugin v23.0 (Yoast SEO v27.4) - https:\/\/yoast.com\/product\/yoast-seo-premium-wordpress\/ -->\n<title>Macron: el Acuerdo de Par\u00eds sobre el clima no ser\u00e1 renegociado<\/title>\n<meta name=\"robots\" content=\"index, follow, max-snippet:-1, max-image-preview:large, max-video-preview:-1\" \/>\n<link rel=\"canonical\" href=\"https:\/\/patagoniambiental.com.ar\/info\/macron-el-acuerdo-de-paris-sobre-el-clima-no-sera-renegociado\/\" \/>\n<meta property=\"og:locale\" content=\"es_ES\" \/>\n<meta property=\"og:type\" content=\"article\" \/>\n<meta property=\"og:title\" content=\"Macron: el Acuerdo de Par\u00eds sobre el clima no ser\u00e1 renegociado\" \/>\n<meta property=\"og:description\" content=\"El Acuerdo de Par\u00eds sobre el cambio clim\u00e1tico no puede ser revisado, declar\u00f3 el presidente de Francia, Emmanuel Macron. \u00abEl [&hellip;]\" \/>\n<meta property=\"og:url\" content=\"https:\/\/patagoniambiental.com.ar\/info\/macron-el-acuerdo-de-paris-sobre-el-clima-no-sera-renegociado\/\" \/>\n<meta property=\"og:site_name\" content=\"Patagonia Ambiental\" \/>\n<meta property=\"article:publisher\" content=\"https:\/\/www.facebook.com\/patagonia.ambiental\" \/>\n<meta property=\"article:author\" content=\"https:\/\/www.facebook.com\/share\/1C1V8Gv9BX\/?mibextid=qi2Omg\" \/>\n<meta property=\"article:published_time\" content=\"2017-09-21T12:00:07+00:00\" \/>\n<meta property=\"og:image\" content=\"https:\/\/patagoniambiental.com.ar\/info\/wp-content\/uploads\/2017\/09\/macron1.jpg\" \/>\n\t<meta property=\"og:image:width\" content=\"1000\" \/>\n\t<meta property=\"og:image:height\" content=\"541\" \/>\n\t<meta property=\"og:image:type\" content=\"image\/jpeg\" \/>\n<meta name=\"author\" content=\"Patagonia Ambiental\" \/>\n<meta name=\"twitter:card\" content=\"summary_large_image\" \/>\n<meta name=\"twitter:creator\" content=\"@PatAmb\" \/>\n<meta name=\"twitter:site\" content=\"@PatAmb\" \/>\n<script type=\"application\/ld+json\" class=\"yoast-schema-graph\">{\"@context\":\"https:\\\/\\\/schema.org\",\"@graph\":[{\"@type\":\"Article\",\"@id\":\"https:\\\/\\\/patagoniambiental.com.ar\\\/info\\\/macron-el-acuerdo-de-paris-sobre-el-clima-no-sera-renegociado\\\/#article\",\"isPartOf\":{\"@id\":\"https:\\\/\\\/patagoniambiental.com.ar\\\/info\\\/macron-el-acuerdo-de-paris-sobre-el-clima-no-sera-renegociado\\\/\"},\"author\":{\"name\":\"Patagonia Ambiental\",\"@id\":\"https:\\\/\\\/patagoniambiental.com.ar\\\/info\\\/#\\\/schema\\\/person\\\/db12bff64bbcbf6a253710bf0ea37b5d\"},\"headline\":\"Macron: el Acuerdo de Par\u00eds sobre el clima no ser\u00e1 renegociado\",\"datePublished\":\"2017-09-21T12:00:07+00:00\",\"mainEntityOfPage\":{\"@id\":\"https:\\\/\\\/patagoniambiental.com.ar\\\/info\\\/macron-el-acuerdo-de-paris-sobre-el-clima-no-sera-renegociado\\\/\"},\"wordCount\":650,\"commentCount\":0,\"publisher\":{\"@id\":\"https:\\\/\\\/patagoniambiental.com.ar\\\/info\\\/#organization\"},\"image\":{\"@id\":\"https:\\\/\\\/patagoniambiental.com.ar\\\/info\\\/macron-el-acuerdo-de-paris-sobre-el-clima-no-sera-renegociado\\\/#primaryimage\"},\"thumbnailUrl\":\"https:\\\/\\\/patagoniambiental.com.ar\\\/info\\\/wp-content\\\/uploads\\\/2017\\\/09\\\/macron1.jpg\",\"articleSection\":[\"Internacionales\",\"Noticias\"],\"inLanguage\":\"es\",\"potentialAction\":[{\"@type\":\"CommentAction\",\"name\":\"Comment\",\"target\":[\"https:\\\/\\\/patagoniambiental.com.ar\\\/info\\\/macron-el-acuerdo-de-paris-sobre-el-clima-no-sera-renegociado\\\/#respond\"]}]},{\"@type\":\"WebPage\",\"@id\":\"https:\\\/\\\/patagoniambiental.com.ar\\\/info\\\/macron-el-acuerdo-de-paris-sobre-el-clima-no-sera-renegociado\\\/\",\"url\":\"https:\\\/\\\/patagoniambiental.com.ar\\\/info\\\/macron-el-acuerdo-de-paris-sobre-el-clima-no-sera-renegociado\\\/\",\"name\":\"Macron: el Acuerdo de Par\u00eds sobre el clima no ser\u00e1 renegociado\",\"isPartOf\":{\"@id\":\"https:\\\/\\\/patagoniambiental.com.ar\\\/info\\\/#website\"},\"primaryImageOfPage\":{\"@id\":\"https:\\\/\\\/patagoniambiental.com.ar\\\/info\\\/macron-el-acuerdo-de-paris-sobre-el-clima-no-sera-renegociado\\\/#primaryimage\"},\"image\":{\"@id\":\"https:\\\/\\\/patagoniambiental.com.ar\\\/info\\\/macron-el-acuerdo-de-paris-sobre-el-clima-no-sera-renegociado\\\/#primaryimage\"},\"thumbnailUrl\":\"https:\\\/\\\/patagoniambiental.com.ar\\\/info\\\/wp-content\\\/uploads\\\/2017\\\/09\\\/macron1.jpg\",\"datePublished\":\"2017-09-21T12:00:07+00:00\",\"breadcrumb\":{\"@id\":\"https:\\\/\\\/patagoniambiental.com.ar\\\/info\\\/macron-el-acuerdo-de-paris-sobre-el-clima-no-sera-renegociado\\\/#breadcrumb\"},\"inLanguage\":\"es\",\"potentialAction\":[{\"@type\":\"ReadAction\",\"target\":[\"https:\\\/\\\/patagoniambiental.com.ar\\\/info\\\/macron-el-acuerdo-de-paris-sobre-el-clima-no-sera-renegociado\\\/\"]}]},{\"@type\":\"ImageObject\",\"inLanguage\":\"es\",\"@id\":\"https:\\\/\\\/patagoniambiental.com.ar\\\/info\\\/macron-el-acuerdo-de-paris-sobre-el-clima-no-sera-renegociado\\\/#primaryimage\",\"url\":\"https:\\\/\\\/patagoniambiental.com.ar\\\/info\\\/wp-content\\\/uploads\\\/2017\\\/09\\\/macron1.jpg\",\"contentUrl\":\"https:\\\/\\\/patagoniambiental.com.ar\\\/info\\\/wp-content\\\/uploads\\\/2017\\\/09\\\/macron1.jpg\",\"width\":1000,\"height\":541},{\"@type\":\"BreadcrumbList\",\"@id\":\"https:\\\/\\\/patagoniambiental.com.ar\\\/info\\\/macron-el-acuerdo-de-paris-sobre-el-clima-no-sera-renegociado\\\/#breadcrumb\",\"itemListElement\":[{\"@type\":\"ListItem\",\"position\":1,\"name\":\"Inicio\",\"item\":\"https:\\\/\\\/patagoniambiental.com.ar\\\/info\\\/\"},{\"@type\":\"ListItem\",\"position\":2,\"name\":\"Macron: el Acuerdo de Par\u00eds sobre el clima no ser\u00e1 renegociado\"}]},{\"@type\":\"WebSite\",\"@id\":\"https:\\\/\\\/patagoniambiental.com.ar\\\/info\\\/#website\",\"url\":\"https:\\\/\\\/patagoniambiental.com.ar\\\/info\\\/\",\"name\":\"Patagonia Ambiental\",\"description\":\"Monitoreo y an\u00e1lisis de la situaci\u00f3n geopol\u00edtica en el mundo y su implicancia en la Patagonia\",\"publisher\":{\"@id\":\"https:\\\/\\\/patagoniambiental.com.ar\\\/info\\\/#organization\"},\"potentialAction\":[{\"@type\":\"SearchAction\",\"target\":{\"@type\":\"EntryPoint\",\"urlTemplate\":\"https:\\\/\\\/patagoniambiental.com.ar\\\/info\\\/?s={search_term_string}\"},\"query-input\":{\"@type\":\"PropertyValueSpecification\",\"valueRequired\":true,\"valueName\":\"search_term_string\"}}],\"inLanguage\":\"es\"},{\"@type\":\"Organization\",\"@id\":\"https:\\\/\\\/patagoniambiental.com.ar\\\/info\\\/#organization\",\"name\":\"Patagonia Ambiental\",\"url\":\"https:\\\/\\\/patagoniambiental.com.ar\\\/info\\\/\",\"logo\":{\"@type\":\"ImageObject\",\"inLanguage\":\"es\",\"@id\":\"https:\\\/\\\/patagoniambiental.com.ar\\\/info\\\/#\\\/schema\\\/logo\\\/image\\\/\",\"url\":\"https:\\\/\\\/patagoniambiental.com.ar\\\/info\\\/wp-content\\\/uploads\\\/2025\\\/05\\\/LOGO-PATAGONIA-AMBIENTAL.png\",\"contentUrl\":\"https:\\\/\\\/patagoniambiental.com.ar\\\/info\\\/wp-content\\\/uploads\\\/2025\\\/05\\\/LOGO-PATAGONIA-AMBIENTAL.png\",\"width\":433,\"height\":250,\"caption\":\"Patagonia Ambiental\"},\"image\":{\"@id\":\"https:\\\/\\\/patagoniambiental.com.ar\\\/info\\\/#\\\/schema\\\/logo\\\/image\\\/\"},\"sameAs\":[\"https:\\\/\\\/www.facebook.com\\\/patagonia.ambiental\",\"https:\\\/\\\/x.com\\\/PatAmb\"]},{\"@type\":\"Person\",\"@id\":\"https:\\\/\\\/patagoniambiental.com.ar\\\/info\\\/#\\\/schema\\\/person\\\/db12bff64bbcbf6a253710bf0ea37b5d\",\"name\":\"Patagonia Ambiental\",\"description\":\"Andr\u00e9s Nievas T\u00e9cnico en manejo ambiental, consultor Ambiental y escritor para medios locales e internacionales sobre temas de geopolitica y medio ambiente.\",\"sameAs\":[\"http:\\\/\\\/www.patagoniambiental.com.ar\",\"https:\\\/\\\/www.facebook.com\\\/share\\\/1C1V8Gv9BX\\\/?mibextid=qi2Omg\",\"@patagoniambiental\",\"https:\\\/\\\/youtube.com\\\/@patagoniaambiental2023?si=BLt58t0wuXquxlYZ\"]}]}<\/script>\n<!-- \/ Yoast SEO Premium plugin. -->","yoast_head_json":{"title":"Macron: el Acuerdo de Par\u00eds sobre el clima no ser\u00e1 renegociado","robots":{"index":"index","follow":"follow","max-snippet":"max-snippet:-1","max-image-preview":"max-image-preview:large","max-video-preview":"max-video-preview:-1"},"canonical":"https:\/\/patagoniambiental.com.ar\/info\/macron-el-acuerdo-de-paris-sobre-el-clima-no-sera-renegociado\/","og_locale":"es_ES","og_type":"article","og_title":"Macron: el Acuerdo de Par\u00eds sobre el clima no ser\u00e1 renegociado","og_description":"El Acuerdo de Par\u00eds sobre el cambio clim\u00e1tico no puede ser revisado, declar\u00f3 el presidente de Francia, Emmanuel Macron. \u00abEl [&hellip;]","og_url":"https:\/\/patagoniambiental.com.ar\/info\/macron-el-acuerdo-de-paris-sobre-el-clima-no-sera-renegociado\/","og_site_name":"Patagonia Ambiental","article_publisher":"https:\/\/www.facebook.com\/patagonia.ambiental","article_author":"https:\/\/www.facebook.com\/share\/1C1V8Gv9BX\/?mibextid=qi2Omg","article_published_time":"2017-09-21T12:00:07+00:00","og_image":[{"width":1000,"height":541,"url":"https:\/\/patagoniambiental.com.ar\/info\/wp-content\/uploads\/2017\/09\/macron1.jpg","type":"image\/jpeg"}],"author":"Patagonia Ambiental","twitter_card":"summary_large_image","twitter_creator":"@PatAmb","twitter_site":"@PatAmb","schema":{"@context":"https:\/\/schema.org","@graph":[{"@type":"Article","@id":"https:\/\/patagoniambiental.com.ar\/info\/macron-el-acuerdo-de-paris-sobre-el-clima-no-sera-renegociado\/#article","isPartOf":{"@id":"https:\/\/patagoniambiental.com.ar\/info\/macron-el-acuerdo-de-paris-sobre-el-clima-no-sera-renegociado\/"},"author":{"name":"Patagonia Ambiental","@id":"https:\/\/patagoniambiental.com.ar\/info\/#\/schema\/person\/db12bff64bbcbf6a253710bf0ea37b5d"},"headline":"Macron: el Acuerdo de Par\u00eds sobre el clima no ser\u00e1 renegociado","datePublished":"2017-09-21T12:00:07+00:00","mainEntityOfPage":{"@id":"https:\/\/patagoniambiental.com.ar\/info\/macron-el-acuerdo-de-paris-sobre-el-clima-no-sera-renegociado\/"},"wordCount":650,"commentCount":0,"publisher":{"@id":"https:\/\/patagoniambiental.com.ar\/info\/#organization"},"image":{"@id":"https:\/\/patagoniambiental.com.ar\/info\/macron-el-acuerdo-de-paris-sobre-el-clima-no-sera-renegociado\/#primaryimage"},"thumbnailUrl":"https:\/\/patagoniambiental.com.ar\/info\/wp-content\/uploads\/2017\/09\/macron1.jpg","articleSection":["Internacionales","Noticias"],"inLanguage":"es","potentialAction":[{"@type":"CommentAction","name":"Comment","target":["https:\/\/patagoniambiental.com.ar\/info\/macron-el-acuerdo-de-paris-sobre-el-clima-no-sera-renegociado\/#respond"]}]},{"@type":"WebPage","@id":"https:\/\/patagoniambiental.com.ar\/info\/macron-el-acuerdo-de-paris-sobre-el-clima-no-sera-renegociado\/","url":"https:\/\/patagoniambiental.com.ar\/info\/macron-el-acuerdo-de-paris-sobre-el-clima-no-sera-renegociado\/","name":"Macron: el Acuerdo de Par\u00eds sobre el clima no ser\u00e1 renegociado","isPartOf":{"@id":"https:\/\/patagoniambiental.com.ar\/info\/#website"},"primaryImageOfPage":{"@id":"https:\/\/patagoniambiental.com.ar\/info\/macron-el-acuerdo-de-paris-sobre-el-clima-no-sera-renegociado\/#primaryimage"},"image":{"@id":"https:\/\/patagoniambiental.com.ar\/info\/macron-el-acuerdo-de-paris-sobre-el-clima-no-sera-renegociado\/#primaryimage"},"thumbnailUrl":"https:\/\/patagoniambiental.com.ar\/info\/wp-content\/uploads\/2017\/09\/macron1.jpg","datePublished":"2017-09-21T12:00:07+00:00","breadcrumb":{"@id":"https:\/\/patagoniambiental.com.ar\/info\/macron-el-acuerdo-de-paris-sobre-el-clima-no-sera-renegociado\/#breadcrumb"},"inLanguage":"es","potentialAction":[{"@type":"ReadAction","target":["https:\/\/patagoniambiental.com.ar\/info\/macron-el-acuerdo-de-paris-sobre-el-clima-no-sera-renegociado\/"]}]},{"@type":"ImageObject","inLanguage":"es","@id":"https:\/\/patagoniambiental.com.ar\/info\/macron-el-acuerdo-de-paris-sobre-el-clima-no-sera-renegociado\/#primaryimage","url":"https:\/\/patagoniambiental.com.ar\/info\/wp-content\/uploads\/2017\/09\/macron1.jpg","contentUrl":"https:\/\/patagoniambiental.com.ar\/info\/wp-content\/uploads\/2017\/09\/macron1.jpg","width":1000,"height":541},{"@type":"BreadcrumbList","@id":"https:\/\/patagoniambiental.com.ar\/info\/macron-el-acuerdo-de-paris-sobre-el-clima-no-sera-renegociado\/#breadcrumb","itemListElement":[{"@type":"ListItem","position":1,"name":"Inicio","item":"https:\/\/patagoniambiental.com.ar\/info\/"},{"@type":"ListItem","position":2,"name":"Macron: el Acuerdo de Par\u00eds sobre el clima no ser\u00e1 renegociado"}]},{"@type":"WebSite","@id":"https:\/\/patagoniambiental.com.ar\/info\/#website","url":"https:\/\/patagoniambiental.com.ar\/info\/","name":"Patagonia Ambiental","description":"Monitoreo y an\u00e1lisis de la situaci\u00f3n geopol\u00edtica en el mundo y su implicancia en la Patagonia","publisher":{"@id":"https:\/\/patagoniambiental.com.ar\/info\/#organization"},"potentialAction":[{"@type":"SearchAction","target":{"@type":"EntryPoint","urlTemplate":"https:\/\/patagoniambiental.com.ar\/info\/?s={search_term_string}"},"query-input":{"@type":"PropertyValueSpecification","valueRequired":true,"valueName":"search_term_string"}}],"inLanguage":"es"},{"@type":"Organization","@id":"https:\/\/patagoniambiental.com.ar\/info\/#organization","name":"Patagonia Ambiental","url":"https:\/\/patagoniambiental.com.ar\/info\/","logo":{"@type":"ImageObject","inLanguage":"es","@id":"https:\/\/patagoniambiental.com.ar\/info\/#\/schema\/logo\/image\/","url":"https:\/\/patagoniambiental.com.ar\/info\/wp-content\/uploads\/2025\/05\/LOGO-PATAGONIA-AMBIENTAL.png","contentUrl":"https:\/\/patagoniambiental.com.ar\/info\/wp-content\/uploads\/2025\/05\/LOGO-PATAGONIA-AMBIENTAL.png","width":433,"height":250,"caption":"Patagonia Ambiental"},"image":{"@id":"https:\/\/patagoniambiental.com.ar\/info\/#\/schema\/logo\/image\/"},"sameAs":["https:\/\/www.facebook.com\/patagonia.ambiental","https:\/\/x.com\/PatAmb"]},{"@type":"Person","@id":"https:\/\/patagoniambiental.com.ar\/info\/#\/schema\/person\/db12bff64bbcbf6a253710bf0ea37b5d","name":"Patagonia Ambiental","description":"Andr\u00e9s Nievas T\u00e9cnico en manejo ambiental, consultor Ambiental y escritor para medios locales e internacionales sobre temas de geopolitica y medio ambiente.","sameAs":["http:\/\/www.patagoniambiental.com.ar","https:\/\/www.facebook.com\/share\/1C1V8Gv9BX\/?mibextid=qi2Omg","@patagoniambiental","https:\/\/youtube.com\/@patagoniaambiental2023?si=BLt58t0wuXquxlYZ"]}]}},"_links":{"self":[{"href":"https:\/\/patagoniambiental.com.ar\/info\/wp-json\/wp\/v2\/posts\/35213","targetHints":{"allow":["GET"]}}],"collection":[{"href":"https:\/\/patagoniambiental.com.ar\/info\/wp-json\/wp\/v2\/posts"}],"about":[{"href":"https:\/\/patagoniambiental.com.ar\/info\/wp-json\/wp\/v2\/types\/post"}],"author":[{"embeddable":true,"href":"https:\/\/patagoniambiental.com.ar\/info\/wp-json\/wp\/v2\/users\/2"}],"replies":[{"embeddable":true,"href":"https:\/\/patagoniambiental.com.ar\/info\/wp-json\/wp\/v2\/comments?post=35213"}],"version-history":[{"count":0,"href":"https:\/\/patagoniambiental.com.ar\/info\/wp-json\/wp\/v2\/posts\/35213\/revisions"}],"wp:featuredmedia":[{"embeddable":true,"href":"https:\/\/patagoniambiental.com.ar\/info\/wp-json\/wp\/v2\/media\/35214"}],"wp:attachment":[{"href":"https:\/\/patagoniambiental.com.ar\/info\/wp-json\/wp\/v2\/media?parent=35213"}],"wp:term":[{"taxonomy":"category","embeddable":true,"href":"https:\/\/patagoniambiental.com.ar\/info\/wp-json\/wp\/v2\/categories?post=35213"},{"taxonomy":"post_tag","embeddable":true,"href":"https:\/\/patagoniambiental.com.ar\/info\/wp-json\/wp\/v2\/tags?post=35213"}],"curies":[{"name":"wp","href":"https:\/\/api.w.org\/{rel}","templated":true}]}}