{"id":35230,"date":"2017-09-20T19:00:34","date_gmt":"2017-09-20T22:00:34","guid":{"rendered":"http:\/\/patagoniambiental.com.ar\/info\/?p=35230"},"modified":"2017-09-21T17:26:32","modified_gmt":"2017-09-21T20:26:32","slug":"chile-queman-tres-iglesias-en-zonas-mapuche-del-sur-de-chile","status":"publish","type":"post","link":"https:\/\/patagoniambiental.com.ar\/info\/chile-queman-tres-iglesias-en-zonas-mapuche-del-sur-de-chile\/","title":{"rendered":"Chile: queman tres iglesias en zonas mapuche del sur de Chile"},"content":{"rendered":"<div class=\"box_title col-lg-9 col-md-12\">\n<div class=\"title\">\n<div class=\"bajada\">\n<p>Chile.-Son dos templos cat\u00f3licos y uno evang\u00e9lico. Fueron incendiados de manera simult\u00e1nea durante esta madrugada.<\/p>\n<\/div>\n<\/div>\n<\/div>\n<p><!--more--><\/p>\n<div class=\"interior-l page\">\n<div class=\"notas-content\">\n<div class=\"media-container col-lg-9 col-md-12\">\n<div id=\"galeria-trigger\" class=\"media-cont main-image \" data-index=\"0\">\n<figure><img decoding=\"async\" class=\"img-responsive intelResolution\" title=\"Chile: queman tres iglesias en zonas mapuche\" src=\"https:\/\/images.clarin.com\/2017\/09\/20\/Sya8LMeo-_930x525.jpg\" alt=\"Chile: queman tres iglesias en zonas mapuche\" data-big=\"\/\/images.clarin.com\/2017\/09\/20\/Sya8LMeo-_930x525.jpg\" data-small=\"\/\/images.clarin.com\/2017\/09\/20\/Sya8LMeo-_640x361.jpg\" \/><\/figure>\n<p>Prenden fuego tres iglesias en el sur de Chile, en zona mapuche.\/ Twitter<\/p>\n<\/div>\n<div id=\"galeria-show-trigger\"><\/div>\n<\/div>\n<div class=\"container\">\n<div class=\"colDerecha col-lg-3 col-md-4 col-sm-6 col-xs-12 no-p pull-right SASA\">\n<div class=\"mb20 parent_9595\" data-sticky=\"parent\"><\/div>\n<div class=\"col-der-box hideHeight\"><\/div>\n<div class=\"col-der-box\"><\/div>\n<div class=\"col-der-box hideHeight\"><\/div>\n<div class=\"col-der-box hideHeight\">\n<div id=\"bannerId_615049\">\n<div id=\"sas_13522\" class=\"\">Dos<strong>\u00a0iglesias cat\u00f3licas<\/strong>\u00a0resultaron quemadas y un\u00a0<strong>templo evang\u00e9lico<\/strong>\u00a0qued\u00f3 da\u00f1ado en ataques incendiarios simult\u00e1neos ocurridos la madrugada de este mi\u00e9rcoles en la regi\u00f3n de la\u00a0<strong>Araucan\u00eda<\/strong>, en el sur de\u00a0<strong>Chile<\/strong>, donde se asientan gran parte de las comunidades mapuches.<\/div>\n<\/div>\n<\/div>\n<\/div>\n<div class=\"cuerpoSolo col-lg-6 col-md-8 col-lg-offset-3 \">\n<div class=\"body-nota\">\n<p>El primer incendio afect\u00f3 a dos iglesias cat\u00f3licas del sector de P\u00faa, en la comuna de Victoria, que quedaron<strong>\u00a0completamente siniestradas<\/strong>, mientras otra iglesia evang\u00e9lica en la vecina localidad de Ercilla result\u00f3 parcialmente da\u00f1ada.<\/p>\n<p><a class=\"content-new\" href=\"https:\/\/www.clarin.com\/mundo\/incendian-29-camiones-atentado-sur-chile_0_S1eILoZYW.html\" target=\"_blank\" rel=\"noopener\">Mir\u00e1 tambi\u00e9n<\/a><\/p>\n<h2>Incendian 29 camiones en un \u00abatentado\u00bb en el sur de Chile<\/h2>\n<p>\u00abAsistimos a tres procedimientos en un rango de horario similar\u00bb, relat\u00f3 a periodistas el jefe policial de la zona, Mat\u00edas Sandoval.<\/p>\n<p>Dos de las iglesias resultaron calcinadas, mientras que el tercer ataque logr\u00f3 ser frustrado, agreg\u00f3 el polic\u00eda.<\/p>\n<p>Fuentes de la fiscal\u00eda afirmaron que en los lugares se encontraron\u00a0<strong>panfletos en rechazo a dos juicios que se llevan adelante en contra de ind\u00edgenas mapuche,<\/strong>\u00a0por el anterior ataque incendiario a otro templo religioso y\u00a0<strong>el asesinato de un matrimonio de ancianos<\/strong>\u00a0tras la quema de la casa donde viv\u00edan.<\/p>\n<p>Cuatro ind\u00edgenas que permanecen detenidos preventivamente hace un a\u00f1o y medio, acusados del ataque incendiario a una iglesia evang\u00e9lica en la localidad de Padre las Casas -centro del conflicto mapuche-, cumplen este mi\u00e9rcoles 103 d\u00edas de huelga de hambre en contra de la medida.<\/p>\n<p>El colegio m\u00e9dico de Chile pidi\u00f3 a las autoridades que se tomen medidas para evitar la muerte o secuelas neurol\u00f3gicas en los huelguistas, mientras que el gobierno exigi\u00f3 este mi\u00e9rcoles deponer la medida.<\/p>\n<p>En los \u00faltimos cuatro a\u00f1os,\u00a0<strong>cientos de camiones y decenas de templos religiosos ardieron en el sur de Chile\u00a0<\/strong>en medio del conflicto entre el Estado y los ind\u00edgenas mapuches, que\u00a0<strong>reclaman tierras\u00a0<\/strong>que consideran suyas por derecho ancestral y est\u00e1n en su mayor\u00eda en manos de empresas forestales.<\/p>\n<p>Los mapuches, gente de tierra en su lengua nativa, fueron los primeros habitantes de Chile y hoy suman unos 700.000 en suelo chileno, entre unos 17 millones de habitantes del pa\u00eds.<\/p>\n<p>En el \u00faltimo mes, el conflicto tom\u00f3 una mayor visibilidad regional por la desaparici\u00f3n en Argentina del artesano y activista por la causa mapuche Santiago Maldonado, desaparecido el 1 de agosto tras una protesta en una comunidad de la Patagonia argentina.<\/p>\n<p>Fuente: AFP<\/p>\n<\/div>\n<\/div>\n<\/div>\n<\/div>\n<\/div>\n","protected":false},"excerpt":{"rendered":"<p>Chile.-Son dos templos cat\u00f3licos y uno evang\u00e9lico. Fueron incendiados de manera simult\u00e1nea durante esta madrugada.<\/p>\n","protected":false},"author":2,"featured_media":35231,"comment_status":"open","ping_status":"open","sticky":false,"template":"","format":"standard","meta":{"site-sidebar-layout":"default","site-content-layout":"","ast-site-content-layout":"default","site-content-style":"default","site-sidebar-style":"default","ast-global-header-display":"","ast-banner-title-visibility":"","ast-main-header-display":"","ast-hfb-above-header-display":"","ast-hfb-below-header-display":"","ast-hfb-mobile-header-display":"","site-post-title":"","ast-breadcrumbs-content":"","ast-featured-img":"","footer-sml-layout":"","ast-disable-related-posts":"","theme-transparent-header-meta":"","adv-header-id-meta":"","stick-header-meta":"","header-above-stick-meta":"","header-main-stick-meta":"","header-below-stick-meta":"","astra-migrate-meta-layouts":"default","ast-page-background-enabled":"default","ast-page-background-meta":{"desktop":{"background-color":"var(--ast-global-color-5)","background-image":"","background-repeat":"repeat","background-position":"center center","background-size":"auto","background-attachment":"scroll","background-type":"","background-media":"","overlay-type":"","overlay-color":"","overlay-opacity":"","overlay-gradient":""},"tablet":{"background-color":"","background-image":"","background-repeat":"repeat","background-position":"center center","background-size":"auto","background-attachment":"scroll","background-type":"","background-media":"","overlay-type":"","overlay-color":"","overlay-opacity":"","overlay-gradient":""},"mobile":{"background-color":"","background-image":"","background-repeat":"repeat","background-position":"center center","background-size":"auto","background-attachment":"scroll","background-type":"","background-media":"","overlay-type":"","overlay-color":"","overlay-opacity":"","overlay-gradient":""}},"ast-content-background-meta":{"desktop":{"background-color":"var(--ast-global-color-4)","background-image":"","background-repeat":"repeat","background-position":"center center","background-size":"auto","background-attachment":"scroll","background-type":"","background-media":"","overlay-type":"","overlay-color":"","overlay-opacity":"","overlay-gradient":""},"tablet":{"background-color":"var(--ast-global-color-4)","background-image":"","background-repeat":"repeat","background-position":"center center","background-size":"auto","background-attachment":"scroll","background-type":"","background-media":"","overlay-type":"","overlay-color":"","overlay-opacity":"","overlay-gradient":""},"mobile":{"background-color":"var(--ast-global-color-4)","background-image":"","background-repeat":"repeat","background-position":"center center","background-size":"auto","background-attachment":"scroll","background-type":"","background-media":"","overlay-type":"","overlay-color":"","overlay-opacity":"","overlay-gradient":""}},"footnotes":""},"categories":[23,1],"tags":[],"class_list":["post-35230","post","type-post","status-publish","format-standard","has-post-thumbnail","hentry","category-internacionales","category-noticias"],"yoast_head":"<!-- This site is optimized with the Yoast SEO Premium plugin v23.0 (Yoast SEO v27.4) - https:\/\/yoast.com\/product\/yoast-seo-premium-wordpress\/ -->\n<title>Chile: queman tres iglesias en zonas mapuche del sur de Chile<\/title>\n<meta name=\"robots\" content=\"index, follow, max-snippet:-1, max-image-preview:large, max-video-preview:-1\" \/>\n<link rel=\"canonical\" href=\"https:\/\/patagoniambiental.com.ar\/info\/chile-queman-tres-iglesias-en-zonas-mapuche-del-sur-de-chile\/\" \/>\n<meta property=\"og:locale\" content=\"es_ES\" \/>\n<meta property=\"og:type\" content=\"article\" \/>\n<meta property=\"og:title\" content=\"Chile: queman tres iglesias en zonas mapuche del sur de Chile\" \/>\n<meta property=\"og:description\" content=\"Chile.-Son dos templos cat\u00f3licos y uno evang\u00e9lico. Fueron incendiados de manera simult\u00e1nea durante esta madrugada.\" \/>\n<meta property=\"og:url\" content=\"https:\/\/patagoniambiental.com.ar\/info\/chile-queman-tres-iglesias-en-zonas-mapuche-del-sur-de-chile\/\" \/>\n<meta property=\"og:site_name\" content=\"Patagonia Ambiental\" \/>\n<meta property=\"article:publisher\" content=\"https:\/\/www.facebook.com\/patagonia.ambiental\" \/>\n<meta property=\"article:author\" content=\"https:\/\/www.facebook.com\/share\/1C1V8Gv9BX\/?mibextid=qi2Omg\" \/>\n<meta property=\"article:published_time\" content=\"2017-09-20T22:00:34+00:00\" \/>\n<meta property=\"article:modified_time\" content=\"2017-09-21T20:26:32+00:00\" \/>\n<meta property=\"og:image\" content=\"https:\/\/patagoniambiental.com.ar\/info\/wp-content\/uploads\/2017\/09\/Sya8LMeo-_930x525.jpg\" \/>\n\t<meta property=\"og:image:width\" content=\"930\" \/>\n\t<meta property=\"og:image:height\" content=\"525\" \/>\n\t<meta property=\"og:image:type\" content=\"image\/jpeg\" \/>\n<meta name=\"author\" content=\"Patagonia Ambiental\" \/>\n<meta name=\"twitter:card\" content=\"summary_large_image\" \/>\n<meta name=\"twitter:creator\" content=\"@PatAmb\" \/>\n<meta name=\"twitter:site\" content=\"@PatAmb\" \/>\n<script type=\"application\/ld+json\" class=\"yoast-schema-graph\">{\"@context\":\"https:\\\/\\\/schema.org\",\"@graph\":[{\"@type\":\"Article\",\"@id\":\"https:\\\/\\\/patagoniambiental.com.ar\\\/info\\\/chile-queman-tres-iglesias-en-zonas-mapuche-del-sur-de-chile\\\/#article\",\"isPartOf\":{\"@id\":\"https:\\\/\\\/patagoniambiental.com.ar\\\/info\\\/chile-queman-tres-iglesias-en-zonas-mapuche-del-sur-de-chile\\\/\"},\"author\":{\"name\":\"Patagonia Ambiental\",\"@id\":\"https:\\\/\\\/patagoniambiental.com.ar\\\/info\\\/#\\\/schema\\\/person\\\/db12bff64bbcbf6a253710bf0ea37b5d\"},\"headline\":\"Chile: queman tres iglesias en zonas mapuche del sur de Chile\",\"datePublished\":\"2017-09-20T22:00:34+00:00\",\"dateModified\":\"2017-09-21T20:26:32+00:00\",\"mainEntityOfPage\":{\"@id\":\"https:\\\/\\\/patagoniambiental.com.ar\\\/info\\\/chile-queman-tres-iglesias-en-zonas-mapuche-del-sur-de-chile\\\/\"},\"wordCount\":446,\"commentCount\":0,\"publisher\":{\"@id\":\"https:\\\/\\\/patagoniambiental.com.ar\\\/info\\\/#organization\"},\"image\":{\"@id\":\"https:\\\/\\\/patagoniambiental.com.ar\\\/info\\\/chile-queman-tres-iglesias-en-zonas-mapuche-del-sur-de-chile\\\/#primaryimage\"},\"thumbnailUrl\":\"https:\\\/\\\/patagoniambiental.com.ar\\\/info\\\/wp-content\\\/uploads\\\/2017\\\/09\\\/Sya8LMeo-_930x525.jpg\",\"articleSection\":[\"Internacionales\",\"Noticias\"],\"inLanguage\":\"es\",\"potentialAction\":[{\"@type\":\"CommentAction\",\"name\":\"Comment\",\"target\":[\"https:\\\/\\\/patagoniambiental.com.ar\\\/info\\\/chile-queman-tres-iglesias-en-zonas-mapuche-del-sur-de-chile\\\/#respond\"]}]},{\"@type\":\"WebPage\",\"@id\":\"https:\\\/\\\/patagoniambiental.com.ar\\\/info\\\/chile-queman-tres-iglesias-en-zonas-mapuche-del-sur-de-chile\\\/\",\"url\":\"https:\\\/\\\/patagoniambiental.com.ar\\\/info\\\/chile-queman-tres-iglesias-en-zonas-mapuche-del-sur-de-chile\\\/\",\"name\":\"Chile: queman tres iglesias en zonas mapuche del sur de Chile\",\"isPartOf\":{\"@id\":\"https:\\\/\\\/patagoniambiental.com.ar\\\/info\\\/#website\"},\"primaryImageOfPage\":{\"@id\":\"https:\\\/\\\/patagoniambiental.com.ar\\\/info\\\/chile-queman-tres-iglesias-en-zonas-mapuche-del-sur-de-chile\\\/#primaryimage\"},\"image\":{\"@id\":\"https:\\\/\\\/patagoniambiental.com.ar\\\/info\\\/chile-queman-tres-iglesias-en-zonas-mapuche-del-sur-de-chile\\\/#primaryimage\"},\"thumbnailUrl\":\"https:\\\/\\\/patagoniambiental.com.ar\\\/info\\\/wp-content\\\/uploads\\\/2017\\\/09\\\/Sya8LMeo-_930x525.jpg\",\"datePublished\":\"2017-09-20T22:00:34+00:00\",\"dateModified\":\"2017-09-21T20:26:32+00:00\",\"breadcrumb\":{\"@id\":\"https:\\\/\\\/patagoniambiental.com.ar\\\/info\\\/chile-queman-tres-iglesias-en-zonas-mapuche-del-sur-de-chile\\\/#breadcrumb\"},\"inLanguage\":\"es\",\"potentialAction\":[{\"@type\":\"ReadAction\",\"target\":[\"https:\\\/\\\/patagoniambiental.com.ar\\\/info\\\/chile-queman-tres-iglesias-en-zonas-mapuche-del-sur-de-chile\\\/\"]}]},{\"@type\":\"ImageObject\",\"inLanguage\":\"es\",\"@id\":\"https:\\\/\\\/patagoniambiental.com.ar\\\/info\\\/chile-queman-tres-iglesias-en-zonas-mapuche-del-sur-de-chile\\\/#primaryimage\",\"url\":\"https:\\\/\\\/patagoniambiental.com.ar\\\/info\\\/wp-content\\\/uploads\\\/2017\\\/09\\\/Sya8LMeo-_930x525.jpg\",\"contentUrl\":\"https:\\\/\\\/patagoniambiental.com.ar\\\/info\\\/wp-content\\\/uploads\\\/2017\\\/09\\\/Sya8LMeo-_930x525.jpg\",\"width\":930,\"height\":525},{\"@type\":\"BreadcrumbList\",\"@id\":\"https:\\\/\\\/patagoniambiental.com.ar\\\/info\\\/chile-queman-tres-iglesias-en-zonas-mapuche-del-sur-de-chile\\\/#breadcrumb\",\"itemListElement\":[{\"@type\":\"ListItem\",\"position\":1,\"name\":\"Inicio\",\"item\":\"https:\\\/\\\/patagoniambiental.com.ar\\\/info\\\/\"},{\"@type\":\"ListItem\",\"position\":2,\"name\":\"Chile: queman tres iglesias en zonas mapuche del sur de Chile\"}]},{\"@type\":\"WebSite\",\"@id\":\"https:\\\/\\\/patagoniambiental.com.ar\\\/info\\\/#website\",\"url\":\"https:\\\/\\\/patagoniambiental.com.ar\\\/info\\\/\",\"name\":\"Patagonia Ambiental\",\"description\":\"Monitoreo y an\u00e1lisis de la situaci\u00f3n geopol\u00edtica en el mundo y su implicancia en la Patagonia\",\"publisher\":{\"@id\":\"https:\\\/\\\/patagoniambiental.com.ar\\\/info\\\/#organization\"},\"potentialAction\":[{\"@type\":\"SearchAction\",\"target\":{\"@type\":\"EntryPoint\",\"urlTemplate\":\"https:\\\/\\\/patagoniambiental.com.ar\\\/info\\\/?s={search_term_string}\"},\"query-input\":{\"@type\":\"PropertyValueSpecification\",\"valueRequired\":true,\"valueName\":\"search_term_string\"}}],\"inLanguage\":\"es\"},{\"@type\":\"Organization\",\"@id\":\"https:\\\/\\\/patagoniambiental.com.ar\\\/info\\\/#organization\",\"name\":\"Patagonia Ambiental\",\"url\":\"https:\\\/\\\/patagoniambiental.com.ar\\\/info\\\/\",\"logo\":{\"@type\":\"ImageObject\",\"inLanguage\":\"es\",\"@id\":\"https:\\\/\\\/patagoniambiental.com.ar\\\/info\\\/#\\\/schema\\\/logo\\\/image\\\/\",\"url\":\"https:\\\/\\\/patagoniambiental.com.ar\\\/info\\\/wp-content\\\/uploads\\\/2025\\\/05\\\/LOGO-PATAGONIA-AMBIENTAL.png\",\"contentUrl\":\"https:\\\/\\\/patagoniambiental.com.ar\\\/info\\\/wp-content\\\/uploads\\\/2025\\\/05\\\/LOGO-PATAGONIA-AMBIENTAL.png\",\"width\":433,\"height\":250,\"caption\":\"Patagonia Ambiental\"},\"image\":{\"@id\":\"https:\\\/\\\/patagoniambiental.com.ar\\\/info\\\/#\\\/schema\\\/logo\\\/image\\\/\"},\"sameAs\":[\"https:\\\/\\\/www.facebook.com\\\/patagonia.ambiental\",\"https:\\\/\\\/x.com\\\/PatAmb\"]},{\"@type\":\"Person\",\"@id\":\"https:\\\/\\\/patagoniambiental.com.ar\\\/info\\\/#\\\/schema\\\/person\\\/db12bff64bbcbf6a253710bf0ea37b5d\",\"name\":\"Patagonia Ambiental\",\"description\":\"Andr\u00e9s Nievas T\u00e9cnico en manejo ambiental, consultor Ambiental y escritor para medios locales e internacionales sobre temas de geopolitica y medio ambiente.\",\"sameAs\":[\"http:\\\/\\\/www.patagoniambiental.com.ar\",\"https:\\\/\\\/www.facebook.com\\\/share\\\/1C1V8Gv9BX\\\/?mibextid=qi2Omg\",\"@patagoniambiental\",\"https:\\\/\\\/youtube.com\\\/@patagoniaambiental2023?si=BLt58t0wuXquxlYZ\"]}]}<\/script>\n<!-- \/ Yoast SEO Premium plugin. -->","yoast_head_json":{"title":"Chile: queman tres iglesias en zonas mapuche del sur de Chile","robots":{"index":"index","follow":"follow","max-snippet":"max-snippet:-1","max-image-preview":"max-image-preview:large","max-video-preview":"max-video-preview:-1"},"canonical":"https:\/\/patagoniambiental.com.ar\/info\/chile-queman-tres-iglesias-en-zonas-mapuche-del-sur-de-chile\/","og_locale":"es_ES","og_type":"article","og_title":"Chile: queman tres iglesias en zonas mapuche del sur de Chile","og_description":"Chile.-Son dos templos cat\u00f3licos y uno evang\u00e9lico. Fueron incendiados de manera simult\u00e1nea durante esta madrugada.","og_url":"https:\/\/patagoniambiental.com.ar\/info\/chile-queman-tres-iglesias-en-zonas-mapuche-del-sur-de-chile\/","og_site_name":"Patagonia Ambiental","article_publisher":"https:\/\/www.facebook.com\/patagonia.ambiental","article_author":"https:\/\/www.facebook.com\/share\/1C1V8Gv9BX\/?mibextid=qi2Omg","article_published_time":"2017-09-20T22:00:34+00:00","article_modified_time":"2017-09-21T20:26:32+00:00","og_image":[{"width":930,"height":525,"url":"https:\/\/patagoniambiental.com.ar\/info\/wp-content\/uploads\/2017\/09\/Sya8LMeo-_930x525.jpg","type":"image\/jpeg"}],"author":"Patagonia Ambiental","twitter_card":"summary_large_image","twitter_creator":"@PatAmb","twitter_site":"@PatAmb","schema":{"@context":"https:\/\/schema.org","@graph":[{"@type":"Article","@id":"https:\/\/patagoniambiental.com.ar\/info\/chile-queman-tres-iglesias-en-zonas-mapuche-del-sur-de-chile\/#article","isPartOf":{"@id":"https:\/\/patagoniambiental.com.ar\/info\/chile-queman-tres-iglesias-en-zonas-mapuche-del-sur-de-chile\/"},"author":{"name":"Patagonia Ambiental","@id":"https:\/\/patagoniambiental.com.ar\/info\/#\/schema\/person\/db12bff64bbcbf6a253710bf0ea37b5d"},"headline":"Chile: queman tres iglesias en zonas mapuche del sur de Chile","datePublished":"2017-09-20T22:00:34+00:00","dateModified":"2017-09-21T20:26:32+00:00","mainEntityOfPage":{"@id":"https:\/\/patagoniambiental.com.ar\/info\/chile-queman-tres-iglesias-en-zonas-mapuche-del-sur-de-chile\/"},"wordCount":446,"commentCount":0,"publisher":{"@id":"https:\/\/patagoniambiental.com.ar\/info\/#organization"},"image":{"@id":"https:\/\/patagoniambiental.com.ar\/info\/chile-queman-tres-iglesias-en-zonas-mapuche-del-sur-de-chile\/#primaryimage"},"thumbnailUrl":"https:\/\/patagoniambiental.com.ar\/info\/wp-content\/uploads\/2017\/09\/Sya8LMeo-_930x525.jpg","articleSection":["Internacionales","Noticias"],"inLanguage":"es","potentialAction":[{"@type":"CommentAction","name":"Comment","target":["https:\/\/patagoniambiental.com.ar\/info\/chile-queman-tres-iglesias-en-zonas-mapuche-del-sur-de-chile\/#respond"]}]},{"@type":"WebPage","@id":"https:\/\/patagoniambiental.com.ar\/info\/chile-queman-tres-iglesias-en-zonas-mapuche-del-sur-de-chile\/","url":"https:\/\/patagoniambiental.com.ar\/info\/chile-queman-tres-iglesias-en-zonas-mapuche-del-sur-de-chile\/","name":"Chile: queman tres iglesias en zonas mapuche del sur de Chile","isPartOf":{"@id":"https:\/\/patagoniambiental.com.ar\/info\/#website"},"primaryImageOfPage":{"@id":"https:\/\/patagoniambiental.com.ar\/info\/chile-queman-tres-iglesias-en-zonas-mapuche-del-sur-de-chile\/#primaryimage"},"image":{"@id":"https:\/\/patagoniambiental.com.ar\/info\/chile-queman-tres-iglesias-en-zonas-mapuche-del-sur-de-chile\/#primaryimage"},"thumbnailUrl":"https:\/\/patagoniambiental.com.ar\/info\/wp-content\/uploads\/2017\/09\/Sya8LMeo-_930x525.jpg","datePublished":"2017-09-20T22:00:34+00:00","dateModified":"2017-09-21T20:26:32+00:00","breadcrumb":{"@id":"https:\/\/patagoniambiental.com.ar\/info\/chile-queman-tres-iglesias-en-zonas-mapuche-del-sur-de-chile\/#breadcrumb"},"inLanguage":"es","potentialAction":[{"@type":"ReadAction","target":["https:\/\/patagoniambiental.com.ar\/info\/chile-queman-tres-iglesias-en-zonas-mapuche-del-sur-de-chile\/"]}]},{"@type":"ImageObject","inLanguage":"es","@id":"https:\/\/patagoniambiental.com.ar\/info\/chile-queman-tres-iglesias-en-zonas-mapuche-del-sur-de-chile\/#primaryimage","url":"https:\/\/patagoniambiental.com.ar\/info\/wp-content\/uploads\/2017\/09\/Sya8LMeo-_930x525.jpg","contentUrl":"https:\/\/patagoniambiental.com.ar\/info\/wp-content\/uploads\/2017\/09\/Sya8LMeo-_930x525.jpg","width":930,"height":525},{"@type":"BreadcrumbList","@id":"https:\/\/patagoniambiental.com.ar\/info\/chile-queman-tres-iglesias-en-zonas-mapuche-del-sur-de-chile\/#breadcrumb","itemListElement":[{"@type":"ListItem","position":1,"name":"Inicio","item":"https:\/\/patagoniambiental.com.ar\/info\/"},{"@type":"ListItem","position":2,"name":"Chile: queman tres iglesias en zonas mapuche del sur de Chile"}]},{"@type":"WebSite","@id":"https:\/\/patagoniambiental.com.ar\/info\/#website","url":"https:\/\/patagoniambiental.com.ar\/info\/","name":"Patagonia Ambiental","description":"Monitoreo y an\u00e1lisis de la situaci\u00f3n geopol\u00edtica en el mundo y su implicancia en la Patagonia","publisher":{"@id":"https:\/\/patagoniambiental.com.ar\/info\/#organization"},"potentialAction":[{"@type":"SearchAction","target":{"@type":"EntryPoint","urlTemplate":"https:\/\/patagoniambiental.com.ar\/info\/?s={search_term_string}"},"query-input":{"@type":"PropertyValueSpecification","valueRequired":true,"valueName":"search_term_string"}}],"inLanguage":"es"},{"@type":"Organization","@id":"https:\/\/patagoniambiental.com.ar\/info\/#organization","name":"Patagonia Ambiental","url":"https:\/\/patagoniambiental.com.ar\/info\/","logo":{"@type":"ImageObject","inLanguage":"es","@id":"https:\/\/patagoniambiental.com.ar\/info\/#\/schema\/logo\/image\/","url":"https:\/\/patagoniambiental.com.ar\/info\/wp-content\/uploads\/2025\/05\/LOGO-PATAGONIA-AMBIENTAL.png","contentUrl":"https:\/\/patagoniambiental.com.ar\/info\/wp-content\/uploads\/2025\/05\/LOGO-PATAGONIA-AMBIENTAL.png","width":433,"height":250,"caption":"Patagonia Ambiental"},"image":{"@id":"https:\/\/patagoniambiental.com.ar\/info\/#\/schema\/logo\/image\/"},"sameAs":["https:\/\/www.facebook.com\/patagonia.ambiental","https:\/\/x.com\/PatAmb"]},{"@type":"Person","@id":"https:\/\/patagoniambiental.com.ar\/info\/#\/schema\/person\/db12bff64bbcbf6a253710bf0ea37b5d","name":"Patagonia Ambiental","description":"Andr\u00e9s Nievas T\u00e9cnico en manejo ambiental, consultor Ambiental y escritor para medios locales e internacionales sobre temas de geopolitica y medio ambiente.","sameAs":["http:\/\/www.patagoniambiental.com.ar","https:\/\/www.facebook.com\/share\/1C1V8Gv9BX\/?mibextid=qi2Omg","@patagoniambiental","https:\/\/youtube.com\/@patagoniaambiental2023?si=BLt58t0wuXquxlYZ"]}]}},"_links":{"self":[{"href":"https:\/\/patagoniambiental.com.ar\/info\/wp-json\/wp\/v2\/posts\/35230","targetHints":{"allow":["GET"]}}],"collection":[{"href":"https:\/\/patagoniambiental.com.ar\/info\/wp-json\/wp\/v2\/posts"}],"about":[{"href":"https:\/\/patagoniambiental.com.ar\/info\/wp-json\/wp\/v2\/types\/post"}],"author":[{"embeddable":true,"href":"https:\/\/patagoniambiental.com.ar\/info\/wp-json\/wp\/v2\/users\/2"}],"replies":[{"embeddable":true,"href":"https:\/\/patagoniambiental.com.ar\/info\/wp-json\/wp\/v2\/comments?post=35230"}],"version-history":[{"count":0,"href":"https:\/\/patagoniambiental.com.ar\/info\/wp-json\/wp\/v2\/posts\/35230\/revisions"}],"wp:featuredmedia":[{"embeddable":true,"href":"https:\/\/patagoniambiental.com.ar\/info\/wp-json\/wp\/v2\/media\/35231"}],"wp:attachment":[{"href":"https:\/\/patagoniambiental.com.ar\/info\/wp-json\/wp\/v2\/media?parent=35230"}],"wp:term":[{"taxonomy":"category","embeddable":true,"href":"https:\/\/patagoniambiental.com.ar\/info\/wp-json\/wp\/v2\/categories?post=35230"},{"taxonomy":"post_tag","embeddable":true,"href":"https:\/\/patagoniambiental.com.ar\/info\/wp-json\/wp\/v2\/tags?post=35230"}],"curies":[{"name":"wp","href":"https:\/\/api.w.org\/{rel}","templated":true}]}}