{"id":35240,"date":"2017-09-20T19:00:44","date_gmt":"2017-09-20T22:00:44","guid":{"rendered":"http:\/\/patagoniambiental.com.ar\/info\/?p=35240"},"modified":"2017-09-21T17:51:53","modified_gmt":"2017-09-21T20:51:53","slug":"manana-reabre-el-parque-del-chalet-huergo","status":"publish","type":"post","link":"https:\/\/patagoniambiental.com.ar\/info\/manana-reabre-el-parque-del-chalet-huergo\/","title":{"rendered":"Ma\u00f1ana reabre el parque del Chalet Huergo en Comodoro Rivadavia"},"content":{"rendered":"<header>\n<div class=\"row\">\n<div class=\"col-xs-12\">\n<p class=\"title\">Comodoro Rivadavia.-En v\u00edsperas de la \u00e9poca estival, el municipio realizar\u00e1 ma\u00f1ana a las 10 horas, la reapertura del restaurado parque del Chalet Huergo para que los comodorenses disfruten jornadas al aire libre. Enterate cu\u00e1les ser\u00e1n los horarios de visita.<\/p>\n<\/div>\n<\/div>\n<\/header>\n<p><!--more--><\/p>\n<div class=\"head-image thumb-wrap relative\">\n<div id=\"content-gallery\">\n<div id=\"fotogaleria-Object_6748_4842\" class=\"gallery\">\n<div class=\"col2\">\n<div class=\"image itemGallery classid1388363\">\n<p><a title=\"\" href=\"http:\/\/www.elpatagonico.com\/adjuntos\/193\/imagenes\/011\/646\/0011646560.jpg\"><img fetchpriority=\"high\" decoding=\"async\" title=\"Ma\u00f1ana reabre el parque del Chalet Huergo\" src=\"http:\/\/www.elpatagonico.com\/adjuntos\/193\/imagenes\/011\/646\/0011646560.jpg\" alt=\"Ma\u00f1ana reabre el parque del Chalet Huergo\" width=\"770\" height=\"433\" \/><\/a><\/p>\n<div class=\"gallery-header\"><\/div>\n<\/div>\n<\/div>\n<div class=\"clearfix\"><\/div>\n<\/div>\n<\/div>\n<\/div>\n<div class=\"cuerpo clearfix\">\n<p>El subsecretario H\u00e9ctor Quisle sostuvo que \u00abdespu\u00e9s de mucho trabajo depositado en este lugar y con un fuerte mantenimiento, los comodorenses podr\u00e1n disfrutar por segundo a\u00f1o consecutivo del Parque Huergo ubicado en la zona norte de la ciudad\u00bb e indic\u00f3 que \u00ablos horarios de visita ser\u00e1n de lunes a jueves de 10 a 20 horas; mientras que los viernes y s\u00e1bados se extender\u00e1 hasta las 22 horas y los domingos hasta las 20 horas, respectivamente\u00bb.<\/p>\n<p>\u00abDesde el municipio, a trav\u00e9s de las distintas secretar\u00edas se dispuso un plan de acci\u00f3n que contempla el sistema de seguridad para las personas que ingresen al predio y para garantizar el cuidado de cada sector en cuanto a infraestructura. Para ello, habr\u00e1 presencia de efectivos de la Secretar\u00eda de Seguridad y de la Polic\u00eda de Chubut\u00bb, remarc\u00f3.<\/p>\n<div id=\"1388364-Libre-569068330_wrap\" class=\"embed_cont type_imagen\">\n<div id=\"1388364-Libre-569068330_content\" class=\"embed_content\"><img decoding=\"async\" id=\"1388364-Libre-569068330_embed\" src=\"http:\/\/www.elpatagonico.com\/adjuntos\/193\/imagenes\/011\/646\/0011646571.jpg?0000-00-00-00-00-00\" alt=\"\" \/><\/div>\n<div id=\"1388364-Libre-569068330_copyright\" class=\"embed_copyright\"><\/div>\n<\/div>\n<p>Del mismo modo, Quisle inform\u00f3 que \u00ablos inspectores de Tr\u00e1nsito tambi\u00e9n estar\u00e1n presentes, sobre todo en los accesos al Parque, teniendo en cuenta que, la entrada principal se encuentra sobre la Ruta Nacional N\u00b03\u00bb al tiempo que aclar\u00f3 que \u00abdurante dos d\u00edas a la semana se cerrar\u00e1 el Chalet Huergo para poder realizar el correcto mantenimiento y limpieza del lugar\u00bb.<\/p>\n<p>RECOMENDACIONES<\/p>\n<p>Por otro lado, el subsecretario hizo hincapi\u00e9 en las medidas a tener en cuenta al momento de ingresar al Parque Huergo a fines de evitar complicaciones o accidentes. \u00abEs un lugar para disfrutar en familia, para que los adolescentes y j\u00f3venes tengan un espacio de encuentro al aire libre y por eso pedimos que no se ingrese con bebidas alcoh\u00f3licas y se cuide el mobiliario urbano para su conservaci\u00f3n\u00bb, se\u00f1al\u00f3.<\/p>\n<p>En cuanto a la circulaci\u00f3n vehicular, precis\u00f3 que \u00abhay un estacionamiento que es totalmente gratuito y de acuerdo a la cantidad de personas que concurran al lugar, se est\u00e1 evaluando la posibilidad de abrir otro estacionamiento que se encuentra en el acceso por zona norte\u00bb.<\/p>\n<p>Por \u00faltimo, el subsecretario de Seguridad, pidi\u00f3 la colaboraci\u00f3n de la comunidad principalmente \u00aba los automovilistas que pasen por la Ruta Nacional N\u00b03, que tengan paciencia y respeten las se\u00f1ales de tr\u00e1nsito al circular por la zona\u00bb.<\/p>\n<p>Fuente: El patagonico<\/p>\n<\/div>\n","protected":false},"excerpt":{"rendered":"<p>Comodoro Rivadavia.-En v\u00edsperas de la \u00e9poca estival, el municipio realizar\u00e1 ma\u00f1ana a las 10 horas, la reapertura del restaurado parque [&hellip;]<\/p>\n","protected":false},"author":2,"featured_media":35241,"comment_status":"open","ping_status":"open","sticky":false,"template":"","format":"standard","meta":{"site-sidebar-layout":"default","site-content-layout":"","ast-site-content-layout":"default","site-content-style":"default","site-sidebar-style":"default","ast-global-header-display":"","ast-banner-title-visibility":"","ast-main-header-display":"","ast-hfb-above-header-display":"","ast-hfb-below-header-display":"","ast-hfb-mobile-header-display":"","site-post-title":"","ast-breadcrumbs-content":"","ast-featured-img":"","footer-sml-layout":"","ast-disable-related-posts":"","theme-transparent-header-meta":"","adv-header-id-meta":"","stick-header-meta":"","header-above-stick-meta":"","header-main-stick-meta":"","header-below-stick-meta":"","astra-migrate-meta-layouts":"default","ast-page-background-enabled":"default","ast-page-background-meta":{"desktop":{"background-color":"var(--ast-global-color-5)","background-image":"","background-repeat":"repeat","background-position":"center center","background-size":"auto","background-attachment":"scroll","background-type":"","background-media":"","overlay-type":"","overlay-color":"","overlay-opacity":"","overlay-gradient":""},"tablet":{"background-color":"","background-image":"","background-repeat":"repeat","background-position":"center center","background-size":"auto","background-attachment":"scroll","background-type":"","background-media":"","overlay-type":"","overlay-color":"","overlay-opacity":"","overlay-gradient":""},"mobile":{"background-color":"","background-image":"","background-repeat":"repeat","background-position":"center center","background-size":"auto","background-attachment":"scroll","background-type":"","background-media":"","overlay-type":"","overlay-color":"","overlay-opacity":"","overlay-gradient":""}},"ast-content-background-meta":{"desktop":{"background-color":"var(--ast-global-color-4)","background-image":"","background-repeat":"repeat","background-position":"center center","background-size":"auto","background-attachment":"scroll","background-type":"","background-media":"","overlay-type":"","overlay-color":"","overlay-opacity":"","overlay-gradient":""},"tablet":{"background-color":"var(--ast-global-color-4)","background-image":"","background-repeat":"repeat","background-position":"center center","background-size":"auto","background-attachment":"scroll","background-type":"","background-media":"","overlay-type":"","overlay-color":"","overlay-opacity":"","overlay-gradient":""},"mobile":{"background-color":"var(--ast-global-color-4)","background-image":"","background-repeat":"repeat","background-position":"center center","background-size":"auto","background-attachment":"scroll","background-type":"","background-media":"","overlay-type":"","overlay-color":"","overlay-opacity":"","overlay-gradient":""}},"footnotes":""},"categories":[16,1],"tags":[],"class_list":["post-35240","post","type-post","status-publish","format-standard","has-post-thumbnail","hentry","category-municipales","category-noticias"],"yoast_head":"<!-- This site is optimized with the Yoast SEO Premium plugin v23.0 (Yoast SEO v27.4) - https:\/\/yoast.com\/product\/yoast-seo-premium-wordpress\/ -->\n<title>Ma\u00f1ana reabre el parque del Chalet Huergo en Comodoro Rivadavia<\/title>\n<meta name=\"robots\" content=\"index, follow, max-snippet:-1, max-image-preview:large, max-video-preview:-1\" \/>\n<link rel=\"canonical\" href=\"https:\/\/patagoniambiental.com.ar\/info\/manana-reabre-el-parque-del-chalet-huergo\/\" \/>\n<meta property=\"og:locale\" content=\"es_ES\" \/>\n<meta property=\"og:type\" content=\"article\" \/>\n<meta property=\"og:title\" content=\"Ma\u00f1ana reabre el parque del Chalet Huergo en Comodoro Rivadavia\" \/>\n<meta property=\"og:description\" content=\"Comodoro Rivadavia.-En v\u00edsperas de la \u00e9poca estival, el municipio realizar\u00e1 ma\u00f1ana a las 10 horas, la reapertura del restaurado parque [&hellip;]\" \/>\n<meta property=\"og:url\" content=\"https:\/\/patagoniambiental.com.ar\/info\/manana-reabre-el-parque-del-chalet-huergo\/\" \/>\n<meta property=\"og:site_name\" content=\"Patagonia Ambiental\" \/>\n<meta property=\"article:publisher\" content=\"https:\/\/www.facebook.com\/patagonia.ambiental\" \/>\n<meta property=\"article:author\" content=\"https:\/\/www.facebook.com\/share\/1C1V8Gv9BX\/?mibextid=qi2Omg\" \/>\n<meta property=\"article:published_time\" content=\"2017-09-20T22:00:44+00:00\" \/>\n<meta property=\"article:modified_time\" content=\"2017-09-21T20:51:53+00:00\" \/>\n<meta property=\"og:image\" content=\"https:\/\/patagoniambiental.com.ar\/info\/wp-content\/uploads\/2017\/09\/0011646560.jpg\" \/>\n\t<meta property=\"og:image:width\" content=\"790\" \/>\n\t<meta property=\"og:image:height\" content=\"444\" \/>\n\t<meta property=\"og:image:type\" content=\"image\/jpeg\" \/>\n<meta name=\"author\" content=\"Patagonia Ambiental\" \/>\n<meta name=\"twitter:card\" content=\"summary_large_image\" \/>\n<meta name=\"twitter:creator\" content=\"@PatAmb\" \/>\n<meta name=\"twitter:site\" content=\"@PatAmb\" \/>\n<script type=\"application\/ld+json\" class=\"yoast-schema-graph\">{\"@context\":\"https:\\\/\\\/schema.org\",\"@graph\":[{\"@type\":\"Article\",\"@id\":\"https:\\\/\\\/patagoniambiental.com.ar\\\/info\\\/manana-reabre-el-parque-del-chalet-huergo\\\/#article\",\"isPartOf\":{\"@id\":\"https:\\\/\\\/patagoniambiental.com.ar\\\/info\\\/manana-reabre-el-parque-del-chalet-huergo\\\/\"},\"author\":{\"name\":\"Patagonia Ambiental\",\"@id\":\"https:\\\/\\\/patagoniambiental.com.ar\\\/info\\\/#\\\/schema\\\/person\\\/db12bff64bbcbf6a253710bf0ea37b5d\"},\"headline\":\"Ma\u00f1ana reabre el parque del Chalet Huergo en Comodoro Rivadavia\",\"datePublished\":\"2017-09-20T22:00:44+00:00\",\"dateModified\":\"2017-09-21T20:51:53+00:00\",\"mainEntityOfPage\":{\"@id\":\"https:\\\/\\\/patagoniambiental.com.ar\\\/info\\\/manana-reabre-el-parque-del-chalet-huergo\\\/\"},\"wordCount\":422,\"commentCount\":0,\"publisher\":{\"@id\":\"https:\\\/\\\/patagoniambiental.com.ar\\\/info\\\/#organization\"},\"image\":{\"@id\":\"https:\\\/\\\/patagoniambiental.com.ar\\\/info\\\/manana-reabre-el-parque-del-chalet-huergo\\\/#primaryimage\"},\"thumbnailUrl\":\"https:\\\/\\\/patagoniambiental.com.ar\\\/info\\\/wp-content\\\/uploads\\\/2017\\\/09\\\/0011646560.jpg\",\"articleSection\":[\"Municipales\",\"Noticias\"],\"inLanguage\":\"es\",\"potentialAction\":[{\"@type\":\"CommentAction\",\"name\":\"Comment\",\"target\":[\"https:\\\/\\\/patagoniambiental.com.ar\\\/info\\\/manana-reabre-el-parque-del-chalet-huergo\\\/#respond\"]}]},{\"@type\":\"WebPage\",\"@id\":\"https:\\\/\\\/patagoniambiental.com.ar\\\/info\\\/manana-reabre-el-parque-del-chalet-huergo\\\/\",\"url\":\"https:\\\/\\\/patagoniambiental.com.ar\\\/info\\\/manana-reabre-el-parque-del-chalet-huergo\\\/\",\"name\":\"Ma\u00f1ana reabre el parque del Chalet Huergo en Comodoro Rivadavia\",\"isPartOf\":{\"@id\":\"https:\\\/\\\/patagoniambiental.com.ar\\\/info\\\/#website\"},\"primaryImageOfPage\":{\"@id\":\"https:\\\/\\\/patagoniambiental.com.ar\\\/info\\\/manana-reabre-el-parque-del-chalet-huergo\\\/#primaryimage\"},\"image\":{\"@id\":\"https:\\\/\\\/patagoniambiental.com.ar\\\/info\\\/manana-reabre-el-parque-del-chalet-huergo\\\/#primaryimage\"},\"thumbnailUrl\":\"https:\\\/\\\/patagoniambiental.com.ar\\\/info\\\/wp-content\\\/uploads\\\/2017\\\/09\\\/0011646560.jpg\",\"datePublished\":\"2017-09-20T22:00:44+00:00\",\"dateModified\":\"2017-09-21T20:51:53+00:00\",\"breadcrumb\":{\"@id\":\"https:\\\/\\\/patagoniambiental.com.ar\\\/info\\\/manana-reabre-el-parque-del-chalet-huergo\\\/#breadcrumb\"},\"inLanguage\":\"es\",\"potentialAction\":[{\"@type\":\"ReadAction\",\"target\":[\"https:\\\/\\\/patagoniambiental.com.ar\\\/info\\\/manana-reabre-el-parque-del-chalet-huergo\\\/\"]}]},{\"@type\":\"ImageObject\",\"inLanguage\":\"es\",\"@id\":\"https:\\\/\\\/patagoniambiental.com.ar\\\/info\\\/manana-reabre-el-parque-del-chalet-huergo\\\/#primaryimage\",\"url\":\"https:\\\/\\\/patagoniambiental.com.ar\\\/info\\\/wp-content\\\/uploads\\\/2017\\\/09\\\/0011646560.jpg\",\"contentUrl\":\"https:\\\/\\\/patagoniambiental.com.ar\\\/info\\\/wp-content\\\/uploads\\\/2017\\\/09\\\/0011646560.jpg\",\"width\":790,\"height\":444},{\"@type\":\"BreadcrumbList\",\"@id\":\"https:\\\/\\\/patagoniambiental.com.ar\\\/info\\\/manana-reabre-el-parque-del-chalet-huergo\\\/#breadcrumb\",\"itemListElement\":[{\"@type\":\"ListItem\",\"position\":1,\"name\":\"Inicio\",\"item\":\"https:\\\/\\\/patagoniambiental.com.ar\\\/info\\\/\"},{\"@type\":\"ListItem\",\"position\":2,\"name\":\"Ma\u00f1ana reabre el parque del Chalet Huergo en Comodoro Rivadavia\"}]},{\"@type\":\"WebSite\",\"@id\":\"https:\\\/\\\/patagoniambiental.com.ar\\\/info\\\/#website\",\"url\":\"https:\\\/\\\/patagoniambiental.com.ar\\\/info\\\/\",\"name\":\"Patagonia Ambiental\",\"description\":\"Monitoreo y an\u00e1lisis de la situaci\u00f3n geopol\u00edtica en el mundo y su implicancia en la Patagonia\",\"publisher\":{\"@id\":\"https:\\\/\\\/patagoniambiental.com.ar\\\/info\\\/#organization\"},\"potentialAction\":[{\"@type\":\"SearchAction\",\"target\":{\"@type\":\"EntryPoint\",\"urlTemplate\":\"https:\\\/\\\/patagoniambiental.com.ar\\\/info\\\/?s={search_term_string}\"},\"query-input\":{\"@type\":\"PropertyValueSpecification\",\"valueRequired\":true,\"valueName\":\"search_term_string\"}}],\"inLanguage\":\"es\"},{\"@type\":\"Organization\",\"@id\":\"https:\\\/\\\/patagoniambiental.com.ar\\\/info\\\/#organization\",\"name\":\"Patagonia Ambiental\",\"url\":\"https:\\\/\\\/patagoniambiental.com.ar\\\/info\\\/\",\"logo\":{\"@type\":\"ImageObject\",\"inLanguage\":\"es\",\"@id\":\"https:\\\/\\\/patagoniambiental.com.ar\\\/info\\\/#\\\/schema\\\/logo\\\/image\\\/\",\"url\":\"https:\\\/\\\/patagoniambiental.com.ar\\\/info\\\/wp-content\\\/uploads\\\/2025\\\/05\\\/LOGO-PATAGONIA-AMBIENTAL.png\",\"contentUrl\":\"https:\\\/\\\/patagoniambiental.com.ar\\\/info\\\/wp-content\\\/uploads\\\/2025\\\/05\\\/LOGO-PATAGONIA-AMBIENTAL.png\",\"width\":433,\"height\":250,\"caption\":\"Patagonia Ambiental\"},\"image\":{\"@id\":\"https:\\\/\\\/patagoniambiental.com.ar\\\/info\\\/#\\\/schema\\\/logo\\\/image\\\/\"},\"sameAs\":[\"https:\\\/\\\/www.facebook.com\\\/patagonia.ambiental\",\"https:\\\/\\\/x.com\\\/PatAmb\"]},{\"@type\":\"Person\",\"@id\":\"https:\\\/\\\/patagoniambiental.com.ar\\\/info\\\/#\\\/schema\\\/person\\\/db12bff64bbcbf6a253710bf0ea37b5d\",\"name\":\"Patagonia Ambiental\",\"description\":\"Andr\u00e9s Nievas T\u00e9cnico en manejo ambiental, consultor Ambiental y escritor para medios locales e internacionales sobre temas de geopolitica y medio ambiente.\",\"sameAs\":[\"http:\\\/\\\/www.patagoniambiental.com.ar\",\"https:\\\/\\\/www.facebook.com\\\/share\\\/1C1V8Gv9BX\\\/?mibextid=qi2Omg\",\"@patagoniambiental\",\"https:\\\/\\\/youtube.com\\\/@patagoniaambiental2023?si=BLt58t0wuXquxlYZ\"]}]}<\/script>\n<!-- \/ Yoast SEO Premium plugin. -->","yoast_head_json":{"title":"Ma\u00f1ana reabre el parque del Chalet Huergo en Comodoro Rivadavia","robots":{"index":"index","follow":"follow","max-snippet":"max-snippet:-1","max-image-preview":"max-image-preview:large","max-video-preview":"max-video-preview:-1"},"canonical":"https:\/\/patagoniambiental.com.ar\/info\/manana-reabre-el-parque-del-chalet-huergo\/","og_locale":"es_ES","og_type":"article","og_title":"Ma\u00f1ana reabre el parque del Chalet Huergo en Comodoro Rivadavia","og_description":"Comodoro Rivadavia.-En v\u00edsperas de la \u00e9poca estival, el municipio realizar\u00e1 ma\u00f1ana a las 10 horas, la reapertura del restaurado parque [&hellip;]","og_url":"https:\/\/patagoniambiental.com.ar\/info\/manana-reabre-el-parque-del-chalet-huergo\/","og_site_name":"Patagonia Ambiental","article_publisher":"https:\/\/www.facebook.com\/patagonia.ambiental","article_author":"https:\/\/www.facebook.com\/share\/1C1V8Gv9BX\/?mibextid=qi2Omg","article_published_time":"2017-09-20T22:00:44+00:00","article_modified_time":"2017-09-21T20:51:53+00:00","og_image":[{"width":790,"height":444,"url":"https:\/\/patagoniambiental.com.ar\/info\/wp-content\/uploads\/2017\/09\/0011646560.jpg","type":"image\/jpeg"}],"author":"Patagonia Ambiental","twitter_card":"summary_large_image","twitter_creator":"@PatAmb","twitter_site":"@PatAmb","schema":{"@context":"https:\/\/schema.org","@graph":[{"@type":"Article","@id":"https:\/\/patagoniambiental.com.ar\/info\/manana-reabre-el-parque-del-chalet-huergo\/#article","isPartOf":{"@id":"https:\/\/patagoniambiental.com.ar\/info\/manana-reabre-el-parque-del-chalet-huergo\/"},"author":{"name":"Patagonia Ambiental","@id":"https:\/\/patagoniambiental.com.ar\/info\/#\/schema\/person\/db12bff64bbcbf6a253710bf0ea37b5d"},"headline":"Ma\u00f1ana reabre el parque del Chalet Huergo en Comodoro Rivadavia","datePublished":"2017-09-20T22:00:44+00:00","dateModified":"2017-09-21T20:51:53+00:00","mainEntityOfPage":{"@id":"https:\/\/patagoniambiental.com.ar\/info\/manana-reabre-el-parque-del-chalet-huergo\/"},"wordCount":422,"commentCount":0,"publisher":{"@id":"https:\/\/patagoniambiental.com.ar\/info\/#organization"},"image":{"@id":"https:\/\/patagoniambiental.com.ar\/info\/manana-reabre-el-parque-del-chalet-huergo\/#primaryimage"},"thumbnailUrl":"https:\/\/patagoniambiental.com.ar\/info\/wp-content\/uploads\/2017\/09\/0011646560.jpg","articleSection":["Municipales","Noticias"],"inLanguage":"es","potentialAction":[{"@type":"CommentAction","name":"Comment","target":["https:\/\/patagoniambiental.com.ar\/info\/manana-reabre-el-parque-del-chalet-huergo\/#respond"]}]},{"@type":"WebPage","@id":"https:\/\/patagoniambiental.com.ar\/info\/manana-reabre-el-parque-del-chalet-huergo\/","url":"https:\/\/patagoniambiental.com.ar\/info\/manana-reabre-el-parque-del-chalet-huergo\/","name":"Ma\u00f1ana reabre el parque del Chalet Huergo en Comodoro Rivadavia","isPartOf":{"@id":"https:\/\/patagoniambiental.com.ar\/info\/#website"},"primaryImageOfPage":{"@id":"https:\/\/patagoniambiental.com.ar\/info\/manana-reabre-el-parque-del-chalet-huergo\/#primaryimage"},"image":{"@id":"https:\/\/patagoniambiental.com.ar\/info\/manana-reabre-el-parque-del-chalet-huergo\/#primaryimage"},"thumbnailUrl":"https:\/\/patagoniambiental.com.ar\/info\/wp-content\/uploads\/2017\/09\/0011646560.jpg","datePublished":"2017-09-20T22:00:44+00:00","dateModified":"2017-09-21T20:51:53+00:00","breadcrumb":{"@id":"https:\/\/patagoniambiental.com.ar\/info\/manana-reabre-el-parque-del-chalet-huergo\/#breadcrumb"},"inLanguage":"es","potentialAction":[{"@type":"ReadAction","target":["https:\/\/patagoniambiental.com.ar\/info\/manana-reabre-el-parque-del-chalet-huergo\/"]}]},{"@type":"ImageObject","inLanguage":"es","@id":"https:\/\/patagoniambiental.com.ar\/info\/manana-reabre-el-parque-del-chalet-huergo\/#primaryimage","url":"https:\/\/patagoniambiental.com.ar\/info\/wp-content\/uploads\/2017\/09\/0011646560.jpg","contentUrl":"https:\/\/patagoniambiental.com.ar\/info\/wp-content\/uploads\/2017\/09\/0011646560.jpg","width":790,"height":444},{"@type":"BreadcrumbList","@id":"https:\/\/patagoniambiental.com.ar\/info\/manana-reabre-el-parque-del-chalet-huergo\/#breadcrumb","itemListElement":[{"@type":"ListItem","position":1,"name":"Inicio","item":"https:\/\/patagoniambiental.com.ar\/info\/"},{"@type":"ListItem","position":2,"name":"Ma\u00f1ana reabre el parque del Chalet Huergo en Comodoro Rivadavia"}]},{"@type":"WebSite","@id":"https:\/\/patagoniambiental.com.ar\/info\/#website","url":"https:\/\/patagoniambiental.com.ar\/info\/","name":"Patagonia Ambiental","description":"Monitoreo y an\u00e1lisis de la situaci\u00f3n geopol\u00edtica en el mundo y su implicancia en la Patagonia","publisher":{"@id":"https:\/\/patagoniambiental.com.ar\/info\/#organization"},"potentialAction":[{"@type":"SearchAction","target":{"@type":"EntryPoint","urlTemplate":"https:\/\/patagoniambiental.com.ar\/info\/?s={search_term_string}"},"query-input":{"@type":"PropertyValueSpecification","valueRequired":true,"valueName":"search_term_string"}}],"inLanguage":"es"},{"@type":"Organization","@id":"https:\/\/patagoniambiental.com.ar\/info\/#organization","name":"Patagonia Ambiental","url":"https:\/\/patagoniambiental.com.ar\/info\/","logo":{"@type":"ImageObject","inLanguage":"es","@id":"https:\/\/patagoniambiental.com.ar\/info\/#\/schema\/logo\/image\/","url":"https:\/\/patagoniambiental.com.ar\/info\/wp-content\/uploads\/2025\/05\/LOGO-PATAGONIA-AMBIENTAL.png","contentUrl":"https:\/\/patagoniambiental.com.ar\/info\/wp-content\/uploads\/2025\/05\/LOGO-PATAGONIA-AMBIENTAL.png","width":433,"height":250,"caption":"Patagonia Ambiental"},"image":{"@id":"https:\/\/patagoniambiental.com.ar\/info\/#\/schema\/logo\/image\/"},"sameAs":["https:\/\/www.facebook.com\/patagonia.ambiental","https:\/\/x.com\/PatAmb"]},{"@type":"Person","@id":"https:\/\/patagoniambiental.com.ar\/info\/#\/schema\/person\/db12bff64bbcbf6a253710bf0ea37b5d","name":"Patagonia Ambiental","description":"Andr\u00e9s Nievas T\u00e9cnico en manejo ambiental, consultor Ambiental y escritor para medios locales e internacionales sobre temas de geopolitica y medio ambiente.","sameAs":["http:\/\/www.patagoniambiental.com.ar","https:\/\/www.facebook.com\/share\/1C1V8Gv9BX\/?mibextid=qi2Omg","@patagoniambiental","https:\/\/youtube.com\/@patagoniaambiental2023?si=BLt58t0wuXquxlYZ"]}]}},"_links":{"self":[{"href":"https:\/\/patagoniambiental.com.ar\/info\/wp-json\/wp\/v2\/posts\/35240","targetHints":{"allow":["GET"]}}],"collection":[{"href":"https:\/\/patagoniambiental.com.ar\/info\/wp-json\/wp\/v2\/posts"}],"about":[{"href":"https:\/\/patagoniambiental.com.ar\/info\/wp-json\/wp\/v2\/types\/post"}],"author":[{"embeddable":true,"href":"https:\/\/patagoniambiental.com.ar\/info\/wp-json\/wp\/v2\/users\/2"}],"replies":[{"embeddable":true,"href":"https:\/\/patagoniambiental.com.ar\/info\/wp-json\/wp\/v2\/comments?post=35240"}],"version-history":[{"count":0,"href":"https:\/\/patagoniambiental.com.ar\/info\/wp-json\/wp\/v2\/posts\/35240\/revisions"}],"wp:featuredmedia":[{"embeddable":true,"href":"https:\/\/patagoniambiental.com.ar\/info\/wp-json\/wp\/v2\/media\/35241"}],"wp:attachment":[{"href":"https:\/\/patagoniambiental.com.ar\/info\/wp-json\/wp\/v2\/media?parent=35240"}],"wp:term":[{"taxonomy":"category","embeddable":true,"href":"https:\/\/patagoniambiental.com.ar\/info\/wp-json\/wp\/v2\/categories?post=35240"},{"taxonomy":"post_tag","embeddable":true,"href":"https:\/\/patagoniambiental.com.ar\/info\/wp-json\/wp\/v2\/tags?post=35240"}],"curies":[{"name":"wp","href":"https:\/\/api.w.org\/{rel}","templated":true}]}}