{"id":35247,"date":"2017-09-22T09:00:21","date_gmt":"2017-09-22T12:00:21","guid":{"rendered":"http:\/\/patagoniambiental.com.ar\/info\/?p=35247"},"modified":"2017-09-21T21:39:41","modified_gmt":"2017-09-22T00:39:41","slug":"el-9-de-noviembre-se-realizara-la-audiencia-publica-por-la-superpoblacion-de-perros-en-rio-gallegos","status":"publish","type":"post","link":"https:\/\/patagoniambiental.com.ar\/info\/el-9-de-noviembre-se-realizara-la-audiencia-publica-por-la-superpoblacion-de-perros-en-rio-gallegos\/","title":{"rendered":"El 9 de noviembre se realizar\u00e1 la audiencia p\u00fablica por la superpoblaci\u00f3n de perros en R\u00edo Gallegos"},"content":{"rendered":"<p>R\u00cdO GALLEGOS.- El proyecto de ordenanza de autor\u00eda del concejal Osvaldo Scippo (FPV) fue aprobado por unanimidad en el Concejo Deliberante. El edil indic\u00f3 que la ciudadan\u00eda debe dar su opini\u00f3n sobre la problem\u00e1tica.<\/p>\n<p>En una nueva sesi\u00f3n en el Concejo Deliberante, \u00a0se trat\u00f3 el proyecto de ordenanza del concejal Osvaldo Scippo (FPV), que propone una audiencia p\u00fablica por la superpoblaci\u00f3n canina en R\u00edo Gallegos. El expediente fue aprobado por unanimidad y la audiencia se realizar\u00e1 el 9 de noviembre. \u201cLas personas que quieran inscribirse deben hacerlo en el sector de atenci\u00f3n al vecino del Concejo Deliberante\u201d se\u00f1al\u00f3 el concejal en dialogo con TS-Digital.<\/p>\n<p>\u201cConsidero que va a haber muchos inscriptos. Ah\u00ed se les otorgaran los horarios, para que nos den ideas de qu\u00e9 hacer con el tema de la superpoblaci\u00f3n canina\u201d dijo el concejal.<\/p>\n<p>\u201cLa audiencia va a generar propuestas de los que se acerquen. Nosotros vamos a hacer un resumen de esas y lo daremos a conocer p\u00fablicamente. Luego lo vamos a elevar al intendente para que lo ejecute\u201d explic\u00f3 el legislador Municipal.<\/p>\n<p>Por \u00faltimo, y luego de las cr\u00edticas que surgieron de su proyecto por parte de las proteccionistas, se\u00f1al\u00f3 que \u201cnadie puede estar en contra de una audiencia, porque ah\u00ed es donde la gente puede expresar ideas. La intolerancia no es buena consejera\u201d, lanz\u00f3.<\/p>\n<p>Fuente:\u00a0http:\/\/www.tiemposur.com.ar\/nota\/139321-el-9-de-noviembre-se-realizara-la-audiencia-publica-por-la-superpoblacion-de-perros<\/p>\n","protected":false},"excerpt":{"rendered":"<p>R\u00cdO GALLEGOS.- El proyecto de ordenanza de autor\u00eda del concejal Osvaldo Scippo (FPV) fue aprobado por unanimidad en el Concejo [&hellip;]<\/p>\n","protected":false},"author":2,"featured_media":35248,"comment_status":"open","ping_status":"open","sticky":false,"template":"","format":"standard","meta":{"site-sidebar-layout":"default","site-content-layout":"","ast-site-content-layout":"default","site-content-style":"default","site-sidebar-style":"default","ast-global-header-display":"","ast-banner-title-visibility":"","ast-main-header-display":"","ast-hfb-above-header-display":"","ast-hfb-below-header-display":"","ast-hfb-mobile-header-display":"","site-post-title":"","ast-breadcrumbs-content":"","ast-featured-img":"","footer-sml-layout":"","ast-disable-related-posts":"","theme-transparent-header-meta":"","adv-header-id-meta":"","stick-header-meta":"","header-above-stick-meta":"","header-main-stick-meta":"","header-below-stick-meta":"","astra-migrate-meta-layouts":"default","ast-page-background-enabled":"default","ast-page-background-meta":{"desktop":{"background-color":"var(--ast-global-color-5)","background-image":"","background-repeat":"repeat","background-position":"center center","background-size":"auto","background-attachment":"scroll","background-type":"","background-media":"","overlay-type":"","overlay-color":"","overlay-opacity":"","overlay-gradient":""},"tablet":{"background-color":"","background-image":"","background-repeat":"repeat","background-position":"center center","background-size":"auto","background-attachment":"scroll","background-type":"","background-media":"","overlay-type":"","overlay-color":"","overlay-opacity":"","overlay-gradient":""},"mobile":{"background-color":"","background-image":"","background-repeat":"repeat","background-position":"center center","background-size":"auto","background-attachment":"scroll","background-type":"","background-media":"","overlay-type":"","overlay-color":"","overlay-opacity":"","overlay-gradient":""}},"ast-content-background-meta":{"desktop":{"background-color":"var(--ast-global-color-4)","background-image":"","background-repeat":"repeat","background-position":"center center","background-size":"auto","background-attachment":"scroll","background-type":"","background-media":"","overlay-type":"","overlay-color":"","overlay-opacity":"","overlay-gradient":""},"tablet":{"background-color":"var(--ast-global-color-4)","background-image":"","background-repeat":"repeat","background-position":"center center","background-size":"auto","background-attachment":"scroll","background-type":"","background-media":"","overlay-type":"","overlay-color":"","overlay-opacity":"","overlay-gradient":""},"mobile":{"background-color":"var(--ast-global-color-4)","background-image":"","background-repeat":"repeat","background-position":"center center","background-size":"auto","background-attachment":"scroll","background-type":"","background-media":"","overlay-type":"","overlay-color":"","overlay-opacity":"","overlay-gradient":""}},"footnotes":""},"categories":[16,1],"tags":[],"class_list":["post-35247","post","type-post","status-publish","format-standard","has-post-thumbnail","hentry","category-municipales","category-noticias"],"yoast_head":"<!-- This site is optimized with the Yoast SEO Premium plugin v23.0 (Yoast SEO v27.4) - https:\/\/yoast.com\/product\/yoast-seo-premium-wordpress\/ -->\n<title>El 9 de noviembre se realizar\u00e1 la audiencia p\u00fablica por la superpoblaci\u00f3n de perros en R\u00edo Gallegos<\/title>\n<meta name=\"robots\" content=\"index, follow, max-snippet:-1, max-image-preview:large, max-video-preview:-1\" \/>\n<link rel=\"canonical\" href=\"https:\/\/patagoniambiental.com.ar\/info\/el-9-de-noviembre-se-realizara-la-audiencia-publica-por-la-superpoblacion-de-perros-en-rio-gallegos\/\" \/>\n<meta property=\"og:locale\" content=\"es_ES\" \/>\n<meta property=\"og:type\" content=\"article\" \/>\n<meta property=\"og:title\" content=\"El 9 de noviembre se realizar\u00e1 la audiencia p\u00fablica por la superpoblaci\u00f3n de perros en R\u00edo Gallegos\" \/>\n<meta property=\"og:description\" content=\"R\u00cdO GALLEGOS.- El proyecto de ordenanza de autor\u00eda del concejal Osvaldo Scippo (FPV) fue aprobado por unanimidad en el Concejo [&hellip;]\" \/>\n<meta property=\"og:url\" content=\"https:\/\/patagoniambiental.com.ar\/info\/el-9-de-noviembre-se-realizara-la-audiencia-publica-por-la-superpoblacion-de-perros-en-rio-gallegos\/\" \/>\n<meta property=\"og:site_name\" content=\"Patagonia Ambiental\" \/>\n<meta property=\"article:publisher\" content=\"https:\/\/www.facebook.com\/patagonia.ambiental\" \/>\n<meta property=\"article:author\" content=\"https:\/\/www.facebook.com\/share\/1C1V8Gv9BX\/?mibextid=qi2Omg\" \/>\n<meta property=\"article:published_time\" content=\"2017-09-22T12:00:21+00:00\" \/>\n<meta property=\"og:image\" content=\"https:\/\/patagoniambiental.com.ar\/info\/wp-content\/uploads\/2017\/09\/concejo.jpg\" \/>\n\t<meta property=\"og:image:width\" content=\"555\" \/>\n\t<meta property=\"og:image:height\" content=\"370\" \/>\n\t<meta property=\"og:image:type\" content=\"image\/jpeg\" \/>\n<meta name=\"author\" content=\"Patagonia Ambiental\" \/>\n<meta name=\"twitter:card\" content=\"summary_large_image\" \/>\n<meta name=\"twitter:creator\" content=\"@PatAmb\" \/>\n<meta name=\"twitter:site\" content=\"@PatAmb\" \/>\n<script type=\"application\/ld+json\" class=\"yoast-schema-graph\">{\"@context\":\"https:\\\/\\\/schema.org\",\"@graph\":[{\"@type\":\"Article\",\"@id\":\"https:\\\/\\\/patagoniambiental.com.ar\\\/info\\\/el-9-de-noviembre-se-realizara-la-audiencia-publica-por-la-superpoblacion-de-perros-en-rio-gallegos\\\/#article\",\"isPartOf\":{\"@id\":\"https:\\\/\\\/patagoniambiental.com.ar\\\/info\\\/el-9-de-noviembre-se-realizara-la-audiencia-publica-por-la-superpoblacion-de-perros-en-rio-gallegos\\\/\"},\"author\":{\"name\":\"Patagonia Ambiental\",\"@id\":\"https:\\\/\\\/patagoniambiental.com.ar\\\/info\\\/#\\\/schema\\\/person\\\/db12bff64bbcbf6a253710bf0ea37b5d\"},\"headline\":\"El 9 de noviembre se realizar\u00e1 la audiencia p\u00fablica por la superpoblaci\u00f3n de perros en R\u00edo Gallegos\",\"datePublished\":\"2017-09-22T12:00:21+00:00\",\"mainEntityOfPage\":{\"@id\":\"https:\\\/\\\/patagoniambiental.com.ar\\\/info\\\/el-9-de-noviembre-se-realizara-la-audiencia-publica-por-la-superpoblacion-de-perros-en-rio-gallegos\\\/\"},\"wordCount\":261,\"commentCount\":0,\"publisher\":{\"@id\":\"https:\\\/\\\/patagoniambiental.com.ar\\\/info\\\/#organization\"},\"image\":{\"@id\":\"https:\\\/\\\/patagoniambiental.com.ar\\\/info\\\/el-9-de-noviembre-se-realizara-la-audiencia-publica-por-la-superpoblacion-de-perros-en-rio-gallegos\\\/#primaryimage\"},\"thumbnailUrl\":\"https:\\\/\\\/patagoniambiental.com.ar\\\/info\\\/wp-content\\\/uploads\\\/2017\\\/09\\\/concejo.jpg\",\"articleSection\":[\"Municipales\",\"Noticias\"],\"inLanguage\":\"es\",\"potentialAction\":[{\"@type\":\"CommentAction\",\"name\":\"Comment\",\"target\":[\"https:\\\/\\\/patagoniambiental.com.ar\\\/info\\\/el-9-de-noviembre-se-realizara-la-audiencia-publica-por-la-superpoblacion-de-perros-en-rio-gallegos\\\/#respond\"]}]},{\"@type\":\"WebPage\",\"@id\":\"https:\\\/\\\/patagoniambiental.com.ar\\\/info\\\/el-9-de-noviembre-se-realizara-la-audiencia-publica-por-la-superpoblacion-de-perros-en-rio-gallegos\\\/\",\"url\":\"https:\\\/\\\/patagoniambiental.com.ar\\\/info\\\/el-9-de-noviembre-se-realizara-la-audiencia-publica-por-la-superpoblacion-de-perros-en-rio-gallegos\\\/\",\"name\":\"El 9 de noviembre se realizar\u00e1 la audiencia p\u00fablica por la superpoblaci\u00f3n de perros en R\u00edo Gallegos\",\"isPartOf\":{\"@id\":\"https:\\\/\\\/patagoniambiental.com.ar\\\/info\\\/#website\"},\"primaryImageOfPage\":{\"@id\":\"https:\\\/\\\/patagoniambiental.com.ar\\\/info\\\/el-9-de-noviembre-se-realizara-la-audiencia-publica-por-la-superpoblacion-de-perros-en-rio-gallegos\\\/#primaryimage\"},\"image\":{\"@id\":\"https:\\\/\\\/patagoniambiental.com.ar\\\/info\\\/el-9-de-noviembre-se-realizara-la-audiencia-publica-por-la-superpoblacion-de-perros-en-rio-gallegos\\\/#primaryimage\"},\"thumbnailUrl\":\"https:\\\/\\\/patagoniambiental.com.ar\\\/info\\\/wp-content\\\/uploads\\\/2017\\\/09\\\/concejo.jpg\",\"datePublished\":\"2017-09-22T12:00:21+00:00\",\"breadcrumb\":{\"@id\":\"https:\\\/\\\/patagoniambiental.com.ar\\\/info\\\/el-9-de-noviembre-se-realizara-la-audiencia-publica-por-la-superpoblacion-de-perros-en-rio-gallegos\\\/#breadcrumb\"},\"inLanguage\":\"es\",\"potentialAction\":[{\"@type\":\"ReadAction\",\"target\":[\"https:\\\/\\\/patagoniambiental.com.ar\\\/info\\\/el-9-de-noviembre-se-realizara-la-audiencia-publica-por-la-superpoblacion-de-perros-en-rio-gallegos\\\/\"]}]},{\"@type\":\"ImageObject\",\"inLanguage\":\"es\",\"@id\":\"https:\\\/\\\/patagoniambiental.com.ar\\\/info\\\/el-9-de-noviembre-se-realizara-la-audiencia-publica-por-la-superpoblacion-de-perros-en-rio-gallegos\\\/#primaryimage\",\"url\":\"https:\\\/\\\/patagoniambiental.com.ar\\\/info\\\/wp-content\\\/uploads\\\/2017\\\/09\\\/concejo.jpg\",\"contentUrl\":\"https:\\\/\\\/patagoniambiental.com.ar\\\/info\\\/wp-content\\\/uploads\\\/2017\\\/09\\\/concejo.jpg\",\"width\":555,\"height\":370},{\"@type\":\"BreadcrumbList\",\"@id\":\"https:\\\/\\\/patagoniambiental.com.ar\\\/info\\\/el-9-de-noviembre-se-realizara-la-audiencia-publica-por-la-superpoblacion-de-perros-en-rio-gallegos\\\/#breadcrumb\",\"itemListElement\":[{\"@type\":\"ListItem\",\"position\":1,\"name\":\"Inicio\",\"item\":\"https:\\\/\\\/patagoniambiental.com.ar\\\/info\\\/\"},{\"@type\":\"ListItem\",\"position\":2,\"name\":\"El 9 de noviembre se realizar\u00e1 la audiencia p\u00fablica por la superpoblaci\u00f3n de perros en R\u00edo Gallegos\"}]},{\"@type\":\"WebSite\",\"@id\":\"https:\\\/\\\/patagoniambiental.com.ar\\\/info\\\/#website\",\"url\":\"https:\\\/\\\/patagoniambiental.com.ar\\\/info\\\/\",\"name\":\"Patagonia Ambiental\",\"description\":\"Monitoreo y an\u00e1lisis de la situaci\u00f3n geopol\u00edtica en el mundo y su implicancia en la Patagonia\",\"publisher\":{\"@id\":\"https:\\\/\\\/patagoniambiental.com.ar\\\/info\\\/#organization\"},\"potentialAction\":[{\"@type\":\"SearchAction\",\"target\":{\"@type\":\"EntryPoint\",\"urlTemplate\":\"https:\\\/\\\/patagoniambiental.com.ar\\\/info\\\/?s={search_term_string}\"},\"query-input\":{\"@type\":\"PropertyValueSpecification\",\"valueRequired\":true,\"valueName\":\"search_term_string\"}}],\"inLanguage\":\"es\"},{\"@type\":\"Organization\",\"@id\":\"https:\\\/\\\/patagoniambiental.com.ar\\\/info\\\/#organization\",\"name\":\"Patagonia Ambiental\",\"url\":\"https:\\\/\\\/patagoniambiental.com.ar\\\/info\\\/\",\"logo\":{\"@type\":\"ImageObject\",\"inLanguage\":\"es\",\"@id\":\"https:\\\/\\\/patagoniambiental.com.ar\\\/info\\\/#\\\/schema\\\/logo\\\/image\\\/\",\"url\":\"https:\\\/\\\/patagoniambiental.com.ar\\\/info\\\/wp-content\\\/uploads\\\/2025\\\/05\\\/LOGO-PATAGONIA-AMBIENTAL.png\",\"contentUrl\":\"https:\\\/\\\/patagoniambiental.com.ar\\\/info\\\/wp-content\\\/uploads\\\/2025\\\/05\\\/LOGO-PATAGONIA-AMBIENTAL.png\",\"width\":433,\"height\":250,\"caption\":\"Patagonia Ambiental\"},\"image\":{\"@id\":\"https:\\\/\\\/patagoniambiental.com.ar\\\/info\\\/#\\\/schema\\\/logo\\\/image\\\/\"},\"sameAs\":[\"https:\\\/\\\/www.facebook.com\\\/patagonia.ambiental\",\"https:\\\/\\\/x.com\\\/PatAmb\"]},{\"@type\":\"Person\",\"@id\":\"https:\\\/\\\/patagoniambiental.com.ar\\\/info\\\/#\\\/schema\\\/person\\\/db12bff64bbcbf6a253710bf0ea37b5d\",\"name\":\"Patagonia Ambiental\",\"description\":\"Andr\u00e9s Nievas T\u00e9cnico en manejo ambiental, consultor Ambiental y escritor para medios locales e internacionales sobre temas de geopolitica y medio ambiente.\",\"sameAs\":[\"http:\\\/\\\/www.patagoniambiental.com.ar\",\"https:\\\/\\\/www.facebook.com\\\/share\\\/1C1V8Gv9BX\\\/?mibextid=qi2Omg\",\"@patagoniambiental\",\"https:\\\/\\\/youtube.com\\\/@patagoniaambiental2023?si=BLt58t0wuXquxlYZ\"]}]}<\/script>\n<!-- \/ Yoast SEO Premium plugin. -->","yoast_head_json":{"title":"El 9 de noviembre se realizar\u00e1 la audiencia p\u00fablica por la superpoblaci\u00f3n de perros en R\u00edo Gallegos","robots":{"index":"index","follow":"follow","max-snippet":"max-snippet:-1","max-image-preview":"max-image-preview:large","max-video-preview":"max-video-preview:-1"},"canonical":"https:\/\/patagoniambiental.com.ar\/info\/el-9-de-noviembre-se-realizara-la-audiencia-publica-por-la-superpoblacion-de-perros-en-rio-gallegos\/","og_locale":"es_ES","og_type":"article","og_title":"El 9 de noviembre se realizar\u00e1 la audiencia p\u00fablica por la superpoblaci\u00f3n de perros en R\u00edo Gallegos","og_description":"R\u00cdO GALLEGOS.- El proyecto de ordenanza de autor\u00eda del concejal Osvaldo Scippo (FPV) fue aprobado por unanimidad en el Concejo [&hellip;]","og_url":"https:\/\/patagoniambiental.com.ar\/info\/el-9-de-noviembre-se-realizara-la-audiencia-publica-por-la-superpoblacion-de-perros-en-rio-gallegos\/","og_site_name":"Patagonia Ambiental","article_publisher":"https:\/\/www.facebook.com\/patagonia.ambiental","article_author":"https:\/\/www.facebook.com\/share\/1C1V8Gv9BX\/?mibextid=qi2Omg","article_published_time":"2017-09-22T12:00:21+00:00","og_image":[{"width":555,"height":370,"url":"https:\/\/patagoniambiental.com.ar\/info\/wp-content\/uploads\/2017\/09\/concejo.jpg","type":"image\/jpeg"}],"author":"Patagonia Ambiental","twitter_card":"summary_large_image","twitter_creator":"@PatAmb","twitter_site":"@PatAmb","schema":{"@context":"https:\/\/schema.org","@graph":[{"@type":"Article","@id":"https:\/\/patagoniambiental.com.ar\/info\/el-9-de-noviembre-se-realizara-la-audiencia-publica-por-la-superpoblacion-de-perros-en-rio-gallegos\/#article","isPartOf":{"@id":"https:\/\/patagoniambiental.com.ar\/info\/el-9-de-noviembre-se-realizara-la-audiencia-publica-por-la-superpoblacion-de-perros-en-rio-gallegos\/"},"author":{"name":"Patagonia Ambiental","@id":"https:\/\/patagoniambiental.com.ar\/info\/#\/schema\/person\/db12bff64bbcbf6a253710bf0ea37b5d"},"headline":"El 9 de noviembre se realizar\u00e1 la audiencia p\u00fablica por la superpoblaci\u00f3n de perros en R\u00edo Gallegos","datePublished":"2017-09-22T12:00:21+00:00","mainEntityOfPage":{"@id":"https:\/\/patagoniambiental.com.ar\/info\/el-9-de-noviembre-se-realizara-la-audiencia-publica-por-la-superpoblacion-de-perros-en-rio-gallegos\/"},"wordCount":261,"commentCount":0,"publisher":{"@id":"https:\/\/patagoniambiental.com.ar\/info\/#organization"},"image":{"@id":"https:\/\/patagoniambiental.com.ar\/info\/el-9-de-noviembre-se-realizara-la-audiencia-publica-por-la-superpoblacion-de-perros-en-rio-gallegos\/#primaryimage"},"thumbnailUrl":"https:\/\/patagoniambiental.com.ar\/info\/wp-content\/uploads\/2017\/09\/concejo.jpg","articleSection":["Municipales","Noticias"],"inLanguage":"es","potentialAction":[{"@type":"CommentAction","name":"Comment","target":["https:\/\/patagoniambiental.com.ar\/info\/el-9-de-noviembre-se-realizara-la-audiencia-publica-por-la-superpoblacion-de-perros-en-rio-gallegos\/#respond"]}]},{"@type":"WebPage","@id":"https:\/\/patagoniambiental.com.ar\/info\/el-9-de-noviembre-se-realizara-la-audiencia-publica-por-la-superpoblacion-de-perros-en-rio-gallegos\/","url":"https:\/\/patagoniambiental.com.ar\/info\/el-9-de-noviembre-se-realizara-la-audiencia-publica-por-la-superpoblacion-de-perros-en-rio-gallegos\/","name":"El 9 de noviembre se realizar\u00e1 la audiencia p\u00fablica por la superpoblaci\u00f3n de perros en R\u00edo Gallegos","isPartOf":{"@id":"https:\/\/patagoniambiental.com.ar\/info\/#website"},"primaryImageOfPage":{"@id":"https:\/\/patagoniambiental.com.ar\/info\/el-9-de-noviembre-se-realizara-la-audiencia-publica-por-la-superpoblacion-de-perros-en-rio-gallegos\/#primaryimage"},"image":{"@id":"https:\/\/patagoniambiental.com.ar\/info\/el-9-de-noviembre-se-realizara-la-audiencia-publica-por-la-superpoblacion-de-perros-en-rio-gallegos\/#primaryimage"},"thumbnailUrl":"https:\/\/patagoniambiental.com.ar\/info\/wp-content\/uploads\/2017\/09\/concejo.jpg","datePublished":"2017-09-22T12:00:21+00:00","breadcrumb":{"@id":"https:\/\/patagoniambiental.com.ar\/info\/el-9-de-noviembre-se-realizara-la-audiencia-publica-por-la-superpoblacion-de-perros-en-rio-gallegos\/#breadcrumb"},"inLanguage":"es","potentialAction":[{"@type":"ReadAction","target":["https:\/\/patagoniambiental.com.ar\/info\/el-9-de-noviembre-se-realizara-la-audiencia-publica-por-la-superpoblacion-de-perros-en-rio-gallegos\/"]}]},{"@type":"ImageObject","inLanguage":"es","@id":"https:\/\/patagoniambiental.com.ar\/info\/el-9-de-noviembre-se-realizara-la-audiencia-publica-por-la-superpoblacion-de-perros-en-rio-gallegos\/#primaryimage","url":"https:\/\/patagoniambiental.com.ar\/info\/wp-content\/uploads\/2017\/09\/concejo.jpg","contentUrl":"https:\/\/patagoniambiental.com.ar\/info\/wp-content\/uploads\/2017\/09\/concejo.jpg","width":555,"height":370},{"@type":"BreadcrumbList","@id":"https:\/\/patagoniambiental.com.ar\/info\/el-9-de-noviembre-se-realizara-la-audiencia-publica-por-la-superpoblacion-de-perros-en-rio-gallegos\/#breadcrumb","itemListElement":[{"@type":"ListItem","position":1,"name":"Inicio","item":"https:\/\/patagoniambiental.com.ar\/info\/"},{"@type":"ListItem","position":2,"name":"El 9 de noviembre se realizar\u00e1 la audiencia p\u00fablica por la superpoblaci\u00f3n de perros en R\u00edo Gallegos"}]},{"@type":"WebSite","@id":"https:\/\/patagoniambiental.com.ar\/info\/#website","url":"https:\/\/patagoniambiental.com.ar\/info\/","name":"Patagonia Ambiental","description":"Monitoreo y an\u00e1lisis de la situaci\u00f3n geopol\u00edtica en el mundo y su implicancia en la Patagonia","publisher":{"@id":"https:\/\/patagoniambiental.com.ar\/info\/#organization"},"potentialAction":[{"@type":"SearchAction","target":{"@type":"EntryPoint","urlTemplate":"https:\/\/patagoniambiental.com.ar\/info\/?s={search_term_string}"},"query-input":{"@type":"PropertyValueSpecification","valueRequired":true,"valueName":"search_term_string"}}],"inLanguage":"es"},{"@type":"Organization","@id":"https:\/\/patagoniambiental.com.ar\/info\/#organization","name":"Patagonia Ambiental","url":"https:\/\/patagoniambiental.com.ar\/info\/","logo":{"@type":"ImageObject","inLanguage":"es","@id":"https:\/\/patagoniambiental.com.ar\/info\/#\/schema\/logo\/image\/","url":"https:\/\/patagoniambiental.com.ar\/info\/wp-content\/uploads\/2025\/05\/LOGO-PATAGONIA-AMBIENTAL.png","contentUrl":"https:\/\/patagoniambiental.com.ar\/info\/wp-content\/uploads\/2025\/05\/LOGO-PATAGONIA-AMBIENTAL.png","width":433,"height":250,"caption":"Patagonia Ambiental"},"image":{"@id":"https:\/\/patagoniambiental.com.ar\/info\/#\/schema\/logo\/image\/"},"sameAs":["https:\/\/www.facebook.com\/patagonia.ambiental","https:\/\/x.com\/PatAmb"]},{"@type":"Person","@id":"https:\/\/patagoniambiental.com.ar\/info\/#\/schema\/person\/db12bff64bbcbf6a253710bf0ea37b5d","name":"Patagonia Ambiental","description":"Andr\u00e9s Nievas T\u00e9cnico en manejo ambiental, consultor Ambiental y escritor para medios locales e internacionales sobre temas de geopolitica y medio ambiente.","sameAs":["http:\/\/www.patagoniambiental.com.ar","https:\/\/www.facebook.com\/share\/1C1V8Gv9BX\/?mibextid=qi2Omg","@patagoniambiental","https:\/\/youtube.com\/@patagoniaambiental2023?si=BLt58t0wuXquxlYZ"]}]}},"_links":{"self":[{"href":"https:\/\/patagoniambiental.com.ar\/info\/wp-json\/wp\/v2\/posts\/35247","targetHints":{"allow":["GET"]}}],"collection":[{"href":"https:\/\/patagoniambiental.com.ar\/info\/wp-json\/wp\/v2\/posts"}],"about":[{"href":"https:\/\/patagoniambiental.com.ar\/info\/wp-json\/wp\/v2\/types\/post"}],"author":[{"embeddable":true,"href":"https:\/\/patagoniambiental.com.ar\/info\/wp-json\/wp\/v2\/users\/2"}],"replies":[{"embeddable":true,"href":"https:\/\/patagoniambiental.com.ar\/info\/wp-json\/wp\/v2\/comments?post=35247"}],"version-history":[{"count":0,"href":"https:\/\/patagoniambiental.com.ar\/info\/wp-json\/wp\/v2\/posts\/35247\/revisions"}],"wp:featuredmedia":[{"embeddable":true,"href":"https:\/\/patagoniambiental.com.ar\/info\/wp-json\/wp\/v2\/media\/35248"}],"wp:attachment":[{"href":"https:\/\/patagoniambiental.com.ar\/info\/wp-json\/wp\/v2\/media?parent=35247"}],"wp:term":[{"taxonomy":"category","embeddable":true,"href":"https:\/\/patagoniambiental.com.ar\/info\/wp-json\/wp\/v2\/categories?post=35247"},{"taxonomy":"post_tag","embeddable":true,"href":"https:\/\/patagoniambiental.com.ar\/info\/wp-json\/wp\/v2\/tags?post=35247"}],"curies":[{"name":"wp","href":"https:\/\/api.w.org\/{rel}","templated":true}]}}