{"id":35253,"date":"2017-09-22T09:00:41","date_gmt":"2017-09-22T12:00:41","guid":{"rendered":"http:\/\/patagoniambiental.com.ar\/info\/?p=35253"},"modified":"2017-09-21T22:04:56","modified_gmt":"2017-09-22T01:04:56","slug":"aseguran-que-iran-disminuyendo-las-quemas-controladas-de-residuos-forestales","status":"publish","type":"post","link":"https:\/\/patagoniambiental.com.ar\/info\/aseguran-que-iran-disminuyendo-las-quemas-controladas-de-residuos-forestales\/","title":{"rendered":"Bariloche: Aseguran que ir\u00e1n disminuyendo las quemas controladas de residuos forestales"},"content":{"rendered":"<div class=\"au-target articleBox\">\n<div class=\"box\">\n<article>\n<div class=\"content an-animate enter-down an-delay-100 au-target\">\n<div class=\"intro\">\n<p>BARILOCHE.- Desde Medio Ambiente, Carlos Beros, respondi\u00f3 las cr\u00edticas de los vecinos por las quemas controladas y sostuvo que la idea es ir reduciendo los residuos forestales que llegan al vertedero para quemar cada vez menos y en poco tiempo, en lugar de quemarlos, usarlo como combustible. Manifest\u00f3 que mientras tanto, estas quemas son necesarias.<\/p>\n<\/div>\n<figure class=\"fullImageBox\"><img decoding=\"async\" class=\"au-target\" src=\"https:\/\/cdn.bariloche2000.com\/uploads\/images\/2017\/09\/62ea02dd-3a76-5766-a201-8607c2a76d83_mid.jpg\" alt=\"image\" \/><figcaption><\/figcaption><\/figure>\n<div class=\"controls\"><\/div>\n<p>El subsecretario de Medio Ambiente, Carlos Beros,\u00a0se refiri\u00f3 a las quemas controladas en el predio lindante al vertedero y explic\u00f3 que \u00ablos excesos en \u00a0volumen de residuos forestales hay que reducirlos, es un buen tiempo, est\u00e1 programado y se hace de la manera correcta\u00bb. Reconoci\u00f3 que \u00abno es lo adecuado, no es lo deseable, estamos encaminados a que esto deje de ocurrir y esos residuos se transformen en combustible pero mientras tanto lo que tenemos previsto es trabajar con chipeo en origen y que sea lo m\u00ednimo que llegue al vertedero, pero cuando pasa un determinado volumen hay que reducirlo\u00bb.<\/p>\n<p>Pidi\u00f3 disculpas a los vecinos e insisti\u00f3 en que\u00a0la idea es reducir al m\u00ednimo la necesidad de estas quemas controladas. Respecto a las cr\u00edticas de referentes barriales, dijo que \u00abcon frecuencia se mezclan con los residuos forestales otros residuos como escombros o cubiertas\u00bb pero asegur\u00f3 que de ning\u00fan modo, \u00abpat\u00f3genos\u00bb. Explic\u00f3 que \u00ablos pat\u00f3genos tienen un circuito formal y son recogidos por una empresa que los traslada a General Roca, los reitera en origen desde los generadores\u00bb. Agreg\u00f3 que \u00abcon alguna frecuencia vemos que aparecen en los residuos s\u00f3lidos urbanos algunos residuos pat\u00f3genos, otros patog\u00e9nicos son los que tiramos en domicilio, que forman parte de un grupo de residuos peligrosos y alg\u00fan tipo de lamparas, tonners, envases, algo de hidrocarburos, pero\u00a0residuos pat\u00f3genos en el sentido estricto y a la vista de alguien del centro ambiental no, de ninguna manera, ser\u00eda un delito federal\u00bb.<\/p>\n<p>El funcionario asegur\u00f3 que las quemas\u00a0van a ir disminuyendo en el tiempo durante este a\u00f1o y el prop\u00f3sito del nuevo director general del centro es que a fin de a\u00f1o \u00abtengamos casi en cero la necesidad de quema de residuos forestales\u00bb.<br \/>\nManifest\u00f3 que \u00abvamos a avisar cada vez que hagamos quema, vamos a elegir el moento clim\u00e1tico y de riesgo y condiciones m\u00e1s adecuadas\u00bb.<\/p>\n<div class=\"my-gallery\">\n<figure class=\"au-target\"><a><img decoding=\"async\" class=\"au-target\" src=\"https:\/\/cdn.bariloche2000.com\/uploads\/images\/2017\/09\/62ea02dd-3a76-5766-a201-8607c2a76d83_low.jpg\" alt=\"\" \/><\/a><\/figure>\n<\/div>\n<div class=\"leftCol\">\n<div class=\"share\"><\/div>\n<\/div>\n<aside>\n<div class=\"positionMostRead\"><\/div>\n<\/aside>\n<\/div>\n<\/article>\n<div class=\"articleTools\">\n<div class=\"share\">\n<div class=\"shareBtn facebook au-target\"><\/div>\n<div class=\"shareBtn twitter au-target\"><\/div>\n<div class=\"shareBtn google au-target\">\u00a0Fuente:\u00a0https:\/\/www.bariloche2000.com\/noticias\/leer\/aseguran-que-iran-disminuyendo-las-quemas-controladas-de-residuos-forestales\/109629<\/div>\n<\/div>\n<div class=\"comment\"><\/div>\n<div class=\"clearfix\"><\/div>\n<\/div>\n<\/div>\n<div class=\"bannerFullBox\"><\/div>\n<\/div>\n<div class=\"related sectionBlock\"><\/div>\n","protected":false},"excerpt":{"rendered":"<p>BARILOCHE.- Desde Medio Ambiente, Carlos Beros, respondi\u00f3 las cr\u00edticas de los vecinos por las quemas controladas y sostuvo que la [&hellip;]<\/p>\n","protected":false},"author":2,"featured_media":35254,"comment_status":"open","ping_status":"open","sticky":false,"template":"","format":"standard","meta":{"site-sidebar-layout":"default","site-content-layout":"","ast-site-content-layout":"default","site-content-style":"default","site-sidebar-style":"default","ast-global-header-display":"","ast-banner-title-visibility":"","ast-main-header-display":"","ast-hfb-above-header-display":"","ast-hfb-below-header-display":"","ast-hfb-mobile-header-display":"","site-post-title":"","ast-breadcrumbs-content":"","ast-featured-img":"","footer-sml-layout":"","ast-disable-related-posts":"","theme-transparent-header-meta":"","adv-header-id-meta":"","stick-header-meta":"","header-above-stick-meta":"","header-main-stick-meta":"","header-below-stick-meta":"","astra-migrate-meta-layouts":"default","ast-page-background-enabled":"default","ast-page-background-meta":{"desktop":{"background-color":"var(--ast-global-color-5)","background-image":"","background-repeat":"repeat","background-position":"center center","background-size":"auto","background-attachment":"scroll","background-type":"","background-media":"","overlay-type":"","overlay-color":"","overlay-opacity":"","overlay-gradient":""},"tablet":{"background-color":"","background-image":"","background-repeat":"repeat","background-position":"center center","background-size":"auto","background-attachment":"scroll","background-type":"","background-media":"","overlay-type":"","overlay-color":"","overlay-opacity":"","overlay-gradient":""},"mobile":{"background-color":"","background-image":"","background-repeat":"repeat","background-position":"center center","background-size":"auto","background-attachment":"scroll","background-type":"","background-media":"","overlay-type":"","overlay-color":"","overlay-opacity":"","overlay-gradient":""}},"ast-content-background-meta":{"desktop":{"background-color":"var(--ast-global-color-4)","background-image":"","background-repeat":"repeat","background-position":"center center","background-size":"auto","background-attachment":"scroll","background-type":"","background-media":"","overlay-type":"","overlay-color":"","overlay-opacity":"","overlay-gradient":""},"tablet":{"background-color":"var(--ast-global-color-4)","background-image":"","background-repeat":"repeat","background-position":"center center","background-size":"auto","background-attachment":"scroll","background-type":"","background-media":"","overlay-type":"","overlay-color":"","overlay-opacity":"","overlay-gradient":""},"mobile":{"background-color":"var(--ast-global-color-4)","background-image":"","background-repeat":"repeat","background-position":"center center","background-size":"auto","background-attachment":"scroll","background-type":"","background-media":"","overlay-type":"","overlay-color":"","overlay-opacity":"","overlay-gradient":""}},"footnotes":""},"categories":[16,1],"tags":[],"class_list":["post-35253","post","type-post","status-publish","format-standard","has-post-thumbnail","hentry","category-municipales","category-noticias"],"yoast_head":"<!-- This site is optimized with the Yoast SEO Premium plugin v23.0 (Yoast SEO v27.4) - https:\/\/yoast.com\/product\/yoast-seo-premium-wordpress\/ -->\n<title>Bariloche: Aseguran que ir\u00e1n disminuyendo las quemas controladas de residuos forestales<\/title>\n<meta name=\"robots\" content=\"index, follow, max-snippet:-1, max-image-preview:large, max-video-preview:-1\" \/>\n<link rel=\"canonical\" href=\"https:\/\/patagoniambiental.com.ar\/info\/aseguran-que-iran-disminuyendo-las-quemas-controladas-de-residuos-forestales\/\" \/>\n<meta property=\"og:locale\" content=\"es_ES\" \/>\n<meta property=\"og:type\" content=\"article\" \/>\n<meta property=\"og:title\" content=\"Bariloche: Aseguran que ir\u00e1n disminuyendo las quemas controladas de residuos forestales\" \/>\n<meta property=\"og:description\" content=\"BARILOCHE.- Desde Medio Ambiente, Carlos Beros, respondi\u00f3 las cr\u00edticas de los vecinos por las quemas controladas y sostuvo que la [&hellip;]\" \/>\n<meta property=\"og:url\" content=\"https:\/\/patagoniambiental.com.ar\/info\/aseguran-que-iran-disminuyendo-las-quemas-controladas-de-residuos-forestales\/\" \/>\n<meta property=\"og:site_name\" content=\"Patagonia Ambiental\" \/>\n<meta property=\"article:publisher\" content=\"https:\/\/www.facebook.com\/patagonia.ambiental\" \/>\n<meta property=\"article:author\" content=\"https:\/\/www.facebook.com\/share\/1C1V8Gv9BX\/?mibextid=qi2Omg\" \/>\n<meta property=\"article:published_time\" content=\"2017-09-22T12:00:41+00:00\" \/>\n<meta property=\"og:image\" content=\"https:\/\/patagoniambiental.com.ar\/info\/wp-content\/uploads\/2017\/09\/quema-controlada-1-520x245.jpg\" \/>\n\t<meta property=\"og:image:width\" content=\"520\" \/>\n\t<meta property=\"og:image:height\" content=\"245\" \/>\n\t<meta property=\"og:image:type\" content=\"image\/jpeg\" \/>\n<meta name=\"author\" content=\"Patagonia Ambiental\" \/>\n<meta name=\"twitter:card\" content=\"summary_large_image\" \/>\n<meta name=\"twitter:creator\" content=\"@PatAmb\" \/>\n<meta name=\"twitter:site\" content=\"@PatAmb\" \/>\n<script type=\"application\/ld+json\" class=\"yoast-schema-graph\">{\"@context\":\"https:\\\/\\\/schema.org\",\"@graph\":[{\"@type\":\"Article\",\"@id\":\"https:\\\/\\\/patagoniambiental.com.ar\\\/info\\\/aseguran-que-iran-disminuyendo-las-quemas-controladas-de-residuos-forestales\\\/#article\",\"isPartOf\":{\"@id\":\"https:\\\/\\\/patagoniambiental.com.ar\\\/info\\\/aseguran-que-iran-disminuyendo-las-quemas-controladas-de-residuos-forestales\\\/\"},\"author\":{\"name\":\"Patagonia Ambiental\",\"@id\":\"https:\\\/\\\/patagoniambiental.com.ar\\\/info\\\/#\\\/schema\\\/person\\\/db12bff64bbcbf6a253710bf0ea37b5d\"},\"headline\":\"Bariloche: Aseguran que ir\u00e1n disminuyendo las quemas controladas de residuos forestales\",\"datePublished\":\"2017-09-22T12:00:41+00:00\",\"mainEntityOfPage\":{\"@id\":\"https:\\\/\\\/patagoniambiental.com.ar\\\/info\\\/aseguran-que-iran-disminuyendo-las-quemas-controladas-de-residuos-forestales\\\/\"},\"wordCount\":405,\"commentCount\":0,\"publisher\":{\"@id\":\"https:\\\/\\\/patagoniambiental.com.ar\\\/info\\\/#organization\"},\"image\":{\"@id\":\"https:\\\/\\\/patagoniambiental.com.ar\\\/info\\\/aseguran-que-iran-disminuyendo-las-quemas-controladas-de-residuos-forestales\\\/#primaryimage\"},\"thumbnailUrl\":\"https:\\\/\\\/patagoniambiental.com.ar\\\/info\\\/wp-content\\\/uploads\\\/2017\\\/09\\\/quema-controlada-1-520x245.jpg\",\"articleSection\":[\"Municipales\",\"Noticias\"],\"inLanguage\":\"es\",\"potentialAction\":[{\"@type\":\"CommentAction\",\"name\":\"Comment\",\"target\":[\"https:\\\/\\\/patagoniambiental.com.ar\\\/info\\\/aseguran-que-iran-disminuyendo-las-quemas-controladas-de-residuos-forestales\\\/#respond\"]}]},{\"@type\":\"WebPage\",\"@id\":\"https:\\\/\\\/patagoniambiental.com.ar\\\/info\\\/aseguran-que-iran-disminuyendo-las-quemas-controladas-de-residuos-forestales\\\/\",\"url\":\"https:\\\/\\\/patagoniambiental.com.ar\\\/info\\\/aseguran-que-iran-disminuyendo-las-quemas-controladas-de-residuos-forestales\\\/\",\"name\":\"Bariloche: Aseguran que ir\u00e1n disminuyendo las quemas controladas de residuos forestales\",\"isPartOf\":{\"@id\":\"https:\\\/\\\/patagoniambiental.com.ar\\\/info\\\/#website\"},\"primaryImageOfPage\":{\"@id\":\"https:\\\/\\\/patagoniambiental.com.ar\\\/info\\\/aseguran-que-iran-disminuyendo-las-quemas-controladas-de-residuos-forestales\\\/#primaryimage\"},\"image\":{\"@id\":\"https:\\\/\\\/patagoniambiental.com.ar\\\/info\\\/aseguran-que-iran-disminuyendo-las-quemas-controladas-de-residuos-forestales\\\/#primaryimage\"},\"thumbnailUrl\":\"https:\\\/\\\/patagoniambiental.com.ar\\\/info\\\/wp-content\\\/uploads\\\/2017\\\/09\\\/quema-controlada-1-520x245.jpg\",\"datePublished\":\"2017-09-22T12:00:41+00:00\",\"breadcrumb\":{\"@id\":\"https:\\\/\\\/patagoniambiental.com.ar\\\/info\\\/aseguran-que-iran-disminuyendo-las-quemas-controladas-de-residuos-forestales\\\/#breadcrumb\"},\"inLanguage\":\"es\",\"potentialAction\":[{\"@type\":\"ReadAction\",\"target\":[\"https:\\\/\\\/patagoniambiental.com.ar\\\/info\\\/aseguran-que-iran-disminuyendo-las-quemas-controladas-de-residuos-forestales\\\/\"]}]},{\"@type\":\"ImageObject\",\"inLanguage\":\"es\",\"@id\":\"https:\\\/\\\/patagoniambiental.com.ar\\\/info\\\/aseguran-que-iran-disminuyendo-las-quemas-controladas-de-residuos-forestales\\\/#primaryimage\",\"url\":\"https:\\\/\\\/patagoniambiental.com.ar\\\/info\\\/wp-content\\\/uploads\\\/2017\\\/09\\\/quema-controlada-1-520x245.jpg\",\"contentUrl\":\"https:\\\/\\\/patagoniambiental.com.ar\\\/info\\\/wp-content\\\/uploads\\\/2017\\\/09\\\/quema-controlada-1-520x245.jpg\",\"width\":520,\"height\":245,\"caption\":\"Seis App, Valeria Aravena\"},{\"@type\":\"BreadcrumbList\",\"@id\":\"https:\\\/\\\/patagoniambiental.com.ar\\\/info\\\/aseguran-que-iran-disminuyendo-las-quemas-controladas-de-residuos-forestales\\\/#breadcrumb\",\"itemListElement\":[{\"@type\":\"ListItem\",\"position\":1,\"name\":\"Inicio\",\"item\":\"https:\\\/\\\/patagoniambiental.com.ar\\\/info\\\/\"},{\"@type\":\"ListItem\",\"position\":2,\"name\":\"Bariloche: Aseguran que ir\u00e1n disminuyendo las quemas controladas de residuos forestales\"}]},{\"@type\":\"WebSite\",\"@id\":\"https:\\\/\\\/patagoniambiental.com.ar\\\/info\\\/#website\",\"url\":\"https:\\\/\\\/patagoniambiental.com.ar\\\/info\\\/\",\"name\":\"Patagonia Ambiental\",\"description\":\"Monitoreo y an\u00e1lisis de la situaci\u00f3n geopol\u00edtica en el mundo y su implicancia en la Patagonia\",\"publisher\":{\"@id\":\"https:\\\/\\\/patagoniambiental.com.ar\\\/info\\\/#organization\"},\"potentialAction\":[{\"@type\":\"SearchAction\",\"target\":{\"@type\":\"EntryPoint\",\"urlTemplate\":\"https:\\\/\\\/patagoniambiental.com.ar\\\/info\\\/?s={search_term_string}\"},\"query-input\":{\"@type\":\"PropertyValueSpecification\",\"valueRequired\":true,\"valueName\":\"search_term_string\"}}],\"inLanguage\":\"es\"},{\"@type\":\"Organization\",\"@id\":\"https:\\\/\\\/patagoniambiental.com.ar\\\/info\\\/#organization\",\"name\":\"Patagonia Ambiental\",\"url\":\"https:\\\/\\\/patagoniambiental.com.ar\\\/info\\\/\",\"logo\":{\"@type\":\"ImageObject\",\"inLanguage\":\"es\",\"@id\":\"https:\\\/\\\/patagoniambiental.com.ar\\\/info\\\/#\\\/schema\\\/logo\\\/image\\\/\",\"url\":\"https:\\\/\\\/patagoniambiental.com.ar\\\/info\\\/wp-content\\\/uploads\\\/2025\\\/05\\\/LOGO-PATAGONIA-AMBIENTAL.png\",\"contentUrl\":\"https:\\\/\\\/patagoniambiental.com.ar\\\/info\\\/wp-content\\\/uploads\\\/2025\\\/05\\\/LOGO-PATAGONIA-AMBIENTAL.png\",\"width\":433,\"height\":250,\"caption\":\"Patagonia Ambiental\"},\"image\":{\"@id\":\"https:\\\/\\\/patagoniambiental.com.ar\\\/info\\\/#\\\/schema\\\/logo\\\/image\\\/\"},\"sameAs\":[\"https:\\\/\\\/www.facebook.com\\\/patagonia.ambiental\",\"https:\\\/\\\/x.com\\\/PatAmb\"]},{\"@type\":\"Person\",\"@id\":\"https:\\\/\\\/patagoniambiental.com.ar\\\/info\\\/#\\\/schema\\\/person\\\/db12bff64bbcbf6a253710bf0ea37b5d\",\"name\":\"Patagonia Ambiental\",\"description\":\"Andr\u00e9s Nievas T\u00e9cnico en manejo ambiental, consultor Ambiental y escritor para medios locales e internacionales sobre temas de geopolitica y medio ambiente.\",\"sameAs\":[\"http:\\\/\\\/www.patagoniambiental.com.ar\",\"https:\\\/\\\/www.facebook.com\\\/share\\\/1C1V8Gv9BX\\\/?mibextid=qi2Omg\",\"@patagoniambiental\",\"https:\\\/\\\/youtube.com\\\/@patagoniaambiental2023?si=BLt58t0wuXquxlYZ\"]}]}<\/script>\n<!-- \/ Yoast SEO Premium plugin. -->","yoast_head_json":{"title":"Bariloche: Aseguran que ir\u00e1n disminuyendo las quemas controladas de residuos forestales","robots":{"index":"index","follow":"follow","max-snippet":"max-snippet:-1","max-image-preview":"max-image-preview:large","max-video-preview":"max-video-preview:-1"},"canonical":"https:\/\/patagoniambiental.com.ar\/info\/aseguran-que-iran-disminuyendo-las-quemas-controladas-de-residuos-forestales\/","og_locale":"es_ES","og_type":"article","og_title":"Bariloche: Aseguran que ir\u00e1n disminuyendo las quemas controladas de residuos forestales","og_description":"BARILOCHE.- Desde Medio Ambiente, Carlos Beros, respondi\u00f3 las cr\u00edticas de los vecinos por las quemas controladas y sostuvo que la [&hellip;]","og_url":"https:\/\/patagoniambiental.com.ar\/info\/aseguran-que-iran-disminuyendo-las-quemas-controladas-de-residuos-forestales\/","og_site_name":"Patagonia Ambiental","article_publisher":"https:\/\/www.facebook.com\/patagonia.ambiental","article_author":"https:\/\/www.facebook.com\/share\/1C1V8Gv9BX\/?mibextid=qi2Omg","article_published_time":"2017-09-22T12:00:41+00:00","og_image":[{"width":520,"height":245,"url":"https:\/\/patagoniambiental.com.ar\/info\/wp-content\/uploads\/2017\/09\/quema-controlada-1-520x245.jpg","type":"image\/jpeg"}],"author":"Patagonia Ambiental","twitter_card":"summary_large_image","twitter_creator":"@PatAmb","twitter_site":"@PatAmb","schema":{"@context":"https:\/\/schema.org","@graph":[{"@type":"Article","@id":"https:\/\/patagoniambiental.com.ar\/info\/aseguran-que-iran-disminuyendo-las-quemas-controladas-de-residuos-forestales\/#article","isPartOf":{"@id":"https:\/\/patagoniambiental.com.ar\/info\/aseguran-que-iran-disminuyendo-las-quemas-controladas-de-residuos-forestales\/"},"author":{"name":"Patagonia Ambiental","@id":"https:\/\/patagoniambiental.com.ar\/info\/#\/schema\/person\/db12bff64bbcbf6a253710bf0ea37b5d"},"headline":"Bariloche: Aseguran que ir\u00e1n disminuyendo las quemas controladas de residuos forestales","datePublished":"2017-09-22T12:00:41+00:00","mainEntityOfPage":{"@id":"https:\/\/patagoniambiental.com.ar\/info\/aseguran-que-iran-disminuyendo-las-quemas-controladas-de-residuos-forestales\/"},"wordCount":405,"commentCount":0,"publisher":{"@id":"https:\/\/patagoniambiental.com.ar\/info\/#organization"},"image":{"@id":"https:\/\/patagoniambiental.com.ar\/info\/aseguran-que-iran-disminuyendo-las-quemas-controladas-de-residuos-forestales\/#primaryimage"},"thumbnailUrl":"https:\/\/patagoniambiental.com.ar\/info\/wp-content\/uploads\/2017\/09\/quema-controlada-1-520x245.jpg","articleSection":["Municipales","Noticias"],"inLanguage":"es","potentialAction":[{"@type":"CommentAction","name":"Comment","target":["https:\/\/patagoniambiental.com.ar\/info\/aseguran-que-iran-disminuyendo-las-quemas-controladas-de-residuos-forestales\/#respond"]}]},{"@type":"WebPage","@id":"https:\/\/patagoniambiental.com.ar\/info\/aseguran-que-iran-disminuyendo-las-quemas-controladas-de-residuos-forestales\/","url":"https:\/\/patagoniambiental.com.ar\/info\/aseguran-que-iran-disminuyendo-las-quemas-controladas-de-residuos-forestales\/","name":"Bariloche: Aseguran que ir\u00e1n disminuyendo las quemas controladas de residuos forestales","isPartOf":{"@id":"https:\/\/patagoniambiental.com.ar\/info\/#website"},"primaryImageOfPage":{"@id":"https:\/\/patagoniambiental.com.ar\/info\/aseguran-que-iran-disminuyendo-las-quemas-controladas-de-residuos-forestales\/#primaryimage"},"image":{"@id":"https:\/\/patagoniambiental.com.ar\/info\/aseguran-que-iran-disminuyendo-las-quemas-controladas-de-residuos-forestales\/#primaryimage"},"thumbnailUrl":"https:\/\/patagoniambiental.com.ar\/info\/wp-content\/uploads\/2017\/09\/quema-controlada-1-520x245.jpg","datePublished":"2017-09-22T12:00:41+00:00","breadcrumb":{"@id":"https:\/\/patagoniambiental.com.ar\/info\/aseguran-que-iran-disminuyendo-las-quemas-controladas-de-residuos-forestales\/#breadcrumb"},"inLanguage":"es","potentialAction":[{"@type":"ReadAction","target":["https:\/\/patagoniambiental.com.ar\/info\/aseguran-que-iran-disminuyendo-las-quemas-controladas-de-residuos-forestales\/"]}]},{"@type":"ImageObject","inLanguage":"es","@id":"https:\/\/patagoniambiental.com.ar\/info\/aseguran-que-iran-disminuyendo-las-quemas-controladas-de-residuos-forestales\/#primaryimage","url":"https:\/\/patagoniambiental.com.ar\/info\/wp-content\/uploads\/2017\/09\/quema-controlada-1-520x245.jpg","contentUrl":"https:\/\/patagoniambiental.com.ar\/info\/wp-content\/uploads\/2017\/09\/quema-controlada-1-520x245.jpg","width":520,"height":245,"caption":"Seis App, Valeria Aravena"},{"@type":"BreadcrumbList","@id":"https:\/\/patagoniambiental.com.ar\/info\/aseguran-que-iran-disminuyendo-las-quemas-controladas-de-residuos-forestales\/#breadcrumb","itemListElement":[{"@type":"ListItem","position":1,"name":"Inicio","item":"https:\/\/patagoniambiental.com.ar\/info\/"},{"@type":"ListItem","position":2,"name":"Bariloche: Aseguran que ir\u00e1n disminuyendo las quemas controladas de residuos forestales"}]},{"@type":"WebSite","@id":"https:\/\/patagoniambiental.com.ar\/info\/#website","url":"https:\/\/patagoniambiental.com.ar\/info\/","name":"Patagonia Ambiental","description":"Monitoreo y an\u00e1lisis de la situaci\u00f3n geopol\u00edtica en el mundo y su implicancia en la Patagonia","publisher":{"@id":"https:\/\/patagoniambiental.com.ar\/info\/#organization"},"potentialAction":[{"@type":"SearchAction","target":{"@type":"EntryPoint","urlTemplate":"https:\/\/patagoniambiental.com.ar\/info\/?s={search_term_string}"},"query-input":{"@type":"PropertyValueSpecification","valueRequired":true,"valueName":"search_term_string"}}],"inLanguage":"es"},{"@type":"Organization","@id":"https:\/\/patagoniambiental.com.ar\/info\/#organization","name":"Patagonia Ambiental","url":"https:\/\/patagoniambiental.com.ar\/info\/","logo":{"@type":"ImageObject","inLanguage":"es","@id":"https:\/\/patagoniambiental.com.ar\/info\/#\/schema\/logo\/image\/","url":"https:\/\/patagoniambiental.com.ar\/info\/wp-content\/uploads\/2025\/05\/LOGO-PATAGONIA-AMBIENTAL.png","contentUrl":"https:\/\/patagoniambiental.com.ar\/info\/wp-content\/uploads\/2025\/05\/LOGO-PATAGONIA-AMBIENTAL.png","width":433,"height":250,"caption":"Patagonia Ambiental"},"image":{"@id":"https:\/\/patagoniambiental.com.ar\/info\/#\/schema\/logo\/image\/"},"sameAs":["https:\/\/www.facebook.com\/patagonia.ambiental","https:\/\/x.com\/PatAmb"]},{"@type":"Person","@id":"https:\/\/patagoniambiental.com.ar\/info\/#\/schema\/person\/db12bff64bbcbf6a253710bf0ea37b5d","name":"Patagonia Ambiental","description":"Andr\u00e9s Nievas T\u00e9cnico en manejo ambiental, consultor Ambiental y escritor para medios locales e internacionales sobre temas de geopolitica y medio ambiente.","sameAs":["http:\/\/www.patagoniambiental.com.ar","https:\/\/www.facebook.com\/share\/1C1V8Gv9BX\/?mibextid=qi2Omg","@patagoniambiental","https:\/\/youtube.com\/@patagoniaambiental2023?si=BLt58t0wuXquxlYZ"]}]}},"_links":{"self":[{"href":"https:\/\/patagoniambiental.com.ar\/info\/wp-json\/wp\/v2\/posts\/35253","targetHints":{"allow":["GET"]}}],"collection":[{"href":"https:\/\/patagoniambiental.com.ar\/info\/wp-json\/wp\/v2\/posts"}],"about":[{"href":"https:\/\/patagoniambiental.com.ar\/info\/wp-json\/wp\/v2\/types\/post"}],"author":[{"embeddable":true,"href":"https:\/\/patagoniambiental.com.ar\/info\/wp-json\/wp\/v2\/users\/2"}],"replies":[{"embeddable":true,"href":"https:\/\/patagoniambiental.com.ar\/info\/wp-json\/wp\/v2\/comments?post=35253"}],"version-history":[{"count":0,"href":"https:\/\/patagoniambiental.com.ar\/info\/wp-json\/wp\/v2\/posts\/35253\/revisions"}],"wp:featuredmedia":[{"embeddable":true,"href":"https:\/\/patagoniambiental.com.ar\/info\/wp-json\/wp\/v2\/media\/35254"}],"wp:attachment":[{"href":"https:\/\/patagoniambiental.com.ar\/info\/wp-json\/wp\/v2\/media?parent=35253"}],"wp:term":[{"taxonomy":"category","embeddable":true,"href":"https:\/\/patagoniambiental.com.ar\/info\/wp-json\/wp\/v2\/categories?post=35253"},{"taxonomy":"post_tag","embeddable":true,"href":"https:\/\/patagoniambiental.com.ar\/info\/wp-json\/wp\/v2\/tags?post=35253"}],"curies":[{"name":"wp","href":"https:\/\/api.w.org\/{rel}","templated":true}]}}