{"id":35296,"date":"2017-09-22T19:00:31","date_gmt":"2017-09-22T22:00:31","guid":{"rendered":"http:\/\/patagoniambiental.com.ar\/info\/?p=35296"},"modified":"2017-09-22T13:39:44","modified_gmt":"2017-09-22T16:39:44","slug":"se-firmo-el-convenio-para-la-construccion-del-mirador-de-punto-panoramico-en-bariloche","status":"publish","type":"post","link":"https:\/\/patagoniambiental.com.ar\/info\/se-firmo-el-convenio-para-la-construccion-del-mirador-de-punto-panoramico-en-bariloche\/","title":{"rendered":"Se firm\u00f3 el convenio para la construcci\u00f3n del mirador de Punto Panor\u00e1mico en Bariloche"},"content":{"rendered":"<div dir=\"ltr\">\n<div dir=\"ltr\"><i>Bariloche.-Con la presencia del intendente Gustavo Gennuso y el gobernador de la provincia Alberto Weretilneck, se llev\u00f3 a cabo la firma del convenio para la construcci\u00f3n del mirador de Punto Panor\u00e1mico. <\/i><\/div>\n<div dir=\"ltr\"><!--more--><\/div>\n<div dir=\"ltr\"><\/div>\n<div dir=\"ltr\"><i>Adem\u00e1s, la provincia entreg\u00f3 fondos al municipio para entidades de la ciudad.<\/i><\/div>\n<div dir=\"ltr\"><\/div>\n<div dir=\"ltr\">El acto tuvo lugar este viernes (22\/9) en la Sala de Prensa \u201cIsabel Moreiras\u201d del Palacio Municipal y cont\u00f3 con la participaci\u00f3n del ministro de Obras y Servicios P\u00fablicos de la provincia, Carlos Valeri, y el intendente de la localidad de Pilaniyeu, N\u00e9stor Ayuelef.<\/div>\n<div dir=\"ltr\"><img fetchpriority=\"high\" decoding=\"async\" class=\"alignleft wp-image-35298 size-medium\" src=\"https:\/\/patagoniambiental.com.ar\/info\/wp-content\/uploads\/2017\/09\/thumbnail_panoramico-600x398.jpg\" alt=\"\" width=\"600\" height=\"398\" \/><\/div>\n<div dir=\"ltr\"><\/div>\n<div dir=\"ltr\">La oportunidad fue propicia para que Ayuelef firmara el convenio de la obra delegada para la refacci\u00f3n y ampliaci\u00f3n del cuartel de bomberos de la localidad de Pilcaniyeu.<\/div>\n<div dir=\"ltr\"><\/div>\n<div dir=\"ltr\">El gobierno provincial procedi\u00f3 a la entrega de aportes para entidades de la ciudad. En primer t\u00e9rmino le fue entregado al Taller de Oficios del B\u00b0 Uni\u00f3n y nuestro Barrio 28 de Abril $318.200,00. Estos son para trabajar con adolescentes en situaci\u00f3n de vulnerabilidad social en conflicto con la ley penal. Posteriormente se entreg\u00f3 a la Asociaci\u00f3n Recreativa Social y Deportiva del Discapacitado la suma de $180.000,00 para solventar gastos de talles y actividades para personas con discapacidad que concurren a la instituci\u00f3n. El siguiente aporte fue para el Club de Regatas Bariloche por un monto de $125.000,00 para ser destinado a la tercera cuota para la construcci\u00f3n del gimnasio. Por \u00faltimo se entreg\u00f3 a la Asociaci\u00f3n Biblioteca Popular Sarmiento la suma de $6.000 para el auspicio y el acompa\u00f1amiento al ciclo de Cine y An\u00e1lisis de Pel\u00edculas coordinado por Miguel \u00c1ngel Rossi.<\/div>\n<div dir=\"ltr\"><\/div>\n<div dir=\"ltr\">Luego, los presentes rubricaron el convenio para la construcci\u00f3n del mirador de Punto Panor\u00e1mico.<\/div>\n<div dir=\"ltr\"><\/div>\n<div dir=\"ltr\">El intendente Gustavo Gennuso aclar\u00f3 que \u201cadem\u00e1s de estas obras de los miradores tambi\u00e9n est\u00e1 la careteler\u00eda nueva del Parque Municipal Llao Llao una notable mejora, por lo que ese sector es un sector que va a quedar muy bueno como hac\u00eda mucho no estaba\u201d.<\/div>\n<div dir=\"ltr\"><\/div>\n<div dir=\"ltr\">Se construir\u00e1 a la altura del km 40 de la ruta provincial n\u00ba 77 \u2014conocida como Circuito Chico\u2014, sobre la margen Sur del lago Nahuel Huapi, a 945 metros sobre el nivel del mar. El presupuesto es superior a las 3 millones de pesos.<\/div>\n<div dir=\"ltr\"><\/div>\n<div dir=\"ltr\">Tendr\u00e1 una construcci\u00f3n de tabique de contenci\u00f3n, y bases de hormig\u00f3n y estructura met\u00e1lica. Construcci\u00f3n de la explanada peatonal, deck (superficie aproximada de 150 mts2) con acceso rampado y escalonado. Barandas met\u00e1licas perimetrales de protecci\u00f3n. Equipamiento urbano (cestos de residuos). Trabajos de instalaci\u00f3n el\u00e9ctrica e iluminaci\u00f3n: luminarias indirectas con columnas y luminarias decorativas en el borde del deck. Transformador y tableros correspondientes.<\/div>\n<div dir=\"ltr\"><\/div>\n<div dir=\"ltr\">Adem\u00e1s de se\u00f1alizaci\u00f3n tur\u00edstica e interpretativa. Trabajos viales: construcci\u00f3n de reductores de tr\u00e1nsito vehicular en los puntos de accesos al sector de intervenci\u00f3n y colocaci\u00f3n de carteler\u00eda de se\u00f1alizaci\u00f3n vial. La explanada peatonal se implanta en forma paralela a la ruta provincial N\u00b0 77, siendo este sector uno de los puntos de mayor atracci\u00f3n tur\u00edstica.<\/div>\n<div dir=\"ltr\"><\/div>\n<div dir=\"ltr\">Se configura como un elemento arquitect\u00f3nico monol\u00edtico que se adapta a las condiciones naturales. A trav\u00e9s del trabajo de las formas, se moldea y se adapta, determinando los accesos y los espacios propios de contemplaci\u00f3n de la escena natural, la iluminaci\u00f3n, la carteler\u00eda informativa y la se\u00f1alizaci\u00f3n tur\u00edstica. El plazo de ejecuci\u00f3n es de 90 (noventa) d\u00edas contados a partir del inicio de obra.<\/div>\n<div dir=\"ltr\"><\/div>\n<div dir=\"ltr\">Tambi\u00e9n participaron del acto los legisladores provinciales Arabela Carreras, Mariana Dom\u00ednguez, Silvia Paz, Alfredo Mart\u00edn y Leandro Lescano, el presidente del Concejo Municipal Diego Ben\u00edtez, la concejal Viviana Gelain, el secretario de Ciencia y Tecnolog\u00eda de la provincia Hugo Josserme, la secretaria de Obras M\u00f3nica Balseiro, el delegado de Obras P\u00fablicas de la provincia Diego Iraola, la jefa del SPLIF Patricia Montenegro, el presidente de la C\u00e1mara de Turismo Daniel Garc\u00eda, el presidente de la Asociaci\u00f3n Hoteles de Turismo Mario Martino, dem\u00e1s funcionarios municipales y provinciales, vecinos, medios de prensa y p\u00fablico en general.<\/div>\n<div dir=\"ltr\"><\/div>\n<\/div>\n<p>Fuente: Municipalidad de Bariloche<\/p>\n","protected":false},"excerpt":{"rendered":"<p>Bariloche.-Con la presencia del intendente Gustavo Gennuso y el gobernador de la provincia Alberto Weretilneck, se llev\u00f3 a cabo la [&hellip;]<\/p>\n","protected":false},"author":2,"featured_media":35297,"comment_status":"open","ping_status":"open","sticky":false,"template":"","format":"standard","meta":{"site-sidebar-layout":"default","site-content-layout":"","ast-site-content-layout":"default","site-content-style":"default","site-sidebar-style":"default","ast-global-header-display":"","ast-banner-title-visibility":"","ast-main-header-display":"","ast-hfb-above-header-display":"","ast-hfb-below-header-display":"","ast-hfb-mobile-header-display":"","site-post-title":"","ast-breadcrumbs-content":"","ast-featured-img":"","footer-sml-layout":"","ast-disable-related-posts":"","theme-transparent-header-meta":"","adv-header-id-meta":"","stick-header-meta":"","header-above-stick-meta":"","header-main-stick-meta":"","header-below-stick-meta":"","astra-migrate-meta-layouts":"default","ast-page-background-enabled":"default","ast-page-background-meta":{"desktop":{"background-color":"var(--ast-global-color-5)","background-image":"","background-repeat":"repeat","background-position":"center center","background-size":"auto","background-attachment":"scroll","background-type":"","background-media":"","overlay-type":"","overlay-color":"","overlay-opacity":"","overlay-gradient":""},"tablet":{"background-color":"","background-image":"","background-repeat":"repeat","background-position":"center center","background-size":"auto","background-attachment":"scroll","background-type":"","background-media":"","overlay-type":"","overlay-color":"","overlay-opacity":"","overlay-gradient":""},"mobile":{"background-color":"","background-image":"","background-repeat":"repeat","background-position":"center center","background-size":"auto","background-attachment":"scroll","background-type":"","background-media":"","overlay-type":"","overlay-color":"","overlay-opacity":"","overlay-gradient":""}},"ast-content-background-meta":{"desktop":{"background-color":"var(--ast-global-color-4)","background-image":"","background-repeat":"repeat","background-position":"center center","background-size":"auto","background-attachment":"scroll","background-type":"","background-media":"","overlay-type":"","overlay-color":"","overlay-opacity":"","overlay-gradient":""},"tablet":{"background-color":"var(--ast-global-color-4)","background-image":"","background-repeat":"repeat","background-position":"center center","background-size":"auto","background-attachment":"scroll","background-type":"","background-media":"","overlay-type":"","overlay-color":"","overlay-opacity":"","overlay-gradient":""},"mobile":{"background-color":"var(--ast-global-color-4)","background-image":"","background-repeat":"repeat","background-position":"center center","background-size":"auto","background-attachment":"scroll","background-type":"","background-media":"","overlay-type":"","overlay-color":"","overlay-opacity":"","overlay-gradient":""}},"footnotes":""},"categories":[16,1],"tags":[],"class_list":["post-35296","post","type-post","status-publish","format-standard","has-post-thumbnail","hentry","category-municipales","category-noticias"],"yoast_head":"<!-- This site is optimized with the Yoast SEO Premium plugin v23.0 (Yoast SEO v27.4) - https:\/\/yoast.com\/product\/yoast-seo-premium-wordpress\/ -->\n<title>Se firm\u00f3 el convenio para la construcci\u00f3n del mirador de Punto Panor\u00e1mico en Bariloche<\/title>\n<meta name=\"robots\" content=\"index, follow, max-snippet:-1, max-image-preview:large, max-video-preview:-1\" \/>\n<link rel=\"canonical\" href=\"https:\/\/patagoniambiental.com.ar\/info\/se-firmo-el-convenio-para-la-construccion-del-mirador-de-punto-panoramico-en-bariloche\/\" \/>\n<meta property=\"og:locale\" content=\"es_ES\" \/>\n<meta property=\"og:type\" content=\"article\" \/>\n<meta property=\"og:title\" content=\"Se firm\u00f3 el convenio para la construcci\u00f3n del mirador de Punto Panor\u00e1mico en Bariloche\" \/>\n<meta property=\"og:description\" content=\"Bariloche.-Con la presencia del intendente Gustavo Gennuso y el gobernador de la provincia Alberto Weretilneck, se llev\u00f3 a cabo la [&hellip;]\" \/>\n<meta property=\"og:url\" content=\"https:\/\/patagoniambiental.com.ar\/info\/se-firmo-el-convenio-para-la-construccion-del-mirador-de-punto-panoramico-en-bariloche\/\" \/>\n<meta property=\"og:site_name\" content=\"Patagonia Ambiental\" \/>\n<meta property=\"article:publisher\" content=\"https:\/\/www.facebook.com\/patagonia.ambiental\" \/>\n<meta property=\"article:author\" content=\"https:\/\/www.facebook.com\/share\/1C1V8Gv9BX\/?mibextid=qi2Omg\" \/>\n<meta property=\"article:published_time\" content=\"2017-09-22T22:00:31+00:00\" \/>\n<meta property=\"og:image\" content=\"https:\/\/patagoniambiental.com.ar\/info\/wp-content\/uploads\/2017\/09\/thumbnail_panoramico4.jpg\" \/>\n\t<meta property=\"og:image:width\" content=\"1024\" \/>\n\t<meta property=\"og:image:height\" content=\"680\" \/>\n\t<meta property=\"og:image:type\" content=\"image\/jpeg\" \/>\n<meta name=\"author\" content=\"Patagonia Ambiental\" \/>\n<meta name=\"twitter:card\" content=\"summary_large_image\" \/>\n<meta name=\"twitter:creator\" content=\"@PatAmb\" \/>\n<meta name=\"twitter:site\" content=\"@PatAmb\" \/>\n<script type=\"application\/ld+json\" class=\"yoast-schema-graph\">{\"@context\":\"https:\\\/\\\/schema.org\",\"@graph\":[{\"@type\":\"Article\",\"@id\":\"https:\\\/\\\/patagoniambiental.com.ar\\\/info\\\/se-firmo-el-convenio-para-la-construccion-del-mirador-de-punto-panoramico-en-bariloche\\\/#article\",\"isPartOf\":{\"@id\":\"https:\\\/\\\/patagoniambiental.com.ar\\\/info\\\/se-firmo-el-convenio-para-la-construccion-del-mirador-de-punto-panoramico-en-bariloche\\\/\"},\"author\":{\"name\":\"Patagonia Ambiental\",\"@id\":\"https:\\\/\\\/patagoniambiental.com.ar\\\/info\\\/#\\\/schema\\\/person\\\/db12bff64bbcbf6a253710bf0ea37b5d\"},\"headline\":\"Se firm\u00f3 el convenio para la construcci\u00f3n del mirador de Punto Panor\u00e1mico en Bariloche\",\"datePublished\":\"2017-09-22T22:00:31+00:00\",\"mainEntityOfPage\":{\"@id\":\"https:\\\/\\\/patagoniambiental.com.ar\\\/info\\\/se-firmo-el-convenio-para-la-construccion-del-mirador-de-punto-panoramico-en-bariloche\\\/\"},\"wordCount\":714,\"commentCount\":0,\"publisher\":{\"@id\":\"https:\\\/\\\/patagoniambiental.com.ar\\\/info\\\/#organization\"},\"image\":{\"@id\":\"https:\\\/\\\/patagoniambiental.com.ar\\\/info\\\/se-firmo-el-convenio-para-la-construccion-del-mirador-de-punto-panoramico-en-bariloche\\\/#primaryimage\"},\"thumbnailUrl\":\"https:\\\/\\\/patagoniambiental.com.ar\\\/info\\\/wp-content\\\/uploads\\\/2017\\\/09\\\/thumbnail_panoramico4.jpg\",\"articleSection\":[\"Municipales\",\"Noticias\"],\"inLanguage\":\"es\",\"potentialAction\":[{\"@type\":\"CommentAction\",\"name\":\"Comment\",\"target\":[\"https:\\\/\\\/patagoniambiental.com.ar\\\/info\\\/se-firmo-el-convenio-para-la-construccion-del-mirador-de-punto-panoramico-en-bariloche\\\/#respond\"]}]},{\"@type\":\"WebPage\",\"@id\":\"https:\\\/\\\/patagoniambiental.com.ar\\\/info\\\/se-firmo-el-convenio-para-la-construccion-del-mirador-de-punto-panoramico-en-bariloche\\\/\",\"url\":\"https:\\\/\\\/patagoniambiental.com.ar\\\/info\\\/se-firmo-el-convenio-para-la-construccion-del-mirador-de-punto-panoramico-en-bariloche\\\/\",\"name\":\"Se firm\u00f3 el convenio para la construcci\u00f3n del mirador de Punto Panor\u00e1mico en Bariloche\",\"isPartOf\":{\"@id\":\"https:\\\/\\\/patagoniambiental.com.ar\\\/info\\\/#website\"},\"primaryImageOfPage\":{\"@id\":\"https:\\\/\\\/patagoniambiental.com.ar\\\/info\\\/se-firmo-el-convenio-para-la-construccion-del-mirador-de-punto-panoramico-en-bariloche\\\/#primaryimage\"},\"image\":{\"@id\":\"https:\\\/\\\/patagoniambiental.com.ar\\\/info\\\/se-firmo-el-convenio-para-la-construccion-del-mirador-de-punto-panoramico-en-bariloche\\\/#primaryimage\"},\"thumbnailUrl\":\"https:\\\/\\\/patagoniambiental.com.ar\\\/info\\\/wp-content\\\/uploads\\\/2017\\\/09\\\/thumbnail_panoramico4.jpg\",\"datePublished\":\"2017-09-22T22:00:31+00:00\",\"breadcrumb\":{\"@id\":\"https:\\\/\\\/patagoniambiental.com.ar\\\/info\\\/se-firmo-el-convenio-para-la-construccion-del-mirador-de-punto-panoramico-en-bariloche\\\/#breadcrumb\"},\"inLanguage\":\"es\",\"potentialAction\":[{\"@type\":\"ReadAction\",\"target\":[\"https:\\\/\\\/patagoniambiental.com.ar\\\/info\\\/se-firmo-el-convenio-para-la-construccion-del-mirador-de-punto-panoramico-en-bariloche\\\/\"]}]},{\"@type\":\"ImageObject\",\"inLanguage\":\"es\",\"@id\":\"https:\\\/\\\/patagoniambiental.com.ar\\\/info\\\/se-firmo-el-convenio-para-la-construccion-del-mirador-de-punto-panoramico-en-bariloche\\\/#primaryimage\",\"url\":\"https:\\\/\\\/patagoniambiental.com.ar\\\/info\\\/wp-content\\\/uploads\\\/2017\\\/09\\\/thumbnail_panoramico4.jpg\",\"contentUrl\":\"https:\\\/\\\/patagoniambiental.com.ar\\\/info\\\/wp-content\\\/uploads\\\/2017\\\/09\\\/thumbnail_panoramico4.jpg\",\"width\":904,\"height\":600},{\"@type\":\"BreadcrumbList\",\"@id\":\"https:\\\/\\\/patagoniambiental.com.ar\\\/info\\\/se-firmo-el-convenio-para-la-construccion-del-mirador-de-punto-panoramico-en-bariloche\\\/#breadcrumb\",\"itemListElement\":[{\"@type\":\"ListItem\",\"position\":1,\"name\":\"Inicio\",\"item\":\"https:\\\/\\\/patagoniambiental.com.ar\\\/info\\\/\"},{\"@type\":\"ListItem\",\"position\":2,\"name\":\"Se firm\u00f3 el convenio para la construcci\u00f3n del mirador de Punto Panor\u00e1mico en Bariloche\"}]},{\"@type\":\"WebSite\",\"@id\":\"https:\\\/\\\/patagoniambiental.com.ar\\\/info\\\/#website\",\"url\":\"https:\\\/\\\/patagoniambiental.com.ar\\\/info\\\/\",\"name\":\"Patagonia Ambiental\",\"description\":\"Monitoreo y an\u00e1lisis de la situaci\u00f3n geopol\u00edtica en el mundo y su implicancia en la Patagonia\",\"publisher\":{\"@id\":\"https:\\\/\\\/patagoniambiental.com.ar\\\/info\\\/#organization\"},\"potentialAction\":[{\"@type\":\"SearchAction\",\"target\":{\"@type\":\"EntryPoint\",\"urlTemplate\":\"https:\\\/\\\/patagoniambiental.com.ar\\\/info\\\/?s={search_term_string}\"},\"query-input\":{\"@type\":\"PropertyValueSpecification\",\"valueRequired\":true,\"valueName\":\"search_term_string\"}}],\"inLanguage\":\"es\"},{\"@type\":\"Organization\",\"@id\":\"https:\\\/\\\/patagoniambiental.com.ar\\\/info\\\/#organization\",\"name\":\"Patagonia Ambiental\",\"url\":\"https:\\\/\\\/patagoniambiental.com.ar\\\/info\\\/\",\"logo\":{\"@type\":\"ImageObject\",\"inLanguage\":\"es\",\"@id\":\"https:\\\/\\\/patagoniambiental.com.ar\\\/info\\\/#\\\/schema\\\/logo\\\/image\\\/\",\"url\":\"https:\\\/\\\/patagoniambiental.com.ar\\\/info\\\/wp-content\\\/uploads\\\/2025\\\/05\\\/LOGO-PATAGONIA-AMBIENTAL.png\",\"contentUrl\":\"https:\\\/\\\/patagoniambiental.com.ar\\\/info\\\/wp-content\\\/uploads\\\/2025\\\/05\\\/LOGO-PATAGONIA-AMBIENTAL.png\",\"width\":433,\"height\":250,\"caption\":\"Patagonia Ambiental\"},\"image\":{\"@id\":\"https:\\\/\\\/patagoniambiental.com.ar\\\/info\\\/#\\\/schema\\\/logo\\\/image\\\/\"},\"sameAs\":[\"https:\\\/\\\/www.facebook.com\\\/patagonia.ambiental\",\"https:\\\/\\\/x.com\\\/PatAmb\"]},{\"@type\":\"Person\",\"@id\":\"https:\\\/\\\/patagoniambiental.com.ar\\\/info\\\/#\\\/schema\\\/person\\\/db12bff64bbcbf6a253710bf0ea37b5d\",\"name\":\"Patagonia Ambiental\",\"description\":\"Andr\u00e9s Nievas T\u00e9cnico en manejo ambiental, consultor Ambiental y escritor para medios locales e internacionales sobre temas de geopolitica y medio ambiente.\",\"sameAs\":[\"http:\\\/\\\/www.patagoniambiental.com.ar\",\"https:\\\/\\\/www.facebook.com\\\/share\\\/1C1V8Gv9BX\\\/?mibextid=qi2Omg\",\"@patagoniambiental\",\"https:\\\/\\\/youtube.com\\\/@patagoniaambiental2023?si=BLt58t0wuXquxlYZ\"]}]}<\/script>\n<!-- \/ Yoast SEO Premium plugin. -->","yoast_head_json":{"title":"Se firm\u00f3 el convenio para la construcci\u00f3n del mirador de Punto Panor\u00e1mico en Bariloche","robots":{"index":"index","follow":"follow","max-snippet":"max-snippet:-1","max-image-preview":"max-image-preview:large","max-video-preview":"max-video-preview:-1"},"canonical":"https:\/\/patagoniambiental.com.ar\/info\/se-firmo-el-convenio-para-la-construccion-del-mirador-de-punto-panoramico-en-bariloche\/","og_locale":"es_ES","og_type":"article","og_title":"Se firm\u00f3 el convenio para la construcci\u00f3n del mirador de Punto Panor\u00e1mico en Bariloche","og_description":"Bariloche.-Con la presencia del intendente Gustavo Gennuso y el gobernador de la provincia Alberto Weretilneck, se llev\u00f3 a cabo la [&hellip;]","og_url":"https:\/\/patagoniambiental.com.ar\/info\/se-firmo-el-convenio-para-la-construccion-del-mirador-de-punto-panoramico-en-bariloche\/","og_site_name":"Patagonia Ambiental","article_publisher":"https:\/\/www.facebook.com\/patagonia.ambiental","article_author":"https:\/\/www.facebook.com\/share\/1C1V8Gv9BX\/?mibextid=qi2Omg","article_published_time":"2017-09-22T22:00:31+00:00","og_image":[{"width":1024,"height":680,"url":"https:\/\/patagoniambiental.com.ar\/info\/wp-content\/uploads\/2017\/09\/thumbnail_panoramico4.jpg","type":"image\/jpeg"}],"author":"Patagonia Ambiental","twitter_card":"summary_large_image","twitter_creator":"@PatAmb","twitter_site":"@PatAmb","schema":{"@context":"https:\/\/schema.org","@graph":[{"@type":"Article","@id":"https:\/\/patagoniambiental.com.ar\/info\/se-firmo-el-convenio-para-la-construccion-del-mirador-de-punto-panoramico-en-bariloche\/#article","isPartOf":{"@id":"https:\/\/patagoniambiental.com.ar\/info\/se-firmo-el-convenio-para-la-construccion-del-mirador-de-punto-panoramico-en-bariloche\/"},"author":{"name":"Patagonia Ambiental","@id":"https:\/\/patagoniambiental.com.ar\/info\/#\/schema\/person\/db12bff64bbcbf6a253710bf0ea37b5d"},"headline":"Se firm\u00f3 el convenio para la construcci\u00f3n del mirador de Punto Panor\u00e1mico en Bariloche","datePublished":"2017-09-22T22:00:31+00:00","mainEntityOfPage":{"@id":"https:\/\/patagoniambiental.com.ar\/info\/se-firmo-el-convenio-para-la-construccion-del-mirador-de-punto-panoramico-en-bariloche\/"},"wordCount":714,"commentCount":0,"publisher":{"@id":"https:\/\/patagoniambiental.com.ar\/info\/#organization"},"image":{"@id":"https:\/\/patagoniambiental.com.ar\/info\/se-firmo-el-convenio-para-la-construccion-del-mirador-de-punto-panoramico-en-bariloche\/#primaryimage"},"thumbnailUrl":"https:\/\/patagoniambiental.com.ar\/info\/wp-content\/uploads\/2017\/09\/thumbnail_panoramico4.jpg","articleSection":["Municipales","Noticias"],"inLanguage":"es","potentialAction":[{"@type":"CommentAction","name":"Comment","target":["https:\/\/patagoniambiental.com.ar\/info\/se-firmo-el-convenio-para-la-construccion-del-mirador-de-punto-panoramico-en-bariloche\/#respond"]}]},{"@type":"WebPage","@id":"https:\/\/patagoniambiental.com.ar\/info\/se-firmo-el-convenio-para-la-construccion-del-mirador-de-punto-panoramico-en-bariloche\/","url":"https:\/\/patagoniambiental.com.ar\/info\/se-firmo-el-convenio-para-la-construccion-del-mirador-de-punto-panoramico-en-bariloche\/","name":"Se firm\u00f3 el convenio para la construcci\u00f3n del mirador de Punto Panor\u00e1mico en Bariloche","isPartOf":{"@id":"https:\/\/patagoniambiental.com.ar\/info\/#website"},"primaryImageOfPage":{"@id":"https:\/\/patagoniambiental.com.ar\/info\/se-firmo-el-convenio-para-la-construccion-del-mirador-de-punto-panoramico-en-bariloche\/#primaryimage"},"image":{"@id":"https:\/\/patagoniambiental.com.ar\/info\/se-firmo-el-convenio-para-la-construccion-del-mirador-de-punto-panoramico-en-bariloche\/#primaryimage"},"thumbnailUrl":"https:\/\/patagoniambiental.com.ar\/info\/wp-content\/uploads\/2017\/09\/thumbnail_panoramico4.jpg","datePublished":"2017-09-22T22:00:31+00:00","breadcrumb":{"@id":"https:\/\/patagoniambiental.com.ar\/info\/se-firmo-el-convenio-para-la-construccion-del-mirador-de-punto-panoramico-en-bariloche\/#breadcrumb"},"inLanguage":"es","potentialAction":[{"@type":"ReadAction","target":["https:\/\/patagoniambiental.com.ar\/info\/se-firmo-el-convenio-para-la-construccion-del-mirador-de-punto-panoramico-en-bariloche\/"]}]},{"@type":"ImageObject","inLanguage":"es","@id":"https:\/\/patagoniambiental.com.ar\/info\/se-firmo-el-convenio-para-la-construccion-del-mirador-de-punto-panoramico-en-bariloche\/#primaryimage","url":"https:\/\/patagoniambiental.com.ar\/info\/wp-content\/uploads\/2017\/09\/thumbnail_panoramico4.jpg","contentUrl":"https:\/\/patagoniambiental.com.ar\/info\/wp-content\/uploads\/2017\/09\/thumbnail_panoramico4.jpg","width":904,"height":600},{"@type":"BreadcrumbList","@id":"https:\/\/patagoniambiental.com.ar\/info\/se-firmo-el-convenio-para-la-construccion-del-mirador-de-punto-panoramico-en-bariloche\/#breadcrumb","itemListElement":[{"@type":"ListItem","position":1,"name":"Inicio","item":"https:\/\/patagoniambiental.com.ar\/info\/"},{"@type":"ListItem","position":2,"name":"Se firm\u00f3 el convenio para la construcci\u00f3n del mirador de Punto Panor\u00e1mico en Bariloche"}]},{"@type":"WebSite","@id":"https:\/\/patagoniambiental.com.ar\/info\/#website","url":"https:\/\/patagoniambiental.com.ar\/info\/","name":"Patagonia Ambiental","description":"Monitoreo y an\u00e1lisis de la situaci\u00f3n geopol\u00edtica en el mundo y su implicancia en la Patagonia","publisher":{"@id":"https:\/\/patagoniambiental.com.ar\/info\/#organization"},"potentialAction":[{"@type":"SearchAction","target":{"@type":"EntryPoint","urlTemplate":"https:\/\/patagoniambiental.com.ar\/info\/?s={search_term_string}"},"query-input":{"@type":"PropertyValueSpecification","valueRequired":true,"valueName":"search_term_string"}}],"inLanguage":"es"},{"@type":"Organization","@id":"https:\/\/patagoniambiental.com.ar\/info\/#organization","name":"Patagonia Ambiental","url":"https:\/\/patagoniambiental.com.ar\/info\/","logo":{"@type":"ImageObject","inLanguage":"es","@id":"https:\/\/patagoniambiental.com.ar\/info\/#\/schema\/logo\/image\/","url":"https:\/\/patagoniambiental.com.ar\/info\/wp-content\/uploads\/2025\/05\/LOGO-PATAGONIA-AMBIENTAL.png","contentUrl":"https:\/\/patagoniambiental.com.ar\/info\/wp-content\/uploads\/2025\/05\/LOGO-PATAGONIA-AMBIENTAL.png","width":433,"height":250,"caption":"Patagonia Ambiental"},"image":{"@id":"https:\/\/patagoniambiental.com.ar\/info\/#\/schema\/logo\/image\/"},"sameAs":["https:\/\/www.facebook.com\/patagonia.ambiental","https:\/\/x.com\/PatAmb"]},{"@type":"Person","@id":"https:\/\/patagoniambiental.com.ar\/info\/#\/schema\/person\/db12bff64bbcbf6a253710bf0ea37b5d","name":"Patagonia Ambiental","description":"Andr\u00e9s Nievas T\u00e9cnico en manejo ambiental, consultor Ambiental y escritor para medios locales e internacionales sobre temas de geopolitica y medio ambiente.","sameAs":["http:\/\/www.patagoniambiental.com.ar","https:\/\/www.facebook.com\/share\/1C1V8Gv9BX\/?mibextid=qi2Omg","@patagoniambiental","https:\/\/youtube.com\/@patagoniaambiental2023?si=BLt58t0wuXquxlYZ"]}]}},"_links":{"self":[{"href":"https:\/\/patagoniambiental.com.ar\/info\/wp-json\/wp\/v2\/posts\/35296","targetHints":{"allow":["GET"]}}],"collection":[{"href":"https:\/\/patagoniambiental.com.ar\/info\/wp-json\/wp\/v2\/posts"}],"about":[{"href":"https:\/\/patagoniambiental.com.ar\/info\/wp-json\/wp\/v2\/types\/post"}],"author":[{"embeddable":true,"href":"https:\/\/patagoniambiental.com.ar\/info\/wp-json\/wp\/v2\/users\/2"}],"replies":[{"embeddable":true,"href":"https:\/\/patagoniambiental.com.ar\/info\/wp-json\/wp\/v2\/comments?post=35296"}],"version-history":[{"count":0,"href":"https:\/\/patagoniambiental.com.ar\/info\/wp-json\/wp\/v2\/posts\/35296\/revisions"}],"wp:featuredmedia":[{"embeddable":true,"href":"https:\/\/patagoniambiental.com.ar\/info\/wp-json\/wp\/v2\/media\/35297"}],"wp:attachment":[{"href":"https:\/\/patagoniambiental.com.ar\/info\/wp-json\/wp\/v2\/media?parent=35296"}],"wp:term":[{"taxonomy":"category","embeddable":true,"href":"https:\/\/patagoniambiental.com.ar\/info\/wp-json\/wp\/v2\/categories?post=35296"},{"taxonomy":"post_tag","embeddable":true,"href":"https:\/\/patagoniambiental.com.ar\/info\/wp-json\/wp\/v2\/tags?post=35296"}],"curies":[{"name":"wp","href":"https:\/\/api.w.org\/{rel}","templated":true}]}}