{"id":35306,"date":"2017-09-22T19:00:56","date_gmt":"2017-09-22T22:00:56","guid":{"rendered":"http:\/\/patagoniambiental.com.ar\/info\/?p=35306"},"modified":"2017-09-22T14:55:05","modified_gmt":"2017-09-22T17:55:05","slug":"declaracion-de-interes-ya-es-ley-la-iniciativa-para-prevenir-y-combatir-incendios","status":"publish","type":"post","link":"https:\/\/patagoniambiental.com.ar\/info\/declaracion-de-interes-ya-es-ley-la-iniciativa-para-prevenir-y-combatir-incendios\/","title":{"rendered":"Declaraci\u00f3n de inter\u00e9s  Ya es Ley la iniciativa para prevenir y combatir incendios"},"content":{"rendered":"<p class=\"x_MsoNormal\"><i>Viedma.-La Legislatura rionegrina aprob\u00f3 ayer la iniciativa que declara de inter\u00e9s p\u00fablico provincial, la prevenci\u00f3n, supresi\u00f3n y combate de los incendios forestales y rurales.<\/i><\/p>\n<p class=\"x_MsoNormal\"><i>\u00a0<\/i><!--more--><\/p>\n<p class=\"x_MsoNormal\">\u201cCelebramos que este proyecto ya sea Ley y nos d\u00e9 el marco necesario para la puesta en marcha durante este verano, del servicio de prevenci\u00f3n de incendios de montes y pastizales, en el este de la provincia\u201d, se\u00f1al\u00f3 el ministro de Agricultura, Ganader\u00eda y Pesca, Alberto Diomedi.<\/p>\n<p class=\"x_MsoNormal\">\u201cLa localidad de General Conesa ser\u00e1 sede del nuevo servicio del SPLIF y ya nos encontramos convocando a j\u00f3venes y profesionales de la localidad para que se integren al organismo\u201d, se\u00f1al\u00f3 el funcionario.<\/p>\n<p class=\"x_MsoNormal\">La normativa aprobada fue presentada por los legisladores Leandro Tozzi y Elsa Inchassendague, y entre otros aspectos, especifica el l\u00edmite del accionar en el que se mover\u00e1 este nuevo servicio.<\/p>\n<p class=\"x_MsoNormal\">El mismo abarcar\u00e1 la zona comprendida entre el l\u00edmite con la Pampa al norte; Buenos Aires al este; el Mar Argentino al sur y desde la Costa Atl\u00e1ntica, la isohieta de 250 mm al oeste hasta el l\u00edmite con la Provincia de la Pampa, excluyendo aquellas \u00e1reas que no sean de jurisdicci\u00f3n Provincial.<\/p>\n<p class=\"x_MsoNormal\">Otro aspecto importante de la Ley es que los propietarios de campos de estar\u00e1n obligados a realizar la apertura y mantenimiento de las picadas cortafuegos y la limpieza de los alambrados perimetrales.<\/p>\n<p class=\"x_MsoNormal\">Este nuevo servicio, el SPLIF General Conesa, estar\u00e1 a cargo de Jorge Chiriotti.<\/p>\n<p class=\"x_MsoNormal\">Chiriotti cuenta con una amplia experiencia en el combate de incendios primero, como Bombero de la Polic\u00eda de R\u00edo Negro, trabajando en las zonas de Viedma, Choele Choel y Luis Beltr\u00e1n. Luego ingres\u00f3 en la estructura del SPLIF Bariloche, donde se especializ\u00f3 tambi\u00e9n en tareas de incendios forestales y rescate.<\/p>\n<p class=\"x_MsoNormal\">\u201cLa Central Conesa va a funcionar de forma paralela a Bariloche y Bols\u00f3n, y con el apoyo log\u00edstico de estos servicios hasta se tenga el personal y equipamiento necesario\u201d, explic\u00f3 Chiriotti.<\/p>\n<p class=\"x_MsoNormal\">\u201cVenimos a sumarnos a la tarea que llevan adelante los bomberos en la tem\u00e1tica de incendios de campos, aportando nuestra experiencia y profesionalismo en el combate y supresi\u00f3n del fuego\u201d, agreg\u00f3.<\/p>\n<p class=\"x_MsoNormal\">\u201cActualmente estoy recorriendo los cuarteles de bomberos para que me conozcan y empecemos a coordinar las tareas. Adem\u00e1s me reun\u00ed con las asociaciones de productores para trabajar en materia de prevenci\u00f3n\u201d, finaliz\u00f3 Chiriotti.<\/p>\n<p><b><span lang=\"ES-AR\">Fuente: GOBIERNO DE R\u00cdO NEGRO<\/span><\/b><\/p>\n","protected":false},"excerpt":{"rendered":"<p>Viedma.-La Legislatura rionegrina aprob\u00f3 ayer la iniciativa que declara de inter\u00e9s p\u00fablico provincial, la prevenci\u00f3n, supresi\u00f3n y combate de los [&hellip;]<\/p>\n","protected":false},"author":2,"featured_media":35308,"comment_status":"open","ping_status":"open","sticky":false,"template":"","format":"standard","meta":{"site-sidebar-layout":"default","site-content-layout":"","ast-site-content-layout":"default","site-content-style":"default","site-sidebar-style":"default","ast-global-header-display":"","ast-banner-title-visibility":"","ast-main-header-display":"","ast-hfb-above-header-display":"","ast-hfb-below-header-display":"","ast-hfb-mobile-header-display":"","site-post-title":"","ast-breadcrumbs-content":"","ast-featured-img":"","footer-sml-layout":"","ast-disable-related-posts":"","theme-transparent-header-meta":"","adv-header-id-meta":"","stick-header-meta":"","header-above-stick-meta":"","header-main-stick-meta":"","header-below-stick-meta":"","astra-migrate-meta-layouts":"default","ast-page-background-enabled":"default","ast-page-background-meta":{"desktop":{"background-color":"var(--ast-global-color-5)","background-image":"","background-repeat":"repeat","background-position":"center center","background-size":"auto","background-attachment":"scroll","background-type":"","background-media":"","overlay-type":"","overlay-color":"","overlay-opacity":"","overlay-gradient":""},"tablet":{"background-color":"","background-image":"","background-repeat":"repeat","background-position":"center center","background-size":"auto","background-attachment":"scroll","background-type":"","background-media":"","overlay-type":"","overlay-color":"","overlay-opacity":"","overlay-gradient":""},"mobile":{"background-color":"","background-image":"","background-repeat":"repeat","background-position":"center center","background-size":"auto","background-attachment":"scroll","background-type":"","background-media":"","overlay-type":"","overlay-color":"","overlay-opacity":"","overlay-gradient":""}},"ast-content-background-meta":{"desktop":{"background-color":"var(--ast-global-color-4)","background-image":"","background-repeat":"repeat","background-position":"center center","background-size":"auto","background-attachment":"scroll","background-type":"","background-media":"","overlay-type":"","overlay-color":"","overlay-opacity":"","overlay-gradient":""},"tablet":{"background-color":"var(--ast-global-color-4)","background-image":"","background-repeat":"repeat","background-position":"center center","background-size":"auto","background-attachment":"scroll","background-type":"","background-media":"","overlay-type":"","overlay-color":"","overlay-opacity":"","overlay-gradient":""},"mobile":{"background-color":"var(--ast-global-color-4)","background-image":"","background-repeat":"repeat","background-position":"center center","background-size":"auto","background-attachment":"scroll","background-type":"","background-media":"","overlay-type":"","overlay-color":"","overlay-opacity":"","overlay-gradient":""}},"footnotes":""},"categories":[1,13,14],"tags":[],"class_list":["post-35306","post","type-post","status-publish","format-standard","has-post-thumbnail","hentry","category-noticias","category-provinciales","category-rio-negro"],"yoast_head":"<!-- This site is optimized with the Yoast SEO Premium plugin v23.0 (Yoast SEO v27.5) - https:\/\/yoast.com\/product\/yoast-seo-premium-wordpress\/ -->\n<title>Declaraci\u00f3n de inter\u00e9s Ya es Ley la iniciativa para prevenir y combatir incendios<\/title>\n<meta name=\"robots\" content=\"index, follow, max-snippet:-1, max-image-preview:large, max-video-preview:-1\" \/>\n<link rel=\"canonical\" href=\"https:\/\/patagoniambiental.com.ar\/info\/declaracion-de-interes-ya-es-ley-la-iniciativa-para-prevenir-y-combatir-incendios\/\" \/>\n<meta property=\"og:locale\" content=\"es_ES\" \/>\n<meta property=\"og:type\" content=\"article\" \/>\n<meta property=\"og:title\" content=\"Declaraci\u00f3n de inter\u00e9s Ya es Ley la iniciativa para prevenir y combatir incendios\" \/>\n<meta property=\"og:description\" content=\"Viedma.-La Legislatura rionegrina aprob\u00f3 ayer la iniciativa que declara de inter\u00e9s p\u00fablico provincial, la prevenci\u00f3n, supresi\u00f3n y combate de los [&hellip;]\" \/>\n<meta property=\"og:url\" content=\"https:\/\/patagoniambiental.com.ar\/info\/declaracion-de-interes-ya-es-ley-la-iniciativa-para-prevenir-y-combatir-incendios\/\" \/>\n<meta property=\"og:site_name\" content=\"Patagonia Ambiental\" \/>\n<meta property=\"article:publisher\" content=\"https:\/\/www.facebook.com\/patagonia.ambiental\" \/>\n<meta property=\"article:author\" content=\"https:\/\/www.facebook.com\/share\/1C1V8Gv9BX\/?mibextid=qi2Omg\" \/>\n<meta property=\"article:published_time\" content=\"2017-09-22T22:00:56+00:00\" \/>\n<meta property=\"og:image\" content=\"https:\/\/patagoniambiental.com.ar\/info\/wp-content\/uploads\/2017\/09\/00030636.jpg\" \/>\n\t<meta property=\"og:image:width\" content=\"924\" \/>\n\t<meta property=\"og:image:height\" content=\"616\" \/>\n\t<meta property=\"og:image:type\" content=\"image\/jpeg\" \/>\n<meta name=\"author\" content=\"Patagonia Ambiental\" \/>\n<meta name=\"twitter:card\" content=\"summary_large_image\" \/>\n<meta name=\"twitter:creator\" content=\"@PatAmb\" \/>\n<meta name=\"twitter:site\" content=\"@PatAmb\" \/>\n<script type=\"application\/ld+json\" class=\"yoast-schema-graph\">{\"@context\":\"https:\\\/\\\/schema.org\",\"@graph\":[{\"@type\":\"Article\",\"@id\":\"https:\\\/\\\/patagoniambiental.com.ar\\\/info\\\/declaracion-de-interes-ya-es-ley-la-iniciativa-para-prevenir-y-combatir-incendios\\\/#article\",\"isPartOf\":{\"@id\":\"https:\\\/\\\/patagoniambiental.com.ar\\\/info\\\/declaracion-de-interes-ya-es-ley-la-iniciativa-para-prevenir-y-combatir-incendios\\\/\"},\"author\":{\"name\":\"Patagonia Ambiental\",\"@id\":\"https:\\\/\\\/patagoniambiental.com.ar\\\/info\\\/#\\\/schema\\\/person\\\/db12bff64bbcbf6a253710bf0ea37b5d\"},\"headline\":\"Declaraci\u00f3n de inter\u00e9s Ya es Ley la iniciativa para prevenir y combatir incendios\",\"datePublished\":\"2017-09-22T22:00:56+00:00\",\"mainEntityOfPage\":{\"@id\":\"https:\\\/\\\/patagoniambiental.com.ar\\\/info\\\/declaracion-de-interes-ya-es-ley-la-iniciativa-para-prevenir-y-combatir-incendios\\\/\"},\"wordCount\":423,\"commentCount\":0,\"publisher\":{\"@id\":\"https:\\\/\\\/patagoniambiental.com.ar\\\/info\\\/#organization\"},\"image\":{\"@id\":\"https:\\\/\\\/patagoniambiental.com.ar\\\/info\\\/declaracion-de-interes-ya-es-ley-la-iniciativa-para-prevenir-y-combatir-incendios\\\/#primaryimage\"},\"thumbnailUrl\":\"https:\\\/\\\/patagoniambiental.com.ar\\\/info\\\/wp-content\\\/uploads\\\/2017\\\/09\\\/00030636.jpg\",\"articleSection\":[\"Noticias\",\"Provinciales\",\"R\u00edo Negro\"],\"inLanguage\":\"es\",\"potentialAction\":[{\"@type\":\"CommentAction\",\"name\":\"Comment\",\"target\":[\"https:\\\/\\\/patagoniambiental.com.ar\\\/info\\\/declaracion-de-interes-ya-es-ley-la-iniciativa-para-prevenir-y-combatir-incendios\\\/#respond\"]}]},{\"@type\":\"WebPage\",\"@id\":\"https:\\\/\\\/patagoniambiental.com.ar\\\/info\\\/declaracion-de-interes-ya-es-ley-la-iniciativa-para-prevenir-y-combatir-incendios\\\/\",\"url\":\"https:\\\/\\\/patagoniambiental.com.ar\\\/info\\\/declaracion-de-interes-ya-es-ley-la-iniciativa-para-prevenir-y-combatir-incendios\\\/\",\"name\":\"Declaraci\u00f3n de inter\u00e9s Ya es Ley la iniciativa para prevenir y combatir incendios\",\"isPartOf\":{\"@id\":\"https:\\\/\\\/patagoniambiental.com.ar\\\/info\\\/#website\"},\"primaryImageOfPage\":{\"@id\":\"https:\\\/\\\/patagoniambiental.com.ar\\\/info\\\/declaracion-de-interes-ya-es-ley-la-iniciativa-para-prevenir-y-combatir-incendios\\\/#primaryimage\"},\"image\":{\"@id\":\"https:\\\/\\\/patagoniambiental.com.ar\\\/info\\\/declaracion-de-interes-ya-es-ley-la-iniciativa-para-prevenir-y-combatir-incendios\\\/#primaryimage\"},\"thumbnailUrl\":\"https:\\\/\\\/patagoniambiental.com.ar\\\/info\\\/wp-content\\\/uploads\\\/2017\\\/09\\\/00030636.jpg\",\"datePublished\":\"2017-09-22T22:00:56+00:00\",\"breadcrumb\":{\"@id\":\"https:\\\/\\\/patagoniambiental.com.ar\\\/info\\\/declaracion-de-interes-ya-es-ley-la-iniciativa-para-prevenir-y-combatir-incendios\\\/#breadcrumb\"},\"inLanguage\":\"es\",\"potentialAction\":[{\"@type\":\"ReadAction\",\"target\":[\"https:\\\/\\\/patagoniambiental.com.ar\\\/info\\\/declaracion-de-interes-ya-es-ley-la-iniciativa-para-prevenir-y-combatir-incendios\\\/\"]}]},{\"@type\":\"ImageObject\",\"inLanguage\":\"es\",\"@id\":\"https:\\\/\\\/patagoniambiental.com.ar\\\/info\\\/declaracion-de-interes-ya-es-ley-la-iniciativa-para-prevenir-y-combatir-incendios\\\/#primaryimage\",\"url\":\"https:\\\/\\\/patagoniambiental.com.ar\\\/info\\\/wp-content\\\/uploads\\\/2017\\\/09\\\/00030636.jpg\",\"contentUrl\":\"https:\\\/\\\/patagoniambiental.com.ar\\\/info\\\/wp-content\\\/uploads\\\/2017\\\/09\\\/00030636.jpg\",\"width\":900,\"height\":600},{\"@type\":\"BreadcrumbList\",\"@id\":\"https:\\\/\\\/patagoniambiental.com.ar\\\/info\\\/declaracion-de-interes-ya-es-ley-la-iniciativa-para-prevenir-y-combatir-incendios\\\/#breadcrumb\",\"itemListElement\":[{\"@type\":\"ListItem\",\"position\":1,\"name\":\"Inicio\",\"item\":\"https:\\\/\\\/patagoniambiental.com.ar\\\/info\\\/\"},{\"@type\":\"ListItem\",\"position\":2,\"name\":\"Declaraci\u00f3n de inter\u00e9s Ya es Ley la iniciativa para prevenir y combatir incendios\"}]},{\"@type\":\"WebSite\",\"@id\":\"https:\\\/\\\/patagoniambiental.com.ar\\\/info\\\/#website\",\"url\":\"https:\\\/\\\/patagoniambiental.com.ar\\\/info\\\/\",\"name\":\"Patagonia Ambiental\",\"description\":\"Monitoreo y an\u00e1lisis de la situaci\u00f3n geopol\u00edtica en el mundo y su implicancia en la Patagonia\",\"publisher\":{\"@id\":\"https:\\\/\\\/patagoniambiental.com.ar\\\/info\\\/#organization\"},\"potentialAction\":[{\"@type\":\"SearchAction\",\"target\":{\"@type\":\"EntryPoint\",\"urlTemplate\":\"https:\\\/\\\/patagoniambiental.com.ar\\\/info\\\/?s={search_term_string}\"},\"query-input\":{\"@type\":\"PropertyValueSpecification\",\"valueRequired\":true,\"valueName\":\"search_term_string\"}}],\"inLanguage\":\"es\"},{\"@type\":\"Organization\",\"@id\":\"https:\\\/\\\/patagoniambiental.com.ar\\\/info\\\/#organization\",\"name\":\"Patagonia Ambiental\",\"url\":\"https:\\\/\\\/patagoniambiental.com.ar\\\/info\\\/\",\"logo\":{\"@type\":\"ImageObject\",\"inLanguage\":\"es\",\"@id\":\"https:\\\/\\\/patagoniambiental.com.ar\\\/info\\\/#\\\/schema\\\/logo\\\/image\\\/\",\"url\":\"https:\\\/\\\/patagoniambiental.com.ar\\\/info\\\/wp-content\\\/uploads\\\/2025\\\/05\\\/LOGO-PATAGONIA-AMBIENTAL.png\",\"contentUrl\":\"https:\\\/\\\/patagoniambiental.com.ar\\\/info\\\/wp-content\\\/uploads\\\/2025\\\/05\\\/LOGO-PATAGONIA-AMBIENTAL.png\",\"width\":433,\"height\":250,\"caption\":\"Patagonia Ambiental\"},\"image\":{\"@id\":\"https:\\\/\\\/patagoniambiental.com.ar\\\/info\\\/#\\\/schema\\\/logo\\\/image\\\/\"},\"sameAs\":[\"https:\\\/\\\/www.facebook.com\\\/patagonia.ambiental\",\"https:\\\/\\\/x.com\\\/PatAmb\"]},{\"@type\":\"Person\",\"@id\":\"https:\\\/\\\/patagoniambiental.com.ar\\\/info\\\/#\\\/schema\\\/person\\\/db12bff64bbcbf6a253710bf0ea37b5d\",\"name\":\"Patagonia Ambiental\",\"description\":\"Andr\u00e9s Nievas T\u00e9cnico en manejo ambiental, consultor Ambiental y escritor para medios locales e internacionales sobre temas de geopolitica y medio ambiente.\",\"sameAs\":[\"http:\\\/\\\/www.patagoniambiental.com.ar\",\"https:\\\/\\\/www.facebook.com\\\/share\\\/1C1V8Gv9BX\\\/?mibextid=qi2Omg\",\"@patagoniambiental\",\"https:\\\/\\\/youtube.com\\\/@patagoniaambiental2023?si=BLt58t0wuXquxlYZ\"]}]}<\/script>\n<!-- \/ Yoast SEO Premium plugin. -->","yoast_head_json":{"title":"Declaraci\u00f3n de inter\u00e9s Ya es Ley la iniciativa para prevenir y combatir incendios","robots":{"index":"index","follow":"follow","max-snippet":"max-snippet:-1","max-image-preview":"max-image-preview:large","max-video-preview":"max-video-preview:-1"},"canonical":"https:\/\/patagoniambiental.com.ar\/info\/declaracion-de-interes-ya-es-ley-la-iniciativa-para-prevenir-y-combatir-incendios\/","og_locale":"es_ES","og_type":"article","og_title":"Declaraci\u00f3n de inter\u00e9s Ya es Ley la iniciativa para prevenir y combatir incendios","og_description":"Viedma.-La Legislatura rionegrina aprob\u00f3 ayer la iniciativa que declara de inter\u00e9s p\u00fablico provincial, la prevenci\u00f3n, supresi\u00f3n y combate de los [&hellip;]","og_url":"https:\/\/patagoniambiental.com.ar\/info\/declaracion-de-interes-ya-es-ley-la-iniciativa-para-prevenir-y-combatir-incendios\/","og_site_name":"Patagonia Ambiental","article_publisher":"https:\/\/www.facebook.com\/patagonia.ambiental","article_author":"https:\/\/www.facebook.com\/share\/1C1V8Gv9BX\/?mibextid=qi2Omg","article_published_time":"2017-09-22T22:00:56+00:00","og_image":[{"width":924,"height":616,"url":"https:\/\/patagoniambiental.com.ar\/info\/wp-content\/uploads\/2017\/09\/00030636.jpg","type":"image\/jpeg"}],"author":"Patagonia Ambiental","twitter_card":"summary_large_image","twitter_creator":"@PatAmb","twitter_site":"@PatAmb","schema":{"@context":"https:\/\/schema.org","@graph":[{"@type":"Article","@id":"https:\/\/patagoniambiental.com.ar\/info\/declaracion-de-interes-ya-es-ley-la-iniciativa-para-prevenir-y-combatir-incendios\/#article","isPartOf":{"@id":"https:\/\/patagoniambiental.com.ar\/info\/declaracion-de-interes-ya-es-ley-la-iniciativa-para-prevenir-y-combatir-incendios\/"},"author":{"name":"Patagonia Ambiental","@id":"https:\/\/patagoniambiental.com.ar\/info\/#\/schema\/person\/db12bff64bbcbf6a253710bf0ea37b5d"},"headline":"Declaraci\u00f3n de inter\u00e9s Ya es Ley la iniciativa para prevenir y combatir incendios","datePublished":"2017-09-22T22:00:56+00:00","mainEntityOfPage":{"@id":"https:\/\/patagoniambiental.com.ar\/info\/declaracion-de-interes-ya-es-ley-la-iniciativa-para-prevenir-y-combatir-incendios\/"},"wordCount":423,"commentCount":0,"publisher":{"@id":"https:\/\/patagoniambiental.com.ar\/info\/#organization"},"image":{"@id":"https:\/\/patagoniambiental.com.ar\/info\/declaracion-de-interes-ya-es-ley-la-iniciativa-para-prevenir-y-combatir-incendios\/#primaryimage"},"thumbnailUrl":"https:\/\/patagoniambiental.com.ar\/info\/wp-content\/uploads\/2017\/09\/00030636.jpg","articleSection":["Noticias","Provinciales","R\u00edo Negro"],"inLanguage":"es","potentialAction":[{"@type":"CommentAction","name":"Comment","target":["https:\/\/patagoniambiental.com.ar\/info\/declaracion-de-interes-ya-es-ley-la-iniciativa-para-prevenir-y-combatir-incendios\/#respond"]}]},{"@type":"WebPage","@id":"https:\/\/patagoniambiental.com.ar\/info\/declaracion-de-interes-ya-es-ley-la-iniciativa-para-prevenir-y-combatir-incendios\/","url":"https:\/\/patagoniambiental.com.ar\/info\/declaracion-de-interes-ya-es-ley-la-iniciativa-para-prevenir-y-combatir-incendios\/","name":"Declaraci\u00f3n de inter\u00e9s Ya es Ley la iniciativa para prevenir y combatir incendios","isPartOf":{"@id":"https:\/\/patagoniambiental.com.ar\/info\/#website"},"primaryImageOfPage":{"@id":"https:\/\/patagoniambiental.com.ar\/info\/declaracion-de-interes-ya-es-ley-la-iniciativa-para-prevenir-y-combatir-incendios\/#primaryimage"},"image":{"@id":"https:\/\/patagoniambiental.com.ar\/info\/declaracion-de-interes-ya-es-ley-la-iniciativa-para-prevenir-y-combatir-incendios\/#primaryimage"},"thumbnailUrl":"https:\/\/patagoniambiental.com.ar\/info\/wp-content\/uploads\/2017\/09\/00030636.jpg","datePublished":"2017-09-22T22:00:56+00:00","breadcrumb":{"@id":"https:\/\/patagoniambiental.com.ar\/info\/declaracion-de-interes-ya-es-ley-la-iniciativa-para-prevenir-y-combatir-incendios\/#breadcrumb"},"inLanguage":"es","potentialAction":[{"@type":"ReadAction","target":["https:\/\/patagoniambiental.com.ar\/info\/declaracion-de-interes-ya-es-ley-la-iniciativa-para-prevenir-y-combatir-incendios\/"]}]},{"@type":"ImageObject","inLanguage":"es","@id":"https:\/\/patagoniambiental.com.ar\/info\/declaracion-de-interes-ya-es-ley-la-iniciativa-para-prevenir-y-combatir-incendios\/#primaryimage","url":"https:\/\/patagoniambiental.com.ar\/info\/wp-content\/uploads\/2017\/09\/00030636.jpg","contentUrl":"https:\/\/patagoniambiental.com.ar\/info\/wp-content\/uploads\/2017\/09\/00030636.jpg","width":900,"height":600},{"@type":"BreadcrumbList","@id":"https:\/\/patagoniambiental.com.ar\/info\/declaracion-de-interes-ya-es-ley-la-iniciativa-para-prevenir-y-combatir-incendios\/#breadcrumb","itemListElement":[{"@type":"ListItem","position":1,"name":"Inicio","item":"https:\/\/patagoniambiental.com.ar\/info\/"},{"@type":"ListItem","position":2,"name":"Declaraci\u00f3n de inter\u00e9s Ya es Ley la iniciativa para prevenir y combatir incendios"}]},{"@type":"WebSite","@id":"https:\/\/patagoniambiental.com.ar\/info\/#website","url":"https:\/\/patagoniambiental.com.ar\/info\/","name":"Patagonia Ambiental","description":"Monitoreo y an\u00e1lisis de la situaci\u00f3n geopol\u00edtica en el mundo y su implicancia en la Patagonia","publisher":{"@id":"https:\/\/patagoniambiental.com.ar\/info\/#organization"},"potentialAction":[{"@type":"SearchAction","target":{"@type":"EntryPoint","urlTemplate":"https:\/\/patagoniambiental.com.ar\/info\/?s={search_term_string}"},"query-input":{"@type":"PropertyValueSpecification","valueRequired":true,"valueName":"search_term_string"}}],"inLanguage":"es"},{"@type":"Organization","@id":"https:\/\/patagoniambiental.com.ar\/info\/#organization","name":"Patagonia Ambiental","url":"https:\/\/patagoniambiental.com.ar\/info\/","logo":{"@type":"ImageObject","inLanguage":"es","@id":"https:\/\/patagoniambiental.com.ar\/info\/#\/schema\/logo\/image\/","url":"https:\/\/patagoniambiental.com.ar\/info\/wp-content\/uploads\/2025\/05\/LOGO-PATAGONIA-AMBIENTAL.png","contentUrl":"https:\/\/patagoniambiental.com.ar\/info\/wp-content\/uploads\/2025\/05\/LOGO-PATAGONIA-AMBIENTAL.png","width":433,"height":250,"caption":"Patagonia Ambiental"},"image":{"@id":"https:\/\/patagoniambiental.com.ar\/info\/#\/schema\/logo\/image\/"},"sameAs":["https:\/\/www.facebook.com\/patagonia.ambiental","https:\/\/x.com\/PatAmb"]},{"@type":"Person","@id":"https:\/\/patagoniambiental.com.ar\/info\/#\/schema\/person\/db12bff64bbcbf6a253710bf0ea37b5d","name":"Patagonia Ambiental","description":"Andr\u00e9s Nievas T\u00e9cnico en manejo ambiental, consultor Ambiental y escritor para medios locales e internacionales sobre temas de geopolitica y medio ambiente.","sameAs":["http:\/\/www.patagoniambiental.com.ar","https:\/\/www.facebook.com\/share\/1C1V8Gv9BX\/?mibextid=qi2Omg","@patagoniambiental","https:\/\/youtube.com\/@patagoniaambiental2023?si=BLt58t0wuXquxlYZ"]}]}},"_links":{"self":[{"href":"https:\/\/patagoniambiental.com.ar\/info\/wp-json\/wp\/v2\/posts\/35306","targetHints":{"allow":["GET"]}}],"collection":[{"href":"https:\/\/patagoniambiental.com.ar\/info\/wp-json\/wp\/v2\/posts"}],"about":[{"href":"https:\/\/patagoniambiental.com.ar\/info\/wp-json\/wp\/v2\/types\/post"}],"author":[{"embeddable":true,"href":"https:\/\/patagoniambiental.com.ar\/info\/wp-json\/wp\/v2\/users\/2"}],"replies":[{"embeddable":true,"href":"https:\/\/patagoniambiental.com.ar\/info\/wp-json\/wp\/v2\/comments?post=35306"}],"version-history":[{"count":0,"href":"https:\/\/patagoniambiental.com.ar\/info\/wp-json\/wp\/v2\/posts\/35306\/revisions"}],"wp:featuredmedia":[{"embeddable":true,"href":"https:\/\/patagoniambiental.com.ar\/info\/wp-json\/wp\/v2\/media\/35308"}],"wp:attachment":[{"href":"https:\/\/patagoniambiental.com.ar\/info\/wp-json\/wp\/v2\/media?parent=35306"}],"wp:term":[{"taxonomy":"category","embeddable":true,"href":"https:\/\/patagoniambiental.com.ar\/info\/wp-json\/wp\/v2\/categories?post=35306"},{"taxonomy":"post_tag","embeddable":true,"href":"https:\/\/patagoniambiental.com.ar\/info\/wp-json\/wp\/v2\/tags?post=35306"}],"curies":[{"name":"wp","href":"https:\/\/api.w.org\/{rel}","templated":true}]}}