{"id":35368,"date":"2017-09-25T09:00:04","date_gmt":"2017-09-25T12:00:04","guid":{"rendered":"http:\/\/patagoniambiental.com.ar\/info\/?p=35368"},"modified":"2017-09-25T10:22:11","modified_gmt":"2017-09-25T13:22:11","slug":"pichetto-comparo-a-los-mapuches-con-el-grupo-terrorista-sendero-luminoso","status":"publish","type":"post","link":"https:\/\/patagoniambiental.com.ar\/info\/pichetto-comparo-a-los-mapuches-con-el-grupo-terrorista-sendero-luminoso\/","title":{"rendered":"Pichetto compar\u00f3 a los mapuches con el grupo terrorista Sendero Luminoso"},"content":{"rendered":"<p>Buenos Aires.-El senador nacional dijo que el grupo aborigen RAM promueve adem\u00e1s el &#8216;promontonerismo&#8217;<\/p>\n<p><!--more--><\/p>\n<div class=\"row\">\n<div class=\"col-md-1\">\n<div class=\"inner-share-bar cf\">\n<div class=\"item\"><\/div>\n<\/div>\n<\/div>\n<div class=\"col-md-11\">\n<div class=\"contenedor-slide\">\n<div class=\"cycle-slideshow\" style=\"box-sizing: border-box; font-weight: 400; -webkit-font-smoothing: antialiased; position: relative;\" data-cycle-manual-fx=\"fadeout\" data-cycle-manual-speed=\"200\" data-cycle-timeout=\"0\" data-cycle-slides=\"&gt; div.item\" data-cycle-prev=\"#prev1\" data-cycle-next=\"#next1\" data-cycle-loader=\"true\">\n<div class=\"item cycle-slide cycle-sentinel\"><a class=\"gal_foto cboxElement\" href=\"http:\/\/www.elintransigente.com\/u\/fotografias\/fotosnoticias\/2016\/11\/8\/376995.jpg\"><img decoding=\"async\" class=\"img-100\" src=\"http:\/\/www.elintransigente.com\/u\/fotografias\/m\/2016\/11\/8\/f768x512-376995_433186_0.jpg\" alt=\"Pichetto compar\u00f3 a los mapuches con el grupo terrorista Sendero Luminoso\" \/><\/a><\/div>\n<div class=\"item cycle-slide cycle-slide-active\"><\/div>\n<\/div>\n<\/div>\n<div class=\"fecha-y-tags\"><span class=\"date\">viernes, 22 de septiembre de 2017 \u00b7 04:09:00 p.m.<\/span><\/div>\n<div class=\"tags-cloud\">\n<header>M\u00c1S DE<\/header>\n<div class=\"tags-group\"><a class=\"tag label\" href=\"http:\/\/www.elintransigente.com\/temas\/miguel-angel-pichetto-12322.html\">MIGUEL ANGEL PICHETTO<\/a>\u00a0<a class=\"tag label\" href=\"http:\/\/www.elintransigente.com\/temas\/comunidad-mapuche-14463.html\">COMUNIDAD MAPUCHE<\/a><\/div>\n<\/div>\n<div class=\"cuerpo-nota\">\n<p>BUENOS AIRES (Redacci\u00f3n) &#8211; El titular del bloque de senadores del PJ-Frente Para la Victoria,\u00a0<strong>Miguel \u00c1ngel Pichetto<\/strong>, fue el autor de\u00a0<strong>pol\u00e9micas declaraciones\u00a0<\/strong>mediante las cuales\u00a0<strong>compar\u00f3 a la\u00a0<a href=\"http:\/\/www.elintransigente.com\/politica\/2017\/9\/22\/pueblos-originarios-instalaran-carpa-frente-congreso-456839.html\">comunidad mapuche<\/a><\/strong>en la Patagonia con el\u00a0<strong>grupo terrorista peruano Sendero Luminoso<\/strong>, que cobr\u00f3 protagonismo en la d\u00e9cada de 1980 al encabezar un movimiento militar que incurri\u00f3 en la violencia contra campesinos.<\/p>\n<p>\u00abEn la cordillera hay tufillo a Sendero (Luminoso). Hay mucha voluntad de luchar por las nobles causas, pero\u00a0hay mucho protomontonerismo en la frontera\u00bb, consider\u00f3 quien supo ser una de las espadas pol\u00edticas m\u00e1s importantes de Cristina Fern\u00e1ndez de Kirchner en el Congreso Nacional. Bajo ese concepto, Pichetto pidi\u00f3 que las\u00a0<a href=\"http:\/\/www.elintransigente.com\/politica\/2017\/9\/21\/gendarme-admitio-le-dieron-corchazos-para-tengan-mapuches-456633.html\">Fuerzas Armadas<\/a>\u00a0tengan \u00abuna presencia disuasoria en la Patagonia\u201d.<\/p>\n<p>De esa forma, sum\u00f3 tambi\u00e9n la noci\u00f3n de que existe \u201cmucho promontonerismo\u201d de la mano\u00a0de grupos \u00abpreinsurreccionales\u00bb en la Patagonia argentina. As\u00edmismo, apel\u00f3 a una \u00abreconciliaci\u00f3n\u00bb con el Ej\u00e9rcito, en un pa\u00eds donde la sociedad y lo castrense se miran de reojo.<\/p>\n<aside class=\"htmlinline \"><\/aside>\n<p>Las frases de Miguel \u00c1ngel Pichetto se dieron en el marco de su manifestaci\u00f3n por \u201cque se sepa la verdad\u201d sobre la desaparici\u00f3n del joven de 28 a\u00f1os, Santiago Maldonado, durante un feroz enfrentamiento entre la Gendarmer\u00eda Nacional y la comunidad mapuche Pu Lof, en Cushamen, provincia de Chubut, en\u00a0la jornada del pasado 1 de agosto, hace 52 d\u00edas.<\/p>\n<p>Posteriormente, el senador nacional pidi\u00f3 que, luego de que se esclaresca el caso Maldonado,\u00a0\u201chay que dar el debate sobre lo que significa la RAM:\u00a0un grupo violento y preinsurreccional\u00bb, ante lo cual consider\u00f3 que debe haber una \u00abpresencia disuasoria en la Patagonia\u201d. El funcionario particip\u00f3 del foro \u00abProyecto Nacional de Desarrollo: la Argentina que Viene\u00bb, realizado en el Hotel Castelar.<\/p>\n<p>Fuente:\u00a0http:\/\/www.elintransigente.com\/politica\/2017\/9\/22\/pichetto-comparo-mapuches-grupo-terrorista-sendero-luminoso-456946.html<\/p>\n<\/div>\n<\/div>\n<\/div>\n","protected":false},"excerpt":{"rendered":"<p>Buenos Aires.-El senador nacional dijo que el grupo aborigen RAM promueve adem\u00e1s el &#8216;promontonerismo&#8217;<\/p>\n","protected":false},"author":2,"featured_media":35369,"comment_status":"open","ping_status":"open","sticky":false,"template":"","format":"standard","meta":{"site-sidebar-layout":"default","site-content-layout":"","ast-site-content-layout":"default","site-content-style":"default","site-sidebar-style":"default","ast-global-header-display":"","ast-banner-title-visibility":"","ast-main-header-display":"","ast-hfb-above-header-display":"","ast-hfb-below-header-display":"","ast-hfb-mobile-header-display":"","site-post-title":"","ast-breadcrumbs-content":"","ast-featured-img":"","footer-sml-layout":"","ast-disable-related-posts":"","theme-transparent-header-meta":"","adv-header-id-meta":"","stick-header-meta":"","header-above-stick-meta":"","header-main-stick-meta":"","header-below-stick-meta":"","astra-migrate-meta-layouts":"default","ast-page-background-enabled":"default","ast-page-background-meta":{"desktop":{"background-color":"var(--ast-global-color-5)","background-image":"","background-repeat":"repeat","background-position":"center center","background-size":"auto","background-attachment":"scroll","background-type":"","background-media":"","overlay-type":"","overlay-color":"","overlay-opacity":"","overlay-gradient":""},"tablet":{"background-color":"","background-image":"","background-repeat":"repeat","background-position":"center center","background-size":"auto","background-attachment":"scroll","background-type":"","background-media":"","overlay-type":"","overlay-color":"","overlay-opacity":"","overlay-gradient":""},"mobile":{"background-color":"","background-image":"","background-repeat":"repeat","background-position":"center center","background-size":"auto","background-attachment":"scroll","background-type":"","background-media":"","overlay-type":"","overlay-color":"","overlay-opacity":"","overlay-gradient":""}},"ast-content-background-meta":{"desktop":{"background-color":"var(--ast-global-color-4)","background-image":"","background-repeat":"repeat","background-position":"center center","background-size":"auto","background-attachment":"scroll","background-type":"","background-media":"","overlay-type":"","overlay-color":"","overlay-opacity":"","overlay-gradient":""},"tablet":{"background-color":"var(--ast-global-color-4)","background-image":"","background-repeat":"repeat","background-position":"center center","background-size":"auto","background-attachment":"scroll","background-type":"","background-media":"","overlay-type":"","overlay-color":"","overlay-opacity":"","overlay-gradient":""},"mobile":{"background-color":"var(--ast-global-color-4)","background-image":"","background-repeat":"repeat","background-position":"center center","background-size":"auto","background-attachment":"scroll","background-type":"","background-media":"","overlay-type":"","overlay-color":"","overlay-opacity":"","overlay-gradient":""}},"footnotes":""},"categories":[23,1],"tags":[],"class_list":["post-35368","post","type-post","status-publish","format-standard","has-post-thumbnail","hentry","category-internacionales","category-noticias"],"yoast_head":"<!-- This site is optimized with the Yoast SEO Premium plugin v23.0 (Yoast SEO v27.4) - https:\/\/yoast.com\/product\/yoast-seo-premium-wordpress\/ -->\n<title>Pichetto compar\u00f3 a los mapuches con el grupo terrorista Sendero Luminoso<\/title>\n<meta name=\"robots\" content=\"index, follow, max-snippet:-1, max-image-preview:large, max-video-preview:-1\" \/>\n<link rel=\"canonical\" href=\"https:\/\/patagoniambiental.com.ar\/info\/pichetto-comparo-a-los-mapuches-con-el-grupo-terrorista-sendero-luminoso\/\" \/>\n<meta property=\"og:locale\" content=\"es_ES\" \/>\n<meta property=\"og:type\" content=\"article\" \/>\n<meta property=\"og:title\" content=\"Pichetto compar\u00f3 a los mapuches con el grupo terrorista Sendero Luminoso\" \/>\n<meta property=\"og:description\" content=\"Buenos Aires.-El senador nacional dijo que el grupo aborigen RAM promueve adem\u00e1s el &#8216;promontonerismo&#8217;\" \/>\n<meta property=\"og:url\" content=\"https:\/\/patagoniambiental.com.ar\/info\/pichetto-comparo-a-los-mapuches-con-el-grupo-terrorista-sendero-luminoso\/\" \/>\n<meta property=\"og:site_name\" content=\"Patagonia Ambiental\" \/>\n<meta property=\"article:publisher\" content=\"https:\/\/www.facebook.com\/patagonia.ambiental\" \/>\n<meta property=\"article:author\" content=\"https:\/\/www.facebook.com\/share\/1C1V8Gv9BX\/?mibextid=qi2Omg\" \/>\n<meta property=\"article:published_time\" content=\"2017-09-25T12:00:04+00:00\" \/>\n<meta property=\"article:modified_time\" content=\"2017-09-25T13:22:11+00:00\" \/>\n<meta property=\"og:image\" content=\"https:\/\/patagoniambiental.com.ar\/info\/wp-content\/uploads\/2017\/09\/f768x512-376995_433186_0.jpg\" \/>\n\t<meta property=\"og:image:width\" content=\"768\" \/>\n\t<meta property=\"og:image:height\" content=\"512\" \/>\n\t<meta property=\"og:image:type\" content=\"image\/jpeg\" \/>\n<meta name=\"author\" content=\"Patagonia Ambiental\" \/>\n<meta name=\"twitter:card\" content=\"summary_large_image\" \/>\n<meta name=\"twitter:creator\" content=\"@PatAmb\" \/>\n<meta name=\"twitter:site\" content=\"@PatAmb\" \/>\n<script type=\"application\/ld+json\" class=\"yoast-schema-graph\">{\"@context\":\"https:\\\/\\\/schema.org\",\"@graph\":[{\"@type\":\"Article\",\"@id\":\"https:\\\/\\\/patagoniambiental.com.ar\\\/info\\\/pichetto-comparo-a-los-mapuches-con-el-grupo-terrorista-sendero-luminoso\\\/#article\",\"isPartOf\":{\"@id\":\"https:\\\/\\\/patagoniambiental.com.ar\\\/info\\\/pichetto-comparo-a-los-mapuches-con-el-grupo-terrorista-sendero-luminoso\\\/\"},\"author\":{\"name\":\"Patagonia Ambiental\",\"@id\":\"https:\\\/\\\/patagoniambiental.com.ar\\\/info\\\/#\\\/schema\\\/person\\\/db12bff64bbcbf6a253710bf0ea37b5d\"},\"headline\":\"Pichetto compar\u00f3 a los mapuches con el grupo terrorista Sendero Luminoso\",\"datePublished\":\"2017-09-25T12:00:04+00:00\",\"dateModified\":\"2017-09-25T13:22:11+00:00\",\"mainEntityOfPage\":{\"@id\":\"https:\\\/\\\/patagoniambiental.com.ar\\\/info\\\/pichetto-comparo-a-los-mapuches-con-el-grupo-terrorista-sendero-luminoso\\\/\"},\"wordCount\":348,\"commentCount\":0,\"publisher\":{\"@id\":\"https:\\\/\\\/patagoniambiental.com.ar\\\/info\\\/#organization\"},\"image\":{\"@id\":\"https:\\\/\\\/patagoniambiental.com.ar\\\/info\\\/pichetto-comparo-a-los-mapuches-con-el-grupo-terrorista-sendero-luminoso\\\/#primaryimage\"},\"thumbnailUrl\":\"https:\\\/\\\/patagoniambiental.com.ar\\\/info\\\/wp-content\\\/uploads\\\/2017\\\/09\\\/f768x512-376995_433186_0.jpg\",\"articleSection\":[\"Internacionales\",\"Noticias\"],\"inLanguage\":\"es\",\"potentialAction\":[{\"@type\":\"CommentAction\",\"name\":\"Comment\",\"target\":[\"https:\\\/\\\/patagoniambiental.com.ar\\\/info\\\/pichetto-comparo-a-los-mapuches-con-el-grupo-terrorista-sendero-luminoso\\\/#respond\"]}]},{\"@type\":\"WebPage\",\"@id\":\"https:\\\/\\\/patagoniambiental.com.ar\\\/info\\\/pichetto-comparo-a-los-mapuches-con-el-grupo-terrorista-sendero-luminoso\\\/\",\"url\":\"https:\\\/\\\/patagoniambiental.com.ar\\\/info\\\/pichetto-comparo-a-los-mapuches-con-el-grupo-terrorista-sendero-luminoso\\\/\",\"name\":\"Pichetto compar\u00f3 a los mapuches con el grupo terrorista Sendero Luminoso\",\"isPartOf\":{\"@id\":\"https:\\\/\\\/patagoniambiental.com.ar\\\/info\\\/#website\"},\"primaryImageOfPage\":{\"@id\":\"https:\\\/\\\/patagoniambiental.com.ar\\\/info\\\/pichetto-comparo-a-los-mapuches-con-el-grupo-terrorista-sendero-luminoso\\\/#primaryimage\"},\"image\":{\"@id\":\"https:\\\/\\\/patagoniambiental.com.ar\\\/info\\\/pichetto-comparo-a-los-mapuches-con-el-grupo-terrorista-sendero-luminoso\\\/#primaryimage\"},\"thumbnailUrl\":\"https:\\\/\\\/patagoniambiental.com.ar\\\/info\\\/wp-content\\\/uploads\\\/2017\\\/09\\\/f768x512-376995_433186_0.jpg\",\"datePublished\":\"2017-09-25T12:00:04+00:00\",\"dateModified\":\"2017-09-25T13:22:11+00:00\",\"breadcrumb\":{\"@id\":\"https:\\\/\\\/patagoniambiental.com.ar\\\/info\\\/pichetto-comparo-a-los-mapuches-con-el-grupo-terrorista-sendero-luminoso\\\/#breadcrumb\"},\"inLanguage\":\"es\",\"potentialAction\":[{\"@type\":\"ReadAction\",\"target\":[\"https:\\\/\\\/patagoniambiental.com.ar\\\/info\\\/pichetto-comparo-a-los-mapuches-con-el-grupo-terrorista-sendero-luminoso\\\/\"]}]},{\"@type\":\"ImageObject\",\"inLanguage\":\"es\",\"@id\":\"https:\\\/\\\/patagoniambiental.com.ar\\\/info\\\/pichetto-comparo-a-los-mapuches-con-el-grupo-terrorista-sendero-luminoso\\\/#primaryimage\",\"url\":\"https:\\\/\\\/patagoniambiental.com.ar\\\/info\\\/wp-content\\\/uploads\\\/2017\\\/09\\\/f768x512-376995_433186_0.jpg\",\"contentUrl\":\"https:\\\/\\\/patagoniambiental.com.ar\\\/info\\\/wp-content\\\/uploads\\\/2017\\\/09\\\/f768x512-376995_433186_0.jpg\",\"width\":768,\"height\":512},{\"@type\":\"BreadcrumbList\",\"@id\":\"https:\\\/\\\/patagoniambiental.com.ar\\\/info\\\/pichetto-comparo-a-los-mapuches-con-el-grupo-terrorista-sendero-luminoso\\\/#breadcrumb\",\"itemListElement\":[{\"@type\":\"ListItem\",\"position\":1,\"name\":\"Inicio\",\"item\":\"https:\\\/\\\/patagoniambiental.com.ar\\\/info\\\/\"},{\"@type\":\"ListItem\",\"position\":2,\"name\":\"Pichetto compar\u00f3 a los mapuches con el grupo terrorista Sendero Luminoso\"}]},{\"@type\":\"WebSite\",\"@id\":\"https:\\\/\\\/patagoniambiental.com.ar\\\/info\\\/#website\",\"url\":\"https:\\\/\\\/patagoniambiental.com.ar\\\/info\\\/\",\"name\":\"Patagonia Ambiental\",\"description\":\"Monitoreo y an\u00e1lisis de la situaci\u00f3n geopol\u00edtica en el mundo y su implicancia en la Patagonia\",\"publisher\":{\"@id\":\"https:\\\/\\\/patagoniambiental.com.ar\\\/info\\\/#organization\"},\"potentialAction\":[{\"@type\":\"SearchAction\",\"target\":{\"@type\":\"EntryPoint\",\"urlTemplate\":\"https:\\\/\\\/patagoniambiental.com.ar\\\/info\\\/?s={search_term_string}\"},\"query-input\":{\"@type\":\"PropertyValueSpecification\",\"valueRequired\":true,\"valueName\":\"search_term_string\"}}],\"inLanguage\":\"es\"},{\"@type\":\"Organization\",\"@id\":\"https:\\\/\\\/patagoniambiental.com.ar\\\/info\\\/#organization\",\"name\":\"Patagonia Ambiental\",\"url\":\"https:\\\/\\\/patagoniambiental.com.ar\\\/info\\\/\",\"logo\":{\"@type\":\"ImageObject\",\"inLanguage\":\"es\",\"@id\":\"https:\\\/\\\/patagoniambiental.com.ar\\\/info\\\/#\\\/schema\\\/logo\\\/image\\\/\",\"url\":\"https:\\\/\\\/patagoniambiental.com.ar\\\/info\\\/wp-content\\\/uploads\\\/2025\\\/05\\\/LOGO-PATAGONIA-AMBIENTAL.png\",\"contentUrl\":\"https:\\\/\\\/patagoniambiental.com.ar\\\/info\\\/wp-content\\\/uploads\\\/2025\\\/05\\\/LOGO-PATAGONIA-AMBIENTAL.png\",\"width\":433,\"height\":250,\"caption\":\"Patagonia Ambiental\"},\"image\":{\"@id\":\"https:\\\/\\\/patagoniambiental.com.ar\\\/info\\\/#\\\/schema\\\/logo\\\/image\\\/\"},\"sameAs\":[\"https:\\\/\\\/www.facebook.com\\\/patagonia.ambiental\",\"https:\\\/\\\/x.com\\\/PatAmb\"]},{\"@type\":\"Person\",\"@id\":\"https:\\\/\\\/patagoniambiental.com.ar\\\/info\\\/#\\\/schema\\\/person\\\/db12bff64bbcbf6a253710bf0ea37b5d\",\"name\":\"Patagonia Ambiental\",\"description\":\"Andr\u00e9s Nievas T\u00e9cnico en manejo ambiental, consultor Ambiental y escritor para medios locales e internacionales sobre temas de geopolitica y medio ambiente.\",\"sameAs\":[\"http:\\\/\\\/www.patagoniambiental.com.ar\",\"https:\\\/\\\/www.facebook.com\\\/share\\\/1C1V8Gv9BX\\\/?mibextid=qi2Omg\",\"@patagoniambiental\",\"https:\\\/\\\/youtube.com\\\/@patagoniaambiental2023?si=BLt58t0wuXquxlYZ\"]}]}<\/script>\n<!-- \/ Yoast SEO Premium plugin. -->","yoast_head_json":{"title":"Pichetto compar\u00f3 a los mapuches con el grupo terrorista Sendero Luminoso","robots":{"index":"index","follow":"follow","max-snippet":"max-snippet:-1","max-image-preview":"max-image-preview:large","max-video-preview":"max-video-preview:-1"},"canonical":"https:\/\/patagoniambiental.com.ar\/info\/pichetto-comparo-a-los-mapuches-con-el-grupo-terrorista-sendero-luminoso\/","og_locale":"es_ES","og_type":"article","og_title":"Pichetto compar\u00f3 a los mapuches con el grupo terrorista Sendero Luminoso","og_description":"Buenos Aires.-El senador nacional dijo que el grupo aborigen RAM promueve adem\u00e1s el &#8216;promontonerismo&#8217;","og_url":"https:\/\/patagoniambiental.com.ar\/info\/pichetto-comparo-a-los-mapuches-con-el-grupo-terrorista-sendero-luminoso\/","og_site_name":"Patagonia Ambiental","article_publisher":"https:\/\/www.facebook.com\/patagonia.ambiental","article_author":"https:\/\/www.facebook.com\/share\/1C1V8Gv9BX\/?mibextid=qi2Omg","article_published_time":"2017-09-25T12:00:04+00:00","article_modified_time":"2017-09-25T13:22:11+00:00","og_image":[{"width":768,"height":512,"url":"https:\/\/patagoniambiental.com.ar\/info\/wp-content\/uploads\/2017\/09\/f768x512-376995_433186_0.jpg","type":"image\/jpeg"}],"author":"Patagonia Ambiental","twitter_card":"summary_large_image","twitter_creator":"@PatAmb","twitter_site":"@PatAmb","schema":{"@context":"https:\/\/schema.org","@graph":[{"@type":"Article","@id":"https:\/\/patagoniambiental.com.ar\/info\/pichetto-comparo-a-los-mapuches-con-el-grupo-terrorista-sendero-luminoso\/#article","isPartOf":{"@id":"https:\/\/patagoniambiental.com.ar\/info\/pichetto-comparo-a-los-mapuches-con-el-grupo-terrorista-sendero-luminoso\/"},"author":{"name":"Patagonia Ambiental","@id":"https:\/\/patagoniambiental.com.ar\/info\/#\/schema\/person\/db12bff64bbcbf6a253710bf0ea37b5d"},"headline":"Pichetto compar\u00f3 a los mapuches con el grupo terrorista Sendero Luminoso","datePublished":"2017-09-25T12:00:04+00:00","dateModified":"2017-09-25T13:22:11+00:00","mainEntityOfPage":{"@id":"https:\/\/patagoniambiental.com.ar\/info\/pichetto-comparo-a-los-mapuches-con-el-grupo-terrorista-sendero-luminoso\/"},"wordCount":348,"commentCount":0,"publisher":{"@id":"https:\/\/patagoniambiental.com.ar\/info\/#organization"},"image":{"@id":"https:\/\/patagoniambiental.com.ar\/info\/pichetto-comparo-a-los-mapuches-con-el-grupo-terrorista-sendero-luminoso\/#primaryimage"},"thumbnailUrl":"https:\/\/patagoniambiental.com.ar\/info\/wp-content\/uploads\/2017\/09\/f768x512-376995_433186_0.jpg","articleSection":["Internacionales","Noticias"],"inLanguage":"es","potentialAction":[{"@type":"CommentAction","name":"Comment","target":["https:\/\/patagoniambiental.com.ar\/info\/pichetto-comparo-a-los-mapuches-con-el-grupo-terrorista-sendero-luminoso\/#respond"]}]},{"@type":"WebPage","@id":"https:\/\/patagoniambiental.com.ar\/info\/pichetto-comparo-a-los-mapuches-con-el-grupo-terrorista-sendero-luminoso\/","url":"https:\/\/patagoniambiental.com.ar\/info\/pichetto-comparo-a-los-mapuches-con-el-grupo-terrorista-sendero-luminoso\/","name":"Pichetto compar\u00f3 a los mapuches con el grupo terrorista Sendero Luminoso","isPartOf":{"@id":"https:\/\/patagoniambiental.com.ar\/info\/#website"},"primaryImageOfPage":{"@id":"https:\/\/patagoniambiental.com.ar\/info\/pichetto-comparo-a-los-mapuches-con-el-grupo-terrorista-sendero-luminoso\/#primaryimage"},"image":{"@id":"https:\/\/patagoniambiental.com.ar\/info\/pichetto-comparo-a-los-mapuches-con-el-grupo-terrorista-sendero-luminoso\/#primaryimage"},"thumbnailUrl":"https:\/\/patagoniambiental.com.ar\/info\/wp-content\/uploads\/2017\/09\/f768x512-376995_433186_0.jpg","datePublished":"2017-09-25T12:00:04+00:00","dateModified":"2017-09-25T13:22:11+00:00","breadcrumb":{"@id":"https:\/\/patagoniambiental.com.ar\/info\/pichetto-comparo-a-los-mapuches-con-el-grupo-terrorista-sendero-luminoso\/#breadcrumb"},"inLanguage":"es","potentialAction":[{"@type":"ReadAction","target":["https:\/\/patagoniambiental.com.ar\/info\/pichetto-comparo-a-los-mapuches-con-el-grupo-terrorista-sendero-luminoso\/"]}]},{"@type":"ImageObject","inLanguage":"es","@id":"https:\/\/patagoniambiental.com.ar\/info\/pichetto-comparo-a-los-mapuches-con-el-grupo-terrorista-sendero-luminoso\/#primaryimage","url":"https:\/\/patagoniambiental.com.ar\/info\/wp-content\/uploads\/2017\/09\/f768x512-376995_433186_0.jpg","contentUrl":"https:\/\/patagoniambiental.com.ar\/info\/wp-content\/uploads\/2017\/09\/f768x512-376995_433186_0.jpg","width":768,"height":512},{"@type":"BreadcrumbList","@id":"https:\/\/patagoniambiental.com.ar\/info\/pichetto-comparo-a-los-mapuches-con-el-grupo-terrorista-sendero-luminoso\/#breadcrumb","itemListElement":[{"@type":"ListItem","position":1,"name":"Inicio","item":"https:\/\/patagoniambiental.com.ar\/info\/"},{"@type":"ListItem","position":2,"name":"Pichetto compar\u00f3 a los mapuches con el grupo terrorista Sendero Luminoso"}]},{"@type":"WebSite","@id":"https:\/\/patagoniambiental.com.ar\/info\/#website","url":"https:\/\/patagoniambiental.com.ar\/info\/","name":"Patagonia Ambiental","description":"Monitoreo y an\u00e1lisis de la situaci\u00f3n geopol\u00edtica en el mundo y su implicancia en la Patagonia","publisher":{"@id":"https:\/\/patagoniambiental.com.ar\/info\/#organization"},"potentialAction":[{"@type":"SearchAction","target":{"@type":"EntryPoint","urlTemplate":"https:\/\/patagoniambiental.com.ar\/info\/?s={search_term_string}"},"query-input":{"@type":"PropertyValueSpecification","valueRequired":true,"valueName":"search_term_string"}}],"inLanguage":"es"},{"@type":"Organization","@id":"https:\/\/patagoniambiental.com.ar\/info\/#organization","name":"Patagonia Ambiental","url":"https:\/\/patagoniambiental.com.ar\/info\/","logo":{"@type":"ImageObject","inLanguage":"es","@id":"https:\/\/patagoniambiental.com.ar\/info\/#\/schema\/logo\/image\/","url":"https:\/\/patagoniambiental.com.ar\/info\/wp-content\/uploads\/2025\/05\/LOGO-PATAGONIA-AMBIENTAL.png","contentUrl":"https:\/\/patagoniambiental.com.ar\/info\/wp-content\/uploads\/2025\/05\/LOGO-PATAGONIA-AMBIENTAL.png","width":433,"height":250,"caption":"Patagonia Ambiental"},"image":{"@id":"https:\/\/patagoniambiental.com.ar\/info\/#\/schema\/logo\/image\/"},"sameAs":["https:\/\/www.facebook.com\/patagonia.ambiental","https:\/\/x.com\/PatAmb"]},{"@type":"Person","@id":"https:\/\/patagoniambiental.com.ar\/info\/#\/schema\/person\/db12bff64bbcbf6a253710bf0ea37b5d","name":"Patagonia Ambiental","description":"Andr\u00e9s Nievas T\u00e9cnico en manejo ambiental, consultor Ambiental y escritor para medios locales e internacionales sobre temas de geopolitica y medio ambiente.","sameAs":["http:\/\/www.patagoniambiental.com.ar","https:\/\/www.facebook.com\/share\/1C1V8Gv9BX\/?mibextid=qi2Omg","@patagoniambiental","https:\/\/youtube.com\/@patagoniaambiental2023?si=BLt58t0wuXquxlYZ"]}]}},"_links":{"self":[{"href":"https:\/\/patagoniambiental.com.ar\/info\/wp-json\/wp\/v2\/posts\/35368","targetHints":{"allow":["GET"]}}],"collection":[{"href":"https:\/\/patagoniambiental.com.ar\/info\/wp-json\/wp\/v2\/posts"}],"about":[{"href":"https:\/\/patagoniambiental.com.ar\/info\/wp-json\/wp\/v2\/types\/post"}],"author":[{"embeddable":true,"href":"https:\/\/patagoniambiental.com.ar\/info\/wp-json\/wp\/v2\/users\/2"}],"replies":[{"embeddable":true,"href":"https:\/\/patagoniambiental.com.ar\/info\/wp-json\/wp\/v2\/comments?post=35368"}],"version-history":[{"count":0,"href":"https:\/\/patagoniambiental.com.ar\/info\/wp-json\/wp\/v2\/posts\/35368\/revisions"}],"wp:featuredmedia":[{"embeddable":true,"href":"https:\/\/patagoniambiental.com.ar\/info\/wp-json\/wp\/v2\/media\/35369"}],"wp:attachment":[{"href":"https:\/\/patagoniambiental.com.ar\/info\/wp-json\/wp\/v2\/media?parent=35368"}],"wp:term":[{"taxonomy":"category","embeddable":true,"href":"https:\/\/patagoniambiental.com.ar\/info\/wp-json\/wp\/v2\/categories?post=35368"},{"taxonomy":"post_tag","embeddable":true,"href":"https:\/\/patagoniambiental.com.ar\/info\/wp-json\/wp\/v2\/tags?post=35368"}],"curies":[{"name":"wp","href":"https:\/\/api.w.org\/{rel}","templated":true}]}}