{"id":35379,"date":"2017-09-25T19:00:54","date_gmt":"2017-09-25T22:00:54","guid":{"rendered":"http:\/\/patagoniambiental.com.ar\/info\/?p=35379"},"modified":"2017-09-25T11:03:19","modified_gmt":"2017-09-25T14:03:19","slug":"agrupacion-de-proteccion-al-huemul-hay-que-pensar-seriamente-en-relocalizar-ejemplares","status":"publish","type":"post","link":"https:\/\/patagoniambiental.com.ar\/info\/agrupacion-de-proteccion-al-huemul-hay-que-pensar-seriamente-en-relocalizar-ejemplares\/","title":{"rendered":"Agrupaci\u00f3n de protecci\u00f3n al huemul: \u00bbHay que pensar seriamente en relocalizar ejemplares\u00bb"},"content":{"rendered":"<div class=\"resumen_not\">Coyhaique-. Ante las constantes muertes de varios animales, plantean llevarlos a lugares como el Parque Nacional Patagonia o Fundaci\u00f3n Andina para asegurar su conservaci\u00f3n.<\/div>\n<p><!--more--><\/p>\n<div class=\"autor_not\">\n<div><\/div>\n<div><\/div>\n<\/div>\n<div class=\"contenido_not\">\n<div>\n<div class=\"foto_not\"><\/div>\n<div class=\"gale_not\"><\/div>\n<div class=\"texto_not\"><picture><img decoding=\"async\" src=\"http:\/\/www.eldivisadero.cl\/media\/notis\/44885_huemules2.jpg\" \/><\/picture>\n<div class=\"gale_not\">\n<div><img decoding=\"async\" class=\"gale_noti\" src=\"http:\/\/www.eldivisadero.cl\/media\/notis2\/thumbs\/448854202_huemules3.jpg\" width=\"100\" \/><\/div>\n<div><img decoding=\"async\" class=\"gale_noti\" src=\"http:\/\/www.eldivisadero.cl\/media\/notis2\/thumbs\/448854203_huemules1.jpg\" width=\"100\" \/><\/div>\n<\/div>\n<p>La semana pasada las autoridades de Conaf y SAG informaron la muerte de un ejemplar huemul, hembra, por la acci\u00f3n de una jaur\u00eda de perros.<\/p>\n<p>Sobre esta situaci\u00f3n el Presidente de la Agrupaci\u00f3n Cultural de Protecci\u00f3n al Huemul de la Patagonia, abogado Rodrigo De Los Reyes Recabarren se\u00f1al\u00f3 \u201ccomo agrupaci\u00f3n y por mandato de nuestros estatutos vamos a ejercer todas las acciones legales que nos permita la ley contra quienes resulten responsables del ataque de perros dom\u00e9sticos a un ejemplar huemul hembra y adem\u00e1s gestante, lo que hace a\u00fan m\u00e1s dram\u00e1tico este hecho. Que la justicia cite sancione a los propietarios de los perros y cite a declarar a quienes considere responsables de este lamentable hecho, en cualquier calidad. No basta con se\u00f1alar que esto se debe solamente a una falta de cuidado responsable de animales dom\u00e9sticos o de compa\u00f1\u00eda. Hay problemas y responsabilidades de fondo\u201d, sentenci\u00f3.<\/p>\n<p>De Los Reyes precis\u00f3 que existen dos escenarios concretos. Uno en la justicia penal y otro en la justicia civil.<\/p>\n<p>\u201cSe trata de la muerte de un huemul, animal emblem\u00e1tico y en peligro de extinci\u00f3n, protegido por Tratados Internacionales y por la Ley de Caza. Por otra parte, en la actualidad se cuenta con la Ley 21.020 que regula la Tenencia Responsable de Mascotas y Animales de Compa\u00f1\u00eda, que entrega la competencia para conocer las infracciones a esta ley, a los Juzgados de Polic\u00eda Local. Hay que estudiar muy bien que instrumento jur\u00eddico y camino procesal es el id\u00f3neo y eficaz. Como sea, la huemula pre\u00f1ada muri\u00f3 por la consecuencia de perros cuyos propietarios tienen responsabilidades penales y civiles\u201d, indic\u00f3.<\/p>\n<p>Consultado sobre cu\u00e1l es la postura de su organizaci\u00f3n sobre las jaur\u00edas de perros que atacan a los huemules, el abogado expres\u00f3 \u201cnuestra agrupaci\u00f3n no es mascotista. Somos personas que tenemos un compromiso con un medio ambiente sano y que permita al ser humano desarrollarse. Es as\u00ed que somos defensores de la fauna silvestre y en especial del huemul que est\u00e1 en peligro de extinci\u00f3n. Por lo mismo nos preocupa la debilidad de la Ley para enfrentar el problema de salud p\u00fablica en que se han convertido las jaur\u00edas de perros, ya sea asilvestrados o perros dom\u00e9sticos que por irresponsabilidad de sus due\u00f1os salen a provocar da\u00f1os no solo a la fauna silvestre sino tambi\u00e9n a ovejas y aves de corral\u201d.<\/p>\n<p>Rodrigo De Los Reyes asegur\u00f3 que tienen registros que el fin de semana de Fiestas Patrias, los guardaparques y guardafaunas de la Reserva de Cerro Castillo, han debido recoger seis perros abandonados por sus due\u00f1os, adem\u00e1s de otro animal este fin de semana.<\/p>\n<p>\u201cEsa situaci\u00f3n nos preocupa y pasar de la denuncia a ejercer las acciones que otorga una ley, que aunque deficiente es un instrumento que hay que usar, por lo cual se deber\u00edan llevar a la justicia a quienes abandonen a sus mascotas y animales de compa\u00f1\u00eda\u201d, asever\u00f3.<\/p>\n<p><strong>\u201c<\/strong><strong>Hay que pensar seriamente en relocalizar ejemplares\u201d<\/strong><\/p>\n<p>De Los Reyes Recabarren, fundamenta su opini\u00f3n considerando las amenazas que afectan al huemul como fragmentaci\u00f3n del h\u00e1bitat, introducci\u00f3n de ganado en \u00e1reas silvestres protegidas, enfermedades y jaur\u00edas de perros, es necesario medidas urgentes como la preservaci\u00f3n de gen\u00e9tica y es necesario relocalizar ejemplares en lugares como Parque Nacional Patagonia o en la Fundaci\u00f3n Andina, que dirige el destacado investigador Fernando Vidal.<\/p>\n<p>\u201cSi no tomamos estas acciones, previamente conversadas con la comunidad, vamos a tener que lamentar futuras muertes y la extinci\u00f3n de la especie\u201d, concluy\u00f3.<\/p>\n<p>Fuente: Redacci\u00f3n, Diario El Divisadero<\/p>\n<\/div>\n<\/div>\n<\/div>\n","protected":false},"excerpt":{"rendered":"<p>Coyhaique-. Ante las constantes muertes de varios animales, plantean llevarlos a lugares como el Parque Nacional Patagonia o Fundaci\u00f3n Andina [&hellip;]<\/p>\n","protected":false},"author":2,"featured_media":35380,"comment_status":"open","ping_status":"open","sticky":false,"template":"","format":"standard","meta":{"site-sidebar-layout":"default","site-content-layout":"","ast-site-content-layout":"default","site-content-style":"default","site-sidebar-style":"default","ast-global-header-display":"","ast-banner-title-visibility":"","ast-main-header-display":"","ast-hfb-above-header-display":"","ast-hfb-below-header-display":"","ast-hfb-mobile-header-display":"","site-post-title":"","ast-breadcrumbs-content":"","ast-featured-img":"","footer-sml-layout":"","ast-disable-related-posts":"","theme-transparent-header-meta":"","adv-header-id-meta":"","stick-header-meta":"","header-above-stick-meta":"","header-main-stick-meta":"","header-below-stick-meta":"","astra-migrate-meta-layouts":"default","ast-page-background-enabled":"default","ast-page-background-meta":{"desktop":{"background-color":"var(--ast-global-color-5)","background-image":"","background-repeat":"repeat","background-position":"center center","background-size":"auto","background-attachment":"scroll","background-type":"","background-media":"","overlay-type":"","overlay-color":"","overlay-opacity":"","overlay-gradient":""},"tablet":{"background-color":"","background-image":"","background-repeat":"repeat","background-position":"center center","background-size":"auto","background-attachment":"scroll","background-type":"","background-media":"","overlay-type":"","overlay-color":"","overlay-opacity":"","overlay-gradient":""},"mobile":{"background-color":"","background-image":"","background-repeat":"repeat","background-position":"center center","background-size":"auto","background-attachment":"scroll","background-type":"","background-media":"","overlay-type":"","overlay-color":"","overlay-opacity":"","overlay-gradient":""}},"ast-content-background-meta":{"desktop":{"background-color":"var(--ast-global-color-4)","background-image":"","background-repeat":"repeat","background-position":"center center","background-size":"auto","background-attachment":"scroll","background-type":"","background-media":"","overlay-type":"","overlay-color":"","overlay-opacity":"","overlay-gradient":""},"tablet":{"background-color":"var(--ast-global-color-4)","background-image":"","background-repeat":"repeat","background-position":"center center","background-size":"auto","background-attachment":"scroll","background-type":"","background-media":"","overlay-type":"","overlay-color":"","overlay-opacity":"","overlay-gradient":""},"mobile":{"background-color":"var(--ast-global-color-4)","background-image":"","background-repeat":"repeat","background-position":"center center","background-size":"auto","background-attachment":"scroll","background-type":"","background-media":"","overlay-type":"","overlay-color":"","overlay-opacity":"","overlay-gradient":""}},"footnotes":""},"categories":[23,1,3],"tags":[],"class_list":["post-35379","post","type-post","status-publish","format-standard","has-post-thumbnail","hentry","category-internacionales","category-noticias","category-ong"],"yoast_head":"<!-- This site is optimized with the Yoast SEO Premium plugin v23.0 (Yoast SEO v27.4) - https:\/\/yoast.com\/product\/yoast-seo-premium-wordpress\/ -->\n<title>Agrupaci\u00f3n de protecci\u00f3n al huemul: &#039;&#039;Hay que pensar seriamente en relocalizar ejemplares&#039;&#039;<\/title>\n<meta name=\"robots\" content=\"index, follow, max-snippet:-1, max-image-preview:large, max-video-preview:-1\" \/>\n<link rel=\"canonical\" href=\"https:\/\/patagoniambiental.com.ar\/info\/agrupacion-de-proteccion-al-huemul-hay-que-pensar-seriamente-en-relocalizar-ejemplares\/\" \/>\n<meta property=\"og:locale\" content=\"es_ES\" \/>\n<meta property=\"og:type\" content=\"article\" \/>\n<meta property=\"og:title\" content=\"Agrupaci\u00f3n de protecci\u00f3n al huemul: &#039;&#039;Hay que pensar seriamente en relocalizar ejemplares&#039;&#039;\" \/>\n<meta property=\"og:description\" content=\"Coyhaique-. Ante las constantes muertes de varios animales, plantean llevarlos a lugares como el Parque Nacional Patagonia o Fundaci\u00f3n Andina [&hellip;]\" \/>\n<meta property=\"og:url\" content=\"https:\/\/patagoniambiental.com.ar\/info\/agrupacion-de-proteccion-al-huemul-hay-que-pensar-seriamente-en-relocalizar-ejemplares\/\" \/>\n<meta property=\"og:site_name\" content=\"Patagonia Ambiental\" \/>\n<meta property=\"article:publisher\" content=\"https:\/\/www.facebook.com\/patagonia.ambiental\" \/>\n<meta property=\"article:author\" content=\"https:\/\/www.facebook.com\/share\/1C1V8Gv9BX\/?mibextid=qi2Omg\" \/>\n<meta property=\"article:published_time\" content=\"2017-09-25T22:00:54+00:00\" \/>\n<meta property=\"og:image\" content=\"https:\/\/patagoniambiental.com.ar\/info\/wp-content\/uploads\/2017\/09\/44885_huemules2.jpg\" \/>\n\t<meta property=\"og:image:width\" content=\"855\" \/>\n\t<meta property=\"og:image:height\" content=\"655\" \/>\n\t<meta property=\"og:image:type\" content=\"image\/jpeg\" \/>\n<meta name=\"author\" content=\"Patagonia Ambiental\" \/>\n<meta name=\"twitter:card\" content=\"summary_large_image\" \/>\n<meta name=\"twitter:creator\" content=\"@PatAmb\" \/>\n<meta name=\"twitter:site\" content=\"@PatAmb\" \/>\n<script type=\"application\/ld+json\" class=\"yoast-schema-graph\">{\"@context\":\"https:\\\/\\\/schema.org\",\"@graph\":[{\"@type\":\"Article\",\"@id\":\"https:\\\/\\\/patagoniambiental.com.ar\\\/info\\\/agrupacion-de-proteccion-al-huemul-hay-que-pensar-seriamente-en-relocalizar-ejemplares\\\/#article\",\"isPartOf\":{\"@id\":\"https:\\\/\\\/patagoniambiental.com.ar\\\/info\\\/agrupacion-de-proteccion-al-huemul-hay-que-pensar-seriamente-en-relocalizar-ejemplares\\\/\"},\"author\":{\"name\":\"Patagonia Ambiental\",\"@id\":\"https:\\\/\\\/patagoniambiental.com.ar\\\/info\\\/#\\\/schema\\\/person\\\/db12bff64bbcbf6a253710bf0ea37b5d\"},\"headline\":\"Agrupaci\u00f3n de protecci\u00f3n al huemul: \u00bbHay que pensar seriamente en relocalizar ejemplares\u00bb\",\"datePublished\":\"2017-09-25T22:00:54+00:00\",\"mainEntityOfPage\":{\"@id\":\"https:\\\/\\\/patagoniambiental.com.ar\\\/info\\\/agrupacion-de-proteccion-al-huemul-hay-que-pensar-seriamente-en-relocalizar-ejemplares\\\/\"},\"wordCount\":663,\"commentCount\":0,\"publisher\":{\"@id\":\"https:\\\/\\\/patagoniambiental.com.ar\\\/info\\\/#organization\"},\"image\":{\"@id\":\"https:\\\/\\\/patagoniambiental.com.ar\\\/info\\\/agrupacion-de-proteccion-al-huemul-hay-que-pensar-seriamente-en-relocalizar-ejemplares\\\/#primaryimage\"},\"thumbnailUrl\":\"https:\\\/\\\/patagoniambiental.com.ar\\\/info\\\/wp-content\\\/uploads\\\/2017\\\/09\\\/44885_huemules2.jpg\",\"articleSection\":[\"Internacionales\",\"Noticias\",\"ONG\"],\"inLanguage\":\"es\",\"potentialAction\":[{\"@type\":\"CommentAction\",\"name\":\"Comment\",\"target\":[\"https:\\\/\\\/patagoniambiental.com.ar\\\/info\\\/agrupacion-de-proteccion-al-huemul-hay-que-pensar-seriamente-en-relocalizar-ejemplares\\\/#respond\"]}]},{\"@type\":\"WebPage\",\"@id\":\"https:\\\/\\\/patagoniambiental.com.ar\\\/info\\\/agrupacion-de-proteccion-al-huemul-hay-que-pensar-seriamente-en-relocalizar-ejemplares\\\/\",\"url\":\"https:\\\/\\\/patagoniambiental.com.ar\\\/info\\\/agrupacion-de-proteccion-al-huemul-hay-que-pensar-seriamente-en-relocalizar-ejemplares\\\/\",\"name\":\"Agrupaci\u00f3n de protecci\u00f3n al huemul: ''Hay que pensar seriamente en relocalizar ejemplares''\",\"isPartOf\":{\"@id\":\"https:\\\/\\\/patagoniambiental.com.ar\\\/info\\\/#website\"},\"primaryImageOfPage\":{\"@id\":\"https:\\\/\\\/patagoniambiental.com.ar\\\/info\\\/agrupacion-de-proteccion-al-huemul-hay-que-pensar-seriamente-en-relocalizar-ejemplares\\\/#primaryimage\"},\"image\":{\"@id\":\"https:\\\/\\\/patagoniambiental.com.ar\\\/info\\\/agrupacion-de-proteccion-al-huemul-hay-que-pensar-seriamente-en-relocalizar-ejemplares\\\/#primaryimage\"},\"thumbnailUrl\":\"https:\\\/\\\/patagoniambiental.com.ar\\\/info\\\/wp-content\\\/uploads\\\/2017\\\/09\\\/44885_huemules2.jpg\",\"datePublished\":\"2017-09-25T22:00:54+00:00\",\"breadcrumb\":{\"@id\":\"https:\\\/\\\/patagoniambiental.com.ar\\\/info\\\/agrupacion-de-proteccion-al-huemul-hay-que-pensar-seriamente-en-relocalizar-ejemplares\\\/#breadcrumb\"},\"inLanguage\":\"es\",\"potentialAction\":[{\"@type\":\"ReadAction\",\"target\":[\"https:\\\/\\\/patagoniambiental.com.ar\\\/info\\\/agrupacion-de-proteccion-al-huemul-hay-que-pensar-seriamente-en-relocalizar-ejemplares\\\/\"]}]},{\"@type\":\"ImageObject\",\"inLanguage\":\"es\",\"@id\":\"https:\\\/\\\/patagoniambiental.com.ar\\\/info\\\/agrupacion-de-proteccion-al-huemul-hay-que-pensar-seriamente-en-relocalizar-ejemplares\\\/#primaryimage\",\"url\":\"https:\\\/\\\/patagoniambiental.com.ar\\\/info\\\/wp-content\\\/uploads\\\/2017\\\/09\\\/44885_huemules2.jpg\",\"contentUrl\":\"https:\\\/\\\/patagoniambiental.com.ar\\\/info\\\/wp-content\\\/uploads\\\/2017\\\/09\\\/44885_huemules2.jpg\",\"width\":855,\"height\":655},{\"@type\":\"BreadcrumbList\",\"@id\":\"https:\\\/\\\/patagoniambiental.com.ar\\\/info\\\/agrupacion-de-proteccion-al-huemul-hay-que-pensar-seriamente-en-relocalizar-ejemplares\\\/#breadcrumb\",\"itemListElement\":[{\"@type\":\"ListItem\",\"position\":1,\"name\":\"Inicio\",\"item\":\"https:\\\/\\\/patagoniambiental.com.ar\\\/info\\\/\"},{\"@type\":\"ListItem\",\"position\":2,\"name\":\"Agrupaci\u00f3n de protecci\u00f3n al huemul: \u00bbHay que pensar seriamente en relocalizar ejemplares\u00bb\"}]},{\"@type\":\"WebSite\",\"@id\":\"https:\\\/\\\/patagoniambiental.com.ar\\\/info\\\/#website\",\"url\":\"https:\\\/\\\/patagoniambiental.com.ar\\\/info\\\/\",\"name\":\"Patagonia Ambiental\",\"description\":\"Monitoreo y an\u00e1lisis de la situaci\u00f3n geopol\u00edtica en el mundo y su implicancia en la Patagonia\",\"publisher\":{\"@id\":\"https:\\\/\\\/patagoniambiental.com.ar\\\/info\\\/#organization\"},\"potentialAction\":[{\"@type\":\"SearchAction\",\"target\":{\"@type\":\"EntryPoint\",\"urlTemplate\":\"https:\\\/\\\/patagoniambiental.com.ar\\\/info\\\/?s={search_term_string}\"},\"query-input\":{\"@type\":\"PropertyValueSpecification\",\"valueRequired\":true,\"valueName\":\"search_term_string\"}}],\"inLanguage\":\"es\"},{\"@type\":\"Organization\",\"@id\":\"https:\\\/\\\/patagoniambiental.com.ar\\\/info\\\/#organization\",\"name\":\"Patagonia Ambiental\",\"url\":\"https:\\\/\\\/patagoniambiental.com.ar\\\/info\\\/\",\"logo\":{\"@type\":\"ImageObject\",\"inLanguage\":\"es\",\"@id\":\"https:\\\/\\\/patagoniambiental.com.ar\\\/info\\\/#\\\/schema\\\/logo\\\/image\\\/\",\"url\":\"https:\\\/\\\/patagoniambiental.com.ar\\\/info\\\/wp-content\\\/uploads\\\/2025\\\/05\\\/LOGO-PATAGONIA-AMBIENTAL.png\",\"contentUrl\":\"https:\\\/\\\/patagoniambiental.com.ar\\\/info\\\/wp-content\\\/uploads\\\/2025\\\/05\\\/LOGO-PATAGONIA-AMBIENTAL.png\",\"width\":433,\"height\":250,\"caption\":\"Patagonia Ambiental\"},\"image\":{\"@id\":\"https:\\\/\\\/patagoniambiental.com.ar\\\/info\\\/#\\\/schema\\\/logo\\\/image\\\/\"},\"sameAs\":[\"https:\\\/\\\/www.facebook.com\\\/patagonia.ambiental\",\"https:\\\/\\\/x.com\\\/PatAmb\"]},{\"@type\":\"Person\",\"@id\":\"https:\\\/\\\/patagoniambiental.com.ar\\\/info\\\/#\\\/schema\\\/person\\\/db12bff64bbcbf6a253710bf0ea37b5d\",\"name\":\"Patagonia Ambiental\",\"description\":\"Andr\u00e9s Nievas T\u00e9cnico en manejo ambiental, consultor Ambiental y escritor para medios locales e internacionales sobre temas de geopolitica y medio ambiente.\",\"sameAs\":[\"http:\\\/\\\/www.patagoniambiental.com.ar\",\"https:\\\/\\\/www.facebook.com\\\/share\\\/1C1V8Gv9BX\\\/?mibextid=qi2Omg\",\"@patagoniambiental\",\"https:\\\/\\\/youtube.com\\\/@patagoniaambiental2023?si=BLt58t0wuXquxlYZ\"]}]}<\/script>\n<!-- \/ Yoast SEO Premium plugin. -->","yoast_head_json":{"title":"Agrupaci\u00f3n de protecci\u00f3n al huemul: ''Hay que pensar seriamente en relocalizar ejemplares''","robots":{"index":"index","follow":"follow","max-snippet":"max-snippet:-1","max-image-preview":"max-image-preview:large","max-video-preview":"max-video-preview:-1"},"canonical":"https:\/\/patagoniambiental.com.ar\/info\/agrupacion-de-proteccion-al-huemul-hay-que-pensar-seriamente-en-relocalizar-ejemplares\/","og_locale":"es_ES","og_type":"article","og_title":"Agrupaci\u00f3n de protecci\u00f3n al huemul: ''Hay que pensar seriamente en relocalizar ejemplares''","og_description":"Coyhaique-. Ante las constantes muertes de varios animales, plantean llevarlos a lugares como el Parque Nacional Patagonia o Fundaci\u00f3n Andina [&hellip;]","og_url":"https:\/\/patagoniambiental.com.ar\/info\/agrupacion-de-proteccion-al-huemul-hay-que-pensar-seriamente-en-relocalizar-ejemplares\/","og_site_name":"Patagonia Ambiental","article_publisher":"https:\/\/www.facebook.com\/patagonia.ambiental","article_author":"https:\/\/www.facebook.com\/share\/1C1V8Gv9BX\/?mibextid=qi2Omg","article_published_time":"2017-09-25T22:00:54+00:00","og_image":[{"width":855,"height":655,"url":"https:\/\/patagoniambiental.com.ar\/info\/wp-content\/uploads\/2017\/09\/44885_huemules2.jpg","type":"image\/jpeg"}],"author":"Patagonia Ambiental","twitter_card":"summary_large_image","twitter_creator":"@PatAmb","twitter_site":"@PatAmb","schema":{"@context":"https:\/\/schema.org","@graph":[{"@type":"Article","@id":"https:\/\/patagoniambiental.com.ar\/info\/agrupacion-de-proteccion-al-huemul-hay-que-pensar-seriamente-en-relocalizar-ejemplares\/#article","isPartOf":{"@id":"https:\/\/patagoniambiental.com.ar\/info\/agrupacion-de-proteccion-al-huemul-hay-que-pensar-seriamente-en-relocalizar-ejemplares\/"},"author":{"name":"Patagonia Ambiental","@id":"https:\/\/patagoniambiental.com.ar\/info\/#\/schema\/person\/db12bff64bbcbf6a253710bf0ea37b5d"},"headline":"Agrupaci\u00f3n de protecci\u00f3n al huemul: \u00bbHay que pensar seriamente en relocalizar ejemplares\u00bb","datePublished":"2017-09-25T22:00:54+00:00","mainEntityOfPage":{"@id":"https:\/\/patagoniambiental.com.ar\/info\/agrupacion-de-proteccion-al-huemul-hay-que-pensar-seriamente-en-relocalizar-ejemplares\/"},"wordCount":663,"commentCount":0,"publisher":{"@id":"https:\/\/patagoniambiental.com.ar\/info\/#organization"},"image":{"@id":"https:\/\/patagoniambiental.com.ar\/info\/agrupacion-de-proteccion-al-huemul-hay-que-pensar-seriamente-en-relocalizar-ejemplares\/#primaryimage"},"thumbnailUrl":"https:\/\/patagoniambiental.com.ar\/info\/wp-content\/uploads\/2017\/09\/44885_huemules2.jpg","articleSection":["Internacionales","Noticias","ONG"],"inLanguage":"es","potentialAction":[{"@type":"CommentAction","name":"Comment","target":["https:\/\/patagoniambiental.com.ar\/info\/agrupacion-de-proteccion-al-huemul-hay-que-pensar-seriamente-en-relocalizar-ejemplares\/#respond"]}]},{"@type":"WebPage","@id":"https:\/\/patagoniambiental.com.ar\/info\/agrupacion-de-proteccion-al-huemul-hay-que-pensar-seriamente-en-relocalizar-ejemplares\/","url":"https:\/\/patagoniambiental.com.ar\/info\/agrupacion-de-proteccion-al-huemul-hay-que-pensar-seriamente-en-relocalizar-ejemplares\/","name":"Agrupaci\u00f3n de protecci\u00f3n al huemul: ''Hay que pensar seriamente en relocalizar ejemplares''","isPartOf":{"@id":"https:\/\/patagoniambiental.com.ar\/info\/#website"},"primaryImageOfPage":{"@id":"https:\/\/patagoniambiental.com.ar\/info\/agrupacion-de-proteccion-al-huemul-hay-que-pensar-seriamente-en-relocalizar-ejemplares\/#primaryimage"},"image":{"@id":"https:\/\/patagoniambiental.com.ar\/info\/agrupacion-de-proteccion-al-huemul-hay-que-pensar-seriamente-en-relocalizar-ejemplares\/#primaryimage"},"thumbnailUrl":"https:\/\/patagoniambiental.com.ar\/info\/wp-content\/uploads\/2017\/09\/44885_huemules2.jpg","datePublished":"2017-09-25T22:00:54+00:00","breadcrumb":{"@id":"https:\/\/patagoniambiental.com.ar\/info\/agrupacion-de-proteccion-al-huemul-hay-que-pensar-seriamente-en-relocalizar-ejemplares\/#breadcrumb"},"inLanguage":"es","potentialAction":[{"@type":"ReadAction","target":["https:\/\/patagoniambiental.com.ar\/info\/agrupacion-de-proteccion-al-huemul-hay-que-pensar-seriamente-en-relocalizar-ejemplares\/"]}]},{"@type":"ImageObject","inLanguage":"es","@id":"https:\/\/patagoniambiental.com.ar\/info\/agrupacion-de-proteccion-al-huemul-hay-que-pensar-seriamente-en-relocalizar-ejemplares\/#primaryimage","url":"https:\/\/patagoniambiental.com.ar\/info\/wp-content\/uploads\/2017\/09\/44885_huemules2.jpg","contentUrl":"https:\/\/patagoniambiental.com.ar\/info\/wp-content\/uploads\/2017\/09\/44885_huemules2.jpg","width":855,"height":655},{"@type":"BreadcrumbList","@id":"https:\/\/patagoniambiental.com.ar\/info\/agrupacion-de-proteccion-al-huemul-hay-que-pensar-seriamente-en-relocalizar-ejemplares\/#breadcrumb","itemListElement":[{"@type":"ListItem","position":1,"name":"Inicio","item":"https:\/\/patagoniambiental.com.ar\/info\/"},{"@type":"ListItem","position":2,"name":"Agrupaci\u00f3n de protecci\u00f3n al huemul: \u00bbHay que pensar seriamente en relocalizar ejemplares\u00bb"}]},{"@type":"WebSite","@id":"https:\/\/patagoniambiental.com.ar\/info\/#website","url":"https:\/\/patagoniambiental.com.ar\/info\/","name":"Patagonia Ambiental","description":"Monitoreo y an\u00e1lisis de la situaci\u00f3n geopol\u00edtica en el mundo y su implicancia en la Patagonia","publisher":{"@id":"https:\/\/patagoniambiental.com.ar\/info\/#organization"},"potentialAction":[{"@type":"SearchAction","target":{"@type":"EntryPoint","urlTemplate":"https:\/\/patagoniambiental.com.ar\/info\/?s={search_term_string}"},"query-input":{"@type":"PropertyValueSpecification","valueRequired":true,"valueName":"search_term_string"}}],"inLanguage":"es"},{"@type":"Organization","@id":"https:\/\/patagoniambiental.com.ar\/info\/#organization","name":"Patagonia Ambiental","url":"https:\/\/patagoniambiental.com.ar\/info\/","logo":{"@type":"ImageObject","inLanguage":"es","@id":"https:\/\/patagoniambiental.com.ar\/info\/#\/schema\/logo\/image\/","url":"https:\/\/patagoniambiental.com.ar\/info\/wp-content\/uploads\/2025\/05\/LOGO-PATAGONIA-AMBIENTAL.png","contentUrl":"https:\/\/patagoniambiental.com.ar\/info\/wp-content\/uploads\/2025\/05\/LOGO-PATAGONIA-AMBIENTAL.png","width":433,"height":250,"caption":"Patagonia Ambiental"},"image":{"@id":"https:\/\/patagoniambiental.com.ar\/info\/#\/schema\/logo\/image\/"},"sameAs":["https:\/\/www.facebook.com\/patagonia.ambiental","https:\/\/x.com\/PatAmb"]},{"@type":"Person","@id":"https:\/\/patagoniambiental.com.ar\/info\/#\/schema\/person\/db12bff64bbcbf6a253710bf0ea37b5d","name":"Patagonia Ambiental","description":"Andr\u00e9s Nievas T\u00e9cnico en manejo ambiental, consultor Ambiental y escritor para medios locales e internacionales sobre temas de geopolitica y medio ambiente.","sameAs":["http:\/\/www.patagoniambiental.com.ar","https:\/\/www.facebook.com\/share\/1C1V8Gv9BX\/?mibextid=qi2Omg","@patagoniambiental","https:\/\/youtube.com\/@patagoniaambiental2023?si=BLt58t0wuXquxlYZ"]}]}},"_links":{"self":[{"href":"https:\/\/patagoniambiental.com.ar\/info\/wp-json\/wp\/v2\/posts\/35379","targetHints":{"allow":["GET"]}}],"collection":[{"href":"https:\/\/patagoniambiental.com.ar\/info\/wp-json\/wp\/v2\/posts"}],"about":[{"href":"https:\/\/patagoniambiental.com.ar\/info\/wp-json\/wp\/v2\/types\/post"}],"author":[{"embeddable":true,"href":"https:\/\/patagoniambiental.com.ar\/info\/wp-json\/wp\/v2\/users\/2"}],"replies":[{"embeddable":true,"href":"https:\/\/patagoniambiental.com.ar\/info\/wp-json\/wp\/v2\/comments?post=35379"}],"version-history":[{"count":0,"href":"https:\/\/patagoniambiental.com.ar\/info\/wp-json\/wp\/v2\/posts\/35379\/revisions"}],"wp:featuredmedia":[{"embeddable":true,"href":"https:\/\/patagoniambiental.com.ar\/info\/wp-json\/wp\/v2\/media\/35380"}],"wp:attachment":[{"href":"https:\/\/patagoniambiental.com.ar\/info\/wp-json\/wp\/v2\/media?parent=35379"}],"wp:term":[{"taxonomy":"category","embeddable":true,"href":"https:\/\/patagoniambiental.com.ar\/info\/wp-json\/wp\/v2\/categories?post=35379"},{"taxonomy":"post_tag","embeddable":true,"href":"https:\/\/patagoniambiental.com.ar\/info\/wp-json\/wp\/v2\/tags?post=35379"}],"curies":[{"name":"wp","href":"https:\/\/api.w.org\/{rel}","templated":true}]}}