{"id":35382,"date":"2017-09-25T19:00:12","date_gmt":"2017-09-25T22:00:12","guid":{"rendered":"http:\/\/patagoniambiental.com.ar\/info\/?p=35382"},"modified":"2017-09-25T11:13:13","modified_gmt":"2017-09-25T14:13:13","slug":"estos-sitios-que-son-de-propiedad-privada-se-hacen-muy-dificil-poder-incluirlos-en-el-sistema-nacional-de-areas-protegidas","status":"publish","type":"post","link":"https:\/\/patagoniambiental.com.ar\/info\/estos-sitios-que-son-de-propiedad-privada-se-hacen-muy-dificil-poder-incluirlos-en-el-sistema-nacional-de-areas-protegidas\/","title":{"rendered":"\u201cEstos sitios que son de propiedad privada se hacen muy dif\u00edcil poder incluirlos en el Sistema Nacional de Areas Protegidas\u201d"},"content":{"rendered":"<p class=\"p1\">Chile.-Actualmente en Chile existen 37 figuras de protecci\u00f3n de \u00e1reas verdes, pero el Estado s\u00f3lo se hace cargo de siete.<!--more--><\/p>\n<p class=\"p1\"><span class=\"s1\">A\u00a0<\/span>prop\u00f3sito del concepto de Reserva Natural Urbana, difundido en Punta Arenas por la Agrupaci\u00f3n Ecol\u00f3gica Patagonia con la intenci\u00f3n de conseguir el apoyo de las autoridades para proteger el Humedal Tres Puentes y otras \u00e1reas de la ciudad, Juan Francisco Pizarro, encargado de Recursos Naturales y Biodiversidad de la secretar\u00eda regional ministerial de Medio Ambiente, advirti\u00f3 que esto ser\u00eda un contrasentido.<\/p>\n<p class=\"p3\"><span class=\"s2\">La \u00faltima semana la agrupaci\u00f3n ecol\u00f3gica instal\u00f3 en la palestra p\u00fablica la necesidad de legislar en torno a este nuevo concepto de Reserva Natural Urbana con el objetivo de contar con el apoyo del municipio para que a trav\u00e9s de ordenanzas, asegure la protecci\u00f3n del Humedal Tres Puentes, la Costanera del Estrecho y el Parque Mar\u00eda Behety, lugares que ellos consideran, caben dentro de la definici\u00f3n.<\/span><\/p>\n<p class=\"p3\"><span class=\"s2\">El concepto comenz\u00f3 a usarse recientemente y lo que busca es categorizar o dar una cierta connotaci\u00f3n a lugares que tienen una importancia desde el punto de vista de la biodiversidad y que est\u00e1n insertos dentro de las ciudades, donde cada vez van quedando menos espacios para la naturaleza.<\/span><\/p>\n<p class=\"p3\"><span class=\"s2\">\u201cDesde el punto de vista del Estado, crear esta figura (Reserva Natural Urbana) ser\u00eda una debilidad m\u00e1s para la lucha por la protecci\u00f3n de la biodiversidad\u201d, subray\u00f3 el encargado de Recursos Naturales y Biodiversidad de la seremi de Medio Ambiente, debido a que actualmente existen 37 figuras de protecci\u00f3n distintas en Chile, tales como parques nacionales, monumentos naturales, reservas nacionales, reserva de la biosfera, entre otras; el problema es que el Estado \u201capenas se hace cargo de 6 \u00f3 7\u201d, detall\u00f3.<\/span><\/p>\n<p class=\"p3\"><span class=\"s2\">Estas siete figuras de las que el Estado ejerce una efectiva protecci\u00f3n incluye a los parques nacionales, las reservas nacionales y los monumentos naturales, que son administrados por la Corporaci\u00f3n Nacional Forestal (Conaf); parques y reservas marinas, administradas por el Servicio Nacional de Pesca y Acuicultura (Sernapesca) y, por \u00faltimo, una s\u00e9ptima que son las \u00e1reas marinas costeras protegidas, administradas por el Ministerio de Medio Ambiente.<\/span><\/p>\n<p class=\"p3\"><span class=\"s2\">En este sentido Juan Francisco Pizarro, indic\u00f3 que con la legislaci\u00f3n actual \u201csi introduces el concepto de Reserva Natural Urbana lo que van a conseguir es tener una figura de protecci\u00f3n m\u00e1s, pero esto lo que hace es desvirtuar aun m\u00e1s el tema, generando que la protecci\u00f3n sea ineficiente\u201d.<\/span><\/p>\n<p class=\"p3\"><span class=\"s2\">\u201cA lo que hay que apuntar es a que el Servicio de Biodiversidad y Areas Protegidas que est\u00e1 actualmente en tr\u00e1mite en el Senado y que est\u00e1 pendiente desde 2010 cuando se cre\u00f3 la Ley General de Bases de Medio Ambiente, salga adelante\u201d, plante\u00f3 Pizarro.<\/span><\/p>\n<p class=\"p3\"><span class=\"s2\">De ser aprobado este Servicio, las actuales 37 figuras pasar\u00edan a agruparse dentro de las 7 que hoy el Estado protege efectivamente y as\u00ed podr\u00e1n ser administradas por los servicios que mandate la ley, incluyendo los humedales.<\/span><\/p>\n<p class=\"p3\"><span class=\"s2\">\u201cEse servicio p\u00fablico administrar\u00eda todas las \u00e1reas protegidas del Estado. Avanzar en esa l\u00ednea ser\u00eda mucho m\u00e1s eficiente o efectivo porque adem\u00e1s este servicio tendr\u00eda atribuciones no solamente dentro de las \u00e1reas protegidas, sino que tambi\u00e9n fuera\u201d, recalc\u00f3 Pizarro.<\/span><\/p>\n<p class=\"p3\"><span class=\"s2\">Muy por el contrario, lo que sucede en el presente es que las denominaciones como humedales o reservas naturales urbanas, son t\u00edtulos de papel al no contar con un marco regulatorio que las proteja, por ejemplo, de ser intervenidas por sus due\u00f1os, como es el caso del Humedal Tres Puentes.<\/span><\/p>\n<p class=\"p3\"><span class=\"s2\">No obstante, la Agrupaci\u00f3n Ecol\u00f3gica de la Patagonia, en conocimiento de la actual legislaci\u00f3n, busca proteger esta \u00e1rea de la \u00fanica forma que podr\u00eda hacerlo hasta el momento,<span class=\"Apple-converted-space\">\u00a0\u00a0<\/span>a trav\u00e9s del municipio y su plano regulador.<\/span><\/p>\n<p class=\"p4\"><b>El Humedal y sus problemas para protegerlo<\/b><\/p>\n<p class=\"p3\"><span class=\"s2\">Los terrenos que son reconocidos como El Humedal Tres Puentes, est\u00e1n divididos en franjas, una de ellas es de Bienes Nacionales, entidad que al no contar con facultades para administrarlo como una reserva natural, se la entreg\u00f3 en concesi\u00f3n a la Agrupaci\u00f3n Ecol\u00f3gica Patagonia.<\/span><\/p>\n<p class=\"p3\"><span class=\"s2\">Lamentablemente, el terreno donde est\u00e1 el gran espejo de agua, donde vive la mayor diversidad de las especies del humedal, pertenece a lo menos a tres privados, entre ellos, la empresa Coca Cola.<\/span><\/p>\n<p class=\"p3\"><span class=\"s3\">En este contexto desde la seremi de Medio Ambiente, apuntan a que esos terrenos sean adquiridos por el Estado, \u201cque los compre el gobierno regional para que pasen a ser parte del bien nacional protegido\u201d, propuso Pizarro, ya que de lo contrario \u201cno se pude hacer mucho m\u00e1s de lo que ya se hace\u201d.<\/span><\/p>\n<p class=\"p3\"><span class=\"s3\">El seremi de Medio Ambiente, Juan Marcos Henr\u00edquez, concord\u00f3 con lo expuesto por Pizarro pues estos sitios que son propiedad privada \u201chacen muy dif\u00edcil poder incluirlos en el Sistema Nacional de Areas Protegidas\u201d y agreg\u00f3 que hoy por hoy es la municipalidad la \u00fanica entidad que tiene herramientas legales para preservar estos lugares a trav\u00e9s de los planos reguladores\u201d.<\/span><\/p>\n<p class=\"p3\"><span class=\"s2\">Adem\u00e1s, el seremi quiso hacer un llamado a la Agrupaci\u00f3n Ecol\u00f3gica Patagonia a \u201cesclarecer bien su propuesta, que analicen bien d\u00f3nde puede encajar, en el actual marco regulador, su idea porque as\u00ed est\u00e1 bastante dispersa y es muy dif\u00edcil generar un proyecto\u201d, puntualiz\u00f3.<\/span><\/p>\n<p class=\"p4\"><b>Mesa de trabajo<\/b><\/p>\n<p class=\"p3\"><span class=\"s2\">El caso del Humedal es de larga data y actualmente se estudia en una mesa de trabajo patrocinada por la gobernaci\u00f3n, seremi de Medio Ambiente y la Agrupaci\u00f3n Ecol\u00f3gica Patagonia.<\/span><\/p>\n<p class=\"p3\"><span class=\"s2\">En esta mesa de trabajo se coordina a diversos servicios p\u00fablicos y organismos privados para realizar tareas tendientes a la conservaci\u00f3n y preservaci\u00f3n de este patrimonio natural.<\/span><\/p>\n<p class=\"p3\"><span class=\"s3\">Una de las autoridades que tambi\u00e9n participa de esta mesa de trabajo es la senadora y actual candidata presidencial Carolina Goic, quien asumi\u00f3 el compromiso de acelerar la tramitaci\u00f3n de los servicios.<\/span><\/p>\n<p class=\"p3\"><span class=\"s3\">\u201cYo asum\u00ed un compromiso con la agrupaci\u00f3n para trabajar por las reservas naturales que est\u00e1n en las ciudades, lo cual s\u00ed est\u00e1 contemplado dentro de los Servicios de Biodiversidad y Areas Protegidas, para lo que hemos solicitado que se agilice el tr\u00e1mite, si no as\u00ed vamos a presentar un proyecto aparte que permita esta categor\u00eda de protecci\u00f3n\u201d, destac\u00f3 Goic.<\/span><\/p>\n<p>Fuente:\u00a0http:\/\/laprensaaustral.cl\/cronica\/estos-sitios-que-son-de-propiedad-privada-se-hacen-muy-dificil-poder-incluirlos-en-el-sistema-nacional-de-areas-protegidas\/<\/p>\n","protected":false},"excerpt":{"rendered":"<p>Chile.-Actualmente en Chile existen 37 figuras de protecci\u00f3n de \u00e1reas verdes, pero el Estado s\u00f3lo se hace cargo de siete.<\/p>\n","protected":false},"author":2,"featured_media":35383,"comment_status":"open","ping_status":"open","sticky":false,"template":"","format":"standard","meta":{"site-sidebar-layout":"default","site-content-layout":"","ast-site-content-layout":"default","site-content-style":"default","site-sidebar-style":"default","ast-global-header-display":"","ast-banner-title-visibility":"","ast-main-header-display":"","ast-hfb-above-header-display":"","ast-hfb-below-header-display":"","ast-hfb-mobile-header-display":"","site-post-title":"","ast-breadcrumbs-content":"","ast-featured-img":"","footer-sml-layout":"","ast-disable-related-posts":"","theme-transparent-header-meta":"","adv-header-id-meta":"","stick-header-meta":"","header-above-stick-meta":"","header-main-stick-meta":"","header-below-stick-meta":"","astra-migrate-meta-layouts":"default","ast-page-background-enabled":"default","ast-page-background-meta":{"desktop":{"background-color":"var(--ast-global-color-5)","background-image":"","background-repeat":"repeat","background-position":"center center","background-size":"auto","background-attachment":"scroll","background-type":"","background-media":"","overlay-type":"","overlay-color":"","overlay-opacity":"","overlay-gradient":""},"tablet":{"background-color":"","background-image":"","background-repeat":"repeat","background-position":"center center","background-size":"auto","background-attachment":"scroll","background-type":"","background-media":"","overlay-type":"","overlay-color":"","overlay-opacity":"","overlay-gradient":""},"mobile":{"background-color":"","background-image":"","background-repeat":"repeat","background-position":"center center","background-size":"auto","background-attachment":"scroll","background-type":"","background-media":"","overlay-type":"","overlay-color":"","overlay-opacity":"","overlay-gradient":""}},"ast-content-background-meta":{"desktop":{"background-color":"var(--ast-global-color-4)","background-image":"","background-repeat":"repeat","background-position":"center center","background-size":"auto","background-attachment":"scroll","background-type":"","background-media":"","overlay-type":"","overlay-color":"","overlay-opacity":"","overlay-gradient":""},"tablet":{"background-color":"var(--ast-global-color-4)","background-image":"","background-repeat":"repeat","background-position":"center center","background-size":"auto","background-attachment":"scroll","background-type":"","background-media":"","overlay-type":"","overlay-color":"","overlay-opacity":"","overlay-gradient":""},"mobile":{"background-color":"var(--ast-global-color-4)","background-image":"","background-repeat":"repeat","background-position":"center center","background-size":"auto","background-attachment":"scroll","background-type":"","background-media":"","overlay-type":"","overlay-color":"","overlay-opacity":"","overlay-gradient":""}},"footnotes":""},"categories":[23,1],"tags":[],"class_list":["post-35382","post","type-post","status-publish","format-standard","has-post-thumbnail","hentry","category-internacionales","category-noticias"],"yoast_head":"<!-- This site is optimized with the Yoast SEO Premium plugin v23.0 (Yoast SEO v27.4) - https:\/\/yoast.com\/product\/yoast-seo-premium-wordpress\/ -->\n<title>\u201cEstos sitios que son de propiedad privada se hacen muy dif\u00edcil poder incluirlos en el Sistema Nacional de Areas Protegidas\u201d<\/title>\n<meta name=\"robots\" content=\"index, follow, max-snippet:-1, max-image-preview:large, max-video-preview:-1\" \/>\n<link rel=\"canonical\" href=\"https:\/\/patagoniambiental.com.ar\/info\/estos-sitios-que-son-de-propiedad-privada-se-hacen-muy-dificil-poder-incluirlos-en-el-sistema-nacional-de-areas-protegidas\/\" \/>\n<meta property=\"og:locale\" content=\"es_ES\" \/>\n<meta property=\"og:type\" content=\"article\" \/>\n<meta property=\"og:title\" content=\"\u201cEstos sitios que son de propiedad privada se hacen muy dif\u00edcil poder incluirlos en el Sistema Nacional de Areas Protegidas\u201d\" \/>\n<meta property=\"og:description\" content=\"Chile.-Actualmente en Chile existen 37 figuras de protecci\u00f3n de \u00e1reas verdes, pero el Estado s\u00f3lo se hace cargo de siete.\" \/>\n<meta property=\"og:url\" content=\"https:\/\/patagoniambiental.com.ar\/info\/estos-sitios-que-son-de-propiedad-privada-se-hacen-muy-dificil-poder-incluirlos-en-el-sistema-nacional-de-areas-protegidas\/\" \/>\n<meta property=\"og:site_name\" content=\"Patagonia Ambiental\" \/>\n<meta property=\"article:publisher\" content=\"https:\/\/www.facebook.com\/patagonia.ambiental\" \/>\n<meta property=\"article:author\" content=\"https:\/\/www.facebook.com\/share\/1C1V8Gv9BX\/?mibextid=qi2Omg\" \/>\n<meta property=\"article:published_time\" content=\"2017-09-25T22:00:12+00:00\" \/>\n<meta property=\"og:image\" content=\"https:\/\/patagoniambiental.com.ar\/info\/wp-content\/uploads\/2017\/09\/fsdfd.jpg\" \/>\n\t<meta property=\"og:image:width\" content=\"728\" \/>\n\t<meta property=\"og:image:height\" content=\"428\" \/>\n\t<meta property=\"og:image:type\" content=\"image\/jpeg\" \/>\n<meta name=\"author\" content=\"Patagonia Ambiental\" \/>\n<meta name=\"twitter:card\" content=\"summary_large_image\" \/>\n<meta name=\"twitter:creator\" content=\"@PatAmb\" \/>\n<meta name=\"twitter:site\" content=\"@PatAmb\" \/>\n<script type=\"application\/ld+json\" class=\"yoast-schema-graph\">{\"@context\":\"https:\\\/\\\/schema.org\",\"@graph\":[{\"@type\":\"Article\",\"@id\":\"https:\\\/\\\/patagoniambiental.com.ar\\\/info\\\/estos-sitios-que-son-de-propiedad-privada-se-hacen-muy-dificil-poder-incluirlos-en-el-sistema-nacional-de-areas-protegidas\\\/#article\",\"isPartOf\":{\"@id\":\"https:\\\/\\\/patagoniambiental.com.ar\\\/info\\\/estos-sitios-que-son-de-propiedad-privada-se-hacen-muy-dificil-poder-incluirlos-en-el-sistema-nacional-de-areas-protegidas\\\/\"},\"author\":{\"name\":\"Patagonia Ambiental\",\"@id\":\"https:\\\/\\\/patagoniambiental.com.ar\\\/info\\\/#\\\/schema\\\/person\\\/db12bff64bbcbf6a253710bf0ea37b5d\"},\"headline\":\"\u201cEstos sitios que son de propiedad privada se hacen muy dif\u00edcil poder incluirlos en el Sistema Nacional de Areas Protegidas\u201d\",\"datePublished\":\"2017-09-25T22:00:12+00:00\",\"mainEntityOfPage\":{\"@id\":\"https:\\\/\\\/patagoniambiental.com.ar\\\/info\\\/estos-sitios-que-son-de-propiedad-privada-se-hacen-muy-dificil-poder-incluirlos-en-el-sistema-nacional-de-areas-protegidas\\\/\"},\"wordCount\":1084,\"commentCount\":0,\"publisher\":{\"@id\":\"https:\\\/\\\/patagoniambiental.com.ar\\\/info\\\/#organization\"},\"image\":{\"@id\":\"https:\\\/\\\/patagoniambiental.com.ar\\\/info\\\/estos-sitios-que-son-de-propiedad-privada-se-hacen-muy-dificil-poder-incluirlos-en-el-sistema-nacional-de-areas-protegidas\\\/#primaryimage\"},\"thumbnailUrl\":\"https:\\\/\\\/patagoniambiental.com.ar\\\/info\\\/wp-content\\\/uploads\\\/2017\\\/09\\\/fsdfd.jpg\",\"articleSection\":[\"Internacionales\",\"Noticias\"],\"inLanguage\":\"es\",\"potentialAction\":[{\"@type\":\"CommentAction\",\"name\":\"Comment\",\"target\":[\"https:\\\/\\\/patagoniambiental.com.ar\\\/info\\\/estos-sitios-que-son-de-propiedad-privada-se-hacen-muy-dificil-poder-incluirlos-en-el-sistema-nacional-de-areas-protegidas\\\/#respond\"]}]},{\"@type\":\"WebPage\",\"@id\":\"https:\\\/\\\/patagoniambiental.com.ar\\\/info\\\/estos-sitios-que-son-de-propiedad-privada-se-hacen-muy-dificil-poder-incluirlos-en-el-sistema-nacional-de-areas-protegidas\\\/\",\"url\":\"https:\\\/\\\/patagoniambiental.com.ar\\\/info\\\/estos-sitios-que-son-de-propiedad-privada-se-hacen-muy-dificil-poder-incluirlos-en-el-sistema-nacional-de-areas-protegidas\\\/\",\"name\":\"\u201cEstos sitios que son de propiedad privada se hacen muy dif\u00edcil poder incluirlos en el Sistema Nacional de Areas Protegidas\u201d\",\"isPartOf\":{\"@id\":\"https:\\\/\\\/patagoniambiental.com.ar\\\/info\\\/#website\"},\"primaryImageOfPage\":{\"@id\":\"https:\\\/\\\/patagoniambiental.com.ar\\\/info\\\/estos-sitios-que-son-de-propiedad-privada-se-hacen-muy-dificil-poder-incluirlos-en-el-sistema-nacional-de-areas-protegidas\\\/#primaryimage\"},\"image\":{\"@id\":\"https:\\\/\\\/patagoniambiental.com.ar\\\/info\\\/estos-sitios-que-son-de-propiedad-privada-se-hacen-muy-dificil-poder-incluirlos-en-el-sistema-nacional-de-areas-protegidas\\\/#primaryimage\"},\"thumbnailUrl\":\"https:\\\/\\\/patagoniambiental.com.ar\\\/info\\\/wp-content\\\/uploads\\\/2017\\\/09\\\/fsdfd.jpg\",\"datePublished\":\"2017-09-25T22:00:12+00:00\",\"breadcrumb\":{\"@id\":\"https:\\\/\\\/patagoniambiental.com.ar\\\/info\\\/estos-sitios-que-son-de-propiedad-privada-se-hacen-muy-dificil-poder-incluirlos-en-el-sistema-nacional-de-areas-protegidas\\\/#breadcrumb\"},\"inLanguage\":\"es\",\"potentialAction\":[{\"@type\":\"ReadAction\",\"target\":[\"https:\\\/\\\/patagoniambiental.com.ar\\\/info\\\/estos-sitios-que-son-de-propiedad-privada-se-hacen-muy-dificil-poder-incluirlos-en-el-sistema-nacional-de-areas-protegidas\\\/\"]}]},{\"@type\":\"ImageObject\",\"inLanguage\":\"es\",\"@id\":\"https:\\\/\\\/patagoniambiental.com.ar\\\/info\\\/estos-sitios-que-son-de-propiedad-privada-se-hacen-muy-dificil-poder-incluirlos-en-el-sistema-nacional-de-areas-protegidas\\\/#primaryimage\",\"url\":\"https:\\\/\\\/patagoniambiental.com.ar\\\/info\\\/wp-content\\\/uploads\\\/2017\\\/09\\\/fsdfd.jpg\",\"contentUrl\":\"https:\\\/\\\/patagoniambiental.com.ar\\\/info\\\/wp-content\\\/uploads\\\/2017\\\/09\\\/fsdfd.jpg\",\"width\":728,\"height\":428},{\"@type\":\"BreadcrumbList\",\"@id\":\"https:\\\/\\\/patagoniambiental.com.ar\\\/info\\\/estos-sitios-que-son-de-propiedad-privada-se-hacen-muy-dificil-poder-incluirlos-en-el-sistema-nacional-de-areas-protegidas\\\/#breadcrumb\",\"itemListElement\":[{\"@type\":\"ListItem\",\"position\":1,\"name\":\"Inicio\",\"item\":\"https:\\\/\\\/patagoniambiental.com.ar\\\/info\\\/\"},{\"@type\":\"ListItem\",\"position\":2,\"name\":\"\u201cEstos sitios que son de propiedad privada se hacen muy dif\u00edcil poder incluirlos en el Sistema Nacional de Areas Protegidas\u201d\"}]},{\"@type\":\"WebSite\",\"@id\":\"https:\\\/\\\/patagoniambiental.com.ar\\\/info\\\/#website\",\"url\":\"https:\\\/\\\/patagoniambiental.com.ar\\\/info\\\/\",\"name\":\"Patagonia Ambiental\",\"description\":\"Monitoreo y an\u00e1lisis de la situaci\u00f3n geopol\u00edtica en el mundo y su implicancia en la Patagonia\",\"publisher\":{\"@id\":\"https:\\\/\\\/patagoniambiental.com.ar\\\/info\\\/#organization\"},\"potentialAction\":[{\"@type\":\"SearchAction\",\"target\":{\"@type\":\"EntryPoint\",\"urlTemplate\":\"https:\\\/\\\/patagoniambiental.com.ar\\\/info\\\/?s={search_term_string}\"},\"query-input\":{\"@type\":\"PropertyValueSpecification\",\"valueRequired\":true,\"valueName\":\"search_term_string\"}}],\"inLanguage\":\"es\"},{\"@type\":\"Organization\",\"@id\":\"https:\\\/\\\/patagoniambiental.com.ar\\\/info\\\/#organization\",\"name\":\"Patagonia Ambiental\",\"url\":\"https:\\\/\\\/patagoniambiental.com.ar\\\/info\\\/\",\"logo\":{\"@type\":\"ImageObject\",\"inLanguage\":\"es\",\"@id\":\"https:\\\/\\\/patagoniambiental.com.ar\\\/info\\\/#\\\/schema\\\/logo\\\/image\\\/\",\"url\":\"https:\\\/\\\/patagoniambiental.com.ar\\\/info\\\/wp-content\\\/uploads\\\/2025\\\/05\\\/LOGO-PATAGONIA-AMBIENTAL.png\",\"contentUrl\":\"https:\\\/\\\/patagoniambiental.com.ar\\\/info\\\/wp-content\\\/uploads\\\/2025\\\/05\\\/LOGO-PATAGONIA-AMBIENTAL.png\",\"width\":433,\"height\":250,\"caption\":\"Patagonia Ambiental\"},\"image\":{\"@id\":\"https:\\\/\\\/patagoniambiental.com.ar\\\/info\\\/#\\\/schema\\\/logo\\\/image\\\/\"},\"sameAs\":[\"https:\\\/\\\/www.facebook.com\\\/patagonia.ambiental\",\"https:\\\/\\\/x.com\\\/PatAmb\"]},{\"@type\":\"Person\",\"@id\":\"https:\\\/\\\/patagoniambiental.com.ar\\\/info\\\/#\\\/schema\\\/person\\\/db12bff64bbcbf6a253710bf0ea37b5d\",\"name\":\"Patagonia Ambiental\",\"description\":\"Andr\u00e9s Nievas T\u00e9cnico en manejo ambiental, consultor Ambiental y escritor para medios locales e internacionales sobre temas de geopolitica y medio ambiente.\",\"sameAs\":[\"http:\\\/\\\/www.patagoniambiental.com.ar\",\"https:\\\/\\\/www.facebook.com\\\/share\\\/1C1V8Gv9BX\\\/?mibextid=qi2Omg\",\"@patagoniambiental\",\"https:\\\/\\\/youtube.com\\\/@patagoniaambiental2023?si=BLt58t0wuXquxlYZ\"]}]}<\/script>\n<!-- \/ Yoast SEO Premium plugin. -->","yoast_head_json":{"title":"\u201cEstos sitios que son de propiedad privada se hacen muy dif\u00edcil poder incluirlos en el Sistema Nacional de Areas Protegidas\u201d","robots":{"index":"index","follow":"follow","max-snippet":"max-snippet:-1","max-image-preview":"max-image-preview:large","max-video-preview":"max-video-preview:-1"},"canonical":"https:\/\/patagoniambiental.com.ar\/info\/estos-sitios-que-son-de-propiedad-privada-se-hacen-muy-dificil-poder-incluirlos-en-el-sistema-nacional-de-areas-protegidas\/","og_locale":"es_ES","og_type":"article","og_title":"\u201cEstos sitios que son de propiedad privada se hacen muy dif\u00edcil poder incluirlos en el Sistema Nacional de Areas Protegidas\u201d","og_description":"Chile.-Actualmente en Chile existen 37 figuras de protecci\u00f3n de \u00e1reas verdes, pero el Estado s\u00f3lo se hace cargo de siete.","og_url":"https:\/\/patagoniambiental.com.ar\/info\/estos-sitios-que-son-de-propiedad-privada-se-hacen-muy-dificil-poder-incluirlos-en-el-sistema-nacional-de-areas-protegidas\/","og_site_name":"Patagonia Ambiental","article_publisher":"https:\/\/www.facebook.com\/patagonia.ambiental","article_author":"https:\/\/www.facebook.com\/share\/1C1V8Gv9BX\/?mibextid=qi2Omg","article_published_time":"2017-09-25T22:00:12+00:00","og_image":[{"width":728,"height":428,"url":"https:\/\/patagoniambiental.com.ar\/info\/wp-content\/uploads\/2017\/09\/fsdfd.jpg","type":"image\/jpeg"}],"author":"Patagonia Ambiental","twitter_card":"summary_large_image","twitter_creator":"@PatAmb","twitter_site":"@PatAmb","schema":{"@context":"https:\/\/schema.org","@graph":[{"@type":"Article","@id":"https:\/\/patagoniambiental.com.ar\/info\/estos-sitios-que-son-de-propiedad-privada-se-hacen-muy-dificil-poder-incluirlos-en-el-sistema-nacional-de-areas-protegidas\/#article","isPartOf":{"@id":"https:\/\/patagoniambiental.com.ar\/info\/estos-sitios-que-son-de-propiedad-privada-se-hacen-muy-dificil-poder-incluirlos-en-el-sistema-nacional-de-areas-protegidas\/"},"author":{"name":"Patagonia Ambiental","@id":"https:\/\/patagoniambiental.com.ar\/info\/#\/schema\/person\/db12bff64bbcbf6a253710bf0ea37b5d"},"headline":"\u201cEstos sitios que son de propiedad privada se hacen muy dif\u00edcil poder incluirlos en el Sistema Nacional de Areas Protegidas\u201d","datePublished":"2017-09-25T22:00:12+00:00","mainEntityOfPage":{"@id":"https:\/\/patagoniambiental.com.ar\/info\/estos-sitios-que-son-de-propiedad-privada-se-hacen-muy-dificil-poder-incluirlos-en-el-sistema-nacional-de-areas-protegidas\/"},"wordCount":1084,"commentCount":0,"publisher":{"@id":"https:\/\/patagoniambiental.com.ar\/info\/#organization"},"image":{"@id":"https:\/\/patagoniambiental.com.ar\/info\/estos-sitios-que-son-de-propiedad-privada-se-hacen-muy-dificil-poder-incluirlos-en-el-sistema-nacional-de-areas-protegidas\/#primaryimage"},"thumbnailUrl":"https:\/\/patagoniambiental.com.ar\/info\/wp-content\/uploads\/2017\/09\/fsdfd.jpg","articleSection":["Internacionales","Noticias"],"inLanguage":"es","potentialAction":[{"@type":"CommentAction","name":"Comment","target":["https:\/\/patagoniambiental.com.ar\/info\/estos-sitios-que-son-de-propiedad-privada-se-hacen-muy-dificil-poder-incluirlos-en-el-sistema-nacional-de-areas-protegidas\/#respond"]}]},{"@type":"WebPage","@id":"https:\/\/patagoniambiental.com.ar\/info\/estos-sitios-que-son-de-propiedad-privada-se-hacen-muy-dificil-poder-incluirlos-en-el-sistema-nacional-de-areas-protegidas\/","url":"https:\/\/patagoniambiental.com.ar\/info\/estos-sitios-que-son-de-propiedad-privada-se-hacen-muy-dificil-poder-incluirlos-en-el-sistema-nacional-de-areas-protegidas\/","name":"\u201cEstos sitios que son de propiedad privada se hacen muy dif\u00edcil poder incluirlos en el Sistema Nacional de Areas Protegidas\u201d","isPartOf":{"@id":"https:\/\/patagoniambiental.com.ar\/info\/#website"},"primaryImageOfPage":{"@id":"https:\/\/patagoniambiental.com.ar\/info\/estos-sitios-que-son-de-propiedad-privada-se-hacen-muy-dificil-poder-incluirlos-en-el-sistema-nacional-de-areas-protegidas\/#primaryimage"},"image":{"@id":"https:\/\/patagoniambiental.com.ar\/info\/estos-sitios-que-son-de-propiedad-privada-se-hacen-muy-dificil-poder-incluirlos-en-el-sistema-nacional-de-areas-protegidas\/#primaryimage"},"thumbnailUrl":"https:\/\/patagoniambiental.com.ar\/info\/wp-content\/uploads\/2017\/09\/fsdfd.jpg","datePublished":"2017-09-25T22:00:12+00:00","breadcrumb":{"@id":"https:\/\/patagoniambiental.com.ar\/info\/estos-sitios-que-son-de-propiedad-privada-se-hacen-muy-dificil-poder-incluirlos-en-el-sistema-nacional-de-areas-protegidas\/#breadcrumb"},"inLanguage":"es","potentialAction":[{"@type":"ReadAction","target":["https:\/\/patagoniambiental.com.ar\/info\/estos-sitios-que-son-de-propiedad-privada-se-hacen-muy-dificil-poder-incluirlos-en-el-sistema-nacional-de-areas-protegidas\/"]}]},{"@type":"ImageObject","inLanguage":"es","@id":"https:\/\/patagoniambiental.com.ar\/info\/estos-sitios-que-son-de-propiedad-privada-se-hacen-muy-dificil-poder-incluirlos-en-el-sistema-nacional-de-areas-protegidas\/#primaryimage","url":"https:\/\/patagoniambiental.com.ar\/info\/wp-content\/uploads\/2017\/09\/fsdfd.jpg","contentUrl":"https:\/\/patagoniambiental.com.ar\/info\/wp-content\/uploads\/2017\/09\/fsdfd.jpg","width":728,"height":428},{"@type":"BreadcrumbList","@id":"https:\/\/patagoniambiental.com.ar\/info\/estos-sitios-que-son-de-propiedad-privada-se-hacen-muy-dificil-poder-incluirlos-en-el-sistema-nacional-de-areas-protegidas\/#breadcrumb","itemListElement":[{"@type":"ListItem","position":1,"name":"Inicio","item":"https:\/\/patagoniambiental.com.ar\/info\/"},{"@type":"ListItem","position":2,"name":"\u201cEstos sitios que son de propiedad privada se hacen muy dif\u00edcil poder incluirlos en el Sistema Nacional de Areas Protegidas\u201d"}]},{"@type":"WebSite","@id":"https:\/\/patagoniambiental.com.ar\/info\/#website","url":"https:\/\/patagoniambiental.com.ar\/info\/","name":"Patagonia Ambiental","description":"Monitoreo y an\u00e1lisis de la situaci\u00f3n geopol\u00edtica en el mundo y su implicancia en la Patagonia","publisher":{"@id":"https:\/\/patagoniambiental.com.ar\/info\/#organization"},"potentialAction":[{"@type":"SearchAction","target":{"@type":"EntryPoint","urlTemplate":"https:\/\/patagoniambiental.com.ar\/info\/?s={search_term_string}"},"query-input":{"@type":"PropertyValueSpecification","valueRequired":true,"valueName":"search_term_string"}}],"inLanguage":"es"},{"@type":"Organization","@id":"https:\/\/patagoniambiental.com.ar\/info\/#organization","name":"Patagonia Ambiental","url":"https:\/\/patagoniambiental.com.ar\/info\/","logo":{"@type":"ImageObject","inLanguage":"es","@id":"https:\/\/patagoniambiental.com.ar\/info\/#\/schema\/logo\/image\/","url":"https:\/\/patagoniambiental.com.ar\/info\/wp-content\/uploads\/2025\/05\/LOGO-PATAGONIA-AMBIENTAL.png","contentUrl":"https:\/\/patagoniambiental.com.ar\/info\/wp-content\/uploads\/2025\/05\/LOGO-PATAGONIA-AMBIENTAL.png","width":433,"height":250,"caption":"Patagonia Ambiental"},"image":{"@id":"https:\/\/patagoniambiental.com.ar\/info\/#\/schema\/logo\/image\/"},"sameAs":["https:\/\/www.facebook.com\/patagonia.ambiental","https:\/\/x.com\/PatAmb"]},{"@type":"Person","@id":"https:\/\/patagoniambiental.com.ar\/info\/#\/schema\/person\/db12bff64bbcbf6a253710bf0ea37b5d","name":"Patagonia Ambiental","description":"Andr\u00e9s Nievas T\u00e9cnico en manejo ambiental, consultor Ambiental y escritor para medios locales e internacionales sobre temas de geopolitica y medio ambiente.","sameAs":["http:\/\/www.patagoniambiental.com.ar","https:\/\/www.facebook.com\/share\/1C1V8Gv9BX\/?mibextid=qi2Omg","@patagoniambiental","https:\/\/youtube.com\/@patagoniaambiental2023?si=BLt58t0wuXquxlYZ"]}]}},"_links":{"self":[{"href":"https:\/\/patagoniambiental.com.ar\/info\/wp-json\/wp\/v2\/posts\/35382","targetHints":{"allow":["GET"]}}],"collection":[{"href":"https:\/\/patagoniambiental.com.ar\/info\/wp-json\/wp\/v2\/posts"}],"about":[{"href":"https:\/\/patagoniambiental.com.ar\/info\/wp-json\/wp\/v2\/types\/post"}],"author":[{"embeddable":true,"href":"https:\/\/patagoniambiental.com.ar\/info\/wp-json\/wp\/v2\/users\/2"}],"replies":[{"embeddable":true,"href":"https:\/\/patagoniambiental.com.ar\/info\/wp-json\/wp\/v2\/comments?post=35382"}],"version-history":[{"count":0,"href":"https:\/\/patagoniambiental.com.ar\/info\/wp-json\/wp\/v2\/posts\/35382\/revisions"}],"wp:featuredmedia":[{"embeddable":true,"href":"https:\/\/patagoniambiental.com.ar\/info\/wp-json\/wp\/v2\/media\/35383"}],"wp:attachment":[{"href":"https:\/\/patagoniambiental.com.ar\/info\/wp-json\/wp\/v2\/media?parent=35382"}],"wp:term":[{"taxonomy":"category","embeddable":true,"href":"https:\/\/patagoniambiental.com.ar\/info\/wp-json\/wp\/v2\/categories?post=35382"},{"taxonomy":"post_tag","embeddable":true,"href":"https:\/\/patagoniambiental.com.ar\/info\/wp-json\/wp\/v2\/tags?post=35382"}],"curies":[{"name":"wp","href":"https:\/\/api.w.org\/{rel}","templated":true}]}}