{"id":35385,"date":"2017-09-25T19:00:58","date_gmt":"2017-09-25T22:00:58","guid":{"rendered":"http:\/\/patagoniambiental.com.ar\/info\/?p=35385"},"modified":"2017-09-25T11:39:18","modified_gmt":"2017-09-25T14:39:18","slug":"para-proteger-las-poblaciones-de-peces-con-el-desove-de-truchas-arcoiris-se-pone-en-marcha-el-programa-de-repoblamiento-de-rios-y-lagos","status":"publish","type":"post","link":"https:\/\/patagoniambiental.com.ar\/info\/para-proteger-las-poblaciones-de-peces-con-el-desove-de-truchas-arcoiris-se-pone-en-marcha-el-programa-de-repoblamiento-de-rios-y-lagos\/","title":{"rendered":"Para proteger las poblaciones de peces  Con el desove de truchas Arcoiris se pone en marcha el programa de repoblamiento de r\u00edos y lagos"},"content":{"rendered":"<p class=\"x_MsoNormal\"><i>San Carlos de Bariloche.-Como todos los a\u00f1os, en la Trampa de Salm\u00f3nidos de Arroyo \u00d1ireco, ubicada en Bariloche, se realiz\u00f3 un desove de truchas Arcoiris capturadas para tal fin. <\/i><!--more--><\/p>\n<p>&nbsp;<\/p>\n<p class=\"x_MsoNormal\"><i>Estas ovas ahora ser\u00e1n incubadas en la piscicultura de Piedra del \u00c1guila, propiedad del Gobierno Provincial, para luego ser liberadas en r\u00edos y lagos.<\/i><\/p>\n<p class=\"x_MsoNormal\">\n<p class=\"x_MsoNormal\">En esta oportunidad, se obtuvieron 120.000 ovas de trucha que permanecer\u00e1n aproximadamente 30 d\u00edas,\u00a0\u00a0hasta su eclosi\u00f3n, incub\u00e1ndose en piletones. Una vez que se transforman en alevinos (pez reci\u00e9n salido del huevo), se los cuida hasta que absorben el saco vitelino que posee cada uno y del cual se alimentan los primeros 25 d\u00edas.<\/p>\n<p class=\"x_MsoNormal\">Cuando ya no se observa el saco es cuando pasan de alevinos a juveniles y se los puede liberar o sembrar, en distintos lugares \u00f3ptimos, para que sigan viviendo solos.<\/p>\n<p class=\"x_MsoNormal\">La trucha Arcoiris es la especie introducida entre 1904 y 1905 por el Perito Moreno,\u00a0\u00a0y es altamente valorada por la pesca deportiva.<\/p>\n<p class=\"x_MsoNormal\">El programa de repoblamiento de los r\u00edos y lagos provinciales, es llevado adelante por la Subsecretar\u00eda de Pesca del Ministerio de Agricultura, Ganader\u00eda y Pesca (MAGyP), y promueve siembras en cada temporada, en busca de proteger las poblaciones de peces.<\/p>\n<p class=\"x_MsoNormal\">R\u00edo Negro trabaja desde hace a\u00f1os en la tem\u00e1tica de repoblamiento. Cada temporada se siembran en distintos lugares unos 2.000.000 de truchas Arcoiris, 4.000.000 de percas y otros 3.000.000 de pejerrey.<\/p>\n<p><b><span lang=\"ES-AR\">Fuente: GOBIERNO DE R\u00cdO NEGRO<\/span><\/b><\/p>\n","protected":false},"excerpt":{"rendered":"<p>San Carlos de Bariloche.-Como todos los a\u00f1os, en la Trampa de Salm\u00f3nidos de Arroyo \u00d1ireco, ubicada en Bariloche, se realiz\u00f3 [&hellip;]<\/p>\n","protected":false},"author":2,"featured_media":35386,"comment_status":"open","ping_status":"open","sticky":false,"template":"","format":"standard","meta":{"site-sidebar-layout":"default","site-content-layout":"","ast-site-content-layout":"default","site-content-style":"default","site-sidebar-style":"default","ast-global-header-display":"","ast-banner-title-visibility":"","ast-main-header-display":"","ast-hfb-above-header-display":"","ast-hfb-below-header-display":"","ast-hfb-mobile-header-display":"","site-post-title":"","ast-breadcrumbs-content":"","ast-featured-img":"","footer-sml-layout":"","ast-disable-related-posts":"","theme-transparent-header-meta":"","adv-header-id-meta":"","stick-header-meta":"","header-above-stick-meta":"","header-main-stick-meta":"","header-below-stick-meta":"","astra-migrate-meta-layouts":"default","ast-page-background-enabled":"default","ast-page-background-meta":{"desktop":{"background-color":"var(--ast-global-color-5)","background-image":"","background-repeat":"repeat","background-position":"center center","background-size":"auto","background-attachment":"scroll","background-type":"","background-media":"","overlay-type":"","overlay-color":"","overlay-opacity":"","overlay-gradient":""},"tablet":{"background-color":"","background-image":"","background-repeat":"repeat","background-position":"center center","background-size":"auto","background-attachment":"scroll","background-type":"","background-media":"","overlay-type":"","overlay-color":"","overlay-opacity":"","overlay-gradient":""},"mobile":{"background-color":"","background-image":"","background-repeat":"repeat","background-position":"center center","background-size":"auto","background-attachment":"scroll","background-type":"","background-media":"","overlay-type":"","overlay-color":"","overlay-opacity":"","overlay-gradient":""}},"ast-content-background-meta":{"desktop":{"background-color":"var(--ast-global-color-4)","background-image":"","background-repeat":"repeat","background-position":"center center","background-size":"auto","background-attachment":"scroll","background-type":"","background-media":"","overlay-type":"","overlay-color":"","overlay-opacity":"","overlay-gradient":""},"tablet":{"background-color":"var(--ast-global-color-4)","background-image":"","background-repeat":"repeat","background-position":"center center","background-size":"auto","background-attachment":"scroll","background-type":"","background-media":"","overlay-type":"","overlay-color":"","overlay-opacity":"","overlay-gradient":""},"mobile":{"background-color":"var(--ast-global-color-4)","background-image":"","background-repeat":"repeat","background-position":"center center","background-size":"auto","background-attachment":"scroll","background-type":"","background-media":"","overlay-type":"","overlay-color":"","overlay-opacity":"","overlay-gradient":""}},"footnotes":""},"categories":[1,13,14],"tags":[],"class_list":["post-35385","post","type-post","status-publish","format-standard","has-post-thumbnail","hentry","category-noticias","category-provinciales","category-rio-negro"],"yoast_head":"<!-- This site is optimized with the Yoast SEO Premium plugin v23.0 (Yoast SEO v27.5) - https:\/\/yoast.com\/product\/yoast-seo-premium-wordpress\/ -->\n<title>Para proteger las poblaciones de peces Con el desove de truchas Arcoiris se pone en marcha el programa de repoblamiento de r\u00edos y lagos<\/title>\n<meta name=\"robots\" content=\"index, follow, max-snippet:-1, max-image-preview:large, max-video-preview:-1\" \/>\n<link rel=\"canonical\" href=\"https:\/\/patagoniambiental.com.ar\/info\/para-proteger-las-poblaciones-de-peces-con-el-desove-de-truchas-arcoiris-se-pone-en-marcha-el-programa-de-repoblamiento-de-rios-y-lagos\/\" \/>\n<meta property=\"og:locale\" content=\"es_ES\" \/>\n<meta property=\"og:type\" content=\"article\" \/>\n<meta property=\"og:title\" content=\"Para proteger las poblaciones de peces Con el desove de truchas Arcoiris se pone en marcha el programa de repoblamiento de r\u00edos y lagos\" \/>\n<meta property=\"og:description\" content=\"San Carlos de Bariloche.-Como todos los a\u00f1os, en la Trampa de Salm\u00f3nidos de Arroyo \u00d1ireco, ubicada en Bariloche, se realiz\u00f3 [&hellip;]\" \/>\n<meta property=\"og:url\" content=\"https:\/\/patagoniambiental.com.ar\/info\/para-proteger-las-poblaciones-de-peces-con-el-desove-de-truchas-arcoiris-se-pone-en-marcha-el-programa-de-repoblamiento-de-rios-y-lagos\/\" \/>\n<meta property=\"og:site_name\" content=\"Patagonia Ambiental\" \/>\n<meta property=\"article:publisher\" content=\"https:\/\/www.facebook.com\/patagonia.ambiental\" \/>\n<meta property=\"article:author\" content=\"https:\/\/www.facebook.com\/share\/1C1V8Gv9BX\/?mibextid=qi2Omg\" \/>\n<meta property=\"article:published_time\" content=\"2017-09-25T22:00:58+00:00\" \/>\n<meta property=\"og:image\" content=\"https:\/\/patagoniambiental.com.ar\/info\/wp-content\/uploads\/2017\/09\/00030668.jpg\" \/>\n\t<meta property=\"og:image:width\" content=\"924\" \/>\n\t<meta property=\"og:image:height\" content=\"616\" \/>\n\t<meta property=\"og:image:type\" content=\"image\/jpeg\" \/>\n<meta name=\"author\" content=\"Patagonia Ambiental\" \/>\n<meta name=\"twitter:card\" content=\"summary_large_image\" \/>\n<meta name=\"twitter:creator\" content=\"@PatAmb\" \/>\n<meta name=\"twitter:site\" content=\"@PatAmb\" \/>\n<script type=\"application\/ld+json\" class=\"yoast-schema-graph\">{\"@context\":\"https:\\\/\\\/schema.org\",\"@graph\":[{\"@type\":\"Article\",\"@id\":\"https:\\\/\\\/patagoniambiental.com.ar\\\/info\\\/para-proteger-las-poblaciones-de-peces-con-el-desove-de-truchas-arcoiris-se-pone-en-marcha-el-programa-de-repoblamiento-de-rios-y-lagos\\\/#article\",\"isPartOf\":{\"@id\":\"https:\\\/\\\/patagoniambiental.com.ar\\\/info\\\/para-proteger-las-poblaciones-de-peces-con-el-desove-de-truchas-arcoiris-se-pone-en-marcha-el-programa-de-repoblamiento-de-rios-y-lagos\\\/\"},\"author\":{\"name\":\"Patagonia Ambiental\",\"@id\":\"https:\\\/\\\/patagoniambiental.com.ar\\\/info\\\/#\\\/schema\\\/person\\\/db12bff64bbcbf6a253710bf0ea37b5d\"},\"headline\":\"Para proteger las poblaciones de peces Con el desove de truchas Arcoiris se pone en marcha el programa de repoblamiento de r\u00edos y lagos\",\"datePublished\":\"2017-09-25T22:00:58+00:00\",\"mainEntityOfPage\":{\"@id\":\"https:\\\/\\\/patagoniambiental.com.ar\\\/info\\\/para-proteger-las-poblaciones-de-peces-con-el-desove-de-truchas-arcoiris-se-pone-en-marcha-el-programa-de-repoblamiento-de-rios-y-lagos\\\/\"},\"wordCount\":272,\"commentCount\":0,\"publisher\":{\"@id\":\"https:\\\/\\\/patagoniambiental.com.ar\\\/info\\\/#organization\"},\"image\":{\"@id\":\"https:\\\/\\\/patagoniambiental.com.ar\\\/info\\\/para-proteger-las-poblaciones-de-peces-con-el-desove-de-truchas-arcoiris-se-pone-en-marcha-el-programa-de-repoblamiento-de-rios-y-lagos\\\/#primaryimage\"},\"thumbnailUrl\":\"https:\\\/\\\/patagoniambiental.com.ar\\\/info\\\/wp-content\\\/uploads\\\/2017\\\/09\\\/00030668.jpg\",\"articleSection\":[\"Noticias\",\"Provinciales\",\"R\u00edo Negro\"],\"inLanguage\":\"es\",\"potentialAction\":[{\"@type\":\"CommentAction\",\"name\":\"Comment\",\"target\":[\"https:\\\/\\\/patagoniambiental.com.ar\\\/info\\\/para-proteger-las-poblaciones-de-peces-con-el-desove-de-truchas-arcoiris-se-pone-en-marcha-el-programa-de-repoblamiento-de-rios-y-lagos\\\/#respond\"]}]},{\"@type\":\"WebPage\",\"@id\":\"https:\\\/\\\/patagoniambiental.com.ar\\\/info\\\/para-proteger-las-poblaciones-de-peces-con-el-desove-de-truchas-arcoiris-se-pone-en-marcha-el-programa-de-repoblamiento-de-rios-y-lagos\\\/\",\"url\":\"https:\\\/\\\/patagoniambiental.com.ar\\\/info\\\/para-proteger-las-poblaciones-de-peces-con-el-desove-de-truchas-arcoiris-se-pone-en-marcha-el-programa-de-repoblamiento-de-rios-y-lagos\\\/\",\"name\":\"Para proteger las poblaciones de peces Con el desove de truchas Arcoiris se pone en marcha el programa de repoblamiento de r\u00edos y lagos\",\"isPartOf\":{\"@id\":\"https:\\\/\\\/patagoniambiental.com.ar\\\/info\\\/#website\"},\"primaryImageOfPage\":{\"@id\":\"https:\\\/\\\/patagoniambiental.com.ar\\\/info\\\/para-proteger-las-poblaciones-de-peces-con-el-desove-de-truchas-arcoiris-se-pone-en-marcha-el-programa-de-repoblamiento-de-rios-y-lagos\\\/#primaryimage\"},\"image\":{\"@id\":\"https:\\\/\\\/patagoniambiental.com.ar\\\/info\\\/para-proteger-las-poblaciones-de-peces-con-el-desove-de-truchas-arcoiris-se-pone-en-marcha-el-programa-de-repoblamiento-de-rios-y-lagos\\\/#primaryimage\"},\"thumbnailUrl\":\"https:\\\/\\\/patagoniambiental.com.ar\\\/info\\\/wp-content\\\/uploads\\\/2017\\\/09\\\/00030668.jpg\",\"datePublished\":\"2017-09-25T22:00:58+00:00\",\"breadcrumb\":{\"@id\":\"https:\\\/\\\/patagoniambiental.com.ar\\\/info\\\/para-proteger-las-poblaciones-de-peces-con-el-desove-de-truchas-arcoiris-se-pone-en-marcha-el-programa-de-repoblamiento-de-rios-y-lagos\\\/#breadcrumb\"},\"inLanguage\":\"es\",\"potentialAction\":[{\"@type\":\"ReadAction\",\"target\":[\"https:\\\/\\\/patagoniambiental.com.ar\\\/info\\\/para-proteger-las-poblaciones-de-peces-con-el-desove-de-truchas-arcoiris-se-pone-en-marcha-el-programa-de-repoblamiento-de-rios-y-lagos\\\/\"]}]},{\"@type\":\"ImageObject\",\"inLanguage\":\"es\",\"@id\":\"https:\\\/\\\/patagoniambiental.com.ar\\\/info\\\/para-proteger-las-poblaciones-de-peces-con-el-desove-de-truchas-arcoiris-se-pone-en-marcha-el-programa-de-repoblamiento-de-rios-y-lagos\\\/#primaryimage\",\"url\":\"https:\\\/\\\/patagoniambiental.com.ar\\\/info\\\/wp-content\\\/uploads\\\/2017\\\/09\\\/00030668.jpg\",\"contentUrl\":\"https:\\\/\\\/patagoniambiental.com.ar\\\/info\\\/wp-content\\\/uploads\\\/2017\\\/09\\\/00030668.jpg\",\"width\":900,\"height\":600},{\"@type\":\"BreadcrumbList\",\"@id\":\"https:\\\/\\\/patagoniambiental.com.ar\\\/info\\\/para-proteger-las-poblaciones-de-peces-con-el-desove-de-truchas-arcoiris-se-pone-en-marcha-el-programa-de-repoblamiento-de-rios-y-lagos\\\/#breadcrumb\",\"itemListElement\":[{\"@type\":\"ListItem\",\"position\":1,\"name\":\"Inicio\",\"item\":\"https:\\\/\\\/patagoniambiental.com.ar\\\/info\\\/\"},{\"@type\":\"ListItem\",\"position\":2,\"name\":\"Para proteger las poblaciones de peces Con el desove de truchas Arcoiris se pone en marcha el programa de repoblamiento de r\u00edos y lagos\"}]},{\"@type\":\"WebSite\",\"@id\":\"https:\\\/\\\/patagoniambiental.com.ar\\\/info\\\/#website\",\"url\":\"https:\\\/\\\/patagoniambiental.com.ar\\\/info\\\/\",\"name\":\"Patagonia Ambiental\",\"description\":\"Monitoreo y an\u00e1lisis de la situaci\u00f3n geopol\u00edtica en el mundo y su implicancia en la Patagonia\",\"publisher\":{\"@id\":\"https:\\\/\\\/patagoniambiental.com.ar\\\/info\\\/#organization\"},\"potentialAction\":[{\"@type\":\"SearchAction\",\"target\":{\"@type\":\"EntryPoint\",\"urlTemplate\":\"https:\\\/\\\/patagoniambiental.com.ar\\\/info\\\/?s={search_term_string}\"},\"query-input\":{\"@type\":\"PropertyValueSpecification\",\"valueRequired\":true,\"valueName\":\"search_term_string\"}}],\"inLanguage\":\"es\"},{\"@type\":\"Organization\",\"@id\":\"https:\\\/\\\/patagoniambiental.com.ar\\\/info\\\/#organization\",\"name\":\"Patagonia Ambiental\",\"url\":\"https:\\\/\\\/patagoniambiental.com.ar\\\/info\\\/\",\"logo\":{\"@type\":\"ImageObject\",\"inLanguage\":\"es\",\"@id\":\"https:\\\/\\\/patagoniambiental.com.ar\\\/info\\\/#\\\/schema\\\/logo\\\/image\\\/\",\"url\":\"https:\\\/\\\/patagoniambiental.com.ar\\\/info\\\/wp-content\\\/uploads\\\/2025\\\/05\\\/LOGO-PATAGONIA-AMBIENTAL.png\",\"contentUrl\":\"https:\\\/\\\/patagoniambiental.com.ar\\\/info\\\/wp-content\\\/uploads\\\/2025\\\/05\\\/LOGO-PATAGONIA-AMBIENTAL.png\",\"width\":433,\"height\":250,\"caption\":\"Patagonia Ambiental\"},\"image\":{\"@id\":\"https:\\\/\\\/patagoniambiental.com.ar\\\/info\\\/#\\\/schema\\\/logo\\\/image\\\/\"},\"sameAs\":[\"https:\\\/\\\/www.facebook.com\\\/patagonia.ambiental\",\"https:\\\/\\\/x.com\\\/PatAmb\"]},{\"@type\":\"Person\",\"@id\":\"https:\\\/\\\/patagoniambiental.com.ar\\\/info\\\/#\\\/schema\\\/person\\\/db12bff64bbcbf6a253710bf0ea37b5d\",\"name\":\"Patagonia Ambiental\",\"description\":\"Andr\u00e9s Nievas T\u00e9cnico en manejo ambiental, consultor Ambiental y escritor para medios locales e internacionales sobre temas de geopolitica y medio ambiente.\",\"sameAs\":[\"http:\\\/\\\/www.patagoniambiental.com.ar\",\"https:\\\/\\\/www.facebook.com\\\/share\\\/1C1V8Gv9BX\\\/?mibextid=qi2Omg\",\"@patagoniambiental\",\"https:\\\/\\\/youtube.com\\\/@patagoniaambiental2023?si=BLt58t0wuXquxlYZ\"]}]}<\/script>\n<!-- \/ Yoast SEO Premium plugin. -->","yoast_head_json":{"title":"Para proteger las poblaciones de peces Con el desove de truchas Arcoiris se pone en marcha el programa de repoblamiento de r\u00edos y lagos","robots":{"index":"index","follow":"follow","max-snippet":"max-snippet:-1","max-image-preview":"max-image-preview:large","max-video-preview":"max-video-preview:-1"},"canonical":"https:\/\/patagoniambiental.com.ar\/info\/para-proteger-las-poblaciones-de-peces-con-el-desove-de-truchas-arcoiris-se-pone-en-marcha-el-programa-de-repoblamiento-de-rios-y-lagos\/","og_locale":"es_ES","og_type":"article","og_title":"Para proteger las poblaciones de peces Con el desove de truchas Arcoiris se pone en marcha el programa de repoblamiento de r\u00edos y lagos","og_description":"San Carlos de Bariloche.-Como todos los a\u00f1os, en la Trampa de Salm\u00f3nidos de Arroyo \u00d1ireco, ubicada en Bariloche, se realiz\u00f3 [&hellip;]","og_url":"https:\/\/patagoniambiental.com.ar\/info\/para-proteger-las-poblaciones-de-peces-con-el-desove-de-truchas-arcoiris-se-pone-en-marcha-el-programa-de-repoblamiento-de-rios-y-lagos\/","og_site_name":"Patagonia Ambiental","article_publisher":"https:\/\/www.facebook.com\/patagonia.ambiental","article_author":"https:\/\/www.facebook.com\/share\/1C1V8Gv9BX\/?mibextid=qi2Omg","article_published_time":"2017-09-25T22:00:58+00:00","og_image":[{"width":924,"height":616,"url":"https:\/\/patagoniambiental.com.ar\/info\/wp-content\/uploads\/2017\/09\/00030668.jpg","type":"image\/jpeg"}],"author":"Patagonia Ambiental","twitter_card":"summary_large_image","twitter_creator":"@PatAmb","twitter_site":"@PatAmb","schema":{"@context":"https:\/\/schema.org","@graph":[{"@type":"Article","@id":"https:\/\/patagoniambiental.com.ar\/info\/para-proteger-las-poblaciones-de-peces-con-el-desove-de-truchas-arcoiris-se-pone-en-marcha-el-programa-de-repoblamiento-de-rios-y-lagos\/#article","isPartOf":{"@id":"https:\/\/patagoniambiental.com.ar\/info\/para-proteger-las-poblaciones-de-peces-con-el-desove-de-truchas-arcoiris-se-pone-en-marcha-el-programa-de-repoblamiento-de-rios-y-lagos\/"},"author":{"name":"Patagonia Ambiental","@id":"https:\/\/patagoniambiental.com.ar\/info\/#\/schema\/person\/db12bff64bbcbf6a253710bf0ea37b5d"},"headline":"Para proteger las poblaciones de peces Con el desove de truchas Arcoiris se pone en marcha el programa de repoblamiento de r\u00edos y lagos","datePublished":"2017-09-25T22:00:58+00:00","mainEntityOfPage":{"@id":"https:\/\/patagoniambiental.com.ar\/info\/para-proteger-las-poblaciones-de-peces-con-el-desove-de-truchas-arcoiris-se-pone-en-marcha-el-programa-de-repoblamiento-de-rios-y-lagos\/"},"wordCount":272,"commentCount":0,"publisher":{"@id":"https:\/\/patagoniambiental.com.ar\/info\/#organization"},"image":{"@id":"https:\/\/patagoniambiental.com.ar\/info\/para-proteger-las-poblaciones-de-peces-con-el-desove-de-truchas-arcoiris-se-pone-en-marcha-el-programa-de-repoblamiento-de-rios-y-lagos\/#primaryimage"},"thumbnailUrl":"https:\/\/patagoniambiental.com.ar\/info\/wp-content\/uploads\/2017\/09\/00030668.jpg","articleSection":["Noticias","Provinciales","R\u00edo Negro"],"inLanguage":"es","potentialAction":[{"@type":"CommentAction","name":"Comment","target":["https:\/\/patagoniambiental.com.ar\/info\/para-proteger-las-poblaciones-de-peces-con-el-desove-de-truchas-arcoiris-se-pone-en-marcha-el-programa-de-repoblamiento-de-rios-y-lagos\/#respond"]}]},{"@type":"WebPage","@id":"https:\/\/patagoniambiental.com.ar\/info\/para-proteger-las-poblaciones-de-peces-con-el-desove-de-truchas-arcoiris-se-pone-en-marcha-el-programa-de-repoblamiento-de-rios-y-lagos\/","url":"https:\/\/patagoniambiental.com.ar\/info\/para-proteger-las-poblaciones-de-peces-con-el-desove-de-truchas-arcoiris-se-pone-en-marcha-el-programa-de-repoblamiento-de-rios-y-lagos\/","name":"Para proteger las poblaciones de peces Con el desove de truchas Arcoiris se pone en marcha el programa de repoblamiento de r\u00edos y lagos","isPartOf":{"@id":"https:\/\/patagoniambiental.com.ar\/info\/#website"},"primaryImageOfPage":{"@id":"https:\/\/patagoniambiental.com.ar\/info\/para-proteger-las-poblaciones-de-peces-con-el-desove-de-truchas-arcoiris-se-pone-en-marcha-el-programa-de-repoblamiento-de-rios-y-lagos\/#primaryimage"},"image":{"@id":"https:\/\/patagoniambiental.com.ar\/info\/para-proteger-las-poblaciones-de-peces-con-el-desove-de-truchas-arcoiris-se-pone-en-marcha-el-programa-de-repoblamiento-de-rios-y-lagos\/#primaryimage"},"thumbnailUrl":"https:\/\/patagoniambiental.com.ar\/info\/wp-content\/uploads\/2017\/09\/00030668.jpg","datePublished":"2017-09-25T22:00:58+00:00","breadcrumb":{"@id":"https:\/\/patagoniambiental.com.ar\/info\/para-proteger-las-poblaciones-de-peces-con-el-desove-de-truchas-arcoiris-se-pone-en-marcha-el-programa-de-repoblamiento-de-rios-y-lagos\/#breadcrumb"},"inLanguage":"es","potentialAction":[{"@type":"ReadAction","target":["https:\/\/patagoniambiental.com.ar\/info\/para-proteger-las-poblaciones-de-peces-con-el-desove-de-truchas-arcoiris-se-pone-en-marcha-el-programa-de-repoblamiento-de-rios-y-lagos\/"]}]},{"@type":"ImageObject","inLanguage":"es","@id":"https:\/\/patagoniambiental.com.ar\/info\/para-proteger-las-poblaciones-de-peces-con-el-desove-de-truchas-arcoiris-se-pone-en-marcha-el-programa-de-repoblamiento-de-rios-y-lagos\/#primaryimage","url":"https:\/\/patagoniambiental.com.ar\/info\/wp-content\/uploads\/2017\/09\/00030668.jpg","contentUrl":"https:\/\/patagoniambiental.com.ar\/info\/wp-content\/uploads\/2017\/09\/00030668.jpg","width":900,"height":600},{"@type":"BreadcrumbList","@id":"https:\/\/patagoniambiental.com.ar\/info\/para-proteger-las-poblaciones-de-peces-con-el-desove-de-truchas-arcoiris-se-pone-en-marcha-el-programa-de-repoblamiento-de-rios-y-lagos\/#breadcrumb","itemListElement":[{"@type":"ListItem","position":1,"name":"Inicio","item":"https:\/\/patagoniambiental.com.ar\/info\/"},{"@type":"ListItem","position":2,"name":"Para proteger las poblaciones de peces Con el desove de truchas Arcoiris se pone en marcha el programa de repoblamiento de r\u00edos y lagos"}]},{"@type":"WebSite","@id":"https:\/\/patagoniambiental.com.ar\/info\/#website","url":"https:\/\/patagoniambiental.com.ar\/info\/","name":"Patagonia Ambiental","description":"Monitoreo y an\u00e1lisis de la situaci\u00f3n geopol\u00edtica en el mundo y su implicancia en la Patagonia","publisher":{"@id":"https:\/\/patagoniambiental.com.ar\/info\/#organization"},"potentialAction":[{"@type":"SearchAction","target":{"@type":"EntryPoint","urlTemplate":"https:\/\/patagoniambiental.com.ar\/info\/?s={search_term_string}"},"query-input":{"@type":"PropertyValueSpecification","valueRequired":true,"valueName":"search_term_string"}}],"inLanguage":"es"},{"@type":"Organization","@id":"https:\/\/patagoniambiental.com.ar\/info\/#organization","name":"Patagonia Ambiental","url":"https:\/\/patagoniambiental.com.ar\/info\/","logo":{"@type":"ImageObject","inLanguage":"es","@id":"https:\/\/patagoniambiental.com.ar\/info\/#\/schema\/logo\/image\/","url":"https:\/\/patagoniambiental.com.ar\/info\/wp-content\/uploads\/2025\/05\/LOGO-PATAGONIA-AMBIENTAL.png","contentUrl":"https:\/\/patagoniambiental.com.ar\/info\/wp-content\/uploads\/2025\/05\/LOGO-PATAGONIA-AMBIENTAL.png","width":433,"height":250,"caption":"Patagonia Ambiental"},"image":{"@id":"https:\/\/patagoniambiental.com.ar\/info\/#\/schema\/logo\/image\/"},"sameAs":["https:\/\/www.facebook.com\/patagonia.ambiental","https:\/\/x.com\/PatAmb"]},{"@type":"Person","@id":"https:\/\/patagoniambiental.com.ar\/info\/#\/schema\/person\/db12bff64bbcbf6a253710bf0ea37b5d","name":"Patagonia Ambiental","description":"Andr\u00e9s Nievas T\u00e9cnico en manejo ambiental, consultor Ambiental y escritor para medios locales e internacionales sobre temas de geopolitica y medio ambiente.","sameAs":["http:\/\/www.patagoniambiental.com.ar","https:\/\/www.facebook.com\/share\/1C1V8Gv9BX\/?mibextid=qi2Omg","@patagoniambiental","https:\/\/youtube.com\/@patagoniaambiental2023?si=BLt58t0wuXquxlYZ"]}]}},"_links":{"self":[{"href":"https:\/\/patagoniambiental.com.ar\/info\/wp-json\/wp\/v2\/posts\/35385","targetHints":{"allow":["GET"]}}],"collection":[{"href":"https:\/\/patagoniambiental.com.ar\/info\/wp-json\/wp\/v2\/posts"}],"about":[{"href":"https:\/\/patagoniambiental.com.ar\/info\/wp-json\/wp\/v2\/types\/post"}],"author":[{"embeddable":true,"href":"https:\/\/patagoniambiental.com.ar\/info\/wp-json\/wp\/v2\/users\/2"}],"replies":[{"embeddable":true,"href":"https:\/\/patagoniambiental.com.ar\/info\/wp-json\/wp\/v2\/comments?post=35385"}],"version-history":[{"count":0,"href":"https:\/\/patagoniambiental.com.ar\/info\/wp-json\/wp\/v2\/posts\/35385\/revisions"}],"wp:featuredmedia":[{"embeddable":true,"href":"https:\/\/patagoniambiental.com.ar\/info\/wp-json\/wp\/v2\/media\/35386"}],"wp:attachment":[{"href":"https:\/\/patagoniambiental.com.ar\/info\/wp-json\/wp\/v2\/media?parent=35385"}],"wp:term":[{"taxonomy":"category","embeddable":true,"href":"https:\/\/patagoniambiental.com.ar\/info\/wp-json\/wp\/v2\/categories?post=35385"},{"taxonomy":"post_tag","embeddable":true,"href":"https:\/\/patagoniambiental.com.ar\/info\/wp-json\/wp\/v2\/tags?post=35385"}],"curies":[{"name":"wp","href":"https:\/\/api.w.org\/{rel}","templated":true}]}}